{"id":9915,"date":"2013-03-30T21:15:28","date_gmt":"2013-03-30T20:15:28","guid":{"rendered":"https:\/\/uruloki.org\/felipeblog\/?p=9915"},"modified":"2013-03-30T21:24:14","modified_gmt":"2013-03-30T20:24:14","slug":"guillermo-del-toro-hace-acto-de-presencia-en-la-wondercon-2013-y-habla-sobre-pacific-rim-y-justice-league-dark","status":"publish","type":"post","link":"https:\/\/www.uruloki.org\/felipeblog\/cine-de-ciencia-ficcion\/guillermo-del-toro-hace-acto-de-presencia-en-la-wondercon-2013-y-habla-sobre-pacific-rim-y-justice-league-dark","title":{"rendered":"Guillermo del Toro hace acto de presencia en la WonderCon 2013 y habla sobre Pacific Rim y Justice League Dark&#8230;"},"content":{"rendered":"<p>Pues si, esta tarde en la <strong>WonderCon<\/strong> de Anaheim, California, ha estado el bueno de <strong>Guillermo del Toro<\/strong> en el panel de <strong>Legendary Pictures<\/strong> \/ <strong>Warner Bros.<\/strong> para presentar <strong>Pacific Rim<\/strong> (2013) ante un p&uacute;blico entregado y enfervorizado. Se ha pasado un nuevo trailer, exclusivo para la feria, y los asistentes se han cagado dos veces en los pantalones. Aqu&iacute; los detalles:<\/p>\n<ul>\n<li>Sobre lo visto todo el mundo lo flipa y destaca un momento en particular&#8230; un <em>jaeger<\/em> usa un barco como bate de b&eacute;isbol para zurrarle a un <em>kaiju<\/em>. <\/li>\n<li>En otra secuencia otro <em>jaeger<\/em> aplasta la cabeza de un <em>kaiju<\/em> con su pie.<\/li>\n<li>Se advierte que veremos un primer momento donde los humanos dominan, pero que los <em>kaiju<\/em> volver&aacute;n a la carga de forma mucho m&aacute;s violenta.<\/li>\n<li>Se muestra tambi&eacute;n un poco m&aacute;s de la conexi&oacute;n entre humanos y <em>jaegers<\/em>, el proceso de vinculaci&oacute;n de la m&aacute;quina con la mente del piloto. Todos los <em>jaegers<\/em> est&aacute;n pilotados por 2 personas salvo el chino que cuenta con 3 tripulantes.<\/li>\n<li>El director mexicano a&ntilde;ade que veremos 12 criaturas <em>kaiju<\/em> y 9 robots  en acci&oacute;n en la pel&iacute;cula. El proceso de elecci&oacute;n fue como el de &quot;American Idol&quot;&#8230;<\/li>\n<li>Para justificar el no uso de <em>mocap<\/em> en la creaci&oacute;n de los movimientos de los <em>jaeger<\/em>  <strong>Del Toro<\/strong> coment&oacute; que &quot;<em>el peso hace que las cosas se muevan de forma diferente como mi mujer te podr&aacute; confirmar<\/em>&quot;.<\/li>\n<li>Asegura que <strong>Legendary Pictures<\/strong> y <strong>Warner Bros.<\/strong> le han dado completa libertad sobre el proyecto y que ha hecho lo que verdaderamente quer&iacute;a hacer.<\/li>\n<li>Tendremos precuela comiquera, <strong>&quot;Pacific Rim Tales From Year Zero&quot;<\/strong>, aqu&iacute; ten&eacute;is <a href=\"https:\/\/uruloki.org\/felipeblog\/images2013-1\/20130330-pacificrim-comic.jpg\" target=\"_blank\" onclick=\"return false;\" rel=\"shadowbox\">un vistazo a la portada del c&oacute;mic<\/a>, <a href=\"http:\/\/www.comingsoon.net\/news\/wonderconnews.php?id=102168\" target=\"_blank\">gracias a ComingSoon.net<\/a>, que habr&aacute; que comprar sea como sea! Escrita por <strong>Travis Beacham<\/strong> se centrar&aacute; en el origen de los <em>jaeger<\/em>, la primera invasi&oacute;n <em>kaiju<\/em>, etc.<\/li>\n<\/ul>\n<p>Pero eso no es todo, momento de hablar <strong>de Justice League Dark<\/strong> (&iquest;?)!<\/p>\n<ul>\n<li><strong>Guillermo Del Toro<\/strong> ha aprovechado para confirmar que el gui&oacute;n de <strong>Justice League Dark<\/strong> tendr&aacute; a <strong>John Constantine<\/strong> como punto central de la historia y que todo girar&aacute; y tomar&aacute; forma alrededor de &eacute;l. Como obligan los c&aacute;nones, <strong>John Constantine ser&aacute; rubio<\/strong>!<\/li>\n<li><strong>Swamp Thing<\/strong> y <strong>Jason Blood<\/strong> a.k.a. <strong>Etrigan<\/strong> formar&aacute;n parte del cotarro, este &uacute;ltimo ser&aacute; en origen un caballero de la corte de Camelot.<\/li>\n<li>Todos los personajes tendr&aacute;n un pasado y este se ir&aacute; explicando a lo largo del film descubriendo m&uacute;ltiples secretos.<\/li>\n<li>Sobre <strong>Justice League Dark<\/strong>, <strong>Del Toro<\/strong> apunta que ha escrito todos los puntos a considerar del film, pero el gui&oacute;n recaer&aacute; en otras manos de otro guionista que anunciar&aacute; tarde o temprano. En estos momentos el foco  est&aacute; en promocionar <strong>Pacific Rim<\/strong> y dar salida a <strong>Crimson Peak<\/strong> (&iquest;?), su pr&oacute;ximo proyecto como director.<\/li>\n<\/ul>\n<p>De regalo <a href=\"https:\/\/www.facebook.com\/media\/set\/?set=a.491838767549092.1073741828.175282252538080&amp;type=1\" target=\"_blank\">en Facebook han aparecido un conjunto  de trading cards del film<\/a> donde podemos ver las capacidades t&eacute;cnicas de cada <em>jaerger<\/em> conocido.<\/p>\n<p class=\"centrado\"><a href=\"https:\/\/uruloki.org\/felipeblog\/images2013-1\/20130330-pacificrim-tradingcard-1-xl.jpg\" target=\"_blank\" onclick=\"return false;\" rel=\"shadowbox\"><img loading=\"lazy\" decoding=\"async\" src=\"https:\/\/uruloki.org\/felipeblog\/images2013-1\/20130330-pacificrim-tradingcard-1.jpg\" alt=\"La trading card de Striker Eureka\" width=\"625\" height=\"464\" border=\"0\" \/><\/a><br \/><em>La trading card de Striker Eureka<\/em><\/p>\n<p class=\"centrado\"><a href=\"https:\/\/uruloki.org\/felipeblog\/images2013-1\/20130330-pacificrim-tradingcard-2-xl.jpg\" target=\"_blank\" onclick=\"return false;\" rel=\"shadowbox\"><img loading=\"lazy\" decoding=\"async\" src=\"https:\/\/uruloki.org\/felipeblog\/images2013-1\/20130330-pacificrim-tradingcard-2.jpg\" alt=\"La trading card de Gipsy Danger\" width=\"625\" height=\"464\" border=\"0\" \/><\/a><br \/><em>La trading card de Gipsy Danger<\/em><\/p>\n<p class=\"centrado\"><a href=\"https:\/\/uruloki.org\/felipeblog\/images2013-1\/20130330-pacificrim-tradingcard-3-xl.jpg\" target=\"_blank\" onclick=\"return false;\" rel=\"shadowbox\"><img loading=\"lazy\" decoding=\"async\" src=\"https:\/\/uruloki.org\/felipeblog\/images2013-1\/20130330-pacificrim-tradingcard-3.jpg\" alt=\"La trading card de Crimson Typhoon\" width=\"625\" height=\"464\" border=\"0\" \/><\/a><br \/><em>La trading card de Crimson Typhoon<\/em><\/p>\n<p class=\"centrado\"><a href=\"https:\/\/uruloki.org\/felipeblog\/images2013-1\/20130330-pacificrim-tradingcard-4-xl.jpg\" target=\"_blank\" onclick=\"return false;\" rel=\"shadowbox\"><img loading=\"lazy\" decoding=\"async\" src=\"https:\/\/uruloki.org\/felipeblog\/images2013-1\/20130330-pacificrim-tradingcard-4.jpg\" alt=\"La trading card de Coyote Tango\" width=\"625\" height=\"464\" border=\"0\" \/><\/a><br \/><em>La trading card de Coyote Tango<\/em><\/p>\n<p class=\"centrado\"><a href=\"https:\/\/uruloki.org\/felipeblog\/images2013-1\/20130330-pacificrim-tradingcard-5-xl.jpg\" target=\"_blank\" onclick=\"return false;\" rel=\"shadowbox\"><img loading=\"lazy\" decoding=\"async\" src=\"https:\/\/uruloki.org\/felipeblog\/images2013-1\/20130330-pacificrim-tradingcard-5.jpg\" alt=\"La trading card de Cherno Alpha\" width=\"625\" height=\"464\" border=\"0\" \/><\/a><br \/><em>La trading card de Cherno Alpha<\/em><\/p>\n","protected":false},"excerpt":{"rendered":"<p>Pues si, esta tarde en la WonderCon de Anaheim, California, ha estado el bueno de Guillermo del Toro en el panel de Legendary Pictures \/ Warner Bros. para presentar Pacific Rim (2013) ante un p&uacute;blico entregado y enfervorizado. Se ha pasado un nuevo trailer, exclusivo para la feria, y los asistentes se han cagado dos [&hellip;]<\/p>\n","protected":false},"author":28,"featured_media":0,"comment_status":"open","ping_status":"open","sticky":false,"template":"","format":"standard","meta":{"footnotes":""},"categories":[10,8,26],"tags":[2475,1352],"class_list":["post-9915","post","type-post","status-publish","format-standard","hentry","category-cine-de-comics","category-cine-de-ciencia-ficcion","category-gdt","tag-justice-league-dark","tag-pacific-rim"],"yoast_head":"<!-- This site is optimized with the Yoast SEO plugin v24.3 - https:\/\/yoast.com\/wordpress\/plugins\/seo\/ -->\n<title>Guillermo del Toro hace acto de presencia en la WonderCon 2013 y habla sobre Pacific Rim y Justice League Dark... - Uruloki :: Blog<\/title>\n<meta name=\"robots\" content=\"index, follow, max-snippet:-1, max-image-preview:large, max-video-preview:-1\" \/>\n<link rel=\"canonical\" href=\"https:\/\/www.uruloki.org\/felipeblog\/cine-de-ciencia-ficcion\/guillermo-del-toro-hace-acto-de-presencia-en-la-wondercon-2013-y-habla-sobre-pacific-rim-y-justice-league-dark\" \/>\n<meta property=\"og:locale\" content=\"es_ES\" \/>\n<meta property=\"og:type\" content=\"article\" \/>\n<meta property=\"og:title\" content=\"Guillermo del Toro hace acto de presencia en la WonderCon 2013 y habla sobre Pacific Rim y Justice League Dark... - Uruloki :: Blog\" \/>\n<meta property=\"og:description\" content=\"Pues si, esta tarde en la WonderCon de Anaheim, California, ha estado el bueno de Guillermo del Toro en el panel de Legendary Pictures \/ Warner Bros. para presentar Pacific Rim (2013) ante un p&uacute;blico entregado y enfervorizado. Se ha pasado un nuevo trailer, exclusivo para la feria, y los asistentes se han cagado dos [&hellip;]\" \/>\n<meta property=\"og:url\" content=\"https:\/\/www.uruloki.org\/felipeblog\/cine-de-ciencia-ficcion\/guillermo-del-toro-hace-acto-de-presencia-en-la-wondercon-2013-y-habla-sobre-pacific-rim-y-justice-league-dark\" \/>\n<meta property=\"og:site_name\" content=\"Uruloki :: Blog\" \/>\n<meta property=\"article:publisher\" content=\"https:\/\/www.facebook.com\/uruloki.org\" \/>\n<meta property=\"article:published_time\" content=\"2013-03-30T20:15:28+00:00\" \/>\n<meta property=\"article:modified_time\" content=\"2013-03-30T20:24:14+00:00\" \/>\n<meta property=\"og:image\" content=\"https:\/\/uruloki.org\/felipeblog\/images2013-1\/20130330-pacificrim-tradingcard-1.jpg\" \/>\n<meta name=\"author\" content=\"Uruloki\" \/>\n<meta name=\"twitter:card\" content=\"summary_large_image\" \/>\n<meta name=\"twitter:creator\" content=\"@uruloki\" \/>\n<meta name=\"twitter:site\" content=\"@uruloki\" \/>\n<meta name=\"twitter:label1\" content=\"Escrito por\" \/>\n\t<meta name=\"twitter:data1\" content=\"Uruloki\" \/>\n\t<meta name=\"twitter:label2\" content=\"Tiempo de lectura\" \/>\n\t<meta name=\"twitter:data2\" content=\"3 minutos\" \/>\n<script type=\"application\/ld+json\" class=\"yoast-schema-graph\">{\"@context\":\"https:\/\/schema.org\",\"@graph\":[{\"@type\":\"WebPage\",\"@id\":\"https:\/\/www.uruloki.org\/felipeblog\/cine-de-ciencia-ficcion\/guillermo-del-toro-hace-acto-de-presencia-en-la-wondercon-2013-y-habla-sobre-pacific-rim-y-justice-league-dark\",\"url\":\"https:\/\/www.uruloki.org\/felipeblog\/cine-de-ciencia-ficcion\/guillermo-del-toro-hace-acto-de-presencia-en-la-wondercon-2013-y-habla-sobre-pacific-rim-y-justice-league-dark\",\"name\":\"Guillermo del Toro hace acto de presencia en la WonderCon 2013 y habla sobre Pacific Rim y Justice League Dark... - Uruloki :: Blog\",\"isPartOf\":{\"@id\":\"https:\/\/www.uruloki.org\/felipeblog\/#website\"},\"primaryImageOfPage\":{\"@id\":\"https:\/\/www.uruloki.org\/felipeblog\/cine-de-ciencia-ficcion\/guillermo-del-toro-hace-acto-de-presencia-en-la-wondercon-2013-y-habla-sobre-pacific-rim-y-justice-league-dark#primaryimage\"},\"image\":{\"@id\":\"https:\/\/www.uruloki.org\/felipeblog\/cine-de-ciencia-ficcion\/guillermo-del-toro-hace-acto-de-presencia-en-la-wondercon-2013-y-habla-sobre-pacific-rim-y-justice-league-dark#primaryimage\"},\"thumbnailUrl\":\"https:\/\/uruloki.org\/felipeblog\/images2013-1\/20130330-pacificrim-tradingcard-1.jpg\",\"datePublished\":\"2013-03-30T20:15:28+00:00\",\"dateModified\":\"2013-03-30T20:24:14+00:00\",\"author\":{\"@id\":\"https:\/\/www.uruloki.org\/felipeblog\/#\/schema\/person\/ddba06ddaa27edf0c370460d05c51bb3\"},\"breadcrumb\":{\"@id\":\"https:\/\/www.uruloki.org\/felipeblog\/cine-de-ciencia-ficcion\/guillermo-del-toro-hace-acto-de-presencia-en-la-wondercon-2013-y-habla-sobre-pacific-rim-y-justice-league-dark#breadcrumb\"},\"inLanguage\":\"es\",\"potentialAction\":[{\"@type\":\"ReadAction\",\"target\":[\"https:\/\/www.uruloki.org\/felipeblog\/cine-de-ciencia-ficcion\/guillermo-del-toro-hace-acto-de-presencia-en-la-wondercon-2013-y-habla-sobre-pacific-rim-y-justice-league-dark\"]}]},{\"@type\":\"ImageObject\",\"inLanguage\":\"es\",\"@id\":\"https:\/\/www.uruloki.org\/felipeblog\/cine-de-ciencia-ficcion\/guillermo-del-toro-hace-acto-de-presencia-en-la-wondercon-2013-y-habla-sobre-pacific-rim-y-justice-league-dark#primaryimage\",\"url\":\"https:\/\/uruloki.org\/felipeblog\/images2013-1\/20130330-pacificrim-tradingcard-1.jpg\",\"contentUrl\":\"https:\/\/uruloki.org\/felipeblog\/images2013-1\/20130330-pacificrim-tradingcard-1.jpg\"},{\"@type\":\"BreadcrumbList\",\"@id\":\"https:\/\/www.uruloki.org\/felipeblog\/cine-de-ciencia-ficcion\/guillermo-del-toro-hace-acto-de-presencia-en-la-wondercon-2013-y-habla-sobre-pacific-rim-y-justice-league-dark#breadcrumb\",\"itemListElement\":[{\"@type\":\"ListItem\",\"position\":1,\"name\":\"Portada\",\"item\":\"https:\/\/www.uruloki.org\/felipeblog\"},{\"@type\":\"ListItem\",\"position\":2,\"name\":\"Guillermo del Toro hace acto de presencia en la WonderCon 2013 y habla sobre Pacific Rim y Justice League Dark&#8230;\"}]},{\"@type\":\"WebSite\",\"@id\":\"https:\/\/www.uruloki.org\/felipeblog\/#website\",\"url\":\"https:\/\/www.uruloki.org\/felipeblog\/\",\"name\":\"Uruloki :: Blog\",\"description\":\"Blog de cine, terror, ciencia ficci\u00f3n, fantas\u00eda y c\u00f3mics\",\"potentialAction\":[{\"@type\":\"SearchAction\",\"target\":{\"@type\":\"EntryPoint\",\"urlTemplate\":\"https:\/\/www.uruloki.org\/felipeblog\/?s={search_term_string}\"},\"query-input\":{\"@type\":\"PropertyValueSpecification\",\"valueRequired\":true,\"valueName\":\"search_term_string\"}}],\"inLanguage\":\"es\"},{\"@type\":\"Person\",\"@id\":\"https:\/\/www.uruloki.org\/felipeblog\/#\/schema\/person\/ddba06ddaa27edf0c370460d05c51bb3\",\"name\":\"Uruloki\",\"image\":{\"@type\":\"ImageObject\",\"inLanguage\":\"es\",\"@id\":\"https:\/\/www.uruloki.org\/felipeblog\/#\/schema\/person\/image\/\",\"url\":\"https:\/\/secure.gravatar.com\/avatar\/68d5301c5f52ba88fd63f02c75b8c4d1b3c3fc4b21e2998a1e98c4b3a54d9f7c?s=96&d=mm&r=g\",\"contentUrl\":\"https:\/\/secure.gravatar.com\/avatar\/68d5301c5f52ba88fd63f02c75b8c4d1b3c3fc4b21e2998a1e98c4b3a54d9f7c?s=96&d=mm&r=g\",\"caption\":\"Uruloki\"},\"sameAs\":[\"https:\/\/uruloki.org\"],\"url\":\"https:\/\/www.uruloki.org\/felipeblog\/author\/admin-2-2-2\"}]}<\/script>\n<!-- \/ Yoast SEO plugin. -->","yoast_head_json":{"title":"Guillermo del Toro hace acto de presencia en la WonderCon 2013 y habla sobre Pacific Rim y Justice League Dark... - Uruloki :: Blog","robots":{"index":"index","follow":"follow","max-snippet":"max-snippet:-1","max-image-preview":"max-image-preview:large","max-video-preview":"max-video-preview:-1"},"canonical":"https:\/\/www.uruloki.org\/felipeblog\/cine-de-ciencia-ficcion\/guillermo-del-toro-hace-acto-de-presencia-en-la-wondercon-2013-y-habla-sobre-pacific-rim-y-justice-league-dark","og_locale":"es_ES","og_type":"article","og_title":"Guillermo del Toro hace acto de presencia en la WonderCon 2013 y habla sobre Pacific Rim y Justice League Dark... - Uruloki :: Blog","og_description":"Pues si, esta tarde en la WonderCon de Anaheim, California, ha estado el bueno de Guillermo del Toro en el panel de Legendary Pictures \/ Warner Bros. para presentar Pacific Rim (2013) ante un p&uacute;blico entregado y enfervorizado. Se ha pasado un nuevo trailer, exclusivo para la feria, y los asistentes se han cagado dos [&hellip;]","og_url":"https:\/\/www.uruloki.org\/felipeblog\/cine-de-ciencia-ficcion\/guillermo-del-toro-hace-acto-de-presencia-en-la-wondercon-2013-y-habla-sobre-pacific-rim-y-justice-league-dark","og_site_name":"Uruloki :: Blog","article_publisher":"https:\/\/www.facebook.com\/uruloki.org","article_published_time":"2013-03-30T20:15:28+00:00","article_modified_time":"2013-03-30T20:24:14+00:00","og_image":[{"url":"https:\/\/uruloki.org\/felipeblog\/images2013-1\/20130330-pacificrim-tradingcard-1.jpg","type":"","width":"","height":""}],"author":"Uruloki","twitter_card":"summary_large_image","twitter_creator":"@uruloki","twitter_site":"@uruloki","twitter_misc":{"Escrito por":"Uruloki","Tiempo de lectura":"3 minutos"},"schema":{"@context":"https:\/\/schema.org","@graph":[{"@type":"WebPage","@id":"https:\/\/www.uruloki.org\/felipeblog\/cine-de-ciencia-ficcion\/guillermo-del-toro-hace-acto-de-presencia-en-la-wondercon-2013-y-habla-sobre-pacific-rim-y-justice-league-dark","url":"https:\/\/www.uruloki.org\/felipeblog\/cine-de-ciencia-ficcion\/guillermo-del-toro-hace-acto-de-presencia-en-la-wondercon-2013-y-habla-sobre-pacific-rim-y-justice-league-dark","name":"Guillermo del Toro hace acto de presencia en la WonderCon 2013 y habla sobre Pacific Rim y Justice League Dark... - Uruloki :: Blog","isPartOf":{"@id":"https:\/\/www.uruloki.org\/felipeblog\/#website"},"primaryImageOfPage":{"@id":"https:\/\/www.uruloki.org\/felipeblog\/cine-de-ciencia-ficcion\/guillermo-del-toro-hace-acto-de-presencia-en-la-wondercon-2013-y-habla-sobre-pacific-rim-y-justice-league-dark#primaryimage"},"image":{"@id":"https:\/\/www.uruloki.org\/felipeblog\/cine-de-ciencia-ficcion\/guillermo-del-toro-hace-acto-de-presencia-en-la-wondercon-2013-y-habla-sobre-pacific-rim-y-justice-league-dark#primaryimage"},"thumbnailUrl":"https:\/\/uruloki.org\/felipeblog\/images2013-1\/20130330-pacificrim-tradingcard-1.jpg","datePublished":"2013-03-30T20:15:28+00:00","dateModified":"2013-03-30T20:24:14+00:00","author":{"@id":"https:\/\/www.uruloki.org\/felipeblog\/#\/schema\/person\/ddba06ddaa27edf0c370460d05c51bb3"},"breadcrumb":{"@id":"https:\/\/www.uruloki.org\/felipeblog\/cine-de-ciencia-ficcion\/guillermo-del-toro-hace-acto-de-presencia-en-la-wondercon-2013-y-habla-sobre-pacific-rim-y-justice-league-dark#breadcrumb"},"inLanguage":"es","potentialAction":[{"@type":"ReadAction","target":["https:\/\/www.uruloki.org\/felipeblog\/cine-de-ciencia-ficcion\/guillermo-del-toro-hace-acto-de-presencia-en-la-wondercon-2013-y-habla-sobre-pacific-rim-y-justice-league-dark"]}]},{"@type":"ImageObject","inLanguage":"es","@id":"https:\/\/www.uruloki.org\/felipeblog\/cine-de-ciencia-ficcion\/guillermo-del-toro-hace-acto-de-presencia-en-la-wondercon-2013-y-habla-sobre-pacific-rim-y-justice-league-dark#primaryimage","url":"https:\/\/uruloki.org\/felipeblog\/images2013-1\/20130330-pacificrim-tradingcard-1.jpg","contentUrl":"https:\/\/uruloki.org\/felipeblog\/images2013-1\/20130330-pacificrim-tradingcard-1.jpg"},{"@type":"BreadcrumbList","@id":"https:\/\/www.uruloki.org\/felipeblog\/cine-de-ciencia-ficcion\/guillermo-del-toro-hace-acto-de-presencia-en-la-wondercon-2013-y-habla-sobre-pacific-rim-y-justice-league-dark#breadcrumb","itemListElement":[{"@type":"ListItem","position":1,"name":"Portada","item":"https:\/\/www.uruloki.org\/felipeblog"},{"@type":"ListItem","position":2,"name":"Guillermo del Toro hace acto de presencia en la WonderCon 2013 y habla sobre Pacific Rim y Justice League Dark&#8230;"}]},{"@type":"WebSite","@id":"https:\/\/www.uruloki.org\/felipeblog\/#website","url":"https:\/\/www.uruloki.org\/felipeblog\/","name":"Uruloki :: Blog","description":"Blog de cine, terror, ciencia ficci\u00f3n, fantas\u00eda y c\u00f3mics","potentialAction":[{"@type":"SearchAction","target":{"@type":"EntryPoint","urlTemplate":"https:\/\/www.uruloki.org\/felipeblog\/?s={search_term_string}"},"query-input":{"@type":"PropertyValueSpecification","valueRequired":true,"valueName":"search_term_string"}}],"inLanguage":"es"},{"@type":"Person","@id":"https:\/\/www.uruloki.org\/felipeblog\/#\/schema\/person\/ddba06ddaa27edf0c370460d05c51bb3","name":"Uruloki","image":{"@type":"ImageObject","inLanguage":"es","@id":"https:\/\/www.uruloki.org\/felipeblog\/#\/schema\/person\/image\/","url":"https:\/\/secure.gravatar.com\/avatar\/68d5301c5f52ba88fd63f02c75b8c4d1b3c3fc4b21e2998a1e98c4b3a54d9f7c?s=96&d=mm&r=g","contentUrl":"https:\/\/secure.gravatar.com\/avatar\/68d5301c5f52ba88fd63f02c75b8c4d1b3c3fc4b21e2998a1e98c4b3a54d9f7c?s=96&d=mm&r=g","caption":"Uruloki"},"sameAs":["https:\/\/uruloki.org"],"url":"https:\/\/www.uruloki.org\/felipeblog\/author\/admin-2-2-2"}]}},"_links":{"self":[{"href":"https:\/\/www.uruloki.org\/felipeblog\/wp-json\/wp\/v2\/posts\/9915","targetHints":{"allow":["GET"]}}],"collection":[{"href":"https:\/\/www.uruloki.org\/felipeblog\/wp-json\/wp\/v2\/posts"}],"about":[{"href":"https:\/\/www.uruloki.org\/felipeblog\/wp-json\/wp\/v2\/types\/post"}],"author":[{"embeddable":true,"href":"https:\/\/www.uruloki.org\/felipeblog\/wp-json\/wp\/v2\/users\/28"}],"replies":[{"embeddable":true,"href":"https:\/\/www.uruloki.org\/felipeblog\/wp-json\/wp\/v2\/comments?post=9915"}],"version-history":[{"count":2,"href":"https:\/\/www.uruloki.org\/felipeblog\/wp-json\/wp\/v2\/posts\/9915\/revisions"}],"predecessor-version":[{"id":9917,"href":"https:\/\/www.uruloki.org\/felipeblog\/wp-json\/wp\/v2\/posts\/9915\/revisions\/9917"}],"wp:attachment":[{"href":"https:\/\/www.uruloki.org\/felipeblog\/wp-json\/wp\/v2\/media?parent=9915"}],"wp:term":[{"taxonomy":"category","embeddable":true,"href":"https:\/\/www.uruloki.org\/felipeblog\/wp-json\/wp\/v2\/categories?post=9915"},{"taxonomy":"post_tag","embeddable":true,"href":"https:\/\/www.uruloki.org\/felipeblog\/wp-json\/wp\/v2\/tags?post=9915"}],"curies":[{"name":"wp","href":"https:\/\/api.w.org\/{rel}","templated":true}]}}