{"id":9763,"date":"2013-03-14T20:08:56","date_gmt":"2013-03-14T19:08:56","guid":{"rendered":"https:\/\/uruloki.org\/felipeblog\/?p=9763"},"modified":"2013-03-14T20:08:56","modified_gmt":"2013-03-14T19:08:56","slug":"el-primer-clip-de-posesin-infernal-evil-dead-llega-acompaado-de-un-mini-trailer-presentacin-para-su-pase-en-la-wondercon-de-este-ao","status":"publish","type":"post","link":"https:\/\/www.uruloki.org\/felipeblog\/cine-de-terror\/el-primer-clip-de-posesin-infernal-evil-dead-llega-acompaado-de-un-mini-trailer-presentacin-para-su-pase-en-la-wondercon-de-este-ao","title":{"rendered":"El primer clip de Posesi&oacute;n Infernal (Evil Dead) llega acompa&ntilde;ado de un mini trailer presentaci&oacute;n para su pase en la WonderCon de este a&ntilde;o&#8230;"},"content":{"rendered":"<p>Antes de dar salida al resto de noticias de la jornada os dejo r&aacute;pidamente con el primer breve clip de <strong>Posesi&oacute;n Infernal<\/strong> (<em>Evil Dead<\/em>, 2013) de <strong>Fede &Aacute;lvarez<\/strong>. Unos m&iacute;nimos 30 segundos que apuntan a inicio de una serie de momentos complicados de una de las protagonistas cuando se va al ba&ntilde;o. Junto al clip, y con buena aroma, una presentaci&oacute;n por parte de <strong>Bruce Campbell<\/strong>, <strong>Fede &Aacute;lvarez<\/strong> y <strong>Robert G. Tapert<\/strong> anunciando que los tres estar&aacute;n en la pr&oacute;xima <strong>WonderCon<\/strong> con <strong>Posesi&oacute;n Infernal<\/strong> bajo el brazo. El mini trailer que acompa&ntilde;a a este saludo tiene alguna cosilla nueva&#8230; <a href=\"https:\/\/uruloki.org\/felipeblog\/cine-de-terror\/posesin-infernal-debuta-en-el-sxsw-y-demuestra-lo-que-es-un-festn-gore-aunque-por-otro-lado-medio-defrauda-fede-lvarez-aprovecha-la-coyuntura-y-apunta-que-se-est-tra\">me sigue atrayendo el film este, pese a lo que se diga al otro lado del charco<\/a>.<\/p>\n<div class=\"video\"><iframe loading=\"lazy\" width=\"625\" height=\"380\" src=\"http:\/\/www.youtube.com\/embed\/qijMOWXIE3g\"><\/iframe><\/div>\n<div class=\"video\"><iframe loading=\"lazy\" width=\"625\" height=\"380\" src=\"http:\/\/www.youtube.com\/embed\/LlHHuvQHcf0\"><\/iframe><\/div>\n<p class=\"centrado\"><img loading=\"lazy\" decoding=\"async\" src=\"https:\/\/uruloki.org\/felipeblog\/images2013-1\/20130221-evildead-rojo.jpg\" alt=\"Cada vez falta menos para Posesi&oacute;n Infernal\" width=\"540\" height=\"800\" \/><br \/><em>Cada vez falta menos para Posesi&oacute;n Infernal<\/em><\/p>\n","protected":false},"excerpt":{"rendered":"<p>Antes de dar salida al resto de noticias de la jornada os dejo r&aacute;pidamente con el primer breve clip de Posesi&oacute;n Infernal (Evil Dead, 2013) de Fede &Aacute;lvarez. Unos m&iacute;nimos 30 segundos que apuntan a inicio de una serie de momentos complicados de una de las protagonistas cuando se va al ba&ntilde;o. Junto al clip, [&hellip;]<\/p>\n","protected":false},"author":28,"featured_media":0,"comment_status":"open","ping_status":"open","sticky":false,"template":"","format":"standard","meta":{"footnotes":""},"categories":[9],"tags":[1617],"class_list":["post-9763","post","type-post","status-publish","format-standard","hentry","category-cine-de-terror","tag-evil-dead"],"yoast_head":"<!-- This site is optimized with the Yoast SEO plugin v24.3 - https:\/\/yoast.com\/wordpress\/plugins\/seo\/ -->\n<title>El primer clip de Posesi&oacute;n Infernal (Evil Dead) llega acompa&ntilde;ado de un mini trailer presentaci&oacute;n para su pase en la WonderCon de este a&ntilde;o... - Uruloki :: Blog<\/title>\n<meta name=\"robots\" content=\"index, follow, max-snippet:-1, max-image-preview:large, max-video-preview:-1\" \/>\n<link rel=\"canonical\" href=\"https:\/\/www.uruloki.org\/felipeblog\/cine-de-terror\/el-primer-clip-de-posesin-infernal-evil-dead-llega-acompaado-de-un-mini-trailer-presentacin-para-su-pase-en-la-wondercon-de-este-ao\" \/>\n<meta property=\"og:locale\" content=\"es_ES\" \/>\n<meta property=\"og:type\" content=\"article\" \/>\n<meta property=\"og:title\" content=\"El primer clip de Posesi&oacute;n Infernal (Evil Dead) llega acompa&ntilde;ado de un mini trailer presentaci&oacute;n para su pase en la WonderCon de este a&ntilde;o... - Uruloki :: Blog\" \/>\n<meta property=\"og:description\" content=\"Antes de dar salida al resto de noticias de la jornada os dejo r&aacute;pidamente con el primer breve clip de Posesi&oacute;n Infernal (Evil Dead, 2013) de Fede &Aacute;lvarez. Unos m&iacute;nimos 30 segundos que apuntan a inicio de una serie de momentos complicados de una de las protagonistas cuando se va al ba&ntilde;o. Junto al clip, [&hellip;]\" \/>\n<meta property=\"og:url\" content=\"https:\/\/www.uruloki.org\/felipeblog\/cine-de-terror\/el-primer-clip-de-posesin-infernal-evil-dead-llega-acompaado-de-un-mini-trailer-presentacin-para-su-pase-en-la-wondercon-de-este-ao\" \/>\n<meta property=\"og:site_name\" content=\"Uruloki :: Blog\" \/>\n<meta property=\"article:publisher\" content=\"https:\/\/www.facebook.com\/uruloki.org\" \/>\n<meta property=\"article:published_time\" content=\"2013-03-14T19:08:56+00:00\" \/>\n<meta property=\"og:image\" content=\"https:\/\/uruloki.org\/felipeblog\/images2013-1\/20130221-evildead-rojo.jpg\" \/>\n<meta name=\"author\" content=\"Uruloki\" \/>\n<meta name=\"twitter:card\" content=\"summary_large_image\" \/>\n<meta name=\"twitter:creator\" content=\"@uruloki\" \/>\n<meta name=\"twitter:site\" content=\"@uruloki\" \/>\n<meta name=\"twitter:label1\" content=\"Escrito por\" \/>\n\t<meta name=\"twitter:data1\" content=\"Uruloki\" \/>\n\t<meta name=\"twitter:label2\" content=\"Tiempo de lectura\" \/>\n\t<meta name=\"twitter:data2\" content=\"1 minuto\" \/>\n<script type=\"application\/ld+json\" class=\"yoast-schema-graph\">{\"@context\":\"https:\/\/schema.org\",\"@graph\":[{\"@type\":\"WebPage\",\"@id\":\"https:\/\/www.uruloki.org\/felipeblog\/cine-de-terror\/el-primer-clip-de-posesin-infernal-evil-dead-llega-acompaado-de-un-mini-trailer-presentacin-para-su-pase-en-la-wondercon-de-este-ao\",\"url\":\"https:\/\/www.uruloki.org\/felipeblog\/cine-de-terror\/el-primer-clip-de-posesin-infernal-evil-dead-llega-acompaado-de-un-mini-trailer-presentacin-para-su-pase-en-la-wondercon-de-este-ao\",\"name\":\"El primer clip de Posesi&oacute;n Infernal (Evil Dead) llega acompa&ntilde;ado de un mini trailer presentaci&oacute;n para su pase en la WonderCon de este a&ntilde;o... - Uruloki :: Blog\",\"isPartOf\":{\"@id\":\"https:\/\/www.uruloki.org\/felipeblog\/#website\"},\"primaryImageOfPage\":{\"@id\":\"https:\/\/www.uruloki.org\/felipeblog\/cine-de-terror\/el-primer-clip-de-posesin-infernal-evil-dead-llega-acompaado-de-un-mini-trailer-presentacin-para-su-pase-en-la-wondercon-de-este-ao#primaryimage\"},\"image\":{\"@id\":\"https:\/\/www.uruloki.org\/felipeblog\/cine-de-terror\/el-primer-clip-de-posesin-infernal-evil-dead-llega-acompaado-de-un-mini-trailer-presentacin-para-su-pase-en-la-wondercon-de-este-ao#primaryimage\"},\"thumbnailUrl\":\"https:\/\/uruloki.org\/felipeblog\/images2013-1\/20130221-evildead-rojo.jpg\",\"datePublished\":\"2013-03-14T19:08:56+00:00\",\"dateModified\":\"2013-03-14T19:08:56+00:00\",\"author\":{\"@id\":\"https:\/\/www.uruloki.org\/felipeblog\/#\/schema\/person\/ddba06ddaa27edf0c370460d05c51bb3\"},\"breadcrumb\":{\"@id\":\"https:\/\/www.uruloki.org\/felipeblog\/cine-de-terror\/el-primer-clip-de-posesin-infernal-evil-dead-llega-acompaado-de-un-mini-trailer-presentacin-para-su-pase-en-la-wondercon-de-este-ao#breadcrumb\"},\"inLanguage\":\"es\",\"potentialAction\":[{\"@type\":\"ReadAction\",\"target\":[\"https:\/\/www.uruloki.org\/felipeblog\/cine-de-terror\/el-primer-clip-de-posesin-infernal-evil-dead-llega-acompaado-de-un-mini-trailer-presentacin-para-su-pase-en-la-wondercon-de-este-ao\"]}]},{\"@type\":\"ImageObject\",\"inLanguage\":\"es\",\"@id\":\"https:\/\/www.uruloki.org\/felipeblog\/cine-de-terror\/el-primer-clip-de-posesin-infernal-evil-dead-llega-acompaado-de-un-mini-trailer-presentacin-para-su-pase-en-la-wondercon-de-este-ao#primaryimage\",\"url\":\"https:\/\/uruloki.org\/felipeblog\/images2013-1\/20130221-evildead-rojo.jpg\",\"contentUrl\":\"https:\/\/uruloki.org\/felipeblog\/images2013-1\/20130221-evildead-rojo.jpg\"},{\"@type\":\"BreadcrumbList\",\"@id\":\"https:\/\/www.uruloki.org\/felipeblog\/cine-de-terror\/el-primer-clip-de-posesin-infernal-evil-dead-llega-acompaado-de-un-mini-trailer-presentacin-para-su-pase-en-la-wondercon-de-este-ao#breadcrumb\",\"itemListElement\":[{\"@type\":\"ListItem\",\"position\":1,\"name\":\"Portada\",\"item\":\"https:\/\/www.uruloki.org\/felipeblog\"},{\"@type\":\"ListItem\",\"position\":2,\"name\":\"El primer clip de Posesi&oacute;n Infernal (Evil Dead) llega acompa&ntilde;ado de un mini trailer presentaci&oacute;n para su pase en la WonderCon de este a&ntilde;o&#8230;\"}]},{\"@type\":\"WebSite\",\"@id\":\"https:\/\/www.uruloki.org\/felipeblog\/#website\",\"url\":\"https:\/\/www.uruloki.org\/felipeblog\/\",\"name\":\"Uruloki :: Blog\",\"description\":\"Blog de cine, terror, ciencia ficci\u00f3n, fantas\u00eda y c\u00f3mics\",\"potentialAction\":[{\"@type\":\"SearchAction\",\"target\":{\"@type\":\"EntryPoint\",\"urlTemplate\":\"https:\/\/www.uruloki.org\/felipeblog\/?s={search_term_string}\"},\"query-input\":{\"@type\":\"PropertyValueSpecification\",\"valueRequired\":true,\"valueName\":\"search_term_string\"}}],\"inLanguage\":\"es\"},{\"@type\":\"Person\",\"@id\":\"https:\/\/www.uruloki.org\/felipeblog\/#\/schema\/person\/ddba06ddaa27edf0c370460d05c51bb3\",\"name\":\"Uruloki\",\"image\":{\"@type\":\"ImageObject\",\"inLanguage\":\"es\",\"@id\":\"https:\/\/www.uruloki.org\/felipeblog\/#\/schema\/person\/image\/\",\"url\":\"https:\/\/secure.gravatar.com\/avatar\/68d5301c5f52ba88fd63f02c75b8c4d1b3c3fc4b21e2998a1e98c4b3a54d9f7c?s=96&d=mm&r=g\",\"contentUrl\":\"https:\/\/secure.gravatar.com\/avatar\/68d5301c5f52ba88fd63f02c75b8c4d1b3c3fc4b21e2998a1e98c4b3a54d9f7c?s=96&d=mm&r=g\",\"caption\":\"Uruloki\"},\"sameAs\":[\"https:\/\/uruloki.org\"],\"url\":\"https:\/\/www.uruloki.org\/felipeblog\/author\/admin-2-2-2\"}]}<\/script>\n<!-- \/ Yoast SEO plugin. -->","yoast_head_json":{"title":"El primer clip de Posesi&oacute;n Infernal (Evil Dead) llega acompa&ntilde;ado de un mini trailer presentaci&oacute;n para su pase en la WonderCon de este a&ntilde;o... - Uruloki :: Blog","robots":{"index":"index","follow":"follow","max-snippet":"max-snippet:-1","max-image-preview":"max-image-preview:large","max-video-preview":"max-video-preview:-1"},"canonical":"https:\/\/www.uruloki.org\/felipeblog\/cine-de-terror\/el-primer-clip-de-posesin-infernal-evil-dead-llega-acompaado-de-un-mini-trailer-presentacin-para-su-pase-en-la-wondercon-de-este-ao","og_locale":"es_ES","og_type":"article","og_title":"El primer clip de Posesi&oacute;n Infernal (Evil Dead) llega acompa&ntilde;ado de un mini trailer presentaci&oacute;n para su pase en la WonderCon de este a&ntilde;o... - Uruloki :: Blog","og_description":"Antes de dar salida al resto de noticias de la jornada os dejo r&aacute;pidamente con el primer breve clip de Posesi&oacute;n Infernal (Evil Dead, 2013) de Fede &Aacute;lvarez. Unos m&iacute;nimos 30 segundos que apuntan a inicio de una serie de momentos complicados de una de las protagonistas cuando se va al ba&ntilde;o. Junto al clip, [&hellip;]","og_url":"https:\/\/www.uruloki.org\/felipeblog\/cine-de-terror\/el-primer-clip-de-posesin-infernal-evil-dead-llega-acompaado-de-un-mini-trailer-presentacin-para-su-pase-en-la-wondercon-de-este-ao","og_site_name":"Uruloki :: Blog","article_publisher":"https:\/\/www.facebook.com\/uruloki.org","article_published_time":"2013-03-14T19:08:56+00:00","og_image":[{"url":"https:\/\/uruloki.org\/felipeblog\/images2013-1\/20130221-evildead-rojo.jpg","type":"","width":"","height":""}],"author":"Uruloki","twitter_card":"summary_large_image","twitter_creator":"@uruloki","twitter_site":"@uruloki","twitter_misc":{"Escrito por":"Uruloki","Tiempo de lectura":"1 minuto"},"schema":{"@context":"https:\/\/schema.org","@graph":[{"@type":"WebPage","@id":"https:\/\/www.uruloki.org\/felipeblog\/cine-de-terror\/el-primer-clip-de-posesin-infernal-evil-dead-llega-acompaado-de-un-mini-trailer-presentacin-para-su-pase-en-la-wondercon-de-este-ao","url":"https:\/\/www.uruloki.org\/felipeblog\/cine-de-terror\/el-primer-clip-de-posesin-infernal-evil-dead-llega-acompaado-de-un-mini-trailer-presentacin-para-su-pase-en-la-wondercon-de-este-ao","name":"El primer clip de Posesi&oacute;n Infernal (Evil Dead) llega acompa&ntilde;ado de un mini trailer presentaci&oacute;n para su pase en la WonderCon de este a&ntilde;o... - Uruloki :: Blog","isPartOf":{"@id":"https:\/\/www.uruloki.org\/felipeblog\/#website"},"primaryImageOfPage":{"@id":"https:\/\/www.uruloki.org\/felipeblog\/cine-de-terror\/el-primer-clip-de-posesin-infernal-evil-dead-llega-acompaado-de-un-mini-trailer-presentacin-para-su-pase-en-la-wondercon-de-este-ao#primaryimage"},"image":{"@id":"https:\/\/www.uruloki.org\/felipeblog\/cine-de-terror\/el-primer-clip-de-posesin-infernal-evil-dead-llega-acompaado-de-un-mini-trailer-presentacin-para-su-pase-en-la-wondercon-de-este-ao#primaryimage"},"thumbnailUrl":"https:\/\/uruloki.org\/felipeblog\/images2013-1\/20130221-evildead-rojo.jpg","datePublished":"2013-03-14T19:08:56+00:00","dateModified":"2013-03-14T19:08:56+00:00","author":{"@id":"https:\/\/www.uruloki.org\/felipeblog\/#\/schema\/person\/ddba06ddaa27edf0c370460d05c51bb3"},"breadcrumb":{"@id":"https:\/\/www.uruloki.org\/felipeblog\/cine-de-terror\/el-primer-clip-de-posesin-infernal-evil-dead-llega-acompaado-de-un-mini-trailer-presentacin-para-su-pase-en-la-wondercon-de-este-ao#breadcrumb"},"inLanguage":"es","potentialAction":[{"@type":"ReadAction","target":["https:\/\/www.uruloki.org\/felipeblog\/cine-de-terror\/el-primer-clip-de-posesin-infernal-evil-dead-llega-acompaado-de-un-mini-trailer-presentacin-para-su-pase-en-la-wondercon-de-este-ao"]}]},{"@type":"ImageObject","inLanguage":"es","@id":"https:\/\/www.uruloki.org\/felipeblog\/cine-de-terror\/el-primer-clip-de-posesin-infernal-evil-dead-llega-acompaado-de-un-mini-trailer-presentacin-para-su-pase-en-la-wondercon-de-este-ao#primaryimage","url":"https:\/\/uruloki.org\/felipeblog\/images2013-1\/20130221-evildead-rojo.jpg","contentUrl":"https:\/\/uruloki.org\/felipeblog\/images2013-1\/20130221-evildead-rojo.jpg"},{"@type":"BreadcrumbList","@id":"https:\/\/www.uruloki.org\/felipeblog\/cine-de-terror\/el-primer-clip-de-posesin-infernal-evil-dead-llega-acompaado-de-un-mini-trailer-presentacin-para-su-pase-en-la-wondercon-de-este-ao#breadcrumb","itemListElement":[{"@type":"ListItem","position":1,"name":"Portada","item":"https:\/\/www.uruloki.org\/felipeblog"},{"@type":"ListItem","position":2,"name":"El primer clip de Posesi&oacute;n Infernal (Evil Dead) llega acompa&ntilde;ado de un mini trailer presentaci&oacute;n para su pase en la WonderCon de este a&ntilde;o&#8230;"}]},{"@type":"WebSite","@id":"https:\/\/www.uruloki.org\/felipeblog\/#website","url":"https:\/\/www.uruloki.org\/felipeblog\/","name":"Uruloki :: Blog","description":"Blog de cine, terror, ciencia ficci\u00f3n, fantas\u00eda y c\u00f3mics","potentialAction":[{"@type":"SearchAction","target":{"@type":"EntryPoint","urlTemplate":"https:\/\/www.uruloki.org\/felipeblog\/?s={search_term_string}"},"query-input":{"@type":"PropertyValueSpecification","valueRequired":true,"valueName":"search_term_string"}}],"inLanguage":"es"},{"@type":"Person","@id":"https:\/\/www.uruloki.org\/felipeblog\/#\/schema\/person\/ddba06ddaa27edf0c370460d05c51bb3","name":"Uruloki","image":{"@type":"ImageObject","inLanguage":"es","@id":"https:\/\/www.uruloki.org\/felipeblog\/#\/schema\/person\/image\/","url":"https:\/\/secure.gravatar.com\/avatar\/68d5301c5f52ba88fd63f02c75b8c4d1b3c3fc4b21e2998a1e98c4b3a54d9f7c?s=96&d=mm&r=g","contentUrl":"https:\/\/secure.gravatar.com\/avatar\/68d5301c5f52ba88fd63f02c75b8c4d1b3c3fc4b21e2998a1e98c4b3a54d9f7c?s=96&d=mm&r=g","caption":"Uruloki"},"sameAs":["https:\/\/uruloki.org"],"url":"https:\/\/www.uruloki.org\/felipeblog\/author\/admin-2-2-2"}]}},"_links":{"self":[{"href":"https:\/\/www.uruloki.org\/felipeblog\/wp-json\/wp\/v2\/posts\/9763","targetHints":{"allow":["GET"]}}],"collection":[{"href":"https:\/\/www.uruloki.org\/felipeblog\/wp-json\/wp\/v2\/posts"}],"about":[{"href":"https:\/\/www.uruloki.org\/felipeblog\/wp-json\/wp\/v2\/types\/post"}],"author":[{"embeddable":true,"href":"https:\/\/www.uruloki.org\/felipeblog\/wp-json\/wp\/v2\/users\/28"}],"replies":[{"embeddable":true,"href":"https:\/\/www.uruloki.org\/felipeblog\/wp-json\/wp\/v2\/comments?post=9763"}],"version-history":[{"count":1,"href":"https:\/\/www.uruloki.org\/felipeblog\/wp-json\/wp\/v2\/posts\/9763\/revisions"}],"predecessor-version":[{"id":9764,"href":"https:\/\/www.uruloki.org\/felipeblog\/wp-json\/wp\/v2\/posts\/9763\/revisions\/9764"}],"wp:attachment":[{"href":"https:\/\/www.uruloki.org\/felipeblog\/wp-json\/wp\/v2\/media?parent=9763"}],"wp:term":[{"taxonomy":"category","embeddable":true,"href":"https:\/\/www.uruloki.org\/felipeblog\/wp-json\/wp\/v2\/categories?post=9763"},{"taxonomy":"post_tag","embeddable":true,"href":"https:\/\/www.uruloki.org\/felipeblog\/wp-json\/wp\/v2\/tags?post=9763"}],"curies":[{"name":"wp","href":"https:\/\/api.w.org\/{rel}","templated":true}]}}