{"id":9455,"date":"2013-01-20T20:00:32","date_gmt":"2013-01-20T19:00:32","guid":{"rendered":"https:\/\/uruloki.org\/felipeblog\/?p=9455"},"modified":"2013-01-20T20:00:32","modified_gmt":"2013-01-20T19:00:32","slug":"as-luce-la-primera-imagen-oficial-de-kick-ass-2-balls-to-the-wall-con-el-coronel-barras-y-estrellas-y-kick-ass-suena-charlie-hunnam-para-repetir-con-guillermo-del-toro-en-crimson-peak-iqu","status":"publish","type":"post","link":"https:\/\/www.uruloki.org\/felipeblog\/cine-de-ciencia-ficcion\/as-luce-la-primera-imagen-oficial-de-kick-ass-2-balls-to-the-wall-con-el-coronel-barras-y-estrellas-y-kick-ass-suena-charlie-hunnam-para-repetir-con-guillermo-del-toro-en-crimson-peak-iqu","title":{"rendered":"As&iacute;  luce la primera imagen oficial de Kick-Ass 2: Balls to the Wall con el Coronel Barras y Estrellas y Kick-Ass, suena Charlie Hunnam para repetir con Guillermo del Toro en Crimson Peak, &iquest;ser&aacute; el Duende Verde el segundo villano de The Amazing Spider-Man 2?, atenci&oacute;n al EM-208, el modelo previo al inicio del programa RoboCop y parece ser que la versi&oacute;n televisiva de Zombieland renace&#8230;"},"content":{"rendered":"<p>&iquest;Disfrutando de las &uacute;ltimas horas del domingo? Pues si, esto se acaba, ma&ntilde;ana es lunes y muchos de los presentes, afortunados, podremos acudir a nuestro puesto de trabajo. En mi caso acudir&eacute; con la garganta como papel del lija y tras haber sido <a href=\"http:\/\/www.crtvg.es\/informativos\/felipe-rivero-e-o-responsable-do-blog-de-cine-fantastico-uruloki-513080#.UPwxw6Hm5UM\" target=\"_blank\">entrevistado, verg&uuml;encilla la que me de da, en un programa de la TVG<\/a>, la televisi&oacute;n gallega. No lo voy a negar, me ha molado bastante aunque tengo que reconocer que los primeros momentos de la breve entrevista, 6 minutos, han sido los m&aacute;s duros. Creo que es momento de cambiar de tema, entremos de lleno en el mundo noticiero que es lo que nos trae a esta web d&iacute;a tras d&iacute;a&#8230;<\/p>\n<p>En primer lugar os comento que tenemos la primera imagen oficial de <a href=\"http:\/\/www.imdb.es\/title\/tt1650554\/\" target=\"_blank\">Kick-Ass 2: Balls to the Wall<\/a> (2013), aunque es escaneo del &uacute;ltimo n&uacute;mero de <strong>Entertainment Weekly<\/strong>. <a href=\"http:\/\/www.comicbookmovie.com\/fansites\/nailbiter111\/news\/?a=72920\" target=\"_blank\">ComicBookMovie.com ha tenido acceso al material<\/a> y no pinta nada mal. En la imagen podemos ver al <strong>Coronel Barras y Estrellas<\/strong>, encarnado por un <a href=\"http:\/\/www.imdb.es\/name\/nm0000120\/\" target=\"_blank\">Jim Carrey<\/a> al que quiero ver tambi&eacute;n en la comedia <a href=\"http:\/\/www.imdb.es\/title\/tt0790628\/\" target=\"_blank\">The Incredible Burt Wonderstone<\/a> (2013), junto a su fiel perro guardi&aacute;n <strong>Sophia<\/strong> present&aacute;ndose ante <strong>Kick-Ass<\/strong>, nuevamente <a href=\"http:\/\/www.imdb.es\/name\/nm1093951\/\" target=\"_blank\">Aaron Taylor-Johnson<\/a>. Como recordar&eacute;is esta vez la pel&iacute;cula est&aacute; en manos de <a href=\"http:\/\/www.imdb.es\/name\/nm0905592\/\" target=\"_blank\">Jeff Wadlow<\/a>, al que ha dejado el puesto de director el productor <a href=\"http:\/\/www.imdb.es\/name\/nm0891216\/\" target=\"_blank\">Matthew Vaughn<\/a>, y nuevamente la cosa promete ser violenta cosa fina si sigue los derroteros marcados por el c&oacute;mic. El film llegar&aacute;, espero, en agosto, y para seguir informados os recuerdo la sinopsis oficial del mismo&#8230;<\/p>\n<blockquote>\n<p>Despu&eacute;s de que Kick-Ass (Aaron Taylor-Johnson) inspirara a una nueva hola de cruzados enmascarados caseros, liderados por el mol&oacute;n Coronel Barras y Estrellas (Jim Carrey), nuestro h&eacute;roe se une a ellos con idea de hacer frente al crimen. Pero cuando estos defensores de la ley amateurs sean capturados por Red Mist (Christopher Mintz-Plasse), y que ahora se hace llamar The Mother F%&amp;*^r, solo la intervenci&oacute;n de Hit Girl (Chl&ouml;e Grace Moretz) podr&aacute; evitar que sean aniquilados.<\/p>\n<p>La &uacute;ltima vez que vimos a Hit Girl y Kick-Ass, estaba intentando hacer vida normal como los teenagers Mindy y Dave. Con la graduaci&oacute;n a la vuelta de la esquina y pocas ideas de que hacer con su futuro, Dave decide fundar el primer equipo de superh&eacute;roes con Mindy. Pero cuando Mindy es &quot;descubierta&quot; en su papel de Hit Girl, deber&aacute; retirarse forzosamente, lo que la dejar&aacute; obligada a sufrir en el mundo de las adolescentes como ella. Dave decide por lo tanto unirse a Justice Forever, supergrupo liderado por ex-mafioso Coronel Barras y Estrellas.<\/p>\n<p>Pero justo cuando comienzan a marcar diferencias en las calles, el m&aacute;s famoso supervillano, The Mother F%&amp;*^r, funda su propio equipo de supervillanos con idea de hacer pagar a Kick-Ass y Hit Girl por lo que hicieron con su padre. Pero aqu&iacute; surgir&aacute; un problema, si te metes con un miembro de Justice Forever, te metes con todos.<\/p>\n<\/blockquote>\n<p class=\"centrado\"><img loading=\"lazy\" decoding=\"async\" src=\"https:\/\/uruloki.org\/felipeblog\/images2013-1\/20130120-kickass2.jpg\" alt=\"Primera imagen de Kick-Ass 2: Balls to the Wall\" width=\"500\" height=\"767\" \/><br \/>\n<em>Primera imagen de Kick-Ass 2: Balls to the Wall v&iacute;a ComicBookMovie.com<\/em><\/p>\n<p>M&aacute;s interesantes noticias de s&aacute;bado \/ domingo. <a href=\"http:\/\/www.variety.com\/article\/VR1118064836\/\" target=\"_blank\">Variety por ejemplo nos cuenta<\/a> que <a href=\"http:\/\/www.imdb.es\/name\/nm0868219\/\" target=\"_blank\">Guillermo del Toro<\/a> tiene ya en mente al actor que debe acompa&ntilde;ar a <a href=\"http:\/\/www.imdb.es\/name\/nm1297015\/\" target=\"_blank\">Emma Stone<\/a>, crucemos los dedos, en su pr&oacute;xima aventura cinematogr&aacute;fica, el fim de terror g&oacute;tico <a href=\"http:\/\/www.imdb.es\/title\/tt2554274\/\" target=\"_blank\">Crimson Peak<\/a> (&iquest;?). Cuentan en el portal que <strong>Legendary Pictures<\/strong> y <strong>Del Toro<\/strong> han ofrecido a <a href=\"http:\/\/www.imdb.es\/name\/nm0402271\/\" target=\"_blank\">Charlie Hunnam<\/a> volver al trabajar con el director mexicano tras su colaboraci&oacute;n en la esperada <a href=\"http:\/\/www.imdb.es\/title\/tt1663662\/\" target=\"_blank\">Pacific Rim<\/a> (2013). Teniendo en cuenta que el film comienza a rodarse en febrero del 2014, todav&iacute;a falta mucho para que nada se confirme y si esto cuaja la vida puede dar mil vueltas. Veremos si finalmente la <strong>Stone<\/strong> y <strong>Hunnam<\/strong> se cruzan en la gran pantalla, lo que queda claro es que si esto ocurre <strong>Crimson Peak<\/strong> pintar&aacute; si cabe mucho mejor de lo que ya lo hace. Y <a href=\"http:\/\/www.hitfix.com\/news\/dane-dehaan-wont-say-if-hes-the-green-goblin-in-amazing-spider-man-2-but-did-someone-else-give-it-away\" target=\"_blank\">ojito al rumor que sueltan as&iacute; al aire la gente de HitFix<\/a> tras pasar por la premiere de <a href=\"http:\/\/www.imdb.es\/title\/tt1311071\/\" target=\"_blank\">Kill Your Darlings<\/a> (2013) en <strong>Sundance<\/strong>. El portal charl&oacute; amigablemente con <a href=\"http:\/\/www.imdb.es\/name\/nm2851530\/\" target=\"_blank\">Dane DeHaan<\/a> sobre su participaci&oacute;n en <a href=\"http:\/\/www.imdb.es\/title\/tt1872181\/\" target=\"_blank\">The Amazing Spider-Man 2<\/a> (&iquest;?) y este les confirm&oacute; que <strong>Harry Osborn<\/strong> formar&aacute; parte de un tri&aacute;ngulo amoroso que ser&aacute; parte de la trama del nuevo film de <strong>Sony<\/strong>. Si bien no quiso entrar en detalles de quienes son los involucrados, <strong>Peter Parker<\/strong> \/ <strong>Mary Jane Watson<\/strong> \/ <strong>Harry Osborn<\/strong>, <strong>Peter Parker<\/strong> \/ <strong>Gwen Stacy<\/strong> \/ <strong>Harry Osborn<\/strong> o, por qu&eacute; no, <strong>Gwen Stacy<\/strong> \/ <strong>Mary Jane Watson<\/strong> \/ <strong>Harry Osborn<\/strong>, el que si lo hizo fue <a href=\"http:\/\/www.imdb.es\/name\/nm1045865\/\" target=\"_blank\">John Krokidas<\/a> soltando as&iacute; sin pensarlo mucho que veremos al <strong>Duende Verde<\/strong> como segundo villano junto a <strong>Electro<\/strong> (<a href=\"http:\/\/www.imdb.es\/name\/nm0004937\/\" target=\"_blank\">Jamie Foxx<\/a>). L&oacute;gicamente la cara de <strong>DeHaan<\/strong> fue esas que buscan no confirmar ni desmentir nada con su expresi&oacute;n&#8230; as&iacute; que veremos. &iquest;Veis  posible contar con dos villanos en <strong>The Amazing Spider-Man 2<\/strong> o por otro lado prefer&iacute;s que recaiga todo sobre un &uacute;nico enemigo?<\/p>\n<p class=\"centrado\"><img loading=\"lazy\" decoding=\"async\" src=\"https:\/\/uruloki.org\/felipeblog\/images2013-1\/20130120-robocop.jpg\" alt=\"Saludemos al modelo EM-208, la antesala de lo que luego ser&aacute; el programa RoboCop\" width=\"500\" height=\"500\" \/><br \/>\n<em>Saludemos al modelo EM-208, la antesala de lo que luego ser&aacute; el programa RoboCop<\/em><\/p>\n<p>Lo que veis  aqu&iacute; arriba no es m&aacute;s que un <strong>EM-208<\/strong> de los que veremos en <a href=\"http:\/\/www.imdb.es\/title\/tt1234721\/\" target=\"_blank\">RoboCop<\/a> (2014) de <a href=\"http:\/\/www.imdb.es\/name\/nm0655683\/\" target=\"_blank\">Jos&eacute; Padilha<\/a>. <a href=\"http:\/\/robocopriot.tumblr.com\/post\/40874345734\/robocop-by-charlieoldman\" target=\"_blank\">Ha aparecido en un blog de tumblr<\/a>, <a href=\"http:\/\/www.bleedingcool.com\/2013\/01\/19\/first-look-at-robocop-remakes-em-208-human-drones\/\" target=\"_blank\">v&iacute;a Bleeding Cool<\/a>. El segundo cuenta que en la trama del film de <strong>Padilha<\/strong> los <strong>EM-208<\/strong> son drones de aspecto humanoide que son liberados en las primeras fases con los ya conocidos <strong>ED-209<\/strong>. Supongo que alg&uacute;n tipo de problemilla lo que lleve a <strong>OmniCorp<\/strong> a valorar llevar adelante el programa <strong>RoboCop<\/strong> usando el esp&eacute;cimen <strong>Alex Murphy<\/strong> (<a href=\"http:\/\/www.imdb.es\/name\/nm1172478\/\" target=\"_blank\">Joel Kinnaman<\/a>) como parte fundamental del programa. Y para terminar con esta entrada indicar que suenan por ah&iacute; rumores de que puede resucitar la versi&oacute;n televisiva de <a href=\"http:\/\/www.imdb.es\/title\/tt1156398\/\" target=\"_blank\">Bienvenidos a Zombieland<\/a> (<em>Zombieland<\/em>, 2009). <a href=\"http:\/\/io9.com\/5976583\/the-zombieland-tv-show-is-going-into-production\" target=\"_blank\">io9.com tiene acceso a unas hojas del gui&oacute;n<\/a> que parece  ser podr&iacute;an estar us&aacute;ndose para las pruebas de casting de varios personajes de la misma. Los nombres suenan, y tanto que deben hacerlo, ya que son los de <strong>Tallahassee<\/strong>, <strong>Columbus<\/strong>, <strong>Wichita<\/strong>, <strong>Little Rock<\/strong> y dos trabajadores de una oficina que responden al nombre de <strong>Fred<\/strong> y <strong>Ainsley<\/strong>. Todo hace pensar que el plan no es otro que reinventar la historia por completo, o al menos volver a presentarnos a todos los personajes que tan bien encarnaron <a href=\"http:\/\/www.imdb.es\/name\/nm0000437\/\" target=\"_blank\">Woody Harrelson<\/a>, <a href=\"http:\/\/www.imdb.es\/name\/nm0251986\/\" target=\"_blank\">Jesse Eisenberg<\/a>, <a href=\"http:\/\/www.imdb.es\/name\/nm1297015\/\" target=\"_blank\">Emma Stone<\/a> y <a href=\"http:\/\/www.imdb.es\/name\/nm1113550\/\" target=\"_blank\">Abigail Breslin<\/a>. &iquest;La verdad? Pues no lo veo&#8230;<\/p>\n","protected":false},"excerpt":{"rendered":"<p>&iquest;Disfrutando de las &uacute;ltimas horas del domingo? Pues si, esto se acaba, ma&ntilde;ana es lunes y muchos de los presentes, afortunados, podremos acudir a nuestro puesto de trabajo. En mi caso acudir&eacute; con la garganta como papel del lija y tras haber sido entrevistado, verg&uuml;encilla la que me de da, en un programa de la [&hellip;]<\/p>\n","protected":false},"author":28,"featured_media":0,"comment_status":"open","ping_status":"open","sticky":false,"template":"","format":"standard","meta":{"footnotes":""},"categories":[10,8,9],"tags":[606,1318,251,1676,596],"class_list":["post-9455","post","type-post","status-publish","format-standard","hentry","category-cine-de-comics","category-cine-de-ciencia-ficcion","category-cine-de-terror","tag-crimson-peak","tag-kick-ass-2-balls-to-the-wall","tag-robocop","tag-the-amazing-spider-man-2","tag-zombieland"],"yoast_head":"<!-- This site is optimized with the Yoast SEO plugin v24.3 - https:\/\/yoast.com\/wordpress\/plugins\/seo\/ -->\n<title>As&iacute; luce la primera imagen oficial de Kick-Ass 2: Balls to the Wall con el Coronel Barras y Estrellas y Kick-Ass, suena Charlie Hunnam para repetir con Guillermo del Toro en Crimson Peak, &iquest;ser&aacute; el Duende Verde el segundo villano de The Amazing Spider-Man 2?, atenci&oacute;n al EM-208, el modelo previo al inicio del programa RoboCop y parece ser que la versi&oacute;n televisiva de Zombieland renace... - Uruloki :: Blog<\/title>\n<meta name=\"robots\" content=\"index, follow, max-snippet:-1, max-image-preview:large, max-video-preview:-1\" \/>\n<link rel=\"canonical\" href=\"https:\/\/www.uruloki.org\/felipeblog\/cine-de-ciencia-ficcion\/as-luce-la-primera-imagen-oficial-de-kick-ass-2-balls-to-the-wall-con-el-coronel-barras-y-estrellas-y-kick-ass-suena-charlie-hunnam-para-repetir-con-guillermo-del-toro-en-crimson-peak-iqu\" \/>\n<meta property=\"og:locale\" content=\"es_ES\" \/>\n<meta property=\"og:type\" content=\"article\" \/>\n<meta property=\"og:title\" content=\"As&iacute; luce la primera imagen oficial de Kick-Ass 2: Balls to the Wall con el Coronel Barras y Estrellas y Kick-Ass, suena Charlie Hunnam para repetir con Guillermo del Toro en Crimson Peak, &iquest;ser&aacute; el Duende Verde el segundo villano de The Amazing Spider-Man 2?, atenci&oacute;n al EM-208, el modelo previo al inicio del programa RoboCop y parece ser que la versi&oacute;n televisiva de Zombieland renace... - Uruloki :: Blog\" \/>\n<meta property=\"og:description\" content=\"&iquest;Disfrutando de las &uacute;ltimas horas del domingo? Pues si, esto se acaba, ma&ntilde;ana es lunes y muchos de los presentes, afortunados, podremos acudir a nuestro puesto de trabajo. En mi caso acudir&eacute; con la garganta como papel del lija y tras haber sido entrevistado, verg&uuml;encilla la que me de da, en un programa de la [&hellip;]\" \/>\n<meta property=\"og:url\" content=\"https:\/\/www.uruloki.org\/felipeblog\/cine-de-ciencia-ficcion\/as-luce-la-primera-imagen-oficial-de-kick-ass-2-balls-to-the-wall-con-el-coronel-barras-y-estrellas-y-kick-ass-suena-charlie-hunnam-para-repetir-con-guillermo-del-toro-en-crimson-peak-iqu\" \/>\n<meta property=\"og:site_name\" content=\"Uruloki :: Blog\" \/>\n<meta property=\"article:publisher\" content=\"https:\/\/www.facebook.com\/uruloki.org\" \/>\n<meta property=\"article:published_time\" content=\"2013-01-20T19:00:32+00:00\" \/>\n<meta property=\"og:image\" content=\"https:\/\/uruloki.org\/felipeblog\/images2013-1\/20130120-kickass2.jpg\" \/>\n<meta name=\"author\" content=\"Uruloki\" \/>\n<meta name=\"twitter:card\" content=\"summary_large_image\" \/>\n<meta name=\"twitter:creator\" content=\"@uruloki\" \/>\n<meta name=\"twitter:site\" content=\"@uruloki\" \/>\n<meta name=\"twitter:label1\" content=\"Escrito por\" \/>\n\t<meta name=\"twitter:data1\" content=\"Uruloki\" \/>\n\t<meta name=\"twitter:label2\" content=\"Tiempo de lectura\" \/>\n\t<meta name=\"twitter:data2\" content=\"6 minutos\" \/>\n<script type=\"application\/ld+json\" class=\"yoast-schema-graph\">{\"@context\":\"https:\/\/schema.org\",\"@graph\":[{\"@type\":\"WebPage\",\"@id\":\"https:\/\/www.uruloki.org\/felipeblog\/cine-de-ciencia-ficcion\/as-luce-la-primera-imagen-oficial-de-kick-ass-2-balls-to-the-wall-con-el-coronel-barras-y-estrellas-y-kick-ass-suena-charlie-hunnam-para-repetir-con-guillermo-del-toro-en-crimson-peak-iqu\",\"url\":\"https:\/\/www.uruloki.org\/felipeblog\/cine-de-ciencia-ficcion\/as-luce-la-primera-imagen-oficial-de-kick-ass-2-balls-to-the-wall-con-el-coronel-barras-y-estrellas-y-kick-ass-suena-charlie-hunnam-para-repetir-con-guillermo-del-toro-en-crimson-peak-iqu\",\"name\":\"As&iacute; luce la primera imagen oficial de Kick-Ass 2: Balls to the Wall con el Coronel Barras y Estrellas y Kick-Ass, suena Charlie Hunnam para repetir con Guillermo del Toro en Crimson Peak, &iquest;ser&aacute; el Duende Verde el segundo villano de The Amazing Spider-Man 2?, atenci&oacute;n al EM-208, el modelo previo al inicio del programa RoboCop y parece ser que la versi&oacute;n televisiva de Zombieland renace... - Uruloki :: Blog\",\"isPartOf\":{\"@id\":\"https:\/\/www.uruloki.org\/felipeblog\/#website\"},\"primaryImageOfPage\":{\"@id\":\"https:\/\/www.uruloki.org\/felipeblog\/cine-de-ciencia-ficcion\/as-luce-la-primera-imagen-oficial-de-kick-ass-2-balls-to-the-wall-con-el-coronel-barras-y-estrellas-y-kick-ass-suena-charlie-hunnam-para-repetir-con-guillermo-del-toro-en-crimson-peak-iqu#primaryimage\"},\"image\":{\"@id\":\"https:\/\/www.uruloki.org\/felipeblog\/cine-de-ciencia-ficcion\/as-luce-la-primera-imagen-oficial-de-kick-ass-2-balls-to-the-wall-con-el-coronel-barras-y-estrellas-y-kick-ass-suena-charlie-hunnam-para-repetir-con-guillermo-del-toro-en-crimson-peak-iqu#primaryimage\"},\"thumbnailUrl\":\"https:\/\/uruloki.org\/felipeblog\/images2013-1\/20130120-kickass2.jpg\",\"datePublished\":\"2013-01-20T19:00:32+00:00\",\"dateModified\":\"2013-01-20T19:00:32+00:00\",\"author\":{\"@id\":\"https:\/\/www.uruloki.org\/felipeblog\/#\/schema\/person\/ddba06ddaa27edf0c370460d05c51bb3\"},\"breadcrumb\":{\"@id\":\"https:\/\/www.uruloki.org\/felipeblog\/cine-de-ciencia-ficcion\/as-luce-la-primera-imagen-oficial-de-kick-ass-2-balls-to-the-wall-con-el-coronel-barras-y-estrellas-y-kick-ass-suena-charlie-hunnam-para-repetir-con-guillermo-del-toro-en-crimson-peak-iqu#breadcrumb\"},\"inLanguage\":\"es\",\"potentialAction\":[{\"@type\":\"ReadAction\",\"target\":[\"https:\/\/www.uruloki.org\/felipeblog\/cine-de-ciencia-ficcion\/as-luce-la-primera-imagen-oficial-de-kick-ass-2-balls-to-the-wall-con-el-coronel-barras-y-estrellas-y-kick-ass-suena-charlie-hunnam-para-repetir-con-guillermo-del-toro-en-crimson-peak-iqu\"]}]},{\"@type\":\"ImageObject\",\"inLanguage\":\"es\",\"@id\":\"https:\/\/www.uruloki.org\/felipeblog\/cine-de-ciencia-ficcion\/as-luce-la-primera-imagen-oficial-de-kick-ass-2-balls-to-the-wall-con-el-coronel-barras-y-estrellas-y-kick-ass-suena-charlie-hunnam-para-repetir-con-guillermo-del-toro-en-crimson-peak-iqu#primaryimage\",\"url\":\"https:\/\/uruloki.org\/felipeblog\/images2013-1\/20130120-kickass2.jpg\",\"contentUrl\":\"https:\/\/uruloki.org\/felipeblog\/images2013-1\/20130120-kickass2.jpg\"},{\"@type\":\"BreadcrumbList\",\"@id\":\"https:\/\/www.uruloki.org\/felipeblog\/cine-de-ciencia-ficcion\/as-luce-la-primera-imagen-oficial-de-kick-ass-2-balls-to-the-wall-con-el-coronel-barras-y-estrellas-y-kick-ass-suena-charlie-hunnam-para-repetir-con-guillermo-del-toro-en-crimson-peak-iqu#breadcrumb\",\"itemListElement\":[{\"@type\":\"ListItem\",\"position\":1,\"name\":\"Portada\",\"item\":\"https:\/\/www.uruloki.org\/felipeblog\"},{\"@type\":\"ListItem\",\"position\":2,\"name\":\"As&iacute; luce la primera imagen oficial de Kick-Ass 2: Balls to the Wall con el Coronel Barras y Estrellas y Kick-Ass, suena Charlie Hunnam para repetir con Guillermo del Toro en Crimson Peak, &iquest;ser&aacute; el Duende Verde el segundo villano de The Amazing Spider-Man 2?, atenci&oacute;n al EM-208, el modelo previo al inicio del programa RoboCop y parece ser que la versi&oacute;n televisiva de Zombieland renace&#8230;\"}]},{\"@type\":\"WebSite\",\"@id\":\"https:\/\/www.uruloki.org\/felipeblog\/#website\",\"url\":\"https:\/\/www.uruloki.org\/felipeblog\/\",\"name\":\"Uruloki :: Blog\",\"description\":\"Blog de cine, terror, ciencia ficci\u00f3n, fantas\u00eda y c\u00f3mics\",\"potentialAction\":[{\"@type\":\"SearchAction\",\"target\":{\"@type\":\"EntryPoint\",\"urlTemplate\":\"https:\/\/www.uruloki.org\/felipeblog\/?s={search_term_string}\"},\"query-input\":{\"@type\":\"PropertyValueSpecification\",\"valueRequired\":true,\"valueName\":\"search_term_string\"}}],\"inLanguage\":\"es\"},{\"@type\":\"Person\",\"@id\":\"https:\/\/www.uruloki.org\/felipeblog\/#\/schema\/person\/ddba06ddaa27edf0c370460d05c51bb3\",\"name\":\"Uruloki\",\"image\":{\"@type\":\"ImageObject\",\"inLanguage\":\"es\",\"@id\":\"https:\/\/www.uruloki.org\/felipeblog\/#\/schema\/person\/image\/\",\"url\":\"https:\/\/secure.gravatar.com\/avatar\/68d5301c5f52ba88fd63f02c75b8c4d1b3c3fc4b21e2998a1e98c4b3a54d9f7c?s=96&d=mm&r=g\",\"contentUrl\":\"https:\/\/secure.gravatar.com\/avatar\/68d5301c5f52ba88fd63f02c75b8c4d1b3c3fc4b21e2998a1e98c4b3a54d9f7c?s=96&d=mm&r=g\",\"caption\":\"Uruloki\"},\"sameAs\":[\"https:\/\/uruloki.org\"],\"url\":\"https:\/\/www.uruloki.org\/felipeblog\/author\/admin-2-2-2\"}]}<\/script>\n<!-- \/ Yoast SEO plugin. -->","yoast_head_json":{"title":"As&iacute; luce la primera imagen oficial de Kick-Ass 2: Balls to the Wall con el Coronel Barras y Estrellas y Kick-Ass, suena Charlie Hunnam para repetir con Guillermo del Toro en Crimson Peak, &iquest;ser&aacute; el Duende Verde el segundo villano de The Amazing Spider-Man 2?, atenci&oacute;n al EM-208, el modelo previo al inicio del programa RoboCop y parece ser que la versi&oacute;n televisiva de Zombieland renace... - Uruloki :: Blog","robots":{"index":"index","follow":"follow","max-snippet":"max-snippet:-1","max-image-preview":"max-image-preview:large","max-video-preview":"max-video-preview:-1"},"canonical":"https:\/\/www.uruloki.org\/felipeblog\/cine-de-ciencia-ficcion\/as-luce-la-primera-imagen-oficial-de-kick-ass-2-balls-to-the-wall-con-el-coronel-barras-y-estrellas-y-kick-ass-suena-charlie-hunnam-para-repetir-con-guillermo-del-toro-en-crimson-peak-iqu","og_locale":"es_ES","og_type":"article","og_title":"As&iacute; luce la primera imagen oficial de Kick-Ass 2: Balls to the Wall con el Coronel Barras y Estrellas y Kick-Ass, suena Charlie Hunnam para repetir con Guillermo del Toro en Crimson Peak, &iquest;ser&aacute; el Duende Verde el segundo villano de The Amazing Spider-Man 2?, atenci&oacute;n al EM-208, el modelo previo al inicio del programa RoboCop y parece ser que la versi&oacute;n televisiva de Zombieland renace... - Uruloki :: Blog","og_description":"&iquest;Disfrutando de las &uacute;ltimas horas del domingo? Pues si, esto se acaba, ma&ntilde;ana es lunes y muchos de los presentes, afortunados, podremos acudir a nuestro puesto de trabajo. En mi caso acudir&eacute; con la garganta como papel del lija y tras haber sido entrevistado, verg&uuml;encilla la que me de da, en un programa de la [&hellip;]","og_url":"https:\/\/www.uruloki.org\/felipeblog\/cine-de-ciencia-ficcion\/as-luce-la-primera-imagen-oficial-de-kick-ass-2-balls-to-the-wall-con-el-coronel-barras-y-estrellas-y-kick-ass-suena-charlie-hunnam-para-repetir-con-guillermo-del-toro-en-crimson-peak-iqu","og_site_name":"Uruloki :: Blog","article_publisher":"https:\/\/www.facebook.com\/uruloki.org","article_published_time":"2013-01-20T19:00:32+00:00","og_image":[{"url":"https:\/\/uruloki.org\/felipeblog\/images2013-1\/20130120-kickass2.jpg","type":"","width":"","height":""}],"author":"Uruloki","twitter_card":"summary_large_image","twitter_creator":"@uruloki","twitter_site":"@uruloki","twitter_misc":{"Escrito por":"Uruloki","Tiempo de lectura":"6 minutos"},"schema":{"@context":"https:\/\/schema.org","@graph":[{"@type":"WebPage","@id":"https:\/\/www.uruloki.org\/felipeblog\/cine-de-ciencia-ficcion\/as-luce-la-primera-imagen-oficial-de-kick-ass-2-balls-to-the-wall-con-el-coronel-barras-y-estrellas-y-kick-ass-suena-charlie-hunnam-para-repetir-con-guillermo-del-toro-en-crimson-peak-iqu","url":"https:\/\/www.uruloki.org\/felipeblog\/cine-de-ciencia-ficcion\/as-luce-la-primera-imagen-oficial-de-kick-ass-2-balls-to-the-wall-con-el-coronel-barras-y-estrellas-y-kick-ass-suena-charlie-hunnam-para-repetir-con-guillermo-del-toro-en-crimson-peak-iqu","name":"As&iacute; luce la primera imagen oficial de Kick-Ass 2: Balls to the Wall con el Coronel Barras y Estrellas y Kick-Ass, suena Charlie Hunnam para repetir con Guillermo del Toro en Crimson Peak, &iquest;ser&aacute; el Duende Verde el segundo villano de The Amazing Spider-Man 2?, atenci&oacute;n al EM-208, el modelo previo al inicio del programa RoboCop y parece ser que la versi&oacute;n televisiva de Zombieland renace... - Uruloki :: Blog","isPartOf":{"@id":"https:\/\/www.uruloki.org\/felipeblog\/#website"},"primaryImageOfPage":{"@id":"https:\/\/www.uruloki.org\/felipeblog\/cine-de-ciencia-ficcion\/as-luce-la-primera-imagen-oficial-de-kick-ass-2-balls-to-the-wall-con-el-coronel-barras-y-estrellas-y-kick-ass-suena-charlie-hunnam-para-repetir-con-guillermo-del-toro-en-crimson-peak-iqu#primaryimage"},"image":{"@id":"https:\/\/www.uruloki.org\/felipeblog\/cine-de-ciencia-ficcion\/as-luce-la-primera-imagen-oficial-de-kick-ass-2-balls-to-the-wall-con-el-coronel-barras-y-estrellas-y-kick-ass-suena-charlie-hunnam-para-repetir-con-guillermo-del-toro-en-crimson-peak-iqu#primaryimage"},"thumbnailUrl":"https:\/\/uruloki.org\/felipeblog\/images2013-1\/20130120-kickass2.jpg","datePublished":"2013-01-20T19:00:32+00:00","dateModified":"2013-01-20T19:00:32+00:00","author":{"@id":"https:\/\/www.uruloki.org\/felipeblog\/#\/schema\/person\/ddba06ddaa27edf0c370460d05c51bb3"},"breadcrumb":{"@id":"https:\/\/www.uruloki.org\/felipeblog\/cine-de-ciencia-ficcion\/as-luce-la-primera-imagen-oficial-de-kick-ass-2-balls-to-the-wall-con-el-coronel-barras-y-estrellas-y-kick-ass-suena-charlie-hunnam-para-repetir-con-guillermo-del-toro-en-crimson-peak-iqu#breadcrumb"},"inLanguage":"es","potentialAction":[{"@type":"ReadAction","target":["https:\/\/www.uruloki.org\/felipeblog\/cine-de-ciencia-ficcion\/as-luce-la-primera-imagen-oficial-de-kick-ass-2-balls-to-the-wall-con-el-coronel-barras-y-estrellas-y-kick-ass-suena-charlie-hunnam-para-repetir-con-guillermo-del-toro-en-crimson-peak-iqu"]}]},{"@type":"ImageObject","inLanguage":"es","@id":"https:\/\/www.uruloki.org\/felipeblog\/cine-de-ciencia-ficcion\/as-luce-la-primera-imagen-oficial-de-kick-ass-2-balls-to-the-wall-con-el-coronel-barras-y-estrellas-y-kick-ass-suena-charlie-hunnam-para-repetir-con-guillermo-del-toro-en-crimson-peak-iqu#primaryimage","url":"https:\/\/uruloki.org\/felipeblog\/images2013-1\/20130120-kickass2.jpg","contentUrl":"https:\/\/uruloki.org\/felipeblog\/images2013-1\/20130120-kickass2.jpg"},{"@type":"BreadcrumbList","@id":"https:\/\/www.uruloki.org\/felipeblog\/cine-de-ciencia-ficcion\/as-luce-la-primera-imagen-oficial-de-kick-ass-2-balls-to-the-wall-con-el-coronel-barras-y-estrellas-y-kick-ass-suena-charlie-hunnam-para-repetir-con-guillermo-del-toro-en-crimson-peak-iqu#breadcrumb","itemListElement":[{"@type":"ListItem","position":1,"name":"Portada","item":"https:\/\/www.uruloki.org\/felipeblog"},{"@type":"ListItem","position":2,"name":"As&iacute; luce la primera imagen oficial de Kick-Ass 2: Balls to the Wall con el Coronel Barras y Estrellas y Kick-Ass, suena Charlie Hunnam para repetir con Guillermo del Toro en Crimson Peak, &iquest;ser&aacute; el Duende Verde el segundo villano de The Amazing Spider-Man 2?, atenci&oacute;n al EM-208, el modelo previo al inicio del programa RoboCop y parece ser que la versi&oacute;n televisiva de Zombieland renace&#8230;"}]},{"@type":"WebSite","@id":"https:\/\/www.uruloki.org\/felipeblog\/#website","url":"https:\/\/www.uruloki.org\/felipeblog\/","name":"Uruloki :: Blog","description":"Blog de cine, terror, ciencia ficci\u00f3n, fantas\u00eda y c\u00f3mics","potentialAction":[{"@type":"SearchAction","target":{"@type":"EntryPoint","urlTemplate":"https:\/\/www.uruloki.org\/felipeblog\/?s={search_term_string}"},"query-input":{"@type":"PropertyValueSpecification","valueRequired":true,"valueName":"search_term_string"}}],"inLanguage":"es"},{"@type":"Person","@id":"https:\/\/www.uruloki.org\/felipeblog\/#\/schema\/person\/ddba06ddaa27edf0c370460d05c51bb3","name":"Uruloki","image":{"@type":"ImageObject","inLanguage":"es","@id":"https:\/\/www.uruloki.org\/felipeblog\/#\/schema\/person\/image\/","url":"https:\/\/secure.gravatar.com\/avatar\/68d5301c5f52ba88fd63f02c75b8c4d1b3c3fc4b21e2998a1e98c4b3a54d9f7c?s=96&d=mm&r=g","contentUrl":"https:\/\/secure.gravatar.com\/avatar\/68d5301c5f52ba88fd63f02c75b8c4d1b3c3fc4b21e2998a1e98c4b3a54d9f7c?s=96&d=mm&r=g","caption":"Uruloki"},"sameAs":["https:\/\/uruloki.org"],"url":"https:\/\/www.uruloki.org\/felipeblog\/author\/admin-2-2-2"}]}},"_links":{"self":[{"href":"https:\/\/www.uruloki.org\/felipeblog\/wp-json\/wp\/v2\/posts\/9455","targetHints":{"allow":["GET"]}}],"collection":[{"href":"https:\/\/www.uruloki.org\/felipeblog\/wp-json\/wp\/v2\/posts"}],"about":[{"href":"https:\/\/www.uruloki.org\/felipeblog\/wp-json\/wp\/v2\/types\/post"}],"author":[{"embeddable":true,"href":"https:\/\/www.uruloki.org\/felipeblog\/wp-json\/wp\/v2\/users\/28"}],"replies":[{"embeddable":true,"href":"https:\/\/www.uruloki.org\/felipeblog\/wp-json\/wp\/v2\/comments?post=9455"}],"version-history":[{"count":1,"href":"https:\/\/www.uruloki.org\/felipeblog\/wp-json\/wp\/v2\/posts\/9455\/revisions"}],"predecessor-version":[{"id":9456,"href":"https:\/\/www.uruloki.org\/felipeblog\/wp-json\/wp\/v2\/posts\/9455\/revisions\/9456"}],"wp:attachment":[{"href":"https:\/\/www.uruloki.org\/felipeblog\/wp-json\/wp\/v2\/media?parent=9455"}],"wp:term":[{"taxonomy":"category","embeddable":true,"href":"https:\/\/www.uruloki.org\/felipeblog\/wp-json\/wp\/v2\/categories?post=9455"},{"taxonomy":"post_tag","embeddable":true,"href":"https:\/\/www.uruloki.org\/felipeblog\/wp-json\/wp\/v2\/tags?post=9455"}],"curies":[{"name":"wp","href":"https:\/\/api.w.org\/{rel}","templated":true}]}}