{"id":939,"date":"2007-03-04T23:00:21","date_gmt":"2007-03-04T22:00:21","guid":{"rendered":"https:\/\/uruloki.org\/felipeblog\/cine-de-cmics\/noticiero-comiquero-sabiais-que-en-san-francisco-se-ha-celebrado-la-wondercon"},"modified":"2007-03-05T00:22:07","modified_gmt":"2007-03-04T23:22:07","slug":"noticiero-comiquero-sabiais-que-en-san-francisco-se-ha-celebrado-la-wondercon","status":"publish","type":"post","link":"https:\/\/www.uruloki.org\/felipeblog\/cine-de-comics\/noticiero-comiquero-sabiais-que-en-san-francisco-se-ha-celebrado-la-wondercon","title":{"rendered":"Noticiero comiquero: &iquest;sabiais que en San Francisco se ha celebrado la WonderCon? y, para variar, cosas de Werewolf Women of the SS&#8230;"},"content":{"rendered":"<p><a href=\"http:\/\/www.flickr.com\/photos\/27286063@N00\/410568230\/\" title=\"Sheri Moon en Werewolf Women of the SS\" target=\"_blank\"><img loading=\"lazy\" decoding=\"async\" src=\"http:\/\/farm1.static.flickr.com\/179\/410568230_faea3f3aa9_o.jpg\" width=\"216\" height=\"325\" alt=\"Sheri Moon en Werewolf Women of the SS\" border=\"1\" style=\"float:right; margin-bottom:10px; margin-left:10px;\" \/><\/a>Antes de ponerme con las mininoticias del d&iacute;a a la velocidad del rayo os comento que hoy ha sido el d&iacute;a elegido para reunirme con <strong>Alberto Hortas<\/strong>, coleguilla compostelano que ha tenido la oportunidad de participar en el desarrollo de los efectos especiales de <a href=\"http:\/\/www.imdb.com\/title\/tt0457430\/\" target=\"_blank\" title=\"Info de El laberinto del Fauno\">El laberinto del Fauno<\/a> (2006). Todo se puede resumir en una intensa tarde de charla donde ha habido tiempo para una entrevista que colgar&eacute; ma&ntilde;ana o pasado, ir al cine a ver por segunda vez la pel&iacute;cula y discutir como se hizo esto o aquello, comentar como va la vida y conocer a su mentor <strong>Ricardo Spencer<\/strong>. Vamos, estoy encantado. Ahora las noticias!<\/p>\n<p>El d&iacute;a de hoy viene marcado principalmente por los detalles desvelados en la <strong>WonderCon<\/strong> que se ha celebrado este fin de semana en <strong>San Francisco<\/strong>. En la feria cinefilo comiquera han ido soltando peque&ntilde;as dosis noticieras de mediano inter&eacute;s pero sin llegar al nivel de la <strong>Comic Con de San Diego<\/strong> que se celebrar&aacute; el pr&oacute;ximo m&eacute;s de julio. Por ejemplo, <a href=\"http:\/\/www.imdb.com\/name\/nm0811583\/\" target=\"_blank\" title=\"Filmograf&iacute;a de Zack Snyder\">Zack Snyder<\/a> ha ido a presentar la inminente <a href=\"http:\/\/www.imdb.com\/title\/tt0416449\/\" target=\"_blank\" title=\"Info de 300\">300<\/a> (2007) que se estrenar&aacute; el fin de semana que viene en los USA y el pr&oacute;ximo d&iacute;a 23 de marzo por estas tierras. En la presentaci&oacute;n del film <strong>Snyder<\/strong> ha anunciado que en cuanto capee el temporal de la adaptaci&oacute;n de la novela gr&aacute;fica de <a href=\"http:\/\/en.wikipedia.org\/wiki\/Frank_Miller_%28comics%29\" target=\"_blank\" title=\"Frank Miller por la Wikipedia\">Frank Miller<\/a> se pondr&aacute; a tope con <a href=\"http:\/\/www.imdb.com\/title\/tt0409459\/\" target=\"_blank\" title=\"Info de Watchmen\">Watchmen<\/a> (2008), la esperada y enternamente postergada adaptaci&oacute;n de la novela gr&aacute;fica de <a href=\"http:\/\/en.wikipedia.org\/wiki\/Alan_Moore\" target=\"_blank\" title=\"Alan Moore por la Wikipedia\">Alan Moore<\/a> y <a href=\"http:\/\/en.wikipedia.org\/wiki\/Dave_Gibbons\" target=\"_blank\" title=\"Dave Gibbons por la Wikipedia\">Dave Gibbons<\/a>. Curioso es el <a href=\"http:\/\/iesb.net\/index.php?option=com_content&amp;task=view&amp;id=1990&amp;Itemid=99\" target=\"_blank\" title=\"Interesante aportaci&oacute;n la de IESB\">detalle aportado por la web IESB<\/a>, indican que en una charla mantenida con <strong>Zack Snyder<\/strong>, este ha confirmado a <a href=\"http:\/\/www.imdb.com\/name\/nm0124930\/\" target=\"_blank\" title=\"Filmograf&iacute;a de Gerard Butler\">Gerard Butler<\/a>, el <strong>Rey Le&oacute;nidas<\/strong> en <strong>300<\/strong>, para un papel en su nuevo film. En la misma feria se pudo ver el nuevo trailer de <a href=\"http:\/\/www.imdb.com\/title\/tt0413300\/\" target=\"_blank\" title=\"Info de Spiderman 3\">Spiderman 3<\/a> (2007) que ser&aacute; estrenado ma&ntilde;ana en la <strong>NBC<\/strong> junto a nuevo episodio de <a href=\"http:\/\/www.imdb.com\/title\/tt0813715\/\" target=\"_blank\" title=\"Info de Heroes\">Heroes<\/a>. La noticia aqu&iacute; est&aacute; en que podremos ver de nuevo a <strong>Veneno<\/strong>! Lo malo es que todo apunta a que veremos nuevamente la <a href=\"https:\/\/uruloki.org\/felipeblog\/cine-de-cmics\/os-presento-a-venom-primeras-imgenes-de-venom-en-spiderman-3\" title=\"Venom di&oacute; la cara hace ya unos meses\">secuencia desvelada hace unos meses<\/a>&#8230; nada nuevo entonces. Si no pod&eacute;is esperar a un d&iacute;a de estos os pod&eacute;is imaginar con todo detalles como es el nuevo trailer <a href=\"http:\/\/www.firstshowing.net\/2007\/03\/03\/new-wondercon-spider-man-3-trailer-details\/\" target=\"_blank\" title=\"Leer el nuevo trailer de Spiderman 3\">visitando por ejemplo la web Firstshowing<\/a>. Sin dejar el tema comiquero el <a href=\"http:\/\/www.firstshowing.net\/2007\/03\/03\/overheard-at-wondercon-jolie-confirmed-for-sin-city-2\/\" target=\"_blank\" title=\"&iquest;Angelina Jolie finalmente en Sin City 2?\">tercer bombazo de la feria<\/a>&#8230; todo apunta a que <a href=\"http:\/\/www.imdb.com\/name\/nm0001401\/\" target=\"_blank\" title=\"Filmograf&iacute;a de Angelina Jolie\">Angelina Jolie<\/a> estar&aacute; finalmente en <a href=\"http:\/\/www.imdb.com\/title\/tt0458481\/\" target=\"_blank\" title=\"Info de Sin City 2\">Sin City 2<\/a> (2008). Despu&eacute;s de todos los <a href=\"https:\/\/uruloki.org\/felipeblog\/cine-de-cmics\/what-if-galactus-y-silver-surfer-y-otras-noticias-comiqueras\" title=\"Angelina Jolie en Sin City 2\">tira<\/a> y <a href=\"https:\/\/uruloki.org\/felipeblog\/cine-de-cmics\/novedades-dispares-adioses-de-daredevil-y-sin-city-y-holas-de-blood-y-bloodrayne-2\" title=\"Angelina Jolie embarazada\">afloja<\/a> de los <a href=\"https:\/\/uruloki.org\/felipeblog\/cine-de-cmics\/ironman-se-desmelena-sin-city-se-renueva-y-superman-se-apelotona\" title=\"Angelina Jolie sustituida\">&uacute;ltimos meses<\/a> parece ser que a un 90% la <strong>Jolie<\/strong> se codear&aacute; en blanco y negro con otras grandes mujeres espect&aacute;culo en la adaptaci&oacute;n de <strong>Matar&iacute;a por ella<\/strong>.<\/p>\n<p><a href=\"http:\/\/www.flickr.com\/photos\/27286063@N00\/410568320\/\" title=\"Sheri Moon y Sybil Daning en Werewolf Women of the SS\" target=\"_blank\"><img loading=\"lazy\" decoding=\"async\" src=\"http:\/\/farm1.static.flickr.com\/168\/410568320_0b9af78bd2_o.jpg\" width=\"325\" height=\"216\" alt=\"Sheri Moon y Sybil Daning en Werewolf Women of the SS\" border=\"1\" style=\"float:left; margin-bottom:10px; margin-right:10px;\" \/><\/a>Remato con un par de mini detalles. Primer el <a href=\"http:\/\/www.superherohype.com\/news\/topnews.php?id=5283\" target=\"_blank\" title=\"Eso comentan en Superherohype... &iquest;cine negro?\">anuncio de que ya est&aacute; listo<\/a> el gui&oacute;n cinematogr&aacute;fico basado en <strong>Jinx<\/strong>, la obra de <a href=\"http:\/\/en.wikipedia.org\/wiki\/Brian_Michael_Bendis\" target=\"_blank\" title=\"Brian Michael Bendis por la Wikipedia\">Brian Michael Bendis<\/a>. Al frente de la producci&oacute;n la major <strong>Universal Pictures<\/strong> que, adem&aacute;s, parece ser uqe ya ha fichado a <a href=\"http:\/\/www.imdb.com\/name\/nm0000234\/\" target=\"_blank\" title=\"Filmograf&iacute;a de Charlize Theron\">Charlize Theron<\/a> para protagonizar el film&#8230; esperemos que lo haga mejor que con <a href=\"https:\/\/uruloki.org\/felipeblog\/cine-de-ciencia-ficcin\/aeon-bluf-perdn-flux-opinin\" title=\"Aeon Bluf...\">Aeon Flux<\/a> (2005). <strong>Jinx<\/strong> narra la historia de una cazadora de recompensas, <strong>Jinx Alameda<\/strong>, y un timador de poca monta, <strong>Goldfish<\/strong>, su relaci&oacute;n personal, el mundo que les rodea y la b&uacute;squeda de un tesoro de un mafioso que les puede resolver la vida. De <strong>Bendis<\/strong> me gustar&iacute;a m&aacute;s <strong>Torso<\/strong>&#8230; <a href=\"https:\/\/uruloki.org\/felipeblog\/cine-de-cmics\/torso-de-bendis-y-andreyko-ser-llevada-al-cine\" title=\"&iquest;Torso al cine?\">se coment&oacute; hace tiempo que se iba a llevar al cine<\/a>. Segundo y definitovo, las fotos que acompa&ntilde;an al post de hoy: dos nuevas de los tres minutos que dura <strong>Werewolf Women of the SS<\/strong> de <a href=\"http:\/\/www.imdb.com\/name\/nm0957772\/\" target=\"_blank\" title=\"Filmograf&iacute;a de Rob Zombie\">Rob Zombie<\/a> para <a href=\"http:\/\/www.imdb.com\/title\/tt0462322\/\" target=\"_blank\" title=\"Info de Grindhouse\">Grindhouse<\/a> (2007), y una de <a href=\"http:\/\/www.imdb.com\/title\/tt0884328\/\" target=\"_blank\" title=\"Info de The Mist\">The Mist<\/a> (2007), lo nuevo de <a href=\"http:\/\/www.imdb.com\/name\/nm0001104\/\" target=\"_blank\" title=\"Filmograf&iacute;a de Frank Darabont\">Frank Darabont<\/a> basado en un libro de <a href=\"http:\/\/en.wikipedia.org\/wiki\/Stephen_King\" target=\"_blank\" title=\"Stephen King por la Wikipedia\">Stephen King<\/a>&#8230; <\/p>\n","protected":false},"excerpt":{"rendered":"<p>Antes de ponerme con las mininoticias del d&iacute;a a la velocidad del rayo os comento que hoy ha sido el d&iacute;a elegido para reunirme con Alberto Hortas, coleguilla compostelano que ha tenido la oportunidad de participar en el desarrollo de los efectos especiales de El laberinto del Fauno (2006). Todo se puede resumir en una [&hellip;]<\/p>\n","protected":false},"author":28,"featured_media":0,"comment_status":"open","ping_status":"open","sticky":false,"template":"","format":"standard","meta":{"footnotes":""},"categories":[10,22],"tags":[],"class_list":["post-939","post","type-post","status-publish","format-standard","hentry","category-cine-de-comics","category-grindhouse"],"yoast_head":"<!-- This site is optimized with the Yoast SEO plugin v24.3 - https:\/\/yoast.com\/wordpress\/plugins\/seo\/ -->\n<title>Noticiero comiquero: &iquest;sabiais que en San Francisco se ha celebrado la WonderCon? y, para variar, cosas de Werewolf Women of the SS... - Uruloki :: Blog<\/title>\n<meta name=\"robots\" content=\"index, follow, max-snippet:-1, max-image-preview:large, max-video-preview:-1\" \/>\n<link rel=\"canonical\" href=\"https:\/\/www.uruloki.org\/felipeblog\/cine-de-comics\/noticiero-comiquero-sabiais-que-en-san-francisco-se-ha-celebrado-la-wondercon\" \/>\n<meta property=\"og:locale\" content=\"es_ES\" \/>\n<meta property=\"og:type\" content=\"article\" \/>\n<meta property=\"og:title\" content=\"Noticiero comiquero: &iquest;sabiais que en San Francisco se ha celebrado la WonderCon? y, para variar, cosas de Werewolf Women of the SS... - Uruloki :: Blog\" \/>\n<meta property=\"og:description\" content=\"Antes de ponerme con las mininoticias del d&iacute;a a la velocidad del rayo os comento que hoy ha sido el d&iacute;a elegido para reunirme con Alberto Hortas, coleguilla compostelano que ha tenido la oportunidad de participar en el desarrollo de los efectos especiales de El laberinto del Fauno (2006). Todo se puede resumir en una [&hellip;]\" \/>\n<meta property=\"og:url\" content=\"https:\/\/www.uruloki.org\/felipeblog\/cine-de-comics\/noticiero-comiquero-sabiais-que-en-san-francisco-se-ha-celebrado-la-wondercon\" \/>\n<meta property=\"og:site_name\" content=\"Uruloki :: Blog\" \/>\n<meta property=\"article:publisher\" content=\"https:\/\/www.facebook.com\/uruloki.org\" \/>\n<meta property=\"article:published_time\" content=\"2007-03-04T22:00:21+00:00\" \/>\n<meta property=\"article:modified_time\" content=\"2007-03-04T23:22:07+00:00\" \/>\n<meta property=\"og:image\" content=\"http:\/\/farm1.static.flickr.com\/179\/410568230_faea3f3aa9_o.jpg\" \/>\n<meta name=\"author\" content=\"Uruloki\" \/>\n<meta name=\"twitter:card\" content=\"summary_large_image\" \/>\n<meta name=\"twitter:creator\" content=\"@uruloki\" \/>\n<meta name=\"twitter:site\" content=\"@uruloki\" \/>\n<meta name=\"twitter:label1\" content=\"Escrito por\" \/>\n\t<meta name=\"twitter:data1\" content=\"Uruloki\" \/>\n\t<meta name=\"twitter:label2\" content=\"Tiempo de lectura\" \/>\n\t<meta name=\"twitter:data2\" content=\"3 minutos\" \/>\n<script type=\"application\/ld+json\" class=\"yoast-schema-graph\">{\"@context\":\"https:\/\/schema.org\",\"@graph\":[{\"@type\":\"WebPage\",\"@id\":\"https:\/\/www.uruloki.org\/felipeblog\/cine-de-comics\/noticiero-comiquero-sabiais-que-en-san-francisco-se-ha-celebrado-la-wondercon\",\"url\":\"https:\/\/www.uruloki.org\/felipeblog\/cine-de-comics\/noticiero-comiquero-sabiais-que-en-san-francisco-se-ha-celebrado-la-wondercon\",\"name\":\"Noticiero comiquero: &iquest;sabiais que en San Francisco se ha celebrado la WonderCon? y, para variar, cosas de Werewolf Women of the SS... - Uruloki :: Blog\",\"isPartOf\":{\"@id\":\"https:\/\/www.uruloki.org\/felipeblog\/#website\"},\"primaryImageOfPage\":{\"@id\":\"https:\/\/www.uruloki.org\/felipeblog\/cine-de-comics\/noticiero-comiquero-sabiais-que-en-san-francisco-se-ha-celebrado-la-wondercon#primaryimage\"},\"image\":{\"@id\":\"https:\/\/www.uruloki.org\/felipeblog\/cine-de-comics\/noticiero-comiquero-sabiais-que-en-san-francisco-se-ha-celebrado-la-wondercon#primaryimage\"},\"thumbnailUrl\":\"http:\/\/farm1.static.flickr.com\/179\/410568230_faea3f3aa9_o.jpg\",\"datePublished\":\"2007-03-04T22:00:21+00:00\",\"dateModified\":\"2007-03-04T23:22:07+00:00\",\"author\":{\"@id\":\"https:\/\/www.uruloki.org\/felipeblog\/#\/schema\/person\/ddba06ddaa27edf0c370460d05c51bb3\"},\"breadcrumb\":{\"@id\":\"https:\/\/www.uruloki.org\/felipeblog\/cine-de-comics\/noticiero-comiquero-sabiais-que-en-san-francisco-se-ha-celebrado-la-wondercon#breadcrumb\"},\"inLanguage\":\"es\",\"potentialAction\":[{\"@type\":\"ReadAction\",\"target\":[\"https:\/\/www.uruloki.org\/felipeblog\/cine-de-comics\/noticiero-comiquero-sabiais-que-en-san-francisco-se-ha-celebrado-la-wondercon\"]}]},{\"@type\":\"ImageObject\",\"inLanguage\":\"es\",\"@id\":\"https:\/\/www.uruloki.org\/felipeblog\/cine-de-comics\/noticiero-comiquero-sabiais-que-en-san-francisco-se-ha-celebrado-la-wondercon#primaryimage\",\"url\":\"http:\/\/farm1.static.flickr.com\/179\/410568230_faea3f3aa9_o.jpg\",\"contentUrl\":\"http:\/\/farm1.static.flickr.com\/179\/410568230_faea3f3aa9_o.jpg\"},{\"@type\":\"BreadcrumbList\",\"@id\":\"https:\/\/www.uruloki.org\/felipeblog\/cine-de-comics\/noticiero-comiquero-sabiais-que-en-san-francisco-se-ha-celebrado-la-wondercon#breadcrumb\",\"itemListElement\":[{\"@type\":\"ListItem\",\"position\":1,\"name\":\"Portada\",\"item\":\"https:\/\/www.uruloki.org\/felipeblog\"},{\"@type\":\"ListItem\",\"position\":2,\"name\":\"Noticiero comiquero: &iquest;sabiais que en San Francisco se ha celebrado la WonderCon? y, para variar, cosas de Werewolf Women of the SS&#8230;\"}]},{\"@type\":\"WebSite\",\"@id\":\"https:\/\/www.uruloki.org\/felipeblog\/#website\",\"url\":\"https:\/\/www.uruloki.org\/felipeblog\/\",\"name\":\"Uruloki :: Blog\",\"description\":\"Blog de cine, terror, ciencia ficci\u00f3n, fantas\u00eda y c\u00f3mics\",\"potentialAction\":[{\"@type\":\"SearchAction\",\"target\":{\"@type\":\"EntryPoint\",\"urlTemplate\":\"https:\/\/www.uruloki.org\/felipeblog\/?s={search_term_string}\"},\"query-input\":{\"@type\":\"PropertyValueSpecification\",\"valueRequired\":true,\"valueName\":\"search_term_string\"}}],\"inLanguage\":\"es\"},{\"@type\":\"Person\",\"@id\":\"https:\/\/www.uruloki.org\/felipeblog\/#\/schema\/person\/ddba06ddaa27edf0c370460d05c51bb3\",\"name\":\"Uruloki\",\"image\":{\"@type\":\"ImageObject\",\"inLanguage\":\"es\",\"@id\":\"https:\/\/www.uruloki.org\/felipeblog\/#\/schema\/person\/image\/\",\"url\":\"https:\/\/secure.gravatar.com\/avatar\/68d5301c5f52ba88fd63f02c75b8c4d1b3c3fc4b21e2998a1e98c4b3a54d9f7c?s=96&d=mm&r=g\",\"contentUrl\":\"https:\/\/secure.gravatar.com\/avatar\/68d5301c5f52ba88fd63f02c75b8c4d1b3c3fc4b21e2998a1e98c4b3a54d9f7c?s=96&d=mm&r=g\",\"caption\":\"Uruloki\"},\"sameAs\":[\"https:\/\/uruloki.org\"],\"url\":\"https:\/\/www.uruloki.org\/felipeblog\/author\/admin-2-2-2\"}]}<\/script>\n<!-- \/ Yoast SEO plugin. -->","yoast_head_json":{"title":"Noticiero comiquero: &iquest;sabiais que en San Francisco se ha celebrado la WonderCon? y, para variar, cosas de Werewolf Women of the SS... - Uruloki :: Blog","robots":{"index":"index","follow":"follow","max-snippet":"max-snippet:-1","max-image-preview":"max-image-preview:large","max-video-preview":"max-video-preview:-1"},"canonical":"https:\/\/www.uruloki.org\/felipeblog\/cine-de-comics\/noticiero-comiquero-sabiais-que-en-san-francisco-se-ha-celebrado-la-wondercon","og_locale":"es_ES","og_type":"article","og_title":"Noticiero comiquero: &iquest;sabiais que en San Francisco se ha celebrado la WonderCon? y, para variar, cosas de Werewolf Women of the SS... - Uruloki :: Blog","og_description":"Antes de ponerme con las mininoticias del d&iacute;a a la velocidad del rayo os comento que hoy ha sido el d&iacute;a elegido para reunirme con Alberto Hortas, coleguilla compostelano que ha tenido la oportunidad de participar en el desarrollo de los efectos especiales de El laberinto del Fauno (2006). Todo se puede resumir en una [&hellip;]","og_url":"https:\/\/www.uruloki.org\/felipeblog\/cine-de-comics\/noticiero-comiquero-sabiais-que-en-san-francisco-se-ha-celebrado-la-wondercon","og_site_name":"Uruloki :: Blog","article_publisher":"https:\/\/www.facebook.com\/uruloki.org","article_published_time":"2007-03-04T22:00:21+00:00","article_modified_time":"2007-03-04T23:22:07+00:00","og_image":[{"url":"http:\/\/farm1.static.flickr.com\/179\/410568230_faea3f3aa9_o.jpg","type":"","width":"","height":""}],"author":"Uruloki","twitter_card":"summary_large_image","twitter_creator":"@uruloki","twitter_site":"@uruloki","twitter_misc":{"Escrito por":"Uruloki","Tiempo de lectura":"3 minutos"},"schema":{"@context":"https:\/\/schema.org","@graph":[{"@type":"WebPage","@id":"https:\/\/www.uruloki.org\/felipeblog\/cine-de-comics\/noticiero-comiquero-sabiais-que-en-san-francisco-se-ha-celebrado-la-wondercon","url":"https:\/\/www.uruloki.org\/felipeblog\/cine-de-comics\/noticiero-comiquero-sabiais-que-en-san-francisco-se-ha-celebrado-la-wondercon","name":"Noticiero comiquero: &iquest;sabiais que en San Francisco se ha celebrado la WonderCon? y, para variar, cosas de Werewolf Women of the SS... - Uruloki :: Blog","isPartOf":{"@id":"https:\/\/www.uruloki.org\/felipeblog\/#website"},"primaryImageOfPage":{"@id":"https:\/\/www.uruloki.org\/felipeblog\/cine-de-comics\/noticiero-comiquero-sabiais-que-en-san-francisco-se-ha-celebrado-la-wondercon#primaryimage"},"image":{"@id":"https:\/\/www.uruloki.org\/felipeblog\/cine-de-comics\/noticiero-comiquero-sabiais-que-en-san-francisco-se-ha-celebrado-la-wondercon#primaryimage"},"thumbnailUrl":"http:\/\/farm1.static.flickr.com\/179\/410568230_faea3f3aa9_o.jpg","datePublished":"2007-03-04T22:00:21+00:00","dateModified":"2007-03-04T23:22:07+00:00","author":{"@id":"https:\/\/www.uruloki.org\/felipeblog\/#\/schema\/person\/ddba06ddaa27edf0c370460d05c51bb3"},"breadcrumb":{"@id":"https:\/\/www.uruloki.org\/felipeblog\/cine-de-comics\/noticiero-comiquero-sabiais-que-en-san-francisco-se-ha-celebrado-la-wondercon#breadcrumb"},"inLanguage":"es","potentialAction":[{"@type":"ReadAction","target":["https:\/\/www.uruloki.org\/felipeblog\/cine-de-comics\/noticiero-comiquero-sabiais-que-en-san-francisco-se-ha-celebrado-la-wondercon"]}]},{"@type":"ImageObject","inLanguage":"es","@id":"https:\/\/www.uruloki.org\/felipeblog\/cine-de-comics\/noticiero-comiquero-sabiais-que-en-san-francisco-se-ha-celebrado-la-wondercon#primaryimage","url":"http:\/\/farm1.static.flickr.com\/179\/410568230_faea3f3aa9_o.jpg","contentUrl":"http:\/\/farm1.static.flickr.com\/179\/410568230_faea3f3aa9_o.jpg"},{"@type":"BreadcrumbList","@id":"https:\/\/www.uruloki.org\/felipeblog\/cine-de-comics\/noticiero-comiquero-sabiais-que-en-san-francisco-se-ha-celebrado-la-wondercon#breadcrumb","itemListElement":[{"@type":"ListItem","position":1,"name":"Portada","item":"https:\/\/www.uruloki.org\/felipeblog"},{"@type":"ListItem","position":2,"name":"Noticiero comiquero: &iquest;sabiais que en San Francisco se ha celebrado la WonderCon? y, para variar, cosas de Werewolf Women of the SS&#8230;"}]},{"@type":"WebSite","@id":"https:\/\/www.uruloki.org\/felipeblog\/#website","url":"https:\/\/www.uruloki.org\/felipeblog\/","name":"Uruloki :: Blog","description":"Blog de cine, terror, ciencia ficci\u00f3n, fantas\u00eda y c\u00f3mics","potentialAction":[{"@type":"SearchAction","target":{"@type":"EntryPoint","urlTemplate":"https:\/\/www.uruloki.org\/felipeblog\/?s={search_term_string}"},"query-input":{"@type":"PropertyValueSpecification","valueRequired":true,"valueName":"search_term_string"}}],"inLanguage":"es"},{"@type":"Person","@id":"https:\/\/www.uruloki.org\/felipeblog\/#\/schema\/person\/ddba06ddaa27edf0c370460d05c51bb3","name":"Uruloki","image":{"@type":"ImageObject","inLanguage":"es","@id":"https:\/\/www.uruloki.org\/felipeblog\/#\/schema\/person\/image\/","url":"https:\/\/secure.gravatar.com\/avatar\/68d5301c5f52ba88fd63f02c75b8c4d1b3c3fc4b21e2998a1e98c4b3a54d9f7c?s=96&d=mm&r=g","contentUrl":"https:\/\/secure.gravatar.com\/avatar\/68d5301c5f52ba88fd63f02c75b8c4d1b3c3fc4b21e2998a1e98c4b3a54d9f7c?s=96&d=mm&r=g","caption":"Uruloki"},"sameAs":["https:\/\/uruloki.org"],"url":"https:\/\/www.uruloki.org\/felipeblog\/author\/admin-2-2-2"}]}},"_links":{"self":[{"href":"https:\/\/www.uruloki.org\/felipeblog\/wp-json\/wp\/v2\/posts\/939","targetHints":{"allow":["GET"]}}],"collection":[{"href":"https:\/\/www.uruloki.org\/felipeblog\/wp-json\/wp\/v2\/posts"}],"about":[{"href":"https:\/\/www.uruloki.org\/felipeblog\/wp-json\/wp\/v2\/types\/post"}],"author":[{"embeddable":true,"href":"https:\/\/www.uruloki.org\/felipeblog\/wp-json\/wp\/v2\/users\/28"}],"replies":[{"embeddable":true,"href":"https:\/\/www.uruloki.org\/felipeblog\/wp-json\/wp\/v2\/comments?post=939"}],"version-history":[{"count":0,"href":"https:\/\/www.uruloki.org\/felipeblog\/wp-json\/wp\/v2\/posts\/939\/revisions"}],"wp:attachment":[{"href":"https:\/\/www.uruloki.org\/felipeblog\/wp-json\/wp\/v2\/media?parent=939"}],"wp:term":[{"taxonomy":"category","embeddable":true,"href":"https:\/\/www.uruloki.org\/felipeblog\/wp-json\/wp\/v2\/categories?post=939"},{"taxonomy":"post_tag","embeddable":true,"href":"https:\/\/www.uruloki.org\/felipeblog\/wp-json\/wp\/v2\/tags?post=939"}],"curies":[{"name":"wp","href":"https:\/\/api.w.org\/{rel}","templated":true}]}}