{"id":9380,"date":"2013-01-06T00:54:37","date_gmt":"2013-01-05T23:54:37","guid":{"rendered":"https:\/\/uruloki.org\/felipeblog\/?p=9380"},"modified":"2013-01-07T00:55:53","modified_gmt":"2013-01-06T23:55:53","slug":"sitges-2012-the-tall-man-el-hombre-de-las-sombras","status":"publish","type":"post","link":"https:\/\/www.uruloki.org\/felipeblog\/cine\/sitges-2012-the-tall-man-el-hombre-de-las-sombras","title":{"rendered":"Sitges 2012: The Tall Man (El hombre de las sombras)&#8230;"},"content":{"rendered":"<p>Con eso de que este fin de semana se ha estrenado en salas comerciales, toca hablar de otra de las pel&iacute;culas que pude ver en el pasado <strong>Festival de Sitges<\/strong>. Es el turno por lo tanto de <a href=\"http:\/\/www.imdb.es\/title\/tt1658837\/\" target=\"_blank\">El hombre de las sombras<\/a> (<em>The Tall Man<\/em>, 2012), el regreso a la aventura cinematogr&aacute;fica de <a href=\"http:\/\/www.imdb.es\/name\/nm1052791\/\" target=\"_blank\">Pascal Laugier<\/a>, ese director franc&eacute;s que nos dej&oacute; con grandes sensaciones y mucho mal cuerpo tras presentarnos  la tremenda <a href=\"http:\/\/www.imdb.es\/title\/tt1029234\/\" target=\"_blank\">Martyrs<\/a> en el 2008. Acumulando la friolera de cuatro a&ntilde;os en silencio, <strong>Laugier<\/strong> regresa para ofrecernos una historia bastante cl&aacute;sica, el omnipresente en nuestra ni&ntilde;ez mito del hombre del saco, vestida por otro lado de supuesto film de terror con bastante, quiz&aacute;s demasiado, truco. Este discutible doble juego, digamos que no fue muy aplaudido por el fan de ese otro <strong>Laugier<\/strong>, no debe ocultar sin embargo una concepci&oacute;n de la leyenda  francamente original, con un desarrollo aceptable y un desenlace  que te deja, o ese fue mi caso, bastante <em>ojipl&aacute;tico<\/em>&#8230; &iquest;y defraudado? Porque si, la obra de <strong>Laugier<\/strong>, de paso debut en las f&eacute;rtiles tierras de <strong>Hollywood<\/strong>, tiene cero de terror, aunque predomine todo el rato ese enga&ntilde;o  que hace creer al espectador que si lo es al tiempo que se a&ntilde;aden interesantes complementos a la historia como que el destino de cada uno se rige por el lugar  en el que naces, lo imposible de los cambios de rumbo cuando tu entorno no lo favorece o el desarraigo social debido a la pobreza. <strong>Laugier<\/strong>, al igual que en <strong>Martyrs<\/strong> responsable absoluto de lo que vemos al ser director y guionista, viene a contarnos mucho m&aacute;s que ese terror&iacute;fico acoso por parte de un ser nocturno que se dedica a empobrecer si cabe m&aacute;s la tristes vidas de los que padecen en exceso, y se apoya para ello en la notable interpretaci&oacute;n de <a href=\"http:\/\/www.imdb.es\/name\/nm0004754\/\" target=\"_blank\">Jessica Biel<\/a>, en verdad sorprende el trabajo de esta actriz hasta ahora encasillada en papeles m&aacute;s bien complementarios, que contando con ayudas de veteranos como <a href=\"http:\/\/www.imdb.es\/name\/nm0570385\/\" target=\"_blank\">Stephen McHattie<\/a> o <a href=\"http:\/\/www.imdb.es\/name\/nm0205657\/\" target=\"_blank\">William B. Davis<\/a>, logra dar empaque a una trama que saca completo jugo de todos los t&oacute;picos del <em>thriller<\/em> de terror m&aacute;s habitual pero que en el fondo no es para nada lo que uno va creando en su cabeza. Merece un visionado, por lo menos para saber si uno debe cagarse en <strong>Laugier<\/strong> o agradecerle la osad&iacute;a que se saca de la manga&#8230;<\/p>\n<p>Nos encontramos en el decadente pueblo de <strong>Cold Rock<\/strong>. En el una joven enfermera llamada <strong>Julia<\/strong> (<strong>Jessica Biel<\/strong>), debe hacer frente a esas inclemencias sociales propias de un lugar que se hunde m&aacute;s y m&aacute;s en su propia miseria sin visos de salir de ella. Pero en <strong>Cold Rock<\/strong> pasa algo m&aacute;s, los supersticiosos atribuyen esta fat&iacute;dica racha a las extra&ntilde;as desapariciones de ni&ntilde;os a manos de lo que ellos conocen como <strong>El hombre alto<\/strong>, un algo que de cuando en cuando se cuela en el lugar para raptar a uno de los ni&ntilde;os que all&iacute; mal viven. El tema se pondr&aacute; pele&oacute;n cuando sea <strong>Julia<\/strong> la que sufra en sus propias carnes el ataque del <strong>Hombre alto<\/strong> y este rapte a su hijo.<\/p>\n<p class=\"centrado\"><img loading=\"lazy\" decoding=\"async\" src=\"https:\/\/uruloki.org\/felipeblog\/images2013-1\/20130106-elhombradelassombras.jpg\" alt=\"Cartel de El hombre de las sombras\" width=\"500\" height=\"717\" \/><br \/>\n<em>Cartel de El hombre de las sombras<\/em><\/p>\n","protected":false},"excerpt":{"rendered":"<p>Con eso de que este fin de semana se ha estrenado en salas comerciales, toca hablar de otra de las pel&iacute;culas que pude ver en el pasado Festival de Sitges. Es el turno por lo tanto de El hombre de las sombras (The Tall Man, 2012), el regreso a la aventura cinematogr&aacute;fica de Pascal Laugier, [&hellip;]<\/p>\n","protected":false},"author":28,"featured_media":0,"comment_status":"open","ping_status":"open","sticky":false,"template":"","format":"standard","meta":{"footnotes":""},"categories":[6,19,27,2176],"tags":[3373,3386,2144],"class_list":["post-9380","post","type-post","status-publish","format-standard","hentry","category-cine","category-cine-inclasificable","category-opinion","category-sitges-2012","tag-opinion","tag-sitges-2012","tag-the-tall-man"],"yoast_head":"<!-- This site is optimized with the Yoast SEO plugin v27.5 - https:\/\/yoast.com\/product\/yoast-seo-wordpress\/ -->\n<title>Sitges 2012: The Tall Man (El hombre de las sombras)... - Uruloki :: Blog<\/title>\n<meta name=\"robots\" content=\"index, follow, max-snippet:-1, max-image-preview:large, max-video-preview:-1\" \/>\n<link rel=\"canonical\" href=\"https:\/\/www.uruloki.org\/felipeblog\/cine\/sitges-2012-the-tall-man-el-hombre-de-las-sombras\" \/>\n<meta property=\"og:locale\" content=\"es_ES\" \/>\n<meta property=\"og:type\" content=\"article\" \/>\n<meta property=\"og:title\" content=\"Sitges 2012: The Tall Man (El hombre de las sombras)... - Uruloki :: Blog\" \/>\n<meta property=\"og:description\" content=\"Con eso de que este fin de semana se ha estrenado en salas comerciales, toca hablar de otra de las pel&iacute;culas que pude ver en el pasado Festival de Sitges. Es el turno por lo tanto de El hombre de las sombras (The Tall Man, 2012), el regreso a la aventura cinematogr&aacute;fica de Pascal Laugier, [&hellip;]\" \/>\n<meta property=\"og:url\" content=\"https:\/\/www.uruloki.org\/felipeblog\/cine\/sitges-2012-the-tall-man-el-hombre-de-las-sombras\" \/>\n<meta property=\"og:site_name\" content=\"Uruloki :: Blog\" \/>\n<meta property=\"article:publisher\" content=\"https:\/\/www.facebook.com\/uruloki.org\" \/>\n<meta property=\"article:published_time\" content=\"2013-01-05T23:54:37+00:00\" \/>\n<meta property=\"article:modified_time\" content=\"2013-01-06T23:55:53+00:00\" \/>\n<meta property=\"og:image\" content=\"https:\/\/uruloki.org\/felipeblog\/images2013-1\/20130106-elhombradelassombras.jpg\" \/>\n<meta name=\"author\" content=\"Uruloki\" \/>\n<meta name=\"twitter:card\" content=\"summary_large_image\" \/>\n<meta name=\"twitter:creator\" content=\"@uruloki\" \/>\n<meta name=\"twitter:site\" content=\"@uruloki\" \/>\n<meta name=\"twitter:label1\" content=\"Escrito por\" \/>\n\t<meta name=\"twitter:data1\" content=\"Uruloki\" \/>\n\t<meta name=\"twitter:label2\" content=\"Tiempo de lectura\" \/>\n\t<meta name=\"twitter:data2\" content=\"3 minutos\" \/>\n<script type=\"application\/ld+json\" class=\"yoast-schema-graph\">{\"@context\":\"https:\\\/\\\/schema.org\",\"@graph\":[{\"@type\":\"Article\",\"@id\":\"https:\\\/\\\/www.uruloki.org\\\/felipeblog\\\/cine\\\/sitges-2012-the-tall-man-el-hombre-de-las-sombras#article\",\"isPartOf\":{\"@id\":\"https:\\\/\\\/www.uruloki.org\\\/felipeblog\\\/cine\\\/sitges-2012-the-tall-man-el-hombre-de-las-sombras\"},\"author\":{\"name\":\"Uruloki\",\"@id\":\"https:\\\/\\\/www.uruloki.org\\\/felipeblog\\\/#\\\/schema\\\/person\\\/ddba06ddaa27edf0c370460d05c51bb3\"},\"headline\":\"Sitges 2012: The Tall Man (El hombre de las sombras)&#8230;\",\"datePublished\":\"2013-01-05T23:54:37+00:00\",\"dateModified\":\"2013-01-06T23:55:53+00:00\",\"mainEntityOfPage\":{\"@id\":\"https:\\\/\\\/www.uruloki.org\\\/felipeblog\\\/cine\\\/sitges-2012-the-tall-man-el-hombre-de-las-sombras\"},\"wordCount\":595,\"commentCount\":7,\"image\":{\"@id\":\"https:\\\/\\\/www.uruloki.org\\\/felipeblog\\\/cine\\\/sitges-2012-the-tall-man-el-hombre-de-las-sombras#primaryimage\"},\"thumbnailUrl\":\"https:\\\/\\\/uruloki.org\\\/felipeblog\\\/images2013-1\\\/20130106-elhombradelassombras.jpg\",\"keywords\":[\"Opini\u00f3n\",\"Sitges 2012\",\"The Tall Man\"],\"articleSection\":[\"Cine\",\"Cine Inclasificable\",\"Opini\u00f3n\",\"Sitges 2012\"],\"inLanguage\":\"es\",\"potentialAction\":[{\"@type\":\"CommentAction\",\"name\":\"Comment\",\"target\":[\"https:\\\/\\\/www.uruloki.org\\\/felipeblog\\\/cine\\\/sitges-2012-the-tall-man-el-hombre-de-las-sombras#respond\"]}]},{\"@type\":\"WebPage\",\"@id\":\"https:\\\/\\\/www.uruloki.org\\\/felipeblog\\\/cine\\\/sitges-2012-the-tall-man-el-hombre-de-las-sombras\",\"url\":\"https:\\\/\\\/www.uruloki.org\\\/felipeblog\\\/cine\\\/sitges-2012-the-tall-man-el-hombre-de-las-sombras\",\"name\":\"Sitges 2012: The Tall Man (El hombre de las sombras)... - Uruloki :: Blog\",\"isPartOf\":{\"@id\":\"https:\\\/\\\/www.uruloki.org\\\/felipeblog\\\/#website\"},\"primaryImageOfPage\":{\"@id\":\"https:\\\/\\\/www.uruloki.org\\\/felipeblog\\\/cine\\\/sitges-2012-the-tall-man-el-hombre-de-las-sombras#primaryimage\"},\"image\":{\"@id\":\"https:\\\/\\\/www.uruloki.org\\\/felipeblog\\\/cine\\\/sitges-2012-the-tall-man-el-hombre-de-las-sombras#primaryimage\"},\"thumbnailUrl\":\"https:\\\/\\\/uruloki.org\\\/felipeblog\\\/images2013-1\\\/20130106-elhombradelassombras.jpg\",\"datePublished\":\"2013-01-05T23:54:37+00:00\",\"dateModified\":\"2013-01-06T23:55:53+00:00\",\"author\":{\"@id\":\"https:\\\/\\\/www.uruloki.org\\\/felipeblog\\\/#\\\/schema\\\/person\\\/ddba06ddaa27edf0c370460d05c51bb3\"},\"breadcrumb\":{\"@id\":\"https:\\\/\\\/www.uruloki.org\\\/felipeblog\\\/cine\\\/sitges-2012-the-tall-man-el-hombre-de-las-sombras#breadcrumb\"},\"inLanguage\":\"es\",\"potentialAction\":[{\"@type\":\"ReadAction\",\"target\":[\"https:\\\/\\\/www.uruloki.org\\\/felipeblog\\\/cine\\\/sitges-2012-the-tall-man-el-hombre-de-las-sombras\"]}]},{\"@type\":\"ImageObject\",\"inLanguage\":\"es\",\"@id\":\"https:\\\/\\\/www.uruloki.org\\\/felipeblog\\\/cine\\\/sitges-2012-the-tall-man-el-hombre-de-las-sombras#primaryimage\",\"url\":\"https:\\\/\\\/uruloki.org\\\/felipeblog\\\/images2013-1\\\/20130106-elhombradelassombras.jpg\",\"contentUrl\":\"https:\\\/\\\/uruloki.org\\\/felipeblog\\\/images2013-1\\\/20130106-elhombradelassombras.jpg\"},{\"@type\":\"BreadcrumbList\",\"@id\":\"https:\\\/\\\/www.uruloki.org\\\/felipeblog\\\/cine\\\/sitges-2012-the-tall-man-el-hombre-de-las-sombras#breadcrumb\",\"itemListElement\":[{\"@type\":\"ListItem\",\"position\":1,\"name\":\"Portada\",\"item\":\"https:\\\/\\\/www.uruloki.org\\\/felipeblog\"},{\"@type\":\"ListItem\",\"position\":2,\"name\":\"Sitges 2012: The Tall Man (El hombre de las sombras)&#8230;\"}]},{\"@type\":\"WebSite\",\"@id\":\"https:\\\/\\\/www.uruloki.org\\\/felipeblog\\\/#website\",\"url\":\"https:\\\/\\\/www.uruloki.org\\\/felipeblog\\\/\",\"name\":\"Uruloki :: Blog\",\"description\":\"Blog de cine, terror, ciencia ficci\u00f3n, fantas\u00eda y c\u00f3mics\",\"potentialAction\":[{\"@type\":\"SearchAction\",\"target\":{\"@type\":\"EntryPoint\",\"urlTemplate\":\"https:\\\/\\\/www.uruloki.org\\\/felipeblog\\\/?s={search_term_string}\"},\"query-input\":{\"@type\":\"PropertyValueSpecification\",\"valueRequired\":true,\"valueName\":\"search_term_string\"}}],\"inLanguage\":\"es\"},{\"@type\":\"Person\",\"@id\":\"https:\\\/\\\/www.uruloki.org\\\/felipeblog\\\/#\\\/schema\\\/person\\\/ddba06ddaa27edf0c370460d05c51bb3\",\"name\":\"Uruloki\",\"image\":{\"@type\":\"ImageObject\",\"inLanguage\":\"es\",\"@id\":\"https:\\\/\\\/secure.gravatar.com\\\/avatar\\\/68d5301c5f52ba88fd63f02c75b8c4d1b3c3fc4b21e2998a1e98c4b3a54d9f7c?s=96&d=mm&r=g\",\"url\":\"https:\\\/\\\/secure.gravatar.com\\\/avatar\\\/68d5301c5f52ba88fd63f02c75b8c4d1b3c3fc4b21e2998a1e98c4b3a54d9f7c?s=96&d=mm&r=g\",\"contentUrl\":\"https:\\\/\\\/secure.gravatar.com\\\/avatar\\\/68d5301c5f52ba88fd63f02c75b8c4d1b3c3fc4b21e2998a1e98c4b3a54d9f7c?s=96&d=mm&r=g\",\"caption\":\"Uruloki\"},\"sameAs\":[\"https:\\\/\\\/uruloki.org\"],\"url\":\"https:\\\/\\\/www.uruloki.org\\\/felipeblog\\\/author\\\/admin-2-2-2\"}]}<\/script>\n<!-- \/ Yoast SEO plugin. -->","yoast_head_json":{"title":"Sitges 2012: The Tall Man (El hombre de las sombras)... - Uruloki :: Blog","robots":{"index":"index","follow":"follow","max-snippet":"max-snippet:-1","max-image-preview":"max-image-preview:large","max-video-preview":"max-video-preview:-1"},"canonical":"https:\/\/www.uruloki.org\/felipeblog\/cine\/sitges-2012-the-tall-man-el-hombre-de-las-sombras","og_locale":"es_ES","og_type":"article","og_title":"Sitges 2012: The Tall Man (El hombre de las sombras)... - Uruloki :: Blog","og_description":"Con eso de que este fin de semana se ha estrenado en salas comerciales, toca hablar de otra de las pel&iacute;culas que pude ver en el pasado Festival de Sitges. Es el turno por lo tanto de El hombre de las sombras (The Tall Man, 2012), el regreso a la aventura cinematogr&aacute;fica de Pascal Laugier, [&hellip;]","og_url":"https:\/\/www.uruloki.org\/felipeblog\/cine\/sitges-2012-the-tall-man-el-hombre-de-las-sombras","og_site_name":"Uruloki :: Blog","article_publisher":"https:\/\/www.facebook.com\/uruloki.org","article_published_time":"2013-01-05T23:54:37+00:00","article_modified_time":"2013-01-06T23:55:53+00:00","og_image":[{"url":"https:\/\/uruloki.org\/felipeblog\/images2013-1\/20130106-elhombradelassombras.jpg","type":"","width":"","height":""}],"author":"Uruloki","twitter_card":"summary_large_image","twitter_creator":"@uruloki","twitter_site":"@uruloki","twitter_misc":{"Escrito por":"Uruloki","Tiempo de lectura":"3 minutos"},"schema":{"@context":"https:\/\/schema.org","@graph":[{"@type":"Article","@id":"https:\/\/www.uruloki.org\/felipeblog\/cine\/sitges-2012-the-tall-man-el-hombre-de-las-sombras#article","isPartOf":{"@id":"https:\/\/www.uruloki.org\/felipeblog\/cine\/sitges-2012-the-tall-man-el-hombre-de-las-sombras"},"author":{"name":"Uruloki","@id":"https:\/\/www.uruloki.org\/felipeblog\/#\/schema\/person\/ddba06ddaa27edf0c370460d05c51bb3"},"headline":"Sitges 2012: The Tall Man (El hombre de las sombras)&#8230;","datePublished":"2013-01-05T23:54:37+00:00","dateModified":"2013-01-06T23:55:53+00:00","mainEntityOfPage":{"@id":"https:\/\/www.uruloki.org\/felipeblog\/cine\/sitges-2012-the-tall-man-el-hombre-de-las-sombras"},"wordCount":595,"commentCount":7,"image":{"@id":"https:\/\/www.uruloki.org\/felipeblog\/cine\/sitges-2012-the-tall-man-el-hombre-de-las-sombras#primaryimage"},"thumbnailUrl":"https:\/\/uruloki.org\/felipeblog\/images2013-1\/20130106-elhombradelassombras.jpg","keywords":["Opini\u00f3n","Sitges 2012","The Tall Man"],"articleSection":["Cine","Cine Inclasificable","Opini\u00f3n","Sitges 2012"],"inLanguage":"es","potentialAction":[{"@type":"CommentAction","name":"Comment","target":["https:\/\/www.uruloki.org\/felipeblog\/cine\/sitges-2012-the-tall-man-el-hombre-de-las-sombras#respond"]}]},{"@type":"WebPage","@id":"https:\/\/www.uruloki.org\/felipeblog\/cine\/sitges-2012-the-tall-man-el-hombre-de-las-sombras","url":"https:\/\/www.uruloki.org\/felipeblog\/cine\/sitges-2012-the-tall-man-el-hombre-de-las-sombras","name":"Sitges 2012: The Tall Man (El hombre de las sombras)... - Uruloki :: Blog","isPartOf":{"@id":"https:\/\/www.uruloki.org\/felipeblog\/#website"},"primaryImageOfPage":{"@id":"https:\/\/www.uruloki.org\/felipeblog\/cine\/sitges-2012-the-tall-man-el-hombre-de-las-sombras#primaryimage"},"image":{"@id":"https:\/\/www.uruloki.org\/felipeblog\/cine\/sitges-2012-the-tall-man-el-hombre-de-las-sombras#primaryimage"},"thumbnailUrl":"https:\/\/uruloki.org\/felipeblog\/images2013-1\/20130106-elhombradelassombras.jpg","datePublished":"2013-01-05T23:54:37+00:00","dateModified":"2013-01-06T23:55:53+00:00","author":{"@id":"https:\/\/www.uruloki.org\/felipeblog\/#\/schema\/person\/ddba06ddaa27edf0c370460d05c51bb3"},"breadcrumb":{"@id":"https:\/\/www.uruloki.org\/felipeblog\/cine\/sitges-2012-the-tall-man-el-hombre-de-las-sombras#breadcrumb"},"inLanguage":"es","potentialAction":[{"@type":"ReadAction","target":["https:\/\/www.uruloki.org\/felipeblog\/cine\/sitges-2012-the-tall-man-el-hombre-de-las-sombras"]}]},{"@type":"ImageObject","inLanguage":"es","@id":"https:\/\/www.uruloki.org\/felipeblog\/cine\/sitges-2012-the-tall-man-el-hombre-de-las-sombras#primaryimage","url":"https:\/\/uruloki.org\/felipeblog\/images2013-1\/20130106-elhombradelassombras.jpg","contentUrl":"https:\/\/uruloki.org\/felipeblog\/images2013-1\/20130106-elhombradelassombras.jpg"},{"@type":"BreadcrumbList","@id":"https:\/\/www.uruloki.org\/felipeblog\/cine\/sitges-2012-the-tall-man-el-hombre-de-las-sombras#breadcrumb","itemListElement":[{"@type":"ListItem","position":1,"name":"Portada","item":"https:\/\/www.uruloki.org\/felipeblog"},{"@type":"ListItem","position":2,"name":"Sitges 2012: The Tall Man (El hombre de las sombras)&#8230;"}]},{"@type":"WebSite","@id":"https:\/\/www.uruloki.org\/felipeblog\/#website","url":"https:\/\/www.uruloki.org\/felipeblog\/","name":"Uruloki :: Blog","description":"Blog de cine, terror, ciencia ficci\u00f3n, fantas\u00eda y c\u00f3mics","potentialAction":[{"@type":"SearchAction","target":{"@type":"EntryPoint","urlTemplate":"https:\/\/www.uruloki.org\/felipeblog\/?s={search_term_string}"},"query-input":{"@type":"PropertyValueSpecification","valueRequired":true,"valueName":"search_term_string"}}],"inLanguage":"es"},{"@type":"Person","@id":"https:\/\/www.uruloki.org\/felipeblog\/#\/schema\/person\/ddba06ddaa27edf0c370460d05c51bb3","name":"Uruloki","image":{"@type":"ImageObject","inLanguage":"es","@id":"https:\/\/secure.gravatar.com\/avatar\/68d5301c5f52ba88fd63f02c75b8c4d1b3c3fc4b21e2998a1e98c4b3a54d9f7c?s=96&d=mm&r=g","url":"https:\/\/secure.gravatar.com\/avatar\/68d5301c5f52ba88fd63f02c75b8c4d1b3c3fc4b21e2998a1e98c4b3a54d9f7c?s=96&d=mm&r=g","contentUrl":"https:\/\/secure.gravatar.com\/avatar\/68d5301c5f52ba88fd63f02c75b8c4d1b3c3fc4b21e2998a1e98c4b3a54d9f7c?s=96&d=mm&r=g","caption":"Uruloki"},"sameAs":["https:\/\/uruloki.org"],"url":"https:\/\/www.uruloki.org\/felipeblog\/author\/admin-2-2-2"}]}},"_links":{"self":[{"href":"https:\/\/www.uruloki.org\/felipeblog\/wp-json\/wp\/v2\/posts\/9380","targetHints":{"allow":["GET"]}}],"collection":[{"href":"https:\/\/www.uruloki.org\/felipeblog\/wp-json\/wp\/v2\/posts"}],"about":[{"href":"https:\/\/www.uruloki.org\/felipeblog\/wp-json\/wp\/v2\/types\/post"}],"author":[{"embeddable":true,"href":"https:\/\/www.uruloki.org\/felipeblog\/wp-json\/wp\/v2\/users\/28"}],"replies":[{"embeddable":true,"href":"https:\/\/www.uruloki.org\/felipeblog\/wp-json\/wp\/v2\/comments?post=9380"}],"version-history":[{"count":1,"href":"https:\/\/www.uruloki.org\/felipeblog\/wp-json\/wp\/v2\/posts\/9380\/revisions"}],"predecessor-version":[{"id":9381,"href":"https:\/\/www.uruloki.org\/felipeblog\/wp-json\/wp\/v2\/posts\/9380\/revisions\/9381"}],"wp:attachment":[{"href":"https:\/\/www.uruloki.org\/felipeblog\/wp-json\/wp\/v2\/media?parent=9380"}],"wp:term":[{"taxonomy":"category","embeddable":true,"href":"https:\/\/www.uruloki.org\/felipeblog\/wp-json\/wp\/v2\/categories?post=9380"},{"taxonomy":"post_tag","embeddable":true,"href":"https:\/\/www.uruloki.org\/felipeblog\/wp-json\/wp\/v2\/tags?post=9380"}],"curies":[{"name":"wp","href":"https:\/\/api.w.org\/{rel}","templated":true}]}}