{"id":8650,"date":"2012-09-17T22:55:22","date_gmt":"2012-09-17T20:55:22","guid":{"rendered":"https:\/\/uruloki.org\/felipeblog\/?p=8650"},"modified":"2012-09-17T22:58:00","modified_gmt":"2012-09-17T20:58:00","slug":"y-sigue-la-semana-j-r-r-tolkien-con-un-adelante-en-imgenes-del-nuevo-trailer-de-el-hobbit-un-viaje-inesperado-y-un-primer-gran-vistazo-a-sylvester-mccoy-como-radagast-el-pardo","status":"publish","type":"post","link":"https:\/\/www.uruloki.org\/felipeblog\/cine-de-fantasia\/y-sigue-la-semana-j-r-r-tolkien-con-un-adelante-en-imgenes-del-nuevo-trailer-de-el-hobbit-un-viaje-inesperado-y-un-primer-gran-vistazo-a-sylvester-mccoy-como-radagast-el-pardo","title":{"rendered":"Y sigue la Semana J.R.R. Tolkien con un adelanto, en im&aacute;genes, del nuevo trailer de El Hobbit: Un Viaje Inesperado y un primer gran vistazo a Sylvester McCoy como Radagast el Pardo&#8230;"},"content":{"rendered":"<p>Sigo recuperando el material en esta semana de celebraci&oacute;n que tendr&aacute; su d&iacute;a &aacute;lgido este pr&oacute;ximo mi&eacute;rcoles 19 con la aparici&oacute;n de un nuevo trailer de <a href=\"http:\/\/www.imdb.es\/title\/tt0903624\/\" target=\"_blank\">El Hobbit: Un Viaje Inesperado<\/a> (<em>The Hobbit: An Unexpected Journey<\/em>, 2012) de <a href=\"http:\/\/www.imdb.es\/name\/nm0001392\/\" target=\"_blank\">Peter Jackson<\/a>. <a href=\"http:\/\/mediagallery.usatoday.com\/%27The+Hobbit-+An+Unexpected+Journey%27\/G4337\" target=\"_blank\">El diario USA Today nos ofrece<\/a> cinco vistazos a otros tantos fotogramas del trailer y dos m&aacute;gicas im&aacute;genes&#8230; <a href=\"http:\/\/www.imdb.es\/name\/nm0566809\/\" target=\"_blank\">Sylvester McCoy<\/a> como <strong>Radagast el Pardo<\/strong> y <a href=\"http:\/\/www.imdb.es\/name\/nm0005212\/\" target=\"_blank\">Ian McKellen<\/a> como <strong>Gandalf el Gris<\/strong>. Como complemento de <a href=\"https:\/\/uruloki.org\/felipeblog\/cine-de-fantasa\/la-semana-tolkien-especial-peinados-y-cortes-de-barba\">las quince im&aacute;genes de los personajes del film<\/a>, y de <a href=\"https:\/\/uruloki.org\/felipeblog\/cine-de-ciencia-ficcin\/el-primer-cartel-oficial-de-robocop-se-deja-ver-en-alta-resolucin\">ese cartel de RoboCop<\/a> que no encajan aqu&iacute; ni con cola, d&iacute;a completo&#8230; ah, y el <a href=\"https:\/\/uruloki.org\/felipeblog\/arte-conceptual\/nuevo-concept-art-de-dredd-3d-y-prometheus\">nuevo concept art de Dredd 3D y Prometheus<\/a> tambi&eacute;n merece ser visto.<\/p>\n<p class=\"centrado\"><img loading=\"lazy\" decoding=\"async\" src=\"https:\/\/uruloki.org\/felipeblog\/images2012-2\/20120917_thehobbit_1.jpg\" alt=\"Una nueva imagen de El Hobbit: Un Viaje Inesperado\" width=\"615\" height=\"265\" \/><\/p>\n<p class=\"centrado\"><img loading=\"lazy\" decoding=\"async\" src=\"https:\/\/uruloki.org\/felipeblog\/images2012-2\/20120917_thehobbit_2.jpg\" alt=\"Una nueva imagen de El Hobbit: Un Viaje Inesperado\" width=\"615\" height=\"265\" \/><\/p>\n<p class=\"centrado\"><img loading=\"lazy\" decoding=\"async\" src=\"https:\/\/uruloki.org\/felipeblog\/images2012-2\/20120917_thehobbit_3.jpg\" alt=\"Una nueva imagen de El Hobbit: Un Viaje Inesperado\" width=\"615\" height=\"265\" \/><\/p>\n<p class=\"centrado\"><img loading=\"lazy\" decoding=\"async\" src=\"https:\/\/uruloki.org\/felipeblog\/images2012-2\/20120917_thehobbit_4.jpg\" alt=\"Una nueva imagen de El Hobbit: Un Viaje Inesperado\" width=\"615\" height=\"265\" \/><\/p>\n<p class=\"centrado\"><img loading=\"lazy\" decoding=\"async\" src=\"https:\/\/uruloki.org\/felipeblog\/images2012-2\/20120917_thehobbit_5.jpg\" alt=\"Una nueva imagen de El Hobbit: Un Viaje Inesperado\" width=\"615\" height=\"265\" \/><\/p>\n<p>Y aqu&iacute; tenemos a los magos de rigor&#8230;<\/p>\n<p class=\"centrado\"><img loading=\"lazy\" decoding=\"async\" src=\"https:\/\/uruloki.org\/felipeblog\/images2012-2\/20120917_thehobbit_6.jpg\" alt=\"Radagst el Pardo\" width=\"510\" height=\"340\" \/><br \/><em>Radagst el Pardo<\/em><\/p>\n<p class=\"centrado\"><img loading=\"lazy\" decoding=\"async\" src=\"https:\/\/uruloki.org\/felipeblog\/images2012-2\/20120917_thehobbit_7.jpg\" alt=\"Gandalf el Gris\" width=\"510\" height=\"340\" \/><br \/><em>Gandalf el Gris<\/em><\/p>\n","protected":false},"excerpt":{"rendered":"<p>Sigo recuperando el material en esta semana de celebraci&oacute;n que tendr&aacute; su d&iacute;a &aacute;lgido este pr&oacute;ximo mi&eacute;rcoles 19 con la aparici&oacute;n de un nuevo trailer de El Hobbit: Un Viaje Inesperado (The Hobbit: An Unexpected Journey, 2012) de Peter Jackson. El diario USA Today nos ofrece cinco vistazos a otros tantos fotogramas del trailer y [&hellip;]<\/p>\n","protected":false},"author":28,"featured_media":0,"comment_status":"open","ping_status":"open","sticky":false,"template":"","format":"standard","meta":{"footnotes":""},"categories":[12,63],"tags":[1743],"class_list":["post-8650","post","type-post","status-publish","format-standard","hentry","category-cine-de-fantasia","category-el-hobbit","tag-the-hobbit-an-unexpected-journey"],"yoast_head":"<!-- This site is optimized with the Yoast SEO plugin v24.3 - https:\/\/yoast.com\/wordpress\/plugins\/seo\/ -->\n<title>Y sigue la Semana J.R.R. Tolkien con un adelanto, en im&aacute;genes, del nuevo trailer de El Hobbit: Un Viaje Inesperado y un primer gran vistazo a Sylvester McCoy como Radagast el Pardo... - Uruloki :: Blog<\/title>\n<meta name=\"robots\" content=\"index, follow, max-snippet:-1, max-image-preview:large, max-video-preview:-1\" \/>\n<link rel=\"canonical\" href=\"https:\/\/www.uruloki.org\/felipeblog\/cine-de-fantasia\/y-sigue-la-semana-j-r-r-tolkien-con-un-adelante-en-imgenes-del-nuevo-trailer-de-el-hobbit-un-viaje-inesperado-y-un-primer-gran-vistazo-a-sylvester-mccoy-como-radagast-el-pardo\" \/>\n<meta property=\"og:locale\" content=\"es_ES\" \/>\n<meta property=\"og:type\" content=\"article\" \/>\n<meta property=\"og:title\" content=\"Y sigue la Semana J.R.R. Tolkien con un adelanto, en im&aacute;genes, del nuevo trailer de El Hobbit: Un Viaje Inesperado y un primer gran vistazo a Sylvester McCoy como Radagast el Pardo... - Uruloki :: Blog\" \/>\n<meta property=\"og:description\" content=\"Sigo recuperando el material en esta semana de celebraci&oacute;n que tendr&aacute; su d&iacute;a &aacute;lgido este pr&oacute;ximo mi&eacute;rcoles 19 con la aparici&oacute;n de un nuevo trailer de El Hobbit: Un Viaje Inesperado (The Hobbit: An Unexpected Journey, 2012) de Peter Jackson. El diario USA Today nos ofrece cinco vistazos a otros tantos fotogramas del trailer y [&hellip;]\" \/>\n<meta property=\"og:url\" content=\"https:\/\/www.uruloki.org\/felipeblog\/cine-de-fantasia\/y-sigue-la-semana-j-r-r-tolkien-con-un-adelante-en-imgenes-del-nuevo-trailer-de-el-hobbit-un-viaje-inesperado-y-un-primer-gran-vistazo-a-sylvester-mccoy-como-radagast-el-pardo\" \/>\n<meta property=\"og:site_name\" content=\"Uruloki :: Blog\" \/>\n<meta property=\"article:publisher\" content=\"https:\/\/www.facebook.com\/uruloki.org\" \/>\n<meta property=\"article:published_time\" content=\"2012-09-17T20:55:22+00:00\" \/>\n<meta property=\"article:modified_time\" content=\"2012-09-17T20:58:00+00:00\" \/>\n<meta property=\"og:image\" content=\"https:\/\/uruloki.org\/felipeblog\/images2012-2\/20120917_thehobbit_1.jpg\" \/>\n<meta name=\"author\" content=\"Uruloki\" \/>\n<meta name=\"twitter:card\" content=\"summary_large_image\" \/>\n<meta name=\"twitter:creator\" content=\"@uruloki\" \/>\n<meta name=\"twitter:site\" content=\"@uruloki\" \/>\n<meta name=\"twitter:label1\" content=\"Escrito por\" \/>\n\t<meta name=\"twitter:data1\" content=\"Uruloki\" \/>\n\t<meta name=\"twitter:label2\" content=\"Tiempo de lectura\" \/>\n\t<meta name=\"twitter:data2\" content=\"1 minuto\" \/>\n<script type=\"application\/ld+json\" class=\"yoast-schema-graph\">{\"@context\":\"https:\/\/schema.org\",\"@graph\":[{\"@type\":\"WebPage\",\"@id\":\"https:\/\/www.uruloki.org\/felipeblog\/cine-de-fantasia\/y-sigue-la-semana-j-r-r-tolkien-con-un-adelante-en-imgenes-del-nuevo-trailer-de-el-hobbit-un-viaje-inesperado-y-un-primer-gran-vistazo-a-sylvester-mccoy-como-radagast-el-pardo\",\"url\":\"https:\/\/www.uruloki.org\/felipeblog\/cine-de-fantasia\/y-sigue-la-semana-j-r-r-tolkien-con-un-adelante-en-imgenes-del-nuevo-trailer-de-el-hobbit-un-viaje-inesperado-y-un-primer-gran-vistazo-a-sylvester-mccoy-como-radagast-el-pardo\",\"name\":\"Y sigue la Semana J.R.R. Tolkien con un adelanto, en im&aacute;genes, del nuevo trailer de El Hobbit: Un Viaje Inesperado y un primer gran vistazo a Sylvester McCoy como Radagast el Pardo... - Uruloki :: Blog\",\"isPartOf\":{\"@id\":\"https:\/\/www.uruloki.org\/felipeblog\/#website\"},\"primaryImageOfPage\":{\"@id\":\"https:\/\/www.uruloki.org\/felipeblog\/cine-de-fantasia\/y-sigue-la-semana-j-r-r-tolkien-con-un-adelante-en-imgenes-del-nuevo-trailer-de-el-hobbit-un-viaje-inesperado-y-un-primer-gran-vistazo-a-sylvester-mccoy-como-radagast-el-pardo#primaryimage\"},\"image\":{\"@id\":\"https:\/\/www.uruloki.org\/felipeblog\/cine-de-fantasia\/y-sigue-la-semana-j-r-r-tolkien-con-un-adelante-en-imgenes-del-nuevo-trailer-de-el-hobbit-un-viaje-inesperado-y-un-primer-gran-vistazo-a-sylvester-mccoy-como-radagast-el-pardo#primaryimage\"},\"thumbnailUrl\":\"https:\/\/uruloki.org\/felipeblog\/images2012-2\/20120917_thehobbit_1.jpg\",\"datePublished\":\"2012-09-17T20:55:22+00:00\",\"dateModified\":\"2012-09-17T20:58:00+00:00\",\"author\":{\"@id\":\"https:\/\/www.uruloki.org\/felipeblog\/#\/schema\/person\/ddba06ddaa27edf0c370460d05c51bb3\"},\"breadcrumb\":{\"@id\":\"https:\/\/www.uruloki.org\/felipeblog\/cine-de-fantasia\/y-sigue-la-semana-j-r-r-tolkien-con-un-adelante-en-imgenes-del-nuevo-trailer-de-el-hobbit-un-viaje-inesperado-y-un-primer-gran-vistazo-a-sylvester-mccoy-como-radagast-el-pardo#breadcrumb\"},\"inLanguage\":\"es\",\"potentialAction\":[{\"@type\":\"ReadAction\",\"target\":[\"https:\/\/www.uruloki.org\/felipeblog\/cine-de-fantasia\/y-sigue-la-semana-j-r-r-tolkien-con-un-adelante-en-imgenes-del-nuevo-trailer-de-el-hobbit-un-viaje-inesperado-y-un-primer-gran-vistazo-a-sylvester-mccoy-como-radagast-el-pardo\"]}]},{\"@type\":\"ImageObject\",\"inLanguage\":\"es\",\"@id\":\"https:\/\/www.uruloki.org\/felipeblog\/cine-de-fantasia\/y-sigue-la-semana-j-r-r-tolkien-con-un-adelante-en-imgenes-del-nuevo-trailer-de-el-hobbit-un-viaje-inesperado-y-un-primer-gran-vistazo-a-sylvester-mccoy-como-radagast-el-pardo#primaryimage\",\"url\":\"https:\/\/uruloki.org\/felipeblog\/images2012-2\/20120917_thehobbit_1.jpg\",\"contentUrl\":\"https:\/\/uruloki.org\/felipeblog\/images2012-2\/20120917_thehobbit_1.jpg\"},{\"@type\":\"BreadcrumbList\",\"@id\":\"https:\/\/www.uruloki.org\/felipeblog\/cine-de-fantasia\/y-sigue-la-semana-j-r-r-tolkien-con-un-adelante-en-imgenes-del-nuevo-trailer-de-el-hobbit-un-viaje-inesperado-y-un-primer-gran-vistazo-a-sylvester-mccoy-como-radagast-el-pardo#breadcrumb\",\"itemListElement\":[{\"@type\":\"ListItem\",\"position\":1,\"name\":\"Portada\",\"item\":\"https:\/\/www.uruloki.org\/felipeblog\"},{\"@type\":\"ListItem\",\"position\":2,\"name\":\"Y sigue la Semana J.R.R. Tolkien con un adelanto, en im&aacute;genes, del nuevo trailer de El Hobbit: Un Viaje Inesperado y un primer gran vistazo a Sylvester McCoy como Radagast el Pardo&#8230;\"}]},{\"@type\":\"WebSite\",\"@id\":\"https:\/\/www.uruloki.org\/felipeblog\/#website\",\"url\":\"https:\/\/www.uruloki.org\/felipeblog\/\",\"name\":\"Uruloki :: Blog\",\"description\":\"Blog de cine, terror, ciencia ficci\u00f3n, fantas\u00eda y c\u00f3mics\",\"potentialAction\":[{\"@type\":\"SearchAction\",\"target\":{\"@type\":\"EntryPoint\",\"urlTemplate\":\"https:\/\/www.uruloki.org\/felipeblog\/?s={search_term_string}\"},\"query-input\":{\"@type\":\"PropertyValueSpecification\",\"valueRequired\":true,\"valueName\":\"search_term_string\"}}],\"inLanguage\":\"es\"},{\"@type\":\"Person\",\"@id\":\"https:\/\/www.uruloki.org\/felipeblog\/#\/schema\/person\/ddba06ddaa27edf0c370460d05c51bb3\",\"name\":\"Uruloki\",\"image\":{\"@type\":\"ImageObject\",\"inLanguage\":\"es\",\"@id\":\"https:\/\/www.uruloki.org\/felipeblog\/#\/schema\/person\/image\/\",\"url\":\"https:\/\/secure.gravatar.com\/avatar\/68d5301c5f52ba88fd63f02c75b8c4d1b3c3fc4b21e2998a1e98c4b3a54d9f7c?s=96&d=mm&r=g\",\"contentUrl\":\"https:\/\/secure.gravatar.com\/avatar\/68d5301c5f52ba88fd63f02c75b8c4d1b3c3fc4b21e2998a1e98c4b3a54d9f7c?s=96&d=mm&r=g\",\"caption\":\"Uruloki\"},\"sameAs\":[\"https:\/\/uruloki.org\"],\"url\":\"https:\/\/www.uruloki.org\/felipeblog\/author\/admin-2-2-2\"}]}<\/script>\n<!-- \/ Yoast SEO plugin. -->","yoast_head_json":{"title":"Y sigue la Semana J.R.R. Tolkien con un adelanto, en im&aacute;genes, del nuevo trailer de El Hobbit: Un Viaje Inesperado y un primer gran vistazo a Sylvester McCoy como Radagast el Pardo... - Uruloki :: Blog","robots":{"index":"index","follow":"follow","max-snippet":"max-snippet:-1","max-image-preview":"max-image-preview:large","max-video-preview":"max-video-preview:-1"},"canonical":"https:\/\/www.uruloki.org\/felipeblog\/cine-de-fantasia\/y-sigue-la-semana-j-r-r-tolkien-con-un-adelante-en-imgenes-del-nuevo-trailer-de-el-hobbit-un-viaje-inesperado-y-un-primer-gran-vistazo-a-sylvester-mccoy-como-radagast-el-pardo","og_locale":"es_ES","og_type":"article","og_title":"Y sigue la Semana J.R.R. Tolkien con un adelanto, en im&aacute;genes, del nuevo trailer de El Hobbit: Un Viaje Inesperado y un primer gran vistazo a Sylvester McCoy como Radagast el Pardo... - Uruloki :: Blog","og_description":"Sigo recuperando el material en esta semana de celebraci&oacute;n que tendr&aacute; su d&iacute;a &aacute;lgido este pr&oacute;ximo mi&eacute;rcoles 19 con la aparici&oacute;n de un nuevo trailer de El Hobbit: Un Viaje Inesperado (The Hobbit: An Unexpected Journey, 2012) de Peter Jackson. El diario USA Today nos ofrece cinco vistazos a otros tantos fotogramas del trailer y [&hellip;]","og_url":"https:\/\/www.uruloki.org\/felipeblog\/cine-de-fantasia\/y-sigue-la-semana-j-r-r-tolkien-con-un-adelante-en-imgenes-del-nuevo-trailer-de-el-hobbit-un-viaje-inesperado-y-un-primer-gran-vistazo-a-sylvester-mccoy-como-radagast-el-pardo","og_site_name":"Uruloki :: Blog","article_publisher":"https:\/\/www.facebook.com\/uruloki.org","article_published_time":"2012-09-17T20:55:22+00:00","article_modified_time":"2012-09-17T20:58:00+00:00","og_image":[{"url":"https:\/\/uruloki.org\/felipeblog\/images2012-2\/20120917_thehobbit_1.jpg","type":"","width":"","height":""}],"author":"Uruloki","twitter_card":"summary_large_image","twitter_creator":"@uruloki","twitter_site":"@uruloki","twitter_misc":{"Escrito por":"Uruloki","Tiempo de lectura":"1 minuto"},"schema":{"@context":"https:\/\/schema.org","@graph":[{"@type":"WebPage","@id":"https:\/\/www.uruloki.org\/felipeblog\/cine-de-fantasia\/y-sigue-la-semana-j-r-r-tolkien-con-un-adelante-en-imgenes-del-nuevo-trailer-de-el-hobbit-un-viaje-inesperado-y-un-primer-gran-vistazo-a-sylvester-mccoy-como-radagast-el-pardo","url":"https:\/\/www.uruloki.org\/felipeblog\/cine-de-fantasia\/y-sigue-la-semana-j-r-r-tolkien-con-un-adelante-en-imgenes-del-nuevo-trailer-de-el-hobbit-un-viaje-inesperado-y-un-primer-gran-vistazo-a-sylvester-mccoy-como-radagast-el-pardo","name":"Y sigue la Semana J.R.R. Tolkien con un adelanto, en im&aacute;genes, del nuevo trailer de El Hobbit: Un Viaje Inesperado y un primer gran vistazo a Sylvester McCoy como Radagast el Pardo... - Uruloki :: Blog","isPartOf":{"@id":"https:\/\/www.uruloki.org\/felipeblog\/#website"},"primaryImageOfPage":{"@id":"https:\/\/www.uruloki.org\/felipeblog\/cine-de-fantasia\/y-sigue-la-semana-j-r-r-tolkien-con-un-adelante-en-imgenes-del-nuevo-trailer-de-el-hobbit-un-viaje-inesperado-y-un-primer-gran-vistazo-a-sylvester-mccoy-como-radagast-el-pardo#primaryimage"},"image":{"@id":"https:\/\/www.uruloki.org\/felipeblog\/cine-de-fantasia\/y-sigue-la-semana-j-r-r-tolkien-con-un-adelante-en-imgenes-del-nuevo-trailer-de-el-hobbit-un-viaje-inesperado-y-un-primer-gran-vistazo-a-sylvester-mccoy-como-radagast-el-pardo#primaryimage"},"thumbnailUrl":"https:\/\/uruloki.org\/felipeblog\/images2012-2\/20120917_thehobbit_1.jpg","datePublished":"2012-09-17T20:55:22+00:00","dateModified":"2012-09-17T20:58:00+00:00","author":{"@id":"https:\/\/www.uruloki.org\/felipeblog\/#\/schema\/person\/ddba06ddaa27edf0c370460d05c51bb3"},"breadcrumb":{"@id":"https:\/\/www.uruloki.org\/felipeblog\/cine-de-fantasia\/y-sigue-la-semana-j-r-r-tolkien-con-un-adelante-en-imgenes-del-nuevo-trailer-de-el-hobbit-un-viaje-inesperado-y-un-primer-gran-vistazo-a-sylvester-mccoy-como-radagast-el-pardo#breadcrumb"},"inLanguage":"es","potentialAction":[{"@type":"ReadAction","target":["https:\/\/www.uruloki.org\/felipeblog\/cine-de-fantasia\/y-sigue-la-semana-j-r-r-tolkien-con-un-adelante-en-imgenes-del-nuevo-trailer-de-el-hobbit-un-viaje-inesperado-y-un-primer-gran-vistazo-a-sylvester-mccoy-como-radagast-el-pardo"]}]},{"@type":"ImageObject","inLanguage":"es","@id":"https:\/\/www.uruloki.org\/felipeblog\/cine-de-fantasia\/y-sigue-la-semana-j-r-r-tolkien-con-un-adelante-en-imgenes-del-nuevo-trailer-de-el-hobbit-un-viaje-inesperado-y-un-primer-gran-vistazo-a-sylvester-mccoy-como-radagast-el-pardo#primaryimage","url":"https:\/\/uruloki.org\/felipeblog\/images2012-2\/20120917_thehobbit_1.jpg","contentUrl":"https:\/\/uruloki.org\/felipeblog\/images2012-2\/20120917_thehobbit_1.jpg"},{"@type":"BreadcrumbList","@id":"https:\/\/www.uruloki.org\/felipeblog\/cine-de-fantasia\/y-sigue-la-semana-j-r-r-tolkien-con-un-adelante-en-imgenes-del-nuevo-trailer-de-el-hobbit-un-viaje-inesperado-y-un-primer-gran-vistazo-a-sylvester-mccoy-como-radagast-el-pardo#breadcrumb","itemListElement":[{"@type":"ListItem","position":1,"name":"Portada","item":"https:\/\/www.uruloki.org\/felipeblog"},{"@type":"ListItem","position":2,"name":"Y sigue la Semana J.R.R. Tolkien con un adelanto, en im&aacute;genes, del nuevo trailer de El Hobbit: Un Viaje Inesperado y un primer gran vistazo a Sylvester McCoy como Radagast el Pardo&#8230;"}]},{"@type":"WebSite","@id":"https:\/\/www.uruloki.org\/felipeblog\/#website","url":"https:\/\/www.uruloki.org\/felipeblog\/","name":"Uruloki :: Blog","description":"Blog de cine, terror, ciencia ficci\u00f3n, fantas\u00eda y c\u00f3mics","potentialAction":[{"@type":"SearchAction","target":{"@type":"EntryPoint","urlTemplate":"https:\/\/www.uruloki.org\/felipeblog\/?s={search_term_string}"},"query-input":{"@type":"PropertyValueSpecification","valueRequired":true,"valueName":"search_term_string"}}],"inLanguage":"es"},{"@type":"Person","@id":"https:\/\/www.uruloki.org\/felipeblog\/#\/schema\/person\/ddba06ddaa27edf0c370460d05c51bb3","name":"Uruloki","image":{"@type":"ImageObject","inLanguage":"es","@id":"https:\/\/www.uruloki.org\/felipeblog\/#\/schema\/person\/image\/","url":"https:\/\/secure.gravatar.com\/avatar\/68d5301c5f52ba88fd63f02c75b8c4d1b3c3fc4b21e2998a1e98c4b3a54d9f7c?s=96&d=mm&r=g","contentUrl":"https:\/\/secure.gravatar.com\/avatar\/68d5301c5f52ba88fd63f02c75b8c4d1b3c3fc4b21e2998a1e98c4b3a54d9f7c?s=96&d=mm&r=g","caption":"Uruloki"},"sameAs":["https:\/\/uruloki.org"],"url":"https:\/\/www.uruloki.org\/felipeblog\/author\/admin-2-2-2"}]}},"_links":{"self":[{"href":"https:\/\/www.uruloki.org\/felipeblog\/wp-json\/wp\/v2\/posts\/8650","targetHints":{"allow":["GET"]}}],"collection":[{"href":"https:\/\/www.uruloki.org\/felipeblog\/wp-json\/wp\/v2\/posts"}],"about":[{"href":"https:\/\/www.uruloki.org\/felipeblog\/wp-json\/wp\/v2\/types\/post"}],"author":[{"embeddable":true,"href":"https:\/\/www.uruloki.org\/felipeblog\/wp-json\/wp\/v2\/users\/28"}],"replies":[{"embeddable":true,"href":"https:\/\/www.uruloki.org\/felipeblog\/wp-json\/wp\/v2\/comments?post=8650"}],"version-history":[{"count":3,"href":"https:\/\/www.uruloki.org\/felipeblog\/wp-json\/wp\/v2\/posts\/8650\/revisions"}],"predecessor-version":[{"id":8653,"href":"https:\/\/www.uruloki.org\/felipeblog\/wp-json\/wp\/v2\/posts\/8650\/revisions\/8653"}],"wp:attachment":[{"href":"https:\/\/www.uruloki.org\/felipeblog\/wp-json\/wp\/v2\/media?parent=8650"}],"wp:term":[{"taxonomy":"category","embeddable":true,"href":"https:\/\/www.uruloki.org\/felipeblog\/wp-json\/wp\/v2\/categories?post=8650"},{"taxonomy":"post_tag","embeddable":true,"href":"https:\/\/www.uruloki.org\/felipeblog\/wp-json\/wp\/v2\/tags?post=8650"}],"curies":[{"name":"wp","href":"https:\/\/api.w.org\/{rel}","templated":true}]}}