{"id":8504,"date":"2012-08-26T11:39:29","date_gmt":"2012-08-26T09:39:29","guid":{"rendered":"https:\/\/uruloki.org\/felipeblog\/?p=8504"},"modified":"2013-05-25T12:08:50","modified_gmt":"2013-05-25T10:08:50","slug":"piensa-warner-bros-en-el-par-lana-andy-wachowski-para-hacerse-cargo-de-justice-league-nueva-imagen-de-thorin-escudo-de-roble-con-orcrist-en-sus-manos-y-eli-roth-comenta-que-thanksgiving-v","status":"publish","type":"post","link":"https:\/\/www.uruloki.org\/felipeblog\/cine-de-terror\/piensa-warner-bros-en-el-par-lana-andy-wachowski-para-hacerse-cargo-de-justice-league-nueva-imagen-de-thorin-escudo-de-roble-con-orcrist-en-sus-manos-y-eli-roth-comenta-que-thanksgiving-v","title":{"rendered":"&iquest;Piensa Warner Bros. en el par Lana \/ Andy Wachowski para hacerse cargo de Justice League?, nueva imagen de Thorin Escudo de Roble con Orcrist en sus manos y Eli Roth comenta que Thanksgiving ver&aacute; la luz gracias a los responsables de Clown&#8230;"},"content":{"rendered":"<p>Es domingo y tras ver ayer <a href=\"http:\/\/www.imdb.es\/title\/tt1764651\/\" target=\"_blank\">Los mercenarios 2<\/a> (<em>The Expendables 2<\/em>, 2012) de <a href=\"http:\/\/www.imdb.es\/name\/nm0922346\/\" target=\"_blank\">Simon West<\/a>, solo puedo decir <strong>Lobo Solitario<\/strong> y <a href=\"http:\/\/www.imdb.es\/name\/nm0000241\/\" target=\"_blank\">Jean-Claude Van Damme<\/a>, dedico unos minutos al blog que tengo que salir de breve viaje. R&aacute;pidamente comento dos noticias, de diferente calado, pero igualmente interesantes. Primero, tras <a href=\"http:\/\/www.hollywoodreporter.com\/heat-vision\/ben-affleck-justice-league-movie-christopher-nolan-365471\" target=\"_blank\">la confirmaci&oacute;n, negativa, de Ben Affleck a los rumores<\/a> que le colocaban como <a href=\"https:\/\/uruloki.org\/felipeblog\/cine-de-ciencia-ficcin\/ver-el-hobbit-un-viaje-inesperado-en-48fps-va-a-ser-misin-imposible-concept-art-de-neuromancer-donald-faison-se-une-a-kick-ass-2-balls-to-the-wall-y-ser-el-dr-gravity-jonathan-rh\">posible director de Justice League para Warner Bros.<\/a>, y que han requerido de su declaraci&oacute;n pese a ser <a href=\"https:\/\/uruloki.org\/felipeblog\/cine-de-ciencia-ficcin\/ahora-parece-ser-que-ben-affleck-ha-dicho-que-no-a-warner-bros-y-la-propuesta-de-justice-league-nueva-batera-de-imgenes-de-resident-evil-venganza-burn-gorman-huele-a-carne-en-quot\">ya desmentidos con anterioridad<\/a>, surgen nuevamente  comentarios en la red que tercian sobre posibles encargados finales para el ambicioso proyecto. Ojito, <a href=\"http:\/\/moviehole.net\/201256990exclusive-two-other-names-on-the-justice-league-director-wish-list\" target=\"_blank\">Moviehole lanza la piedra<\/a> y suelta as&iacute; a las bravas que <strong>Warner Bros.<\/strong> tiene entre las manos una peque&ntilde;a lista de factibles para ponerse al frente de <a href=\"http:\/\/www.imdb.es\/title\/tt0974015\/\" target=\"_blank\">Justice League<\/a> (&iquest;?), el inicio de la era post <a href=\"http:\/\/www.imdb.es\/name\/nm0634240\/\" target=\"_blank\">Christopher Nolan<\/a>. El portal comenta que el primer nombre de la lista es el de <strong>Affleck<\/strong>, en fin, y que tras la negativa de este a la oferta entre otros directores figuran los nombres de <a href=\"http:\/\/www.imdb.es\/name\/nm0905154\/\" target=\"_blank\">Lana<\/a> y <a href=\"http:\/\/www.imdb.es\/name\/nm0905152\/\" target=\"_blank\">Andy Wachowski<\/a>. La raz&oacute;n dada por el portal es que los <strong>Wachowski<\/strong> figuran en la lista debido a lo alucinante que podr&iacute;a ser <a href=\"http:\/\/www.imdb.es\/title\/tt1371111\/\" target=\"_blank\">Cloud Atlas<\/a> (2012), alucino con la forma que tienen algunos de olvidarse de <a href=\"http:\/\/www.imdb.es\/name\/nm0878756\/\" target=\"_blank\">Tom Tykwer<\/a>, donde tras reunir un inmenso reparto parecen haber logrado una delicia visual que ha dejado a los directivos de la compa&ntilde;&iacute;a perplejos. Ojo, la raz&oacute;n me parece bastante peregrina&#8230; si bien desconozco las intenciones de <strong>Warner Bros.<\/strong> respecto a <strong>Justice League<\/strong>, me dejar&iacute;a bastante alucinado que el estudio apostara por tirar la casa por la ventana pujando por un reparto brutal. Adem&aacute;s, <strong>Cloud Atlas<\/strong> ser&aacute; fant&aacute;stica, pero es importante destacar que el producto es su historia, compleja en lo visual por transcurrir en un per&iacute;odo de tiempo inimaginable y rompedor, pero apoyada por una base triunfadora como es la obra de <strong>David Mitchell<\/strong> y un reparto de no te menees. Veremos, aun as&iacute; no tengo yo muy claro que los <strong>Wachowski<\/strong> sean la elecci&oacute;n ideal para este producto. Adem&aacute;s&#8230; &iquest;y <a href=\"http:\/\/www.imdb.es\/title\/tt1617661\/\" target=\"_blank\">Jupiter Ascending<\/a> (2014)?<\/p>\n<p class=\"centrado\"><img loading=\"lazy\" decoding=\"async\" src=\"https:\/\/uruloki.org\/felipeblog\/images2012-2\/20120825_thorin.jpg\" alt=\"Nueva imagen de Thorin Escudo de Roble en El Hobbit: Un Viaje Inesperado\" width=\"625\" height=\"610\" \/><br \/>\n<em>Nueva imagen de Thorin Escudo de Roble en El Hobbit: Un Viaje Inesperado <a href=\"http:\/\/comicsen8mm.com\/2012\/08\/24\/dos-fantasticas-imagenes-de-thorin-en-the-hobbit-an-unexpected-journey\/\" target=\"_blank\">v&iacute;a Comics en 8mm<\/a><\/em><\/p>\n<p>La segunda noticia del d&iacute;a, aunque tiene ya unos cuantos encima, <a href=\"http:\/\/behindthethrills.com\/2012\/08\/eli-roth-talks-goretorium-guts-and-thanksgiving\/\" target=\"_blank\">sale del portal Behind the Thrills<\/a>. La web ha entrevistado a <a href=\"http:\/\/www.imdb.es\/name\/nm0744834\/\" target=\"_blank\">Eli Roth<\/a> sobre <a href=\"https:\/\/uruloki.org\/felipeblog\/curiosidades\/as-se-las-gasta-eli-roth-promocionando-su-nuevo-espectculo-goretorium\">su espect&aacute;culo Goretorium<\/a> y en medio de la  habla sobre las posibilidades, reales, de que <strong>&quot;Thanksgiving&quot;<\/strong> (2007), el trailer falso de la edici&oacute;n USA de <a href=\"http:\/\/www.imdb.es\/title\/tt0462322\/\" target=\"_blank\">Grindhouse<\/a> (2007) acabe llegando al formato largometraje. <strong>Roth<\/strong> se muestra optimista comentando que va a ser una realidad y que est&aacute; trabajando codo a codo con los guionistas de <a href=\"http:\/\/www.imdb.es\/title\/tt1780798\/\" target=\"_blank\">Clown<\/a> (2013). Tras hacer un primer desarrollo junto a <a href=\"http:\/\/www.imdb.es\/name\/nm1249684\/\" target=\"_blank\">Jeff Rundell<\/a>, su habitual colaborador, ha puesto en manos de <a href=\"http:\/\/www.imdb.es\/name\/nm1755986\/\" target=\"_blank\">Chris Ford<\/a> y <a href=\"http:\/\/www.imdb.es\/name\/nm1218281\/\" target=\"_blank\">John Watts<\/a> el trabajo para que se saquen de ah&iacute; un gui&oacute;n verdaderamente acongojante. Pues nada, crucemos los dedos, molar&iacute;a mucho poder ver <strong>Thanksgiving<\/strong> (&iquest;?) en cines&#8230;<\/p>\n<div class=\"video\"><iframe loading=\"lazy\" width=\"625\" height=\"380\" src=\"http:\/\/www.youtube.com\/embed\/ZE7tyW8CYXs\"><\/iframe><\/div>\n<p>Yo tambi&eacute;n quiero <strong>&quot;Don&#8217;t&quot;<\/strong>&#8230;<\/p>\n<div class=\"video\"><iframe loading=\"lazy\" width=\"625\" height=\"380\" src=\"http:\/\/www.youtube.com\/embed\/pKzW1nxpWI0\"><\/iframe><\/div>\n<p>Y <strong>&quot;Werewolf Women of the S.S.&quot;<\/strong>&#8230;<\/p>\n<div class=\"video\"><iframe loading=\"lazy\" width=\"625\" height=\"380\" src=\"http:\/\/www.youtube.com\/embed\/lLcmAwBJgng\"><\/iframe><\/div>\n","protected":false},"excerpt":{"rendered":"<p>Es domingo y tras ver ayer Los mercenarios 2 (The Expendables 2, 2012) de Simon West, solo puedo decir Lobo Solitario y Jean-Claude Van Damme, dedico unos minutos al blog que tengo que salir de breve viaje. R&aacute;pidamente comento dos noticias, de diferente calado, pero igualmente interesantes. Primero, tras la confirmaci&oacute;n, negativa, de Ben Affleck [&hellip;]<\/p>\n","protected":false},"author":28,"featured_media":0,"comment_status":"open","ping_status":"open","sticky":false,"template":"","format":"standard","meta":{"footnotes":""},"categories":[10,12,9,63,22],"tags":[39,920,1743],"class_list":["post-8504","post","type-post","status-publish","format-standard","hentry","category-cine-de-comics","category-cine-de-fantasia","category-cine-de-terror","category-el-hobbit","category-grindhouse","tag-justice-league-of-america","tag-thanksgiving","tag-the-hobbit-an-unexpected-journey"],"yoast_head":"<!-- This site is optimized with the Yoast SEO plugin v24.3 - https:\/\/yoast.com\/wordpress\/plugins\/seo\/ -->\n<title>&iquest;Piensa Warner Bros. en el par Lana \/ Andy Wachowski para hacerse cargo de Justice League?, nueva imagen de Thorin Escudo de Roble con Orcrist en sus manos y Eli Roth comenta que Thanksgiving ver&aacute; la luz gracias a los responsables de Clown... - Uruloki :: Blog<\/title>\n<meta name=\"robots\" content=\"index, follow, max-snippet:-1, max-image-preview:large, max-video-preview:-1\" \/>\n<link rel=\"canonical\" href=\"https:\/\/www.uruloki.org\/felipeblog\/cine-de-terror\/piensa-warner-bros-en-el-par-lana-andy-wachowski-para-hacerse-cargo-de-justice-league-nueva-imagen-de-thorin-escudo-de-roble-con-orcrist-en-sus-manos-y-eli-roth-comenta-que-thanksgiving-v\" \/>\n<meta property=\"og:locale\" content=\"es_ES\" \/>\n<meta property=\"og:type\" content=\"article\" \/>\n<meta property=\"og:title\" content=\"&iquest;Piensa Warner Bros. en el par Lana \/ Andy Wachowski para hacerse cargo de Justice League?, nueva imagen de Thorin Escudo de Roble con Orcrist en sus manos y Eli Roth comenta que Thanksgiving ver&aacute; la luz gracias a los responsables de Clown... - Uruloki :: Blog\" \/>\n<meta property=\"og:description\" content=\"Es domingo y tras ver ayer Los mercenarios 2 (The Expendables 2, 2012) de Simon West, solo puedo decir Lobo Solitario y Jean-Claude Van Damme, dedico unos minutos al blog que tengo que salir de breve viaje. R&aacute;pidamente comento dos noticias, de diferente calado, pero igualmente interesantes. Primero, tras la confirmaci&oacute;n, negativa, de Ben Affleck [&hellip;]\" \/>\n<meta property=\"og:url\" content=\"https:\/\/www.uruloki.org\/felipeblog\/cine-de-terror\/piensa-warner-bros-en-el-par-lana-andy-wachowski-para-hacerse-cargo-de-justice-league-nueva-imagen-de-thorin-escudo-de-roble-con-orcrist-en-sus-manos-y-eli-roth-comenta-que-thanksgiving-v\" \/>\n<meta property=\"og:site_name\" content=\"Uruloki :: Blog\" \/>\n<meta property=\"article:publisher\" content=\"https:\/\/www.facebook.com\/uruloki.org\" \/>\n<meta property=\"article:published_time\" content=\"2012-08-26T09:39:29+00:00\" \/>\n<meta property=\"article:modified_time\" content=\"2013-05-25T10:08:50+00:00\" \/>\n<meta property=\"og:image\" content=\"https:\/\/uruloki.org\/felipeblog\/images2012-2\/20120825_thorin.jpg\" \/>\n<meta name=\"author\" content=\"Uruloki\" \/>\n<meta name=\"twitter:card\" content=\"summary_large_image\" \/>\n<meta name=\"twitter:creator\" content=\"@uruloki\" \/>\n<meta name=\"twitter:site\" content=\"@uruloki\" \/>\n<meta name=\"twitter:label1\" content=\"Escrito por\" \/>\n\t<meta name=\"twitter:data1\" content=\"Uruloki\" \/>\n\t<meta name=\"twitter:label2\" content=\"Tiempo de lectura\" \/>\n\t<meta name=\"twitter:data2\" content=\"3 minutos\" \/>\n<script type=\"application\/ld+json\" class=\"yoast-schema-graph\">{\"@context\":\"https:\/\/schema.org\",\"@graph\":[{\"@type\":\"WebPage\",\"@id\":\"https:\/\/www.uruloki.org\/felipeblog\/cine-de-terror\/piensa-warner-bros-en-el-par-lana-andy-wachowski-para-hacerse-cargo-de-justice-league-nueva-imagen-de-thorin-escudo-de-roble-con-orcrist-en-sus-manos-y-eli-roth-comenta-que-thanksgiving-v\",\"url\":\"https:\/\/www.uruloki.org\/felipeblog\/cine-de-terror\/piensa-warner-bros-en-el-par-lana-andy-wachowski-para-hacerse-cargo-de-justice-league-nueva-imagen-de-thorin-escudo-de-roble-con-orcrist-en-sus-manos-y-eli-roth-comenta-que-thanksgiving-v\",\"name\":\"&iquest;Piensa Warner Bros. en el par Lana \/ Andy Wachowski para hacerse cargo de Justice League?, nueva imagen de Thorin Escudo de Roble con Orcrist en sus manos y Eli Roth comenta que Thanksgiving ver&aacute; la luz gracias a los responsables de Clown... - Uruloki :: Blog\",\"isPartOf\":{\"@id\":\"https:\/\/www.uruloki.org\/felipeblog\/#website\"},\"primaryImageOfPage\":{\"@id\":\"https:\/\/www.uruloki.org\/felipeblog\/cine-de-terror\/piensa-warner-bros-en-el-par-lana-andy-wachowski-para-hacerse-cargo-de-justice-league-nueva-imagen-de-thorin-escudo-de-roble-con-orcrist-en-sus-manos-y-eli-roth-comenta-que-thanksgiving-v#primaryimage\"},\"image\":{\"@id\":\"https:\/\/www.uruloki.org\/felipeblog\/cine-de-terror\/piensa-warner-bros-en-el-par-lana-andy-wachowski-para-hacerse-cargo-de-justice-league-nueva-imagen-de-thorin-escudo-de-roble-con-orcrist-en-sus-manos-y-eli-roth-comenta-que-thanksgiving-v#primaryimage\"},\"thumbnailUrl\":\"https:\/\/uruloki.org\/felipeblog\/images2012-2\/20120825_thorin.jpg\",\"datePublished\":\"2012-08-26T09:39:29+00:00\",\"dateModified\":\"2013-05-25T10:08:50+00:00\",\"author\":{\"@id\":\"https:\/\/www.uruloki.org\/felipeblog\/#\/schema\/person\/ddba06ddaa27edf0c370460d05c51bb3\"},\"breadcrumb\":{\"@id\":\"https:\/\/www.uruloki.org\/felipeblog\/cine-de-terror\/piensa-warner-bros-en-el-par-lana-andy-wachowski-para-hacerse-cargo-de-justice-league-nueva-imagen-de-thorin-escudo-de-roble-con-orcrist-en-sus-manos-y-eli-roth-comenta-que-thanksgiving-v#breadcrumb\"},\"inLanguage\":\"es\",\"potentialAction\":[{\"@type\":\"ReadAction\",\"target\":[\"https:\/\/www.uruloki.org\/felipeblog\/cine-de-terror\/piensa-warner-bros-en-el-par-lana-andy-wachowski-para-hacerse-cargo-de-justice-league-nueva-imagen-de-thorin-escudo-de-roble-con-orcrist-en-sus-manos-y-eli-roth-comenta-que-thanksgiving-v\"]}]},{\"@type\":\"ImageObject\",\"inLanguage\":\"es\",\"@id\":\"https:\/\/www.uruloki.org\/felipeblog\/cine-de-terror\/piensa-warner-bros-en-el-par-lana-andy-wachowski-para-hacerse-cargo-de-justice-league-nueva-imagen-de-thorin-escudo-de-roble-con-orcrist-en-sus-manos-y-eli-roth-comenta-que-thanksgiving-v#primaryimage\",\"url\":\"https:\/\/uruloki.org\/felipeblog\/images2012-2\/20120825_thorin.jpg\",\"contentUrl\":\"https:\/\/uruloki.org\/felipeblog\/images2012-2\/20120825_thorin.jpg\"},{\"@type\":\"BreadcrumbList\",\"@id\":\"https:\/\/www.uruloki.org\/felipeblog\/cine-de-terror\/piensa-warner-bros-en-el-par-lana-andy-wachowski-para-hacerse-cargo-de-justice-league-nueva-imagen-de-thorin-escudo-de-roble-con-orcrist-en-sus-manos-y-eli-roth-comenta-que-thanksgiving-v#breadcrumb\",\"itemListElement\":[{\"@type\":\"ListItem\",\"position\":1,\"name\":\"Portada\",\"item\":\"https:\/\/www.uruloki.org\/felipeblog\"},{\"@type\":\"ListItem\",\"position\":2,\"name\":\"&iquest;Piensa Warner Bros. en el par Lana \/ Andy Wachowski para hacerse cargo de Justice League?, nueva imagen de Thorin Escudo de Roble con Orcrist en sus manos y Eli Roth comenta que Thanksgiving ver&aacute; la luz gracias a los responsables de Clown&#8230;\"}]},{\"@type\":\"WebSite\",\"@id\":\"https:\/\/www.uruloki.org\/felipeblog\/#website\",\"url\":\"https:\/\/www.uruloki.org\/felipeblog\/\",\"name\":\"Uruloki :: Blog\",\"description\":\"Blog de cine, terror, ciencia ficci\u00f3n, fantas\u00eda y c\u00f3mics\",\"potentialAction\":[{\"@type\":\"SearchAction\",\"target\":{\"@type\":\"EntryPoint\",\"urlTemplate\":\"https:\/\/www.uruloki.org\/felipeblog\/?s={search_term_string}\"},\"query-input\":{\"@type\":\"PropertyValueSpecification\",\"valueRequired\":true,\"valueName\":\"search_term_string\"}}],\"inLanguage\":\"es\"},{\"@type\":\"Person\",\"@id\":\"https:\/\/www.uruloki.org\/felipeblog\/#\/schema\/person\/ddba06ddaa27edf0c370460d05c51bb3\",\"name\":\"Uruloki\",\"image\":{\"@type\":\"ImageObject\",\"inLanguage\":\"es\",\"@id\":\"https:\/\/www.uruloki.org\/felipeblog\/#\/schema\/person\/image\/\",\"url\":\"https:\/\/secure.gravatar.com\/avatar\/68d5301c5f52ba88fd63f02c75b8c4d1b3c3fc4b21e2998a1e98c4b3a54d9f7c?s=96&d=mm&r=g\",\"contentUrl\":\"https:\/\/secure.gravatar.com\/avatar\/68d5301c5f52ba88fd63f02c75b8c4d1b3c3fc4b21e2998a1e98c4b3a54d9f7c?s=96&d=mm&r=g\",\"caption\":\"Uruloki\"},\"sameAs\":[\"https:\/\/uruloki.org\"],\"url\":\"https:\/\/www.uruloki.org\/felipeblog\/author\/admin-2-2-2\"}]}<\/script>\n<!-- \/ Yoast SEO plugin. -->","yoast_head_json":{"title":"&iquest;Piensa Warner Bros. en el par Lana \/ Andy Wachowski para hacerse cargo de Justice League?, nueva imagen de Thorin Escudo de Roble con Orcrist en sus manos y Eli Roth comenta que Thanksgiving ver&aacute; la luz gracias a los responsables de Clown... - Uruloki :: Blog","robots":{"index":"index","follow":"follow","max-snippet":"max-snippet:-1","max-image-preview":"max-image-preview:large","max-video-preview":"max-video-preview:-1"},"canonical":"https:\/\/www.uruloki.org\/felipeblog\/cine-de-terror\/piensa-warner-bros-en-el-par-lana-andy-wachowski-para-hacerse-cargo-de-justice-league-nueva-imagen-de-thorin-escudo-de-roble-con-orcrist-en-sus-manos-y-eli-roth-comenta-que-thanksgiving-v","og_locale":"es_ES","og_type":"article","og_title":"&iquest;Piensa Warner Bros. en el par Lana \/ Andy Wachowski para hacerse cargo de Justice League?, nueva imagen de Thorin Escudo de Roble con Orcrist en sus manos y Eli Roth comenta que Thanksgiving ver&aacute; la luz gracias a los responsables de Clown... - Uruloki :: Blog","og_description":"Es domingo y tras ver ayer Los mercenarios 2 (The Expendables 2, 2012) de Simon West, solo puedo decir Lobo Solitario y Jean-Claude Van Damme, dedico unos minutos al blog que tengo que salir de breve viaje. R&aacute;pidamente comento dos noticias, de diferente calado, pero igualmente interesantes. Primero, tras la confirmaci&oacute;n, negativa, de Ben Affleck [&hellip;]","og_url":"https:\/\/www.uruloki.org\/felipeblog\/cine-de-terror\/piensa-warner-bros-en-el-par-lana-andy-wachowski-para-hacerse-cargo-de-justice-league-nueva-imagen-de-thorin-escudo-de-roble-con-orcrist-en-sus-manos-y-eli-roth-comenta-que-thanksgiving-v","og_site_name":"Uruloki :: Blog","article_publisher":"https:\/\/www.facebook.com\/uruloki.org","article_published_time":"2012-08-26T09:39:29+00:00","article_modified_time":"2013-05-25T10:08:50+00:00","og_image":[{"url":"https:\/\/uruloki.org\/felipeblog\/images2012-2\/20120825_thorin.jpg","type":"","width":"","height":""}],"author":"Uruloki","twitter_card":"summary_large_image","twitter_creator":"@uruloki","twitter_site":"@uruloki","twitter_misc":{"Escrito por":"Uruloki","Tiempo de lectura":"3 minutos"},"schema":{"@context":"https:\/\/schema.org","@graph":[{"@type":"WebPage","@id":"https:\/\/www.uruloki.org\/felipeblog\/cine-de-terror\/piensa-warner-bros-en-el-par-lana-andy-wachowski-para-hacerse-cargo-de-justice-league-nueva-imagen-de-thorin-escudo-de-roble-con-orcrist-en-sus-manos-y-eli-roth-comenta-que-thanksgiving-v","url":"https:\/\/www.uruloki.org\/felipeblog\/cine-de-terror\/piensa-warner-bros-en-el-par-lana-andy-wachowski-para-hacerse-cargo-de-justice-league-nueva-imagen-de-thorin-escudo-de-roble-con-orcrist-en-sus-manos-y-eli-roth-comenta-que-thanksgiving-v","name":"&iquest;Piensa Warner Bros. en el par Lana \/ Andy Wachowski para hacerse cargo de Justice League?, nueva imagen de Thorin Escudo de Roble con Orcrist en sus manos y Eli Roth comenta que Thanksgiving ver&aacute; la luz gracias a los responsables de Clown... - Uruloki :: Blog","isPartOf":{"@id":"https:\/\/www.uruloki.org\/felipeblog\/#website"},"primaryImageOfPage":{"@id":"https:\/\/www.uruloki.org\/felipeblog\/cine-de-terror\/piensa-warner-bros-en-el-par-lana-andy-wachowski-para-hacerse-cargo-de-justice-league-nueva-imagen-de-thorin-escudo-de-roble-con-orcrist-en-sus-manos-y-eli-roth-comenta-que-thanksgiving-v#primaryimage"},"image":{"@id":"https:\/\/www.uruloki.org\/felipeblog\/cine-de-terror\/piensa-warner-bros-en-el-par-lana-andy-wachowski-para-hacerse-cargo-de-justice-league-nueva-imagen-de-thorin-escudo-de-roble-con-orcrist-en-sus-manos-y-eli-roth-comenta-que-thanksgiving-v#primaryimage"},"thumbnailUrl":"https:\/\/uruloki.org\/felipeblog\/images2012-2\/20120825_thorin.jpg","datePublished":"2012-08-26T09:39:29+00:00","dateModified":"2013-05-25T10:08:50+00:00","author":{"@id":"https:\/\/www.uruloki.org\/felipeblog\/#\/schema\/person\/ddba06ddaa27edf0c370460d05c51bb3"},"breadcrumb":{"@id":"https:\/\/www.uruloki.org\/felipeblog\/cine-de-terror\/piensa-warner-bros-en-el-par-lana-andy-wachowski-para-hacerse-cargo-de-justice-league-nueva-imagen-de-thorin-escudo-de-roble-con-orcrist-en-sus-manos-y-eli-roth-comenta-que-thanksgiving-v#breadcrumb"},"inLanguage":"es","potentialAction":[{"@type":"ReadAction","target":["https:\/\/www.uruloki.org\/felipeblog\/cine-de-terror\/piensa-warner-bros-en-el-par-lana-andy-wachowski-para-hacerse-cargo-de-justice-league-nueva-imagen-de-thorin-escudo-de-roble-con-orcrist-en-sus-manos-y-eli-roth-comenta-que-thanksgiving-v"]}]},{"@type":"ImageObject","inLanguage":"es","@id":"https:\/\/www.uruloki.org\/felipeblog\/cine-de-terror\/piensa-warner-bros-en-el-par-lana-andy-wachowski-para-hacerse-cargo-de-justice-league-nueva-imagen-de-thorin-escudo-de-roble-con-orcrist-en-sus-manos-y-eli-roth-comenta-que-thanksgiving-v#primaryimage","url":"https:\/\/uruloki.org\/felipeblog\/images2012-2\/20120825_thorin.jpg","contentUrl":"https:\/\/uruloki.org\/felipeblog\/images2012-2\/20120825_thorin.jpg"},{"@type":"BreadcrumbList","@id":"https:\/\/www.uruloki.org\/felipeblog\/cine-de-terror\/piensa-warner-bros-en-el-par-lana-andy-wachowski-para-hacerse-cargo-de-justice-league-nueva-imagen-de-thorin-escudo-de-roble-con-orcrist-en-sus-manos-y-eli-roth-comenta-que-thanksgiving-v#breadcrumb","itemListElement":[{"@type":"ListItem","position":1,"name":"Portada","item":"https:\/\/www.uruloki.org\/felipeblog"},{"@type":"ListItem","position":2,"name":"&iquest;Piensa Warner Bros. en el par Lana \/ Andy Wachowski para hacerse cargo de Justice League?, nueva imagen de Thorin Escudo de Roble con Orcrist en sus manos y Eli Roth comenta que Thanksgiving ver&aacute; la luz gracias a los responsables de Clown&#8230;"}]},{"@type":"WebSite","@id":"https:\/\/www.uruloki.org\/felipeblog\/#website","url":"https:\/\/www.uruloki.org\/felipeblog\/","name":"Uruloki :: Blog","description":"Blog de cine, terror, ciencia ficci\u00f3n, fantas\u00eda y c\u00f3mics","potentialAction":[{"@type":"SearchAction","target":{"@type":"EntryPoint","urlTemplate":"https:\/\/www.uruloki.org\/felipeblog\/?s={search_term_string}"},"query-input":{"@type":"PropertyValueSpecification","valueRequired":true,"valueName":"search_term_string"}}],"inLanguage":"es"},{"@type":"Person","@id":"https:\/\/www.uruloki.org\/felipeblog\/#\/schema\/person\/ddba06ddaa27edf0c370460d05c51bb3","name":"Uruloki","image":{"@type":"ImageObject","inLanguage":"es","@id":"https:\/\/www.uruloki.org\/felipeblog\/#\/schema\/person\/image\/","url":"https:\/\/secure.gravatar.com\/avatar\/68d5301c5f52ba88fd63f02c75b8c4d1b3c3fc4b21e2998a1e98c4b3a54d9f7c?s=96&d=mm&r=g","contentUrl":"https:\/\/secure.gravatar.com\/avatar\/68d5301c5f52ba88fd63f02c75b8c4d1b3c3fc4b21e2998a1e98c4b3a54d9f7c?s=96&d=mm&r=g","caption":"Uruloki"},"sameAs":["https:\/\/uruloki.org"],"url":"https:\/\/www.uruloki.org\/felipeblog\/author\/admin-2-2-2"}]}},"_links":{"self":[{"href":"https:\/\/www.uruloki.org\/felipeblog\/wp-json\/wp\/v2\/posts\/8504","targetHints":{"allow":["GET"]}}],"collection":[{"href":"https:\/\/www.uruloki.org\/felipeblog\/wp-json\/wp\/v2\/posts"}],"about":[{"href":"https:\/\/www.uruloki.org\/felipeblog\/wp-json\/wp\/v2\/types\/post"}],"author":[{"embeddable":true,"href":"https:\/\/www.uruloki.org\/felipeblog\/wp-json\/wp\/v2\/users\/28"}],"replies":[{"embeddable":true,"href":"https:\/\/www.uruloki.org\/felipeblog\/wp-json\/wp\/v2\/comments?post=8504"}],"version-history":[{"count":2,"href":"https:\/\/www.uruloki.org\/felipeblog\/wp-json\/wp\/v2\/posts\/8504\/revisions"}],"predecessor-version":[{"id":10347,"href":"https:\/\/www.uruloki.org\/felipeblog\/wp-json\/wp\/v2\/posts\/8504\/revisions\/10347"}],"wp:attachment":[{"href":"https:\/\/www.uruloki.org\/felipeblog\/wp-json\/wp\/v2\/media?parent=8504"}],"wp:term":[{"taxonomy":"category","embeddable":true,"href":"https:\/\/www.uruloki.org\/felipeblog\/wp-json\/wp\/v2\/categories?post=8504"},{"taxonomy":"post_tag","embeddable":true,"href":"https:\/\/www.uruloki.org\/felipeblog\/wp-json\/wp\/v2\/tags?post=8504"}],"curies":[{"name":"wp","href":"https:\/\/api.w.org\/{rel}","templated":true}]}}