{"id":8387,"date":"2012-08-07T23:50:23","date_gmt":"2012-08-07T21:50:23","guid":{"rendered":"https:\/\/uruloki.org\/felipeblog\/?p=8387"},"modified":"2012-08-07T23:51:03","modified_gmt":"2012-08-07T21:51:03","slug":"se-vea-venir-joss-whedon-acuerda-con-marvel-studios-dirigir-the-avengers-2-y-algo-ms","status":"publish","type":"post","link":"https:\/\/www.uruloki.org\/felipeblog\/cine-de-comics\/se-vea-venir-joss-whedon-acuerda-con-marvel-studios-dirigir-the-avengers-2-y-algo-ms","title":{"rendered":"Se ve&iacute;a venir, Joss Whedon acuerda con Marvel Studios escribir y dirigir The Avengers 2, y algo m&aacute;s&#8230;"},"content":{"rendered":"<p>Estaba m&aacute;s claro que el agua. Con <a href=\"http:\/\/www.deadline.com\/2012\/08\/disney-fiscal-q3-earnings\/\" target=\"_blank\">las cifras que acaba de presentar The Walt Disney Company para su tercer cuatrimestre fiscal<\/a> este anuncio ten&iacute;a que llegar. <strong>Bob Iger<\/strong>, CEO de <strong>The Walt Disney Company<\/strong>, ha anunciado que <a href=\"http:\/\/www.imdb.es\/name\/nm0923736\/\" target=\"_blank\">Joss Whedon<\/a> ha cerrado un acuerdo con la compa&ntilde;&iacute;a para hacerse cargo de la escritura y direcci&oacute;n de <a href=\"http:\/\/www.imdb.es\/title\/tt2395427\/\" target=\"_blank\">The Avengers 2<\/a> (&iquest;?), secuela del pelotazo del verano que ha sido <a href=\"http:\/\/www.imdb.es\/title\/tt0848228\/\" target=\"_blank\">Los Vengadores<\/a> (<em>The Avengers<\/em>, 2012)&#8230; 1.461 millones de d&oacute;lares de recaudaci&oacute;n son raz&oacute;n m&aacute;s que suficiente. Junto a esto el estudio ha indicado que <strong>Whedon<\/strong> tambi&eacute;n est&aacute; ligado a esa aventura televisiva ya descubierta, que se ver&aacute; en la <strong>ABC<\/strong> y que se vincular&aacute; directamente con el universo cinem&aacute;tico que llevan desarrollando desde el 2008. Ojo, ahora lo que debemos encontrar es fecha de estreno para este nuevo pelotazo en taquilla. &iquest;2015? Pues podr&iacute;a ser, con el 2013 y 2014 ya repletos, <a href=\"http:\/\/www.imdb.es\/title\/tt1300854\/\" target=\"_blank\">Iron Man 3<\/a> (2013), <a href=\"http:\/\/www.imdb.es\/title\/tt1981115\/\" target=\"_blank\">Thor: The Dark World<\/a> (2013), <a href=\"http:\/\/www.imdb.es\/title\/tt1843866\/\" target=\"_blank\">Captain America: The Winter Soldier<\/a> (2014) y <a href=\"http:\/\/www.imdb.es\/title\/tt2015381\/\" target=\"_blank\">Guardians of the Galaxy<\/a> (2014), pues es bastante factible. Adem&aacute;s, &iquest;qu&eacute; tal si lo juntamos con <a href=\"http:\/\/www.imdb.es\/title\/tt0478970\/\" target=\"_blank\">Ant-Man<\/a> (&iquest;?) de <a href=\"http:\/\/www.imdb.es\/name\/nm0942367\/\" target=\"_blank\">Edward Wright<\/a>?<\/p>\n<p class=\"centrado\"><img loading=\"lazy\" decoding=\"async\" src=\"https:\/\/uruloki.org\/felipeblog\/images2012-2\/20120807_josswhedon.jpeg\" alt=\"Joss Whedon inmortalizado\" width=\"554\" height=\"720\" \/><br \/>\n<em>Joss Whedon inmortalizado<\/em><\/p>\n","protected":false},"excerpt":{"rendered":"<p>Estaba m&aacute;s claro que el agua. Con las cifras que acaba de presentar The Walt Disney Company para su tercer cuatrimestre fiscal este anuncio ten&iacute;a que llegar. Bob Iger, CEO de The Walt Disney Company, ha anunciado que Joss Whedon ha cerrado un acuerdo con la compa&ntilde;&iacute;a para hacerse cargo de la escritura y direcci&oacute;n [&hellip;]<\/p>\n","protected":false},"author":28,"featured_media":0,"comment_status":"open","ping_status":"open","sticky":false,"template":"","format":"standard","meta":{"footnotes":""},"categories":[10],"tags":[1896],"class_list":["post-8387","post","type-post","status-publish","format-standard","hentry","category-cine-de-comics","tag-the-avengers-2"],"yoast_head":"<!-- This site is optimized with the Yoast SEO plugin v24.3 - https:\/\/yoast.com\/wordpress\/plugins\/seo\/ -->\n<title>Se ve&iacute;a venir, Joss Whedon acuerda con Marvel Studios escribir y dirigir The Avengers 2, y algo m&aacute;s... - Uruloki :: Blog<\/title>\n<meta name=\"robots\" content=\"index, follow, max-snippet:-1, max-image-preview:large, max-video-preview:-1\" \/>\n<link rel=\"canonical\" href=\"https:\/\/www.uruloki.org\/felipeblog\/cine-de-comics\/se-vea-venir-joss-whedon-acuerda-con-marvel-studios-dirigir-the-avengers-2-y-algo-ms\" \/>\n<meta property=\"og:locale\" content=\"es_ES\" \/>\n<meta property=\"og:type\" content=\"article\" \/>\n<meta property=\"og:title\" content=\"Se ve&iacute;a venir, Joss Whedon acuerda con Marvel Studios escribir y dirigir The Avengers 2, y algo m&aacute;s... - Uruloki :: Blog\" \/>\n<meta property=\"og:description\" content=\"Estaba m&aacute;s claro que el agua. Con las cifras que acaba de presentar The Walt Disney Company para su tercer cuatrimestre fiscal este anuncio ten&iacute;a que llegar. Bob Iger, CEO de The Walt Disney Company, ha anunciado que Joss Whedon ha cerrado un acuerdo con la compa&ntilde;&iacute;a para hacerse cargo de la escritura y direcci&oacute;n [&hellip;]\" \/>\n<meta property=\"og:url\" content=\"https:\/\/www.uruloki.org\/felipeblog\/cine-de-comics\/se-vea-venir-joss-whedon-acuerda-con-marvel-studios-dirigir-the-avengers-2-y-algo-ms\" \/>\n<meta property=\"og:site_name\" content=\"Uruloki :: Blog\" \/>\n<meta property=\"article:publisher\" content=\"https:\/\/www.facebook.com\/uruloki.org\" \/>\n<meta property=\"article:published_time\" content=\"2012-08-07T21:50:23+00:00\" \/>\n<meta property=\"article:modified_time\" content=\"2012-08-07T21:51:03+00:00\" \/>\n<meta property=\"og:image\" content=\"https:\/\/uruloki.org\/felipeblog\/images2012-2\/20120807_josswhedon.jpeg\" \/>\n<meta name=\"author\" content=\"Uruloki\" \/>\n<meta name=\"twitter:card\" content=\"summary_large_image\" \/>\n<meta name=\"twitter:creator\" content=\"@uruloki\" \/>\n<meta name=\"twitter:site\" content=\"@uruloki\" \/>\n<meta name=\"twitter:label1\" content=\"Escrito por\" \/>\n\t<meta name=\"twitter:data1\" content=\"Uruloki\" \/>\n\t<meta name=\"twitter:label2\" content=\"Tiempo de lectura\" \/>\n\t<meta name=\"twitter:data2\" content=\"1 minuto\" \/>\n<script type=\"application\/ld+json\" class=\"yoast-schema-graph\">{\"@context\":\"https:\/\/schema.org\",\"@graph\":[{\"@type\":\"WebPage\",\"@id\":\"https:\/\/www.uruloki.org\/felipeblog\/cine-de-comics\/se-vea-venir-joss-whedon-acuerda-con-marvel-studios-dirigir-the-avengers-2-y-algo-ms\",\"url\":\"https:\/\/www.uruloki.org\/felipeblog\/cine-de-comics\/se-vea-venir-joss-whedon-acuerda-con-marvel-studios-dirigir-the-avengers-2-y-algo-ms\",\"name\":\"Se ve&iacute;a venir, Joss Whedon acuerda con Marvel Studios escribir y dirigir The Avengers 2, y algo m&aacute;s... - Uruloki :: Blog\",\"isPartOf\":{\"@id\":\"https:\/\/www.uruloki.org\/felipeblog\/#website\"},\"primaryImageOfPage\":{\"@id\":\"https:\/\/www.uruloki.org\/felipeblog\/cine-de-comics\/se-vea-venir-joss-whedon-acuerda-con-marvel-studios-dirigir-the-avengers-2-y-algo-ms#primaryimage\"},\"image\":{\"@id\":\"https:\/\/www.uruloki.org\/felipeblog\/cine-de-comics\/se-vea-venir-joss-whedon-acuerda-con-marvel-studios-dirigir-the-avengers-2-y-algo-ms#primaryimage\"},\"thumbnailUrl\":\"https:\/\/uruloki.org\/felipeblog\/images2012-2\/20120807_josswhedon.jpeg\",\"datePublished\":\"2012-08-07T21:50:23+00:00\",\"dateModified\":\"2012-08-07T21:51:03+00:00\",\"author\":{\"@id\":\"https:\/\/www.uruloki.org\/felipeblog\/#\/schema\/person\/ddba06ddaa27edf0c370460d05c51bb3\"},\"breadcrumb\":{\"@id\":\"https:\/\/www.uruloki.org\/felipeblog\/cine-de-comics\/se-vea-venir-joss-whedon-acuerda-con-marvel-studios-dirigir-the-avengers-2-y-algo-ms#breadcrumb\"},\"inLanguage\":\"es\",\"potentialAction\":[{\"@type\":\"ReadAction\",\"target\":[\"https:\/\/www.uruloki.org\/felipeblog\/cine-de-comics\/se-vea-venir-joss-whedon-acuerda-con-marvel-studios-dirigir-the-avengers-2-y-algo-ms\"]}]},{\"@type\":\"ImageObject\",\"inLanguage\":\"es\",\"@id\":\"https:\/\/www.uruloki.org\/felipeblog\/cine-de-comics\/se-vea-venir-joss-whedon-acuerda-con-marvel-studios-dirigir-the-avengers-2-y-algo-ms#primaryimage\",\"url\":\"https:\/\/uruloki.org\/felipeblog\/images2012-2\/20120807_josswhedon.jpeg\",\"contentUrl\":\"https:\/\/uruloki.org\/felipeblog\/images2012-2\/20120807_josswhedon.jpeg\"},{\"@type\":\"BreadcrumbList\",\"@id\":\"https:\/\/www.uruloki.org\/felipeblog\/cine-de-comics\/se-vea-venir-joss-whedon-acuerda-con-marvel-studios-dirigir-the-avengers-2-y-algo-ms#breadcrumb\",\"itemListElement\":[{\"@type\":\"ListItem\",\"position\":1,\"name\":\"Portada\",\"item\":\"https:\/\/www.uruloki.org\/felipeblog\"},{\"@type\":\"ListItem\",\"position\":2,\"name\":\"Se ve&iacute;a venir, Joss Whedon acuerda con Marvel Studios escribir y dirigir The Avengers 2, y algo m&aacute;s&#8230;\"}]},{\"@type\":\"WebSite\",\"@id\":\"https:\/\/www.uruloki.org\/felipeblog\/#website\",\"url\":\"https:\/\/www.uruloki.org\/felipeblog\/\",\"name\":\"Uruloki :: Blog\",\"description\":\"Blog de cine, terror, ciencia ficci\u00f3n, fantas\u00eda y c\u00f3mics\",\"potentialAction\":[{\"@type\":\"SearchAction\",\"target\":{\"@type\":\"EntryPoint\",\"urlTemplate\":\"https:\/\/www.uruloki.org\/felipeblog\/?s={search_term_string}\"},\"query-input\":{\"@type\":\"PropertyValueSpecification\",\"valueRequired\":true,\"valueName\":\"search_term_string\"}}],\"inLanguage\":\"es\"},{\"@type\":\"Person\",\"@id\":\"https:\/\/www.uruloki.org\/felipeblog\/#\/schema\/person\/ddba06ddaa27edf0c370460d05c51bb3\",\"name\":\"Uruloki\",\"image\":{\"@type\":\"ImageObject\",\"inLanguage\":\"es\",\"@id\":\"https:\/\/www.uruloki.org\/felipeblog\/#\/schema\/person\/image\/\",\"url\":\"https:\/\/secure.gravatar.com\/avatar\/68d5301c5f52ba88fd63f02c75b8c4d1b3c3fc4b21e2998a1e98c4b3a54d9f7c?s=96&d=mm&r=g\",\"contentUrl\":\"https:\/\/secure.gravatar.com\/avatar\/68d5301c5f52ba88fd63f02c75b8c4d1b3c3fc4b21e2998a1e98c4b3a54d9f7c?s=96&d=mm&r=g\",\"caption\":\"Uruloki\"},\"sameAs\":[\"https:\/\/uruloki.org\"],\"url\":\"https:\/\/www.uruloki.org\/felipeblog\/author\/admin-2-2-2\"}]}<\/script>\n<!-- \/ Yoast SEO plugin. -->","yoast_head_json":{"title":"Se ve&iacute;a venir, Joss Whedon acuerda con Marvel Studios escribir y dirigir The Avengers 2, y algo m&aacute;s... - Uruloki :: Blog","robots":{"index":"index","follow":"follow","max-snippet":"max-snippet:-1","max-image-preview":"max-image-preview:large","max-video-preview":"max-video-preview:-1"},"canonical":"https:\/\/www.uruloki.org\/felipeblog\/cine-de-comics\/se-vea-venir-joss-whedon-acuerda-con-marvel-studios-dirigir-the-avengers-2-y-algo-ms","og_locale":"es_ES","og_type":"article","og_title":"Se ve&iacute;a venir, Joss Whedon acuerda con Marvel Studios escribir y dirigir The Avengers 2, y algo m&aacute;s... - Uruloki :: Blog","og_description":"Estaba m&aacute;s claro que el agua. Con las cifras que acaba de presentar The Walt Disney Company para su tercer cuatrimestre fiscal este anuncio ten&iacute;a que llegar. Bob Iger, CEO de The Walt Disney Company, ha anunciado que Joss Whedon ha cerrado un acuerdo con la compa&ntilde;&iacute;a para hacerse cargo de la escritura y direcci&oacute;n [&hellip;]","og_url":"https:\/\/www.uruloki.org\/felipeblog\/cine-de-comics\/se-vea-venir-joss-whedon-acuerda-con-marvel-studios-dirigir-the-avengers-2-y-algo-ms","og_site_name":"Uruloki :: Blog","article_publisher":"https:\/\/www.facebook.com\/uruloki.org","article_published_time":"2012-08-07T21:50:23+00:00","article_modified_time":"2012-08-07T21:51:03+00:00","og_image":[{"url":"https:\/\/uruloki.org\/felipeblog\/images2012-2\/20120807_josswhedon.jpeg","type":"","width":"","height":""}],"author":"Uruloki","twitter_card":"summary_large_image","twitter_creator":"@uruloki","twitter_site":"@uruloki","twitter_misc":{"Escrito por":"Uruloki","Tiempo de lectura":"1 minuto"},"schema":{"@context":"https:\/\/schema.org","@graph":[{"@type":"WebPage","@id":"https:\/\/www.uruloki.org\/felipeblog\/cine-de-comics\/se-vea-venir-joss-whedon-acuerda-con-marvel-studios-dirigir-the-avengers-2-y-algo-ms","url":"https:\/\/www.uruloki.org\/felipeblog\/cine-de-comics\/se-vea-venir-joss-whedon-acuerda-con-marvel-studios-dirigir-the-avengers-2-y-algo-ms","name":"Se ve&iacute;a venir, Joss Whedon acuerda con Marvel Studios escribir y dirigir The Avengers 2, y algo m&aacute;s... - Uruloki :: Blog","isPartOf":{"@id":"https:\/\/www.uruloki.org\/felipeblog\/#website"},"primaryImageOfPage":{"@id":"https:\/\/www.uruloki.org\/felipeblog\/cine-de-comics\/se-vea-venir-joss-whedon-acuerda-con-marvel-studios-dirigir-the-avengers-2-y-algo-ms#primaryimage"},"image":{"@id":"https:\/\/www.uruloki.org\/felipeblog\/cine-de-comics\/se-vea-venir-joss-whedon-acuerda-con-marvel-studios-dirigir-the-avengers-2-y-algo-ms#primaryimage"},"thumbnailUrl":"https:\/\/uruloki.org\/felipeblog\/images2012-2\/20120807_josswhedon.jpeg","datePublished":"2012-08-07T21:50:23+00:00","dateModified":"2012-08-07T21:51:03+00:00","author":{"@id":"https:\/\/www.uruloki.org\/felipeblog\/#\/schema\/person\/ddba06ddaa27edf0c370460d05c51bb3"},"breadcrumb":{"@id":"https:\/\/www.uruloki.org\/felipeblog\/cine-de-comics\/se-vea-venir-joss-whedon-acuerda-con-marvel-studios-dirigir-the-avengers-2-y-algo-ms#breadcrumb"},"inLanguage":"es","potentialAction":[{"@type":"ReadAction","target":["https:\/\/www.uruloki.org\/felipeblog\/cine-de-comics\/se-vea-venir-joss-whedon-acuerda-con-marvel-studios-dirigir-the-avengers-2-y-algo-ms"]}]},{"@type":"ImageObject","inLanguage":"es","@id":"https:\/\/www.uruloki.org\/felipeblog\/cine-de-comics\/se-vea-venir-joss-whedon-acuerda-con-marvel-studios-dirigir-the-avengers-2-y-algo-ms#primaryimage","url":"https:\/\/uruloki.org\/felipeblog\/images2012-2\/20120807_josswhedon.jpeg","contentUrl":"https:\/\/uruloki.org\/felipeblog\/images2012-2\/20120807_josswhedon.jpeg"},{"@type":"BreadcrumbList","@id":"https:\/\/www.uruloki.org\/felipeblog\/cine-de-comics\/se-vea-venir-joss-whedon-acuerda-con-marvel-studios-dirigir-the-avengers-2-y-algo-ms#breadcrumb","itemListElement":[{"@type":"ListItem","position":1,"name":"Portada","item":"https:\/\/www.uruloki.org\/felipeblog"},{"@type":"ListItem","position":2,"name":"Se ve&iacute;a venir, Joss Whedon acuerda con Marvel Studios escribir y dirigir The Avengers 2, y algo m&aacute;s&#8230;"}]},{"@type":"WebSite","@id":"https:\/\/www.uruloki.org\/felipeblog\/#website","url":"https:\/\/www.uruloki.org\/felipeblog\/","name":"Uruloki :: Blog","description":"Blog de cine, terror, ciencia ficci\u00f3n, fantas\u00eda y c\u00f3mics","potentialAction":[{"@type":"SearchAction","target":{"@type":"EntryPoint","urlTemplate":"https:\/\/www.uruloki.org\/felipeblog\/?s={search_term_string}"},"query-input":{"@type":"PropertyValueSpecification","valueRequired":true,"valueName":"search_term_string"}}],"inLanguage":"es"},{"@type":"Person","@id":"https:\/\/www.uruloki.org\/felipeblog\/#\/schema\/person\/ddba06ddaa27edf0c370460d05c51bb3","name":"Uruloki","image":{"@type":"ImageObject","inLanguage":"es","@id":"https:\/\/www.uruloki.org\/felipeblog\/#\/schema\/person\/image\/","url":"https:\/\/secure.gravatar.com\/avatar\/68d5301c5f52ba88fd63f02c75b8c4d1b3c3fc4b21e2998a1e98c4b3a54d9f7c?s=96&d=mm&r=g","contentUrl":"https:\/\/secure.gravatar.com\/avatar\/68d5301c5f52ba88fd63f02c75b8c4d1b3c3fc4b21e2998a1e98c4b3a54d9f7c?s=96&d=mm&r=g","caption":"Uruloki"},"sameAs":["https:\/\/uruloki.org"],"url":"https:\/\/www.uruloki.org\/felipeblog\/author\/admin-2-2-2"}]}},"_links":{"self":[{"href":"https:\/\/www.uruloki.org\/felipeblog\/wp-json\/wp\/v2\/posts\/8387","targetHints":{"allow":["GET"]}}],"collection":[{"href":"https:\/\/www.uruloki.org\/felipeblog\/wp-json\/wp\/v2\/posts"}],"about":[{"href":"https:\/\/www.uruloki.org\/felipeblog\/wp-json\/wp\/v2\/types\/post"}],"author":[{"embeddable":true,"href":"https:\/\/www.uruloki.org\/felipeblog\/wp-json\/wp\/v2\/users\/28"}],"replies":[{"embeddable":true,"href":"https:\/\/www.uruloki.org\/felipeblog\/wp-json\/wp\/v2\/comments?post=8387"}],"version-history":[{"count":2,"href":"https:\/\/www.uruloki.org\/felipeblog\/wp-json\/wp\/v2\/posts\/8387\/revisions"}],"predecessor-version":[{"id":8389,"href":"https:\/\/www.uruloki.org\/felipeblog\/wp-json\/wp\/v2\/posts\/8387\/revisions\/8389"}],"wp:attachment":[{"href":"https:\/\/www.uruloki.org\/felipeblog\/wp-json\/wp\/v2\/media?parent=8387"}],"wp:term":[{"taxonomy":"category","embeddable":true,"href":"https:\/\/www.uruloki.org\/felipeblog\/wp-json\/wp\/v2\/categories?post=8387"},{"taxonomy":"post_tag","embeddable":true,"href":"https:\/\/www.uruloki.org\/felipeblog\/wp-json\/wp\/v2\/tags?post=8387"}],"curies":[{"name":"wp","href":"https:\/\/api.w.org\/{rel}","templated":true}]}}