{"id":8262,"date":"2012-07-20T17:17:50","date_gmt":"2012-07-20T15:17:50","guid":{"rendered":"https:\/\/uruloki.org\/felipeblog\/?p=8262"},"modified":"2012-07-20T17:17:50","modified_gmt":"2012-07-20T15:17:50","slug":"el-trailer-de-la-triloga-del-batman-de-nolan-para-esas-horas-previas-a-ir-al-cine-si-no-has-ido-ya","status":"publish","type":"post","link":"https:\/\/www.uruloki.org\/felipeblog\/cine-de-comics\/el-trailer-de-la-triloga-del-batman-de-nolan-para-esas-horas-previas-a-ir-al-cine-si-no-has-ido-ya","title":{"rendered":"El trailer de la trilog&iacute;a del Batman de Nolan para esas horas previas a ir al cine (si no has ido ya)&#8230;"},"content":{"rendered":"<p>No se vosotros, pero yo en unas horas espero estar sentado viendo <strong>El caballero oscuro: la leyenda renace<\/strong> (<em>The Dark Knight Rises<\/em>, 2012), el cap&iacute;tulo final a la trilog&iacute;a de <strong>Batman<\/strong> gestada por <strong>Christopher Nolan<\/strong>, <strong>Jonathan Nolan<\/strong> y <strong>David S. Goyer<\/strong>. Mientras siguen llegando <a href=\"http:\/\/internacional.elpais.com\/internacional\/2012\/07\/20\/actualidad\/1342772833_829936.html\" target=\"_blank\">actualizaciones del lamentable y tremendo asesinato de 12 personas en un complejo cinematogr&aacute;fico de Aurora<\/a>, Denver (Colorado), cuando asist&iacute;an a la <em>premiere<\/em> del film de <strong>Nolan<\/strong> en la medianoche del jueves \/ viernes, lo mejor es mantenerse informado al respecto pero no por ello dejar de confirmar que descerebrados con menos pesquis que un mosquito los hay en todas partes&#8230; y con acceso a armas como un AK-47 tambi&eacute;n. En fin, para animarse un poco lo mejor es ver este <strong>trailer de 5 minutos<\/strong> que fusiona los tres films de <strong>Batman<\/strong> de <strong>Nolan<\/strong> para ir abriendo boca, al tiempo que leemos la nota de condolencia de <strong>Warner Bros.<\/strong> a las familias de los fallecidos en Denver.<\/p>\n<blockquote><p>Warner Bros. y todo el equipo de la pel&iacute;cula estamos profundamente conmocionados por este impactante suceso. Hacemos llegar nuestras m&aacute;s sinceras condolencias a los familiares y seres queridos de las v&iacute;ctimas en este momento tr&aacute;gico.<\/p><\/blockquote>\n<div class=\"video\"><iframe loading=\"lazy\" width=\"625\" height=\"380\" src=\"http:\/\/www.youtube.com\/embed\/1T__uN5xmC0\"><\/iframe><\/div>\n<p class=\"centrado\"><img loading=\"lazy\" decoding=\"async\" src=\"https:\/\/uruloki.org\/felipeblog\/images2012-2\/20120706_thedarkknightrises.jpg\" width=\"625\" height=\"926\" alt=\"Cartel IMAX para El caballero oscuro: la leyenda renace\" \/><\/p>\n","protected":false},"excerpt":{"rendered":"<p>No se vosotros, pero yo en unas horas espero estar sentado viendo El caballero oscuro: la leyenda renace (The Dark Knight Rises, 2012), el cap&iacute;tulo final a la trilog&iacute;a de Batman gestada por Christopher Nolan, Jonathan Nolan y David S. Goyer. Mientras siguen llegando actualizaciones del lamentable y tremendo asesinato de 12 personas en un [&hellip;]<\/p>\n","protected":false},"author":28,"featured_media":0,"comment_status":"open","ping_status":"open","sticky":false,"template":"","format":"standard","meta":{"footnotes":""},"categories":[10],"tags":[1516],"class_list":["post-8262","post","type-post","status-publish","format-standard","hentry","category-cine-de-comics","tag-the-dark-knight-rises"],"yoast_head":"<!-- This site is optimized with the Yoast SEO plugin v24.3 - https:\/\/yoast.com\/wordpress\/plugins\/seo\/ -->\n<title>El trailer de la trilog&iacute;a del Batman de Nolan para esas horas previas a ir al cine (si no has ido ya)... - Uruloki :: Blog<\/title>\n<meta name=\"robots\" content=\"index, follow, max-snippet:-1, max-image-preview:large, max-video-preview:-1\" \/>\n<link rel=\"canonical\" href=\"https:\/\/www.uruloki.org\/felipeblog\/cine-de-comics\/el-trailer-de-la-triloga-del-batman-de-nolan-para-esas-horas-previas-a-ir-al-cine-si-no-has-ido-ya\" \/>\n<meta property=\"og:locale\" content=\"es_ES\" \/>\n<meta property=\"og:type\" content=\"article\" \/>\n<meta property=\"og:title\" content=\"El trailer de la trilog&iacute;a del Batman de Nolan para esas horas previas a ir al cine (si no has ido ya)... - Uruloki :: Blog\" \/>\n<meta property=\"og:description\" content=\"No se vosotros, pero yo en unas horas espero estar sentado viendo El caballero oscuro: la leyenda renace (The Dark Knight Rises, 2012), el cap&iacute;tulo final a la trilog&iacute;a de Batman gestada por Christopher Nolan, Jonathan Nolan y David S. Goyer. Mientras siguen llegando actualizaciones del lamentable y tremendo asesinato de 12 personas en un [&hellip;]\" \/>\n<meta property=\"og:url\" content=\"https:\/\/www.uruloki.org\/felipeblog\/cine-de-comics\/el-trailer-de-la-triloga-del-batman-de-nolan-para-esas-horas-previas-a-ir-al-cine-si-no-has-ido-ya\" \/>\n<meta property=\"og:site_name\" content=\"Uruloki :: Blog\" \/>\n<meta property=\"article:publisher\" content=\"https:\/\/www.facebook.com\/uruloki.org\" \/>\n<meta property=\"article:published_time\" content=\"2012-07-20T15:17:50+00:00\" \/>\n<meta property=\"og:image\" content=\"https:\/\/uruloki.org\/felipeblog\/images2012-2\/20120706_thedarkknightrises.jpg\" \/>\n<meta name=\"author\" content=\"Uruloki\" \/>\n<meta name=\"twitter:card\" content=\"summary_large_image\" \/>\n<meta name=\"twitter:creator\" content=\"@uruloki\" \/>\n<meta name=\"twitter:site\" content=\"@uruloki\" \/>\n<meta name=\"twitter:label1\" content=\"Escrito por\" \/>\n\t<meta name=\"twitter:data1\" content=\"Uruloki\" \/>\n\t<meta name=\"twitter:label2\" content=\"Tiempo de lectura\" \/>\n\t<meta name=\"twitter:data2\" content=\"1 minuto\" \/>\n<script type=\"application\/ld+json\" class=\"yoast-schema-graph\">{\"@context\":\"https:\/\/schema.org\",\"@graph\":[{\"@type\":\"WebPage\",\"@id\":\"https:\/\/www.uruloki.org\/felipeblog\/cine-de-comics\/el-trailer-de-la-triloga-del-batman-de-nolan-para-esas-horas-previas-a-ir-al-cine-si-no-has-ido-ya\",\"url\":\"https:\/\/www.uruloki.org\/felipeblog\/cine-de-comics\/el-trailer-de-la-triloga-del-batman-de-nolan-para-esas-horas-previas-a-ir-al-cine-si-no-has-ido-ya\",\"name\":\"El trailer de la trilog&iacute;a del Batman de Nolan para esas horas previas a ir al cine (si no has ido ya)... - Uruloki :: Blog\",\"isPartOf\":{\"@id\":\"https:\/\/www.uruloki.org\/felipeblog\/#website\"},\"primaryImageOfPage\":{\"@id\":\"https:\/\/www.uruloki.org\/felipeblog\/cine-de-comics\/el-trailer-de-la-triloga-del-batman-de-nolan-para-esas-horas-previas-a-ir-al-cine-si-no-has-ido-ya#primaryimage\"},\"image\":{\"@id\":\"https:\/\/www.uruloki.org\/felipeblog\/cine-de-comics\/el-trailer-de-la-triloga-del-batman-de-nolan-para-esas-horas-previas-a-ir-al-cine-si-no-has-ido-ya#primaryimage\"},\"thumbnailUrl\":\"https:\/\/uruloki.org\/felipeblog\/images2012-2\/20120706_thedarkknightrises.jpg\",\"datePublished\":\"2012-07-20T15:17:50+00:00\",\"dateModified\":\"2012-07-20T15:17:50+00:00\",\"author\":{\"@id\":\"https:\/\/www.uruloki.org\/felipeblog\/#\/schema\/person\/ddba06ddaa27edf0c370460d05c51bb3\"},\"breadcrumb\":{\"@id\":\"https:\/\/www.uruloki.org\/felipeblog\/cine-de-comics\/el-trailer-de-la-triloga-del-batman-de-nolan-para-esas-horas-previas-a-ir-al-cine-si-no-has-ido-ya#breadcrumb\"},\"inLanguage\":\"es\",\"potentialAction\":[{\"@type\":\"ReadAction\",\"target\":[\"https:\/\/www.uruloki.org\/felipeblog\/cine-de-comics\/el-trailer-de-la-triloga-del-batman-de-nolan-para-esas-horas-previas-a-ir-al-cine-si-no-has-ido-ya\"]}]},{\"@type\":\"ImageObject\",\"inLanguage\":\"es\",\"@id\":\"https:\/\/www.uruloki.org\/felipeblog\/cine-de-comics\/el-trailer-de-la-triloga-del-batman-de-nolan-para-esas-horas-previas-a-ir-al-cine-si-no-has-ido-ya#primaryimage\",\"url\":\"https:\/\/uruloki.org\/felipeblog\/images2012-2\/20120706_thedarkknightrises.jpg\",\"contentUrl\":\"https:\/\/uruloki.org\/felipeblog\/images2012-2\/20120706_thedarkknightrises.jpg\"},{\"@type\":\"BreadcrumbList\",\"@id\":\"https:\/\/www.uruloki.org\/felipeblog\/cine-de-comics\/el-trailer-de-la-triloga-del-batman-de-nolan-para-esas-horas-previas-a-ir-al-cine-si-no-has-ido-ya#breadcrumb\",\"itemListElement\":[{\"@type\":\"ListItem\",\"position\":1,\"name\":\"Portada\",\"item\":\"https:\/\/www.uruloki.org\/felipeblog\"},{\"@type\":\"ListItem\",\"position\":2,\"name\":\"El trailer de la trilog&iacute;a del Batman de Nolan para esas horas previas a ir al cine (si no has ido ya)&#8230;\"}]},{\"@type\":\"WebSite\",\"@id\":\"https:\/\/www.uruloki.org\/felipeblog\/#website\",\"url\":\"https:\/\/www.uruloki.org\/felipeblog\/\",\"name\":\"Uruloki :: Blog\",\"description\":\"Blog de cine, terror, ciencia ficci\u00f3n, fantas\u00eda y c\u00f3mics\",\"potentialAction\":[{\"@type\":\"SearchAction\",\"target\":{\"@type\":\"EntryPoint\",\"urlTemplate\":\"https:\/\/www.uruloki.org\/felipeblog\/?s={search_term_string}\"},\"query-input\":{\"@type\":\"PropertyValueSpecification\",\"valueRequired\":true,\"valueName\":\"search_term_string\"}}],\"inLanguage\":\"es\"},{\"@type\":\"Person\",\"@id\":\"https:\/\/www.uruloki.org\/felipeblog\/#\/schema\/person\/ddba06ddaa27edf0c370460d05c51bb3\",\"name\":\"Uruloki\",\"image\":{\"@type\":\"ImageObject\",\"inLanguage\":\"es\",\"@id\":\"https:\/\/www.uruloki.org\/felipeblog\/#\/schema\/person\/image\/\",\"url\":\"https:\/\/secure.gravatar.com\/avatar\/68d5301c5f52ba88fd63f02c75b8c4d1b3c3fc4b21e2998a1e98c4b3a54d9f7c?s=96&d=mm&r=g\",\"contentUrl\":\"https:\/\/secure.gravatar.com\/avatar\/68d5301c5f52ba88fd63f02c75b8c4d1b3c3fc4b21e2998a1e98c4b3a54d9f7c?s=96&d=mm&r=g\",\"caption\":\"Uruloki\"},\"sameAs\":[\"https:\/\/uruloki.org\"],\"url\":\"https:\/\/www.uruloki.org\/felipeblog\/author\/admin-2-2-2\"}]}<\/script>\n<!-- \/ Yoast SEO plugin. -->","yoast_head_json":{"title":"El trailer de la trilog&iacute;a del Batman de Nolan para esas horas previas a ir al cine (si no has ido ya)... - Uruloki :: Blog","robots":{"index":"index","follow":"follow","max-snippet":"max-snippet:-1","max-image-preview":"max-image-preview:large","max-video-preview":"max-video-preview:-1"},"canonical":"https:\/\/www.uruloki.org\/felipeblog\/cine-de-comics\/el-trailer-de-la-triloga-del-batman-de-nolan-para-esas-horas-previas-a-ir-al-cine-si-no-has-ido-ya","og_locale":"es_ES","og_type":"article","og_title":"El trailer de la trilog&iacute;a del Batman de Nolan para esas horas previas a ir al cine (si no has ido ya)... - Uruloki :: Blog","og_description":"No se vosotros, pero yo en unas horas espero estar sentado viendo El caballero oscuro: la leyenda renace (The Dark Knight Rises, 2012), el cap&iacute;tulo final a la trilog&iacute;a de Batman gestada por Christopher Nolan, Jonathan Nolan y David S. Goyer. Mientras siguen llegando actualizaciones del lamentable y tremendo asesinato de 12 personas en un [&hellip;]","og_url":"https:\/\/www.uruloki.org\/felipeblog\/cine-de-comics\/el-trailer-de-la-triloga-del-batman-de-nolan-para-esas-horas-previas-a-ir-al-cine-si-no-has-ido-ya","og_site_name":"Uruloki :: Blog","article_publisher":"https:\/\/www.facebook.com\/uruloki.org","article_published_time":"2012-07-20T15:17:50+00:00","og_image":[{"url":"https:\/\/uruloki.org\/felipeblog\/images2012-2\/20120706_thedarkknightrises.jpg","type":"","width":"","height":""}],"author":"Uruloki","twitter_card":"summary_large_image","twitter_creator":"@uruloki","twitter_site":"@uruloki","twitter_misc":{"Escrito por":"Uruloki","Tiempo de lectura":"1 minuto"},"schema":{"@context":"https:\/\/schema.org","@graph":[{"@type":"WebPage","@id":"https:\/\/www.uruloki.org\/felipeblog\/cine-de-comics\/el-trailer-de-la-triloga-del-batman-de-nolan-para-esas-horas-previas-a-ir-al-cine-si-no-has-ido-ya","url":"https:\/\/www.uruloki.org\/felipeblog\/cine-de-comics\/el-trailer-de-la-triloga-del-batman-de-nolan-para-esas-horas-previas-a-ir-al-cine-si-no-has-ido-ya","name":"El trailer de la trilog&iacute;a del Batman de Nolan para esas horas previas a ir al cine (si no has ido ya)... - Uruloki :: Blog","isPartOf":{"@id":"https:\/\/www.uruloki.org\/felipeblog\/#website"},"primaryImageOfPage":{"@id":"https:\/\/www.uruloki.org\/felipeblog\/cine-de-comics\/el-trailer-de-la-triloga-del-batman-de-nolan-para-esas-horas-previas-a-ir-al-cine-si-no-has-ido-ya#primaryimage"},"image":{"@id":"https:\/\/www.uruloki.org\/felipeblog\/cine-de-comics\/el-trailer-de-la-triloga-del-batman-de-nolan-para-esas-horas-previas-a-ir-al-cine-si-no-has-ido-ya#primaryimage"},"thumbnailUrl":"https:\/\/uruloki.org\/felipeblog\/images2012-2\/20120706_thedarkknightrises.jpg","datePublished":"2012-07-20T15:17:50+00:00","dateModified":"2012-07-20T15:17:50+00:00","author":{"@id":"https:\/\/www.uruloki.org\/felipeblog\/#\/schema\/person\/ddba06ddaa27edf0c370460d05c51bb3"},"breadcrumb":{"@id":"https:\/\/www.uruloki.org\/felipeblog\/cine-de-comics\/el-trailer-de-la-triloga-del-batman-de-nolan-para-esas-horas-previas-a-ir-al-cine-si-no-has-ido-ya#breadcrumb"},"inLanguage":"es","potentialAction":[{"@type":"ReadAction","target":["https:\/\/www.uruloki.org\/felipeblog\/cine-de-comics\/el-trailer-de-la-triloga-del-batman-de-nolan-para-esas-horas-previas-a-ir-al-cine-si-no-has-ido-ya"]}]},{"@type":"ImageObject","inLanguage":"es","@id":"https:\/\/www.uruloki.org\/felipeblog\/cine-de-comics\/el-trailer-de-la-triloga-del-batman-de-nolan-para-esas-horas-previas-a-ir-al-cine-si-no-has-ido-ya#primaryimage","url":"https:\/\/uruloki.org\/felipeblog\/images2012-2\/20120706_thedarkknightrises.jpg","contentUrl":"https:\/\/uruloki.org\/felipeblog\/images2012-2\/20120706_thedarkknightrises.jpg"},{"@type":"BreadcrumbList","@id":"https:\/\/www.uruloki.org\/felipeblog\/cine-de-comics\/el-trailer-de-la-triloga-del-batman-de-nolan-para-esas-horas-previas-a-ir-al-cine-si-no-has-ido-ya#breadcrumb","itemListElement":[{"@type":"ListItem","position":1,"name":"Portada","item":"https:\/\/www.uruloki.org\/felipeblog"},{"@type":"ListItem","position":2,"name":"El trailer de la trilog&iacute;a del Batman de Nolan para esas horas previas a ir al cine (si no has ido ya)&#8230;"}]},{"@type":"WebSite","@id":"https:\/\/www.uruloki.org\/felipeblog\/#website","url":"https:\/\/www.uruloki.org\/felipeblog\/","name":"Uruloki :: Blog","description":"Blog de cine, terror, ciencia ficci\u00f3n, fantas\u00eda y c\u00f3mics","potentialAction":[{"@type":"SearchAction","target":{"@type":"EntryPoint","urlTemplate":"https:\/\/www.uruloki.org\/felipeblog\/?s={search_term_string}"},"query-input":{"@type":"PropertyValueSpecification","valueRequired":true,"valueName":"search_term_string"}}],"inLanguage":"es"},{"@type":"Person","@id":"https:\/\/www.uruloki.org\/felipeblog\/#\/schema\/person\/ddba06ddaa27edf0c370460d05c51bb3","name":"Uruloki","image":{"@type":"ImageObject","inLanguage":"es","@id":"https:\/\/www.uruloki.org\/felipeblog\/#\/schema\/person\/image\/","url":"https:\/\/secure.gravatar.com\/avatar\/68d5301c5f52ba88fd63f02c75b8c4d1b3c3fc4b21e2998a1e98c4b3a54d9f7c?s=96&d=mm&r=g","contentUrl":"https:\/\/secure.gravatar.com\/avatar\/68d5301c5f52ba88fd63f02c75b8c4d1b3c3fc4b21e2998a1e98c4b3a54d9f7c?s=96&d=mm&r=g","caption":"Uruloki"},"sameAs":["https:\/\/uruloki.org"],"url":"https:\/\/www.uruloki.org\/felipeblog\/author\/admin-2-2-2"}]}},"_links":{"self":[{"href":"https:\/\/www.uruloki.org\/felipeblog\/wp-json\/wp\/v2\/posts\/8262","targetHints":{"allow":["GET"]}}],"collection":[{"href":"https:\/\/www.uruloki.org\/felipeblog\/wp-json\/wp\/v2\/posts"}],"about":[{"href":"https:\/\/www.uruloki.org\/felipeblog\/wp-json\/wp\/v2\/types\/post"}],"author":[{"embeddable":true,"href":"https:\/\/www.uruloki.org\/felipeblog\/wp-json\/wp\/v2\/users\/28"}],"replies":[{"embeddable":true,"href":"https:\/\/www.uruloki.org\/felipeblog\/wp-json\/wp\/v2\/comments?post=8262"}],"version-history":[{"count":1,"href":"https:\/\/www.uruloki.org\/felipeblog\/wp-json\/wp\/v2\/posts\/8262\/revisions"}],"predecessor-version":[{"id":8263,"href":"https:\/\/www.uruloki.org\/felipeblog\/wp-json\/wp\/v2\/posts\/8262\/revisions\/8263"}],"wp:attachment":[{"href":"https:\/\/www.uruloki.org\/felipeblog\/wp-json\/wp\/v2\/media?parent=8262"}],"wp:term":[{"taxonomy":"category","embeddable":true,"href":"https:\/\/www.uruloki.org\/felipeblog\/wp-json\/wp\/v2\/categories?post=8262"},{"taxonomy":"post_tag","embeddable":true,"href":"https:\/\/www.uruloki.org\/felipeblog\/wp-json\/wp\/v2\/tags?post=8262"}],"curies":[{"name":"wp","href":"https:\/\/api.w.org\/{rel}","templated":true}]}}