{"id":8224,"date":"2012-07-15T11:23:57","date_gmt":"2012-07-15T09:23:57","guid":{"rendered":"https:\/\/uruloki.org\/felipeblog\/?p=8224"},"modified":"2012-07-15T11:23:57","modified_gmt":"2012-07-15T09:23:57","slug":"comic-con-2012-marvel-studios-tira-la-casa-por-la-ventana-y-anuncia-guardians-of-the-galaxy-con-concept-art-de-los-personajes-incluido","status":"publish","type":"post","link":"https:\/\/www.uruloki.org\/felipeblog\/cine-de-comics\/comic-con-2012-marvel-studios-tira-la-casa-por-la-ventana-y-anuncia-guardians-of-the-galaxy-con-concept-art-de-los-personajes-incluido","title":{"rendered":"Comic-Con 2012: Marvel Studios tira la casa por la ventana y anuncia Guardians of the Galaxy con concept art de los personajes incluido!&#8230;"},"content":{"rendered":"<p>La verdad, todo lo previsto se ha cumplido pero pese a todo el panel de <strong>Marvel Studios<\/strong> de la <strong>Comic-Con<\/strong> estuvo  repleto de sorpresas  esperadas. Vamos a comenzar por el final de todo, y es la presentaci&oacute;n del cierre a esta fase dos de la nueva etapa  de las pel&iacute;culas del estudio. <strong>Guardians of the Galaxy<\/strong> (2014) debut&oacute; en la <strong>Comic-Con<\/strong> con un vistazo al logo oficial, con fecha de estreno <strong>1 de agosto del 2014<\/strong>, y, sorpresa, el primer <em>concept art<\/em> obra de <strong>Charlie Wen<\/strong> con los guardianes que protagonizar&aacute;n el film. Pulsad sobre ambas im&aacute;genes para ampliarlas y verlas grandotas de la repera.<\/p>\n<p class=\"centrado\"><a href=\"https:\/\/uruloki.org\/felipeblog\/images2012-2\/20120715_guardiansofthegalaxy_xl.jpg\" target=\"_blank\" onclick=\"return false;\" rel=\"shadowbox\"><img loading=\"lazy\" decoding=\"async\" src=\"https:\/\/uruloki.org\/felipeblog\/images2012-2\/20120715_guardiansofthegalaxy.jpg\" alt=\"El logo oficial de Guardians of the Galaxy, el 1 de agosto del 2014 en cines\" width=\"625\" height=\"422\" border=\"0\" \/><\/a><br \/>\n<em>El logo oficial de Guardians of the Galaxy, el 1 de agosto del 2014 en cines<\/em><\/p>\n<p class=\"centrado\"><a href=\"https:\/\/uruloki.org\/felipeblog\/images2012-2\/20120715_guardiansofthegalaxy_ca_xl.jpg\" target=\"_blank\" onclick=\"return false;\" rel=\"shadowbox\"><img loading=\"lazy\" decoding=\"async\" src=\"https:\/\/uruloki.org\/felipeblog\/images2012-2\/20120715_guardiansofthegalaxy_ca.jpg\" alt=\"Primer concept art de Guardians of the Galaxy obra de Charlie Wen\" width=\"625\" height=\"272\" border=\"0\" \/><\/a><br \/>\n<em>Primer concept art de Guardians of the Galaxy obra de Charlie Wen<\/em><\/p>\n<p>Los guardianes son, de izquierda a derecha:<\/p>\n<ul>\n<li><strong>Drax the Destroyer<\/strong>: ser capaz de enfrentarse al mism&iacute;simo <strong>Thanos<\/strong> y que es en realidad un cuerpo creado por <strong>Kronos<\/strong> y <strong>Mentor<\/strong>, padre de <strong>Thanos<\/strong>, que contiene el esp&iacute;ritu de un humano agente del estado llamado <strong>Arthur Douglas<\/strong> al que <strong>Thanos<\/strong> asesin&oacute; junto a su esposa. Con los recuerdos de su pasado borrados, <strong>Drax el Destructor<\/strong> odia ciegamente a <strong>Thanos<\/strong>.<\/li>\n<li><strong>Groot<\/strong>: monarca del <strong>Planeta X<\/strong> que ya se pas&oacute; por la Tierra con ideas no muy positivas y que ahora forma parte de los <strong>Guardianes de la Galaxia<\/strong>. Su forma arb&oacute;rea le da poderes sobre este tipo de elementos.<\/li>\n<li><strong>Star-Lord<\/strong>: el semi-humano <strong>Peter Jason Quill<\/strong>, hijo del <strong>Pr&iacute;ncipe Jason de Spartoi<\/strong>, se convierte en el agente espacial <strong>Star-Lord<\/strong> enfundando en un traje especial para luego liderar a los <strong>Guardianes de la Galaxia<\/strong> como fundador del grupo en su segunda concepci&oacute;n, la que ahora impera los c&oacute;mics desde el 2008. En su momento fue astronauta de la NASA.<\/li>\n<li><strong>Rocket Raccoon<\/strong>: oriundo  del planeta <strong>Halfword<\/strong>, <strong>Mapache Cohete<\/strong> es un mapache modificado gen&eacute;ticamente que act&uacute;a como polic&iacute;a del espacio. Gran estratega con buenas dosis de liderazgo lleg&oacute; a dirigir a los <strong>Guardianes de la Galaxia<\/strong> cuando se le necesit&oacute;.<\/li>\n<li><strong>Gamora<\/strong>: &uacute;ltima de su especie fue adoptada y entrenada por el mism&iacute;simo <strong>Thanos<\/strong>.<\/li>\n<\/ul>\n<p>&iquest;Todos felices?<\/p>\n","protected":false},"excerpt":{"rendered":"<p>La verdad, todo lo previsto se ha cumplido pero pese a todo el panel de Marvel Studios de la Comic-Con estuvo repleto de sorpresas esperadas. Vamos a comenzar por el final de todo, y es la presentaci&oacute;n del cierre a esta fase dos de la nueva etapa de las pel&iacute;culas del estudio. Guardians of the [&hellip;]<\/p>\n","protected":false},"author":28,"featured_media":0,"comment_status":"open","ping_status":"open","sticky":false,"template":"","format":"standard","meta":{"footnotes":""},"categories":[10,2183,14],"tags":[3387,1827],"class_list":["post-8224","post","type-post","status-publish","format-standard","hentry","category-cine-de-comics","category-comic-con-2012","category-arte-conceptual","tag-comic-con-2012","tag-guardians-of-the-galaxy"],"yoast_head":"<!-- This site is optimized with the Yoast SEO plugin v24.3 - https:\/\/yoast.com\/wordpress\/plugins\/seo\/ -->\n<title>Comic-Con 2012: Marvel Studios tira la casa por la ventana y anuncia Guardians of the Galaxy con concept art de los personajes incluido!... - Uruloki :: Blog<\/title>\n<meta name=\"robots\" content=\"index, follow, max-snippet:-1, max-image-preview:large, max-video-preview:-1\" \/>\n<link rel=\"canonical\" href=\"https:\/\/www.uruloki.org\/felipeblog\/cine-de-comics\/comic-con-2012-marvel-studios-tira-la-casa-por-la-ventana-y-anuncia-guardians-of-the-galaxy-con-concept-art-de-los-personajes-incluido\" \/>\n<meta property=\"og:locale\" content=\"es_ES\" \/>\n<meta property=\"og:type\" content=\"article\" \/>\n<meta property=\"og:title\" content=\"Comic-Con 2012: Marvel Studios tira la casa por la ventana y anuncia Guardians of the Galaxy con concept art de los personajes incluido!... - Uruloki :: Blog\" \/>\n<meta property=\"og:description\" content=\"La verdad, todo lo previsto se ha cumplido pero pese a todo el panel de Marvel Studios de la Comic-Con estuvo repleto de sorpresas esperadas. Vamos a comenzar por el final de todo, y es la presentaci&oacute;n del cierre a esta fase dos de la nueva etapa de las pel&iacute;culas del estudio. Guardians of the [&hellip;]\" \/>\n<meta property=\"og:url\" content=\"https:\/\/www.uruloki.org\/felipeblog\/cine-de-comics\/comic-con-2012-marvel-studios-tira-la-casa-por-la-ventana-y-anuncia-guardians-of-the-galaxy-con-concept-art-de-los-personajes-incluido\" \/>\n<meta property=\"og:site_name\" content=\"Uruloki :: Blog\" \/>\n<meta property=\"article:publisher\" content=\"https:\/\/www.facebook.com\/uruloki.org\" \/>\n<meta property=\"article:published_time\" content=\"2012-07-15T09:23:57+00:00\" \/>\n<meta property=\"og:image\" content=\"https:\/\/uruloki.org\/felipeblog\/images2012-2\/20120715_guardiansofthegalaxy.jpg\" \/>\n<meta name=\"author\" content=\"Uruloki\" \/>\n<meta name=\"twitter:card\" content=\"summary_large_image\" \/>\n<meta name=\"twitter:creator\" content=\"@uruloki\" \/>\n<meta name=\"twitter:site\" content=\"@uruloki\" \/>\n<meta name=\"twitter:label1\" content=\"Escrito por\" \/>\n\t<meta name=\"twitter:data1\" content=\"Uruloki\" \/>\n\t<meta name=\"twitter:label2\" content=\"Tiempo de lectura\" \/>\n\t<meta name=\"twitter:data2\" content=\"2 minutos\" \/>\n<script type=\"application\/ld+json\" class=\"yoast-schema-graph\">{\"@context\":\"https:\/\/schema.org\",\"@graph\":[{\"@type\":\"WebPage\",\"@id\":\"https:\/\/www.uruloki.org\/felipeblog\/cine-de-comics\/comic-con-2012-marvel-studios-tira-la-casa-por-la-ventana-y-anuncia-guardians-of-the-galaxy-con-concept-art-de-los-personajes-incluido\",\"url\":\"https:\/\/www.uruloki.org\/felipeblog\/cine-de-comics\/comic-con-2012-marvel-studios-tira-la-casa-por-la-ventana-y-anuncia-guardians-of-the-galaxy-con-concept-art-de-los-personajes-incluido\",\"name\":\"Comic-Con 2012: Marvel Studios tira la casa por la ventana y anuncia Guardians of the Galaxy con concept art de los personajes incluido!... - Uruloki :: Blog\",\"isPartOf\":{\"@id\":\"https:\/\/www.uruloki.org\/felipeblog\/#website\"},\"primaryImageOfPage\":{\"@id\":\"https:\/\/www.uruloki.org\/felipeblog\/cine-de-comics\/comic-con-2012-marvel-studios-tira-la-casa-por-la-ventana-y-anuncia-guardians-of-the-galaxy-con-concept-art-de-los-personajes-incluido#primaryimage\"},\"image\":{\"@id\":\"https:\/\/www.uruloki.org\/felipeblog\/cine-de-comics\/comic-con-2012-marvel-studios-tira-la-casa-por-la-ventana-y-anuncia-guardians-of-the-galaxy-con-concept-art-de-los-personajes-incluido#primaryimage\"},\"thumbnailUrl\":\"https:\/\/uruloki.org\/felipeblog\/images2012-2\/20120715_guardiansofthegalaxy.jpg\",\"datePublished\":\"2012-07-15T09:23:57+00:00\",\"dateModified\":\"2012-07-15T09:23:57+00:00\",\"author\":{\"@id\":\"https:\/\/www.uruloki.org\/felipeblog\/#\/schema\/person\/ddba06ddaa27edf0c370460d05c51bb3\"},\"breadcrumb\":{\"@id\":\"https:\/\/www.uruloki.org\/felipeblog\/cine-de-comics\/comic-con-2012-marvel-studios-tira-la-casa-por-la-ventana-y-anuncia-guardians-of-the-galaxy-con-concept-art-de-los-personajes-incluido#breadcrumb\"},\"inLanguage\":\"es\",\"potentialAction\":[{\"@type\":\"ReadAction\",\"target\":[\"https:\/\/www.uruloki.org\/felipeblog\/cine-de-comics\/comic-con-2012-marvel-studios-tira-la-casa-por-la-ventana-y-anuncia-guardians-of-the-galaxy-con-concept-art-de-los-personajes-incluido\"]}]},{\"@type\":\"ImageObject\",\"inLanguage\":\"es\",\"@id\":\"https:\/\/www.uruloki.org\/felipeblog\/cine-de-comics\/comic-con-2012-marvel-studios-tira-la-casa-por-la-ventana-y-anuncia-guardians-of-the-galaxy-con-concept-art-de-los-personajes-incluido#primaryimage\",\"url\":\"https:\/\/uruloki.org\/felipeblog\/images2012-2\/20120715_guardiansofthegalaxy.jpg\",\"contentUrl\":\"https:\/\/uruloki.org\/felipeblog\/images2012-2\/20120715_guardiansofthegalaxy.jpg\"},{\"@type\":\"BreadcrumbList\",\"@id\":\"https:\/\/www.uruloki.org\/felipeblog\/cine-de-comics\/comic-con-2012-marvel-studios-tira-la-casa-por-la-ventana-y-anuncia-guardians-of-the-galaxy-con-concept-art-de-los-personajes-incluido#breadcrumb\",\"itemListElement\":[{\"@type\":\"ListItem\",\"position\":1,\"name\":\"Portada\",\"item\":\"https:\/\/www.uruloki.org\/felipeblog\"},{\"@type\":\"ListItem\",\"position\":2,\"name\":\"Comic-Con 2012: Marvel Studios tira la casa por la ventana y anuncia Guardians of the Galaxy con concept art de los personajes incluido!&#8230;\"}]},{\"@type\":\"WebSite\",\"@id\":\"https:\/\/www.uruloki.org\/felipeblog\/#website\",\"url\":\"https:\/\/www.uruloki.org\/felipeblog\/\",\"name\":\"Uruloki :: Blog\",\"description\":\"Blog de cine, terror, ciencia ficci\u00f3n, fantas\u00eda y c\u00f3mics\",\"potentialAction\":[{\"@type\":\"SearchAction\",\"target\":{\"@type\":\"EntryPoint\",\"urlTemplate\":\"https:\/\/www.uruloki.org\/felipeblog\/?s={search_term_string}\"},\"query-input\":{\"@type\":\"PropertyValueSpecification\",\"valueRequired\":true,\"valueName\":\"search_term_string\"}}],\"inLanguage\":\"es\"},{\"@type\":\"Person\",\"@id\":\"https:\/\/www.uruloki.org\/felipeblog\/#\/schema\/person\/ddba06ddaa27edf0c370460d05c51bb3\",\"name\":\"Uruloki\",\"image\":{\"@type\":\"ImageObject\",\"inLanguage\":\"es\",\"@id\":\"https:\/\/www.uruloki.org\/felipeblog\/#\/schema\/person\/image\/\",\"url\":\"https:\/\/secure.gravatar.com\/avatar\/68d5301c5f52ba88fd63f02c75b8c4d1b3c3fc4b21e2998a1e98c4b3a54d9f7c?s=96&d=mm&r=g\",\"contentUrl\":\"https:\/\/secure.gravatar.com\/avatar\/68d5301c5f52ba88fd63f02c75b8c4d1b3c3fc4b21e2998a1e98c4b3a54d9f7c?s=96&d=mm&r=g\",\"caption\":\"Uruloki\"},\"sameAs\":[\"https:\/\/uruloki.org\"],\"url\":\"https:\/\/www.uruloki.org\/felipeblog\/author\/admin-2-2-2\"}]}<\/script>\n<!-- \/ Yoast SEO plugin. -->","yoast_head_json":{"title":"Comic-Con 2012: Marvel Studios tira la casa por la ventana y anuncia Guardians of the Galaxy con concept art de los personajes incluido!... - Uruloki :: Blog","robots":{"index":"index","follow":"follow","max-snippet":"max-snippet:-1","max-image-preview":"max-image-preview:large","max-video-preview":"max-video-preview:-1"},"canonical":"https:\/\/www.uruloki.org\/felipeblog\/cine-de-comics\/comic-con-2012-marvel-studios-tira-la-casa-por-la-ventana-y-anuncia-guardians-of-the-galaxy-con-concept-art-de-los-personajes-incluido","og_locale":"es_ES","og_type":"article","og_title":"Comic-Con 2012: Marvel Studios tira la casa por la ventana y anuncia Guardians of the Galaxy con concept art de los personajes incluido!... - Uruloki :: Blog","og_description":"La verdad, todo lo previsto se ha cumplido pero pese a todo el panel de Marvel Studios de la Comic-Con estuvo repleto de sorpresas esperadas. Vamos a comenzar por el final de todo, y es la presentaci&oacute;n del cierre a esta fase dos de la nueva etapa de las pel&iacute;culas del estudio. Guardians of the [&hellip;]","og_url":"https:\/\/www.uruloki.org\/felipeblog\/cine-de-comics\/comic-con-2012-marvel-studios-tira-la-casa-por-la-ventana-y-anuncia-guardians-of-the-galaxy-con-concept-art-de-los-personajes-incluido","og_site_name":"Uruloki :: Blog","article_publisher":"https:\/\/www.facebook.com\/uruloki.org","article_published_time":"2012-07-15T09:23:57+00:00","og_image":[{"url":"https:\/\/uruloki.org\/felipeblog\/images2012-2\/20120715_guardiansofthegalaxy.jpg","type":"","width":"","height":""}],"author":"Uruloki","twitter_card":"summary_large_image","twitter_creator":"@uruloki","twitter_site":"@uruloki","twitter_misc":{"Escrito por":"Uruloki","Tiempo de lectura":"2 minutos"},"schema":{"@context":"https:\/\/schema.org","@graph":[{"@type":"WebPage","@id":"https:\/\/www.uruloki.org\/felipeblog\/cine-de-comics\/comic-con-2012-marvel-studios-tira-la-casa-por-la-ventana-y-anuncia-guardians-of-the-galaxy-con-concept-art-de-los-personajes-incluido","url":"https:\/\/www.uruloki.org\/felipeblog\/cine-de-comics\/comic-con-2012-marvel-studios-tira-la-casa-por-la-ventana-y-anuncia-guardians-of-the-galaxy-con-concept-art-de-los-personajes-incluido","name":"Comic-Con 2012: Marvel Studios tira la casa por la ventana y anuncia Guardians of the Galaxy con concept art de los personajes incluido!... - Uruloki :: Blog","isPartOf":{"@id":"https:\/\/www.uruloki.org\/felipeblog\/#website"},"primaryImageOfPage":{"@id":"https:\/\/www.uruloki.org\/felipeblog\/cine-de-comics\/comic-con-2012-marvel-studios-tira-la-casa-por-la-ventana-y-anuncia-guardians-of-the-galaxy-con-concept-art-de-los-personajes-incluido#primaryimage"},"image":{"@id":"https:\/\/www.uruloki.org\/felipeblog\/cine-de-comics\/comic-con-2012-marvel-studios-tira-la-casa-por-la-ventana-y-anuncia-guardians-of-the-galaxy-con-concept-art-de-los-personajes-incluido#primaryimage"},"thumbnailUrl":"https:\/\/uruloki.org\/felipeblog\/images2012-2\/20120715_guardiansofthegalaxy.jpg","datePublished":"2012-07-15T09:23:57+00:00","dateModified":"2012-07-15T09:23:57+00:00","author":{"@id":"https:\/\/www.uruloki.org\/felipeblog\/#\/schema\/person\/ddba06ddaa27edf0c370460d05c51bb3"},"breadcrumb":{"@id":"https:\/\/www.uruloki.org\/felipeblog\/cine-de-comics\/comic-con-2012-marvel-studios-tira-la-casa-por-la-ventana-y-anuncia-guardians-of-the-galaxy-con-concept-art-de-los-personajes-incluido#breadcrumb"},"inLanguage":"es","potentialAction":[{"@type":"ReadAction","target":["https:\/\/www.uruloki.org\/felipeblog\/cine-de-comics\/comic-con-2012-marvel-studios-tira-la-casa-por-la-ventana-y-anuncia-guardians-of-the-galaxy-con-concept-art-de-los-personajes-incluido"]}]},{"@type":"ImageObject","inLanguage":"es","@id":"https:\/\/www.uruloki.org\/felipeblog\/cine-de-comics\/comic-con-2012-marvel-studios-tira-la-casa-por-la-ventana-y-anuncia-guardians-of-the-galaxy-con-concept-art-de-los-personajes-incluido#primaryimage","url":"https:\/\/uruloki.org\/felipeblog\/images2012-2\/20120715_guardiansofthegalaxy.jpg","contentUrl":"https:\/\/uruloki.org\/felipeblog\/images2012-2\/20120715_guardiansofthegalaxy.jpg"},{"@type":"BreadcrumbList","@id":"https:\/\/www.uruloki.org\/felipeblog\/cine-de-comics\/comic-con-2012-marvel-studios-tira-la-casa-por-la-ventana-y-anuncia-guardians-of-the-galaxy-con-concept-art-de-los-personajes-incluido#breadcrumb","itemListElement":[{"@type":"ListItem","position":1,"name":"Portada","item":"https:\/\/www.uruloki.org\/felipeblog"},{"@type":"ListItem","position":2,"name":"Comic-Con 2012: Marvel Studios tira la casa por la ventana y anuncia Guardians of the Galaxy con concept art de los personajes incluido!&#8230;"}]},{"@type":"WebSite","@id":"https:\/\/www.uruloki.org\/felipeblog\/#website","url":"https:\/\/www.uruloki.org\/felipeblog\/","name":"Uruloki :: Blog","description":"Blog de cine, terror, ciencia ficci\u00f3n, fantas\u00eda y c\u00f3mics","potentialAction":[{"@type":"SearchAction","target":{"@type":"EntryPoint","urlTemplate":"https:\/\/www.uruloki.org\/felipeblog\/?s={search_term_string}"},"query-input":{"@type":"PropertyValueSpecification","valueRequired":true,"valueName":"search_term_string"}}],"inLanguage":"es"},{"@type":"Person","@id":"https:\/\/www.uruloki.org\/felipeblog\/#\/schema\/person\/ddba06ddaa27edf0c370460d05c51bb3","name":"Uruloki","image":{"@type":"ImageObject","inLanguage":"es","@id":"https:\/\/www.uruloki.org\/felipeblog\/#\/schema\/person\/image\/","url":"https:\/\/secure.gravatar.com\/avatar\/68d5301c5f52ba88fd63f02c75b8c4d1b3c3fc4b21e2998a1e98c4b3a54d9f7c?s=96&d=mm&r=g","contentUrl":"https:\/\/secure.gravatar.com\/avatar\/68d5301c5f52ba88fd63f02c75b8c4d1b3c3fc4b21e2998a1e98c4b3a54d9f7c?s=96&d=mm&r=g","caption":"Uruloki"},"sameAs":["https:\/\/uruloki.org"],"url":"https:\/\/www.uruloki.org\/felipeblog\/author\/admin-2-2-2"}]}},"_links":{"self":[{"href":"https:\/\/www.uruloki.org\/felipeblog\/wp-json\/wp\/v2\/posts\/8224","targetHints":{"allow":["GET"]}}],"collection":[{"href":"https:\/\/www.uruloki.org\/felipeblog\/wp-json\/wp\/v2\/posts"}],"about":[{"href":"https:\/\/www.uruloki.org\/felipeblog\/wp-json\/wp\/v2\/types\/post"}],"author":[{"embeddable":true,"href":"https:\/\/www.uruloki.org\/felipeblog\/wp-json\/wp\/v2\/users\/28"}],"replies":[{"embeddable":true,"href":"https:\/\/www.uruloki.org\/felipeblog\/wp-json\/wp\/v2\/comments?post=8224"}],"version-history":[{"count":1,"href":"https:\/\/www.uruloki.org\/felipeblog\/wp-json\/wp\/v2\/posts\/8224\/revisions"}],"predecessor-version":[{"id":8225,"href":"https:\/\/www.uruloki.org\/felipeblog\/wp-json\/wp\/v2\/posts\/8224\/revisions\/8225"}],"wp:attachment":[{"href":"https:\/\/www.uruloki.org\/felipeblog\/wp-json\/wp\/v2\/media?parent=8224"}],"wp:term":[{"taxonomy":"category","embeddable":true,"href":"https:\/\/www.uruloki.org\/felipeblog\/wp-json\/wp\/v2\/categories?post=8224"},{"taxonomy":"post_tag","embeddable":true,"href":"https:\/\/www.uruloki.org\/felipeblog\/wp-json\/wp\/v2\/tags?post=8224"}],"curies":[{"name":"wp","href":"https:\/\/api.w.org\/{rel}","templated":true}]}}