{"id":8085,"date":"2012-06-30T21:46:07","date_gmt":"2012-06-30T19:46:07","guid":{"rendered":"https:\/\/uruloki.org\/felipeblog\/?p=8085"},"modified":"2012-06-30T21:46:07","modified_gmt":"2012-06-30T19:46:07","slug":"cartel-y-trailer-internacional-para-the-tall-man-de-pascal-laugier-peli-de-terror-que-se-podr-ver-en-sitges-2012","status":"publish","type":"post","link":"https:\/\/www.uruloki.org\/felipeblog\/cine-de-terror\/cartel-y-trailer-internacional-para-the-tall-man-de-pascal-laugier-peli-de-terror-que-se-podr-ver-en-sitges-2012","title":{"rendered":"Cartel y trailer internacional para The Tall Man de Pascal Laugier, peli de terror que se podr&aacute; ver en Sitges 2012&#8230;"},"content":{"rendered":"<p>De cara a ir recuperando el material de promoci&oacute;n de algunas de las pel&iacute;culas que se podr&aacute;n ver en el <strong>45&ordf; edici&oacute;n del Sitges &ndash; Festival Internacional de Cinema Fant&agrave;stic de Catalunya<\/strong>, arranco con el trailer internacional de <a href=\"http:\/\/www.imdb.es\/title\/tt1658837\/\" target=\"_blank\">The Tall Man<\/a> (2012) de <a href=\"http:\/\/www.imdb.es\/name\/nm1052791\/\" target=\"_blank\">Pascal Laugier<\/a>, el director de la poderosa y dura <a href=\"http:\/\/www.imdb.es\/title\/tt1029234\/\" target=\"_blank\">Martyrs<\/a> (2008). Film protagonizado por <a href=\"http:\/\/www.imdb.es\/name\/nm0004754\/\" target=\"_blank\">Jessica Biel<\/a>, <a href=\"http:\/\/www.imdb.es\/name\/nm0272706\/\" target=\"_blank\">Jodelle Ferland<\/a>, <a href=\"http:\/\/www.imdb.es\/name\/nm0570385\/\" target=\"_blank\">Stephen McHattie<\/a>, <a href=\"http:\/\/www.imdb.es\/name\/nm0205657\/\" target=\"_blank\">William B. Davis<\/a> y <a href=\"http:\/\/www.imdb.es\/name\/nm0274919\/\" target=\"_blank\">Samantha Ferris<\/a>, nos llevar&aacute; a una aislada y a punto de morir ciudad minera. All&iacute; los ni&ntilde;os est&aacute;n desapareciendo sin dejar rastro, y los pueblerinos comentan en voz baja que todos estos secuestros son obra de un misterioso ser conocido como <strong>&quot;The Tall Man&quot;<\/strong>. Si bien la enfermera del pueblo <strong>Julia Denning<\/strong> (<strong>Jessica Biel<\/strong>) no cree nada de lo que se dice, sus pensamientos cambiar&aacute;n dr&aacute;sticamente cuando su hijo <strong>David<\/strong> desaparece en medio de la noche. Fren&eacute;tica y decidida a rescatar a su hijo, <strong>Julia<\/strong> decidir&aacute; vivir todas las pesadillas sufridas por los otros padres. Tras esto veremos si <strong>Laugier<\/strong> toma definitivamente las riendas de <a href=\"http:\/\/www.imdb.es\/title\/tt0887261\/\" target=\"_blank\">Hellraiser<\/a> (&iquest;?). Ahora el trailer de <strong>The Tall Man<\/strong>&#8230;<\/p>\n<div class=\"video\"><iframe loading=\"lazy\" width=\"625\" height=\"380\" src=\"http:\/\/www.youtube.com\/embed\/O9hwwZdhxbQ\"><\/iframe><\/div>\n<p>Aprovecho y os dejo con <a href=\"http:\/\/www.shocktillyoudrop.com\/news\/168295-heres-the-one-sheet-for-pascal-laugiers-the-tall-man\" target=\"_blank\">el primer p&oacute;ster oficial del film que apareci&oacute; el pasado 28 en ShockTillYouDrop.com<\/a> y que estaba reservando para un momento como este.<\/p>\n<p class=\"centrado\"><a href=\"https:\/\/uruloki.org\/felipeblog\/images2012-1\/20120630_thetallman_xl.jpg\" target=\"_blank\" onclick=\"return false;\" rel=\"shadowbox\"><img loading=\"lazy\" decoding=\"async\" src=\"https:\/\/uruloki.org\/felipeblog\/images2012-1\/20120630_thetallman.jpg\" alt=\"El primer cartel oficial de The Tall Man de Pascal Laugier\" width=\"500\" height=\"739\" border=\"0\" \/><\/a><br \/><em>El primer cartel oficial de The Tall Man de Pascal Laugier<\/em><\/p>\n","protected":false},"excerpt":{"rendered":"<p>De cara a ir recuperando el material de promoci&oacute;n de algunas de las pel&iacute;culas que se podr&aacute;n ver en el 45&ordf; edici&oacute;n del Sitges &ndash; Festival Internacional de Cinema Fant&agrave;stic de Catalunya, arranco con el trailer internacional de The Tall Man (2012) de Pascal Laugier, el director de la poderosa y dura Martyrs (2008). Film [&hellip;]<\/p>\n","protected":false},"author":28,"featured_media":0,"comment_status":"open","ping_status":"open","sticky":false,"template":"","format":"standard","meta":{"footnotes":""},"categories":[9,2176],"tags":[3386,2144],"class_list":["post-8085","post","type-post","status-publish","format-standard","hentry","category-cine-de-terror","category-sitges-2012","tag-sitges-2012","tag-the-tall-man"],"yoast_head":"<!-- This site is optimized with the Yoast SEO plugin v24.3 - https:\/\/yoast.com\/wordpress\/plugins\/seo\/ -->\n<title>Cartel y trailer internacional para The Tall Man de Pascal Laugier, peli de terror que se podr&aacute; ver en Sitges 2012... - Uruloki :: Blog<\/title>\n<meta name=\"robots\" content=\"index, follow, max-snippet:-1, max-image-preview:large, max-video-preview:-1\" \/>\n<link rel=\"canonical\" href=\"https:\/\/www.uruloki.org\/felipeblog\/cine-de-terror\/cartel-y-trailer-internacional-para-the-tall-man-de-pascal-laugier-peli-de-terror-que-se-podr-ver-en-sitges-2012\" \/>\n<meta property=\"og:locale\" content=\"es_ES\" \/>\n<meta property=\"og:type\" content=\"article\" \/>\n<meta property=\"og:title\" content=\"Cartel y trailer internacional para The Tall Man de Pascal Laugier, peli de terror que se podr&aacute; ver en Sitges 2012... - Uruloki :: Blog\" \/>\n<meta property=\"og:description\" content=\"De cara a ir recuperando el material de promoci&oacute;n de algunas de las pel&iacute;culas que se podr&aacute;n ver en el 45&ordf; edici&oacute;n del Sitges &ndash; Festival Internacional de Cinema Fant&agrave;stic de Catalunya, arranco con el trailer internacional de The Tall Man (2012) de Pascal Laugier, el director de la poderosa y dura Martyrs (2008). Film [&hellip;]\" \/>\n<meta property=\"og:url\" content=\"https:\/\/www.uruloki.org\/felipeblog\/cine-de-terror\/cartel-y-trailer-internacional-para-the-tall-man-de-pascal-laugier-peli-de-terror-que-se-podr-ver-en-sitges-2012\" \/>\n<meta property=\"og:site_name\" content=\"Uruloki :: Blog\" \/>\n<meta property=\"article:publisher\" content=\"https:\/\/www.facebook.com\/uruloki.org\" \/>\n<meta property=\"article:published_time\" content=\"2012-06-30T19:46:07+00:00\" \/>\n<meta property=\"og:image\" content=\"https:\/\/uruloki.org\/felipeblog\/images2012-1\/20120630_thetallman.jpg\" \/>\n<meta name=\"author\" content=\"Uruloki\" \/>\n<meta name=\"twitter:card\" content=\"summary_large_image\" \/>\n<meta name=\"twitter:creator\" content=\"@uruloki\" \/>\n<meta name=\"twitter:site\" content=\"@uruloki\" \/>\n<meta name=\"twitter:label1\" content=\"Escrito por\" \/>\n\t<meta name=\"twitter:data1\" content=\"Uruloki\" \/>\n\t<meta name=\"twitter:label2\" content=\"Tiempo de lectura\" \/>\n\t<meta name=\"twitter:data2\" content=\"1 minuto\" \/>\n<script type=\"application\/ld+json\" class=\"yoast-schema-graph\">{\"@context\":\"https:\/\/schema.org\",\"@graph\":[{\"@type\":\"WebPage\",\"@id\":\"https:\/\/www.uruloki.org\/felipeblog\/cine-de-terror\/cartel-y-trailer-internacional-para-the-tall-man-de-pascal-laugier-peli-de-terror-que-se-podr-ver-en-sitges-2012\",\"url\":\"https:\/\/www.uruloki.org\/felipeblog\/cine-de-terror\/cartel-y-trailer-internacional-para-the-tall-man-de-pascal-laugier-peli-de-terror-que-se-podr-ver-en-sitges-2012\",\"name\":\"Cartel y trailer internacional para The Tall Man de Pascal Laugier, peli de terror que se podr&aacute; ver en Sitges 2012... - Uruloki :: Blog\",\"isPartOf\":{\"@id\":\"https:\/\/www.uruloki.org\/felipeblog\/#website\"},\"primaryImageOfPage\":{\"@id\":\"https:\/\/www.uruloki.org\/felipeblog\/cine-de-terror\/cartel-y-trailer-internacional-para-the-tall-man-de-pascal-laugier-peli-de-terror-que-se-podr-ver-en-sitges-2012#primaryimage\"},\"image\":{\"@id\":\"https:\/\/www.uruloki.org\/felipeblog\/cine-de-terror\/cartel-y-trailer-internacional-para-the-tall-man-de-pascal-laugier-peli-de-terror-que-se-podr-ver-en-sitges-2012#primaryimage\"},\"thumbnailUrl\":\"https:\/\/uruloki.org\/felipeblog\/images2012-1\/20120630_thetallman.jpg\",\"datePublished\":\"2012-06-30T19:46:07+00:00\",\"dateModified\":\"2012-06-30T19:46:07+00:00\",\"author\":{\"@id\":\"https:\/\/www.uruloki.org\/felipeblog\/#\/schema\/person\/ddba06ddaa27edf0c370460d05c51bb3\"},\"breadcrumb\":{\"@id\":\"https:\/\/www.uruloki.org\/felipeblog\/cine-de-terror\/cartel-y-trailer-internacional-para-the-tall-man-de-pascal-laugier-peli-de-terror-que-se-podr-ver-en-sitges-2012#breadcrumb\"},\"inLanguage\":\"es\",\"potentialAction\":[{\"@type\":\"ReadAction\",\"target\":[\"https:\/\/www.uruloki.org\/felipeblog\/cine-de-terror\/cartel-y-trailer-internacional-para-the-tall-man-de-pascal-laugier-peli-de-terror-que-se-podr-ver-en-sitges-2012\"]}]},{\"@type\":\"ImageObject\",\"inLanguage\":\"es\",\"@id\":\"https:\/\/www.uruloki.org\/felipeblog\/cine-de-terror\/cartel-y-trailer-internacional-para-the-tall-man-de-pascal-laugier-peli-de-terror-que-se-podr-ver-en-sitges-2012#primaryimage\",\"url\":\"https:\/\/uruloki.org\/felipeblog\/images2012-1\/20120630_thetallman.jpg\",\"contentUrl\":\"https:\/\/uruloki.org\/felipeblog\/images2012-1\/20120630_thetallman.jpg\"},{\"@type\":\"BreadcrumbList\",\"@id\":\"https:\/\/www.uruloki.org\/felipeblog\/cine-de-terror\/cartel-y-trailer-internacional-para-the-tall-man-de-pascal-laugier-peli-de-terror-que-se-podr-ver-en-sitges-2012#breadcrumb\",\"itemListElement\":[{\"@type\":\"ListItem\",\"position\":1,\"name\":\"Portada\",\"item\":\"https:\/\/www.uruloki.org\/felipeblog\"},{\"@type\":\"ListItem\",\"position\":2,\"name\":\"Cartel y trailer internacional para The Tall Man de Pascal Laugier, peli de terror que se podr&aacute; ver en Sitges 2012&#8230;\"}]},{\"@type\":\"WebSite\",\"@id\":\"https:\/\/www.uruloki.org\/felipeblog\/#website\",\"url\":\"https:\/\/www.uruloki.org\/felipeblog\/\",\"name\":\"Uruloki :: Blog\",\"description\":\"Blog de cine, terror, ciencia ficci\u00f3n, fantas\u00eda y c\u00f3mics\",\"potentialAction\":[{\"@type\":\"SearchAction\",\"target\":{\"@type\":\"EntryPoint\",\"urlTemplate\":\"https:\/\/www.uruloki.org\/felipeblog\/?s={search_term_string}\"},\"query-input\":{\"@type\":\"PropertyValueSpecification\",\"valueRequired\":true,\"valueName\":\"search_term_string\"}}],\"inLanguage\":\"es\"},{\"@type\":\"Person\",\"@id\":\"https:\/\/www.uruloki.org\/felipeblog\/#\/schema\/person\/ddba06ddaa27edf0c370460d05c51bb3\",\"name\":\"Uruloki\",\"image\":{\"@type\":\"ImageObject\",\"inLanguage\":\"es\",\"@id\":\"https:\/\/www.uruloki.org\/felipeblog\/#\/schema\/person\/image\/\",\"url\":\"https:\/\/secure.gravatar.com\/avatar\/68d5301c5f52ba88fd63f02c75b8c4d1b3c3fc4b21e2998a1e98c4b3a54d9f7c?s=96&d=mm&r=g\",\"contentUrl\":\"https:\/\/secure.gravatar.com\/avatar\/68d5301c5f52ba88fd63f02c75b8c4d1b3c3fc4b21e2998a1e98c4b3a54d9f7c?s=96&d=mm&r=g\",\"caption\":\"Uruloki\"},\"sameAs\":[\"https:\/\/uruloki.org\"],\"url\":\"https:\/\/www.uruloki.org\/felipeblog\/author\/admin-2-2-2\"}]}<\/script>\n<!-- \/ Yoast SEO plugin. -->","yoast_head_json":{"title":"Cartel y trailer internacional para The Tall Man de Pascal Laugier, peli de terror que se podr&aacute; ver en Sitges 2012... - Uruloki :: Blog","robots":{"index":"index","follow":"follow","max-snippet":"max-snippet:-1","max-image-preview":"max-image-preview:large","max-video-preview":"max-video-preview:-1"},"canonical":"https:\/\/www.uruloki.org\/felipeblog\/cine-de-terror\/cartel-y-trailer-internacional-para-the-tall-man-de-pascal-laugier-peli-de-terror-que-se-podr-ver-en-sitges-2012","og_locale":"es_ES","og_type":"article","og_title":"Cartel y trailer internacional para The Tall Man de Pascal Laugier, peli de terror que se podr&aacute; ver en Sitges 2012... - Uruloki :: Blog","og_description":"De cara a ir recuperando el material de promoci&oacute;n de algunas de las pel&iacute;culas que se podr&aacute;n ver en el 45&ordf; edici&oacute;n del Sitges &ndash; Festival Internacional de Cinema Fant&agrave;stic de Catalunya, arranco con el trailer internacional de The Tall Man (2012) de Pascal Laugier, el director de la poderosa y dura Martyrs (2008). Film [&hellip;]","og_url":"https:\/\/www.uruloki.org\/felipeblog\/cine-de-terror\/cartel-y-trailer-internacional-para-the-tall-man-de-pascal-laugier-peli-de-terror-que-se-podr-ver-en-sitges-2012","og_site_name":"Uruloki :: Blog","article_publisher":"https:\/\/www.facebook.com\/uruloki.org","article_published_time":"2012-06-30T19:46:07+00:00","og_image":[{"url":"https:\/\/uruloki.org\/felipeblog\/images2012-1\/20120630_thetallman.jpg","type":"","width":"","height":""}],"author":"Uruloki","twitter_card":"summary_large_image","twitter_creator":"@uruloki","twitter_site":"@uruloki","twitter_misc":{"Escrito por":"Uruloki","Tiempo de lectura":"1 minuto"},"schema":{"@context":"https:\/\/schema.org","@graph":[{"@type":"WebPage","@id":"https:\/\/www.uruloki.org\/felipeblog\/cine-de-terror\/cartel-y-trailer-internacional-para-the-tall-man-de-pascal-laugier-peli-de-terror-que-se-podr-ver-en-sitges-2012","url":"https:\/\/www.uruloki.org\/felipeblog\/cine-de-terror\/cartel-y-trailer-internacional-para-the-tall-man-de-pascal-laugier-peli-de-terror-que-se-podr-ver-en-sitges-2012","name":"Cartel y trailer internacional para The Tall Man de Pascal Laugier, peli de terror que se podr&aacute; ver en Sitges 2012... - Uruloki :: Blog","isPartOf":{"@id":"https:\/\/www.uruloki.org\/felipeblog\/#website"},"primaryImageOfPage":{"@id":"https:\/\/www.uruloki.org\/felipeblog\/cine-de-terror\/cartel-y-trailer-internacional-para-the-tall-man-de-pascal-laugier-peli-de-terror-que-se-podr-ver-en-sitges-2012#primaryimage"},"image":{"@id":"https:\/\/www.uruloki.org\/felipeblog\/cine-de-terror\/cartel-y-trailer-internacional-para-the-tall-man-de-pascal-laugier-peli-de-terror-que-se-podr-ver-en-sitges-2012#primaryimage"},"thumbnailUrl":"https:\/\/uruloki.org\/felipeblog\/images2012-1\/20120630_thetallman.jpg","datePublished":"2012-06-30T19:46:07+00:00","dateModified":"2012-06-30T19:46:07+00:00","author":{"@id":"https:\/\/www.uruloki.org\/felipeblog\/#\/schema\/person\/ddba06ddaa27edf0c370460d05c51bb3"},"breadcrumb":{"@id":"https:\/\/www.uruloki.org\/felipeblog\/cine-de-terror\/cartel-y-trailer-internacional-para-the-tall-man-de-pascal-laugier-peli-de-terror-que-se-podr-ver-en-sitges-2012#breadcrumb"},"inLanguage":"es","potentialAction":[{"@type":"ReadAction","target":["https:\/\/www.uruloki.org\/felipeblog\/cine-de-terror\/cartel-y-trailer-internacional-para-the-tall-man-de-pascal-laugier-peli-de-terror-que-se-podr-ver-en-sitges-2012"]}]},{"@type":"ImageObject","inLanguage":"es","@id":"https:\/\/www.uruloki.org\/felipeblog\/cine-de-terror\/cartel-y-trailer-internacional-para-the-tall-man-de-pascal-laugier-peli-de-terror-que-se-podr-ver-en-sitges-2012#primaryimage","url":"https:\/\/uruloki.org\/felipeblog\/images2012-1\/20120630_thetallman.jpg","contentUrl":"https:\/\/uruloki.org\/felipeblog\/images2012-1\/20120630_thetallman.jpg"},{"@type":"BreadcrumbList","@id":"https:\/\/www.uruloki.org\/felipeblog\/cine-de-terror\/cartel-y-trailer-internacional-para-the-tall-man-de-pascal-laugier-peli-de-terror-que-se-podr-ver-en-sitges-2012#breadcrumb","itemListElement":[{"@type":"ListItem","position":1,"name":"Portada","item":"https:\/\/www.uruloki.org\/felipeblog"},{"@type":"ListItem","position":2,"name":"Cartel y trailer internacional para The Tall Man de Pascal Laugier, peli de terror que se podr&aacute; ver en Sitges 2012&#8230;"}]},{"@type":"WebSite","@id":"https:\/\/www.uruloki.org\/felipeblog\/#website","url":"https:\/\/www.uruloki.org\/felipeblog\/","name":"Uruloki :: Blog","description":"Blog de cine, terror, ciencia ficci\u00f3n, fantas\u00eda y c\u00f3mics","potentialAction":[{"@type":"SearchAction","target":{"@type":"EntryPoint","urlTemplate":"https:\/\/www.uruloki.org\/felipeblog\/?s={search_term_string}"},"query-input":{"@type":"PropertyValueSpecification","valueRequired":true,"valueName":"search_term_string"}}],"inLanguage":"es"},{"@type":"Person","@id":"https:\/\/www.uruloki.org\/felipeblog\/#\/schema\/person\/ddba06ddaa27edf0c370460d05c51bb3","name":"Uruloki","image":{"@type":"ImageObject","inLanguage":"es","@id":"https:\/\/www.uruloki.org\/felipeblog\/#\/schema\/person\/image\/","url":"https:\/\/secure.gravatar.com\/avatar\/68d5301c5f52ba88fd63f02c75b8c4d1b3c3fc4b21e2998a1e98c4b3a54d9f7c?s=96&d=mm&r=g","contentUrl":"https:\/\/secure.gravatar.com\/avatar\/68d5301c5f52ba88fd63f02c75b8c4d1b3c3fc4b21e2998a1e98c4b3a54d9f7c?s=96&d=mm&r=g","caption":"Uruloki"},"sameAs":["https:\/\/uruloki.org"],"url":"https:\/\/www.uruloki.org\/felipeblog\/author\/admin-2-2-2"}]}},"_links":{"self":[{"href":"https:\/\/www.uruloki.org\/felipeblog\/wp-json\/wp\/v2\/posts\/8085","targetHints":{"allow":["GET"]}}],"collection":[{"href":"https:\/\/www.uruloki.org\/felipeblog\/wp-json\/wp\/v2\/posts"}],"about":[{"href":"https:\/\/www.uruloki.org\/felipeblog\/wp-json\/wp\/v2\/types\/post"}],"author":[{"embeddable":true,"href":"https:\/\/www.uruloki.org\/felipeblog\/wp-json\/wp\/v2\/users\/28"}],"replies":[{"embeddable":true,"href":"https:\/\/www.uruloki.org\/felipeblog\/wp-json\/wp\/v2\/comments?post=8085"}],"version-history":[{"count":1,"href":"https:\/\/www.uruloki.org\/felipeblog\/wp-json\/wp\/v2\/posts\/8085\/revisions"}],"predecessor-version":[{"id":8086,"href":"https:\/\/www.uruloki.org\/felipeblog\/wp-json\/wp\/v2\/posts\/8085\/revisions\/8086"}],"wp:attachment":[{"href":"https:\/\/www.uruloki.org\/felipeblog\/wp-json\/wp\/v2\/media?parent=8085"}],"wp:term":[{"taxonomy":"category","embeddable":true,"href":"https:\/\/www.uruloki.org\/felipeblog\/wp-json\/wp\/v2\/categories?post=8085"},{"taxonomy":"post_tag","embeddable":true,"href":"https:\/\/www.uruloki.org\/felipeblog\/wp-json\/wp\/v2\/tags?post=8085"}],"curies":[{"name":"wp","href":"https:\/\/api.w.org\/{rel}","templated":true}]}}