{"id":7899,"date":"2012-05-31T08:27:54","date_gmt":"2012-05-31T06:27:54","guid":{"rendered":"https:\/\/uruloki.org\/felipeblog\/?p=7899"},"modified":"2012-05-31T08:27:54","modified_gmt":"2012-05-31T06:27:54","slug":"nace-la-editorial-gamberra-cliffhanger-y-toca-celebrar-el-30-aniversario-del-estreno-de-la-ira-de-khan","status":"publish","type":"post","link":"https:\/\/www.uruloki.org\/felipeblog\/personalisimo\/nace-la-editorial-gamberra-cliffhanger-y-toca-celebrar-el-30-aniversario-del-estreno-de-la-ira-de-khan","title":{"rendered":"Nace la editorial gamberra Cliffhanger y toca celebrar el 30 aniversario del estreno de La ira de Khan&#8230;"},"content":{"rendered":"<p>Hac&iacute;a tiempo que quer&iacute;a hablar de dos temas que ten&iacute;a ah&iacute; pendientes y que me dispongo  a recuperar. En primer lugar aprovecho para anunciaros el lanzamiento, el pasado 15 de mayo, de una editorial de libros electr&oacute;nicos llamada <a href=\"http:\/\/cliffhangerpublishing.com\" target=\"_blank\">Cliffhanger<\/a>. Al frente de la misma tenemos al hombre del plan, un aventurero compostelano que se ha recorrido medio mundo buscando su destino y que tras muchas historias regresa a casa con ganas de invadir los territorios del libro electr&oacute;nico. <strong>Cliffhanger<\/strong> nace con una l&iacute;nea editorial marcada y centrada en todo aquello que de forma a literatura de cualquier genero pero que incluya humor, pol&iacute;ticamente   incorrecto, y que sea gamberra, muy peliculera, interactiva e, importante, por entregas&#8230; de ah&iacute; el nombre de la editorial. Como lanzamiento editorial <strong>Cliffhanger<\/strong> debuta con dos interesantes relatos titulados <strong>&quot;Porn&oacute;polis&quot;<\/strong> y <strong>&quot;Yo vot&eacute; con un zombi: el amanecer de los indignados&quot;<\/strong>. Adem&aacute;s, la editorial funciona de dos formas claramente definidas y que explican en la web&#8230; <strong>La modalidad Free<\/strong> permite descargarte gratis uno de los cap&iacute;tulos de muestra, suscribirte  por mail, tambi&eacute;n gratis, al libro que te interese y recibir, por entregas y tambi&eacute;n gratis, el resto de cap&iacute;tulos. <strong>O la modalidad Premium<\/strong> que permite comprar el libro completo, leerlo a tu aire y sin esperas. Lo dicho, en <a href=\"http:\/\/cliffhangerpublishing.com\" target=\"_blank\">Cliffhanger<\/a> ten&eacute;is toda la informaci&oacute;n sobre como funciona esto.<\/p>\n<p class=\"centrado\"><img loading=\"lazy\" decoding=\"async\" src=\"https:\/\/uruloki.org\/felipeblog\/images2012-1\/20120531_cliffhangeryovoteconunzombi.jpg\" alt=\"Yo vot&eacute; con un zombi: el amanecer de los indignados\" width=\"450\" height=\"636\" \/><\/p>\n<p><strong>Yo vot&eacute; con un zombi: el amanecer de los indignados<\/strong><\/p>\n<blockquote>\n<p>Domingo. Siete y media de la ma&ntilde;ana. La gran fiesta de la democracia est&aacute; a punto de comenzar en el colegio electoral del Museo de Arte Contempor&aacute;neo de la ciudad, que se prepara para unos comicios especialmente pol&eacute;micos debido a la eclosi&oacute;n del movimiento de los denominados &ldquo;indignados&rdquo;.<\/p>\n<p>Lo que nadie se imagina es que estos manifestantes, lejos de limitarse a agitar pancartas y corear consignas ingeniosas, se convertir&aacute;n, debido a los efectos sobre su cerebro de toda la rabia que han acumulado a lo largo de la legislatura, en violentos y primarios catalizadores del cambio social. &iexcl;&iexcl;No son zombis, son indignados!!<\/p>\n<\/blockquote>\n<p><strong>Porn&oacute;polis<\/strong><\/p>\n<blockquote>\n<p>&iquest;Qu&eacute; pasar&iacute;a si descubrieras que todas las personas que conoces, incluyendo a tu propia familia, se dedicara en secreto al mundo del&nbsp;porno? Destapa el complot m&aacute;s libidinoso de todos los tiempos en este proyecto maldito de ciencia-fricci&oacute;n que har&aacute; que no vuelvas a mirar al pr&oacute;jimo de la misma forma.<\/p>\n<\/blockquote>\n<p>El otro tema que quer&iacute;a comentar es que desde el <a href=\"http:\/\/www.clubstartrek.es\/\" target=\"_blank\">Club Star Trek de Espa&ntilde;a<\/a>, y para celebrar el 30 aniversario del estreno en la gran pantalla la segunda pel&iacute;cula de la saga <strong>Star Trek<\/strong>, titulada <a href=\"http:\/\/www.imdb.es\/title\/tt0084726\/\" target=\"_blank\">La Ira de Khan<\/a> (<em>Star Trek: The Wrath of Khan<\/em>, 1982) de <a href=\"http:\/\/www.imdb.es\/name\/nm0583292\/\" target=\"_blank\">Nicholas Meyer<\/a>, ha montado un evento en tres ciudades distintas, Barcelona, Madrid y Zaragoza, donde se proyectar&aacute; la pel&iacute;cula para que los fans puedan verla como dios manda. Ten&eacute;is <a href=\"http:\/\/www.clubstartrek.es\/actividades-star-trek\/30-aniversario-de-star-trek-ii-la-ira-de-khan\/\" target=\"_blank\">toda la informaci&oacute;n sobre el evento en la web de club clubstartrek.es<\/a>.<\/p>\n","protected":false},"excerpt":{"rendered":"<p>Hac&iacute;a tiempo que quer&iacute;a hablar de dos temas que ten&iacute;a ah&iacute; pendientes y que me dispongo a recuperar. En primer lugar aprovecho para anunciaros el lanzamiento, el pasado 15 de mayo, de una editorial de libros electr&oacute;nicos llamada Cliffhanger. Al frente de la misma tenemos al hombre del plan, un aventurero compostelano que se ha [&hellip;]<\/p>\n","protected":false},"author":28,"featured_media":0,"comment_status":"open","ping_status":"open","sticky":false,"template":"","format":"standard","meta":{"footnotes":""},"categories":[957,4],"tags":[],"class_list":["post-7899","post","type-post","status-publish","format-standard","hentry","category-libros-de-cine","category-personalisimo"],"yoast_head":"<!-- This site is optimized with the Yoast SEO plugin v24.3 - https:\/\/yoast.com\/wordpress\/plugins\/seo\/ -->\n<title>Nace la editorial gamberra Cliffhanger y toca celebrar el 30 aniversario del estreno de La ira de Khan... - Uruloki :: Blog<\/title>\n<meta name=\"robots\" content=\"index, follow, max-snippet:-1, max-image-preview:large, max-video-preview:-1\" \/>\n<link rel=\"canonical\" href=\"https:\/\/www.uruloki.org\/felipeblog\/personalisimo\/nace-la-editorial-gamberra-cliffhanger-y-toca-celebrar-el-30-aniversario-del-estreno-de-la-ira-de-khan\" \/>\n<meta property=\"og:locale\" content=\"es_ES\" \/>\n<meta property=\"og:type\" content=\"article\" \/>\n<meta property=\"og:title\" content=\"Nace la editorial gamberra Cliffhanger y toca celebrar el 30 aniversario del estreno de La ira de Khan... - Uruloki :: Blog\" \/>\n<meta property=\"og:description\" content=\"Hac&iacute;a tiempo que quer&iacute;a hablar de dos temas que ten&iacute;a ah&iacute; pendientes y que me dispongo a recuperar. En primer lugar aprovecho para anunciaros el lanzamiento, el pasado 15 de mayo, de una editorial de libros electr&oacute;nicos llamada Cliffhanger. Al frente de la misma tenemos al hombre del plan, un aventurero compostelano que se ha [&hellip;]\" \/>\n<meta property=\"og:url\" content=\"https:\/\/www.uruloki.org\/felipeblog\/personalisimo\/nace-la-editorial-gamberra-cliffhanger-y-toca-celebrar-el-30-aniversario-del-estreno-de-la-ira-de-khan\" \/>\n<meta property=\"og:site_name\" content=\"Uruloki :: Blog\" \/>\n<meta property=\"article:publisher\" content=\"https:\/\/www.facebook.com\/uruloki.org\" \/>\n<meta property=\"article:published_time\" content=\"2012-05-31T06:27:54+00:00\" \/>\n<meta property=\"og:image\" content=\"https:\/\/uruloki.org\/felipeblog\/images2012-1\/20120531_cliffhangeryovoteconunzombi.jpg\" \/>\n<meta name=\"author\" content=\"Uruloki\" \/>\n<meta name=\"twitter:card\" content=\"summary_large_image\" \/>\n<meta name=\"twitter:creator\" content=\"@uruloki\" \/>\n<meta name=\"twitter:site\" content=\"@uruloki\" \/>\n<meta name=\"twitter:label1\" content=\"Escrito por\" \/>\n\t<meta name=\"twitter:data1\" content=\"Uruloki\" \/>\n\t<meta name=\"twitter:label2\" content=\"Tiempo de lectura\" \/>\n\t<meta name=\"twitter:data2\" content=\"3 minutos\" \/>\n<script type=\"application\/ld+json\" class=\"yoast-schema-graph\">{\"@context\":\"https:\/\/schema.org\",\"@graph\":[{\"@type\":\"WebPage\",\"@id\":\"https:\/\/www.uruloki.org\/felipeblog\/personalisimo\/nace-la-editorial-gamberra-cliffhanger-y-toca-celebrar-el-30-aniversario-del-estreno-de-la-ira-de-khan\",\"url\":\"https:\/\/www.uruloki.org\/felipeblog\/personalisimo\/nace-la-editorial-gamberra-cliffhanger-y-toca-celebrar-el-30-aniversario-del-estreno-de-la-ira-de-khan\",\"name\":\"Nace la editorial gamberra Cliffhanger y toca celebrar el 30 aniversario del estreno de La ira de Khan... - Uruloki :: Blog\",\"isPartOf\":{\"@id\":\"https:\/\/www.uruloki.org\/felipeblog\/#website\"},\"primaryImageOfPage\":{\"@id\":\"https:\/\/www.uruloki.org\/felipeblog\/personalisimo\/nace-la-editorial-gamberra-cliffhanger-y-toca-celebrar-el-30-aniversario-del-estreno-de-la-ira-de-khan#primaryimage\"},\"image\":{\"@id\":\"https:\/\/www.uruloki.org\/felipeblog\/personalisimo\/nace-la-editorial-gamberra-cliffhanger-y-toca-celebrar-el-30-aniversario-del-estreno-de-la-ira-de-khan#primaryimage\"},\"thumbnailUrl\":\"https:\/\/uruloki.org\/felipeblog\/images2012-1\/20120531_cliffhangeryovoteconunzombi.jpg\",\"datePublished\":\"2012-05-31T06:27:54+00:00\",\"dateModified\":\"2012-05-31T06:27:54+00:00\",\"author\":{\"@id\":\"https:\/\/www.uruloki.org\/felipeblog\/#\/schema\/person\/ddba06ddaa27edf0c370460d05c51bb3\"},\"breadcrumb\":{\"@id\":\"https:\/\/www.uruloki.org\/felipeblog\/personalisimo\/nace-la-editorial-gamberra-cliffhanger-y-toca-celebrar-el-30-aniversario-del-estreno-de-la-ira-de-khan#breadcrumb\"},\"inLanguage\":\"es\",\"potentialAction\":[{\"@type\":\"ReadAction\",\"target\":[\"https:\/\/www.uruloki.org\/felipeblog\/personalisimo\/nace-la-editorial-gamberra-cliffhanger-y-toca-celebrar-el-30-aniversario-del-estreno-de-la-ira-de-khan\"]}]},{\"@type\":\"ImageObject\",\"inLanguage\":\"es\",\"@id\":\"https:\/\/www.uruloki.org\/felipeblog\/personalisimo\/nace-la-editorial-gamberra-cliffhanger-y-toca-celebrar-el-30-aniversario-del-estreno-de-la-ira-de-khan#primaryimage\",\"url\":\"https:\/\/uruloki.org\/felipeblog\/images2012-1\/20120531_cliffhangeryovoteconunzombi.jpg\",\"contentUrl\":\"https:\/\/uruloki.org\/felipeblog\/images2012-1\/20120531_cliffhangeryovoteconunzombi.jpg\"},{\"@type\":\"BreadcrumbList\",\"@id\":\"https:\/\/www.uruloki.org\/felipeblog\/personalisimo\/nace-la-editorial-gamberra-cliffhanger-y-toca-celebrar-el-30-aniversario-del-estreno-de-la-ira-de-khan#breadcrumb\",\"itemListElement\":[{\"@type\":\"ListItem\",\"position\":1,\"name\":\"Portada\",\"item\":\"https:\/\/www.uruloki.org\/felipeblog\"},{\"@type\":\"ListItem\",\"position\":2,\"name\":\"Nace la editorial gamberra Cliffhanger y toca celebrar el 30 aniversario del estreno de La ira de Khan&#8230;\"}]},{\"@type\":\"WebSite\",\"@id\":\"https:\/\/www.uruloki.org\/felipeblog\/#website\",\"url\":\"https:\/\/www.uruloki.org\/felipeblog\/\",\"name\":\"Uruloki :: Blog\",\"description\":\"Blog de cine, terror, ciencia ficci\u00f3n, fantas\u00eda y c\u00f3mics\",\"potentialAction\":[{\"@type\":\"SearchAction\",\"target\":{\"@type\":\"EntryPoint\",\"urlTemplate\":\"https:\/\/www.uruloki.org\/felipeblog\/?s={search_term_string}\"},\"query-input\":{\"@type\":\"PropertyValueSpecification\",\"valueRequired\":true,\"valueName\":\"search_term_string\"}}],\"inLanguage\":\"es\"},{\"@type\":\"Person\",\"@id\":\"https:\/\/www.uruloki.org\/felipeblog\/#\/schema\/person\/ddba06ddaa27edf0c370460d05c51bb3\",\"name\":\"Uruloki\",\"image\":{\"@type\":\"ImageObject\",\"inLanguage\":\"es\",\"@id\":\"https:\/\/www.uruloki.org\/felipeblog\/#\/schema\/person\/image\/\",\"url\":\"https:\/\/secure.gravatar.com\/avatar\/68d5301c5f52ba88fd63f02c75b8c4d1b3c3fc4b21e2998a1e98c4b3a54d9f7c?s=96&d=mm&r=g\",\"contentUrl\":\"https:\/\/secure.gravatar.com\/avatar\/68d5301c5f52ba88fd63f02c75b8c4d1b3c3fc4b21e2998a1e98c4b3a54d9f7c?s=96&d=mm&r=g\",\"caption\":\"Uruloki\"},\"sameAs\":[\"https:\/\/uruloki.org\"],\"url\":\"https:\/\/www.uruloki.org\/felipeblog\/author\/admin-2-2-2\"}]}<\/script>\n<!-- \/ Yoast SEO plugin. -->","yoast_head_json":{"title":"Nace la editorial gamberra Cliffhanger y toca celebrar el 30 aniversario del estreno de La ira de Khan... - Uruloki :: Blog","robots":{"index":"index","follow":"follow","max-snippet":"max-snippet:-1","max-image-preview":"max-image-preview:large","max-video-preview":"max-video-preview:-1"},"canonical":"https:\/\/www.uruloki.org\/felipeblog\/personalisimo\/nace-la-editorial-gamberra-cliffhanger-y-toca-celebrar-el-30-aniversario-del-estreno-de-la-ira-de-khan","og_locale":"es_ES","og_type":"article","og_title":"Nace la editorial gamberra Cliffhanger y toca celebrar el 30 aniversario del estreno de La ira de Khan... - Uruloki :: Blog","og_description":"Hac&iacute;a tiempo que quer&iacute;a hablar de dos temas que ten&iacute;a ah&iacute; pendientes y que me dispongo a recuperar. En primer lugar aprovecho para anunciaros el lanzamiento, el pasado 15 de mayo, de una editorial de libros electr&oacute;nicos llamada Cliffhanger. Al frente de la misma tenemos al hombre del plan, un aventurero compostelano que se ha [&hellip;]","og_url":"https:\/\/www.uruloki.org\/felipeblog\/personalisimo\/nace-la-editorial-gamberra-cliffhanger-y-toca-celebrar-el-30-aniversario-del-estreno-de-la-ira-de-khan","og_site_name":"Uruloki :: Blog","article_publisher":"https:\/\/www.facebook.com\/uruloki.org","article_published_time":"2012-05-31T06:27:54+00:00","og_image":[{"url":"https:\/\/uruloki.org\/felipeblog\/images2012-1\/20120531_cliffhangeryovoteconunzombi.jpg","type":"","width":"","height":""}],"author":"Uruloki","twitter_card":"summary_large_image","twitter_creator":"@uruloki","twitter_site":"@uruloki","twitter_misc":{"Escrito por":"Uruloki","Tiempo de lectura":"3 minutos"},"schema":{"@context":"https:\/\/schema.org","@graph":[{"@type":"WebPage","@id":"https:\/\/www.uruloki.org\/felipeblog\/personalisimo\/nace-la-editorial-gamberra-cliffhanger-y-toca-celebrar-el-30-aniversario-del-estreno-de-la-ira-de-khan","url":"https:\/\/www.uruloki.org\/felipeblog\/personalisimo\/nace-la-editorial-gamberra-cliffhanger-y-toca-celebrar-el-30-aniversario-del-estreno-de-la-ira-de-khan","name":"Nace la editorial gamberra Cliffhanger y toca celebrar el 30 aniversario del estreno de La ira de Khan... - Uruloki :: Blog","isPartOf":{"@id":"https:\/\/www.uruloki.org\/felipeblog\/#website"},"primaryImageOfPage":{"@id":"https:\/\/www.uruloki.org\/felipeblog\/personalisimo\/nace-la-editorial-gamberra-cliffhanger-y-toca-celebrar-el-30-aniversario-del-estreno-de-la-ira-de-khan#primaryimage"},"image":{"@id":"https:\/\/www.uruloki.org\/felipeblog\/personalisimo\/nace-la-editorial-gamberra-cliffhanger-y-toca-celebrar-el-30-aniversario-del-estreno-de-la-ira-de-khan#primaryimage"},"thumbnailUrl":"https:\/\/uruloki.org\/felipeblog\/images2012-1\/20120531_cliffhangeryovoteconunzombi.jpg","datePublished":"2012-05-31T06:27:54+00:00","dateModified":"2012-05-31T06:27:54+00:00","author":{"@id":"https:\/\/www.uruloki.org\/felipeblog\/#\/schema\/person\/ddba06ddaa27edf0c370460d05c51bb3"},"breadcrumb":{"@id":"https:\/\/www.uruloki.org\/felipeblog\/personalisimo\/nace-la-editorial-gamberra-cliffhanger-y-toca-celebrar-el-30-aniversario-del-estreno-de-la-ira-de-khan#breadcrumb"},"inLanguage":"es","potentialAction":[{"@type":"ReadAction","target":["https:\/\/www.uruloki.org\/felipeblog\/personalisimo\/nace-la-editorial-gamberra-cliffhanger-y-toca-celebrar-el-30-aniversario-del-estreno-de-la-ira-de-khan"]}]},{"@type":"ImageObject","inLanguage":"es","@id":"https:\/\/www.uruloki.org\/felipeblog\/personalisimo\/nace-la-editorial-gamberra-cliffhanger-y-toca-celebrar-el-30-aniversario-del-estreno-de-la-ira-de-khan#primaryimage","url":"https:\/\/uruloki.org\/felipeblog\/images2012-1\/20120531_cliffhangeryovoteconunzombi.jpg","contentUrl":"https:\/\/uruloki.org\/felipeblog\/images2012-1\/20120531_cliffhangeryovoteconunzombi.jpg"},{"@type":"BreadcrumbList","@id":"https:\/\/www.uruloki.org\/felipeblog\/personalisimo\/nace-la-editorial-gamberra-cliffhanger-y-toca-celebrar-el-30-aniversario-del-estreno-de-la-ira-de-khan#breadcrumb","itemListElement":[{"@type":"ListItem","position":1,"name":"Portada","item":"https:\/\/www.uruloki.org\/felipeblog"},{"@type":"ListItem","position":2,"name":"Nace la editorial gamberra Cliffhanger y toca celebrar el 30 aniversario del estreno de La ira de Khan&#8230;"}]},{"@type":"WebSite","@id":"https:\/\/www.uruloki.org\/felipeblog\/#website","url":"https:\/\/www.uruloki.org\/felipeblog\/","name":"Uruloki :: Blog","description":"Blog de cine, terror, ciencia ficci\u00f3n, fantas\u00eda y c\u00f3mics","potentialAction":[{"@type":"SearchAction","target":{"@type":"EntryPoint","urlTemplate":"https:\/\/www.uruloki.org\/felipeblog\/?s={search_term_string}"},"query-input":{"@type":"PropertyValueSpecification","valueRequired":true,"valueName":"search_term_string"}}],"inLanguage":"es"},{"@type":"Person","@id":"https:\/\/www.uruloki.org\/felipeblog\/#\/schema\/person\/ddba06ddaa27edf0c370460d05c51bb3","name":"Uruloki","image":{"@type":"ImageObject","inLanguage":"es","@id":"https:\/\/www.uruloki.org\/felipeblog\/#\/schema\/person\/image\/","url":"https:\/\/secure.gravatar.com\/avatar\/68d5301c5f52ba88fd63f02c75b8c4d1b3c3fc4b21e2998a1e98c4b3a54d9f7c?s=96&d=mm&r=g","contentUrl":"https:\/\/secure.gravatar.com\/avatar\/68d5301c5f52ba88fd63f02c75b8c4d1b3c3fc4b21e2998a1e98c4b3a54d9f7c?s=96&d=mm&r=g","caption":"Uruloki"},"sameAs":["https:\/\/uruloki.org"],"url":"https:\/\/www.uruloki.org\/felipeblog\/author\/admin-2-2-2"}]}},"_links":{"self":[{"href":"https:\/\/www.uruloki.org\/felipeblog\/wp-json\/wp\/v2\/posts\/7899","targetHints":{"allow":["GET"]}}],"collection":[{"href":"https:\/\/www.uruloki.org\/felipeblog\/wp-json\/wp\/v2\/posts"}],"about":[{"href":"https:\/\/www.uruloki.org\/felipeblog\/wp-json\/wp\/v2\/types\/post"}],"author":[{"embeddable":true,"href":"https:\/\/www.uruloki.org\/felipeblog\/wp-json\/wp\/v2\/users\/28"}],"replies":[{"embeddable":true,"href":"https:\/\/www.uruloki.org\/felipeblog\/wp-json\/wp\/v2\/comments?post=7899"}],"version-history":[{"count":2,"href":"https:\/\/www.uruloki.org\/felipeblog\/wp-json\/wp\/v2\/posts\/7899\/revisions"}],"predecessor-version":[{"id":7901,"href":"https:\/\/www.uruloki.org\/felipeblog\/wp-json\/wp\/v2\/posts\/7899\/revisions\/7901"}],"wp:attachment":[{"href":"https:\/\/www.uruloki.org\/felipeblog\/wp-json\/wp\/v2\/media?parent=7899"}],"wp:term":[{"taxonomy":"category","embeddable":true,"href":"https:\/\/www.uruloki.org\/felipeblog\/wp-json\/wp\/v2\/categories?post=7899"},{"taxonomy":"post_tag","embeddable":true,"href":"https:\/\/www.uruloki.org\/felipeblog\/wp-json\/wp\/v2\/tags?post=7899"}],"curies":[{"name":"wp","href":"https:\/\/api.w.org\/{rel}","templated":true}]}}