{"id":789,"date":"2006-10-02T21:58:43","date_gmt":"2006-10-03T05:58:43","guid":{"rendered":"https:\/\/uruloki.org\/felipeblog\/?p=789"},"modified":"2009-08-02T14:49:56","modified_gmt":"2009-08-02T13:49:56","slug":"guillermo-del-toro-hace-tele-uwe-boll-contraataca-y-smith-y-willis-me-confunden","status":"publish","type":"post","link":"https:\/\/www.uruloki.org\/felipeblog\/cine-de-terror\/guillermo-del-toro-hace-tele-uwe-boll-contraataca-y-smith-y-willis-me-confunden","title":{"rendered":"Guillermo del Toro hace tele, Uwe Boll contraataca y Smith y Willis me confunden&#8230;"},"content":{"rendered":"<p><img loading=\"lazy\" decoding=\"async\" src=\"https:\/\/uruloki.org\/felipeblog\/imagesflickr\/259016462_8c7e4f44b4_o.jpg\" width=\"300\" height=\"424\" alt=\"Fantastic Fest 2006\" style=\"float:right; margin-bottom:10px; margin-left:10px;\" border=\"0\" \/>Este tipo no para, y por mi que no lo haga durante mucho tiempo. En fin, resulta que <a href=\"http:\/\/www.imdb.com\/name\/nm0868219\/\" target=\"_blank\" title=\"Filmograf&iacute;a de Guillermo del Toro\">Guillermo del Toro<\/a>, uno de los maestros del cine de calidad de terror moderno, ha concedido una <a href=\"http:\/\/www.scifi.com\/scifiwire\/index.php?category=1&amp;id=38487\" target=\"_blank\">entrevista a la gente de SciFi<\/a> y ha comentado unos cuantos detalles acerca de una serie de televisi&oacute;n que est&aacute; desarrollando. La serie, que se titular&aacute; <strong>The Strain<\/strong> (algo as&iacute; como <em>Tensi&oacute;n<\/em>), viene definida por el director como terror puro. Por ahora est&aacute; en plena fase de creaci&oacute;n, el director mexicano ha desarrollado a todos los personajes y sus vicisitudes y detalles. Parece ser que tiene un acuerdo con <strong>FOX<\/strong> para llevar a buen puerto este proyecto&#8230; esperemos unos a&ntilde;os y a ver que pasa!<\/p>\n<p>Flipo con <a href=\"http:\/\/www.imdb.com\/name\/nm0093051\/\" target=\"_blank\" title=\"Filmograf&iacute;a de Uwe Boll\">Uwe Boll<\/a>, despu&eacute;s de ponerles las pilas a unos cuantos cr&iacute;ticos &aacute;vidos de encontrarse con su gu&iacute;a espiritual, resulta que retorna al proyecto <a href=\"http:\/\/www.imdb.com\/title\/tt0486640\/\" target=\"_blank\" title=\"Info de Postal\">Postal<\/a> (2007), <a href=\"http:\/\/www.imdb.com\/title\/tt0758781\/\" target=\"_blank\" title=\"Info de Seed\">Seed<\/a> (2007) debe estar en post-producci&oacute;n, y <a href=\"http:\/\/www.bloody-disgusting.com\/news\/7338\" target=\"_blank\" title=\"Bloody Disgusting lo comenta\">anuncian por ah&iacute;<\/a> que est&aacute; sopesando realizar un par de secuelas de sus &uacute;ltimos &eacute;xitos cinematogr&aacute;ficos. Una de las secuelas ser&iacute;a <strong>Alone In The Dark 2<\/strong>, de nuevo con <a href=\"http:\/\/www.imdb.com\/name\/nm0000225\/\" target=\"_blank\" title=\"Filmograf&iacute;a de Christian Slater\">Christian Slater<\/a>, y la otra <strong>Bloodrayne II: Deliverance<\/strong>, tambi&eacute;n con <a href=\"http:\/\/www.imdb.com\/name\/nm0518085\/\" target=\"_blank\" title=\"Filmograf&iacute;a de Kristanna Loken\">Kristanna Loken<\/a> pero &iquest;ahora situada en el oeste americano? En fin, esto es completamente surrealista&#8230; &iquest;la cosa no tiene fin? En el 2007 nos esperan 3 pel&iacute;culas de este director&#8230; es una m&aacute;quina!<\/p>\n<p>Bueno, un par de fotos comparativas y que personalmente no me convencen del todo. La primera es la de <a href=\"http:\/\/www.imdb.com\/name\/nm0000226\/\" target=\"_blank\" title=\"Filmograf&iacute;a de Will Smith\">Will Smith<\/a> en I am Legend (2007), la nueva adaptaci&oacute;n en modo &quot;hago lo que me da la gana&quot; de la hom&oacute;nima obra de <a href=\"http:\/\/en.wikipedia.org\/wiki\/Richard_Matheson\" target=\"_blank\" title=\"Richard Matheson por la Wikipedia\">Richard Matheson<\/a>. La otra es una foto de <a href=\"http:\/\/www.imdb.com\/name\/nm0000246\/\" target=\"_blank\" title=\"Filmograf&iacute;a de Bruce Willis\">Bruce Willis<\/a> en la nueva secuela de las aventuras de <strong>John McLane<\/strong> titulada <a href=\"http:\/\/www.imdb.com\/title\/tt0337978\/\" target=\"_blank\" title=\"Info de Live Free or Die Hard\">Live Free or Die Hard<\/a> (2007)&#8230; las miro y pienso&#8230; &iquest;esto es <strong>La Jungla de Cristal<\/strong>?&#8230; &iquest;donde ha quedado el pantal&oacute;n de traje?, &iquest;y al camiseta de tiras?, &iquest;y el resto de pelillo? Uff, <a href=\"http:\/\/www.flickr.com\/photos\/27286063@N00\/258939176\/\" title=\"Foto de Smith y Willis... no se, Willis no me convence para nada\" target=\"_blank\">parece m&aacute;s post-apocal&iacute;ptico el nuevo Willis \/ McLane que Will Smith<\/a> en este film de ciencia ficci&oacute;n.<\/p>\n<p>Muchas webs americanas, <a href=\"http:\/\/www.cinematical.com\/2006\/10\/01\/fantastic-fest-award-winners\/\" target=\"_blank\" title=\"Triunfadores en el Fantastic Fest\">Cinematical por ejemplo<\/a>, han realizado un detallado seguimiento al segundo <a href=\"http:\/\/www.fantasticfest.com\/\" target=\"_blank\" title=\"Web del Fantastic Fest\">Fantastic Fest<\/a> que se ha realizado en <strong>Austin<\/strong>, <strong>Texas<\/strong>&#8230; tierra de <a href=\"http:\/\/www.imdb.com\/name\/nm0001675\/\" target=\"_blank\" title=\"Filmograf&iacute;a de Robert Rodr&iacute;guez\">Robert Rodr&iacute;guez<\/a>. Este a&ntilde;o han sido evaluadas un mont&oacute;n de pel&iacute;culas, pero la gran ganadora en el &aacute;rea de cine de terror es una pel&iacute;cula independiente coproducci&oacute;n de <strong>Irlanda<\/strong> en <strong>Inglaterra<\/strong> titulada <a href=\"http:\/\/www.imdb.com\/title\/tt0446719\/\" target=\"_blank\" title=\"Info de Isolation\">Isolation<\/a> (2005), film que no se si tendremos la oportunidad de ver en alg&uacute;n momento por estas tierras pero que lleva dando de que hablar los &uacute;ltimos meses, para echar un vistazo aqu&iacute; ten&eacute;is <a href=\"http:\/\/www.isolationthefilm.com\/\" target=\"_blank\" title=\"Web oficial de Isolation\">la web oficial<\/a>. El argumento es sencillo, en una granja de vacas se han estado realizando unos experimentos gen&eacute;ticos&#8230; el resultado una criatura \/ ternerito que se dedicar&aacute; a merendar carne humana fresca reci&eacute;n llegada al lugar. La comparan a nivel descriptivo con el cine del <strong>Cronenberg<\/strong> de los a&ntilde;os 80, visualmente rompedora! Por el lado de la fantas&iacute;a tenemos el film brit&aacute;nico <a href=\"http:\/\/www.imdb.com\/title\/tt0483719\/\" target=\"_blank\" title=\"Info de The Linving and the Dead\">The Living and the dead<\/a> (2006), film del que no hab&iacute;a o&iacute;do hablar nada de nada.<\/p>\n","protected":false},"excerpt":{"rendered":"<p>Este tipo no para, y por mi que no lo haga durante mucho tiempo. En fin, resulta que Guillermo del Toro, uno de los maestros del cine de calidad de terror moderno, ha concedido una entrevista a la gente de SciFi y ha comentado unos cuantos detalles acerca de una serie de televisi&oacute;n que est&aacute; [&hellip;]<\/p>\n","protected":false},"author":28,"featured_media":0,"comment_status":"open","ping_status":"closed","sticky":false,"template":"","format":"standard","meta":{"footnotes":""},"categories":[9,26],"tags":[],"class_list":["post-789","post","type-post","status-publish","format-standard","hentry","category-cine-de-terror","category-gdt"],"yoast_head":"<!-- This site is optimized with the Yoast SEO plugin v24.3 - https:\/\/yoast.com\/wordpress\/plugins\/seo\/ -->\n<title>Guillermo del Toro hace tele, Uwe Boll contraataca y Smith y Willis me confunden... - Uruloki :: Blog<\/title>\n<meta name=\"robots\" content=\"index, follow, max-snippet:-1, max-image-preview:large, max-video-preview:-1\" \/>\n<link rel=\"canonical\" href=\"https:\/\/www.uruloki.org\/felipeblog\/cine-de-terror\/guillermo-del-toro-hace-tele-uwe-boll-contraataca-y-smith-y-willis-me-confunden\" \/>\n<meta property=\"og:locale\" content=\"es_ES\" \/>\n<meta property=\"og:type\" content=\"article\" \/>\n<meta property=\"og:title\" content=\"Guillermo del Toro hace tele, Uwe Boll contraataca y Smith y Willis me confunden... - Uruloki :: Blog\" \/>\n<meta property=\"og:description\" content=\"Este tipo no para, y por mi que no lo haga durante mucho tiempo. En fin, resulta que Guillermo del Toro, uno de los maestros del cine de calidad de terror moderno, ha concedido una entrevista a la gente de SciFi y ha comentado unos cuantos detalles acerca de una serie de televisi&oacute;n que est&aacute; [&hellip;]\" \/>\n<meta property=\"og:url\" content=\"https:\/\/www.uruloki.org\/felipeblog\/cine-de-terror\/guillermo-del-toro-hace-tele-uwe-boll-contraataca-y-smith-y-willis-me-confunden\" \/>\n<meta property=\"og:site_name\" content=\"Uruloki :: Blog\" \/>\n<meta property=\"article:publisher\" content=\"https:\/\/www.facebook.com\/uruloki.org\" \/>\n<meta property=\"article:published_time\" content=\"2006-10-03T05:58:43+00:00\" \/>\n<meta property=\"article:modified_time\" content=\"2009-08-02T13:49:56+00:00\" \/>\n<meta property=\"og:image\" content=\"https:\/\/uruloki.org\/felipeblog\/imagesflickr\/259016462_8c7e4f44b4_o.jpg\" \/>\n<meta name=\"author\" content=\"Uruloki\" \/>\n<meta name=\"twitter:card\" content=\"summary_large_image\" \/>\n<meta name=\"twitter:creator\" content=\"@uruloki\" \/>\n<meta name=\"twitter:site\" content=\"@uruloki\" \/>\n<meta name=\"twitter:label1\" content=\"Escrito por\" \/>\n\t<meta name=\"twitter:data1\" content=\"Uruloki\" \/>\n\t<meta name=\"twitter:label2\" content=\"Tiempo de lectura\" \/>\n\t<meta name=\"twitter:data2\" content=\"3 minutos\" \/>\n<script type=\"application\/ld+json\" class=\"yoast-schema-graph\">{\"@context\":\"https:\/\/schema.org\",\"@graph\":[{\"@type\":\"WebPage\",\"@id\":\"https:\/\/www.uruloki.org\/felipeblog\/cine-de-terror\/guillermo-del-toro-hace-tele-uwe-boll-contraataca-y-smith-y-willis-me-confunden\",\"url\":\"https:\/\/www.uruloki.org\/felipeblog\/cine-de-terror\/guillermo-del-toro-hace-tele-uwe-boll-contraataca-y-smith-y-willis-me-confunden\",\"name\":\"Guillermo del Toro hace tele, Uwe Boll contraataca y Smith y Willis me confunden... - Uruloki :: Blog\",\"isPartOf\":{\"@id\":\"https:\/\/www.uruloki.org\/felipeblog\/#website\"},\"primaryImageOfPage\":{\"@id\":\"https:\/\/www.uruloki.org\/felipeblog\/cine-de-terror\/guillermo-del-toro-hace-tele-uwe-boll-contraataca-y-smith-y-willis-me-confunden#primaryimage\"},\"image\":{\"@id\":\"https:\/\/www.uruloki.org\/felipeblog\/cine-de-terror\/guillermo-del-toro-hace-tele-uwe-boll-contraataca-y-smith-y-willis-me-confunden#primaryimage\"},\"thumbnailUrl\":\"https:\/\/uruloki.org\/felipeblog\/imagesflickr\/259016462_8c7e4f44b4_o.jpg\",\"datePublished\":\"2006-10-03T05:58:43+00:00\",\"dateModified\":\"2009-08-02T13:49:56+00:00\",\"author\":{\"@id\":\"https:\/\/www.uruloki.org\/felipeblog\/#\/schema\/person\/ddba06ddaa27edf0c370460d05c51bb3\"},\"breadcrumb\":{\"@id\":\"https:\/\/www.uruloki.org\/felipeblog\/cine-de-terror\/guillermo-del-toro-hace-tele-uwe-boll-contraataca-y-smith-y-willis-me-confunden#breadcrumb\"},\"inLanguage\":\"es\",\"potentialAction\":[{\"@type\":\"ReadAction\",\"target\":[\"https:\/\/www.uruloki.org\/felipeblog\/cine-de-terror\/guillermo-del-toro-hace-tele-uwe-boll-contraataca-y-smith-y-willis-me-confunden\"]}]},{\"@type\":\"ImageObject\",\"inLanguage\":\"es\",\"@id\":\"https:\/\/www.uruloki.org\/felipeblog\/cine-de-terror\/guillermo-del-toro-hace-tele-uwe-boll-contraataca-y-smith-y-willis-me-confunden#primaryimage\",\"url\":\"https:\/\/uruloki.org\/felipeblog\/imagesflickr\/259016462_8c7e4f44b4_o.jpg\",\"contentUrl\":\"https:\/\/uruloki.org\/felipeblog\/imagesflickr\/259016462_8c7e4f44b4_o.jpg\"},{\"@type\":\"BreadcrumbList\",\"@id\":\"https:\/\/www.uruloki.org\/felipeblog\/cine-de-terror\/guillermo-del-toro-hace-tele-uwe-boll-contraataca-y-smith-y-willis-me-confunden#breadcrumb\",\"itemListElement\":[{\"@type\":\"ListItem\",\"position\":1,\"name\":\"Portada\",\"item\":\"https:\/\/www.uruloki.org\/felipeblog\"},{\"@type\":\"ListItem\",\"position\":2,\"name\":\"Guillermo del Toro hace tele, Uwe Boll contraataca y Smith y Willis me confunden&#8230;\"}]},{\"@type\":\"WebSite\",\"@id\":\"https:\/\/www.uruloki.org\/felipeblog\/#website\",\"url\":\"https:\/\/www.uruloki.org\/felipeblog\/\",\"name\":\"Uruloki :: Blog\",\"description\":\"Blog de cine, terror, ciencia ficci\u00f3n, fantas\u00eda y c\u00f3mics\",\"potentialAction\":[{\"@type\":\"SearchAction\",\"target\":{\"@type\":\"EntryPoint\",\"urlTemplate\":\"https:\/\/www.uruloki.org\/felipeblog\/?s={search_term_string}\"},\"query-input\":{\"@type\":\"PropertyValueSpecification\",\"valueRequired\":true,\"valueName\":\"search_term_string\"}}],\"inLanguage\":\"es\"},{\"@type\":\"Person\",\"@id\":\"https:\/\/www.uruloki.org\/felipeblog\/#\/schema\/person\/ddba06ddaa27edf0c370460d05c51bb3\",\"name\":\"Uruloki\",\"image\":{\"@type\":\"ImageObject\",\"inLanguage\":\"es\",\"@id\":\"https:\/\/www.uruloki.org\/felipeblog\/#\/schema\/person\/image\/\",\"url\":\"https:\/\/secure.gravatar.com\/avatar\/68d5301c5f52ba88fd63f02c75b8c4d1b3c3fc4b21e2998a1e98c4b3a54d9f7c?s=96&d=mm&r=g\",\"contentUrl\":\"https:\/\/secure.gravatar.com\/avatar\/68d5301c5f52ba88fd63f02c75b8c4d1b3c3fc4b21e2998a1e98c4b3a54d9f7c?s=96&d=mm&r=g\",\"caption\":\"Uruloki\"},\"sameAs\":[\"https:\/\/uruloki.org\"],\"url\":\"https:\/\/www.uruloki.org\/felipeblog\/author\/admin-2-2-2\"}]}<\/script>\n<!-- \/ Yoast SEO plugin. -->","yoast_head_json":{"title":"Guillermo del Toro hace tele, Uwe Boll contraataca y Smith y Willis me confunden... - Uruloki :: Blog","robots":{"index":"index","follow":"follow","max-snippet":"max-snippet:-1","max-image-preview":"max-image-preview:large","max-video-preview":"max-video-preview:-1"},"canonical":"https:\/\/www.uruloki.org\/felipeblog\/cine-de-terror\/guillermo-del-toro-hace-tele-uwe-boll-contraataca-y-smith-y-willis-me-confunden","og_locale":"es_ES","og_type":"article","og_title":"Guillermo del Toro hace tele, Uwe Boll contraataca y Smith y Willis me confunden... - Uruloki :: Blog","og_description":"Este tipo no para, y por mi que no lo haga durante mucho tiempo. En fin, resulta que Guillermo del Toro, uno de los maestros del cine de calidad de terror moderno, ha concedido una entrevista a la gente de SciFi y ha comentado unos cuantos detalles acerca de una serie de televisi&oacute;n que est&aacute; [&hellip;]","og_url":"https:\/\/www.uruloki.org\/felipeblog\/cine-de-terror\/guillermo-del-toro-hace-tele-uwe-boll-contraataca-y-smith-y-willis-me-confunden","og_site_name":"Uruloki :: Blog","article_publisher":"https:\/\/www.facebook.com\/uruloki.org","article_published_time":"2006-10-03T05:58:43+00:00","article_modified_time":"2009-08-02T13:49:56+00:00","og_image":[{"url":"https:\/\/uruloki.org\/felipeblog\/imagesflickr\/259016462_8c7e4f44b4_o.jpg","type":"","width":"","height":""}],"author":"Uruloki","twitter_card":"summary_large_image","twitter_creator":"@uruloki","twitter_site":"@uruloki","twitter_misc":{"Escrito por":"Uruloki","Tiempo de lectura":"3 minutos"},"schema":{"@context":"https:\/\/schema.org","@graph":[{"@type":"WebPage","@id":"https:\/\/www.uruloki.org\/felipeblog\/cine-de-terror\/guillermo-del-toro-hace-tele-uwe-boll-contraataca-y-smith-y-willis-me-confunden","url":"https:\/\/www.uruloki.org\/felipeblog\/cine-de-terror\/guillermo-del-toro-hace-tele-uwe-boll-contraataca-y-smith-y-willis-me-confunden","name":"Guillermo del Toro hace tele, Uwe Boll contraataca y Smith y Willis me confunden... - Uruloki :: Blog","isPartOf":{"@id":"https:\/\/www.uruloki.org\/felipeblog\/#website"},"primaryImageOfPage":{"@id":"https:\/\/www.uruloki.org\/felipeblog\/cine-de-terror\/guillermo-del-toro-hace-tele-uwe-boll-contraataca-y-smith-y-willis-me-confunden#primaryimage"},"image":{"@id":"https:\/\/www.uruloki.org\/felipeblog\/cine-de-terror\/guillermo-del-toro-hace-tele-uwe-boll-contraataca-y-smith-y-willis-me-confunden#primaryimage"},"thumbnailUrl":"https:\/\/uruloki.org\/felipeblog\/imagesflickr\/259016462_8c7e4f44b4_o.jpg","datePublished":"2006-10-03T05:58:43+00:00","dateModified":"2009-08-02T13:49:56+00:00","author":{"@id":"https:\/\/www.uruloki.org\/felipeblog\/#\/schema\/person\/ddba06ddaa27edf0c370460d05c51bb3"},"breadcrumb":{"@id":"https:\/\/www.uruloki.org\/felipeblog\/cine-de-terror\/guillermo-del-toro-hace-tele-uwe-boll-contraataca-y-smith-y-willis-me-confunden#breadcrumb"},"inLanguage":"es","potentialAction":[{"@type":"ReadAction","target":["https:\/\/www.uruloki.org\/felipeblog\/cine-de-terror\/guillermo-del-toro-hace-tele-uwe-boll-contraataca-y-smith-y-willis-me-confunden"]}]},{"@type":"ImageObject","inLanguage":"es","@id":"https:\/\/www.uruloki.org\/felipeblog\/cine-de-terror\/guillermo-del-toro-hace-tele-uwe-boll-contraataca-y-smith-y-willis-me-confunden#primaryimage","url":"https:\/\/uruloki.org\/felipeblog\/imagesflickr\/259016462_8c7e4f44b4_o.jpg","contentUrl":"https:\/\/uruloki.org\/felipeblog\/imagesflickr\/259016462_8c7e4f44b4_o.jpg"},{"@type":"BreadcrumbList","@id":"https:\/\/www.uruloki.org\/felipeblog\/cine-de-terror\/guillermo-del-toro-hace-tele-uwe-boll-contraataca-y-smith-y-willis-me-confunden#breadcrumb","itemListElement":[{"@type":"ListItem","position":1,"name":"Portada","item":"https:\/\/www.uruloki.org\/felipeblog"},{"@type":"ListItem","position":2,"name":"Guillermo del Toro hace tele, Uwe Boll contraataca y Smith y Willis me confunden&#8230;"}]},{"@type":"WebSite","@id":"https:\/\/www.uruloki.org\/felipeblog\/#website","url":"https:\/\/www.uruloki.org\/felipeblog\/","name":"Uruloki :: Blog","description":"Blog de cine, terror, ciencia ficci\u00f3n, fantas\u00eda y c\u00f3mics","potentialAction":[{"@type":"SearchAction","target":{"@type":"EntryPoint","urlTemplate":"https:\/\/www.uruloki.org\/felipeblog\/?s={search_term_string}"},"query-input":{"@type":"PropertyValueSpecification","valueRequired":true,"valueName":"search_term_string"}}],"inLanguage":"es"},{"@type":"Person","@id":"https:\/\/www.uruloki.org\/felipeblog\/#\/schema\/person\/ddba06ddaa27edf0c370460d05c51bb3","name":"Uruloki","image":{"@type":"ImageObject","inLanguage":"es","@id":"https:\/\/www.uruloki.org\/felipeblog\/#\/schema\/person\/image\/","url":"https:\/\/secure.gravatar.com\/avatar\/68d5301c5f52ba88fd63f02c75b8c4d1b3c3fc4b21e2998a1e98c4b3a54d9f7c?s=96&d=mm&r=g","contentUrl":"https:\/\/secure.gravatar.com\/avatar\/68d5301c5f52ba88fd63f02c75b8c4d1b3c3fc4b21e2998a1e98c4b3a54d9f7c?s=96&d=mm&r=g","caption":"Uruloki"},"sameAs":["https:\/\/uruloki.org"],"url":"https:\/\/www.uruloki.org\/felipeblog\/author\/admin-2-2-2"}]}},"_links":{"self":[{"href":"https:\/\/www.uruloki.org\/felipeblog\/wp-json\/wp\/v2\/posts\/789","targetHints":{"allow":["GET"]}}],"collection":[{"href":"https:\/\/www.uruloki.org\/felipeblog\/wp-json\/wp\/v2\/posts"}],"about":[{"href":"https:\/\/www.uruloki.org\/felipeblog\/wp-json\/wp\/v2\/types\/post"}],"author":[{"embeddable":true,"href":"https:\/\/www.uruloki.org\/felipeblog\/wp-json\/wp\/v2\/users\/28"}],"replies":[{"embeddable":true,"href":"https:\/\/www.uruloki.org\/felipeblog\/wp-json\/wp\/v2\/comments?post=789"}],"version-history":[{"count":1,"href":"https:\/\/www.uruloki.org\/felipeblog\/wp-json\/wp\/v2\/posts\/789\/revisions"}],"predecessor-version":[{"id":2940,"href":"https:\/\/www.uruloki.org\/felipeblog\/wp-json\/wp\/v2\/posts\/789\/revisions\/2940"}],"wp:attachment":[{"href":"https:\/\/www.uruloki.org\/felipeblog\/wp-json\/wp\/v2\/media?parent=789"}],"wp:term":[{"taxonomy":"category","embeddable":true,"href":"https:\/\/www.uruloki.org\/felipeblog\/wp-json\/wp\/v2\/categories?post=789"},{"taxonomy":"post_tag","embeddable":true,"href":"https:\/\/www.uruloki.org\/felipeblog\/wp-json\/wp\/v2\/tags?post=789"}],"curies":[{"name":"wp","href":"https:\/\/api.w.org\/{rel}","templated":true}]}}