{"id":7709,"date":"2012-05-02T09:16:59","date_gmt":"2012-05-02T07:16:59","guid":{"rendered":"https:\/\/uruloki.org\/felipeblog\/?p=7709"},"modified":"2012-05-02T09:21:29","modified_gmt":"2012-05-02T07:21:29","slug":"25-aos-de-la-librera-komic","status":"publish","type":"post","link":"https:\/\/www.uruloki.org\/felipeblog\/personalisimo\/25-aos-de-la-librera-komic","title":{"rendered":"25 a&ntilde;os de la librer&iacute;a Komic: &quot;O Pobre Tolo&quot;&#8230;"},"content":{"rendered":"<p>Llegan novedades sobre los nuevos eventos que la <strong>Librer&iacute;a Komic<\/strong> (<a href=\"http:\/\/www.komic.es\" target=\"_blank\">komic.es<\/a>) pone en marcha para este <strong>25 aniversario de su fundaci&oacute;n<\/strong>, echad un vistazo a este <a href=\"http:\/\/ccaa.elpais.com\/ccaa\/2012\/04\/16\/galicia\/1334598290_685298.html\" target=\"_blank\">art&iacute;culo de El Pa&iacute;s sobre la tienda de Xos&eacute; Barreiro y su mujer Ana Manteca<\/a>. El pr&oacute;ximo 3 de mayo tendr&aacute; lugar la presentaci&oacute;n de<strong> &quot;O Pobre Tolo&quot;<\/strong>, obra de nuevo cu&ntilde;o que nace al amparo de la librer&iacute;a <strong>Komic<\/strong> y la <strong>editorial Demo<\/strong>, creada por los autores <strong>Iv&aacute;n Su&aacute;rez<\/strong> e <strong>Inacio Vilari&ntilde;o<\/strong> y basada en la vida de <strong>Castelao<\/strong>. Adem&aacute;s, con<strong> &quot;O Pobre Tolo&quot;<\/strong> se pone en marcha un ciclo de obras autoconclusivas donde se tratar&aacute;n diferentes aspectos de la vida del polifac&eacute;tico y emblem&aacute;tico autor de Rianxo. Por lo tanto, con motivo del lanzamiento de la obra, el pr&oacute;ximo jueves tendr&aacute; lugar la presentaci&oacute;n de la misma al p&uacute;blico en la <strong>Librer&iacute;a Komic<\/strong> (<em>San Pedro de Mezonzo, 34 &#8211; Santiago de Compostela<\/em>) con la presencia de los autores. Al d&iacute;a siguiente, el 4, se inaugurar&aacute; la exposici&oacute;n de originales de esta obra en el <strong>Centro Sociocultural del Ensanche<\/strong> (<em>Fray Rosendo Salvado, 14-16 Bajo &#8211; Santiago de Compostela<\/em>). <a href=\"https:\/\/uruloki.org\/felipeblog\/images2012-1\/20120430_programakomic.jpg\" target=\"_blank\" onclick=\"return false;\" rel=\"shadowbox\">Todo el programa para los eventos que prepara Komic lo ten&eacute;is aqu&iacute; mismo<\/a>.<\/p>\n<p class=\"centrado\"><img loading=\"lazy\" decoding=\"async\" src=\"https:\/\/uruloki.org\/felipeblog\/images2012-1\/20120430_posterkomic.jpg\" alt=\"Cartel del evento &quot;O Pobre Tolo&quot;\" width=\"450\" height=\"636\" \/><br \/>\n<em>Cartel del evento &quot;O Pobre Tolo&quot;<\/em><\/p>\n<p><strong>&quot;O Pobre Tolo&quot;<\/strong><\/p>\n<p>Corre el a&ntilde;o 1934, Castelao es desterrado a Badajoz debido a su actividad pol&iacute;tica. En aquella ciudad se sentir&aacute; un extra&ntilde;o, aunque esta situaci&oacute;n no le impedir&aacute; conocer a otros gallegos que all&iacute; viven, ni interesarse por la situaci&oacute;n social de Extremadura. En sus viajes a Portugal adquiere un ejemplar de la obra &quot;O Pobre Tolo&quot;, de Teixeira de Pascoaes, que marcar&aacute; esta etapa de su vida, previa  a su exilio tras la Guerra Civil y fundamental para entender muchas de sus ideas.<\/p>\n<p><strong>Sobre los autores<\/strong><\/p>\n<p><strong>Inacio Vilari&ntilde;o<\/strong> (Lal&iacute;n 1974). Licenciado en Bellas Artes por la Universidad de Vigo. Despu&eacute;s de una d&eacute;cada dedicado al teatro, comenz&oacute; en el 2003 a escribir y adaptar para la escena textos dram&aacute;ticos, que representa con la compa&ntilde;&iacute;a Fantoches Baj. En 2008 edit&oacute; con Ba&iacute;a el libro ilustrado <strong>&quot;T&iacute;o Miseria&quot;<\/strong>. En 2009 y 2010 recibi&oacute; el <strong>Premio Barriga Verde de Textos para Monicreques<\/strong>, en las modalidades de adultos e infantil, por las obras <strong>&quot;Auga que non vas beber&#8230;&quot;<\/strong> e <strong>&quot;F&aacute;bula gal&eacute;nica&quot;<\/strong>. En 2011 obtuvo, con <strong>Iv&aacute;n Su&aacute;rez<\/strong>, el <strong>Premio Castelao de Banda Dese&ntilde;ada<\/strong> por la obra <strong>&quot;Tito&aacute;n&quot;<\/strong>. Muy interesado por la cultura popular, es miembro colaborador del instituto de Estudios de Literatura Tradicional de la Universidad Nueva de Lisboa.<\/p>\n<p><strong>Iv&aacute;n Su&aacute;rez<\/strong> (Santiago de Compostela, 1973). Es licenciado en Bellas Artes por la Universidad de Vigo y curs&oacute; estudios de realizaci&oacute;n y producci&oacute;n en la escuela IDEAP de Barcelona. En 1996 recibi&oacute; un acc&eacute;sit en el Certame Ourense de Banda Dese&ntilde;ada, y dos a&ntilde;os despu&eacute;s el <strong>2&ordm; Premio en el Concurso de Banda Dese&ntilde;ada Xuventude 98<\/strong>. Altern&oacute; su trabajo como dise&ntilde;ador con la ilustraci&oacute;n infantil y juvenil; realiz&oacute; as&iacute; libros para Kalandraka y Oqo Editora (<strong>&quot;Co vento de cara&quot;<\/strong> o <strong>&quot;Palabra de crocodilo&quot;<\/strong>). En 2008 comenz&oacute; a formar parte del personal de Oqo Editora y realiz&oacute; a su primera incursi&oacute;n en la animaci&oacute;n. Ese mismo a&ntilde;o public&oacute; en Polaquia, con gui&oacute;n de <strong>Kike Benlloch<\/strong>, el &aacute;lbum <strong>&quot;Rara avis&quot;<\/strong>. En 2011 obtuvo el <strong>Premio Castelao de banda Dese&ntilde;ada<\/strong> por <strong>&quot;Tito&aacute;n&quot;<\/strong>.<\/p>\n<p><strong class=\"nota\">&nbsp;NOTA&nbsp;<\/strong> Otro evento que se programa para este 25&ordm; aniversario es el que protagonizar&aacute; Xos&eacute; Barreiro a.k.a P&iacute;o junto a la <a href=\"https:\/\/www.facebook.com\/banda.aparte.1\" target=\"_blank\">Banda Aparte<\/a>. Tocar&aacute;n en un concierto especial como teloneros de <strong>The Sweet Vandals<\/strong>! El concierto tendr&aacute; lugar en la <strong>Sala Capitol el 11 de mayo a las 20:30<\/strong>. <a href=\"https:\/\/uruloki.org\/felipeblog\/images2012-1\/20120430_conciertokomic.jpg\" target=\"_blank\" onclick=\"return false;\" rel=\"shadowbox\">Aqu&iacute; el p&oacute;ster del concierto<\/a>!<\/p>\n","protected":false},"excerpt":{"rendered":"<p>Llegan novedades sobre los nuevos eventos que la Librer&iacute;a Komic (komic.es) pone en marcha para este 25 aniversario de su fundaci&oacute;n, echad un vistazo a este art&iacute;culo de El Pa&iacute;s sobre la tienda de Xos&eacute; Barreiro y su mujer Ana Manteca. El pr&oacute;ximo 3 de mayo tendr&aacute; lugar la presentaci&oacute;n de &quot;O Pobre Tolo&quot;, obra [&hellip;]<\/p>\n","protected":false},"author":28,"featured_media":0,"comment_status":"open","ping_status":"open","sticky":false,"template":"","format":"standard","meta":{"footnotes":""},"categories":[13,4],"tags":[],"class_list":["post-7709","post","type-post","status-publish","format-standard","hentry","category-cmics","category-personalisimo"],"yoast_head":"<!-- This site is optimized with the Yoast SEO plugin v24.3 - https:\/\/yoast.com\/wordpress\/plugins\/seo\/ -->\n<title>25 a&ntilde;os de la librer&iacute;a Komic: &quot;O Pobre Tolo&quot;... - Uruloki :: Blog<\/title>\n<meta name=\"robots\" content=\"index, follow, max-snippet:-1, max-image-preview:large, max-video-preview:-1\" \/>\n<link rel=\"canonical\" href=\"https:\/\/www.uruloki.org\/felipeblog\/personalisimo\/25-aos-de-la-librera-komic\" \/>\n<meta property=\"og:locale\" content=\"es_ES\" \/>\n<meta property=\"og:type\" content=\"article\" \/>\n<meta property=\"og:title\" content=\"25 a&ntilde;os de la librer&iacute;a Komic: &quot;O Pobre Tolo&quot;... - Uruloki :: Blog\" \/>\n<meta property=\"og:description\" content=\"Llegan novedades sobre los nuevos eventos que la Librer&iacute;a Komic (komic.es) pone en marcha para este 25 aniversario de su fundaci&oacute;n, echad un vistazo a este art&iacute;culo de El Pa&iacute;s sobre la tienda de Xos&eacute; Barreiro y su mujer Ana Manteca. El pr&oacute;ximo 3 de mayo tendr&aacute; lugar la presentaci&oacute;n de &quot;O Pobre Tolo&quot;, obra [&hellip;]\" \/>\n<meta property=\"og:url\" content=\"https:\/\/www.uruloki.org\/felipeblog\/personalisimo\/25-aos-de-la-librera-komic\" \/>\n<meta property=\"og:site_name\" content=\"Uruloki :: Blog\" \/>\n<meta property=\"article:publisher\" content=\"https:\/\/www.facebook.com\/uruloki.org\" \/>\n<meta property=\"article:published_time\" content=\"2012-05-02T07:16:59+00:00\" \/>\n<meta property=\"article:modified_time\" content=\"2012-05-02T07:21:29+00:00\" \/>\n<meta property=\"og:image\" content=\"https:\/\/uruloki.org\/felipeblog\/images2012-1\/20120430_posterkomic.jpg\" \/>\n<meta name=\"author\" content=\"Uruloki\" \/>\n<meta name=\"twitter:card\" content=\"summary_large_image\" \/>\n<meta name=\"twitter:creator\" content=\"@uruloki\" \/>\n<meta name=\"twitter:site\" content=\"@uruloki\" \/>\n<meta name=\"twitter:label1\" content=\"Escrito por\" \/>\n\t<meta name=\"twitter:data1\" content=\"Uruloki\" \/>\n\t<meta name=\"twitter:label2\" content=\"Tiempo de lectura\" \/>\n\t<meta name=\"twitter:data2\" content=\"4 minutos\" \/>\n<script type=\"application\/ld+json\" class=\"yoast-schema-graph\">{\"@context\":\"https:\/\/schema.org\",\"@graph\":[{\"@type\":\"WebPage\",\"@id\":\"https:\/\/www.uruloki.org\/felipeblog\/personalisimo\/25-aos-de-la-librera-komic\",\"url\":\"https:\/\/www.uruloki.org\/felipeblog\/personalisimo\/25-aos-de-la-librera-komic\",\"name\":\"25 a&ntilde;os de la librer&iacute;a Komic: &quot;O Pobre Tolo&quot;... - Uruloki :: Blog\",\"isPartOf\":{\"@id\":\"https:\/\/www.uruloki.org\/felipeblog\/#website\"},\"primaryImageOfPage\":{\"@id\":\"https:\/\/www.uruloki.org\/felipeblog\/personalisimo\/25-aos-de-la-librera-komic#primaryimage\"},\"image\":{\"@id\":\"https:\/\/www.uruloki.org\/felipeblog\/personalisimo\/25-aos-de-la-librera-komic#primaryimage\"},\"thumbnailUrl\":\"https:\/\/uruloki.org\/felipeblog\/images2012-1\/20120430_posterkomic.jpg\",\"datePublished\":\"2012-05-02T07:16:59+00:00\",\"dateModified\":\"2012-05-02T07:21:29+00:00\",\"author\":{\"@id\":\"https:\/\/www.uruloki.org\/felipeblog\/#\/schema\/person\/ddba06ddaa27edf0c370460d05c51bb3\"},\"breadcrumb\":{\"@id\":\"https:\/\/www.uruloki.org\/felipeblog\/personalisimo\/25-aos-de-la-librera-komic#breadcrumb\"},\"inLanguage\":\"es\",\"potentialAction\":[{\"@type\":\"ReadAction\",\"target\":[\"https:\/\/www.uruloki.org\/felipeblog\/personalisimo\/25-aos-de-la-librera-komic\"]}]},{\"@type\":\"ImageObject\",\"inLanguage\":\"es\",\"@id\":\"https:\/\/www.uruloki.org\/felipeblog\/personalisimo\/25-aos-de-la-librera-komic#primaryimage\",\"url\":\"https:\/\/uruloki.org\/felipeblog\/images2012-1\/20120430_posterkomic.jpg\",\"contentUrl\":\"https:\/\/uruloki.org\/felipeblog\/images2012-1\/20120430_posterkomic.jpg\"},{\"@type\":\"BreadcrumbList\",\"@id\":\"https:\/\/www.uruloki.org\/felipeblog\/personalisimo\/25-aos-de-la-librera-komic#breadcrumb\",\"itemListElement\":[{\"@type\":\"ListItem\",\"position\":1,\"name\":\"Portada\",\"item\":\"https:\/\/www.uruloki.org\/felipeblog\"},{\"@type\":\"ListItem\",\"position\":2,\"name\":\"25 a&ntilde;os de la librer&iacute;a Komic: &quot;O Pobre Tolo&quot;&#8230;\"}]},{\"@type\":\"WebSite\",\"@id\":\"https:\/\/www.uruloki.org\/felipeblog\/#website\",\"url\":\"https:\/\/www.uruloki.org\/felipeblog\/\",\"name\":\"Uruloki :: Blog\",\"description\":\"Blog de cine, terror, ciencia ficci\u00f3n, fantas\u00eda y c\u00f3mics\",\"potentialAction\":[{\"@type\":\"SearchAction\",\"target\":{\"@type\":\"EntryPoint\",\"urlTemplate\":\"https:\/\/www.uruloki.org\/felipeblog\/?s={search_term_string}\"},\"query-input\":{\"@type\":\"PropertyValueSpecification\",\"valueRequired\":true,\"valueName\":\"search_term_string\"}}],\"inLanguage\":\"es\"},{\"@type\":\"Person\",\"@id\":\"https:\/\/www.uruloki.org\/felipeblog\/#\/schema\/person\/ddba06ddaa27edf0c370460d05c51bb3\",\"name\":\"Uruloki\",\"image\":{\"@type\":\"ImageObject\",\"inLanguage\":\"es\",\"@id\":\"https:\/\/www.uruloki.org\/felipeblog\/#\/schema\/person\/image\/\",\"url\":\"https:\/\/secure.gravatar.com\/avatar\/68d5301c5f52ba88fd63f02c75b8c4d1b3c3fc4b21e2998a1e98c4b3a54d9f7c?s=96&d=mm&r=g\",\"contentUrl\":\"https:\/\/secure.gravatar.com\/avatar\/68d5301c5f52ba88fd63f02c75b8c4d1b3c3fc4b21e2998a1e98c4b3a54d9f7c?s=96&d=mm&r=g\",\"caption\":\"Uruloki\"},\"sameAs\":[\"https:\/\/uruloki.org\"],\"url\":\"https:\/\/www.uruloki.org\/felipeblog\/author\/admin-2-2-2\"}]}<\/script>\n<!-- \/ Yoast SEO plugin. -->","yoast_head_json":{"title":"25 a&ntilde;os de la librer&iacute;a Komic: &quot;O Pobre Tolo&quot;... - Uruloki :: Blog","robots":{"index":"index","follow":"follow","max-snippet":"max-snippet:-1","max-image-preview":"max-image-preview:large","max-video-preview":"max-video-preview:-1"},"canonical":"https:\/\/www.uruloki.org\/felipeblog\/personalisimo\/25-aos-de-la-librera-komic","og_locale":"es_ES","og_type":"article","og_title":"25 a&ntilde;os de la librer&iacute;a Komic: &quot;O Pobre Tolo&quot;... - Uruloki :: Blog","og_description":"Llegan novedades sobre los nuevos eventos que la Librer&iacute;a Komic (komic.es) pone en marcha para este 25 aniversario de su fundaci&oacute;n, echad un vistazo a este art&iacute;culo de El Pa&iacute;s sobre la tienda de Xos&eacute; Barreiro y su mujer Ana Manteca. El pr&oacute;ximo 3 de mayo tendr&aacute; lugar la presentaci&oacute;n de &quot;O Pobre Tolo&quot;, obra [&hellip;]","og_url":"https:\/\/www.uruloki.org\/felipeblog\/personalisimo\/25-aos-de-la-librera-komic","og_site_name":"Uruloki :: Blog","article_publisher":"https:\/\/www.facebook.com\/uruloki.org","article_published_time":"2012-05-02T07:16:59+00:00","article_modified_time":"2012-05-02T07:21:29+00:00","og_image":[{"url":"https:\/\/uruloki.org\/felipeblog\/images2012-1\/20120430_posterkomic.jpg","type":"","width":"","height":""}],"author":"Uruloki","twitter_card":"summary_large_image","twitter_creator":"@uruloki","twitter_site":"@uruloki","twitter_misc":{"Escrito por":"Uruloki","Tiempo de lectura":"4 minutos"},"schema":{"@context":"https:\/\/schema.org","@graph":[{"@type":"WebPage","@id":"https:\/\/www.uruloki.org\/felipeblog\/personalisimo\/25-aos-de-la-librera-komic","url":"https:\/\/www.uruloki.org\/felipeblog\/personalisimo\/25-aos-de-la-librera-komic","name":"25 a&ntilde;os de la librer&iacute;a Komic: &quot;O Pobre Tolo&quot;... - Uruloki :: Blog","isPartOf":{"@id":"https:\/\/www.uruloki.org\/felipeblog\/#website"},"primaryImageOfPage":{"@id":"https:\/\/www.uruloki.org\/felipeblog\/personalisimo\/25-aos-de-la-librera-komic#primaryimage"},"image":{"@id":"https:\/\/www.uruloki.org\/felipeblog\/personalisimo\/25-aos-de-la-librera-komic#primaryimage"},"thumbnailUrl":"https:\/\/uruloki.org\/felipeblog\/images2012-1\/20120430_posterkomic.jpg","datePublished":"2012-05-02T07:16:59+00:00","dateModified":"2012-05-02T07:21:29+00:00","author":{"@id":"https:\/\/www.uruloki.org\/felipeblog\/#\/schema\/person\/ddba06ddaa27edf0c370460d05c51bb3"},"breadcrumb":{"@id":"https:\/\/www.uruloki.org\/felipeblog\/personalisimo\/25-aos-de-la-librera-komic#breadcrumb"},"inLanguage":"es","potentialAction":[{"@type":"ReadAction","target":["https:\/\/www.uruloki.org\/felipeblog\/personalisimo\/25-aos-de-la-librera-komic"]}]},{"@type":"ImageObject","inLanguage":"es","@id":"https:\/\/www.uruloki.org\/felipeblog\/personalisimo\/25-aos-de-la-librera-komic#primaryimage","url":"https:\/\/uruloki.org\/felipeblog\/images2012-1\/20120430_posterkomic.jpg","contentUrl":"https:\/\/uruloki.org\/felipeblog\/images2012-1\/20120430_posterkomic.jpg"},{"@type":"BreadcrumbList","@id":"https:\/\/www.uruloki.org\/felipeblog\/personalisimo\/25-aos-de-la-librera-komic#breadcrumb","itemListElement":[{"@type":"ListItem","position":1,"name":"Portada","item":"https:\/\/www.uruloki.org\/felipeblog"},{"@type":"ListItem","position":2,"name":"25 a&ntilde;os de la librer&iacute;a Komic: &quot;O Pobre Tolo&quot;&#8230;"}]},{"@type":"WebSite","@id":"https:\/\/www.uruloki.org\/felipeblog\/#website","url":"https:\/\/www.uruloki.org\/felipeblog\/","name":"Uruloki :: Blog","description":"Blog de cine, terror, ciencia ficci\u00f3n, fantas\u00eda y c\u00f3mics","potentialAction":[{"@type":"SearchAction","target":{"@type":"EntryPoint","urlTemplate":"https:\/\/www.uruloki.org\/felipeblog\/?s={search_term_string}"},"query-input":{"@type":"PropertyValueSpecification","valueRequired":true,"valueName":"search_term_string"}}],"inLanguage":"es"},{"@type":"Person","@id":"https:\/\/www.uruloki.org\/felipeblog\/#\/schema\/person\/ddba06ddaa27edf0c370460d05c51bb3","name":"Uruloki","image":{"@type":"ImageObject","inLanguage":"es","@id":"https:\/\/www.uruloki.org\/felipeblog\/#\/schema\/person\/image\/","url":"https:\/\/secure.gravatar.com\/avatar\/68d5301c5f52ba88fd63f02c75b8c4d1b3c3fc4b21e2998a1e98c4b3a54d9f7c?s=96&d=mm&r=g","contentUrl":"https:\/\/secure.gravatar.com\/avatar\/68d5301c5f52ba88fd63f02c75b8c4d1b3c3fc4b21e2998a1e98c4b3a54d9f7c?s=96&d=mm&r=g","caption":"Uruloki"},"sameAs":["https:\/\/uruloki.org"],"url":"https:\/\/www.uruloki.org\/felipeblog\/author\/admin-2-2-2"}]}},"_links":{"self":[{"href":"https:\/\/www.uruloki.org\/felipeblog\/wp-json\/wp\/v2\/posts\/7709","targetHints":{"allow":["GET"]}}],"collection":[{"href":"https:\/\/www.uruloki.org\/felipeblog\/wp-json\/wp\/v2\/posts"}],"about":[{"href":"https:\/\/www.uruloki.org\/felipeblog\/wp-json\/wp\/v2\/types\/post"}],"author":[{"embeddable":true,"href":"https:\/\/www.uruloki.org\/felipeblog\/wp-json\/wp\/v2\/users\/28"}],"replies":[{"embeddable":true,"href":"https:\/\/www.uruloki.org\/felipeblog\/wp-json\/wp\/v2\/comments?post=7709"}],"version-history":[{"count":3,"href":"https:\/\/www.uruloki.org\/felipeblog\/wp-json\/wp\/v2\/posts\/7709\/revisions"}],"predecessor-version":[{"id":7722,"href":"https:\/\/www.uruloki.org\/felipeblog\/wp-json\/wp\/v2\/posts\/7709\/revisions\/7722"}],"wp:attachment":[{"href":"https:\/\/www.uruloki.org\/felipeblog\/wp-json\/wp\/v2\/media?parent=7709"}],"wp:term":[{"taxonomy":"category","embeddable":true,"href":"https:\/\/www.uruloki.org\/felipeblog\/wp-json\/wp\/v2\/categories?post=7709"},{"taxonomy":"post_tag","embeddable":true,"href":"https:\/\/www.uruloki.org\/felipeblog\/wp-json\/wp\/v2\/tags?post=7709"}],"curies":[{"name":"wp","href":"https:\/\/api.w.org\/{rel}","templated":true}]}}