{"id":7668,"date":"2012-04-25T22:25:47","date_gmt":"2012-04-25T20:25:47","guid":{"rendered":"https:\/\/uruloki.org\/felipeblog\/?p=7668"},"modified":"2012-04-25T22:25:47","modified_gmt":"2012-04-25T20:25:47","slug":"mondo-completa-la-tirada-de-los-carteles-dedicados-a-los-vengadores-con-el-capitn-amrica-thor-iron-man-y-hulk","status":"publish","type":"post","link":"https:\/\/www.uruloki.org\/felipeblog\/cine-de-comics\/mondo-completa-la-tirada-de-los-carteles-dedicados-a-los-vengadores-con-el-capitn-amrica-thor-iron-man-y-hulk","title":{"rendered":"Mondo completa la tirada de los carteles dedicados a Los Vengadores con el Capit&aacute;n Am&eacute;rica, Thor, Iron Man y Hulk&#8230;"},"content":{"rendered":"<p>Pues Mondo sigue creando escuela lanzando a la venta, ma&ntilde;ana jueves y pasado viernes, los carteles que faltaban de los personajes de <a href=\"http:\/\/www.imdb.es\/title\/tt0848228\/\" target=\"_blank\">Los Vengadores<\/a> (<em>The Avengers<\/em>, 2012) de <a href=\"http:\/\/www.imdb.es\/name\/nm0923736\/\" target=\"_blank\">Joss Whedon<\/a>. Los carteles del <strong>Capit&aacute;n Am&eacute;rica<\/strong> y <strong>Hulk<\/strong> saldr&aacute;n a la venta ma&ntilde;ana, generalmente por la tarde, los de <strong>Iron Man<\/strong> y <strong>Thor<\/strong> ver&aacute;n la luz el viernes, tambi&eacute;n por la tarde si sigue con la t&oacute;nica habitual. Como suele ocurrir tardar&aacute;n un par de minutos en agotarse, as&iacute; que si quer&eacute;is algunos, misi&oacute;n casi imposible, os recomiendo estar muy pero que muy atentos a <a href=\"https:\/\/twitter.com\/#!\/MondoNews\" target=\"_blank\">la cuenta de Mondo en Twitter<\/a>. Los precios sobre 35&euro; por p&oacute;ster, salvo la variantes que ascienden a unos 65, sumemos gastos de env&iacute;o y embalaje. Las tiradas limitad&iacute;simas, 320 carteles para unos y ciento y poco para otros. Lo dicho, durar&aacute;n lo que un caramelo a la puerta de un colegio. Recordemos que <a href=\"https:\/\/uruloki.org\/felipeblog\/cine-de-ciencia-ficcin\/catching-fire-en-llamas-tiene-al-99-amarrado-a-francis-lawrence-como-director-dos-geniales-carteles-de-los-vengadores-que-ahora-valen-una-pasta-david-s-goyer-se-vuelve-a-adentrar-en-el-mundo-de-l\">la semana pasada presentaron los carteles de la Viuda Negra y Ojo de Halc&oacute;n<\/a>.<\/p>\n<p class=\"centrado\"><img loading=\"lazy\" decoding=\"async\" src=\"https:\/\/uruloki.org\/felipeblog\/images2012-1\/20120425_captainamerica.jpg\" alt=\"P&oacute;ster Mondo de Los Vengadores: Capit&aacute;n Am&eacute;rica obra de Phantom City Creative\" width=\"450\" height=\"675\" \/><br \/>\n<em>P&oacute;ster Mondo de Los Vengadores: Capit&aacute;n Am&eacute;rica obra de Phantom City Creative <a href=\"http:\/\/www.wired.com\/underwire\/2012\/04\/captain-america-mondo\/\" target=\"_blank\">v&iacute;a Wired<\/a><\/em><\/p>\n<p class=\"centrado\"><img loading=\"lazy\" decoding=\"async\" src=\"https:\/\/uruloki.org\/felipeblog\/images2012-1\/20120425_thor.jpg\" alt=\"P&oacute;ster Mondo de Los Vengadores: Thor obra de Martin Ansin\" width=\"450\" height=\"675\" \/><br \/>\n<em>P&oacute;ster Mondo de Los Vengadores: Thor obra de Martin Ansin <a href=\"http:\/\/www.movies.com\/movie-news\/mondo-thor-poster\/7636\" target=\"_blank\">v&iacute;a Movies.com<\/a><\/em><\/p>\n<p class=\"centrado\"><img loading=\"lazy\" decoding=\"async\" src=\"https:\/\/uruloki.org\/felipeblog\/images2012-1\/20120425_ironman.jpg\" alt=\"P&oacute;ster Mondo de Los Vengadores: Iron Man obra de Kevin Tong\" width=\"450\" height=\"675\" \/><br \/>\n<em>P&oacute;ster Mondo de Los Vengadores: Iron Man obra de Kevin Tong <a href=\"http:\/\/io9.com\/5904938\/bring-home-tony-stark-with-this-amazing-avengers-art-print\" target=\"_blank\">v&iacute;a io9.com<\/a><\/em><\/p>\n<p class=\"centrado\"><img loading=\"lazy\" decoding=\"async\" src=\"https:\/\/uruloki.org\/felipeblog\/images2012-1\/20120425_hulk.jpg\" alt=\"P&oacute;ster Mondo de Los Vengadores: Hulk obra de Ken Taylor\" width=\"450\" height=\"675\" \/><br \/>\n<em>P&oacute;ster Mondo de Los Vengadores: Hulk obra de Ken Taylor <a href=\"http:\/\/badassdigest.com\/2012\/04\/25\/badass-exclusive-mondos-avengers-poster-series-continues-with-the-incredibl\/\" target=\"_blank\">v&iacute;a Badass Digest<\/a><\/em><\/p>\n","protected":false},"excerpt":{"rendered":"<p>Pues Mondo sigue creando escuela lanzando a la venta, ma&ntilde;ana jueves y pasado viernes, los carteles que faltaban de los personajes de Los Vengadores (The Avengers, 2012) de Joss Whedon. Los carteles del Capit&aacute;n Am&eacute;rica y Hulk saldr&aacute;n a la venta ma&ntilde;ana, generalmente por la tarde, los de Iron Man y Thor ver&aacute;n la luz [&hellip;]<\/p>\n","protected":false},"author":28,"featured_media":0,"comment_status":"open","ping_status":"open","sticky":false,"template":"","format":"standard","meta":{"footnotes":""},"categories":[10],"tags":[93],"class_list":["post-7668","post","type-post","status-publish","format-standard","hentry","category-cine-de-comics","tag-the-avengers"],"yoast_head":"<!-- This site is optimized with the Yoast SEO plugin v24.3 - https:\/\/yoast.com\/wordpress\/plugins\/seo\/ -->\n<title>Mondo completa la tirada de los carteles dedicados a Los Vengadores con el Capit&aacute;n Am&eacute;rica, Thor, Iron Man y Hulk... - Uruloki :: Blog<\/title>\n<meta name=\"robots\" content=\"index, follow, max-snippet:-1, max-image-preview:large, max-video-preview:-1\" \/>\n<link rel=\"canonical\" href=\"https:\/\/www.uruloki.org\/felipeblog\/cine-de-comics\/mondo-completa-la-tirada-de-los-carteles-dedicados-a-los-vengadores-con-el-capitn-amrica-thor-iron-man-y-hulk\" \/>\n<meta property=\"og:locale\" content=\"es_ES\" \/>\n<meta property=\"og:type\" content=\"article\" \/>\n<meta property=\"og:title\" content=\"Mondo completa la tirada de los carteles dedicados a Los Vengadores con el Capit&aacute;n Am&eacute;rica, Thor, Iron Man y Hulk... - Uruloki :: Blog\" \/>\n<meta property=\"og:description\" content=\"Pues Mondo sigue creando escuela lanzando a la venta, ma&ntilde;ana jueves y pasado viernes, los carteles que faltaban de los personajes de Los Vengadores (The Avengers, 2012) de Joss Whedon. Los carteles del Capit&aacute;n Am&eacute;rica y Hulk saldr&aacute;n a la venta ma&ntilde;ana, generalmente por la tarde, los de Iron Man y Thor ver&aacute;n la luz [&hellip;]\" \/>\n<meta property=\"og:url\" content=\"https:\/\/www.uruloki.org\/felipeblog\/cine-de-comics\/mondo-completa-la-tirada-de-los-carteles-dedicados-a-los-vengadores-con-el-capitn-amrica-thor-iron-man-y-hulk\" \/>\n<meta property=\"og:site_name\" content=\"Uruloki :: Blog\" \/>\n<meta property=\"article:publisher\" content=\"https:\/\/www.facebook.com\/uruloki.org\" \/>\n<meta property=\"article:published_time\" content=\"2012-04-25T20:25:47+00:00\" \/>\n<meta property=\"og:image\" content=\"https:\/\/uruloki.org\/felipeblog\/images2012-1\/20120425_captainamerica.jpg\" \/>\n<meta name=\"author\" content=\"Uruloki\" \/>\n<meta name=\"twitter:card\" content=\"summary_large_image\" \/>\n<meta name=\"twitter:creator\" content=\"@uruloki\" \/>\n<meta name=\"twitter:site\" content=\"@uruloki\" \/>\n<meta name=\"twitter:label1\" content=\"Escrito por\" \/>\n\t<meta name=\"twitter:data1\" content=\"Uruloki\" \/>\n\t<meta name=\"twitter:label2\" content=\"Tiempo de lectura\" \/>\n\t<meta name=\"twitter:data2\" content=\"1 minuto\" \/>\n<script type=\"application\/ld+json\" class=\"yoast-schema-graph\">{\"@context\":\"https:\/\/schema.org\",\"@graph\":[{\"@type\":\"WebPage\",\"@id\":\"https:\/\/www.uruloki.org\/felipeblog\/cine-de-comics\/mondo-completa-la-tirada-de-los-carteles-dedicados-a-los-vengadores-con-el-capitn-amrica-thor-iron-man-y-hulk\",\"url\":\"https:\/\/www.uruloki.org\/felipeblog\/cine-de-comics\/mondo-completa-la-tirada-de-los-carteles-dedicados-a-los-vengadores-con-el-capitn-amrica-thor-iron-man-y-hulk\",\"name\":\"Mondo completa la tirada de los carteles dedicados a Los Vengadores con el Capit&aacute;n Am&eacute;rica, Thor, Iron Man y Hulk... - Uruloki :: Blog\",\"isPartOf\":{\"@id\":\"https:\/\/www.uruloki.org\/felipeblog\/#website\"},\"primaryImageOfPage\":{\"@id\":\"https:\/\/www.uruloki.org\/felipeblog\/cine-de-comics\/mondo-completa-la-tirada-de-los-carteles-dedicados-a-los-vengadores-con-el-capitn-amrica-thor-iron-man-y-hulk#primaryimage\"},\"image\":{\"@id\":\"https:\/\/www.uruloki.org\/felipeblog\/cine-de-comics\/mondo-completa-la-tirada-de-los-carteles-dedicados-a-los-vengadores-con-el-capitn-amrica-thor-iron-man-y-hulk#primaryimage\"},\"thumbnailUrl\":\"https:\/\/uruloki.org\/felipeblog\/images2012-1\/20120425_captainamerica.jpg\",\"datePublished\":\"2012-04-25T20:25:47+00:00\",\"dateModified\":\"2012-04-25T20:25:47+00:00\",\"author\":{\"@id\":\"https:\/\/www.uruloki.org\/felipeblog\/#\/schema\/person\/ddba06ddaa27edf0c370460d05c51bb3\"},\"breadcrumb\":{\"@id\":\"https:\/\/www.uruloki.org\/felipeblog\/cine-de-comics\/mondo-completa-la-tirada-de-los-carteles-dedicados-a-los-vengadores-con-el-capitn-amrica-thor-iron-man-y-hulk#breadcrumb\"},\"inLanguage\":\"es\",\"potentialAction\":[{\"@type\":\"ReadAction\",\"target\":[\"https:\/\/www.uruloki.org\/felipeblog\/cine-de-comics\/mondo-completa-la-tirada-de-los-carteles-dedicados-a-los-vengadores-con-el-capitn-amrica-thor-iron-man-y-hulk\"]}]},{\"@type\":\"ImageObject\",\"inLanguage\":\"es\",\"@id\":\"https:\/\/www.uruloki.org\/felipeblog\/cine-de-comics\/mondo-completa-la-tirada-de-los-carteles-dedicados-a-los-vengadores-con-el-capitn-amrica-thor-iron-man-y-hulk#primaryimage\",\"url\":\"https:\/\/uruloki.org\/felipeblog\/images2012-1\/20120425_captainamerica.jpg\",\"contentUrl\":\"https:\/\/uruloki.org\/felipeblog\/images2012-1\/20120425_captainamerica.jpg\"},{\"@type\":\"BreadcrumbList\",\"@id\":\"https:\/\/www.uruloki.org\/felipeblog\/cine-de-comics\/mondo-completa-la-tirada-de-los-carteles-dedicados-a-los-vengadores-con-el-capitn-amrica-thor-iron-man-y-hulk#breadcrumb\",\"itemListElement\":[{\"@type\":\"ListItem\",\"position\":1,\"name\":\"Portada\",\"item\":\"https:\/\/www.uruloki.org\/felipeblog\"},{\"@type\":\"ListItem\",\"position\":2,\"name\":\"Mondo completa la tirada de los carteles dedicados a Los Vengadores con el Capit&aacute;n Am&eacute;rica, Thor, Iron Man y Hulk&#8230;\"}]},{\"@type\":\"WebSite\",\"@id\":\"https:\/\/www.uruloki.org\/felipeblog\/#website\",\"url\":\"https:\/\/www.uruloki.org\/felipeblog\/\",\"name\":\"Uruloki :: Blog\",\"description\":\"Blog de cine, terror, ciencia ficci\u00f3n, fantas\u00eda y c\u00f3mics\",\"potentialAction\":[{\"@type\":\"SearchAction\",\"target\":{\"@type\":\"EntryPoint\",\"urlTemplate\":\"https:\/\/www.uruloki.org\/felipeblog\/?s={search_term_string}\"},\"query-input\":{\"@type\":\"PropertyValueSpecification\",\"valueRequired\":true,\"valueName\":\"search_term_string\"}}],\"inLanguage\":\"es\"},{\"@type\":\"Person\",\"@id\":\"https:\/\/www.uruloki.org\/felipeblog\/#\/schema\/person\/ddba06ddaa27edf0c370460d05c51bb3\",\"name\":\"Uruloki\",\"image\":{\"@type\":\"ImageObject\",\"inLanguage\":\"es\",\"@id\":\"https:\/\/www.uruloki.org\/felipeblog\/#\/schema\/person\/image\/\",\"url\":\"https:\/\/secure.gravatar.com\/avatar\/68d5301c5f52ba88fd63f02c75b8c4d1b3c3fc4b21e2998a1e98c4b3a54d9f7c?s=96&d=mm&r=g\",\"contentUrl\":\"https:\/\/secure.gravatar.com\/avatar\/68d5301c5f52ba88fd63f02c75b8c4d1b3c3fc4b21e2998a1e98c4b3a54d9f7c?s=96&d=mm&r=g\",\"caption\":\"Uruloki\"},\"sameAs\":[\"https:\/\/uruloki.org\"],\"url\":\"https:\/\/www.uruloki.org\/felipeblog\/author\/admin-2-2-2\"}]}<\/script>\n<!-- \/ Yoast SEO plugin. -->","yoast_head_json":{"title":"Mondo completa la tirada de los carteles dedicados a Los Vengadores con el Capit&aacute;n Am&eacute;rica, Thor, Iron Man y Hulk... - Uruloki :: Blog","robots":{"index":"index","follow":"follow","max-snippet":"max-snippet:-1","max-image-preview":"max-image-preview:large","max-video-preview":"max-video-preview:-1"},"canonical":"https:\/\/www.uruloki.org\/felipeblog\/cine-de-comics\/mondo-completa-la-tirada-de-los-carteles-dedicados-a-los-vengadores-con-el-capitn-amrica-thor-iron-man-y-hulk","og_locale":"es_ES","og_type":"article","og_title":"Mondo completa la tirada de los carteles dedicados a Los Vengadores con el Capit&aacute;n Am&eacute;rica, Thor, Iron Man y Hulk... - Uruloki :: Blog","og_description":"Pues Mondo sigue creando escuela lanzando a la venta, ma&ntilde;ana jueves y pasado viernes, los carteles que faltaban de los personajes de Los Vengadores (The Avengers, 2012) de Joss Whedon. Los carteles del Capit&aacute;n Am&eacute;rica y Hulk saldr&aacute;n a la venta ma&ntilde;ana, generalmente por la tarde, los de Iron Man y Thor ver&aacute;n la luz [&hellip;]","og_url":"https:\/\/www.uruloki.org\/felipeblog\/cine-de-comics\/mondo-completa-la-tirada-de-los-carteles-dedicados-a-los-vengadores-con-el-capitn-amrica-thor-iron-man-y-hulk","og_site_name":"Uruloki :: Blog","article_publisher":"https:\/\/www.facebook.com\/uruloki.org","article_published_time":"2012-04-25T20:25:47+00:00","og_image":[{"url":"https:\/\/uruloki.org\/felipeblog\/images2012-1\/20120425_captainamerica.jpg","type":"","width":"","height":""}],"author":"Uruloki","twitter_card":"summary_large_image","twitter_creator":"@uruloki","twitter_site":"@uruloki","twitter_misc":{"Escrito por":"Uruloki","Tiempo de lectura":"1 minuto"},"schema":{"@context":"https:\/\/schema.org","@graph":[{"@type":"WebPage","@id":"https:\/\/www.uruloki.org\/felipeblog\/cine-de-comics\/mondo-completa-la-tirada-de-los-carteles-dedicados-a-los-vengadores-con-el-capitn-amrica-thor-iron-man-y-hulk","url":"https:\/\/www.uruloki.org\/felipeblog\/cine-de-comics\/mondo-completa-la-tirada-de-los-carteles-dedicados-a-los-vengadores-con-el-capitn-amrica-thor-iron-man-y-hulk","name":"Mondo completa la tirada de los carteles dedicados a Los Vengadores con el Capit&aacute;n Am&eacute;rica, Thor, Iron Man y Hulk... - Uruloki :: Blog","isPartOf":{"@id":"https:\/\/www.uruloki.org\/felipeblog\/#website"},"primaryImageOfPage":{"@id":"https:\/\/www.uruloki.org\/felipeblog\/cine-de-comics\/mondo-completa-la-tirada-de-los-carteles-dedicados-a-los-vengadores-con-el-capitn-amrica-thor-iron-man-y-hulk#primaryimage"},"image":{"@id":"https:\/\/www.uruloki.org\/felipeblog\/cine-de-comics\/mondo-completa-la-tirada-de-los-carteles-dedicados-a-los-vengadores-con-el-capitn-amrica-thor-iron-man-y-hulk#primaryimage"},"thumbnailUrl":"https:\/\/uruloki.org\/felipeblog\/images2012-1\/20120425_captainamerica.jpg","datePublished":"2012-04-25T20:25:47+00:00","dateModified":"2012-04-25T20:25:47+00:00","author":{"@id":"https:\/\/www.uruloki.org\/felipeblog\/#\/schema\/person\/ddba06ddaa27edf0c370460d05c51bb3"},"breadcrumb":{"@id":"https:\/\/www.uruloki.org\/felipeblog\/cine-de-comics\/mondo-completa-la-tirada-de-los-carteles-dedicados-a-los-vengadores-con-el-capitn-amrica-thor-iron-man-y-hulk#breadcrumb"},"inLanguage":"es","potentialAction":[{"@type":"ReadAction","target":["https:\/\/www.uruloki.org\/felipeblog\/cine-de-comics\/mondo-completa-la-tirada-de-los-carteles-dedicados-a-los-vengadores-con-el-capitn-amrica-thor-iron-man-y-hulk"]}]},{"@type":"ImageObject","inLanguage":"es","@id":"https:\/\/www.uruloki.org\/felipeblog\/cine-de-comics\/mondo-completa-la-tirada-de-los-carteles-dedicados-a-los-vengadores-con-el-capitn-amrica-thor-iron-man-y-hulk#primaryimage","url":"https:\/\/uruloki.org\/felipeblog\/images2012-1\/20120425_captainamerica.jpg","contentUrl":"https:\/\/uruloki.org\/felipeblog\/images2012-1\/20120425_captainamerica.jpg"},{"@type":"BreadcrumbList","@id":"https:\/\/www.uruloki.org\/felipeblog\/cine-de-comics\/mondo-completa-la-tirada-de-los-carteles-dedicados-a-los-vengadores-con-el-capitn-amrica-thor-iron-man-y-hulk#breadcrumb","itemListElement":[{"@type":"ListItem","position":1,"name":"Portada","item":"https:\/\/www.uruloki.org\/felipeblog"},{"@type":"ListItem","position":2,"name":"Mondo completa la tirada de los carteles dedicados a Los Vengadores con el Capit&aacute;n Am&eacute;rica, Thor, Iron Man y Hulk&#8230;"}]},{"@type":"WebSite","@id":"https:\/\/www.uruloki.org\/felipeblog\/#website","url":"https:\/\/www.uruloki.org\/felipeblog\/","name":"Uruloki :: Blog","description":"Blog de cine, terror, ciencia ficci\u00f3n, fantas\u00eda y c\u00f3mics","potentialAction":[{"@type":"SearchAction","target":{"@type":"EntryPoint","urlTemplate":"https:\/\/www.uruloki.org\/felipeblog\/?s={search_term_string}"},"query-input":{"@type":"PropertyValueSpecification","valueRequired":true,"valueName":"search_term_string"}}],"inLanguage":"es"},{"@type":"Person","@id":"https:\/\/www.uruloki.org\/felipeblog\/#\/schema\/person\/ddba06ddaa27edf0c370460d05c51bb3","name":"Uruloki","image":{"@type":"ImageObject","inLanguage":"es","@id":"https:\/\/www.uruloki.org\/felipeblog\/#\/schema\/person\/image\/","url":"https:\/\/secure.gravatar.com\/avatar\/68d5301c5f52ba88fd63f02c75b8c4d1b3c3fc4b21e2998a1e98c4b3a54d9f7c?s=96&d=mm&r=g","contentUrl":"https:\/\/secure.gravatar.com\/avatar\/68d5301c5f52ba88fd63f02c75b8c4d1b3c3fc4b21e2998a1e98c4b3a54d9f7c?s=96&d=mm&r=g","caption":"Uruloki"},"sameAs":["https:\/\/uruloki.org"],"url":"https:\/\/www.uruloki.org\/felipeblog\/author\/admin-2-2-2"}]}},"_links":{"self":[{"href":"https:\/\/www.uruloki.org\/felipeblog\/wp-json\/wp\/v2\/posts\/7668","targetHints":{"allow":["GET"]}}],"collection":[{"href":"https:\/\/www.uruloki.org\/felipeblog\/wp-json\/wp\/v2\/posts"}],"about":[{"href":"https:\/\/www.uruloki.org\/felipeblog\/wp-json\/wp\/v2\/types\/post"}],"author":[{"embeddable":true,"href":"https:\/\/www.uruloki.org\/felipeblog\/wp-json\/wp\/v2\/users\/28"}],"replies":[{"embeddable":true,"href":"https:\/\/www.uruloki.org\/felipeblog\/wp-json\/wp\/v2\/comments?post=7668"}],"version-history":[{"count":1,"href":"https:\/\/www.uruloki.org\/felipeblog\/wp-json\/wp\/v2\/posts\/7668\/revisions"}],"predecessor-version":[{"id":7669,"href":"https:\/\/www.uruloki.org\/felipeblog\/wp-json\/wp\/v2\/posts\/7668\/revisions\/7669"}],"wp:attachment":[{"href":"https:\/\/www.uruloki.org\/felipeblog\/wp-json\/wp\/v2\/media?parent=7668"}],"wp:term":[{"taxonomy":"category","embeddable":true,"href":"https:\/\/www.uruloki.org\/felipeblog\/wp-json\/wp\/v2\/categories?post=7668"},{"taxonomy":"post_tag","embeddable":true,"href":"https:\/\/www.uruloki.org\/felipeblog\/wp-json\/wp\/v2\/tags?post=7668"}],"curies":[{"name":"wp","href":"https:\/\/api.w.org\/{rel}","templated":true}]}}