{"id":7666,"date":"2012-04-25T21:15:14","date_gmt":"2012-04-25T19:15:14","guid":{"rendered":"https:\/\/uruloki.org\/felipeblog\/?p=7666"},"modified":"2012-04-25T21:15:14","modified_gmt":"2012-04-25T19:15:14","slug":"cinemacon-2012-son-los-48fps-de-el-hobbit-un-viaje-inesperado-un-problema-y-tres-nuevas-imgenes-promocionales-de-el-caballero-oscuro-la-leyenda-renace","status":"publish","type":"post","link":"https:\/\/www.uruloki.org\/felipeblog\/cine-de-comics\/cinemacon-2012-son-los-48fps-de-el-hobbit-un-viaje-inesperado-un-problema-y-tres-nuevas-imgenes-promocionales-de-el-caballero-oscuro-la-leyenda-renace","title":{"rendered":"CinemaCon 2012: &iquest;son los 48FPS de El Hobbit: Un viaje inesperado un problema? y tres nuevas im&aacute;genes promocionales  de El caballero oscuro: la leyenda renace&#8230;"},"content":{"rendered":"<p>Dispares son las noticias llegadas desde la <strong>CinemaCon 2012<\/strong>  tras la presentaci&oacute;n a los asistentes de nuevas escenas nunca vista de dos de los proyectos m&aacute;s esperados del a&ntilde;o, ambos productos <strong>Warner Bros.<\/strong> <a href=\"http:\/\/www.imdb.es\/title\/tt0903624\/\" target=\"_blank\">El Hobbit: Un viaje inesperado<\/a> (<em>The Hobbit: An Unexpected Journey<\/em>, 2012) de <a href=\"http:\/\/www.imdb.es\/name\/nm0001392\/\" target=\"_blank\">Peter Jackson<\/a> y <a href=\"http:\/\/www.imdb.es\/title\/tt1345836\/\" target=\"_blank\">El caballero oscuro: la leyenda renace<\/a> (<em>The Dark Knight Rises<\/em>, 2012) de <a href=\"http:\/\/www.imdb.es\/name\/nm0634240\/\" target=\"_blank\">Christopher Nolan<\/a>. Veamos, son muchos los portales que se hacen eco del evento y, peligroso, todos ofrecen las mismas impresiones. Del tercer episodio de las aventuras de <strong>Batman<\/strong>, y cap&iacute;tulo final en la visi&oacute;n creada por el gran <strong>Nolan<\/strong>, no se dicen m&aacute;s que elogios. Los cinco minutos que se han podidos ver del <strong>El caballero oscuro: la leyenda renace<\/strong> han molado y mucho. Se sigue el tono de los dos film previos y todo lo visto ha sido maravilloso. Vamos, la reacci&oacute;n normal en este tipo de eventos. Pero ojo, lo que deber&iacute;a ser una fiesta para los ojos ha dejado anonadados, y no para bien, a webs como <a href=\"http:\/\/www.slashfilm.com\/cinemacon-ten-minutes-the-hobbit-underwhelms-higher-frame-rates-cinematic-future-james-cameron-promised\/\" target=\"_blank\">\/Films<\/a>, <a href=\"http:\/\/latimesblogs.latimes.com\/movies\/2012\/04\/cinemacon-hobbit-frame-rate-depp-gatsby.html\" target=\"_blank\">24 Frames de Los Angeles Times<\/a> o <a href=\"http:\/\/badassdigest.com\/2012\/04\/24\/cinemacon-2012-the-hobbit-underwhelms-at-48-frames-per-secon\" target=\"_blank\">Badass Digest<\/a>. Si bien se habla sobre lo visto, la calidad de las escenas, etc., y de lo que reconocen que ha sido sencillamente fabuloso, con muchos planos generales en modo helic&oacute;ptero, muchas tomas de los enanos, <strong>Bilbo<\/strong> (<a href=\"http:\/\/www.imdb.es\/name\/nm0293509\/\" target=\"_blank\">Martin Freeman<\/a>) y su encuentro con los trolls, etc.. Tambi&eacute;n se habla sobre los <strong>48FPS<\/strong> en los que ha sido rodada la pel&iacute;cula en lugar de los <strong>24FPS<\/strong> a los que llevamos acostumbrados toda la vida. &iquest;Qu&eacute; ha pasado? Pues no est&aacute; nada claro, hablan de artificialidad, de movimientos extra&ntilde;os, de claridad desbordante en algunas muestras frente a oscuridad impenetrable en otras. Y en 3D. La presentaci&oacute;n fue de 10 minutos, introducidos por <strong>Peter Jackson<\/strong> indicando que hab&iacute;a seleccionado tanto metraje porque el cambio a ese <em>frame rate<\/em> necesitaba de adaptaci&oacute;n. Vamos, que el impacto visual es notable, quiz&aacute;s demasiado, y el ojo y la mente debe adaptarse a lo que est&aacute; viendo y en la calidad que se est&aacute; viendo. Ojo, <strong>Jackson<\/strong> advirti&oacute; tambi&eacute;n que las escenas estaban sin terminar, sin FX definitivos y todo eso, lo que hace pensar que este &quot;detalle&quot; se puede acabar solucionando por las reacciones que se dieron el a&ntilde;o pasado en la misma <strong>CinemaCon<\/strong> con la presentaci&oacute;n de <a href=\"http:\/\/www.imdb.es\/name\/nm0000116\/\" target=\"_blank\">James Cameron<\/a> y la comparativa de metraje rodado en <strong>24FPS<\/strong>, <strong>48FPS<\/strong> y <strong>60FPS<\/strong>. Aun as&iacute; el miedo en el cuerpo ya se tiene y muchos de los asistentes hablan de tanta calidad que nada parece real y de hecho recuerda m&aacute;s a un telefilm de los a&ntilde;os 70, citan <a href=\"http:\/\/www.imdb.es\/title\/tt0074006\/\" target=\"_blank\">&quot;Yo, Claudio&quot;<\/a> (<em>&quot;I, Claudius&quot;<\/em>, 1976), aunque en alta definici&oacute;n. <strong>Peter Jackson<\/strong> ya lo advirti&oacute;, lo que se iba a ver provocar&iacute;a&#8230;<\/p>\n<blockquote><p>La ilusi&oacute;n de estar viendo algo vivo y real, con movimientos mucho m&aacute;s suaves.<\/p><\/blockquote>\n<p>&iquest;Ser&aacute; bueno este hiperrealismo en la escena? Dir&iacute;a m&aacute;s, &iquest;estamos preparados para los 48FPS? Crucemos los dedos.<\/p>\n<p class=\"centrado\"><img loading=\"lazy\" decoding=\"async\" src=\"https:\/\/uruloki.org\/felipeblog\/images2012-1\/20120425_thedarkknightrises_1.jpg\" alt=\"Promo de El caballero oscuro: la leyenda renace con Batman vs. Bane\" width=\"598\" height=\"520\" \/><br \/>\n<em>Promo de El caballero oscuro: la leyenda renace con Batman vs. Bane<\/em><\/p>\n<p class=\"centrado\"><img loading=\"lazy\" decoding=\"async\" src=\"https:\/\/uruloki.org\/felipeblog\/images2012-1\/20120425_thedarkknightrises_2.jpg\" alt=\"Promo de El caballero oscuro: la leyenda renace con Batman en la BatPod\" width=\"598\" height=\"457\" \/><br \/>\n<em>Promo de El caballero oscuro: la leyenda renace con Batman en la BatPod<\/em><\/p>\n<p class=\"centrado\"><img loading=\"lazy\" decoding=\"async\" src=\"https:\/\/uruloki.org\/felipeblog\/images2012-1\/20120425_thedarkknightrises_3.jpg\" alt=\"Promo de El caballero oscuro: la leyenda renace\" width=\"397\" height=\"582\" \/><br \/>\n<em>Promo de El caballero oscuro: la leyenda renace<\/em><\/p>\n<p><strong class=\"nota\">&nbsp;NOTA&nbsp;<\/strong> <a href=\"http:\/\/forums.superherohype.com\/showpost.php?p=23040241&amp;postcount=533\" target=\"_blank\">Las im&aacute;genes salen todas de los foros de Superhero Hype!<\/a><\/p>\n","protected":false},"excerpt":{"rendered":"<p>Dispares son las noticias llegadas desde la CinemaCon 2012 tras la presentaci&oacute;n a los asistentes de nuevas escenas nunca vista de dos de los proyectos m&aacute;s esperados del a&ntilde;o, ambos productos Warner Bros. El Hobbit: Un viaje inesperado (The Hobbit: An Unexpected Journey, 2012) de Peter Jackson y El caballero oscuro: la leyenda renace (The [&hellip;]<\/p>\n","protected":false},"author":28,"featured_media":0,"comment_status":"open","ping_status":"open","sticky":false,"template":"","format":"standard","meta":{"footnotes":""},"categories":[10,12,63],"tags":[1516,1743],"class_list":["post-7666","post","type-post","status-publish","format-standard","hentry","category-cine-de-comics","category-cine-de-fantasia","category-el-hobbit","tag-the-dark-knight-rises","tag-the-hobbit-an-unexpected-journey"],"yoast_head":"<!-- This site is optimized with the Yoast SEO plugin v24.3 - https:\/\/yoast.com\/wordpress\/plugins\/seo\/ -->\n<title>CinemaCon 2012: &iquest;son los 48FPS de El Hobbit: Un viaje inesperado un problema? y tres nuevas im&aacute;genes promocionales de El caballero oscuro: la leyenda renace... - Uruloki :: Blog<\/title>\n<meta name=\"robots\" content=\"index, follow, max-snippet:-1, max-image-preview:large, max-video-preview:-1\" \/>\n<link rel=\"canonical\" href=\"https:\/\/www.uruloki.org\/felipeblog\/cine-de-comics\/cinemacon-2012-son-los-48fps-de-el-hobbit-un-viaje-inesperado-un-problema-y-tres-nuevas-imgenes-promocionales-de-el-caballero-oscuro-la-leyenda-renace\" \/>\n<meta property=\"og:locale\" content=\"es_ES\" \/>\n<meta property=\"og:type\" content=\"article\" \/>\n<meta property=\"og:title\" content=\"CinemaCon 2012: &iquest;son los 48FPS de El Hobbit: Un viaje inesperado un problema? y tres nuevas im&aacute;genes promocionales de El caballero oscuro: la leyenda renace... - Uruloki :: Blog\" \/>\n<meta property=\"og:description\" content=\"Dispares son las noticias llegadas desde la CinemaCon 2012 tras la presentaci&oacute;n a los asistentes de nuevas escenas nunca vista de dos de los proyectos m&aacute;s esperados del a&ntilde;o, ambos productos Warner Bros. El Hobbit: Un viaje inesperado (The Hobbit: An Unexpected Journey, 2012) de Peter Jackson y El caballero oscuro: la leyenda renace (The [&hellip;]\" \/>\n<meta property=\"og:url\" content=\"https:\/\/www.uruloki.org\/felipeblog\/cine-de-comics\/cinemacon-2012-son-los-48fps-de-el-hobbit-un-viaje-inesperado-un-problema-y-tres-nuevas-imgenes-promocionales-de-el-caballero-oscuro-la-leyenda-renace\" \/>\n<meta property=\"og:site_name\" content=\"Uruloki :: Blog\" \/>\n<meta property=\"article:publisher\" content=\"https:\/\/www.facebook.com\/uruloki.org\" \/>\n<meta property=\"article:published_time\" content=\"2012-04-25T19:15:14+00:00\" \/>\n<meta property=\"og:image\" content=\"https:\/\/uruloki.org\/felipeblog\/images2012-1\/20120425_thedarkknightrises_1.jpg\" \/>\n<meta name=\"author\" content=\"Uruloki\" \/>\n<meta name=\"twitter:card\" content=\"summary_large_image\" \/>\n<meta name=\"twitter:creator\" content=\"@uruloki\" \/>\n<meta name=\"twitter:site\" content=\"@uruloki\" \/>\n<meta name=\"twitter:label1\" content=\"Escrito por\" \/>\n\t<meta name=\"twitter:data1\" content=\"Uruloki\" \/>\n\t<meta name=\"twitter:label2\" content=\"Tiempo de lectura\" \/>\n\t<meta name=\"twitter:data2\" content=\"3 minutos\" \/>\n<script type=\"application\/ld+json\" class=\"yoast-schema-graph\">{\"@context\":\"https:\/\/schema.org\",\"@graph\":[{\"@type\":\"WebPage\",\"@id\":\"https:\/\/www.uruloki.org\/felipeblog\/cine-de-comics\/cinemacon-2012-son-los-48fps-de-el-hobbit-un-viaje-inesperado-un-problema-y-tres-nuevas-imgenes-promocionales-de-el-caballero-oscuro-la-leyenda-renace\",\"url\":\"https:\/\/www.uruloki.org\/felipeblog\/cine-de-comics\/cinemacon-2012-son-los-48fps-de-el-hobbit-un-viaje-inesperado-un-problema-y-tres-nuevas-imgenes-promocionales-de-el-caballero-oscuro-la-leyenda-renace\",\"name\":\"CinemaCon 2012: &iquest;son los 48FPS de El Hobbit: Un viaje inesperado un problema? y tres nuevas im&aacute;genes promocionales de El caballero oscuro: la leyenda renace... - Uruloki :: Blog\",\"isPartOf\":{\"@id\":\"https:\/\/www.uruloki.org\/felipeblog\/#website\"},\"primaryImageOfPage\":{\"@id\":\"https:\/\/www.uruloki.org\/felipeblog\/cine-de-comics\/cinemacon-2012-son-los-48fps-de-el-hobbit-un-viaje-inesperado-un-problema-y-tres-nuevas-imgenes-promocionales-de-el-caballero-oscuro-la-leyenda-renace#primaryimage\"},\"image\":{\"@id\":\"https:\/\/www.uruloki.org\/felipeblog\/cine-de-comics\/cinemacon-2012-son-los-48fps-de-el-hobbit-un-viaje-inesperado-un-problema-y-tres-nuevas-imgenes-promocionales-de-el-caballero-oscuro-la-leyenda-renace#primaryimage\"},\"thumbnailUrl\":\"https:\/\/uruloki.org\/felipeblog\/images2012-1\/20120425_thedarkknightrises_1.jpg\",\"datePublished\":\"2012-04-25T19:15:14+00:00\",\"dateModified\":\"2012-04-25T19:15:14+00:00\",\"author\":{\"@id\":\"https:\/\/www.uruloki.org\/felipeblog\/#\/schema\/person\/ddba06ddaa27edf0c370460d05c51bb3\"},\"breadcrumb\":{\"@id\":\"https:\/\/www.uruloki.org\/felipeblog\/cine-de-comics\/cinemacon-2012-son-los-48fps-de-el-hobbit-un-viaje-inesperado-un-problema-y-tres-nuevas-imgenes-promocionales-de-el-caballero-oscuro-la-leyenda-renace#breadcrumb\"},\"inLanguage\":\"es\",\"potentialAction\":[{\"@type\":\"ReadAction\",\"target\":[\"https:\/\/www.uruloki.org\/felipeblog\/cine-de-comics\/cinemacon-2012-son-los-48fps-de-el-hobbit-un-viaje-inesperado-un-problema-y-tres-nuevas-imgenes-promocionales-de-el-caballero-oscuro-la-leyenda-renace\"]}]},{\"@type\":\"ImageObject\",\"inLanguage\":\"es\",\"@id\":\"https:\/\/www.uruloki.org\/felipeblog\/cine-de-comics\/cinemacon-2012-son-los-48fps-de-el-hobbit-un-viaje-inesperado-un-problema-y-tres-nuevas-imgenes-promocionales-de-el-caballero-oscuro-la-leyenda-renace#primaryimage\",\"url\":\"https:\/\/uruloki.org\/felipeblog\/images2012-1\/20120425_thedarkknightrises_1.jpg\",\"contentUrl\":\"https:\/\/uruloki.org\/felipeblog\/images2012-1\/20120425_thedarkknightrises_1.jpg\"},{\"@type\":\"BreadcrumbList\",\"@id\":\"https:\/\/www.uruloki.org\/felipeblog\/cine-de-comics\/cinemacon-2012-son-los-48fps-de-el-hobbit-un-viaje-inesperado-un-problema-y-tres-nuevas-imgenes-promocionales-de-el-caballero-oscuro-la-leyenda-renace#breadcrumb\",\"itemListElement\":[{\"@type\":\"ListItem\",\"position\":1,\"name\":\"Portada\",\"item\":\"https:\/\/www.uruloki.org\/felipeblog\"},{\"@type\":\"ListItem\",\"position\":2,\"name\":\"CinemaCon 2012: &iquest;son los 48FPS de El Hobbit: Un viaje inesperado un problema? y tres nuevas im&aacute;genes promocionales de El caballero oscuro: la leyenda renace&#8230;\"}]},{\"@type\":\"WebSite\",\"@id\":\"https:\/\/www.uruloki.org\/felipeblog\/#website\",\"url\":\"https:\/\/www.uruloki.org\/felipeblog\/\",\"name\":\"Uruloki :: Blog\",\"description\":\"Blog de cine, terror, ciencia ficci\u00f3n, fantas\u00eda y c\u00f3mics\",\"potentialAction\":[{\"@type\":\"SearchAction\",\"target\":{\"@type\":\"EntryPoint\",\"urlTemplate\":\"https:\/\/www.uruloki.org\/felipeblog\/?s={search_term_string}\"},\"query-input\":{\"@type\":\"PropertyValueSpecification\",\"valueRequired\":true,\"valueName\":\"search_term_string\"}}],\"inLanguage\":\"es\"},{\"@type\":\"Person\",\"@id\":\"https:\/\/www.uruloki.org\/felipeblog\/#\/schema\/person\/ddba06ddaa27edf0c370460d05c51bb3\",\"name\":\"Uruloki\",\"image\":{\"@type\":\"ImageObject\",\"inLanguage\":\"es\",\"@id\":\"https:\/\/www.uruloki.org\/felipeblog\/#\/schema\/person\/image\/\",\"url\":\"https:\/\/secure.gravatar.com\/avatar\/68d5301c5f52ba88fd63f02c75b8c4d1b3c3fc4b21e2998a1e98c4b3a54d9f7c?s=96&d=mm&r=g\",\"contentUrl\":\"https:\/\/secure.gravatar.com\/avatar\/68d5301c5f52ba88fd63f02c75b8c4d1b3c3fc4b21e2998a1e98c4b3a54d9f7c?s=96&d=mm&r=g\",\"caption\":\"Uruloki\"},\"sameAs\":[\"https:\/\/uruloki.org\"],\"url\":\"https:\/\/www.uruloki.org\/felipeblog\/author\/admin-2-2-2\"}]}<\/script>\n<!-- \/ Yoast SEO plugin. -->","yoast_head_json":{"title":"CinemaCon 2012: &iquest;son los 48FPS de El Hobbit: Un viaje inesperado un problema? y tres nuevas im&aacute;genes promocionales de El caballero oscuro: la leyenda renace... - Uruloki :: Blog","robots":{"index":"index","follow":"follow","max-snippet":"max-snippet:-1","max-image-preview":"max-image-preview:large","max-video-preview":"max-video-preview:-1"},"canonical":"https:\/\/www.uruloki.org\/felipeblog\/cine-de-comics\/cinemacon-2012-son-los-48fps-de-el-hobbit-un-viaje-inesperado-un-problema-y-tres-nuevas-imgenes-promocionales-de-el-caballero-oscuro-la-leyenda-renace","og_locale":"es_ES","og_type":"article","og_title":"CinemaCon 2012: &iquest;son los 48FPS de El Hobbit: Un viaje inesperado un problema? y tres nuevas im&aacute;genes promocionales de El caballero oscuro: la leyenda renace... - Uruloki :: Blog","og_description":"Dispares son las noticias llegadas desde la CinemaCon 2012 tras la presentaci&oacute;n a los asistentes de nuevas escenas nunca vista de dos de los proyectos m&aacute;s esperados del a&ntilde;o, ambos productos Warner Bros. El Hobbit: Un viaje inesperado (The Hobbit: An Unexpected Journey, 2012) de Peter Jackson y El caballero oscuro: la leyenda renace (The [&hellip;]","og_url":"https:\/\/www.uruloki.org\/felipeblog\/cine-de-comics\/cinemacon-2012-son-los-48fps-de-el-hobbit-un-viaje-inesperado-un-problema-y-tres-nuevas-imgenes-promocionales-de-el-caballero-oscuro-la-leyenda-renace","og_site_name":"Uruloki :: Blog","article_publisher":"https:\/\/www.facebook.com\/uruloki.org","article_published_time":"2012-04-25T19:15:14+00:00","og_image":[{"url":"https:\/\/uruloki.org\/felipeblog\/images2012-1\/20120425_thedarkknightrises_1.jpg","type":"","width":"","height":""}],"author":"Uruloki","twitter_card":"summary_large_image","twitter_creator":"@uruloki","twitter_site":"@uruloki","twitter_misc":{"Escrito por":"Uruloki","Tiempo de lectura":"3 minutos"},"schema":{"@context":"https:\/\/schema.org","@graph":[{"@type":"WebPage","@id":"https:\/\/www.uruloki.org\/felipeblog\/cine-de-comics\/cinemacon-2012-son-los-48fps-de-el-hobbit-un-viaje-inesperado-un-problema-y-tres-nuevas-imgenes-promocionales-de-el-caballero-oscuro-la-leyenda-renace","url":"https:\/\/www.uruloki.org\/felipeblog\/cine-de-comics\/cinemacon-2012-son-los-48fps-de-el-hobbit-un-viaje-inesperado-un-problema-y-tres-nuevas-imgenes-promocionales-de-el-caballero-oscuro-la-leyenda-renace","name":"CinemaCon 2012: &iquest;son los 48FPS de El Hobbit: Un viaje inesperado un problema? y tres nuevas im&aacute;genes promocionales de El caballero oscuro: la leyenda renace... - Uruloki :: Blog","isPartOf":{"@id":"https:\/\/www.uruloki.org\/felipeblog\/#website"},"primaryImageOfPage":{"@id":"https:\/\/www.uruloki.org\/felipeblog\/cine-de-comics\/cinemacon-2012-son-los-48fps-de-el-hobbit-un-viaje-inesperado-un-problema-y-tres-nuevas-imgenes-promocionales-de-el-caballero-oscuro-la-leyenda-renace#primaryimage"},"image":{"@id":"https:\/\/www.uruloki.org\/felipeblog\/cine-de-comics\/cinemacon-2012-son-los-48fps-de-el-hobbit-un-viaje-inesperado-un-problema-y-tres-nuevas-imgenes-promocionales-de-el-caballero-oscuro-la-leyenda-renace#primaryimage"},"thumbnailUrl":"https:\/\/uruloki.org\/felipeblog\/images2012-1\/20120425_thedarkknightrises_1.jpg","datePublished":"2012-04-25T19:15:14+00:00","dateModified":"2012-04-25T19:15:14+00:00","author":{"@id":"https:\/\/www.uruloki.org\/felipeblog\/#\/schema\/person\/ddba06ddaa27edf0c370460d05c51bb3"},"breadcrumb":{"@id":"https:\/\/www.uruloki.org\/felipeblog\/cine-de-comics\/cinemacon-2012-son-los-48fps-de-el-hobbit-un-viaje-inesperado-un-problema-y-tres-nuevas-imgenes-promocionales-de-el-caballero-oscuro-la-leyenda-renace#breadcrumb"},"inLanguage":"es","potentialAction":[{"@type":"ReadAction","target":["https:\/\/www.uruloki.org\/felipeblog\/cine-de-comics\/cinemacon-2012-son-los-48fps-de-el-hobbit-un-viaje-inesperado-un-problema-y-tres-nuevas-imgenes-promocionales-de-el-caballero-oscuro-la-leyenda-renace"]}]},{"@type":"ImageObject","inLanguage":"es","@id":"https:\/\/www.uruloki.org\/felipeblog\/cine-de-comics\/cinemacon-2012-son-los-48fps-de-el-hobbit-un-viaje-inesperado-un-problema-y-tres-nuevas-imgenes-promocionales-de-el-caballero-oscuro-la-leyenda-renace#primaryimage","url":"https:\/\/uruloki.org\/felipeblog\/images2012-1\/20120425_thedarkknightrises_1.jpg","contentUrl":"https:\/\/uruloki.org\/felipeblog\/images2012-1\/20120425_thedarkknightrises_1.jpg"},{"@type":"BreadcrumbList","@id":"https:\/\/www.uruloki.org\/felipeblog\/cine-de-comics\/cinemacon-2012-son-los-48fps-de-el-hobbit-un-viaje-inesperado-un-problema-y-tres-nuevas-imgenes-promocionales-de-el-caballero-oscuro-la-leyenda-renace#breadcrumb","itemListElement":[{"@type":"ListItem","position":1,"name":"Portada","item":"https:\/\/www.uruloki.org\/felipeblog"},{"@type":"ListItem","position":2,"name":"CinemaCon 2012: &iquest;son los 48FPS de El Hobbit: Un viaje inesperado un problema? y tres nuevas im&aacute;genes promocionales de El caballero oscuro: la leyenda renace&#8230;"}]},{"@type":"WebSite","@id":"https:\/\/www.uruloki.org\/felipeblog\/#website","url":"https:\/\/www.uruloki.org\/felipeblog\/","name":"Uruloki :: Blog","description":"Blog de cine, terror, ciencia ficci\u00f3n, fantas\u00eda y c\u00f3mics","potentialAction":[{"@type":"SearchAction","target":{"@type":"EntryPoint","urlTemplate":"https:\/\/www.uruloki.org\/felipeblog\/?s={search_term_string}"},"query-input":{"@type":"PropertyValueSpecification","valueRequired":true,"valueName":"search_term_string"}}],"inLanguage":"es"},{"@type":"Person","@id":"https:\/\/www.uruloki.org\/felipeblog\/#\/schema\/person\/ddba06ddaa27edf0c370460d05c51bb3","name":"Uruloki","image":{"@type":"ImageObject","inLanguage":"es","@id":"https:\/\/www.uruloki.org\/felipeblog\/#\/schema\/person\/image\/","url":"https:\/\/secure.gravatar.com\/avatar\/68d5301c5f52ba88fd63f02c75b8c4d1b3c3fc4b21e2998a1e98c4b3a54d9f7c?s=96&d=mm&r=g","contentUrl":"https:\/\/secure.gravatar.com\/avatar\/68d5301c5f52ba88fd63f02c75b8c4d1b3c3fc4b21e2998a1e98c4b3a54d9f7c?s=96&d=mm&r=g","caption":"Uruloki"},"sameAs":["https:\/\/uruloki.org"],"url":"https:\/\/www.uruloki.org\/felipeblog\/author\/admin-2-2-2"}]}},"_links":{"self":[{"href":"https:\/\/www.uruloki.org\/felipeblog\/wp-json\/wp\/v2\/posts\/7666","targetHints":{"allow":["GET"]}}],"collection":[{"href":"https:\/\/www.uruloki.org\/felipeblog\/wp-json\/wp\/v2\/posts"}],"about":[{"href":"https:\/\/www.uruloki.org\/felipeblog\/wp-json\/wp\/v2\/types\/post"}],"author":[{"embeddable":true,"href":"https:\/\/www.uruloki.org\/felipeblog\/wp-json\/wp\/v2\/users\/28"}],"replies":[{"embeddable":true,"href":"https:\/\/www.uruloki.org\/felipeblog\/wp-json\/wp\/v2\/comments?post=7666"}],"version-history":[{"count":1,"href":"https:\/\/www.uruloki.org\/felipeblog\/wp-json\/wp\/v2\/posts\/7666\/revisions"}],"predecessor-version":[{"id":7667,"href":"https:\/\/www.uruloki.org\/felipeblog\/wp-json\/wp\/v2\/posts\/7666\/revisions\/7667"}],"wp:attachment":[{"href":"https:\/\/www.uruloki.org\/felipeblog\/wp-json\/wp\/v2\/media?parent=7666"}],"wp:term":[{"taxonomy":"category","embeddable":true,"href":"https:\/\/www.uruloki.org\/felipeblog\/wp-json\/wp\/v2\/categories?post=7666"},{"taxonomy":"post_tag","embeddable":true,"href":"https:\/\/www.uruloki.org\/felipeblog\/wp-json\/wp\/v2\/tags?post=7666"}],"curies":[{"name":"wp","href":"https:\/\/api.w.org\/{rel}","templated":true}]}}