{"id":7136,"date":"2012-01-30T23:06:26","date_gmt":"2012-01-30T22:06:26","guid":{"rendered":"https:\/\/uruloki.org\/felipeblog\/?p=7136"},"modified":"2012-02-01T11:01:36","modified_gmt":"2012-02-01T10:01:36","slug":"primer-teaser-pster-y-banner-oficial-de-resident-evil-venganza-vaughn-fassbender-lawrence-kinberg-y-singer-oficialmente-tras-la-secuela-de-x-men-primera-generacin-es-po","status":"publish","type":"post","link":"https:\/\/www.uruloki.org\/felipeblog\/cine-de-ciencia-ficcion\/primer-teaser-pster-y-banner-oficial-de-resident-evil-venganza-vaughn-fassbender-lawrence-kinberg-y-singer-oficialmente-tras-la-secuela-de-x-men-primera-generacin-es-po","title":{"rendered":"Primer teaser p&oacute;ster y banner oficial de Resident Evil: venganza, Vaughn, Fassbender, Lawrence, Kinberg y  Singer oficialmente tras la secuela de X-Men: primera generaci&oacute;n, &iquest;es posible un cameo de Spider-Man en Los Vengadores?, Mockingbird ser&aacute; una de terror macabro con libro de instrucciones  incluido, nuevo trailer de la segunda temporada de &quot;Juego de Tronos&quot; y Stretch Armstrong cambia de compa&ntilde;&iacute;a y de actor protagonista&#8230;"},"content":{"rendered":"<p>Tras un d&iacute;a de locura, ayer domingo, vuelvo a las andadas para dejaros con las &uacute;ltimas noticias que golpean sin descanso nuestras retinas, no sin antes pasar por un calvario que no se yo como terminar&aacute; de cara a afianzar un poco m&aacute;s el futuro de la empresa en la que trabajo. El lunes viene flojeras, pero tras hacer un par de ajustes en el blog, no me dig&aacute;is que no ha quedado chulo el <em>banner<\/em> para promocionar <a href=\"https:\/\/uruloki.org\/OscarsWeb2012\/quiniela.php\">la Quiniela de los Oscar 2012<\/a> que se han currado los chicos de <a href=\"http:\/\/www.doblelopez.com\/\" target=\"_blank\">DobleL&oacute;pez<\/a>, autores del dise&ntilde;o del blog y del reciente banner para <a href=\"http:\/\/www.scifiworld.es\/premios_votaciones.php\" target=\"_blank\">los premios SciFiWorld<\/a>, es momento de ponerse las pilas y sacarse  de la manga una entrada puede que bastante interesante. En primer lugar os dejo con el nuevo teaser p&oacute;ster de <a href=\"http:\/\/www.imdb.es\/title\/tt1855325\/\" target=\"_blank\">Resident Evil: venganza<\/a> (<em>Resident Evil: Retribution<\/em>, 2012) de <a href=\"http:\/\/www.imdb.es\/name\/nm0027271\/\" target=\"_blank\">Paul W.S. Anderson<\/a>. El cartel, <a href=\"http:\/\/www.superherohype.com\/news\/articles\/169391-the-teaser-poster-for-resident-evil-retribution\" target=\"_blank\">que sale de Superhero Hype!<\/a>, ha sido descubierto por <strong>Screen Gems<\/strong> y deja claro que la infecci&oacute;n es global&#8230; por ah&iacute; veo ardiendo el Big Ben, destruido el puente de Brooklyn, medio caspilla la Catedral de San Basilio e incluso, ah&iacute; al fondo, lo que parece ser el monte Fuji de Jap&oacute;n. todo separado por un mar de sangre que toma forma de s&iacute;mbolo de <strong>Umbrella<\/strong>. Estas cosas siempre son divertidas, igual luego es malilla, pero la intenci&oacute;n la tienen e igual da para unas risas. Al cartel debemos sumar un <em>banner<\/em> que <a href=\"https:\/\/uruloki.org\/felipeblog\/cine-de-ciencia-ficcin\/dos-nuevos-carteles-de-luces-rojas-red-lights-de-rodrigo-corts-y-las-fabulosas-reacciones-de-sundance-ms-imgenes-un-par-de-resident-evil-venganza-the-conjuring-ficha-sus\" target=\"_blank\">ya puse por aqu&iacute; no hace mucho<\/a> y que deja claro quien manda en la pel&iacute;cula&#8230; <strong>Alice<\/strong>, <strong>Alice<\/strong> y <strong>Alice<\/strong>.<\/p>\n<p class=\"centrado\"><a href=\"https:\/\/uruloki.org\/felipeblog\/images2012-1\/20120130_resident_evil_venganza_xlg.jpg\" target=\"_blank\" onclick=\"return false;\" rel=\"shadowbox\"><img loading=\"lazy\" decoding=\"async\" src=\"https:\/\/uruloki.org\/felipeblog\/images2012-1\/20120130_resident_evil_venganza.jpg\" width=\"475\" height=\"704\" border=\"0\" alt=\"Nuevo cartel de Resident Evil: venganza\" \/><\/a><br \/>\n<em>Nuevo cartel de Resident Evil: venganza<\/em><\/p>\n<p>Momento de una noticia muy interesante, y francamente positiva. <a href=\"http:\/\/www.deadline.com\/2012\/01\/20th-century-fox-production-president-emma-watts-reups-through-2015\/\" target=\"_blank\">Deadline.com nos cuenta v&iacute;a una noticia sobre Emma Watts<\/a>, presidenta de producci&oacute;n de <strong>20th Century Fox<\/strong>, que <a href=\"http:\/\/www.imdb.es\/name\/nm0891216\/\" target=\"_blank\">Matthew Vaughn<\/a> ha cerrado un acuerdo para hacerse cargo de la secuela a <a href=\"http:\/\/www.imdb.es\/title\/tt1270798\/\" target=\"_blank\">X-Men: primera generaci&oacute;n<\/a> (<em>X-Men: First Class<\/em>, 2011). El portal confirma que <a href=\"http:\/\/www.imdb.es\/name\/nm1334526\/\" target=\"_blank\">Simon Kinberg<\/a>, guionista de <a href=\"http:\/\/www.imdb.es\/title\/tt0376994\/\" target=\"_blank\">X-Men: la decisi&oacute;n final<\/a> (<em>X-Men: The Last Stand<\/em>, 2006), es el encargado del gui&oacute;n de la secuela como <a href=\"https:\/\/uruloki.org\/felipeblog\/cine\/un-nuevo-cartel-de-los-hombres-que-no-amaban-a-las-mujeres-y-seis-de-sherlock-holmes-juego-de-sombras-la-secuela-a-x-men-primera-generacin-ya-tiene-guionista-spectral-promete-ser-una-versi\">ya se barrunt&oacute; en noviembre del a&ntilde;o pasado<\/a>. <a href=\"http:\/\/www.imdb.es\/name\/nm0001741\/\" target=\"_blank\">Bryan Singer<\/a> vuelve a la producci&oacute;n y, por ahora, <a href=\"http:\/\/www.imdb.es\/name\/nm0963359\/\" target=\"_blank\">Jane Goldman<\/a> no forma parte de esta segunda aventura. En el caso de la segunda, ser&aacute; cuesti&oacute;n de tiempo que se una a Vaughn para pulir el trabajo de puesta en marcha de <strong>Kinberg<\/strong>. <a href=\"http:\/\/www.hollywoodreporter.com\/heat-vision\/x-men-first-class-matthew-vaughn-jennifer-lawrence-michael-fassbender-285814\" target=\"_blank\">Heat Vision a&ntilde;ade a esta noticia<\/a> que gran parte del equipo de actores han cerrado tambi&eacute;n sus acuerdos de participaci&oacute;n en el proyecto. <a href=\"http:\/\/www.imdb.es\/name\/nm1055413\/\" target=\"_blank\">Michael Fassbender<\/a> y <a href=\"http:\/\/www.imdb.es\/name\/nm2225369\/\" target=\"_blank\">Jennifer Lawrence<\/a> son dos de las estrellas que volver&aacute;n. Y hablando del tema <strong>Marvel<\/strong>&#8230; &iquest;tendr&iacute;a sentido ofrecer un cameo en <a href=\"http:\/\/www.imdb.es\/title\/tt0848228\/\" target=\"_blank\">Los Vengadores<\/a> (<em>The Avengers<\/em>, 2012) de alg&uacute;n otro h&eacute;roe de la factor&iacute;a comiquera? Pues por segunda vez en pocas semanas un rumor que vuelve a la carga. <a href=\"http:\/\/www.aintitcool.com\/node\/52881\" target=\"_blank\">Primero fue AICN<\/a> y <a href=\"http:\/\/bestmoviesevernews.com\/spiderman-cameo-rumor-for-avengers-movie-firming-up-new-images-2940\/\" target=\"_blank\">ahora es Best Movies Ever<\/a>, por ah&iacute; se dice que <strong>Marvel Studios<\/strong> podr&iacute;a haber llegado a un acuerdo con <strong>Sony<\/strong> \/ <strong>Columbia<\/strong> para que el mism&iacute;simo <strong>Spider-Man<\/strong> tenga una anecd&oacute;tica aparici&oacute;n en el film de <a href=\"http:\/\/www.imdb.es\/name\/nm0923736\/\" target=\"_blank\">Joss Whedon<\/a>. &iquest;Verdad o mentira? La verdad poco falta para comprobarlo, pero tampoco ser&iacute;a de extra&ntilde;ar, m&aacute;s si tenemos en cuenta que parte de la acci&oacute;n en <strong>Los Vengadores<\/strong> tiene lugar en la ciudad de New York. Eso si, si bien califican el cameo de gui&ntilde;o como el de <strong>Lobezno<\/strong> en <strong>X-Men: primera generaci&oacute;n<\/strong>, breve y simp&aacute;tico&#8230; &iquest;tiene sentido que <strong>Disney<\/strong> apueste por promocionar un producto <strong>Sony<\/strong>? Vale que ambos son <strong>Marvel<\/strong>, pero no se yo hasta que punto las compa&ntilde;&iacute;as estar&aacute; por la labor.<\/p>\n<p class=\"centrado\"><a href=\"https:\/\/uruloki.org\/felipeblog\/images2012-1\/20120130_resident_evil_venganza_2_xlg.jpg\" target=\"_blank\" onclick=\"return false;\" rel=\"shadowbox\"><img loading=\"lazy\" decoding=\"async\" src=\"https:\/\/uruloki.org\/felipeblog\/images2012-1\/20120130_resident_evil_venganza_2.jpg\" alt=\"Banner de Resident Evil: venganza\" width=\"625\" height=\"278\" border=\"0\" \/><\/a><em>Banner de Resident Evil: venganza<\/em><\/p>\n<p>Hora de hablar un poquito de cine de terror. <a href=\"http:\/\/www.shocktillyoudrop.com\/news\/165259-exclusive-the-strangers-bryan-bertino-prepping-to-direct-found-footage-film-first-plot-details\" target=\"_blank\">ShockTillYouDrop.com nos cuenta<\/a> que <a href=\"http:\/\/www.imdb.es\/name\/nm1052162\/\" target=\"_blank\">Bryan Bertino<\/a>  el guionista y director de <a href=\"http:\/\/www.imdb.es\/title\/tt0482606\/\" target=\"_blank\">Los extra&ntilde;os<\/a> (<em>The Strangers<\/em>, 2008), ha firmado con <strong>Universal Pictures<\/strong> para hacerse cargo de la direcci&oacute;n de <strong>Mockingbird<\/strong> (&iquest;?), un film de horror en modo metraje encontrado del que <a href=\"https:\/\/uruloki.org\/felipeblog\/cine\/un-nuevo-trailer-de-the-woman-in-black-tomb-raider-contar-la-historia-de-lara-croft-antes-de-ser-lara-croft-lase-en-maysculas-un-par-de-nuevos-clips-de-misin-imposi\">tuvimos primeras noticias en noviembre del a&ntilde;o pasado<\/a>. <a href=\"http:\/\/www.imdb.es\/name\/nm0089658\/\" target=\"_blank\">Jason Blum<\/a> es el hombre encargado de esta producci&oacute;n que contar&aacute; como una pareja recibe una c&aacute;mara de v&iacute;deo junto a un documento de estrictas instrucciones. Si no siguen las reglas al pie de la letra alguien morir&aacute;. La pel&iacute;cula se centrar&aacute; en su infernal prueba en la que sin rechistar deben hacer todo lo que se les dice&#8230; a saber. Para terminar por hoy os comento <a href=\"http:\/\/www.hollywoodreporter.com\/heat-vision\/stretch-armstrong-relativity-taylor-lautner-285783\" target=\"_blank\">lo que Heat Vision nos descubre<\/a> y es que <a href=\"http:\/\/www.imdb.es\/title\/tt1379164\/\" target=\"_blank\">Stretch Armstrong<\/a> (&iquest;?), ese proyecto basado en las aventuras del mu&ntilde;eco de <strong>Hasbro<\/strong> que ten&iacute;a <strong>Universal Pictures<\/strong> entre manos, cambia de casa y ahora cae en las garras de <strong>Relativity Media<\/strong>. Con el cambio, este absurdo proyecto pierde tambi&eacute;n a su protagonista, el cara palo <a href=\"http:\/\/www.imdb.es\/name\/nm1210124\/\" target=\"_blank\">Taylor Lautner<\/a>. La verdad, poquito me atrae esta idea&#8230;<\/p>\n<div class=\"video\"><iframe loading=\"lazy\" width=\"625\" height=\"380\" src=\"http:\/\/www.youtube.com\/embed\/rOzXsqoJhtE\"><\/iframe><\/div>\n","protected":false},"excerpt":{"rendered":"<p>Tras un d&iacute;a de locura, ayer domingo, vuelvo a las andadas para dejaros con las &uacute;ltimas noticias que golpean sin descanso nuestras retinas, no sin antes pasar por un calvario que no se yo como terminar&aacute; de cara a afianzar un poco m&aacute;s el futuro de la empresa en la que trabajo. El lunes viene [&hellip;]<\/p>\n","protected":false},"author":28,"featured_media":0,"comment_status":"open","ping_status":"open","sticky":false,"template":"","format":"standard","meta":{"footnotes":""},"categories":[10,8,12,9],"tags":[1464,2007,1831,1299,93,550],"class_list":["post-7136","post","type-post","status-publish","format-standard","hentry","category-cine-de-comics","category-cine-de-ciencia-ficcion","category-cine-de-fantasia","category-cine-de-terror","tag-game-of-thrones","tag-mockingbird","tag-resident-evil-retribution","tag-stretch-armstrong","tag-the-avengers","tag-x-men-first-class"],"yoast_head":"<!-- This site is optimized with the Yoast SEO plugin v24.3 - https:\/\/yoast.com\/wordpress\/plugins\/seo\/ -->\n<title>Primer teaser p&oacute;ster y banner oficial de Resident Evil: venganza, Vaughn, Fassbender, Lawrence, Kinberg y Singer oficialmente tras la secuela de X-Men: primera generaci&oacute;n, &iquest;es posible un cameo de Spider-Man en Los Vengadores?, Mockingbird ser&aacute; una de terror macabro con libro de instrucciones incluido, nuevo trailer de la segunda temporada de &quot;Juego de Tronos&quot; y Stretch Armstrong cambia de compa&ntilde;&iacute;a y de actor protagonista... - Uruloki :: Blog<\/title>\n<meta name=\"robots\" content=\"index, follow, max-snippet:-1, max-image-preview:large, max-video-preview:-1\" \/>\n<link rel=\"canonical\" href=\"https:\/\/www.uruloki.org\/felipeblog\/cine-de-ciencia-ficcion\/primer-teaser-pster-y-banner-oficial-de-resident-evil-venganza-vaughn-fassbender-lawrence-kinberg-y-singer-oficialmente-tras-la-secuela-de-x-men-primera-generacin-es-po\" \/>\n<meta property=\"og:locale\" content=\"es_ES\" \/>\n<meta property=\"og:type\" content=\"article\" \/>\n<meta property=\"og:title\" content=\"Primer teaser p&oacute;ster y banner oficial de Resident Evil: venganza, Vaughn, Fassbender, Lawrence, Kinberg y Singer oficialmente tras la secuela de X-Men: primera generaci&oacute;n, &iquest;es posible un cameo de Spider-Man en Los Vengadores?, Mockingbird ser&aacute; una de terror macabro con libro de instrucciones incluido, nuevo trailer de la segunda temporada de &quot;Juego de Tronos&quot; y Stretch Armstrong cambia de compa&ntilde;&iacute;a y de actor protagonista... - Uruloki :: Blog\" \/>\n<meta property=\"og:description\" content=\"Tras un d&iacute;a de locura, ayer domingo, vuelvo a las andadas para dejaros con las &uacute;ltimas noticias que golpean sin descanso nuestras retinas, no sin antes pasar por un calvario que no se yo como terminar&aacute; de cara a afianzar un poco m&aacute;s el futuro de la empresa en la que trabajo. El lunes viene [&hellip;]\" \/>\n<meta property=\"og:url\" content=\"https:\/\/www.uruloki.org\/felipeblog\/cine-de-ciencia-ficcion\/primer-teaser-pster-y-banner-oficial-de-resident-evil-venganza-vaughn-fassbender-lawrence-kinberg-y-singer-oficialmente-tras-la-secuela-de-x-men-primera-generacin-es-po\" \/>\n<meta property=\"og:site_name\" content=\"Uruloki :: Blog\" \/>\n<meta property=\"article:publisher\" content=\"https:\/\/www.facebook.com\/uruloki.org\" \/>\n<meta property=\"article:published_time\" content=\"2012-01-30T22:06:26+00:00\" \/>\n<meta property=\"article:modified_time\" content=\"2012-02-01T10:01:36+00:00\" \/>\n<meta property=\"og:image\" content=\"https:\/\/uruloki.org\/felipeblog\/images2012-1\/20120130_resident_evil_venganza.jpg\" \/>\n<meta name=\"author\" content=\"Uruloki\" \/>\n<meta name=\"twitter:card\" content=\"summary_large_image\" \/>\n<meta name=\"twitter:creator\" content=\"@uruloki\" \/>\n<meta name=\"twitter:site\" content=\"@uruloki\" \/>\n<meta name=\"twitter:label1\" content=\"Escrito por\" \/>\n\t<meta name=\"twitter:data1\" content=\"Uruloki\" \/>\n\t<meta name=\"twitter:label2\" content=\"Tiempo de lectura\" \/>\n\t<meta name=\"twitter:data2\" content=\"4 minutos\" \/>\n<script type=\"application\/ld+json\" class=\"yoast-schema-graph\">{\"@context\":\"https:\/\/schema.org\",\"@graph\":[{\"@type\":\"WebPage\",\"@id\":\"https:\/\/www.uruloki.org\/felipeblog\/cine-de-ciencia-ficcion\/primer-teaser-pster-y-banner-oficial-de-resident-evil-venganza-vaughn-fassbender-lawrence-kinberg-y-singer-oficialmente-tras-la-secuela-de-x-men-primera-generacin-es-po\",\"url\":\"https:\/\/www.uruloki.org\/felipeblog\/cine-de-ciencia-ficcion\/primer-teaser-pster-y-banner-oficial-de-resident-evil-venganza-vaughn-fassbender-lawrence-kinberg-y-singer-oficialmente-tras-la-secuela-de-x-men-primera-generacin-es-po\",\"name\":\"Primer teaser p&oacute;ster y banner oficial de Resident Evil: venganza, Vaughn, Fassbender, Lawrence, Kinberg y Singer oficialmente tras la secuela de X-Men: primera generaci&oacute;n, &iquest;es posible un cameo de Spider-Man en Los Vengadores?, Mockingbird ser&aacute; una de terror macabro con libro de instrucciones incluido, nuevo trailer de la segunda temporada de &quot;Juego de Tronos&quot; y Stretch Armstrong cambia de compa&ntilde;&iacute;a y de actor protagonista... - Uruloki :: Blog\",\"isPartOf\":{\"@id\":\"https:\/\/www.uruloki.org\/felipeblog\/#website\"},\"primaryImageOfPage\":{\"@id\":\"https:\/\/www.uruloki.org\/felipeblog\/cine-de-ciencia-ficcion\/primer-teaser-pster-y-banner-oficial-de-resident-evil-venganza-vaughn-fassbender-lawrence-kinberg-y-singer-oficialmente-tras-la-secuela-de-x-men-primera-generacin-es-po#primaryimage\"},\"image\":{\"@id\":\"https:\/\/www.uruloki.org\/felipeblog\/cine-de-ciencia-ficcion\/primer-teaser-pster-y-banner-oficial-de-resident-evil-venganza-vaughn-fassbender-lawrence-kinberg-y-singer-oficialmente-tras-la-secuela-de-x-men-primera-generacin-es-po#primaryimage\"},\"thumbnailUrl\":\"https:\/\/uruloki.org\/felipeblog\/images2012-1\/20120130_resident_evil_venganza.jpg\",\"datePublished\":\"2012-01-30T22:06:26+00:00\",\"dateModified\":\"2012-02-01T10:01:36+00:00\",\"author\":{\"@id\":\"https:\/\/www.uruloki.org\/felipeblog\/#\/schema\/person\/ddba06ddaa27edf0c370460d05c51bb3\"},\"breadcrumb\":{\"@id\":\"https:\/\/www.uruloki.org\/felipeblog\/cine-de-ciencia-ficcion\/primer-teaser-pster-y-banner-oficial-de-resident-evil-venganza-vaughn-fassbender-lawrence-kinberg-y-singer-oficialmente-tras-la-secuela-de-x-men-primera-generacin-es-po#breadcrumb\"},\"inLanguage\":\"es\",\"potentialAction\":[{\"@type\":\"ReadAction\",\"target\":[\"https:\/\/www.uruloki.org\/felipeblog\/cine-de-ciencia-ficcion\/primer-teaser-pster-y-banner-oficial-de-resident-evil-venganza-vaughn-fassbender-lawrence-kinberg-y-singer-oficialmente-tras-la-secuela-de-x-men-primera-generacin-es-po\"]}]},{\"@type\":\"ImageObject\",\"inLanguage\":\"es\",\"@id\":\"https:\/\/www.uruloki.org\/felipeblog\/cine-de-ciencia-ficcion\/primer-teaser-pster-y-banner-oficial-de-resident-evil-venganza-vaughn-fassbender-lawrence-kinberg-y-singer-oficialmente-tras-la-secuela-de-x-men-primera-generacin-es-po#primaryimage\",\"url\":\"https:\/\/uruloki.org\/felipeblog\/images2012-1\/20120130_resident_evil_venganza.jpg\",\"contentUrl\":\"https:\/\/uruloki.org\/felipeblog\/images2012-1\/20120130_resident_evil_venganza.jpg\"},{\"@type\":\"BreadcrumbList\",\"@id\":\"https:\/\/www.uruloki.org\/felipeblog\/cine-de-ciencia-ficcion\/primer-teaser-pster-y-banner-oficial-de-resident-evil-venganza-vaughn-fassbender-lawrence-kinberg-y-singer-oficialmente-tras-la-secuela-de-x-men-primera-generacin-es-po#breadcrumb\",\"itemListElement\":[{\"@type\":\"ListItem\",\"position\":1,\"name\":\"Portada\",\"item\":\"https:\/\/www.uruloki.org\/felipeblog\"},{\"@type\":\"ListItem\",\"position\":2,\"name\":\"Primer teaser p&oacute;ster y banner oficial de Resident Evil: venganza, Vaughn, Fassbender, Lawrence, Kinberg y Singer oficialmente tras la secuela de X-Men: primera generaci&oacute;n, &iquest;es posible un cameo de Spider-Man en Los Vengadores?, Mockingbird ser&aacute; una de terror macabro con libro de instrucciones incluido, nuevo trailer de la segunda temporada de &quot;Juego de Tronos&quot; y Stretch Armstrong cambia de compa&ntilde;&iacute;a y de actor protagonista&#8230;\"}]},{\"@type\":\"WebSite\",\"@id\":\"https:\/\/www.uruloki.org\/felipeblog\/#website\",\"url\":\"https:\/\/www.uruloki.org\/felipeblog\/\",\"name\":\"Uruloki :: Blog\",\"description\":\"Blog de cine, terror, ciencia ficci\u00f3n, fantas\u00eda y c\u00f3mics\",\"potentialAction\":[{\"@type\":\"SearchAction\",\"target\":{\"@type\":\"EntryPoint\",\"urlTemplate\":\"https:\/\/www.uruloki.org\/felipeblog\/?s={search_term_string}\"},\"query-input\":{\"@type\":\"PropertyValueSpecification\",\"valueRequired\":true,\"valueName\":\"search_term_string\"}}],\"inLanguage\":\"es\"},{\"@type\":\"Person\",\"@id\":\"https:\/\/www.uruloki.org\/felipeblog\/#\/schema\/person\/ddba06ddaa27edf0c370460d05c51bb3\",\"name\":\"Uruloki\",\"image\":{\"@type\":\"ImageObject\",\"inLanguage\":\"es\",\"@id\":\"https:\/\/www.uruloki.org\/felipeblog\/#\/schema\/person\/image\/\",\"url\":\"https:\/\/secure.gravatar.com\/avatar\/68d5301c5f52ba88fd63f02c75b8c4d1b3c3fc4b21e2998a1e98c4b3a54d9f7c?s=96&d=mm&r=g\",\"contentUrl\":\"https:\/\/secure.gravatar.com\/avatar\/68d5301c5f52ba88fd63f02c75b8c4d1b3c3fc4b21e2998a1e98c4b3a54d9f7c?s=96&d=mm&r=g\",\"caption\":\"Uruloki\"},\"sameAs\":[\"https:\/\/uruloki.org\"],\"url\":\"https:\/\/www.uruloki.org\/felipeblog\/author\/admin-2-2-2\"}]}<\/script>\n<!-- \/ Yoast SEO plugin. -->","yoast_head_json":{"title":"Primer teaser p&oacute;ster y banner oficial de Resident Evil: venganza, Vaughn, Fassbender, Lawrence, Kinberg y Singer oficialmente tras la secuela de X-Men: primera generaci&oacute;n, &iquest;es posible un cameo de Spider-Man en Los Vengadores?, Mockingbird ser&aacute; una de terror macabro con libro de instrucciones incluido, nuevo trailer de la segunda temporada de &quot;Juego de Tronos&quot; y Stretch Armstrong cambia de compa&ntilde;&iacute;a y de actor protagonista... - Uruloki :: Blog","robots":{"index":"index","follow":"follow","max-snippet":"max-snippet:-1","max-image-preview":"max-image-preview:large","max-video-preview":"max-video-preview:-1"},"canonical":"https:\/\/www.uruloki.org\/felipeblog\/cine-de-ciencia-ficcion\/primer-teaser-pster-y-banner-oficial-de-resident-evil-venganza-vaughn-fassbender-lawrence-kinberg-y-singer-oficialmente-tras-la-secuela-de-x-men-primera-generacin-es-po","og_locale":"es_ES","og_type":"article","og_title":"Primer teaser p&oacute;ster y banner oficial de Resident Evil: venganza, Vaughn, Fassbender, Lawrence, Kinberg y Singer oficialmente tras la secuela de X-Men: primera generaci&oacute;n, &iquest;es posible un cameo de Spider-Man en Los Vengadores?, Mockingbird ser&aacute; una de terror macabro con libro de instrucciones incluido, nuevo trailer de la segunda temporada de &quot;Juego de Tronos&quot; y Stretch Armstrong cambia de compa&ntilde;&iacute;a y de actor protagonista... - Uruloki :: Blog","og_description":"Tras un d&iacute;a de locura, ayer domingo, vuelvo a las andadas para dejaros con las &uacute;ltimas noticias que golpean sin descanso nuestras retinas, no sin antes pasar por un calvario que no se yo como terminar&aacute; de cara a afianzar un poco m&aacute;s el futuro de la empresa en la que trabajo. El lunes viene [&hellip;]","og_url":"https:\/\/www.uruloki.org\/felipeblog\/cine-de-ciencia-ficcion\/primer-teaser-pster-y-banner-oficial-de-resident-evil-venganza-vaughn-fassbender-lawrence-kinberg-y-singer-oficialmente-tras-la-secuela-de-x-men-primera-generacin-es-po","og_site_name":"Uruloki :: Blog","article_publisher":"https:\/\/www.facebook.com\/uruloki.org","article_published_time":"2012-01-30T22:06:26+00:00","article_modified_time":"2012-02-01T10:01:36+00:00","og_image":[{"url":"https:\/\/uruloki.org\/felipeblog\/images2012-1\/20120130_resident_evil_venganza.jpg","type":"","width":"","height":""}],"author":"Uruloki","twitter_card":"summary_large_image","twitter_creator":"@uruloki","twitter_site":"@uruloki","twitter_misc":{"Escrito por":"Uruloki","Tiempo de lectura":"4 minutos"},"schema":{"@context":"https:\/\/schema.org","@graph":[{"@type":"WebPage","@id":"https:\/\/www.uruloki.org\/felipeblog\/cine-de-ciencia-ficcion\/primer-teaser-pster-y-banner-oficial-de-resident-evil-venganza-vaughn-fassbender-lawrence-kinberg-y-singer-oficialmente-tras-la-secuela-de-x-men-primera-generacin-es-po","url":"https:\/\/www.uruloki.org\/felipeblog\/cine-de-ciencia-ficcion\/primer-teaser-pster-y-banner-oficial-de-resident-evil-venganza-vaughn-fassbender-lawrence-kinberg-y-singer-oficialmente-tras-la-secuela-de-x-men-primera-generacin-es-po","name":"Primer teaser p&oacute;ster y banner oficial de Resident Evil: venganza, Vaughn, Fassbender, Lawrence, Kinberg y Singer oficialmente tras la secuela de X-Men: primera generaci&oacute;n, &iquest;es posible un cameo de Spider-Man en Los Vengadores?, Mockingbird ser&aacute; una de terror macabro con libro de instrucciones incluido, nuevo trailer de la segunda temporada de &quot;Juego de Tronos&quot; y Stretch Armstrong cambia de compa&ntilde;&iacute;a y de actor protagonista... - Uruloki :: Blog","isPartOf":{"@id":"https:\/\/www.uruloki.org\/felipeblog\/#website"},"primaryImageOfPage":{"@id":"https:\/\/www.uruloki.org\/felipeblog\/cine-de-ciencia-ficcion\/primer-teaser-pster-y-banner-oficial-de-resident-evil-venganza-vaughn-fassbender-lawrence-kinberg-y-singer-oficialmente-tras-la-secuela-de-x-men-primera-generacin-es-po#primaryimage"},"image":{"@id":"https:\/\/www.uruloki.org\/felipeblog\/cine-de-ciencia-ficcion\/primer-teaser-pster-y-banner-oficial-de-resident-evil-venganza-vaughn-fassbender-lawrence-kinberg-y-singer-oficialmente-tras-la-secuela-de-x-men-primera-generacin-es-po#primaryimage"},"thumbnailUrl":"https:\/\/uruloki.org\/felipeblog\/images2012-1\/20120130_resident_evil_venganza.jpg","datePublished":"2012-01-30T22:06:26+00:00","dateModified":"2012-02-01T10:01:36+00:00","author":{"@id":"https:\/\/www.uruloki.org\/felipeblog\/#\/schema\/person\/ddba06ddaa27edf0c370460d05c51bb3"},"breadcrumb":{"@id":"https:\/\/www.uruloki.org\/felipeblog\/cine-de-ciencia-ficcion\/primer-teaser-pster-y-banner-oficial-de-resident-evil-venganza-vaughn-fassbender-lawrence-kinberg-y-singer-oficialmente-tras-la-secuela-de-x-men-primera-generacin-es-po#breadcrumb"},"inLanguage":"es","potentialAction":[{"@type":"ReadAction","target":["https:\/\/www.uruloki.org\/felipeblog\/cine-de-ciencia-ficcion\/primer-teaser-pster-y-banner-oficial-de-resident-evil-venganza-vaughn-fassbender-lawrence-kinberg-y-singer-oficialmente-tras-la-secuela-de-x-men-primera-generacin-es-po"]}]},{"@type":"ImageObject","inLanguage":"es","@id":"https:\/\/www.uruloki.org\/felipeblog\/cine-de-ciencia-ficcion\/primer-teaser-pster-y-banner-oficial-de-resident-evil-venganza-vaughn-fassbender-lawrence-kinberg-y-singer-oficialmente-tras-la-secuela-de-x-men-primera-generacin-es-po#primaryimage","url":"https:\/\/uruloki.org\/felipeblog\/images2012-1\/20120130_resident_evil_venganza.jpg","contentUrl":"https:\/\/uruloki.org\/felipeblog\/images2012-1\/20120130_resident_evil_venganza.jpg"},{"@type":"BreadcrumbList","@id":"https:\/\/www.uruloki.org\/felipeblog\/cine-de-ciencia-ficcion\/primer-teaser-pster-y-banner-oficial-de-resident-evil-venganza-vaughn-fassbender-lawrence-kinberg-y-singer-oficialmente-tras-la-secuela-de-x-men-primera-generacin-es-po#breadcrumb","itemListElement":[{"@type":"ListItem","position":1,"name":"Portada","item":"https:\/\/www.uruloki.org\/felipeblog"},{"@type":"ListItem","position":2,"name":"Primer teaser p&oacute;ster y banner oficial de Resident Evil: venganza, Vaughn, Fassbender, Lawrence, Kinberg y Singer oficialmente tras la secuela de X-Men: primera generaci&oacute;n, &iquest;es posible un cameo de Spider-Man en Los Vengadores?, Mockingbird ser&aacute; una de terror macabro con libro de instrucciones incluido, nuevo trailer de la segunda temporada de &quot;Juego de Tronos&quot; y Stretch Armstrong cambia de compa&ntilde;&iacute;a y de actor protagonista&#8230;"}]},{"@type":"WebSite","@id":"https:\/\/www.uruloki.org\/felipeblog\/#website","url":"https:\/\/www.uruloki.org\/felipeblog\/","name":"Uruloki :: Blog","description":"Blog de cine, terror, ciencia ficci\u00f3n, fantas\u00eda y c\u00f3mics","potentialAction":[{"@type":"SearchAction","target":{"@type":"EntryPoint","urlTemplate":"https:\/\/www.uruloki.org\/felipeblog\/?s={search_term_string}"},"query-input":{"@type":"PropertyValueSpecification","valueRequired":true,"valueName":"search_term_string"}}],"inLanguage":"es"},{"@type":"Person","@id":"https:\/\/www.uruloki.org\/felipeblog\/#\/schema\/person\/ddba06ddaa27edf0c370460d05c51bb3","name":"Uruloki","image":{"@type":"ImageObject","inLanguage":"es","@id":"https:\/\/www.uruloki.org\/felipeblog\/#\/schema\/person\/image\/","url":"https:\/\/secure.gravatar.com\/avatar\/68d5301c5f52ba88fd63f02c75b8c4d1b3c3fc4b21e2998a1e98c4b3a54d9f7c?s=96&d=mm&r=g","contentUrl":"https:\/\/secure.gravatar.com\/avatar\/68d5301c5f52ba88fd63f02c75b8c4d1b3c3fc4b21e2998a1e98c4b3a54d9f7c?s=96&d=mm&r=g","caption":"Uruloki"},"sameAs":["https:\/\/uruloki.org"],"url":"https:\/\/www.uruloki.org\/felipeblog\/author\/admin-2-2-2"}]}},"_links":{"self":[{"href":"https:\/\/www.uruloki.org\/felipeblog\/wp-json\/wp\/v2\/posts\/7136","targetHints":{"allow":["GET"]}}],"collection":[{"href":"https:\/\/www.uruloki.org\/felipeblog\/wp-json\/wp\/v2\/posts"}],"about":[{"href":"https:\/\/www.uruloki.org\/felipeblog\/wp-json\/wp\/v2\/types\/post"}],"author":[{"embeddable":true,"href":"https:\/\/www.uruloki.org\/felipeblog\/wp-json\/wp\/v2\/users\/28"}],"replies":[{"embeddable":true,"href":"https:\/\/www.uruloki.org\/felipeblog\/wp-json\/wp\/v2\/comments?post=7136"}],"version-history":[{"count":2,"href":"https:\/\/www.uruloki.org\/felipeblog\/wp-json\/wp\/v2\/posts\/7136\/revisions"}],"predecessor-version":[{"id":7149,"href":"https:\/\/www.uruloki.org\/felipeblog\/wp-json\/wp\/v2\/posts\/7136\/revisions\/7149"}],"wp:attachment":[{"href":"https:\/\/www.uruloki.org\/felipeblog\/wp-json\/wp\/v2\/media?parent=7136"}],"wp:term":[{"taxonomy":"category","embeddable":true,"href":"https:\/\/www.uruloki.org\/felipeblog\/wp-json\/wp\/v2\/categories?post=7136"},{"taxonomy":"post_tag","embeddable":true,"href":"https:\/\/www.uruloki.org\/felipeblog\/wp-json\/wp\/v2\/tags?post=7136"}],"curies":[{"name":"wp","href":"https:\/\/api.w.org\/{rel}","templated":true}]}}