{"id":7108,"date":"2012-01-23T20:39:51","date_gmt":"2012-01-23T19:39:51","guid":{"rendered":"https:\/\/uruloki.org\/felipeblog\/?p=7108"},"modified":"2012-01-23T20:39:51","modified_gmt":"2012-01-23T19:39:51","slug":"kevin-feige-lo-deja-claro-y-confirma-que-no-habr-guerreros-skrull-ni-crneo-rojo-en-los-vengadores-un-nuevo-cartel-internacional-para-prometheus-la-adaptacin-de-q","status":"publish","type":"post","link":"https:\/\/www.uruloki.org\/felipeblog\/cine-de-ciencia-ficcion\/kevin-feige-lo-deja-claro-y-confirma-que-no-habr-guerreros-skrull-ni-crneo-rojo-en-los-vengadores-un-nuevo-cartel-internacional-para-prometheus-la-adaptacin-de-q","title":{"rendered":"Kevin Feige lo deja claro y confirma que &quot;no habr&aacute; guerreros Skrull ni Cr&aacute;neo Rojo en Los Vengadores&quot;, un nuevo cartel internacional para Prometheus, la adaptaci&oacute;n de &quot;The Stand \/ La danza de la muerte \/ Apocalipsis&quot; incorpora guionista, John Hurt se compra un billete para el tren de Snow Piercer, la adaptaci&oacute;n de &quot;ElfQuest&quot; aparentemente cancelada y The Crow revive tras el pelillos a la mar entre Relativiy Media y The Weinstein Company&#8230;"},"content":{"rendered":"<p>Tras un domingo de merecido descanso donde aprovech&eacute; para completar la semana de cine viendo <span style=\"list-style-type:square;\"><a href=\"http:\/\/www.imdb.es\/title\/tt1033575\/\" target=\"_blank\">Los descendientes<\/a> (<em>The Descendants<\/em>, 2011) de <a href=\"http:\/\/www.imdb.es\/name\/nm0668247\/\" target=\"_blank\">Alexander Payne<\/a><\/span>, es momento de volver a las andadas con una nueva entrada con noticias t&iacute;picas de lunes. Para ello nada mejor que comenzar con unas interesantes declaraciones del productor \/ presidente de <strong>Marvel Studios<\/strong> <a href=\"http:\/\/www.imdb.es\/name\/nm0270559\/\" target=\"_blank\">Kevin Feige<\/a>, y que aparecen en el &uacute;ltimo n&uacute;mero de la revista <strong>Empire<\/strong>, en donde aprovecha para crear m&aacute;s confusi&oacute;n si cabe sobre los verdaderos villanos que dar&aacute;n ca&ntilde;a al supergrupo en <a href=\"http:\/\/www.imdb.es\/title\/tt0848228\/\" target=\"_blank\">Los Vengadores<\/a> (<em>The Avengers<\/em>, 2012) de <a href=\"http:\/\/www.imdb.es\/name\/nm0923736\/\" target=\"_blank\">Joss Whedon<\/a>. Ojito a lo que cuenta el bueno de <strong>Feige<\/strong> porque, seamos sinceros, a mi cada vez me cuesta m&aacute;s imaginar por donde van a ir los tiros. Primero&#8230; <strong>Feige<\/strong> se pregunta de d&oacute;nde sale eso de que <strong>Los Vengadores<\/strong> har&aacute;n frente a extraterrestres y m&aacute;s concretamente a los famosos <strong>Skrull<\/strong>. De echo indica tajantemente&#8230;<\/p>\n<blockquote><p>No son los Skrull. He sido muy claro con eso. Adem&aacute;s, queremos mantenerlos en secreto. La identidad de la raza extraterrestre no es algo que sorprender&aacute;. Existen en los c&oacute;mics, pero en estos momentos no nos interesa poner en marcha la guerra Kree-Skrull o algo que se le parezca.<\/p><\/blockquote>\n<p>Segundo, le pone los puntos a las ies del rumor aparecido no hace mucho y que dejaba caer que <strong>Cr&aacute;neo Rojo<\/strong> (<a href=\"http:\/\/www.imdb.es\/name\/nm0915989\/\" target=\"_blank\">Hugo Weaving<\/a>) ser&iacute;a el villano sorpresa del film&#8230;<\/p>\n<blockquote><p>&iquest;Se vaporiz&oacute; Cr&aacute;neo Rojo al final de Capit&aacute;n Am&eacute;rica: el primer vengador o acab&oacute; en otro de los nueve reinos? Eso todav&iacute;a no se descubrir&aacute;. Ser&iacute;a divertido volver a ver a Cr&aacute;neo Rojo en el futuro, pero no se dar&aacute;  el caso con Los Vengadores.<\/p><\/blockquote>\n<p>Pues eso, &iquest;alguna idea de qui&eacute;n o qui&eacute;nes pueden ser los que acompa&ntilde;en a <strong>Loki<\/strong> (<a href=\"http:\/\/www.imdb.es\/name\/nm1089991\/\" target=\"_blank\">Tom Hiddleston<\/a>) en su guerra en la Tierra contras <strong>Los Vengadores<\/strong>? Descartando <strong>Kree<\/strong>, <strong>Skrull<\/strong> y <strong>Cr&aacute;neo Rojo<\/strong>&#8230; &iquest;de qu&eacute; se puede tratar? Ah, como os dec&iacute;a las declaraciones de Feige salen de la revista Empire, que ofrece la posibilidad de disfrutar de cuatro portadas diferentes&#8230; <a href=\"https:\/\/uruloki.org\/felipeblog\/images2012-1\/20120123_avengers_thor.jpg\" target=\"_blank\" onclick=\"return false;\" rel=\"shadowbox\">Thor<\/a>, la <a href=\"https:\/\/uruloki.org\/felipeblog\/images2012-1\/20120123_avengers_blackwidow.jpg\" target=\"_blank\" onclick=\"return false;\" rel=\"shadowbox\">Viuda Negra<\/a>, el <a href=\"https:\/\/uruloki.org\/felipeblog\/images2012-1\/20120123_avengers_captainamerica.jpg\" target=\"_blank\" onclick=\"return false;\" rel=\"shadowbox\">Capit&aacute;n Am&eacute;rica<\/a> o <a href=\"https:\/\/uruloki.org\/felipeblog\/images2012-1\/20120123_avengers_ironman.jpg\" target=\"_blank\" onclick=\"return false;\" rel=\"shadowbox\">Iron Man<\/a>.<\/p>\n<p class=\"centrado\"><img loading=\"lazy\" decoding=\"async\" src=\"https:\/\/uruloki.org\/felipeblog\/images2012-1\/20120123_avengers.jpg\" alt=\"Portada del n&uacute;mero de marzo de la revista Empire... especial Los Vengadores\" width=\"450\" height=\"604\" \/><br \/>\n<em>Portada del n&uacute;mero de marzo de <a href=\"http:\/\/www.empireonline.com\/news\/story.asp?NID=32939\" target=\"_blank\">la revista Empire<\/a>&#8230; especial Los Vengadores<\/em><\/p>\n<p>Vayamos ahora con unas breves para ir cubriendo el expediente. Por ejemplo una que se me qued&oacute; en el tintero hace unos d&iacute;as y que, casualdidades de la vida, me he acordado de recuperar ahora. La adaptaci&oacute;n de  &quot;<strong>The Stand \/ La danza de la muerte \/ Apocalipsis<\/strong>&quot; que prepara <strong>Warner Bros.<\/strong> junto a <a href=\"http:\/\/www.imdb.es\/name\/nm0000255\/\" target=\"_blank\">Ben Affleck<\/a> incorpora un nuevo guionista, o <a href=\"http:\/\/nymag.com\/daily\/entertainment\/2012\/01\/matt-damon-ben-affleck-the-stand.html\" target=\"_blank\">eso nos cuentan desde Vulture<\/a>. El portal deja caer que sorprendido por su trabajo en la tambi&eacute;n pendiente de producci&oacute;n readaptaci&oacute;nd e <strong>&quot;It&quot;<\/strong>, <strong>Affleck<\/strong> decidi&oacute; contar con <a href=\"http:\/\/www.imdb.es\/name\/nm1738734\/\" target=\"_blank\">David Kajganich<\/a> para hacerse cargo de esta historia de apocalipsis y sociedades rivales. Para el que no lo recuerde, <a href=\"http:\/\/www.imdb.es\/title\/tt1831804\/\" target=\"_blank\">The Stand<\/a> (&iquest;?), otra de las magnas obras de <strong>Stephen  King<\/strong>, cuenta <em>grosso modo<\/em> los acontecimientos posteriores a la liberaci&oacute;n de una cepa del virus de la <em>supergripe<\/em> que provoca que la pr&aacute;ctica totalidad de la poblaci&oacute;n mundial muera.   Luego la historia se centra en las vicisitudes de dos grupo de   supervivientes en los <strong>Estados Unidos de America<\/strong>, como intentan cruzar el pa&iacute;s, como surgen y caen l&iacute;deres entre ellos, las paranoias, su enfrentamiento, gente crucificada, <strong>Randal Flagg<\/strong>, la <strong>Madre Abigail<\/strong>, el <strong>&quot;hombre basura&quot;<\/strong>, etc. A <strong>Kajganich<\/strong> se le puede valorar por trabajos previos para <a href=\"http:\/\/www.imdb.es\/title\/tt0427392\/\" target=\"_blank\">Invasi&oacute;n<\/a> (<em>Invasion<\/em>, 2007) o <a href=\"http:\/\/www.imdb.es\/title\/tt0450336\/\" target=\"_blank\">Town Creek<\/a> (2009). Y hablando de incorporaciones, <a href=\"http:\/\/blogs.indiewire.com\/theplaylist\/john-hurt-is-latest-awesome-addition-to-awesome-cast-of-bong-joon-hos-snow-piercer\" target=\"_blank\">The Playlist nos cuenta<\/a> que el veterano <a href=\"http:\/\/www.imdb.es\/name\/nm0000457\/\" target=\"_blank\">John Hurt<\/a> es el &uacute;ltimo en unirse a <a href=\"http:\/\/www.imdb.es\/title\/tt1706620\/\" target=\"_blank\">Snow Piercer<\/a> (2013) de <a href=\"http:\/\/www.imdb.es\/name\/nm0094435\/\" target=\"_blank\">Joon-ho Bong<\/a>  y <a href=\"http:\/\/www.imdb.es\/name\/nm0661791\/\" target=\"_blank\">Chan-wook Park<\/a>. <strong>Hurt<\/strong> se suma pues a <a href=\"http:\/\/www.imdb.es\/name\/nm0262635\/\" target=\"_blank\">Chris Evans<\/a>, <a href=\"http:\/\/www.imdb.es\/name\/nm0842770\/\" target=\"_blank\">Tilda Swinton<\/a>, <a href=\"http:\/\/www.imdb.es\/name\/nm0068260\/\" target=\"_blank\">Jamie Bell<\/a> y <a href=\"http:\/\/www.imdb.es\/name\/nm0814280\/\" target=\"_blank\">Kang-Ho Song<\/a> en este film de ciencia ficci&oacute;n post-apocal&iacute;ptica con un tren que recorre un des&eacute;rtico y helado p&aacute;ramo pero donde las diferencias sociales siguen siendo la t&oacute;nica dominante en esa nueva sociedad futura.<\/p>\n<p class=\"centrado\"><a href=\"https:\/\/uruloki.org\/felipeblog\/images2012-1\/20120123_prometheus_xlg.jpg\" target=\"_blank\" onclick=\"return false;\" rel=\"shadowbox\"><img loading=\"lazy\" decoding=\"async\" src=\"https:\/\/uruloki.org\/felipeblog\/images2012-1\/20120123_prometheus.jpg\" alt=\"Nuevo cartel internacional de Prometheus\" width=\"450\" height=\"670\" border=\"0\" \/><\/a><br \/>\n<em>Nuevo cartel internacional de Prometheus <a href=\"http:\/\/www.allnewz.it\/2012\/01\/la-locandina-internazionale-di-prometheus-di-ridley-scott\/\" target=\"_blank\">v&iacute;a All Newz.it<\/a><\/em><\/p>\n<p>Momento de alguna noticia m&aacute;s. Por ejemplo, la salida directamente de <a href=\"https:\/\/www.facebook.com\/elfquest?sk=wall\" target=\"_blank\">la p&aacute;gina oficial de Facebook de &quot;ElfQuest&quot;<\/a>. No se si recordar&eacute;is&#8230; corr&iacute;a el <a href=\"https:\/\/uruloki.org\/felipeblog\/cine-de-terror\/los-restos-de-la-comic-con-2008-el-metraje-de-drag-me-to-hell-es-quarantine-un-ejemplo-de-burrimia-y-novedades-de-elfquest\">29 de julio del 2008, en la Comic-Con de San Diego de ese a&ntilde;o<\/a>, y celebrado el 30 aniversario del inicio de edici&oacute;n de la obra, se anunciaba que el famoso c&oacute;mic apuntaba a adaptable al cine con <a href=\"http:\/\/www.imdb.es\/name\/nm1098493\/\" target=\"_blank\">Rawson Thurber<\/a>, el director de <a href=\"http:\/\/www.imdb.es\/title\/tt0364725\/\" target=\"_blank\">Cuesti&oacute;n de pelotas<\/a> (2004), a los mandos. Tras el proyecto estaba la mism&iacute;sima <strong>Warner Bros.<\/strong> y las ganas de hacer un film eran claras&#8230; Hoy, aparentemente, el proyecto queda, en pocas palabras, cancelado. Seg&uacute;n lo que cuentan, y tras cuatro largos a&ntilde;os de suspense, <strong>Warner Bros.<\/strong> ha decidido decir no a <strong>ElfQuest<\/strong> debido a que no quieren competir con otra de sus obras basadas en mundos de fantas&iacute;a con elfos, etc&#8230; si, hablamos de la adaptaci&oacute;n de <strong>&quot;El Hobbit&quot;<\/strong>. Una pena, <strong>ElfQuest<\/strong> cuenta con una comunidad de seguidores inmensa y el adios, por ahora, se har&aacute; duro. Y si bien una pel&iacute;cula se va a la porra otra renace de sus cenizas&#8230; <a href=\"http:\/\/www.deadline.com\/2012\/01\/aw-shucks-weinstein-co-settles-lawsuit-with-relativity-over-the-crow\/\" target=\"_blank\">Deadline.com publica<\/a> la decisi&oacute;n del juzgado respecto del caso <a href=\"http:\/\/www.imdb.es\/title\/tt1340094\/\" target=\"_blank\">The Crow<\/a> (&iquest;?) entre <strong>Relativity Media<\/strong> y <strong>The Weinstein Company<\/strong>. La decisi&oacute;n judicial es que&#8230; no hay decisi&oacute;n. Vamos, que <strong>Relativity<\/strong> y <strong>TWC<\/strong> se dan la mano y tan panchos. Trabajar&aacute;n codo a codo en la nueva adaptaci&oacute;n de la obra de <strong>James O&#8217;Barr<\/strong>. Ambas compa&ntilde;&iacute;as retiran las denuncias que ten&iacute;an interpuestas. Tremendo. <a href=\"http:\/\/www.imdb.es\/name\/nm0294379\/\" target=\"_blank\">Juan Carlos Fresnadillo<\/a> recordemos <a href=\"https:\/\/uruloki.org\/felipeblog\/cine-de-ciencia-ficcin\/matt-reeves-es-el-elegido-para-dirigir-twilight-zone-juan-carlos-fresnadillo-abandona-the-crow-y-f-javier-gutierrez-es-su-posible-sustituto-genial-ttrico-trailer-de-the-woman-in-b\" target=\"_blank\">abandon&oacute; el proyecto<\/a>, lo mismo que <a href=\"http:\/\/spanish.imdb.com\/name\/nm0177896\/\" target=\"_blank\">Bradley Cooper<\/a>, hace un tiempo, as&iacute; que ahora todo parte de nuevo desde cero.<\/p>\n","protected":false},"excerpt":{"rendered":"<p>Tras un domingo de merecido descanso donde aprovech&eacute; para completar la semana de cine viendo Los descendientes (The Descendants, 2011) de Alexander Payne, es momento de volver a las andadas con una nueva entrada con noticias t&iacute;picas de lunes. Para ello nada mejor que comenzar con unas interesantes declaraciones del productor \/ presidente de Marvel [&hellip;]<\/p>\n","protected":false},"author":28,"featured_media":0,"comment_status":"open","ping_status":"open","sticky":false,"template":"","format":"standard","meta":{"footnotes":""},"categories":[1607,10,8,12,9],"tags":[516,3383,1097,93,717,1623],"class_list":["post-7108","post","type-post","status-publish","format-standard","hentry","category-alien","category-cine-de-comics","category-cine-de-ciencia-ficcion","category-cine-de-fantasia","category-cine-de-terror","tag-elfquest","tag-prometheus","tag-snow-piercer","tag-the-avengers","tag-the-crow","tag-the-stand"],"yoast_head":"<!-- This site is optimized with the Yoast SEO plugin v24.3 - https:\/\/yoast.com\/wordpress\/plugins\/seo\/ -->\n<title>Kevin Feige lo deja claro y confirma que &quot;no habr&aacute; guerreros Skrull ni Cr&aacute;neo Rojo en Los Vengadores&quot;, un nuevo cartel internacional para Prometheus, la adaptaci&oacute;n de &quot;The Stand \/ La danza de la muerte \/ Apocalipsis&quot; incorpora guionista, John Hurt se compra un billete para el tren de Snow Piercer, la adaptaci&oacute;n de &quot;ElfQuest&quot; aparentemente cancelada y The Crow revive tras el pelillos a la mar entre Relativiy Media y The Weinstein Company... - Uruloki :: Blog<\/title>\n<meta name=\"robots\" content=\"index, follow, max-snippet:-1, max-image-preview:large, max-video-preview:-1\" \/>\n<link rel=\"canonical\" href=\"https:\/\/www.uruloki.org\/felipeblog\/cine-de-ciencia-ficcion\/kevin-feige-lo-deja-claro-y-confirma-que-no-habr-guerreros-skrull-ni-crneo-rojo-en-los-vengadores-un-nuevo-cartel-internacional-para-prometheus-la-adaptacin-de-q\" \/>\n<meta property=\"og:locale\" content=\"es_ES\" \/>\n<meta property=\"og:type\" content=\"article\" \/>\n<meta property=\"og:title\" content=\"Kevin Feige lo deja claro y confirma que &quot;no habr&aacute; guerreros Skrull ni Cr&aacute;neo Rojo en Los Vengadores&quot;, un nuevo cartel internacional para Prometheus, la adaptaci&oacute;n de &quot;The Stand \/ La danza de la muerte \/ Apocalipsis&quot; incorpora guionista, John Hurt se compra un billete para el tren de Snow Piercer, la adaptaci&oacute;n de &quot;ElfQuest&quot; aparentemente cancelada y The Crow revive tras el pelillos a la mar entre Relativiy Media y The Weinstein Company... - Uruloki :: Blog\" \/>\n<meta property=\"og:description\" content=\"Tras un domingo de merecido descanso donde aprovech&eacute; para completar la semana de cine viendo Los descendientes (The Descendants, 2011) de Alexander Payne, es momento de volver a las andadas con una nueva entrada con noticias t&iacute;picas de lunes. Para ello nada mejor que comenzar con unas interesantes declaraciones del productor \/ presidente de Marvel [&hellip;]\" \/>\n<meta property=\"og:url\" content=\"https:\/\/www.uruloki.org\/felipeblog\/cine-de-ciencia-ficcion\/kevin-feige-lo-deja-claro-y-confirma-que-no-habr-guerreros-skrull-ni-crneo-rojo-en-los-vengadores-un-nuevo-cartel-internacional-para-prometheus-la-adaptacin-de-q\" \/>\n<meta property=\"og:site_name\" content=\"Uruloki :: Blog\" \/>\n<meta property=\"article:publisher\" content=\"https:\/\/www.facebook.com\/uruloki.org\" \/>\n<meta property=\"article:published_time\" content=\"2012-01-23T19:39:51+00:00\" \/>\n<meta property=\"og:image\" content=\"https:\/\/uruloki.org\/felipeblog\/images2012-1\/20120123_avengers.jpg\" \/>\n<meta name=\"author\" content=\"Uruloki\" \/>\n<meta name=\"twitter:card\" content=\"summary_large_image\" \/>\n<meta name=\"twitter:creator\" content=\"@uruloki\" \/>\n<meta name=\"twitter:site\" content=\"@uruloki\" \/>\n<meta name=\"twitter:label1\" content=\"Escrito por\" \/>\n\t<meta name=\"twitter:data1\" content=\"Uruloki\" \/>\n\t<meta name=\"twitter:label2\" content=\"Tiempo de lectura\" \/>\n\t<meta name=\"twitter:data2\" content=\"5 minutos\" \/>\n<script type=\"application\/ld+json\" class=\"yoast-schema-graph\">{\"@context\":\"https:\/\/schema.org\",\"@graph\":[{\"@type\":\"WebPage\",\"@id\":\"https:\/\/www.uruloki.org\/felipeblog\/cine-de-ciencia-ficcion\/kevin-feige-lo-deja-claro-y-confirma-que-no-habr-guerreros-skrull-ni-crneo-rojo-en-los-vengadores-un-nuevo-cartel-internacional-para-prometheus-la-adaptacin-de-q\",\"url\":\"https:\/\/www.uruloki.org\/felipeblog\/cine-de-ciencia-ficcion\/kevin-feige-lo-deja-claro-y-confirma-que-no-habr-guerreros-skrull-ni-crneo-rojo-en-los-vengadores-un-nuevo-cartel-internacional-para-prometheus-la-adaptacin-de-q\",\"name\":\"Kevin Feige lo deja claro y confirma que &quot;no habr&aacute; guerreros Skrull ni Cr&aacute;neo Rojo en Los Vengadores&quot;, un nuevo cartel internacional para Prometheus, la adaptaci&oacute;n de &quot;The Stand \/ La danza de la muerte \/ Apocalipsis&quot; incorpora guionista, John Hurt se compra un billete para el tren de Snow Piercer, la adaptaci&oacute;n de &quot;ElfQuest&quot; aparentemente cancelada y The Crow revive tras el pelillos a la mar entre Relativiy Media y The Weinstein Company... - Uruloki :: Blog\",\"isPartOf\":{\"@id\":\"https:\/\/www.uruloki.org\/felipeblog\/#website\"},\"primaryImageOfPage\":{\"@id\":\"https:\/\/www.uruloki.org\/felipeblog\/cine-de-ciencia-ficcion\/kevin-feige-lo-deja-claro-y-confirma-que-no-habr-guerreros-skrull-ni-crneo-rojo-en-los-vengadores-un-nuevo-cartel-internacional-para-prometheus-la-adaptacin-de-q#primaryimage\"},\"image\":{\"@id\":\"https:\/\/www.uruloki.org\/felipeblog\/cine-de-ciencia-ficcion\/kevin-feige-lo-deja-claro-y-confirma-que-no-habr-guerreros-skrull-ni-crneo-rojo-en-los-vengadores-un-nuevo-cartel-internacional-para-prometheus-la-adaptacin-de-q#primaryimage\"},\"thumbnailUrl\":\"https:\/\/uruloki.org\/felipeblog\/images2012-1\/20120123_avengers.jpg\",\"datePublished\":\"2012-01-23T19:39:51+00:00\",\"dateModified\":\"2012-01-23T19:39:51+00:00\",\"author\":{\"@id\":\"https:\/\/www.uruloki.org\/felipeblog\/#\/schema\/person\/ddba06ddaa27edf0c370460d05c51bb3\"},\"breadcrumb\":{\"@id\":\"https:\/\/www.uruloki.org\/felipeblog\/cine-de-ciencia-ficcion\/kevin-feige-lo-deja-claro-y-confirma-que-no-habr-guerreros-skrull-ni-crneo-rojo-en-los-vengadores-un-nuevo-cartel-internacional-para-prometheus-la-adaptacin-de-q#breadcrumb\"},\"inLanguage\":\"es\",\"potentialAction\":[{\"@type\":\"ReadAction\",\"target\":[\"https:\/\/www.uruloki.org\/felipeblog\/cine-de-ciencia-ficcion\/kevin-feige-lo-deja-claro-y-confirma-que-no-habr-guerreros-skrull-ni-crneo-rojo-en-los-vengadores-un-nuevo-cartel-internacional-para-prometheus-la-adaptacin-de-q\"]}]},{\"@type\":\"ImageObject\",\"inLanguage\":\"es\",\"@id\":\"https:\/\/www.uruloki.org\/felipeblog\/cine-de-ciencia-ficcion\/kevin-feige-lo-deja-claro-y-confirma-que-no-habr-guerreros-skrull-ni-crneo-rojo-en-los-vengadores-un-nuevo-cartel-internacional-para-prometheus-la-adaptacin-de-q#primaryimage\",\"url\":\"https:\/\/uruloki.org\/felipeblog\/images2012-1\/20120123_avengers.jpg\",\"contentUrl\":\"https:\/\/uruloki.org\/felipeblog\/images2012-1\/20120123_avengers.jpg\"},{\"@type\":\"BreadcrumbList\",\"@id\":\"https:\/\/www.uruloki.org\/felipeblog\/cine-de-ciencia-ficcion\/kevin-feige-lo-deja-claro-y-confirma-que-no-habr-guerreros-skrull-ni-crneo-rojo-en-los-vengadores-un-nuevo-cartel-internacional-para-prometheus-la-adaptacin-de-q#breadcrumb\",\"itemListElement\":[{\"@type\":\"ListItem\",\"position\":1,\"name\":\"Portada\",\"item\":\"https:\/\/www.uruloki.org\/felipeblog\"},{\"@type\":\"ListItem\",\"position\":2,\"name\":\"Kevin Feige lo deja claro y confirma que &quot;no habr&aacute; guerreros Skrull ni Cr&aacute;neo Rojo en Los Vengadores&quot;, un nuevo cartel internacional para Prometheus, la adaptaci&oacute;n de &quot;The Stand \/ La danza de la muerte \/ Apocalipsis&quot; incorpora guionista, John Hurt se compra un billete para el tren de Snow Piercer, la adaptaci&oacute;n de &quot;ElfQuest&quot; aparentemente cancelada y The Crow revive tras el pelillos a la mar entre Relativiy Media y The Weinstein Company&#8230;\"}]},{\"@type\":\"WebSite\",\"@id\":\"https:\/\/www.uruloki.org\/felipeblog\/#website\",\"url\":\"https:\/\/www.uruloki.org\/felipeblog\/\",\"name\":\"Uruloki :: Blog\",\"description\":\"Blog de cine, terror, ciencia ficci\u00f3n, fantas\u00eda y c\u00f3mics\",\"potentialAction\":[{\"@type\":\"SearchAction\",\"target\":{\"@type\":\"EntryPoint\",\"urlTemplate\":\"https:\/\/www.uruloki.org\/felipeblog\/?s={search_term_string}\"},\"query-input\":{\"@type\":\"PropertyValueSpecification\",\"valueRequired\":true,\"valueName\":\"search_term_string\"}}],\"inLanguage\":\"es\"},{\"@type\":\"Person\",\"@id\":\"https:\/\/www.uruloki.org\/felipeblog\/#\/schema\/person\/ddba06ddaa27edf0c370460d05c51bb3\",\"name\":\"Uruloki\",\"image\":{\"@type\":\"ImageObject\",\"inLanguage\":\"es\",\"@id\":\"https:\/\/www.uruloki.org\/felipeblog\/#\/schema\/person\/image\/\",\"url\":\"https:\/\/secure.gravatar.com\/avatar\/68d5301c5f52ba88fd63f02c75b8c4d1b3c3fc4b21e2998a1e98c4b3a54d9f7c?s=96&d=mm&r=g\",\"contentUrl\":\"https:\/\/secure.gravatar.com\/avatar\/68d5301c5f52ba88fd63f02c75b8c4d1b3c3fc4b21e2998a1e98c4b3a54d9f7c?s=96&d=mm&r=g\",\"caption\":\"Uruloki\"},\"sameAs\":[\"https:\/\/uruloki.org\"],\"url\":\"https:\/\/www.uruloki.org\/felipeblog\/author\/admin-2-2-2\"}]}<\/script>\n<!-- \/ Yoast SEO plugin. -->","yoast_head_json":{"title":"Kevin Feige lo deja claro y confirma que &quot;no habr&aacute; guerreros Skrull ni Cr&aacute;neo Rojo en Los Vengadores&quot;, un nuevo cartel internacional para Prometheus, la adaptaci&oacute;n de &quot;The Stand \/ La danza de la muerte \/ Apocalipsis&quot; incorpora guionista, John Hurt se compra un billete para el tren de Snow Piercer, la adaptaci&oacute;n de &quot;ElfQuest&quot; aparentemente cancelada y The Crow revive tras el pelillos a la mar entre Relativiy Media y The Weinstein Company... - Uruloki :: Blog","robots":{"index":"index","follow":"follow","max-snippet":"max-snippet:-1","max-image-preview":"max-image-preview:large","max-video-preview":"max-video-preview:-1"},"canonical":"https:\/\/www.uruloki.org\/felipeblog\/cine-de-ciencia-ficcion\/kevin-feige-lo-deja-claro-y-confirma-que-no-habr-guerreros-skrull-ni-crneo-rojo-en-los-vengadores-un-nuevo-cartel-internacional-para-prometheus-la-adaptacin-de-q","og_locale":"es_ES","og_type":"article","og_title":"Kevin Feige lo deja claro y confirma que &quot;no habr&aacute; guerreros Skrull ni Cr&aacute;neo Rojo en Los Vengadores&quot;, un nuevo cartel internacional para Prometheus, la adaptaci&oacute;n de &quot;The Stand \/ La danza de la muerte \/ Apocalipsis&quot; incorpora guionista, John Hurt se compra un billete para el tren de Snow Piercer, la adaptaci&oacute;n de &quot;ElfQuest&quot; aparentemente cancelada y The Crow revive tras el pelillos a la mar entre Relativiy Media y The Weinstein Company... - Uruloki :: Blog","og_description":"Tras un domingo de merecido descanso donde aprovech&eacute; para completar la semana de cine viendo Los descendientes (The Descendants, 2011) de Alexander Payne, es momento de volver a las andadas con una nueva entrada con noticias t&iacute;picas de lunes. Para ello nada mejor que comenzar con unas interesantes declaraciones del productor \/ presidente de Marvel [&hellip;]","og_url":"https:\/\/www.uruloki.org\/felipeblog\/cine-de-ciencia-ficcion\/kevin-feige-lo-deja-claro-y-confirma-que-no-habr-guerreros-skrull-ni-crneo-rojo-en-los-vengadores-un-nuevo-cartel-internacional-para-prometheus-la-adaptacin-de-q","og_site_name":"Uruloki :: Blog","article_publisher":"https:\/\/www.facebook.com\/uruloki.org","article_published_time":"2012-01-23T19:39:51+00:00","og_image":[{"url":"https:\/\/uruloki.org\/felipeblog\/images2012-1\/20120123_avengers.jpg","type":"","width":"","height":""}],"author":"Uruloki","twitter_card":"summary_large_image","twitter_creator":"@uruloki","twitter_site":"@uruloki","twitter_misc":{"Escrito por":"Uruloki","Tiempo de lectura":"5 minutos"},"schema":{"@context":"https:\/\/schema.org","@graph":[{"@type":"WebPage","@id":"https:\/\/www.uruloki.org\/felipeblog\/cine-de-ciencia-ficcion\/kevin-feige-lo-deja-claro-y-confirma-que-no-habr-guerreros-skrull-ni-crneo-rojo-en-los-vengadores-un-nuevo-cartel-internacional-para-prometheus-la-adaptacin-de-q","url":"https:\/\/www.uruloki.org\/felipeblog\/cine-de-ciencia-ficcion\/kevin-feige-lo-deja-claro-y-confirma-que-no-habr-guerreros-skrull-ni-crneo-rojo-en-los-vengadores-un-nuevo-cartel-internacional-para-prometheus-la-adaptacin-de-q","name":"Kevin Feige lo deja claro y confirma que &quot;no habr&aacute; guerreros Skrull ni Cr&aacute;neo Rojo en Los Vengadores&quot;, un nuevo cartel internacional para Prometheus, la adaptaci&oacute;n de &quot;The Stand \/ La danza de la muerte \/ Apocalipsis&quot; incorpora guionista, John Hurt se compra un billete para el tren de Snow Piercer, la adaptaci&oacute;n de &quot;ElfQuest&quot; aparentemente cancelada y The Crow revive tras el pelillos a la mar entre Relativiy Media y The Weinstein Company... - Uruloki :: Blog","isPartOf":{"@id":"https:\/\/www.uruloki.org\/felipeblog\/#website"},"primaryImageOfPage":{"@id":"https:\/\/www.uruloki.org\/felipeblog\/cine-de-ciencia-ficcion\/kevin-feige-lo-deja-claro-y-confirma-que-no-habr-guerreros-skrull-ni-crneo-rojo-en-los-vengadores-un-nuevo-cartel-internacional-para-prometheus-la-adaptacin-de-q#primaryimage"},"image":{"@id":"https:\/\/www.uruloki.org\/felipeblog\/cine-de-ciencia-ficcion\/kevin-feige-lo-deja-claro-y-confirma-que-no-habr-guerreros-skrull-ni-crneo-rojo-en-los-vengadores-un-nuevo-cartel-internacional-para-prometheus-la-adaptacin-de-q#primaryimage"},"thumbnailUrl":"https:\/\/uruloki.org\/felipeblog\/images2012-1\/20120123_avengers.jpg","datePublished":"2012-01-23T19:39:51+00:00","dateModified":"2012-01-23T19:39:51+00:00","author":{"@id":"https:\/\/www.uruloki.org\/felipeblog\/#\/schema\/person\/ddba06ddaa27edf0c370460d05c51bb3"},"breadcrumb":{"@id":"https:\/\/www.uruloki.org\/felipeblog\/cine-de-ciencia-ficcion\/kevin-feige-lo-deja-claro-y-confirma-que-no-habr-guerreros-skrull-ni-crneo-rojo-en-los-vengadores-un-nuevo-cartel-internacional-para-prometheus-la-adaptacin-de-q#breadcrumb"},"inLanguage":"es","potentialAction":[{"@type":"ReadAction","target":["https:\/\/www.uruloki.org\/felipeblog\/cine-de-ciencia-ficcion\/kevin-feige-lo-deja-claro-y-confirma-que-no-habr-guerreros-skrull-ni-crneo-rojo-en-los-vengadores-un-nuevo-cartel-internacional-para-prometheus-la-adaptacin-de-q"]}]},{"@type":"ImageObject","inLanguage":"es","@id":"https:\/\/www.uruloki.org\/felipeblog\/cine-de-ciencia-ficcion\/kevin-feige-lo-deja-claro-y-confirma-que-no-habr-guerreros-skrull-ni-crneo-rojo-en-los-vengadores-un-nuevo-cartel-internacional-para-prometheus-la-adaptacin-de-q#primaryimage","url":"https:\/\/uruloki.org\/felipeblog\/images2012-1\/20120123_avengers.jpg","contentUrl":"https:\/\/uruloki.org\/felipeblog\/images2012-1\/20120123_avengers.jpg"},{"@type":"BreadcrumbList","@id":"https:\/\/www.uruloki.org\/felipeblog\/cine-de-ciencia-ficcion\/kevin-feige-lo-deja-claro-y-confirma-que-no-habr-guerreros-skrull-ni-crneo-rojo-en-los-vengadores-un-nuevo-cartel-internacional-para-prometheus-la-adaptacin-de-q#breadcrumb","itemListElement":[{"@type":"ListItem","position":1,"name":"Portada","item":"https:\/\/www.uruloki.org\/felipeblog"},{"@type":"ListItem","position":2,"name":"Kevin Feige lo deja claro y confirma que &quot;no habr&aacute; guerreros Skrull ni Cr&aacute;neo Rojo en Los Vengadores&quot;, un nuevo cartel internacional para Prometheus, la adaptaci&oacute;n de &quot;The Stand \/ La danza de la muerte \/ Apocalipsis&quot; incorpora guionista, John Hurt se compra un billete para el tren de Snow Piercer, la adaptaci&oacute;n de &quot;ElfQuest&quot; aparentemente cancelada y The Crow revive tras el pelillos a la mar entre Relativiy Media y The Weinstein Company&#8230;"}]},{"@type":"WebSite","@id":"https:\/\/www.uruloki.org\/felipeblog\/#website","url":"https:\/\/www.uruloki.org\/felipeblog\/","name":"Uruloki :: Blog","description":"Blog de cine, terror, ciencia ficci\u00f3n, fantas\u00eda y c\u00f3mics","potentialAction":[{"@type":"SearchAction","target":{"@type":"EntryPoint","urlTemplate":"https:\/\/www.uruloki.org\/felipeblog\/?s={search_term_string}"},"query-input":{"@type":"PropertyValueSpecification","valueRequired":true,"valueName":"search_term_string"}}],"inLanguage":"es"},{"@type":"Person","@id":"https:\/\/www.uruloki.org\/felipeblog\/#\/schema\/person\/ddba06ddaa27edf0c370460d05c51bb3","name":"Uruloki","image":{"@type":"ImageObject","inLanguage":"es","@id":"https:\/\/www.uruloki.org\/felipeblog\/#\/schema\/person\/image\/","url":"https:\/\/secure.gravatar.com\/avatar\/68d5301c5f52ba88fd63f02c75b8c4d1b3c3fc4b21e2998a1e98c4b3a54d9f7c?s=96&d=mm&r=g","contentUrl":"https:\/\/secure.gravatar.com\/avatar\/68d5301c5f52ba88fd63f02c75b8c4d1b3c3fc4b21e2998a1e98c4b3a54d9f7c?s=96&d=mm&r=g","caption":"Uruloki"},"sameAs":["https:\/\/uruloki.org"],"url":"https:\/\/www.uruloki.org\/felipeblog\/author\/admin-2-2-2"}]}},"_links":{"self":[{"href":"https:\/\/www.uruloki.org\/felipeblog\/wp-json\/wp\/v2\/posts\/7108","targetHints":{"allow":["GET"]}}],"collection":[{"href":"https:\/\/www.uruloki.org\/felipeblog\/wp-json\/wp\/v2\/posts"}],"about":[{"href":"https:\/\/www.uruloki.org\/felipeblog\/wp-json\/wp\/v2\/types\/post"}],"author":[{"embeddable":true,"href":"https:\/\/www.uruloki.org\/felipeblog\/wp-json\/wp\/v2\/users\/28"}],"replies":[{"embeddable":true,"href":"https:\/\/www.uruloki.org\/felipeblog\/wp-json\/wp\/v2\/comments?post=7108"}],"version-history":[{"count":1,"href":"https:\/\/www.uruloki.org\/felipeblog\/wp-json\/wp\/v2\/posts\/7108\/revisions"}],"predecessor-version":[{"id":7109,"href":"https:\/\/www.uruloki.org\/felipeblog\/wp-json\/wp\/v2\/posts\/7108\/revisions\/7109"}],"wp:attachment":[{"href":"https:\/\/www.uruloki.org\/felipeblog\/wp-json\/wp\/v2\/media?parent=7108"}],"wp:term":[{"taxonomy":"category","embeddable":true,"href":"https:\/\/www.uruloki.org\/felipeblog\/wp-json\/wp\/v2\/categories?post=7108"},{"taxonomy":"post_tag","embeddable":true,"href":"https:\/\/www.uruloki.org\/felipeblog\/wp-json\/wp\/v2\/tags?post=7108"}],"curies":[{"name":"wp","href":"https:\/\/api.w.org\/{rel}","templated":true}]}}