{"id":6773,"date":"2011-11-30T14:07:34","date_gmt":"2011-11-30T13:07:34","guid":{"rendered":"https:\/\/uruloki.org\/felipeblog\/?p=6773"},"modified":"2011-11-30T16:52:01","modified_gmt":"2011-11-30T15:52:01","slug":"es-este-el-largarto-que-veremos-en-the-amazing-spider-man","status":"publish","type":"post","link":"https:\/\/www.uruloki.org\/felipeblog\/cine-de-comics\/es-este-el-largarto-que-veremos-en-the-amazing-spider-man","title":{"rendered":"&iquest;Es este El Largarto que veremos en The Amazing Spider-Man?&#8230;"},"content":{"rendered":"<p>La verdad, menudo WTF con esta <a href=\"http:\/\/spidermedia.ru\/news\/amazing-spider-man-lizard-exclusive-first-look\" target=\"_blank\">imagen que acaba de sacar a la luz sujeta con pinzas SpiderMedia.ru<\/a>. Tras <a href=\"https:\/\/uruloki.org\/felipeblog\/cine-de-ciencia-ficcin\/rojizo-cartel-de-john-carter-y-los-dos-mareantes-de-hombres-de-negro-iii-en-buena-pero-peligrosa-calidad-guillermo-del-toro-habla-un-poco-del-estado-de-pacific-rim-y-el-desarrollo-de-the-hulkq\">la simp&aacute;tica versi&oacute;n PEZ de el Lagarto vista ayer<\/a>, ahora nos llega este supuesto concept art que confirmar&iacute;a la vertiente m&aacute;s comiquera del personaje&#8230; &iquest;Os convencier&iacute;a si al final se confirmara como real esta imagen del <strong>Lagarto<\/strong> para <a href=\"http:\/\/www.imdb.es\/title\/tt0948470\/\" target=\"_blank\">The Amazing Spider-Man<\/a> (2012) de <a href=\"http:\/\/www.imdb.es\/name\/nm1989536\/\" target=\"_blank\">Marc Webb<\/a>.?<\/p>\n<p class=\"centrado\"><img loading=\"lazy\" decoding=\"async\" src=\"https:\/\/uruloki.org\/felipeblog\/images2011-2\/20111130-thelizard.jpg\" alt=\"&iquest;Es este El Largarto que veremos en The Amazing Spider-Man?\" width=\"625\" height=\"469\" \/><br \/><em>&iquest;Es este El Largarto que veremos en The Amazing Spider-Man?<\/em><\/p>\n<p>Mucho ojo, <a href=\"https:\/\/uruloki.org\/felipeblog\/cine-de-ciencia-ficcin\/comic-con-2011-descripcin-de-los-paneles-de-ghost-rider-spirit-of-vengeance-the-amazing-spider-man-con-el-primer-vistazo-a-un-extrao-lagarto-todos-los-proyectos-de-legendary-pict\">en la pasada Comic-Con de San Diego 2011<\/a> los asistentes que pudieron ver el metraje de <strong>The Amazing Spider-Man<\/strong> que mostr&oacute; <strong>Sony<\/strong> describieron al <strong>Lagarto<\/strong> (<a href=\"http:\/\/www.imdb.es\/name\/nm0406975\/\" target=\"_blank\">Rhys Ifans<\/a>) como recuerdo a los dibujos de <strong>Steve Dikto<\/strong>. La descripci&oacute;n cuando aparec&iacute;a la criatura era:<\/p>\n<blockquote><p>Y el momento crucial, y un pel&iacute;n raruno, vemos a dos estudiantes en un   ba&ntilde;o hablando de uno de sus novios, todo comienza a temblar y el v&aacute;ter   se hunde&hellip; de ah&iacute; sale <strong>El Lagarto<\/strong>&hellip; de un agujero en un ba&ntilde;o femenino. Los asistentes describen el aspecto inicial de la criatura como los dibujos de <strong>Steve Ditko<\/strong> pero en pelotas. Vamos, que veremos al <strong>Lagarto<\/strong> desnudo, nada de ir con pantalones y bata de laboratorio. Cuando se le ve completo, por su tama&ntilde;o recuerda a <strong>Venom<\/strong> fusionado con el <strong>Killer Croc<\/strong> de <strong>Batman<\/strong>&hellip; algo ligeramente inesperado ya que abandona el concepto comiquero del personaje. Luego se ve como <strong>El Lagarto<\/strong> avanza hacia las chicas y las atrapa, las huele y saca su reptil&iacute;nea   lengua&hellip; fundido en negro&hellip; las fauces del monstruo devorando  la c&aacute;mara   en un t&iacute;pico plano impacto para sacarle jugo al 3D.<\/p><\/blockquote>\n<p>Por lo tanto, cada vez me da m&aacute;s en la nariz que este concept-art de la criatura apunta a posible aspecto final del personaje.<\/p>\n","protected":false},"excerpt":{"rendered":"<p>La verdad, menudo WTF con esta imagen que acaba de sacar a la luz sujeta con pinzas SpiderMedia.ru. Tras la simp&aacute;tica versi&oacute;n PEZ de el Lagarto vista ayer, ahora nos llega este supuesto concept art que confirmar&iacute;a la vertiente m&aacute;s comiquera del personaje&#8230; &iquest;Os convencier&iacute;a si al final se confirmara como real esta imagen del [&hellip;]<\/p>\n","protected":false},"author":28,"featured_media":0,"comment_status":"open","ping_status":"open","sticky":false,"template":"","format":"standard","meta":{"footnotes":""},"categories":[10,14],"tags":[1636],"class_list":["post-6773","post","type-post","status-publish","format-standard","hentry","category-cine-de-comics","category-arte-conceptual","tag-the-amazing-spider-man"],"yoast_head":"<!-- This site is optimized with the Yoast SEO plugin v24.3 - https:\/\/yoast.com\/wordpress\/plugins\/seo\/ -->\n<title>&iquest;Es este El Largarto que veremos en The Amazing Spider-Man?... - Uruloki :: Blog<\/title>\n<meta name=\"robots\" content=\"index, follow, max-snippet:-1, max-image-preview:large, max-video-preview:-1\" \/>\n<link rel=\"canonical\" href=\"https:\/\/www.uruloki.org\/felipeblog\/cine-de-comics\/es-este-el-largarto-que-veremos-en-the-amazing-spider-man\" \/>\n<meta property=\"og:locale\" content=\"es_ES\" \/>\n<meta property=\"og:type\" content=\"article\" \/>\n<meta property=\"og:title\" content=\"&iquest;Es este El Largarto que veremos en The Amazing Spider-Man?... - Uruloki :: Blog\" \/>\n<meta property=\"og:description\" content=\"La verdad, menudo WTF con esta imagen que acaba de sacar a la luz sujeta con pinzas SpiderMedia.ru. Tras la simp&aacute;tica versi&oacute;n PEZ de el Lagarto vista ayer, ahora nos llega este supuesto concept art que confirmar&iacute;a la vertiente m&aacute;s comiquera del personaje&#8230; &iquest;Os convencier&iacute;a si al final se confirmara como real esta imagen del [&hellip;]\" \/>\n<meta property=\"og:url\" content=\"https:\/\/www.uruloki.org\/felipeblog\/cine-de-comics\/es-este-el-largarto-que-veremos-en-the-amazing-spider-man\" \/>\n<meta property=\"og:site_name\" content=\"Uruloki :: Blog\" \/>\n<meta property=\"article:publisher\" content=\"https:\/\/www.facebook.com\/uruloki.org\" \/>\n<meta property=\"article:published_time\" content=\"2011-11-30T13:07:34+00:00\" \/>\n<meta property=\"article:modified_time\" content=\"2011-11-30T15:52:01+00:00\" \/>\n<meta property=\"og:image\" content=\"https:\/\/uruloki.org\/felipeblog\/images2011-2\/20111130-thelizard.jpg\" \/>\n<meta name=\"author\" content=\"Uruloki\" \/>\n<meta name=\"twitter:card\" content=\"summary_large_image\" \/>\n<meta name=\"twitter:creator\" content=\"@uruloki\" \/>\n<meta name=\"twitter:site\" content=\"@uruloki\" \/>\n<meta name=\"twitter:label1\" content=\"Escrito por\" \/>\n\t<meta name=\"twitter:data1\" content=\"Uruloki\" \/>\n\t<meta name=\"twitter:label2\" content=\"Tiempo de lectura\" \/>\n\t<meta name=\"twitter:data2\" content=\"2 minutos\" \/>\n<script type=\"application\/ld+json\" class=\"yoast-schema-graph\">{\"@context\":\"https:\/\/schema.org\",\"@graph\":[{\"@type\":\"WebPage\",\"@id\":\"https:\/\/www.uruloki.org\/felipeblog\/cine-de-comics\/es-este-el-largarto-que-veremos-en-the-amazing-spider-man\",\"url\":\"https:\/\/www.uruloki.org\/felipeblog\/cine-de-comics\/es-este-el-largarto-que-veremos-en-the-amazing-spider-man\",\"name\":\"&iquest;Es este El Largarto que veremos en The Amazing Spider-Man?... - Uruloki :: Blog\",\"isPartOf\":{\"@id\":\"https:\/\/www.uruloki.org\/felipeblog\/#website\"},\"primaryImageOfPage\":{\"@id\":\"https:\/\/www.uruloki.org\/felipeblog\/cine-de-comics\/es-este-el-largarto-que-veremos-en-the-amazing-spider-man#primaryimage\"},\"image\":{\"@id\":\"https:\/\/www.uruloki.org\/felipeblog\/cine-de-comics\/es-este-el-largarto-que-veremos-en-the-amazing-spider-man#primaryimage\"},\"thumbnailUrl\":\"https:\/\/uruloki.org\/felipeblog\/images2011-2\/20111130-thelizard.jpg\",\"datePublished\":\"2011-11-30T13:07:34+00:00\",\"dateModified\":\"2011-11-30T15:52:01+00:00\",\"author\":{\"@id\":\"https:\/\/www.uruloki.org\/felipeblog\/#\/schema\/person\/ddba06ddaa27edf0c370460d05c51bb3\"},\"breadcrumb\":{\"@id\":\"https:\/\/www.uruloki.org\/felipeblog\/cine-de-comics\/es-este-el-largarto-que-veremos-en-the-amazing-spider-man#breadcrumb\"},\"inLanguage\":\"es\",\"potentialAction\":[{\"@type\":\"ReadAction\",\"target\":[\"https:\/\/www.uruloki.org\/felipeblog\/cine-de-comics\/es-este-el-largarto-que-veremos-en-the-amazing-spider-man\"]}]},{\"@type\":\"ImageObject\",\"inLanguage\":\"es\",\"@id\":\"https:\/\/www.uruloki.org\/felipeblog\/cine-de-comics\/es-este-el-largarto-que-veremos-en-the-amazing-spider-man#primaryimage\",\"url\":\"https:\/\/uruloki.org\/felipeblog\/images2011-2\/20111130-thelizard.jpg\",\"contentUrl\":\"https:\/\/uruloki.org\/felipeblog\/images2011-2\/20111130-thelizard.jpg\"},{\"@type\":\"BreadcrumbList\",\"@id\":\"https:\/\/www.uruloki.org\/felipeblog\/cine-de-comics\/es-este-el-largarto-que-veremos-en-the-amazing-spider-man#breadcrumb\",\"itemListElement\":[{\"@type\":\"ListItem\",\"position\":1,\"name\":\"Portada\",\"item\":\"https:\/\/www.uruloki.org\/felipeblog\"},{\"@type\":\"ListItem\",\"position\":2,\"name\":\"&iquest;Es este El Largarto que veremos en The Amazing Spider-Man?&#8230;\"}]},{\"@type\":\"WebSite\",\"@id\":\"https:\/\/www.uruloki.org\/felipeblog\/#website\",\"url\":\"https:\/\/www.uruloki.org\/felipeblog\/\",\"name\":\"Uruloki :: Blog\",\"description\":\"Blog de cine, terror, ciencia ficci\u00f3n, fantas\u00eda y c\u00f3mics\",\"potentialAction\":[{\"@type\":\"SearchAction\",\"target\":{\"@type\":\"EntryPoint\",\"urlTemplate\":\"https:\/\/www.uruloki.org\/felipeblog\/?s={search_term_string}\"},\"query-input\":{\"@type\":\"PropertyValueSpecification\",\"valueRequired\":true,\"valueName\":\"search_term_string\"}}],\"inLanguage\":\"es\"},{\"@type\":\"Person\",\"@id\":\"https:\/\/www.uruloki.org\/felipeblog\/#\/schema\/person\/ddba06ddaa27edf0c370460d05c51bb3\",\"name\":\"Uruloki\",\"image\":{\"@type\":\"ImageObject\",\"inLanguage\":\"es\",\"@id\":\"https:\/\/www.uruloki.org\/felipeblog\/#\/schema\/person\/image\/\",\"url\":\"https:\/\/secure.gravatar.com\/avatar\/68d5301c5f52ba88fd63f02c75b8c4d1b3c3fc4b21e2998a1e98c4b3a54d9f7c?s=96&d=mm&r=g\",\"contentUrl\":\"https:\/\/secure.gravatar.com\/avatar\/68d5301c5f52ba88fd63f02c75b8c4d1b3c3fc4b21e2998a1e98c4b3a54d9f7c?s=96&d=mm&r=g\",\"caption\":\"Uruloki\"},\"sameAs\":[\"https:\/\/uruloki.org\"],\"url\":\"https:\/\/www.uruloki.org\/felipeblog\/author\/admin-2-2-2\"}]}<\/script>\n<!-- \/ Yoast SEO plugin. -->","yoast_head_json":{"title":"&iquest;Es este El Largarto que veremos en The Amazing Spider-Man?... - Uruloki :: Blog","robots":{"index":"index","follow":"follow","max-snippet":"max-snippet:-1","max-image-preview":"max-image-preview:large","max-video-preview":"max-video-preview:-1"},"canonical":"https:\/\/www.uruloki.org\/felipeblog\/cine-de-comics\/es-este-el-largarto-que-veremos-en-the-amazing-spider-man","og_locale":"es_ES","og_type":"article","og_title":"&iquest;Es este El Largarto que veremos en The Amazing Spider-Man?... - Uruloki :: Blog","og_description":"La verdad, menudo WTF con esta imagen que acaba de sacar a la luz sujeta con pinzas SpiderMedia.ru. Tras la simp&aacute;tica versi&oacute;n PEZ de el Lagarto vista ayer, ahora nos llega este supuesto concept art que confirmar&iacute;a la vertiente m&aacute;s comiquera del personaje&#8230; &iquest;Os convencier&iacute;a si al final se confirmara como real esta imagen del [&hellip;]","og_url":"https:\/\/www.uruloki.org\/felipeblog\/cine-de-comics\/es-este-el-largarto-que-veremos-en-the-amazing-spider-man","og_site_name":"Uruloki :: Blog","article_publisher":"https:\/\/www.facebook.com\/uruloki.org","article_published_time":"2011-11-30T13:07:34+00:00","article_modified_time":"2011-11-30T15:52:01+00:00","og_image":[{"url":"https:\/\/uruloki.org\/felipeblog\/images2011-2\/20111130-thelizard.jpg","type":"","width":"","height":""}],"author":"Uruloki","twitter_card":"summary_large_image","twitter_creator":"@uruloki","twitter_site":"@uruloki","twitter_misc":{"Escrito por":"Uruloki","Tiempo de lectura":"2 minutos"},"schema":{"@context":"https:\/\/schema.org","@graph":[{"@type":"WebPage","@id":"https:\/\/www.uruloki.org\/felipeblog\/cine-de-comics\/es-este-el-largarto-que-veremos-en-the-amazing-spider-man","url":"https:\/\/www.uruloki.org\/felipeblog\/cine-de-comics\/es-este-el-largarto-que-veremos-en-the-amazing-spider-man","name":"&iquest;Es este El Largarto que veremos en The Amazing Spider-Man?... - Uruloki :: Blog","isPartOf":{"@id":"https:\/\/www.uruloki.org\/felipeblog\/#website"},"primaryImageOfPage":{"@id":"https:\/\/www.uruloki.org\/felipeblog\/cine-de-comics\/es-este-el-largarto-que-veremos-en-the-amazing-spider-man#primaryimage"},"image":{"@id":"https:\/\/www.uruloki.org\/felipeblog\/cine-de-comics\/es-este-el-largarto-que-veremos-en-the-amazing-spider-man#primaryimage"},"thumbnailUrl":"https:\/\/uruloki.org\/felipeblog\/images2011-2\/20111130-thelizard.jpg","datePublished":"2011-11-30T13:07:34+00:00","dateModified":"2011-11-30T15:52:01+00:00","author":{"@id":"https:\/\/www.uruloki.org\/felipeblog\/#\/schema\/person\/ddba06ddaa27edf0c370460d05c51bb3"},"breadcrumb":{"@id":"https:\/\/www.uruloki.org\/felipeblog\/cine-de-comics\/es-este-el-largarto-que-veremos-en-the-amazing-spider-man#breadcrumb"},"inLanguage":"es","potentialAction":[{"@type":"ReadAction","target":["https:\/\/www.uruloki.org\/felipeblog\/cine-de-comics\/es-este-el-largarto-que-veremos-en-the-amazing-spider-man"]}]},{"@type":"ImageObject","inLanguage":"es","@id":"https:\/\/www.uruloki.org\/felipeblog\/cine-de-comics\/es-este-el-largarto-que-veremos-en-the-amazing-spider-man#primaryimage","url":"https:\/\/uruloki.org\/felipeblog\/images2011-2\/20111130-thelizard.jpg","contentUrl":"https:\/\/uruloki.org\/felipeblog\/images2011-2\/20111130-thelizard.jpg"},{"@type":"BreadcrumbList","@id":"https:\/\/www.uruloki.org\/felipeblog\/cine-de-comics\/es-este-el-largarto-que-veremos-en-the-amazing-spider-man#breadcrumb","itemListElement":[{"@type":"ListItem","position":1,"name":"Portada","item":"https:\/\/www.uruloki.org\/felipeblog"},{"@type":"ListItem","position":2,"name":"&iquest;Es este El Largarto que veremos en The Amazing Spider-Man?&#8230;"}]},{"@type":"WebSite","@id":"https:\/\/www.uruloki.org\/felipeblog\/#website","url":"https:\/\/www.uruloki.org\/felipeblog\/","name":"Uruloki :: Blog","description":"Blog de cine, terror, ciencia ficci\u00f3n, fantas\u00eda y c\u00f3mics","potentialAction":[{"@type":"SearchAction","target":{"@type":"EntryPoint","urlTemplate":"https:\/\/www.uruloki.org\/felipeblog\/?s={search_term_string}"},"query-input":{"@type":"PropertyValueSpecification","valueRequired":true,"valueName":"search_term_string"}}],"inLanguage":"es"},{"@type":"Person","@id":"https:\/\/www.uruloki.org\/felipeblog\/#\/schema\/person\/ddba06ddaa27edf0c370460d05c51bb3","name":"Uruloki","image":{"@type":"ImageObject","inLanguage":"es","@id":"https:\/\/www.uruloki.org\/felipeblog\/#\/schema\/person\/image\/","url":"https:\/\/secure.gravatar.com\/avatar\/68d5301c5f52ba88fd63f02c75b8c4d1b3c3fc4b21e2998a1e98c4b3a54d9f7c?s=96&d=mm&r=g","contentUrl":"https:\/\/secure.gravatar.com\/avatar\/68d5301c5f52ba88fd63f02c75b8c4d1b3c3fc4b21e2998a1e98c4b3a54d9f7c?s=96&d=mm&r=g","caption":"Uruloki"},"sameAs":["https:\/\/uruloki.org"],"url":"https:\/\/www.uruloki.org\/felipeblog\/author\/admin-2-2-2"}]}},"_links":{"self":[{"href":"https:\/\/www.uruloki.org\/felipeblog\/wp-json\/wp\/v2\/posts\/6773","targetHints":{"allow":["GET"]}}],"collection":[{"href":"https:\/\/www.uruloki.org\/felipeblog\/wp-json\/wp\/v2\/posts"}],"about":[{"href":"https:\/\/www.uruloki.org\/felipeblog\/wp-json\/wp\/v2\/types\/post"}],"author":[{"embeddable":true,"href":"https:\/\/www.uruloki.org\/felipeblog\/wp-json\/wp\/v2\/users\/28"}],"replies":[{"embeddable":true,"href":"https:\/\/www.uruloki.org\/felipeblog\/wp-json\/wp\/v2\/comments?post=6773"}],"version-history":[{"count":3,"href":"https:\/\/www.uruloki.org\/felipeblog\/wp-json\/wp\/v2\/posts\/6773\/revisions"}],"predecessor-version":[{"id":6776,"href":"https:\/\/www.uruloki.org\/felipeblog\/wp-json\/wp\/v2\/posts\/6773\/revisions\/6776"}],"wp:attachment":[{"href":"https:\/\/www.uruloki.org\/felipeblog\/wp-json\/wp\/v2\/media?parent=6773"}],"wp:term":[{"taxonomy":"category","embeddable":true,"href":"https:\/\/www.uruloki.org\/felipeblog\/wp-json\/wp\/v2\/categories?post=6773"},{"taxonomy":"post_tag","embeddable":true,"href":"https:\/\/www.uruloki.org\/felipeblog\/wp-json\/wp\/v2\/tags?post=6773"}],"curies":[{"name":"wp","href":"https:\/\/api.w.org\/{rel}","templated":true}]}}