{"id":6769,"date":"2011-11-29T11:46:32","date_gmt":"2011-11-29T10:46:32","guid":{"rendered":"https:\/\/uruloki.org\/felipeblog\/?p=6769"},"modified":"2011-11-29T11:46:32","modified_gmt":"2011-11-29T10:46:32","slug":"uruloki-entrevista-a-nacho-vigalondo","status":"publish","type":"post","link":"https:\/\/www.uruloki.org\/felipeblog\/cine\/uruloki-entrevista-a-nacho-vigalondo","title":{"rendered":"Uruloki entrevista a Nacho Vigalondo&#8230;"},"content":{"rendered":"<p>Las cosas que tiene la vida. Vas al <strong>Festival de Sitges<\/strong>, solicitas entrevista con <a href=\"http:\/\/www.imdb.es\/name\/nm1443023\/\" target=\"_blank\">Nacho Vigalondo<\/a>, te llaman el mismo d&iacute;a para hacerla pero est&aacute;s en el cine y no te enteras, pierdes la oportunidad, acudes a la fiesta privada de <a href=\"http:\/\/www.imdb.es\/title\/tt1757742\/\" target=\"_blank\">Emergo<\/a> (2011), te tomas unos pinchitos  con <a href=\"http:\/\/www.martinpinol.com\/\" target=\"_blank\">Mart&iacute;n Pi&ntilde;ol<\/a> y <a href=\"http:\/\/www.montecristo.cat\/\" target=\"_blank\">Marc Pastor<\/a>, parloteas con <a href=\"http:\/\/www.imdb.es\/name\/nm0181579\/\" target=\"_blank\">Rodrigo Cort&eacute;s<\/a> o <a href=\"http:\/\/www.imdb.es\/name\/nm1079001\/\" target=\"_blank\">Eugenio Mira<\/a>, te haces una foto con <a href=\"http:\/\/www.imdb.es\/name\/nm0547273\/\" target=\"_blank\">Lisa Marie<\/a> y en medio de todo, adem&aacute;s de charlar pl&aacute;cidamente concretas una entrevista con <strong>Nacho Vigalondo<\/strong> para despu&eacute;s del festival. Me ha llevado un tiempo, demasiadas ocupaciones, pero aqu&iacute; est&aacute;. Disfrutadla tanto como yo&#8230;<\/p>\n<p>Antes de hablar   de Extraterrestre quer&iacute;a comenzar la entrevista con tu vertiente m&aacute;s   medi&aacute;tica y 2.0. Probablemente eres uno de los cineastas espa&ntilde;oles   m&aacute;s activo y con m&aacute;s presencia en la red&hellip; articulista blogger, twittero,   etc. &iquest;Qu&eacute; te atrae del medio? Hay que reconocer que es un entorno   arriesgado pero eres sin embargo una persona muy activa, 100% participativa   y sin pelos en la lengua.<\/p>\n<blockquote><p>Bueno, como ya   dije en durante las &uacute;ltimas horas de mi difunto blog, no utilizo twitter,   ni ninguna   red social, desde ninguna estrategia. El principal motivo   detr&aacute;s de mis tuits es el de todo hijo de vecino, que es compartir   informaci&oacute;n y divertirme. Como cuando, entre y clase y clase, les dejabas   tebeos a tus amigos y te tirabas pedos con el sobaco. Hay un elemento   promocional inevitable, y reconozco que retuiteo las cr&iacute;ticas y rese&ntilde;as   a mis cortos y pel&iacute;culas, pero m&aacute;s all&aacute; de eso, no quiero sostener   un twitter para fans, los aburrir&iacute;a a ellos y me aburrir&iacute;a a m&iacute;.   Hace unos minutos solt&eacute; unos cuantos chistes a costa de mi condici&oacute;n   de c&aacute;ntabro  y puedes notar con tanta facilidad a los que les haces   gracia y los que te detestan al instante. Prefiero divertirme a esa   escala que hacer un tabl&oacute;n de anuncios.<\/p><\/blockquote>\n<p>Hablando de cineastas   espa&ntilde;oles y m&aacute;s concretamente esta nueva generaci&oacute;n en la que est&aacute;s   incluido. Hace unos meses, creo que fue en verano, Los Angeles Times   o The Hollywood Reporter publicaron un interesante art&iacute;culo donde destacaban   la nueva sangre que llegaba desde Espa&ntilde;a pisando fuerte. El art&iacute;culo   citaba a directores como Juan Carlos Fresnadillo, Jaume Balaguer&oacute;,   Juan Antonio Bayona, Rodrigo Cort&eacute;s&hellip; t&uacute; estabas tambi&eacute;n en la lista.   &iquest;Nos estamos adaptando al medio y m&aacute;s concretamente a los c&aacute;nones   creativos y visuales que imperan al otro lado del charco?, &iquest;qu&eacute; ha   cambiado en Espa&ntilde;a para que ahora se haga ese cine que causa furor   global en otros mercados? Y ojo, no incluyo directores como Jaume Collet-Serra   que ya han partido con ventaja al hacer carrera en Hollywood, hablo   de los que os hab&eacute;is formado aqu&iacute;.<\/p>\n<blockquote><p>Ha sido un proceso   bastante natural. Piensa que no somos la primera generaci&oacute;n que hace   un cine escapista, sin dejar de ser espa&ntilde;ol. A veces se nos considera   herederos de Spielberg y Zemeckis cuando, en realidad, los que nos abrieron   los ojos a la posibilidad de rodar tiroteos que no diesen verg&uuml;enza   en Espa&ntilde;a fueron gente como Alex de la Iglesia, Amen&aacute;bar o Urbizu.   No puedo decir que mi primera pel&iacute;cula sea m&aacute;s heredera de Cronenberg   que de Bajo Ulloa. Vamos, que aunque podamos ser la primera generaci&oacute;n   de directores que pasean sus pel&iacute;culas por las salas internacionales   con cierta soltura, no hacemos m&aacute;s que recorrer un camino que han allanado   otros.<\/p><\/blockquote>\n<p class=\"centrado\"><img loading=\"lazy\" decoding=\"async\" src=\"https:\/\/uruloki.org\/felipeblog\/images2011-2\/20111129-nachovigalondo.jpg\" alt=\"Nacho Vigalondo haciendo el canelo con el reparto masculino de Extraterrestre\" width=\"625\" height=\"415\" \/><br \/>\n  <em>Nacho Vigalondo haciendo el canelo con el reparto masculino de Extraterrestre (<a href=\"http:\/\/www.elperiodico.com\/es\/noticias\/ocio-y-cultura\/espectaculo-vigalondo-sus-actores-1179881\" target=\"_blank\">foto de El Peri&oacute;dico<\/a>)<\/em><\/p>\n<p>Eres un cineasta   que se hace de rogar. Trabajas lento pero seguro y por ahora has sacado   proyectos muy espaciados en el tiempo (quiz&aacute;s demasiado). &iquest;Cuesta   crear confianza para recibir apoyos de cara a contar con producci&oacute;n   en Espa&ntilde;a? O ahora mismo es en algunos momentos m&aacute;s &quot;<em>yo me   lo guiso yo me lo como<\/em>&quot;.<\/p>\n<blockquote><p>No me gusta caer   en el victimismo, pero si no ruedo con m&aacute;s frecuencia no es por mi   voluntad. De hecho, me gustar&iacute;a ser un cineasta &aacute;gil. Para que te   hagas a la idea,&nbsp; rod&eacute; &quot;Extraterrestre&quot; durante el desarrollo   de mi siguiente pel&iacute;cula, &quot;Windows&quot;. Y estoy escribiendo   otro gui&oacute;n min&uacute;sculo, para rodar en caso de que el desarrollo siga   alarg&aacute;ndose. Me he preguntado muchas veces por qu&eacute; &quot;Los Cronocr&iacute;menes&quot;   tard&oacute; en rodarse y distribuirse   ocho veces m&aacute;s de lo que tarda una   pel&iacute;cula espa&ntilde;ola habitual. Puede ser un buen s&iacute;ntoma o no, prefiero   dejarlo a vuestra elecci&oacute;n.<\/p><\/blockquote>\n<p>Extraterrestre   es tu segundo proyecto como director, guionista, etc. &iquest;C&oacute;mo naci&oacute;   la idea y una vez completada la aventura ha quedado como hab&iacute;as planeado?<\/p>\n<blockquote>\n<p>La idea nace de   una secuencia que imagin&eacute; en su momento, y que, mira por d&oacute;nde, es   la &uacute;nica secuencia que no se lleg&oacute; a rodar de todo el gui&oacute;n. Se trataba   del pr&oacute;logo, el encuentro entre los dos protagonistas la noche de farra   anterior a la invasi&oacute;n alien&iacute;gena. La secuencia funcionaba tan bien   por si misma, completaba tan bien el sentido de la situaci&oacute;n, que al   final resultaba redundante con el resto de la pel&iacute;cula. <\/p>\n<p>Tanto &quot;Extraterrestre&quot;   como &quot;Los Cronocr&iacute;menes&quot; son tal y como las hab&iacute;a imaginado.   As&iacute; que, de haber alg&uacute;n fallo, no puedo&nbsp; excusarme con la falta   de medios o con la incompetencia de otros. Si algo falla, es mi culpa,   al cien por cien. A veces parece exagerado afirmar que la pel&iacute;cula   es un fiel reflejo de lo que ten&iacute;as en la cabeza, pero es que, si tengo   alguna habilidad especial, es la de pensar en barato. Mi cerebro imagina   en formato crisis, desde antes de la crisis.<\/p>\n<\/blockquote>\n<p>Juan Villagr&aacute;n,   Carlos Areces, Michelle Jenner y Ra&uacute;l Cimas, por citar a los cuatro   grandes. Un reparto coral y peque&ntilde;o muy similar a lo que dispusiste   para Los Cronocr&iacute;menes. &iquest;Te da v&eacute;rtigo involucrar a demasiadas personas   o eres m&aacute;s de la opini&oacute;n de que centr&aacute;ndote en pocos actores puedes   desarrollar mejor la historia, sus relaciones, inquietudes, etc.? Vamos,   no perderte entre el ciento y la madre poniendo todo el esfuerzo en   pocos y bien avenidos.<\/p>\n<blockquote><p>Jam&aacute;s me he visto   en la situaci&oacute;n de rebajar personajes de un gui&oacute;n por miedo a que   se diluya el drama. En realidad, mis historias nacen peque&ntilde;as. S&iacute;,   es un filia, pero no tiene un sentido pr&aacute;ctico. Piensa que, con un   casting reducido, m&aacute;s que eliminar las dificultades que genera un elenco   normal, las est&aacute;s cambiando por otras. De acuerdo, ahora tengo m&aacute;s   espacio para dedicar a cada personaje, pero, a la vez, las posibilidades   de aburrir al p&uacute;blico se multiplican. Creo que mi atracci&oacute;n por las   escasas localizaciones y el casting peque&ntilde;o es algo m&aacute;s instintivo.   Me gusta la energ&iacute;a que despiden ese tipo de relatos, no tengo mayor   explicaci&oacute;n.<\/p><\/blockquote>\n<p>En Extraterrestre   has hecho uso de un g&eacute;nero como la ciencia ficci&oacute;n para contar una   historia rom&aacute;ntica con toques c&oacute;micos y apocal&iacute;pticos. Tu Extraterrestre   encaja en este g&eacute;nero tan espec&iacute;fico que sin embargo queda en segundo   plano y apuestas m&aacute;s por sacar todo el jugo posible a otros temas muchos   m&aacute;s mundanos y cercanos al p&uacute;blico general. &iquest;Una nueva apuesta para   el cine patrio y una demostraci&oacute;n de que hay que innovar sin miedo?<\/p>\n<blockquote><p>Me siento halagado   por la pregunta, pero jam&aacute;s pienso en esos t&eacute;rminos. Ni creo que lo   haga ning&uacute;n director honesto. Intento esforzarme por hacer un producto   que sea personal, sincero, que salga del coraz&oacute;n, y a la vez pueda   ser disfrutable por un japon&eacute;s. A partir de ah&iacute;, si mis pel&iacute;culas   aportan algo al conjunto de cine de mi pa&iacute;s, y contienen algo que pueda   ser innovador para alguien, estoy encantado. Pero, cuando escribo me   olvido completamente de conceptos como &quot;cine espa&ntilde;ol&quot;, ni   como algo a seguir, ni como algo a esquivar. <\/p><\/blockquote>\n<p>A este respecto,   &iquest;temes que a la gente le cueste aceptar que no estamos ante otra rareza   de ciencia ficci&oacute;n como fue Los cronocr&iacute;menes? Y ojo, porque tras   su pase en Sitges 2011 la impresi&oacute;n que dio es que la gente sal&iacute;a   encantada con lo que hab&iacute;a visto&#8230; yo entre ellos. (Al final somos   todos unos rom&aacute;nticos)<\/p>\n<blockquote><p>S&eacute; que con esta   pel&iacute;cula estoy desorientando al que esperaba de m&iacute; otro thriller con   vueltas de tuerca. Y s&eacute; que ha habido alg&uacute;n espectador frustrado,   sobre todo en Estados Unidos, donde hay un culto a &quot;Los Cronocr&iacute;menes&quot;   mayor que en Espa&ntilde;a, y donde no mucha gente sab&iacute;a que casi todos mis   cortometrajes son c&oacute;micos. Una vez m&aacute;s, este cambio de g&eacute;nero no   ha sido un hecho premeditado. Pero a posteriori agradezco haber hecho   una pel&iacute;cula que quiz&aacute;s ampl&iacute;e la expectativa acerca de lo que puedo   llegar a hacer en un futuro. Siempre digo que si los Hermanos Coen son   los directores m&aacute;s libres a d&iacute;a de hoy es por, entre otras cosas,   haber debutado con &quot;Sangre F&aacute;cil&quot;, y despu&eacute;s rodar &quot;Arizona   Baby&quot;, toma ya.<\/p><\/blockquote>\n<p>Extraterrestre   est&aacute; viajando bastante festivaleramente hablando&hellip; TIFF, Fantastic   Fest donde Villagr&aacute;n adem&aacute;s se llev&oacute; el premio al mejor actor, San   Sebasti&aacute;n, Sitges. &iquest;Lograr&aacute;s tener m&aacute;s suerte con la distribuci&oacute;n   comercial del film respecto a Los cronocr&iacute;menes?, &iquest;ves ya la luz al   final del t&uacute;nel de esta tu &uacute;ltima pel&iacute;cula?<\/p>\n<blockquote><p>S&iacute;, tenemos ya   distribuci&oacute;n cerrada para Espa&ntilde;a, y la fecha, que rondar&aacute; Marzo,   est&aacute; a punto de confirmarse.&nbsp; Por lo dem&aacute;s, hemos vendido en   casi todos los territorios extranjeros. Vamos, que esta vez respiro.   De momento. <\/p><\/blockquote>\n<p>Hablemos un poco   del futuro. Por ah&iacute; tienes Windows. &iquest;Qu&eacute; nos puedes contar de esta   apuesta? Por las &uacute;ltimas entrevistas o charlas que has concedido en   otros medios se comenta que este es tu siguiente proyecto. Siendo tan   2.0, &iquest;no ser&aacute; Windows un reflejo de tu propia experiencia en el potente   im&aacute;n social que golpea hoy en d&iacute;a Internet?<\/p>\n<blockquote><p>No, no. El proyecto   nace con la intenci&oacute;n de recolocar el thriller voyeur&iacute;stico marca   Hitchcock &#8211; De Palma en el contexto de Internet, donde se ajusta como   un guante. Por eso el t&iacute;tulo, que es una actualizaci&oacute;n de &quot;Rear   Window&quot;. No tiene nada que ver con experiencias personales, o al   menos espero que nunca lo sean. &iquest;Has visto Blow Out? Los tiros van   por ah&iacute;.<\/p><\/blockquote>\n<p>El otro proyecto   del que se habla es Supercrocks basado en un c&oacute;mic \/ idea de Mark Millar.   En primer lugar tienes que contarnos qu&eacute; te ha atra&iacute;do del proyecto,   eres el primer espa&ntilde;ol que se aventura en terreno de c&oacute;mic con aroma   y relevancia internacional. Y segundo&hellip; Mark Millar&hellip; &iquest;c&oacute;mo lo has   hecho? Uno es conocerlo, otro que te presente la propuesta, compartir   tertulias e incluso un caf&eacute;.<\/p>\n<blockquote><p>Soy fan de Mark   Millar desde antes de que se hiciese popular, mi admiraci&oacute;n por su   obra es total. Es extra&ntilde;o, siendo tan admirador de los planteamientos   peque&ntilde;os me pas&eacute; todos los 00 imagin&aacute;ndome el placer de adaptar The   Ultimates, con todos esos adultos al l&iacute;mite y esos di&aacute;logos entre   el blockbuster y la bajona. Tuve la suerte de poder ganar una subasta   con fines ben&eacute;ficos y ganar UNA MERIENDA con &eacute;l hace unos a&ntilde;os. Nuestra   relaci&oacute;n se limit&oacute; a emails espor&aacute;dicos hasta que, a comienzos de   este a&ntilde;o empezamos a hablar en serio. Te confieso que esto &uacute;ltimo   coincidi&oacute; con las fechas en las que sucedi&oacute; el esc&aacute;ndalo de la broma&nbsp;   en mi twitter. Yo le linkaba las declaraciones de los medios, traduci&eacute;ndole   las partes m&aacute;s potentes y casi pod&iacute;a o&iacute;r sus carcajadas desde Escocia.   Millar no es ajeno a las pol&eacute;micas chorra, y creo que se sinti&oacute; bastante   identificado conmigo. &iexcl;Creo que me lo gan&eacute; ley&eacute;ndole la columna que   me dedic&oacute; Jim&eacute;nez  Losantoss! A partir de ah&iacute;, pasar una semana en su   casa de Glasgow dise&ntilde;ando Supercrooks y compartiendo cotilleos ha sido   de lo mejor que me ha pasado en mi vida.<\/p><\/blockquote>\n<p><span class=\"nota\"><strong>&nbsp;NOTA&nbsp;<\/strong><\/span> <a href=\"http:\/\/www.flickr.com\/photos\/uruloki\/sets\/72157627899798282\/\" target=\"_blank\">Aqu&iacute; las pocas fotos que hice en Sitges 2011<\/a>.<\/p>\n","protected":false},"excerpt":{"rendered":"<p>Las cosas que tiene la vida. Vas al Festival de Sitges, solicitas entrevista con Nacho Vigalondo, te llaman el mismo d&iacute;a para hacerla pero est&aacute;s en el cine y no te enteras, pierdes la oportunidad, acudes a la fiesta privada de Emergo (2011), te tomas unos pinchitos con Mart&iacute;n Pi&ntilde;ol y Marc Pastor, parloteas con [&hellip;]<\/p>\n","protected":false},"author":28,"featured_media":0,"comment_status":"open","ping_status":"open","sticky":false,"template":"","format":"standard","meta":{"footnotes":""},"categories":[6,10,8,1510],"tags":[1471,89,1695,1869],"class_list":["post-6769","post","type-post","status-publish","format-standard","hentry","category-cine","category-cine-de-comics","category-cine-de-ciencia-ficcion","category-entrevistas","tag-extraterrestre","tag-los-cronocrimenes","tag-supercrooks","tag-windows"],"yoast_head":"<!-- This site is optimized with the Yoast SEO plugin v24.3 - https:\/\/yoast.com\/wordpress\/plugins\/seo\/ -->\n<title>Uruloki entrevista a Nacho Vigalondo... - Uruloki :: Blog<\/title>\n<meta name=\"robots\" content=\"index, follow, max-snippet:-1, max-image-preview:large, max-video-preview:-1\" \/>\n<link rel=\"canonical\" href=\"https:\/\/www.uruloki.org\/felipeblog\/cine\/uruloki-entrevista-a-nacho-vigalondo\" \/>\n<meta property=\"og:locale\" content=\"es_ES\" \/>\n<meta property=\"og:type\" content=\"article\" \/>\n<meta property=\"og:title\" content=\"Uruloki entrevista a Nacho Vigalondo... - Uruloki :: Blog\" \/>\n<meta property=\"og:description\" content=\"Las cosas que tiene la vida. Vas al Festival de Sitges, solicitas entrevista con Nacho Vigalondo, te llaman el mismo d&iacute;a para hacerla pero est&aacute;s en el cine y no te enteras, pierdes la oportunidad, acudes a la fiesta privada de Emergo (2011), te tomas unos pinchitos con Mart&iacute;n Pi&ntilde;ol y Marc Pastor, parloteas con [&hellip;]\" \/>\n<meta property=\"og:url\" content=\"https:\/\/www.uruloki.org\/felipeblog\/cine\/uruloki-entrevista-a-nacho-vigalondo\" \/>\n<meta property=\"og:site_name\" content=\"Uruloki :: Blog\" \/>\n<meta property=\"article:publisher\" content=\"https:\/\/www.facebook.com\/uruloki.org\" \/>\n<meta property=\"article:published_time\" content=\"2011-11-29T10:46:32+00:00\" \/>\n<meta property=\"og:image\" content=\"https:\/\/uruloki.org\/felipeblog\/images2011-2\/20111129-nachovigalondo.jpg\" \/>\n<meta name=\"author\" content=\"Uruloki\" \/>\n<meta name=\"twitter:card\" content=\"summary_large_image\" \/>\n<meta name=\"twitter:creator\" content=\"@uruloki\" \/>\n<meta name=\"twitter:site\" content=\"@uruloki\" \/>\n<meta name=\"twitter:label1\" content=\"Escrito por\" \/>\n\t<meta name=\"twitter:data1\" content=\"Uruloki\" \/>\n\t<meta name=\"twitter:label2\" content=\"Tiempo de lectura\" \/>\n\t<meta name=\"twitter:data2\" content=\"12 minutos\" \/>\n<script type=\"application\/ld+json\" class=\"yoast-schema-graph\">{\"@context\":\"https:\/\/schema.org\",\"@graph\":[{\"@type\":\"WebPage\",\"@id\":\"https:\/\/www.uruloki.org\/felipeblog\/cine\/uruloki-entrevista-a-nacho-vigalondo\",\"url\":\"https:\/\/www.uruloki.org\/felipeblog\/cine\/uruloki-entrevista-a-nacho-vigalondo\",\"name\":\"Uruloki entrevista a Nacho Vigalondo... - Uruloki :: Blog\",\"isPartOf\":{\"@id\":\"https:\/\/www.uruloki.org\/felipeblog\/#website\"},\"primaryImageOfPage\":{\"@id\":\"https:\/\/www.uruloki.org\/felipeblog\/cine\/uruloki-entrevista-a-nacho-vigalondo#primaryimage\"},\"image\":{\"@id\":\"https:\/\/www.uruloki.org\/felipeblog\/cine\/uruloki-entrevista-a-nacho-vigalondo#primaryimage\"},\"thumbnailUrl\":\"https:\/\/uruloki.org\/felipeblog\/images2011-2\/20111129-nachovigalondo.jpg\",\"datePublished\":\"2011-11-29T10:46:32+00:00\",\"dateModified\":\"2011-11-29T10:46:32+00:00\",\"author\":{\"@id\":\"https:\/\/www.uruloki.org\/felipeblog\/#\/schema\/person\/ddba06ddaa27edf0c370460d05c51bb3\"},\"breadcrumb\":{\"@id\":\"https:\/\/www.uruloki.org\/felipeblog\/cine\/uruloki-entrevista-a-nacho-vigalondo#breadcrumb\"},\"inLanguage\":\"es\",\"potentialAction\":[{\"@type\":\"ReadAction\",\"target\":[\"https:\/\/www.uruloki.org\/felipeblog\/cine\/uruloki-entrevista-a-nacho-vigalondo\"]}]},{\"@type\":\"ImageObject\",\"inLanguage\":\"es\",\"@id\":\"https:\/\/www.uruloki.org\/felipeblog\/cine\/uruloki-entrevista-a-nacho-vigalondo#primaryimage\",\"url\":\"https:\/\/uruloki.org\/felipeblog\/images2011-2\/20111129-nachovigalondo.jpg\",\"contentUrl\":\"https:\/\/uruloki.org\/felipeblog\/images2011-2\/20111129-nachovigalondo.jpg\"},{\"@type\":\"BreadcrumbList\",\"@id\":\"https:\/\/www.uruloki.org\/felipeblog\/cine\/uruloki-entrevista-a-nacho-vigalondo#breadcrumb\",\"itemListElement\":[{\"@type\":\"ListItem\",\"position\":1,\"name\":\"Portada\",\"item\":\"https:\/\/www.uruloki.org\/felipeblog\"},{\"@type\":\"ListItem\",\"position\":2,\"name\":\"Uruloki entrevista a Nacho Vigalondo&#8230;\"}]},{\"@type\":\"WebSite\",\"@id\":\"https:\/\/www.uruloki.org\/felipeblog\/#website\",\"url\":\"https:\/\/www.uruloki.org\/felipeblog\/\",\"name\":\"Uruloki :: Blog\",\"description\":\"Blog de cine, terror, ciencia ficci\u00f3n, fantas\u00eda y c\u00f3mics\",\"potentialAction\":[{\"@type\":\"SearchAction\",\"target\":{\"@type\":\"EntryPoint\",\"urlTemplate\":\"https:\/\/www.uruloki.org\/felipeblog\/?s={search_term_string}\"},\"query-input\":{\"@type\":\"PropertyValueSpecification\",\"valueRequired\":true,\"valueName\":\"search_term_string\"}}],\"inLanguage\":\"es\"},{\"@type\":\"Person\",\"@id\":\"https:\/\/www.uruloki.org\/felipeblog\/#\/schema\/person\/ddba06ddaa27edf0c370460d05c51bb3\",\"name\":\"Uruloki\",\"image\":{\"@type\":\"ImageObject\",\"inLanguage\":\"es\",\"@id\":\"https:\/\/www.uruloki.org\/felipeblog\/#\/schema\/person\/image\/\",\"url\":\"https:\/\/secure.gravatar.com\/avatar\/68d5301c5f52ba88fd63f02c75b8c4d1b3c3fc4b21e2998a1e98c4b3a54d9f7c?s=96&d=mm&r=g\",\"contentUrl\":\"https:\/\/secure.gravatar.com\/avatar\/68d5301c5f52ba88fd63f02c75b8c4d1b3c3fc4b21e2998a1e98c4b3a54d9f7c?s=96&d=mm&r=g\",\"caption\":\"Uruloki\"},\"sameAs\":[\"https:\/\/uruloki.org\"],\"url\":\"https:\/\/www.uruloki.org\/felipeblog\/author\/admin-2-2-2\"}]}<\/script>\n<!-- \/ Yoast SEO plugin. -->","yoast_head_json":{"title":"Uruloki entrevista a Nacho Vigalondo... - Uruloki :: Blog","robots":{"index":"index","follow":"follow","max-snippet":"max-snippet:-1","max-image-preview":"max-image-preview:large","max-video-preview":"max-video-preview:-1"},"canonical":"https:\/\/www.uruloki.org\/felipeblog\/cine\/uruloki-entrevista-a-nacho-vigalondo","og_locale":"es_ES","og_type":"article","og_title":"Uruloki entrevista a Nacho Vigalondo... - Uruloki :: Blog","og_description":"Las cosas que tiene la vida. Vas al Festival de Sitges, solicitas entrevista con Nacho Vigalondo, te llaman el mismo d&iacute;a para hacerla pero est&aacute;s en el cine y no te enteras, pierdes la oportunidad, acudes a la fiesta privada de Emergo (2011), te tomas unos pinchitos con Mart&iacute;n Pi&ntilde;ol y Marc Pastor, parloteas con [&hellip;]","og_url":"https:\/\/www.uruloki.org\/felipeblog\/cine\/uruloki-entrevista-a-nacho-vigalondo","og_site_name":"Uruloki :: Blog","article_publisher":"https:\/\/www.facebook.com\/uruloki.org","article_published_time":"2011-11-29T10:46:32+00:00","og_image":[{"url":"https:\/\/uruloki.org\/felipeblog\/images2011-2\/20111129-nachovigalondo.jpg","type":"","width":"","height":""}],"author":"Uruloki","twitter_card":"summary_large_image","twitter_creator":"@uruloki","twitter_site":"@uruloki","twitter_misc":{"Escrito por":"Uruloki","Tiempo de lectura":"12 minutos"},"schema":{"@context":"https:\/\/schema.org","@graph":[{"@type":"WebPage","@id":"https:\/\/www.uruloki.org\/felipeblog\/cine\/uruloki-entrevista-a-nacho-vigalondo","url":"https:\/\/www.uruloki.org\/felipeblog\/cine\/uruloki-entrevista-a-nacho-vigalondo","name":"Uruloki entrevista a Nacho Vigalondo... - Uruloki :: Blog","isPartOf":{"@id":"https:\/\/www.uruloki.org\/felipeblog\/#website"},"primaryImageOfPage":{"@id":"https:\/\/www.uruloki.org\/felipeblog\/cine\/uruloki-entrevista-a-nacho-vigalondo#primaryimage"},"image":{"@id":"https:\/\/www.uruloki.org\/felipeblog\/cine\/uruloki-entrevista-a-nacho-vigalondo#primaryimage"},"thumbnailUrl":"https:\/\/uruloki.org\/felipeblog\/images2011-2\/20111129-nachovigalondo.jpg","datePublished":"2011-11-29T10:46:32+00:00","dateModified":"2011-11-29T10:46:32+00:00","author":{"@id":"https:\/\/www.uruloki.org\/felipeblog\/#\/schema\/person\/ddba06ddaa27edf0c370460d05c51bb3"},"breadcrumb":{"@id":"https:\/\/www.uruloki.org\/felipeblog\/cine\/uruloki-entrevista-a-nacho-vigalondo#breadcrumb"},"inLanguage":"es","potentialAction":[{"@type":"ReadAction","target":["https:\/\/www.uruloki.org\/felipeblog\/cine\/uruloki-entrevista-a-nacho-vigalondo"]}]},{"@type":"ImageObject","inLanguage":"es","@id":"https:\/\/www.uruloki.org\/felipeblog\/cine\/uruloki-entrevista-a-nacho-vigalondo#primaryimage","url":"https:\/\/uruloki.org\/felipeblog\/images2011-2\/20111129-nachovigalondo.jpg","contentUrl":"https:\/\/uruloki.org\/felipeblog\/images2011-2\/20111129-nachovigalondo.jpg"},{"@type":"BreadcrumbList","@id":"https:\/\/www.uruloki.org\/felipeblog\/cine\/uruloki-entrevista-a-nacho-vigalondo#breadcrumb","itemListElement":[{"@type":"ListItem","position":1,"name":"Portada","item":"https:\/\/www.uruloki.org\/felipeblog"},{"@type":"ListItem","position":2,"name":"Uruloki entrevista a Nacho Vigalondo&#8230;"}]},{"@type":"WebSite","@id":"https:\/\/www.uruloki.org\/felipeblog\/#website","url":"https:\/\/www.uruloki.org\/felipeblog\/","name":"Uruloki :: Blog","description":"Blog de cine, terror, ciencia ficci\u00f3n, fantas\u00eda y c\u00f3mics","potentialAction":[{"@type":"SearchAction","target":{"@type":"EntryPoint","urlTemplate":"https:\/\/www.uruloki.org\/felipeblog\/?s={search_term_string}"},"query-input":{"@type":"PropertyValueSpecification","valueRequired":true,"valueName":"search_term_string"}}],"inLanguage":"es"},{"@type":"Person","@id":"https:\/\/www.uruloki.org\/felipeblog\/#\/schema\/person\/ddba06ddaa27edf0c370460d05c51bb3","name":"Uruloki","image":{"@type":"ImageObject","inLanguage":"es","@id":"https:\/\/www.uruloki.org\/felipeblog\/#\/schema\/person\/image\/","url":"https:\/\/secure.gravatar.com\/avatar\/68d5301c5f52ba88fd63f02c75b8c4d1b3c3fc4b21e2998a1e98c4b3a54d9f7c?s=96&d=mm&r=g","contentUrl":"https:\/\/secure.gravatar.com\/avatar\/68d5301c5f52ba88fd63f02c75b8c4d1b3c3fc4b21e2998a1e98c4b3a54d9f7c?s=96&d=mm&r=g","caption":"Uruloki"},"sameAs":["https:\/\/uruloki.org"],"url":"https:\/\/www.uruloki.org\/felipeblog\/author\/admin-2-2-2"}]}},"_links":{"self":[{"href":"https:\/\/www.uruloki.org\/felipeblog\/wp-json\/wp\/v2\/posts\/6769","targetHints":{"allow":["GET"]}}],"collection":[{"href":"https:\/\/www.uruloki.org\/felipeblog\/wp-json\/wp\/v2\/posts"}],"about":[{"href":"https:\/\/www.uruloki.org\/felipeblog\/wp-json\/wp\/v2\/types\/post"}],"author":[{"embeddable":true,"href":"https:\/\/www.uruloki.org\/felipeblog\/wp-json\/wp\/v2\/users\/28"}],"replies":[{"embeddable":true,"href":"https:\/\/www.uruloki.org\/felipeblog\/wp-json\/wp\/v2\/comments?post=6769"}],"version-history":[{"count":1,"href":"https:\/\/www.uruloki.org\/felipeblog\/wp-json\/wp\/v2\/posts\/6769\/revisions"}],"predecessor-version":[{"id":6770,"href":"https:\/\/www.uruloki.org\/felipeblog\/wp-json\/wp\/v2\/posts\/6769\/revisions\/6770"}],"wp:attachment":[{"href":"https:\/\/www.uruloki.org\/felipeblog\/wp-json\/wp\/v2\/media?parent=6769"}],"wp:term":[{"taxonomy":"category","embeddable":true,"href":"https:\/\/www.uruloki.org\/felipeblog\/wp-json\/wp\/v2\/categories?post=6769"},{"taxonomy":"post_tag","embeddable":true,"href":"https:\/\/www.uruloki.org\/felipeblog\/wp-json\/wp\/v2\/tags?post=6769"}],"curies":[{"name":"wp","href":"https:\/\/api.w.org\/{rel}","templated":true}]}}