{"id":6764,"date":"2011-11-27T16:33:21","date_gmt":"2011-11-27T15:33:21","guid":{"rendered":"https:\/\/uruloki.org\/felipeblog\/?p=6764"},"modified":"2011-11-27T16:35:26","modified_gmt":"2011-11-27T15:35:26","slug":"nuevas-imgenes-de-el-caballero-oscuro-la-leyenda-renace-y-otras-cosas-del-fin-de-una-era-para-el-seor-de-la-noche","status":"publish","type":"post","link":"https:\/\/www.uruloki.org\/felipeblog\/cine-de-comics\/nuevas-imgenes-de-el-caballero-oscuro-la-leyenda-renace-y-otras-cosas-del-fin-de-una-era-para-el-seor-de-la-noche","title":{"rendered":"Nuevas im&aacute;genes de El caballero oscuro: la leyenda renace y otras cosas del fin de una era para el se&ntilde;or de la noche&#8230;"},"content":{"rendered":"<p>Si es que las ganas que tiene el mundillo fan por saber m&aacute;s y m&aacute;s del episodio final de los <em>b&aacute;tmanes<\/em> de <a href=\"http:\/\/www.imdb.es\/name\/nm0634240\/\" target=\"_blank\">Christopher Nolan<\/a> no tienen parang&oacute;n. Tras mostrarnos <a href=\"https:\/\/uruloki.org\/felipeblog\/cine-de-cmics\/nuevas-imgenes-de-batman-y-bane-como-portada-de-la-revista-empire\">la portada doble de la revista Empire de enero<\/a> y presentarnos <a href=\"https:\/\/uruloki.org\/felipeblog\/cine-de-cmics\/christopher-nolan-nos-deja-boquiabiertos-con-nuevas-declaraciones-sobre-el-caballero-oscuro-la-leyenda-renace-y-sobre-el-hiperviolento-bane\">algunos de los detalles que no sab&iacute;amos del Bane<\/a>  que veremos en <a href=\"http:\/\/www.imdb.es\/title\/tt1345836\/\" target=\"_blank\">El caballero oscuro: la leyenda renace<\/a> (<em>The Dark Knight Rises<\/em>, 2012), es momento de disfrutar <a href=\"http:\/\/www.comingsoon.net\/news\/movienews.php?id=84632\" target=\"_blank\">gracias a ComingSoon.net<\/a> de tres nuevas im&aacute;genes del film que veremos  el verano del a&ntilde;o que viene. Se trata de escaneos de mucha calidad que nos descubren a un desafiante<strong> Bane<\/strong> (<a href=\"http:\/\/www.imdb.es\/name\/nm0362766\/\" target=\"_blank\">Tom Hardy<\/a>) ante <strong>Batman<\/strong> (<a href=\"http:\/\/www.imdb.es\/name\/nm0000288\/\" target=\"_blank\">Christian Bale<\/a>), de los brutales cr&iacute;menes del primero y de la desp&oacute;tica actitud que lucir&aacute; este terrorista asesino en su intento de dominaci&oacute;n criminal sobre <strong>Gotham<\/strong>. Junto a estas fotos, aunque esta vez como parte de <a href=\"http:\/\/entertainment.inquirer.net\/22169\/bale-talks-about-his-co-stars-in-%E2%80%98dark-knight-rises%E2%80%99\" target=\"_blank\">una entrevista concedida al Philippine Daily Inquirer<\/a>, <strong>Christian Bale<\/strong> habla sobre el final de una era, esa a la que ha dado forma <strong>Christopher Nolan<\/strong> y que ha tenido la suerte de protagonizar &eacute;l. <strong>Bale<\/strong> comenta&#8230;<\/p>\n<blockquote><p>Termin&eacute; de rodar hace unos d&iacute;as por lo que esta ha sido la &uacute;ltima vez que me he quitado la m&aacute;scara. Creo que el rodaje general termin&oacute; ayer, por lo que todo est&aacute; hecho. Todo se ha acabado. Somos Chris y yo, este ser&aacute; el final de esta era de Batman.<\/p><\/blockquote>\n<p>En la entrevista <strong>Bale<\/strong> comenta c&oacute;mo ha sido trabajar con <strong>Tom Hardy<\/strong>, <a href=\"http:\/\/www.imdb.es\/name\/nm0004266\/\" target=\"_blank\">Anne Hathaway<\/a> y <a href=\"http:\/\/www.imdb.es\/name\/nm0330687\/\" target=\"_blank\">Joseph Gordon-Levitt<\/a>. Todo lo que dice es bueno&#8230; no es para menos.<\/p>\n<p class=\"centrado\"><img loading=\"lazy\" decoding=\"async\" src=\"https:\/\/uruloki.org\/felipeblog\/images2011-2\/20111127-dkrempirescan1.jpg\" alt=\"Bane (Tom Hardy) se sobra y desaf&iacute;a a Batman (Christian Bale)\" width=\"450\" height=\"607\" \/><br \/>\n  <em>Bane (Tom Hardy) se sobra y desaf&iacute;a a Batman (Christian Bale)<\/em><\/p>\n<p class=\"centrado\"><img loading=\"lazy\" decoding=\"async\" src=\"https:\/\/uruloki.org\/felipeblog\/images2011-2\/20111127-dkrempirescan2.jpg\" alt=\"Batman hace frente a los restos del paso de Bane\" width=\"625\" height=\"291\" \/><br \/>\n<em>Batman hace frente a los restos del paso de Bane<\/em><\/p>\n<p class=\"centrado\"><img loading=\"lazy\" decoding=\"async\" src=\"https:\/\/uruloki.org\/felipeblog\/images2011-2\/20111127-dkrempirescan3.jpg\" alt=\"Bane desaf&iacute;a a los presentes encima de su propio tumbler mientras nos recuerda qui&eacute;n era Harvey Dent\" width=\"625\" height=\"410\" \/><br \/><em>Bane desaf&iacute;a a los presentes encima de su propio tumbler mientras nos recuerda qui&eacute;n era Harvey Dent<\/em><\/p>\n<p><strong class=\"nota\">&nbsp;NOTA&nbsp;<\/strong> Espero que ya hay&aacute;is visto <a href=\"https:\/\/uruloki.org\/felipeblog\/cine-de-ciencia-ficcin\/la-versin-bootleg-de-la-versin-bootleg-del-trailer-de-prometheus-de-ridley-scott\">el bootleg trailer de Prometheus<\/a>&#8230; si no est&aacute;is tardando!<\/p>\n","protected":false},"excerpt":{"rendered":"<p>Si es que las ganas que tiene el mundillo fan por saber m&aacute;s y m&aacute;s del episodio final de los b&aacute;tmanes de Christopher Nolan no tienen parang&oacute;n. Tras mostrarnos la portada doble de la revista Empire de enero y presentarnos algunos de los detalles que no sab&iacute;amos del Bane que veremos en El caballero oscuro: [&hellip;]<\/p>\n","protected":false},"author":28,"featured_media":0,"comment_status":"open","ping_status":"open","sticky":false,"template":"","format":"standard","meta":{"footnotes":""},"categories":[10],"tags":[1516],"class_list":["post-6764","post","type-post","status-publish","format-standard","hentry","category-cine-de-comics","tag-the-dark-knight-rises"],"yoast_head":"<!-- This site is optimized with the Yoast SEO plugin v24.3 - https:\/\/yoast.com\/wordpress\/plugins\/seo\/ -->\n<title>Nuevas im&aacute;genes de El caballero oscuro: la leyenda renace y otras cosas del fin de una era para el se&ntilde;or de la noche... - Uruloki :: Blog<\/title>\n<meta name=\"robots\" content=\"index, follow, max-snippet:-1, max-image-preview:large, max-video-preview:-1\" \/>\n<link rel=\"canonical\" href=\"https:\/\/www.uruloki.org\/felipeblog\/cine-de-comics\/nuevas-imgenes-de-el-caballero-oscuro-la-leyenda-renace-y-otras-cosas-del-fin-de-una-era-para-el-seor-de-la-noche\" \/>\n<meta property=\"og:locale\" content=\"es_ES\" \/>\n<meta property=\"og:type\" content=\"article\" \/>\n<meta property=\"og:title\" content=\"Nuevas im&aacute;genes de El caballero oscuro: la leyenda renace y otras cosas del fin de una era para el se&ntilde;or de la noche... - Uruloki :: Blog\" \/>\n<meta property=\"og:description\" content=\"Si es que las ganas que tiene el mundillo fan por saber m&aacute;s y m&aacute;s del episodio final de los b&aacute;tmanes de Christopher Nolan no tienen parang&oacute;n. Tras mostrarnos la portada doble de la revista Empire de enero y presentarnos algunos de los detalles que no sab&iacute;amos del Bane que veremos en El caballero oscuro: [&hellip;]\" \/>\n<meta property=\"og:url\" content=\"https:\/\/www.uruloki.org\/felipeblog\/cine-de-comics\/nuevas-imgenes-de-el-caballero-oscuro-la-leyenda-renace-y-otras-cosas-del-fin-de-una-era-para-el-seor-de-la-noche\" \/>\n<meta property=\"og:site_name\" content=\"Uruloki :: Blog\" \/>\n<meta property=\"article:publisher\" content=\"https:\/\/www.facebook.com\/uruloki.org\" \/>\n<meta property=\"article:published_time\" content=\"2011-11-27T15:33:21+00:00\" \/>\n<meta property=\"article:modified_time\" content=\"2011-11-27T15:35:26+00:00\" \/>\n<meta property=\"og:image\" content=\"https:\/\/uruloki.org\/felipeblog\/images2011-2\/20111127-dkrempirescan1.jpg\" \/>\n<meta name=\"author\" content=\"Uruloki\" \/>\n<meta name=\"twitter:card\" content=\"summary_large_image\" \/>\n<meta name=\"twitter:creator\" content=\"@uruloki\" \/>\n<meta name=\"twitter:site\" content=\"@uruloki\" \/>\n<meta name=\"twitter:label1\" content=\"Escrito por\" \/>\n\t<meta name=\"twitter:data1\" content=\"Uruloki\" \/>\n\t<meta name=\"twitter:label2\" content=\"Tiempo de lectura\" \/>\n\t<meta name=\"twitter:data2\" content=\"2 minutos\" \/>\n<script type=\"application\/ld+json\" class=\"yoast-schema-graph\">{\"@context\":\"https:\/\/schema.org\",\"@graph\":[{\"@type\":\"WebPage\",\"@id\":\"https:\/\/www.uruloki.org\/felipeblog\/cine-de-comics\/nuevas-imgenes-de-el-caballero-oscuro-la-leyenda-renace-y-otras-cosas-del-fin-de-una-era-para-el-seor-de-la-noche\",\"url\":\"https:\/\/www.uruloki.org\/felipeblog\/cine-de-comics\/nuevas-imgenes-de-el-caballero-oscuro-la-leyenda-renace-y-otras-cosas-del-fin-de-una-era-para-el-seor-de-la-noche\",\"name\":\"Nuevas im&aacute;genes de El caballero oscuro: la leyenda renace y otras cosas del fin de una era para el se&ntilde;or de la noche... - Uruloki :: Blog\",\"isPartOf\":{\"@id\":\"https:\/\/www.uruloki.org\/felipeblog\/#website\"},\"primaryImageOfPage\":{\"@id\":\"https:\/\/www.uruloki.org\/felipeblog\/cine-de-comics\/nuevas-imgenes-de-el-caballero-oscuro-la-leyenda-renace-y-otras-cosas-del-fin-de-una-era-para-el-seor-de-la-noche#primaryimage\"},\"image\":{\"@id\":\"https:\/\/www.uruloki.org\/felipeblog\/cine-de-comics\/nuevas-imgenes-de-el-caballero-oscuro-la-leyenda-renace-y-otras-cosas-del-fin-de-una-era-para-el-seor-de-la-noche#primaryimage\"},\"thumbnailUrl\":\"https:\/\/uruloki.org\/felipeblog\/images2011-2\/20111127-dkrempirescan1.jpg\",\"datePublished\":\"2011-11-27T15:33:21+00:00\",\"dateModified\":\"2011-11-27T15:35:26+00:00\",\"author\":{\"@id\":\"https:\/\/www.uruloki.org\/felipeblog\/#\/schema\/person\/ddba06ddaa27edf0c370460d05c51bb3\"},\"breadcrumb\":{\"@id\":\"https:\/\/www.uruloki.org\/felipeblog\/cine-de-comics\/nuevas-imgenes-de-el-caballero-oscuro-la-leyenda-renace-y-otras-cosas-del-fin-de-una-era-para-el-seor-de-la-noche#breadcrumb\"},\"inLanguage\":\"es\",\"potentialAction\":[{\"@type\":\"ReadAction\",\"target\":[\"https:\/\/www.uruloki.org\/felipeblog\/cine-de-comics\/nuevas-imgenes-de-el-caballero-oscuro-la-leyenda-renace-y-otras-cosas-del-fin-de-una-era-para-el-seor-de-la-noche\"]}]},{\"@type\":\"ImageObject\",\"inLanguage\":\"es\",\"@id\":\"https:\/\/www.uruloki.org\/felipeblog\/cine-de-comics\/nuevas-imgenes-de-el-caballero-oscuro-la-leyenda-renace-y-otras-cosas-del-fin-de-una-era-para-el-seor-de-la-noche#primaryimage\",\"url\":\"https:\/\/uruloki.org\/felipeblog\/images2011-2\/20111127-dkrempirescan1.jpg\",\"contentUrl\":\"https:\/\/uruloki.org\/felipeblog\/images2011-2\/20111127-dkrempirescan1.jpg\"},{\"@type\":\"BreadcrumbList\",\"@id\":\"https:\/\/www.uruloki.org\/felipeblog\/cine-de-comics\/nuevas-imgenes-de-el-caballero-oscuro-la-leyenda-renace-y-otras-cosas-del-fin-de-una-era-para-el-seor-de-la-noche#breadcrumb\",\"itemListElement\":[{\"@type\":\"ListItem\",\"position\":1,\"name\":\"Portada\",\"item\":\"https:\/\/www.uruloki.org\/felipeblog\"},{\"@type\":\"ListItem\",\"position\":2,\"name\":\"Nuevas im&aacute;genes de El caballero oscuro: la leyenda renace y otras cosas del fin de una era para el se&ntilde;or de la noche&#8230;\"}]},{\"@type\":\"WebSite\",\"@id\":\"https:\/\/www.uruloki.org\/felipeblog\/#website\",\"url\":\"https:\/\/www.uruloki.org\/felipeblog\/\",\"name\":\"Uruloki :: Blog\",\"description\":\"Blog de cine, terror, ciencia ficci\u00f3n, fantas\u00eda y c\u00f3mics\",\"potentialAction\":[{\"@type\":\"SearchAction\",\"target\":{\"@type\":\"EntryPoint\",\"urlTemplate\":\"https:\/\/www.uruloki.org\/felipeblog\/?s={search_term_string}\"},\"query-input\":{\"@type\":\"PropertyValueSpecification\",\"valueRequired\":true,\"valueName\":\"search_term_string\"}}],\"inLanguage\":\"es\"},{\"@type\":\"Person\",\"@id\":\"https:\/\/www.uruloki.org\/felipeblog\/#\/schema\/person\/ddba06ddaa27edf0c370460d05c51bb3\",\"name\":\"Uruloki\",\"image\":{\"@type\":\"ImageObject\",\"inLanguage\":\"es\",\"@id\":\"https:\/\/www.uruloki.org\/felipeblog\/#\/schema\/person\/image\/\",\"url\":\"https:\/\/secure.gravatar.com\/avatar\/68d5301c5f52ba88fd63f02c75b8c4d1b3c3fc4b21e2998a1e98c4b3a54d9f7c?s=96&d=mm&r=g\",\"contentUrl\":\"https:\/\/secure.gravatar.com\/avatar\/68d5301c5f52ba88fd63f02c75b8c4d1b3c3fc4b21e2998a1e98c4b3a54d9f7c?s=96&d=mm&r=g\",\"caption\":\"Uruloki\"},\"sameAs\":[\"https:\/\/uruloki.org\"],\"url\":\"https:\/\/www.uruloki.org\/felipeblog\/author\/admin-2-2-2\"}]}<\/script>\n<!-- \/ Yoast SEO plugin. -->","yoast_head_json":{"title":"Nuevas im&aacute;genes de El caballero oscuro: la leyenda renace y otras cosas del fin de una era para el se&ntilde;or de la noche... - Uruloki :: Blog","robots":{"index":"index","follow":"follow","max-snippet":"max-snippet:-1","max-image-preview":"max-image-preview:large","max-video-preview":"max-video-preview:-1"},"canonical":"https:\/\/www.uruloki.org\/felipeblog\/cine-de-comics\/nuevas-imgenes-de-el-caballero-oscuro-la-leyenda-renace-y-otras-cosas-del-fin-de-una-era-para-el-seor-de-la-noche","og_locale":"es_ES","og_type":"article","og_title":"Nuevas im&aacute;genes de El caballero oscuro: la leyenda renace y otras cosas del fin de una era para el se&ntilde;or de la noche... - Uruloki :: Blog","og_description":"Si es que las ganas que tiene el mundillo fan por saber m&aacute;s y m&aacute;s del episodio final de los b&aacute;tmanes de Christopher Nolan no tienen parang&oacute;n. Tras mostrarnos la portada doble de la revista Empire de enero y presentarnos algunos de los detalles que no sab&iacute;amos del Bane que veremos en El caballero oscuro: [&hellip;]","og_url":"https:\/\/www.uruloki.org\/felipeblog\/cine-de-comics\/nuevas-imgenes-de-el-caballero-oscuro-la-leyenda-renace-y-otras-cosas-del-fin-de-una-era-para-el-seor-de-la-noche","og_site_name":"Uruloki :: Blog","article_publisher":"https:\/\/www.facebook.com\/uruloki.org","article_published_time":"2011-11-27T15:33:21+00:00","article_modified_time":"2011-11-27T15:35:26+00:00","og_image":[{"url":"https:\/\/uruloki.org\/felipeblog\/images2011-2\/20111127-dkrempirescan1.jpg","type":"","width":"","height":""}],"author":"Uruloki","twitter_card":"summary_large_image","twitter_creator":"@uruloki","twitter_site":"@uruloki","twitter_misc":{"Escrito por":"Uruloki","Tiempo de lectura":"2 minutos"},"schema":{"@context":"https:\/\/schema.org","@graph":[{"@type":"WebPage","@id":"https:\/\/www.uruloki.org\/felipeblog\/cine-de-comics\/nuevas-imgenes-de-el-caballero-oscuro-la-leyenda-renace-y-otras-cosas-del-fin-de-una-era-para-el-seor-de-la-noche","url":"https:\/\/www.uruloki.org\/felipeblog\/cine-de-comics\/nuevas-imgenes-de-el-caballero-oscuro-la-leyenda-renace-y-otras-cosas-del-fin-de-una-era-para-el-seor-de-la-noche","name":"Nuevas im&aacute;genes de El caballero oscuro: la leyenda renace y otras cosas del fin de una era para el se&ntilde;or de la noche... - Uruloki :: Blog","isPartOf":{"@id":"https:\/\/www.uruloki.org\/felipeblog\/#website"},"primaryImageOfPage":{"@id":"https:\/\/www.uruloki.org\/felipeblog\/cine-de-comics\/nuevas-imgenes-de-el-caballero-oscuro-la-leyenda-renace-y-otras-cosas-del-fin-de-una-era-para-el-seor-de-la-noche#primaryimage"},"image":{"@id":"https:\/\/www.uruloki.org\/felipeblog\/cine-de-comics\/nuevas-imgenes-de-el-caballero-oscuro-la-leyenda-renace-y-otras-cosas-del-fin-de-una-era-para-el-seor-de-la-noche#primaryimage"},"thumbnailUrl":"https:\/\/uruloki.org\/felipeblog\/images2011-2\/20111127-dkrempirescan1.jpg","datePublished":"2011-11-27T15:33:21+00:00","dateModified":"2011-11-27T15:35:26+00:00","author":{"@id":"https:\/\/www.uruloki.org\/felipeblog\/#\/schema\/person\/ddba06ddaa27edf0c370460d05c51bb3"},"breadcrumb":{"@id":"https:\/\/www.uruloki.org\/felipeblog\/cine-de-comics\/nuevas-imgenes-de-el-caballero-oscuro-la-leyenda-renace-y-otras-cosas-del-fin-de-una-era-para-el-seor-de-la-noche#breadcrumb"},"inLanguage":"es","potentialAction":[{"@type":"ReadAction","target":["https:\/\/www.uruloki.org\/felipeblog\/cine-de-comics\/nuevas-imgenes-de-el-caballero-oscuro-la-leyenda-renace-y-otras-cosas-del-fin-de-una-era-para-el-seor-de-la-noche"]}]},{"@type":"ImageObject","inLanguage":"es","@id":"https:\/\/www.uruloki.org\/felipeblog\/cine-de-comics\/nuevas-imgenes-de-el-caballero-oscuro-la-leyenda-renace-y-otras-cosas-del-fin-de-una-era-para-el-seor-de-la-noche#primaryimage","url":"https:\/\/uruloki.org\/felipeblog\/images2011-2\/20111127-dkrempirescan1.jpg","contentUrl":"https:\/\/uruloki.org\/felipeblog\/images2011-2\/20111127-dkrempirescan1.jpg"},{"@type":"BreadcrumbList","@id":"https:\/\/www.uruloki.org\/felipeblog\/cine-de-comics\/nuevas-imgenes-de-el-caballero-oscuro-la-leyenda-renace-y-otras-cosas-del-fin-de-una-era-para-el-seor-de-la-noche#breadcrumb","itemListElement":[{"@type":"ListItem","position":1,"name":"Portada","item":"https:\/\/www.uruloki.org\/felipeblog"},{"@type":"ListItem","position":2,"name":"Nuevas im&aacute;genes de El caballero oscuro: la leyenda renace y otras cosas del fin de una era para el se&ntilde;or de la noche&#8230;"}]},{"@type":"WebSite","@id":"https:\/\/www.uruloki.org\/felipeblog\/#website","url":"https:\/\/www.uruloki.org\/felipeblog\/","name":"Uruloki :: Blog","description":"Blog de cine, terror, ciencia ficci\u00f3n, fantas\u00eda y c\u00f3mics","potentialAction":[{"@type":"SearchAction","target":{"@type":"EntryPoint","urlTemplate":"https:\/\/www.uruloki.org\/felipeblog\/?s={search_term_string}"},"query-input":{"@type":"PropertyValueSpecification","valueRequired":true,"valueName":"search_term_string"}}],"inLanguage":"es"},{"@type":"Person","@id":"https:\/\/www.uruloki.org\/felipeblog\/#\/schema\/person\/ddba06ddaa27edf0c370460d05c51bb3","name":"Uruloki","image":{"@type":"ImageObject","inLanguage":"es","@id":"https:\/\/www.uruloki.org\/felipeblog\/#\/schema\/person\/image\/","url":"https:\/\/secure.gravatar.com\/avatar\/68d5301c5f52ba88fd63f02c75b8c4d1b3c3fc4b21e2998a1e98c4b3a54d9f7c?s=96&d=mm&r=g","contentUrl":"https:\/\/secure.gravatar.com\/avatar\/68d5301c5f52ba88fd63f02c75b8c4d1b3c3fc4b21e2998a1e98c4b3a54d9f7c?s=96&d=mm&r=g","caption":"Uruloki"},"sameAs":["https:\/\/uruloki.org"],"url":"https:\/\/www.uruloki.org\/felipeblog\/author\/admin-2-2-2"}]}},"_links":{"self":[{"href":"https:\/\/www.uruloki.org\/felipeblog\/wp-json\/wp\/v2\/posts\/6764","targetHints":{"allow":["GET"]}}],"collection":[{"href":"https:\/\/www.uruloki.org\/felipeblog\/wp-json\/wp\/v2\/posts"}],"about":[{"href":"https:\/\/www.uruloki.org\/felipeblog\/wp-json\/wp\/v2\/types\/post"}],"author":[{"embeddable":true,"href":"https:\/\/www.uruloki.org\/felipeblog\/wp-json\/wp\/v2\/users\/28"}],"replies":[{"embeddable":true,"href":"https:\/\/www.uruloki.org\/felipeblog\/wp-json\/wp\/v2\/comments?post=6764"}],"version-history":[{"count":2,"href":"https:\/\/www.uruloki.org\/felipeblog\/wp-json\/wp\/v2\/posts\/6764\/revisions"}],"predecessor-version":[{"id":6766,"href":"https:\/\/www.uruloki.org\/felipeblog\/wp-json\/wp\/v2\/posts\/6764\/revisions\/6766"}],"wp:attachment":[{"href":"https:\/\/www.uruloki.org\/felipeblog\/wp-json\/wp\/v2\/media?parent=6764"}],"wp:term":[{"taxonomy":"category","embeddable":true,"href":"https:\/\/www.uruloki.org\/felipeblog\/wp-json\/wp\/v2\/categories?post=6764"},{"taxonomy":"post_tag","embeddable":true,"href":"https:\/\/www.uruloki.org\/felipeblog\/wp-json\/wp\/v2\/tags?post=6764"}],"curies":[{"name":"wp","href":"https:\/\/api.w.org\/{rel}","templated":true}]}}