{"id":6388,"date":"2011-09-04T21:13:33","date_gmt":"2011-09-04T19:13:33","guid":{"rendered":"https:\/\/uruloki.org\/felipeblog\/?p=6388"},"modified":"2011-09-04T21:13:33","modified_gmt":"2011-09-04T19:13:33","slug":"mil-y-una-imgenes-de-los-rodajes-de-los-vengadores-man-of-steel-y-el-caballero-oscuro-la-leyenda-renace-el-frankestein-de-20th-century-fox-ya-tiene-director-la-live-action-movie-del-anime","status":"publish","type":"post","link":"https:\/\/www.uruloki.org\/felipeblog\/cine-de-ciencia-ficcion\/mil-y-una-imgenes-de-los-rodajes-de-los-vengadores-man-of-steel-y-el-caballero-oscuro-la-leyenda-renace-el-frankestein-de-20th-century-fox-ya-tiene-director-la-live-action-movie-del-anime","title":{"rendered":"Mil y una im&aacute;genes de los rodajes de Los Vengadores, Man of Steel y El caballero oscuro: la leyenda renace, el Frankestein de 20th Century Fox ya tiene director, la live-action movie del anime Kite en manos de David R. Ellis, novedades sobre Riddick en forma de concept art y calificaci&oacute;n definitiva, y un nuevo cartel de Apollo 18&#8230;"},"content":{"rendered":"<p>Mientras medito en si escribir o no sobre <a href=\"http:\/\/www.imdb.es\/title\/tt1189073\/\" target=\"_blank\">La piel que habito<\/a> (2011) de <a href=\"http:\/\/www.imdb.es\/title\/tt1189073\/\" target=\"_blank\">Pedro Almod&oacute;var<\/a> &#8211; sorprendente, grotesca y extra&ntilde;amente embaucadora  -, regreso al blog este domingo precio lunes para recuperar las poqu&iacute;simas noticias que se han producido este fin de semana al otro lado del charco. <\/p>\n<p>Siguiendo la t&oacute;nica de las &uacute;ltimas semanas para comenzar os aviso que entr&aacute;is en la <span class=\"nota\"><strong>&nbsp;SPOILER ZONE&nbsp;<\/strong><\/span> porque el machaque que se est&aacute; produciendo sobre los rodajes de  <a href=\"http:\/\/www.imdb.es\/title\/tt0848228\/\" target=\"_blank\">Los Vengadores<\/a> (<em>The Avengers<\/em>, 2012) de <a href=\"http:\/\/www.imdb.es\/name\/nm0923736\/\" target=\"_blank\">Joss Whedon<\/a>, <a href=\"http:\/\/www.imdb.es\/title\/tt0770828\/\" target=\"_blank\">Man of Steel<\/a> (2013) de <a href=\"http:\/\/www.imdb.es\/name\/nm0811583\/\" target=\"_blank\">Zack Snyder<\/a> y <a href=\"http:\/\/www.imdb.es\/title\/tt1345836\/\" target=\"_blank\">El caballero oscuro: la leyenda renace<\/a> (<em>The Dark Knight Rises<\/em>, 2012) de <a href=\"http:\/\/www.imdb.es\/name\/nm0634240\/\" target=\"_blank\">Christopher Nolan<\/a> es sonrojante. <strong>Marvel Studios<\/strong> est&aacute; recibiendo por todos los lados y lo peor de todo es que se deben estar planteando bastante el volver a rodar en espacios reales. El rodaje del &uacute;nico film <strong>Marvel<\/strong> del a&ntilde;o que viene ha puesto sus pies en New York y la ingente cantidad de im&aacute;genes que se est&aacute;n filtrando se cuentan por cientos o miles. <strong>ComicBookMovie.com<\/strong> ha recopilado todas las im&aacute;genes de <strong>EyePrime<\/strong>, <strong>Just Jared<\/strong> o <strong>Celebuzz<\/strong> donde podemos ver al<strong> Capit&aacute;n Am&eacute;rica<\/strong> (<a href=\"http:\/\/www.imdb.es\/name\/nm0262635\/\" target=\"_blank\">Chris Evans<\/a>), <strong>Ojo de Halc&oacute;n<\/strong> (<a href=\"http:\/\/www.imdb.es\/name\/nm0719637\/\" target=\"_blank\">Jeremy Renner<\/a>) y la <strong>Viuda Negra<\/strong> (<a href=\"http:\/\/www.imdb.es\/name\/nm0424060\/\" target=\"_blank\">Scarlett Johansson<\/a>) en pleno rodaje de una de las grandes secuencias de acci&oacute;n que veremos en la pel&iacute;cula. Os pod&eacute;is <a href=\"http:\/\/www.comicbookmovie.com\/fansites\/MarvelFreshman\/news\/?a=45788&amp;t=More_Images_With_Hawkeye_Black_Widow__Captain_America_In_Action_For_iThe_Avengersi\" target=\"_blank\">pasar por aqu&iacute;<\/a> o <a href=\"http:\/\/www.comicbookmovie.com\/fansites\/MarvelFreshman\/news\/?a=45759&amp;t=font_color_redUPDATEfont__Black_Widow_Hawkeye_And_Captain_America_Suited_Up_On_iThe_Avengersi_Set\" target=\"_blank\">por aqu&iacute;<\/a> si ten&eacute;is ganas de ver como se lo pasan los tres actores rodando y lo, hay que ser realistas, rid&iacute;culos que pueden llegar a ser los trajes en fotos sacadas fuera de contexto y sin los obligados matices de post-producci&oacute;n. Los otros proyectos, esta vez de la acera <strong>DC<\/strong>, que sufren el ataque de los fans y sus c&aacute;maras son <strong>Man of Steel<\/strong> y <strong>El caballero oscuro: la leyenda renace<\/strong>. En este caso tambi&eacute;n es <strong>ComicBookMovie.com<\/strong> la que nos ofrece vistazos a los sets de rodaje de ambas pel&iacute;culas. El <a href=\"http:\/\/www.comicbookmovie.com\/fansites\/debbiedowner\/news\/?a=45781&amp;t=Video_of_iMan_of_Steeli_Scene__Close-up_Pictures_of_the_Devastation_of_Downtown_Smallville\" target=\"_blank\">caso Man of Steel<\/a> vs. el <a href=\"http:\/\/www.comicbookmovie.com\/fansites\/joshw24\/news\/?a=45773&amp;t=Scenes_Of_Destruction_On_The_Sets_Of_iThe_Dark_Knight_Risesi_And_iMan_Of_Steeli\" target=\"_blank\">caso El caballero oscuro: la leyenda renace<\/a>. Triste ser&aacute; ver cuando los grandes estudios tomen represalias contra estas filtraciones y nos encontremos con sets enteros de pantalla verde que cantan horrores.<\/p>\n<p class=\"centrado\"><img loading=\"lazy\" decoding=\"async\" src=\"https:\/\/uruloki.org\/felipeblog\/images2011-2\/20110904-apollo18.jpg\" alt=\"Y otro cartel m&aacute;s de Apollo 18\" width=\"625\" height=\"469\" \/><em>Y otro cartel m&aacute;s de Apollo 18 <a href=\"http:\/\/www.impawards.com\/2011\/apollo_eighteen_ver5.html\" target=\"_blank\">v&iacute;a IMPAwards<\/a><\/em><\/p>\n<p>Tras este periplo por el mundo <em>spoiler<\/em> un par de nuevas realidades. <a href=\"http:\/\/www.variety.com\/article\/VR1118042114\" target=\"_blank\">Variety confirma una noticia<\/a> que <a href=\"https:\/\/uruloki.org\/felipeblog\/cine\/un-nuevo-trailer-de-drive-r-i-p-d-ficha-en-la-factora-victorias-secret-sports-illustrated-pacific-rim-incorpora-productora-de-alto-copete-puede-christian-bale-ser-el-villano-de\">no hace mucho se comenz&oacute; a fraguar<\/a>. <a href=\"http:\/\/www.imdb.es\/name\/nm0506613\/\" target=\"_blank\">Shawn Levy<\/a> ha acordado con <strong>20th Century Fox<\/strong> hacerse cargo de <strong>Frankestein<\/strong> (&iquest;?) aparcando, no se sabe si definitivamente, la direcci&oacute;n de <a href=\"http:\/\/www.imdb.es\/title\/tt1087521\/\" target=\"_blank\">Fantastic Voyage<\/a> (&iquest;?). Aunque la compa&ntilde;&iacute;a hab&iacute;a tanteado a otros directores igualmente conocidos, <a href=\"http:\/\/www.imdb.es\/name\/nm0339030\/\" target=\"_blank\">Paul Greengrass<\/a> y <a href=\"http:\/\/www.imdb.es\/name\/nm0946734\/\" target=\"_blank\">David Yates<\/a> por ejemplo, <strong>Levy<\/strong>, hombre de la factor&iacute;a, se pone a los mandos de una de las muchas versiones cinematogr&aacute;ficas que veremos a lo largo de los pr&oacute;ximos a&ntilde;os del personaje creado por <strong>Mary Shelley<\/strong>. Lo que si es cierto es que el movimiento de <strong>20th Century Fox<\/strong>, el gui&oacute;n ya ha sido escrito por <a href=\"http:\/\/www.imdb.es\/name\/nm0484840\/\" target=\"_blank\">Max Landis<\/a>, toma aparente delantera a esos otros films que contar&aacute;n el mito de la criatura&#8230;   <a href=\"http:\/\/www.imdb.es\/title\/tt1240977\/\" target=\"_blank\">Wake the Dead<\/a> (2012) de <a href=\"http:\/\/www.imdb.es\/name\/nm0751221\/\" target=\"_blank\">Jay Russell<\/a>, <a href=\"http:\/\/www.imdb.es\/title\/tt1943821\/\" target=\"_blank\">The Casebook of Victor Frankenstein<\/a> (&iquest;?), el <strong>Frankestein<\/strong> (&iquest;?) de <a href=\"http:\/\/www.imdb.es\/name\/nm0868219\/\" target=\"_blank\">Guillermo del Toro<\/a> y <a href=\"http:\/\/www.imdb.es\/name\/nm0835959\/\" target=\"_blank\">Scott Stuber<\/a>, <a href=\"http:\/\/www.imdb.es\/title\/tt1832503\/\" target=\"_blank\">This Dark Endeavor: The Apprenticeship of Victor Frankenstein<\/a> (&iquest;?), <strong>Frankenstein<\/strong> (&iquest;?) de <strong>Columbia Pictures<\/strong> y el productor <strong>Matt Thomas<\/strong>, o la polic&iacute;aca grotesca <a href=\"http:\/\/www.imdb.es\/title\/tt1418377\/\" target=\"_blank\">I, Frankesteins<\/a> (2012) de <a href=\"http:\/\/www.imdb.es\/name\/nm0851281\/\" target=\"_blank\">Patrick Tatopoulos<\/a>. El <strong>Frankestein<\/strong> de <strong>Landis<\/strong> se dice que es una visi&oacute;n ciencia ficci&oacute;n de la historia tradicional de la <strong>Shelley<\/strong> pero centr&aacute;ndose en temas como la amistad o la redenci&oacute;n. El otro proyecto que se anuncia en la versi&oacute;n <em>live-action movie<\/em> de <em>anime<\/em> <a href=\"http:\/\/www.imdb.es\/title\/tt0246734\/\" target=\"_blank\">Kite<\/a> (1998) de <a href=\"http:\/\/www.imdb.es\/title\/tt0246734\/\" target=\"_blank\">Yasuomi Umetsu<\/a>. <a href=\"http:\/\/www.variety.com\/article\/VR1118042196?categoryid=4154&amp;cs=1&amp;cmpid=RSS|News|LatestNews\" target=\"_blank\">Variety nos cuenta<\/a> que <a href=\"http:\/\/www.imdb.es\/name\/nm0254786\/\" target=\"_blank\">David R. Ellis<\/a>, ahora mismo con <a href=\"http:\/\/www.imdb.es\/title\/tt1633356\/\" target=\"_blank\">Shark Night 3D<\/a> (2011)  reci&eacute;n estrenada  en los cines en USA, ha sido contratado por <strong>Distant Horizon<\/strong> para hacerse cargo de este <em>remake<\/em>. <strong>Kite<\/strong> se centra en una joven estudiante que vive en un futuro dist&oacute;pico donde la corrupci&oacute;n y el colapso financiero ha llevado a que el tr&aacute;fico de mujeres y otras lindezas delictivas se pongan por las nubes. <strong>Sawa<\/strong>, as&iacute; se llama nuestra protagonista, vivir&aacute; la muerte de su padre, un polic&iacute;a traicionado por alguien dentro de su propio departamento. Esto la llevar&aacute; a juntarse con el ex compa&ntilde;ero de su padre para intentar acabar con el asesino de este. Pero lo que <strong>Sawa<\/strong> no espera es que su mayor  enemigo sea quien trata de ayudarle en su venganza personal. El rodaje se pone en marcha en enero.<\/p>\n<p class=\"centrado\"><img loading=\"lazy\" decoding=\"async\" src=\"https:\/\/uruloki.org\/felipeblog\/images2011-2\/20110904-riddick.jpg\" alt=\"Nuevo concept art de la esperada Riddick\" width=\"625\" height=\"266\" \/><br \/>\n<em>Nuevo concept art de la esperada Riddick<\/em><\/p>\n<p>Aqu&iacute; os dejo con un nuevo detalle de <em>concept art<\/em> de <a href=\"http:\/\/www.imdb.es\/title\/tt1411250\/\" target=\"_blank\">Riddick<\/a> (&iquest;?) de <a href=\"http:\/\/www.imdb.es\/name\/nm0878638\/\" target=\"_blank\">David Twohy<\/a>. Nos lo ofrece <a href=\"http:\/\/www.facebook.com\/photo.php?fbid=10150382515403313&amp;set=a.101465923312.101581.89562268312&amp;type=1&amp;theater\" target=\"_blank\">Vin Diesel en su p&aacute;gina de Facebook<\/a>. En la nota que acompa&ntilde;a la imagen comenta <strong>Diesel<\/strong> que el equipo creativo ya est&aacute; manos a la obra con las pruebas CGI y que est&aacute; fascinado por lo que est&aacute;n haciendo. Ahora parece que se van a Canad&aacute; donde, aparentemente, se rodar&aacute; gran parte de esta pel&iacute;cula. A&ntilde;ade el actor que <strong>Universal<\/strong> podr&iacute;a haber aceptado que la calificaci&oacute;n del film sea definitivamente <strong>R<\/strong>&#8230; algo que sin lugar a dudas me sorprende. &iquest;Ser&aacute; por el bajo presupuesto del film que a <strong>Universal<\/strong> no le importa jug&aacute;rsela? Al menos es una buena noticia.<\/p>\n","protected":false},"excerpt":{"rendered":"<p>Mientras medito en si escribir o no sobre La piel que habito (2011) de Pedro Almod&oacute;var &#8211; sorprendente, grotesca y extra&ntilde;amente embaucadora -, regreso al blog este domingo precio lunes para recuperar las poqu&iacute;simas noticias que se han producido este fin de semana al otro lado del charco. Siguiendo la t&oacute;nica de las &uacute;ltimas semanas [&hellip;]<\/p>\n","protected":false},"author":28,"featured_media":0,"comment_status":"open","ping_status":"open","sticky":false,"template":"","format":"standard","meta":{"footnotes":""},"categories":[10,8,12,9,14],"tags":[1538,43,1851,1688,1211,93,1516],"class_list":["post-6388","post","type-post","status-publish","format-standard","hentry","category-cine-de-comics","category-cine-de-ciencia-ficcion","category-cine-de-fantasia","category-cine-de-terror","category-arte-conceptual","tag-apollo-18","tag-frankestein","tag-kite","tag-man-of-steel","tag-riddick","tag-the-avengers","tag-the-dark-knight-rises"],"yoast_head":"<!-- This site is optimized with the Yoast SEO plugin v24.3 - https:\/\/yoast.com\/wordpress\/plugins\/seo\/ -->\n<title>Mil y una im&aacute;genes de los rodajes de Los Vengadores, Man of Steel y El caballero oscuro: la leyenda renace, el Frankestein de 20th Century Fox ya tiene director, la live-action movie del anime Kite en manos de David R. Ellis, novedades sobre Riddick en forma de concept art y calificaci&oacute;n definitiva, y un nuevo cartel de Apollo 18... - Uruloki :: Blog<\/title>\n<meta name=\"robots\" content=\"index, follow, max-snippet:-1, max-image-preview:large, max-video-preview:-1\" \/>\n<link rel=\"canonical\" href=\"https:\/\/www.uruloki.org\/felipeblog\/cine-de-ciencia-ficcion\/mil-y-una-imgenes-de-los-rodajes-de-los-vengadores-man-of-steel-y-el-caballero-oscuro-la-leyenda-renace-el-frankestein-de-20th-century-fox-ya-tiene-director-la-live-action-movie-del-anime\" \/>\n<meta property=\"og:locale\" content=\"es_ES\" \/>\n<meta property=\"og:type\" content=\"article\" \/>\n<meta property=\"og:title\" content=\"Mil y una im&aacute;genes de los rodajes de Los Vengadores, Man of Steel y El caballero oscuro: la leyenda renace, el Frankestein de 20th Century Fox ya tiene director, la live-action movie del anime Kite en manos de David R. Ellis, novedades sobre Riddick en forma de concept art y calificaci&oacute;n definitiva, y un nuevo cartel de Apollo 18... - Uruloki :: Blog\" \/>\n<meta property=\"og:description\" content=\"Mientras medito en si escribir o no sobre La piel que habito (2011) de Pedro Almod&oacute;var &#8211; sorprendente, grotesca y extra&ntilde;amente embaucadora -, regreso al blog este domingo precio lunes para recuperar las poqu&iacute;simas noticias que se han producido este fin de semana al otro lado del charco. Siguiendo la t&oacute;nica de las &uacute;ltimas semanas [&hellip;]\" \/>\n<meta property=\"og:url\" content=\"https:\/\/www.uruloki.org\/felipeblog\/cine-de-ciencia-ficcion\/mil-y-una-imgenes-de-los-rodajes-de-los-vengadores-man-of-steel-y-el-caballero-oscuro-la-leyenda-renace-el-frankestein-de-20th-century-fox-ya-tiene-director-la-live-action-movie-del-anime\" \/>\n<meta property=\"og:site_name\" content=\"Uruloki :: Blog\" \/>\n<meta property=\"article:publisher\" content=\"https:\/\/www.facebook.com\/uruloki.org\" \/>\n<meta property=\"article:published_time\" content=\"2011-09-04T19:13:33+00:00\" \/>\n<meta property=\"og:image\" content=\"https:\/\/uruloki.org\/felipeblog\/images2011-2\/20110904-apollo18.jpg\" \/>\n<meta name=\"author\" content=\"Uruloki\" \/>\n<meta name=\"twitter:card\" content=\"summary_large_image\" \/>\n<meta name=\"twitter:creator\" content=\"@uruloki\" \/>\n<meta name=\"twitter:site\" content=\"@uruloki\" \/>\n<meta name=\"twitter:label1\" content=\"Escrito por\" \/>\n\t<meta name=\"twitter:data1\" content=\"Uruloki\" \/>\n\t<meta name=\"twitter:label2\" content=\"Tiempo de lectura\" \/>\n\t<meta name=\"twitter:data2\" content=\"5 minutos\" \/>\n<script type=\"application\/ld+json\" class=\"yoast-schema-graph\">{\"@context\":\"https:\/\/schema.org\",\"@graph\":[{\"@type\":\"WebPage\",\"@id\":\"https:\/\/www.uruloki.org\/felipeblog\/cine-de-ciencia-ficcion\/mil-y-una-imgenes-de-los-rodajes-de-los-vengadores-man-of-steel-y-el-caballero-oscuro-la-leyenda-renace-el-frankestein-de-20th-century-fox-ya-tiene-director-la-live-action-movie-del-anime\",\"url\":\"https:\/\/www.uruloki.org\/felipeblog\/cine-de-ciencia-ficcion\/mil-y-una-imgenes-de-los-rodajes-de-los-vengadores-man-of-steel-y-el-caballero-oscuro-la-leyenda-renace-el-frankestein-de-20th-century-fox-ya-tiene-director-la-live-action-movie-del-anime\",\"name\":\"Mil y una im&aacute;genes de los rodajes de Los Vengadores, Man of Steel y El caballero oscuro: la leyenda renace, el Frankestein de 20th Century Fox ya tiene director, la live-action movie del anime Kite en manos de David R. Ellis, novedades sobre Riddick en forma de concept art y calificaci&oacute;n definitiva, y un nuevo cartel de Apollo 18... - Uruloki :: Blog\",\"isPartOf\":{\"@id\":\"https:\/\/www.uruloki.org\/felipeblog\/#website\"},\"primaryImageOfPage\":{\"@id\":\"https:\/\/www.uruloki.org\/felipeblog\/cine-de-ciencia-ficcion\/mil-y-una-imgenes-de-los-rodajes-de-los-vengadores-man-of-steel-y-el-caballero-oscuro-la-leyenda-renace-el-frankestein-de-20th-century-fox-ya-tiene-director-la-live-action-movie-del-anime#primaryimage\"},\"image\":{\"@id\":\"https:\/\/www.uruloki.org\/felipeblog\/cine-de-ciencia-ficcion\/mil-y-una-imgenes-de-los-rodajes-de-los-vengadores-man-of-steel-y-el-caballero-oscuro-la-leyenda-renace-el-frankestein-de-20th-century-fox-ya-tiene-director-la-live-action-movie-del-anime#primaryimage\"},\"thumbnailUrl\":\"https:\/\/uruloki.org\/felipeblog\/images2011-2\/20110904-apollo18.jpg\",\"datePublished\":\"2011-09-04T19:13:33+00:00\",\"dateModified\":\"2011-09-04T19:13:33+00:00\",\"author\":{\"@id\":\"https:\/\/www.uruloki.org\/felipeblog\/#\/schema\/person\/ddba06ddaa27edf0c370460d05c51bb3\"},\"breadcrumb\":{\"@id\":\"https:\/\/www.uruloki.org\/felipeblog\/cine-de-ciencia-ficcion\/mil-y-una-imgenes-de-los-rodajes-de-los-vengadores-man-of-steel-y-el-caballero-oscuro-la-leyenda-renace-el-frankestein-de-20th-century-fox-ya-tiene-director-la-live-action-movie-del-anime#breadcrumb\"},\"inLanguage\":\"es\",\"potentialAction\":[{\"@type\":\"ReadAction\",\"target\":[\"https:\/\/www.uruloki.org\/felipeblog\/cine-de-ciencia-ficcion\/mil-y-una-imgenes-de-los-rodajes-de-los-vengadores-man-of-steel-y-el-caballero-oscuro-la-leyenda-renace-el-frankestein-de-20th-century-fox-ya-tiene-director-la-live-action-movie-del-anime\"]}]},{\"@type\":\"ImageObject\",\"inLanguage\":\"es\",\"@id\":\"https:\/\/www.uruloki.org\/felipeblog\/cine-de-ciencia-ficcion\/mil-y-una-imgenes-de-los-rodajes-de-los-vengadores-man-of-steel-y-el-caballero-oscuro-la-leyenda-renace-el-frankestein-de-20th-century-fox-ya-tiene-director-la-live-action-movie-del-anime#primaryimage\",\"url\":\"https:\/\/uruloki.org\/felipeblog\/images2011-2\/20110904-apollo18.jpg\",\"contentUrl\":\"https:\/\/uruloki.org\/felipeblog\/images2011-2\/20110904-apollo18.jpg\"},{\"@type\":\"BreadcrumbList\",\"@id\":\"https:\/\/www.uruloki.org\/felipeblog\/cine-de-ciencia-ficcion\/mil-y-una-imgenes-de-los-rodajes-de-los-vengadores-man-of-steel-y-el-caballero-oscuro-la-leyenda-renace-el-frankestein-de-20th-century-fox-ya-tiene-director-la-live-action-movie-del-anime#breadcrumb\",\"itemListElement\":[{\"@type\":\"ListItem\",\"position\":1,\"name\":\"Portada\",\"item\":\"https:\/\/www.uruloki.org\/felipeblog\"},{\"@type\":\"ListItem\",\"position\":2,\"name\":\"Mil y una im&aacute;genes de los rodajes de Los Vengadores, Man of Steel y El caballero oscuro: la leyenda renace, el Frankestein de 20th Century Fox ya tiene director, la live-action movie del anime Kite en manos de David R. Ellis, novedades sobre Riddick en forma de concept art y calificaci&oacute;n definitiva, y un nuevo cartel de Apollo 18&#8230;\"}]},{\"@type\":\"WebSite\",\"@id\":\"https:\/\/www.uruloki.org\/felipeblog\/#website\",\"url\":\"https:\/\/www.uruloki.org\/felipeblog\/\",\"name\":\"Uruloki :: Blog\",\"description\":\"Blog de cine, terror, ciencia ficci\u00f3n, fantas\u00eda y c\u00f3mics\",\"potentialAction\":[{\"@type\":\"SearchAction\",\"target\":{\"@type\":\"EntryPoint\",\"urlTemplate\":\"https:\/\/www.uruloki.org\/felipeblog\/?s={search_term_string}\"},\"query-input\":{\"@type\":\"PropertyValueSpecification\",\"valueRequired\":true,\"valueName\":\"search_term_string\"}}],\"inLanguage\":\"es\"},{\"@type\":\"Person\",\"@id\":\"https:\/\/www.uruloki.org\/felipeblog\/#\/schema\/person\/ddba06ddaa27edf0c370460d05c51bb3\",\"name\":\"Uruloki\",\"image\":{\"@type\":\"ImageObject\",\"inLanguage\":\"es\",\"@id\":\"https:\/\/www.uruloki.org\/felipeblog\/#\/schema\/person\/image\/\",\"url\":\"https:\/\/secure.gravatar.com\/avatar\/68d5301c5f52ba88fd63f02c75b8c4d1b3c3fc4b21e2998a1e98c4b3a54d9f7c?s=96&d=mm&r=g\",\"contentUrl\":\"https:\/\/secure.gravatar.com\/avatar\/68d5301c5f52ba88fd63f02c75b8c4d1b3c3fc4b21e2998a1e98c4b3a54d9f7c?s=96&d=mm&r=g\",\"caption\":\"Uruloki\"},\"sameAs\":[\"https:\/\/uruloki.org\"],\"url\":\"https:\/\/www.uruloki.org\/felipeblog\/author\/admin-2-2-2\"}]}<\/script>\n<!-- \/ Yoast SEO plugin. -->","yoast_head_json":{"title":"Mil y una im&aacute;genes de los rodajes de Los Vengadores, Man of Steel y El caballero oscuro: la leyenda renace, el Frankestein de 20th Century Fox ya tiene director, la live-action movie del anime Kite en manos de David R. Ellis, novedades sobre Riddick en forma de concept art y calificaci&oacute;n definitiva, y un nuevo cartel de Apollo 18... - Uruloki :: Blog","robots":{"index":"index","follow":"follow","max-snippet":"max-snippet:-1","max-image-preview":"max-image-preview:large","max-video-preview":"max-video-preview:-1"},"canonical":"https:\/\/www.uruloki.org\/felipeblog\/cine-de-ciencia-ficcion\/mil-y-una-imgenes-de-los-rodajes-de-los-vengadores-man-of-steel-y-el-caballero-oscuro-la-leyenda-renace-el-frankestein-de-20th-century-fox-ya-tiene-director-la-live-action-movie-del-anime","og_locale":"es_ES","og_type":"article","og_title":"Mil y una im&aacute;genes de los rodajes de Los Vengadores, Man of Steel y El caballero oscuro: la leyenda renace, el Frankestein de 20th Century Fox ya tiene director, la live-action movie del anime Kite en manos de David R. Ellis, novedades sobre Riddick en forma de concept art y calificaci&oacute;n definitiva, y un nuevo cartel de Apollo 18... - Uruloki :: Blog","og_description":"Mientras medito en si escribir o no sobre La piel que habito (2011) de Pedro Almod&oacute;var &#8211; sorprendente, grotesca y extra&ntilde;amente embaucadora -, regreso al blog este domingo precio lunes para recuperar las poqu&iacute;simas noticias que se han producido este fin de semana al otro lado del charco. Siguiendo la t&oacute;nica de las &uacute;ltimas semanas [&hellip;]","og_url":"https:\/\/www.uruloki.org\/felipeblog\/cine-de-ciencia-ficcion\/mil-y-una-imgenes-de-los-rodajes-de-los-vengadores-man-of-steel-y-el-caballero-oscuro-la-leyenda-renace-el-frankestein-de-20th-century-fox-ya-tiene-director-la-live-action-movie-del-anime","og_site_name":"Uruloki :: Blog","article_publisher":"https:\/\/www.facebook.com\/uruloki.org","article_published_time":"2011-09-04T19:13:33+00:00","og_image":[{"url":"https:\/\/uruloki.org\/felipeblog\/images2011-2\/20110904-apollo18.jpg","type":"","width":"","height":""}],"author":"Uruloki","twitter_card":"summary_large_image","twitter_creator":"@uruloki","twitter_site":"@uruloki","twitter_misc":{"Escrito por":"Uruloki","Tiempo de lectura":"5 minutos"},"schema":{"@context":"https:\/\/schema.org","@graph":[{"@type":"WebPage","@id":"https:\/\/www.uruloki.org\/felipeblog\/cine-de-ciencia-ficcion\/mil-y-una-imgenes-de-los-rodajes-de-los-vengadores-man-of-steel-y-el-caballero-oscuro-la-leyenda-renace-el-frankestein-de-20th-century-fox-ya-tiene-director-la-live-action-movie-del-anime","url":"https:\/\/www.uruloki.org\/felipeblog\/cine-de-ciencia-ficcion\/mil-y-una-imgenes-de-los-rodajes-de-los-vengadores-man-of-steel-y-el-caballero-oscuro-la-leyenda-renace-el-frankestein-de-20th-century-fox-ya-tiene-director-la-live-action-movie-del-anime","name":"Mil y una im&aacute;genes de los rodajes de Los Vengadores, Man of Steel y El caballero oscuro: la leyenda renace, el Frankestein de 20th Century Fox ya tiene director, la live-action movie del anime Kite en manos de David R. Ellis, novedades sobre Riddick en forma de concept art y calificaci&oacute;n definitiva, y un nuevo cartel de Apollo 18... - Uruloki :: Blog","isPartOf":{"@id":"https:\/\/www.uruloki.org\/felipeblog\/#website"},"primaryImageOfPage":{"@id":"https:\/\/www.uruloki.org\/felipeblog\/cine-de-ciencia-ficcion\/mil-y-una-imgenes-de-los-rodajes-de-los-vengadores-man-of-steel-y-el-caballero-oscuro-la-leyenda-renace-el-frankestein-de-20th-century-fox-ya-tiene-director-la-live-action-movie-del-anime#primaryimage"},"image":{"@id":"https:\/\/www.uruloki.org\/felipeblog\/cine-de-ciencia-ficcion\/mil-y-una-imgenes-de-los-rodajes-de-los-vengadores-man-of-steel-y-el-caballero-oscuro-la-leyenda-renace-el-frankestein-de-20th-century-fox-ya-tiene-director-la-live-action-movie-del-anime#primaryimage"},"thumbnailUrl":"https:\/\/uruloki.org\/felipeblog\/images2011-2\/20110904-apollo18.jpg","datePublished":"2011-09-04T19:13:33+00:00","dateModified":"2011-09-04T19:13:33+00:00","author":{"@id":"https:\/\/www.uruloki.org\/felipeblog\/#\/schema\/person\/ddba06ddaa27edf0c370460d05c51bb3"},"breadcrumb":{"@id":"https:\/\/www.uruloki.org\/felipeblog\/cine-de-ciencia-ficcion\/mil-y-una-imgenes-de-los-rodajes-de-los-vengadores-man-of-steel-y-el-caballero-oscuro-la-leyenda-renace-el-frankestein-de-20th-century-fox-ya-tiene-director-la-live-action-movie-del-anime#breadcrumb"},"inLanguage":"es","potentialAction":[{"@type":"ReadAction","target":["https:\/\/www.uruloki.org\/felipeblog\/cine-de-ciencia-ficcion\/mil-y-una-imgenes-de-los-rodajes-de-los-vengadores-man-of-steel-y-el-caballero-oscuro-la-leyenda-renace-el-frankestein-de-20th-century-fox-ya-tiene-director-la-live-action-movie-del-anime"]}]},{"@type":"ImageObject","inLanguage":"es","@id":"https:\/\/www.uruloki.org\/felipeblog\/cine-de-ciencia-ficcion\/mil-y-una-imgenes-de-los-rodajes-de-los-vengadores-man-of-steel-y-el-caballero-oscuro-la-leyenda-renace-el-frankestein-de-20th-century-fox-ya-tiene-director-la-live-action-movie-del-anime#primaryimage","url":"https:\/\/uruloki.org\/felipeblog\/images2011-2\/20110904-apollo18.jpg","contentUrl":"https:\/\/uruloki.org\/felipeblog\/images2011-2\/20110904-apollo18.jpg"},{"@type":"BreadcrumbList","@id":"https:\/\/www.uruloki.org\/felipeblog\/cine-de-ciencia-ficcion\/mil-y-una-imgenes-de-los-rodajes-de-los-vengadores-man-of-steel-y-el-caballero-oscuro-la-leyenda-renace-el-frankestein-de-20th-century-fox-ya-tiene-director-la-live-action-movie-del-anime#breadcrumb","itemListElement":[{"@type":"ListItem","position":1,"name":"Portada","item":"https:\/\/www.uruloki.org\/felipeblog"},{"@type":"ListItem","position":2,"name":"Mil y una im&aacute;genes de los rodajes de Los Vengadores, Man of Steel y El caballero oscuro: la leyenda renace, el Frankestein de 20th Century Fox ya tiene director, la live-action movie del anime Kite en manos de David R. Ellis, novedades sobre Riddick en forma de concept art y calificaci&oacute;n definitiva, y un nuevo cartel de Apollo 18&#8230;"}]},{"@type":"WebSite","@id":"https:\/\/www.uruloki.org\/felipeblog\/#website","url":"https:\/\/www.uruloki.org\/felipeblog\/","name":"Uruloki :: Blog","description":"Blog de cine, terror, ciencia ficci\u00f3n, fantas\u00eda y c\u00f3mics","potentialAction":[{"@type":"SearchAction","target":{"@type":"EntryPoint","urlTemplate":"https:\/\/www.uruloki.org\/felipeblog\/?s={search_term_string}"},"query-input":{"@type":"PropertyValueSpecification","valueRequired":true,"valueName":"search_term_string"}}],"inLanguage":"es"},{"@type":"Person","@id":"https:\/\/www.uruloki.org\/felipeblog\/#\/schema\/person\/ddba06ddaa27edf0c370460d05c51bb3","name":"Uruloki","image":{"@type":"ImageObject","inLanguage":"es","@id":"https:\/\/www.uruloki.org\/felipeblog\/#\/schema\/person\/image\/","url":"https:\/\/secure.gravatar.com\/avatar\/68d5301c5f52ba88fd63f02c75b8c4d1b3c3fc4b21e2998a1e98c4b3a54d9f7c?s=96&d=mm&r=g","contentUrl":"https:\/\/secure.gravatar.com\/avatar\/68d5301c5f52ba88fd63f02c75b8c4d1b3c3fc4b21e2998a1e98c4b3a54d9f7c?s=96&d=mm&r=g","caption":"Uruloki"},"sameAs":["https:\/\/uruloki.org"],"url":"https:\/\/www.uruloki.org\/felipeblog\/author\/admin-2-2-2"}]}},"_links":{"self":[{"href":"https:\/\/www.uruloki.org\/felipeblog\/wp-json\/wp\/v2\/posts\/6388","targetHints":{"allow":["GET"]}}],"collection":[{"href":"https:\/\/www.uruloki.org\/felipeblog\/wp-json\/wp\/v2\/posts"}],"about":[{"href":"https:\/\/www.uruloki.org\/felipeblog\/wp-json\/wp\/v2\/types\/post"}],"author":[{"embeddable":true,"href":"https:\/\/www.uruloki.org\/felipeblog\/wp-json\/wp\/v2\/users\/28"}],"replies":[{"embeddable":true,"href":"https:\/\/www.uruloki.org\/felipeblog\/wp-json\/wp\/v2\/comments?post=6388"}],"version-history":[{"count":1,"href":"https:\/\/www.uruloki.org\/felipeblog\/wp-json\/wp\/v2\/posts\/6388\/revisions"}],"predecessor-version":[{"id":6389,"href":"https:\/\/www.uruloki.org\/felipeblog\/wp-json\/wp\/v2\/posts\/6388\/revisions\/6389"}],"wp:attachment":[{"href":"https:\/\/www.uruloki.org\/felipeblog\/wp-json\/wp\/v2\/media?parent=6388"}],"wp:term":[{"taxonomy":"category","embeddable":true,"href":"https:\/\/www.uruloki.org\/felipeblog\/wp-json\/wp\/v2\/categories?post=6388"},{"taxonomy":"post_tag","embeddable":true,"href":"https:\/\/www.uruloki.org\/felipeblog\/wp-json\/wp\/v2\/tags?post=6388"}],"curies":[{"name":"wp","href":"https:\/\/api.w.org\/{rel}","templated":true}]}}