{"id":6260,"date":"2011-08-11T20:01:37","date_gmt":"2011-08-11T18:01:37","guid":{"rendered":"https:\/\/uruloki.org\/felipeblog\/?p=6260"},"modified":"2011-08-11T20:01:37","modified_gmt":"2011-08-11T18:01:37","slug":"y-frank-darabont-fue-despedido-las-razones-de-su-adis-a-the-walking-dead-the-stand-la-danza-de-la-muerte-apocalipsis-ya-tiene-director-david-yates-y-guionista","status":"publish","type":"post","link":"https:\/\/www.uruloki.org\/felipeblog\/cine-de-ciencia-ficcion\/y-frank-darabont-fue-despedido-las-razones-de-su-adis-a-the-walking-dead-the-stand-la-danza-de-la-muerte-apocalipsis-ya-tiene-director-david-yates-y-guionista","title":{"rendered":"Y Frank Darabont fue despedido, las razones de su adi&oacute;s a &quot;The Walking Dead&quot;, &quot;The Stand \/ La danza de la muerte \/ Apocalipsis&quot; ya tiene director, David Yates, y guionista, Steve Kloves, la sinopsis de Guerra Mundial Z dar&aacute; que pensar o discutir, y el nuevo Riddick parece ponerse en marcha&#8230;"},"content":{"rendered":"<p>Como se ha puesto la cosa. Sin lugar a dudas la noticia que copa hoy las portadas de las webs m&aacute;s adictas al cine y televisi&oacute;n es la verdad sobre el caso <a href=\"http:\/\/www.imdb.es\/name\/nm0001104\/\" target=\"_blank\">Frank Darabont<\/a>, el canal <strong>AMC<\/strong> y el destino de la serie <a href=\"http:\/\/www.imdb.es\/title\/tt1520211\/\" target=\"_blank\">&quot;The Walking Dead&quot;<\/a> (2010-&iquest;?). En <a href=\"http:\/\/www.hollywoodreporter.com\/news\/walking-dead-what-happened-fired-221449\" target=\"_blank\">un art&iacute;culo titulado &quot;Walking Dead: What Really Happened&quot; aparecido en la edici&oacute;n impresa de The Hollywood Reporter<\/a> se indica que <strong>Darabont<\/strong> fue despedido de su puesto de <em>showrunner<\/em> de la serie tres d&iacute;as despu&eacute;s de que el director y productores se pasaran por <a href=\"https:\/\/uruloki.org\/felipeblog\/cine-de-terror\/comic-con-2011-casi-cinco-minutos-de-avance-para-la-segunda-temporada-de-the-walking-dead\">la Comic-Con de San Diego<\/a>. Una de las cosas m&aacute;s alucinantes del despido es que con intenci&oacute;n de que no se airee demasiado el problema surgido, las razones verdaderas o las opiniones internas, una fuente de <strong>The Hollywood Reporter<\/strong> asegura que <strong>AMC<\/strong> ha amenazado a los integrantes del reparto y sus representantes comentando que &quot;<em>se trata de una serie de zombis y cualquiera puede acabar muerto<\/em>&quot;. Vamos, que si te vas de la lengua te vas a la calle tras la muerte de rigor&#8230; adem&aacute;s, como la serie no sigue el camino de los c&oacute;mics pueden hacer lo que les venga en gana.<\/p>\n<p>El art&iacute;culo navega luego en un mar de suposiciones bastante peculiares. Por ejemplo la bajada en el presupuesto de la serie, se comenta que hubo un descenso de 650.000 d&oacute;lares por episodio (de 3,4 a 2,75 millones), lo que llev&oacute; al director a una acalorada discusi&oacute;n con <strong>AMC<\/strong> por que no quer&iacute;a que la gente trabajara m&aacute;s sin cobrar por ello. <strong>AMC<\/strong> ofreci&oacute; alternativas para poder hacer encajar el nuevo presupuesto como, atenci&oacute;n, en el <em>planning<\/em> de los 8 d&iacute;as de rodaje por episodio cuatro se realizar&iacute;an siempre en interiores o que no se ver&iacute;an zombis para evitar la subida del coste por el maquillaje pero si los oir&iacute;amos sin embargo en modo fuera de plano. Cuentan fuentes internas no desveladas que <strong>Darabont<\/strong> pele&oacute; por mantener el nivel de la primera temporada pero parece ser que la raz&oacute;n final de su despido fue el rodaje de un episodio de esta nueva temporada donde ni un &aacute;pice del metraje era aprovechable, y eso que <strong>Darabont<\/strong> se encontraba inmerso en la mesa de montaje intentando componer algo decente. En fin, no se que pensar, <strong>AMC<\/strong> manda y pese a tratarse de la serie con m&aacute;s &eacute;xito del canal, y eso que floje&oacute; tela marinera, o que mantiene a piezas importantes como <strong>Robert Kirkman<\/strong>, <a href=\"http:\/\/www.imdb.es\/name\/nm0630524\/\" target=\"_blank\">Greg Nicotero<\/a> y <a href=\"http:\/\/www.imdb.es\/name\/nm1185659\/\" target=\"_blank\">Glen Mazzara<\/a>, pues la verdad es que  apunta triste.<\/p>\n<p class=\"centrado\"><img loading=\"lazy\" decoding=\"async\" src=\"https:\/\/uruloki.org\/felipeblog\/images2011-2\/20110727-the-walking-dead-2.jpg\" alt=\"WTF?\" height=\"413\" width=\"625\" \/><br \/>\n<em>WTF?<\/em><\/p>\n<p>Y sigamos con m&aacute;s noticias interesantes. <a href=\"http:\/\/www.hitfix.com\/blogs\/motion-captured\/posts\/exclusive-potter-masterminds-steve-kloves-and-david-yates-reunite-for-the-stand\" target=\"_blank\">HitFix anuncia<\/a> que <a href=\"http:\/\/www.imdb.es\/name\/nm0460141\/\" target=\"_blank\">Steve Kloves<\/a>, guionista, y <a href=\"http:\/\/www.imdb.es\/name\/nm0946734\/\" target=\"_blank\">David Yates<\/a>, director, vuelven a unir fuerzas con <strong>Warner Bros. Pictures<\/strong> para hacerse cargo de la adaptaci&oacute;n al cine de <strong>&quot;The Stand \/ La danza de la muerte \/ Apocalipsis&quot;<\/strong>, la novela de <strong>Stephen King<\/strong>, en un proyecto compuesto por varias pel&iacute;culas. Hace unas semanas se descubri&oacute; que <strong>Yates<\/strong> negociaba hacerse cargo de diversos proyectos tras quedar libre de su periplo por el mundo de la fantas&iacute;a de <strong>Harry Potter<\/strong>. Entre estos proyectos, uno era la versi&oacute;n cinematogr&aacute;fica de las <strong>&quot;F&aacute;bulas&quot;<\/strong> de <strong>Bill Willingham<\/strong> y otro una trilog&iacute;a mafiosa centrada en <strong>Al Capone<\/strong> con <a href=\"http:\/\/www.imdb.es\/name\/nm0362766\/\" target=\"_blank\">Tom Hardy<\/a> al frente, estaba el <a href=\"https:\/\/uruloki.org\/felipeblog\/cine-de-ciencia-ficcin\/james-cameron-actualiza-el-estado-de-battle-angel-nuevo-pster-de-dylan-dog-the-stand-la-danza-de-la-muerte-apocalipsis-de-stephen-king-de-nuevo-al-cine-de-la-mano-de-warner\">anunciado ya en febrero<\/a> salto al cine de la obra de <strong>Stephen King<\/strong>. En fin, creo que es una buena elecci&oacute;n, <strong>Kloves<\/strong> adapta bien libros y tiene una carrera como guionista bastante interesante. <strong>Yates<\/strong> sabe lo que se hace y maneja correctamente proyectos de gran enjundia. Esperemos que <strong>Warner Bros.<\/strong> respete la compleja y enrevesada obra de <strong>King<\/strong>, no merece menos&#8230; y que no se corten como <strong>Universal Pictures<\/strong> y la fenecida versi&oacute;n PG-13 de <a href=\"http:\/\/www.imdb.es\/title\/tt1648190\/\" target=\"_blank\">The Dark Tower<\/a> (&iquest;?). Sobre <strong>&quot;The Stand \/ La danza de la muerte \/ Apocalipsis&quot;<\/strong>, <em>grosso modo<\/em> cuenta los acontecimientos posteriores a la liberaci&oacute;n de una cepa del virus de la <em>supergripe<\/em> que provoca que la pr&aacute;ctica totalidad de la poblaci&oacute;n mundial muera.  Luego la historia se centra en las vicisitudes de dos grupo de  supervivientes en los <strong>Estados Unidos de America<\/strong>, como intentan cruzar el pa&iacute;s, como surgen y caen l&iacute;deres entre ellos, las paranoias, su enfrentamiento, gente crucificada, <strong>Randal Flagg<\/strong>, la <strong>Madre Abigail<\/strong>, el <strong>&quot;hombre basura&quot;<\/strong>, etc. Y as&iacute; hasta el final.<\/p>\n<p>Atenci&oacute;n ahora a todos los que esperan, yo entre ellos, la adaptaci&oacute;n al cine de una de las obras m&aacute;s famosas de <strong>Max Brooks<\/strong>. A las noticias de estos d&iacute;as sobre <a href=\"http:\/\/www.imdb.es\/title\/tt0816711\/\" target=\"_blank\">Guerra Mundial Z<\/a> (<em>World War Z<\/em>, 2012) de <a href=\"http:\/\/www.imdb.es\/name\/nm0286975\/\" target=\"_blank\">Marc Forster<\/a>, hoy m&uacute;ltiples sitios al otro lado del charco nos ofrecen la sinopsis oficial dada por <strong>Paramount Pictures<\/strong> de su paso del cine. Ojo, apunta a que se separar&aacute; bastante de la obra escrita, algo que era de esperar ya que iba a ser dif&iacute;cil que esa narrativa de investigaci&oacute;n funcionara en la gran pantalla. Aqu&iacute; la sinopsis&#8230;<\/p>\n<blockquote><p>La historia de Guerra Mundial Z se centra en un empleado de las Naciones Unidas llamado Gerry Lane (<a href=\"http:\/\/www.imdb.es\/name\/nm0000093\/\" target=\"_blank\">Brad Pitt<\/a>) y su periplo por todo el mundo con el objetivo de detener una pandemia zombi que est&aacute; colapsando ej&eacute;rcitos y gobiernos y amenazando con diezmar a la humanidad. Gerry estar&aacute; acompa&ntilde;ado por Karen (<a href=\"http:\/\/www.imdb.es\/name\/nm0257969\/\" target=\"_blank\">Mireille Enos<\/a>), su esposa, y Segen (&iquest;?), un buen\/a amigo\/a.<\/p><\/blockquote>\n<p>&iquest;Qu&eacute; os parece? Nos es muy explicativa, pero suena a que no habr&aacute; tanto periodista y m&aacute;s bien un film de acci&oacute;n contrarreloj por acabar con la pandemia.<\/p>\n<p>El punto y final es sorprendente&#8230; <a href=\"http:\/\/www.imdb.es\/title\/tt1411250\/\" target=\"_blank\">Riddick<\/a> (&iquest;?) se pone en marcha! <a href=\"http:\/\/www.moviehole.net\/201143902-exclusive-riddick-begins-casting-character-descriptions\" target=\"_blank\">Moviehole asegura<\/a> que el proyecto de <a href=\"http:\/\/www.imdb.es\/name\/nm0004874\/\" target=\"_blank\">Vin Diesel<\/a> y <a href=\"http:\/\/www.imdb.es\/name\/nm0878638\/\" target=\"_blank\">David Twohy<\/a> comienza a buscar reparto que responder&aacute; a los nombres de <strong>Boss Johns<\/strong>, <strong>Santana<\/strong>, la sexy mercenaria <strong>Dahl<\/strong> y el engre&iacute;do <strong>Comandante Krone<\/strong>. De lo que nos espera, y en pocas palabras, se sabe que veremos a <strong>Riddick<\/strong> abandonado en un &aacute;rido planeta donde estar&aacute; rodeado por monstruos y mercenarios, ambas facciones le quieren muerto. Se dice que el encuentro de Riddick con sus nuevos enemigos ser&aacute; brutal, no quedar&aacute; t&iacute;tere con cabeza.<\/p>\n","protected":false},"excerpt":{"rendered":"<p>Como se ha puesto la cosa. Sin lugar a dudas la noticia que copa hoy las portadas de las webs m&aacute;s adictas al cine y televisi&oacute;n es la verdad sobre el caso Frank Darabont, el canal AMC y el destino de la serie &quot;The Walking Dead&quot; (2010-&iquest;?). En un art&iacute;culo titulado &quot;Walking Dead: What Really [&hellip;]<\/p>\n","protected":false},"author":28,"featured_media":0,"comment_status":"open","ping_status":"open","sticky":false,"template":"","format":"standard","meta":{"footnotes":""},"categories":[10,8,9],"tags":[1112,1211,1623,1010],"class_list":["post-6260","post","type-post","status-publish","format-standard","hentry","category-cine-de-comics","category-cine-de-ciencia-ficcion","category-cine-de-terror","tag-guerra-mundial-z","tag-riddick","tag-the-stand","tag-the-walking-dead"],"yoast_head":"<!-- This site is optimized with the Yoast SEO plugin v24.3 - https:\/\/yoast.com\/wordpress\/plugins\/seo\/ -->\n<title>Y Frank Darabont fue despedido, las razones de su adi&oacute;s a &quot;The Walking Dead&quot;, &quot;The Stand \/ La danza de la muerte \/ Apocalipsis&quot; ya tiene director, David Yates, y guionista, Steve Kloves, la sinopsis de Guerra Mundial Z dar&aacute; que pensar o discutir, y el nuevo Riddick parece ponerse en marcha... - Uruloki :: Blog<\/title>\n<meta name=\"robots\" content=\"index, follow, max-snippet:-1, max-image-preview:large, max-video-preview:-1\" \/>\n<link rel=\"canonical\" href=\"https:\/\/www.uruloki.org\/felipeblog\/cine-de-ciencia-ficcion\/y-frank-darabont-fue-despedido-las-razones-de-su-adis-a-the-walking-dead-the-stand-la-danza-de-la-muerte-apocalipsis-ya-tiene-director-david-yates-y-guionista\" \/>\n<meta property=\"og:locale\" content=\"es_ES\" \/>\n<meta property=\"og:type\" content=\"article\" \/>\n<meta property=\"og:title\" content=\"Y Frank Darabont fue despedido, las razones de su adi&oacute;s a &quot;The Walking Dead&quot;, &quot;The Stand \/ La danza de la muerte \/ Apocalipsis&quot; ya tiene director, David Yates, y guionista, Steve Kloves, la sinopsis de Guerra Mundial Z dar&aacute; que pensar o discutir, y el nuevo Riddick parece ponerse en marcha... - Uruloki :: Blog\" \/>\n<meta property=\"og:description\" content=\"Como se ha puesto la cosa. Sin lugar a dudas la noticia que copa hoy las portadas de las webs m&aacute;s adictas al cine y televisi&oacute;n es la verdad sobre el caso Frank Darabont, el canal AMC y el destino de la serie &quot;The Walking Dead&quot; (2010-&iquest;?). En un art&iacute;culo titulado &quot;Walking Dead: What Really [&hellip;]\" \/>\n<meta property=\"og:url\" content=\"https:\/\/www.uruloki.org\/felipeblog\/cine-de-ciencia-ficcion\/y-frank-darabont-fue-despedido-las-razones-de-su-adis-a-the-walking-dead-the-stand-la-danza-de-la-muerte-apocalipsis-ya-tiene-director-david-yates-y-guionista\" \/>\n<meta property=\"og:site_name\" content=\"Uruloki :: Blog\" \/>\n<meta property=\"article:publisher\" content=\"https:\/\/www.facebook.com\/uruloki.org\" \/>\n<meta property=\"article:published_time\" content=\"2011-08-11T18:01:37+00:00\" \/>\n<meta property=\"og:image\" content=\"https:\/\/uruloki.org\/felipeblog\/images2011-2\/20110727-the-walking-dead-2.jpg\" \/>\n<meta name=\"author\" content=\"Uruloki\" \/>\n<meta name=\"twitter:card\" content=\"summary_large_image\" \/>\n<meta name=\"twitter:creator\" content=\"@uruloki\" \/>\n<meta name=\"twitter:site\" content=\"@uruloki\" \/>\n<meta name=\"twitter:label1\" content=\"Escrito por\" \/>\n\t<meta name=\"twitter:data1\" content=\"Uruloki\" \/>\n\t<meta name=\"twitter:label2\" content=\"Tiempo de lectura\" \/>\n\t<meta name=\"twitter:data2\" content=\"6 minutos\" \/>\n<script type=\"application\/ld+json\" class=\"yoast-schema-graph\">{\"@context\":\"https:\/\/schema.org\",\"@graph\":[{\"@type\":\"WebPage\",\"@id\":\"https:\/\/www.uruloki.org\/felipeblog\/cine-de-ciencia-ficcion\/y-frank-darabont-fue-despedido-las-razones-de-su-adis-a-the-walking-dead-the-stand-la-danza-de-la-muerte-apocalipsis-ya-tiene-director-david-yates-y-guionista\",\"url\":\"https:\/\/www.uruloki.org\/felipeblog\/cine-de-ciencia-ficcion\/y-frank-darabont-fue-despedido-las-razones-de-su-adis-a-the-walking-dead-the-stand-la-danza-de-la-muerte-apocalipsis-ya-tiene-director-david-yates-y-guionista\",\"name\":\"Y Frank Darabont fue despedido, las razones de su adi&oacute;s a &quot;The Walking Dead&quot;, &quot;The Stand \/ La danza de la muerte \/ Apocalipsis&quot; ya tiene director, David Yates, y guionista, Steve Kloves, la sinopsis de Guerra Mundial Z dar&aacute; que pensar o discutir, y el nuevo Riddick parece ponerse en marcha... - Uruloki :: Blog\",\"isPartOf\":{\"@id\":\"https:\/\/www.uruloki.org\/felipeblog\/#website\"},\"primaryImageOfPage\":{\"@id\":\"https:\/\/www.uruloki.org\/felipeblog\/cine-de-ciencia-ficcion\/y-frank-darabont-fue-despedido-las-razones-de-su-adis-a-the-walking-dead-the-stand-la-danza-de-la-muerte-apocalipsis-ya-tiene-director-david-yates-y-guionista#primaryimage\"},\"image\":{\"@id\":\"https:\/\/www.uruloki.org\/felipeblog\/cine-de-ciencia-ficcion\/y-frank-darabont-fue-despedido-las-razones-de-su-adis-a-the-walking-dead-the-stand-la-danza-de-la-muerte-apocalipsis-ya-tiene-director-david-yates-y-guionista#primaryimage\"},\"thumbnailUrl\":\"https:\/\/uruloki.org\/felipeblog\/images2011-2\/20110727-the-walking-dead-2.jpg\",\"datePublished\":\"2011-08-11T18:01:37+00:00\",\"dateModified\":\"2011-08-11T18:01:37+00:00\",\"author\":{\"@id\":\"https:\/\/www.uruloki.org\/felipeblog\/#\/schema\/person\/ddba06ddaa27edf0c370460d05c51bb3\"},\"breadcrumb\":{\"@id\":\"https:\/\/www.uruloki.org\/felipeblog\/cine-de-ciencia-ficcion\/y-frank-darabont-fue-despedido-las-razones-de-su-adis-a-the-walking-dead-the-stand-la-danza-de-la-muerte-apocalipsis-ya-tiene-director-david-yates-y-guionista#breadcrumb\"},\"inLanguage\":\"es\",\"potentialAction\":[{\"@type\":\"ReadAction\",\"target\":[\"https:\/\/www.uruloki.org\/felipeblog\/cine-de-ciencia-ficcion\/y-frank-darabont-fue-despedido-las-razones-de-su-adis-a-the-walking-dead-the-stand-la-danza-de-la-muerte-apocalipsis-ya-tiene-director-david-yates-y-guionista\"]}]},{\"@type\":\"ImageObject\",\"inLanguage\":\"es\",\"@id\":\"https:\/\/www.uruloki.org\/felipeblog\/cine-de-ciencia-ficcion\/y-frank-darabont-fue-despedido-las-razones-de-su-adis-a-the-walking-dead-the-stand-la-danza-de-la-muerte-apocalipsis-ya-tiene-director-david-yates-y-guionista#primaryimage\",\"url\":\"https:\/\/uruloki.org\/felipeblog\/images2011-2\/20110727-the-walking-dead-2.jpg\",\"contentUrl\":\"https:\/\/uruloki.org\/felipeblog\/images2011-2\/20110727-the-walking-dead-2.jpg\"},{\"@type\":\"BreadcrumbList\",\"@id\":\"https:\/\/www.uruloki.org\/felipeblog\/cine-de-ciencia-ficcion\/y-frank-darabont-fue-despedido-las-razones-de-su-adis-a-the-walking-dead-the-stand-la-danza-de-la-muerte-apocalipsis-ya-tiene-director-david-yates-y-guionista#breadcrumb\",\"itemListElement\":[{\"@type\":\"ListItem\",\"position\":1,\"name\":\"Portada\",\"item\":\"https:\/\/www.uruloki.org\/felipeblog\"},{\"@type\":\"ListItem\",\"position\":2,\"name\":\"Y Frank Darabont fue despedido, las razones de su adi&oacute;s a &quot;The Walking Dead&quot;, &quot;The Stand \/ La danza de la muerte \/ Apocalipsis&quot; ya tiene director, David Yates, y guionista, Steve Kloves, la sinopsis de Guerra Mundial Z dar&aacute; que pensar o discutir, y el nuevo Riddick parece ponerse en marcha&#8230;\"}]},{\"@type\":\"WebSite\",\"@id\":\"https:\/\/www.uruloki.org\/felipeblog\/#website\",\"url\":\"https:\/\/www.uruloki.org\/felipeblog\/\",\"name\":\"Uruloki :: Blog\",\"description\":\"Blog de cine, terror, ciencia ficci\u00f3n, fantas\u00eda y c\u00f3mics\",\"potentialAction\":[{\"@type\":\"SearchAction\",\"target\":{\"@type\":\"EntryPoint\",\"urlTemplate\":\"https:\/\/www.uruloki.org\/felipeblog\/?s={search_term_string}\"},\"query-input\":{\"@type\":\"PropertyValueSpecification\",\"valueRequired\":true,\"valueName\":\"search_term_string\"}}],\"inLanguage\":\"es\"},{\"@type\":\"Person\",\"@id\":\"https:\/\/www.uruloki.org\/felipeblog\/#\/schema\/person\/ddba06ddaa27edf0c370460d05c51bb3\",\"name\":\"Uruloki\",\"image\":{\"@type\":\"ImageObject\",\"inLanguage\":\"es\",\"@id\":\"https:\/\/www.uruloki.org\/felipeblog\/#\/schema\/person\/image\/\",\"url\":\"https:\/\/secure.gravatar.com\/avatar\/68d5301c5f52ba88fd63f02c75b8c4d1b3c3fc4b21e2998a1e98c4b3a54d9f7c?s=96&d=mm&r=g\",\"contentUrl\":\"https:\/\/secure.gravatar.com\/avatar\/68d5301c5f52ba88fd63f02c75b8c4d1b3c3fc4b21e2998a1e98c4b3a54d9f7c?s=96&d=mm&r=g\",\"caption\":\"Uruloki\"},\"sameAs\":[\"https:\/\/uruloki.org\"],\"url\":\"https:\/\/www.uruloki.org\/felipeblog\/author\/admin-2-2-2\"}]}<\/script>\n<!-- \/ Yoast SEO plugin. -->","yoast_head_json":{"title":"Y Frank Darabont fue despedido, las razones de su adi&oacute;s a &quot;The Walking Dead&quot;, &quot;The Stand \/ La danza de la muerte \/ Apocalipsis&quot; ya tiene director, David Yates, y guionista, Steve Kloves, la sinopsis de Guerra Mundial Z dar&aacute; que pensar o discutir, y el nuevo Riddick parece ponerse en marcha... - Uruloki :: Blog","robots":{"index":"index","follow":"follow","max-snippet":"max-snippet:-1","max-image-preview":"max-image-preview:large","max-video-preview":"max-video-preview:-1"},"canonical":"https:\/\/www.uruloki.org\/felipeblog\/cine-de-ciencia-ficcion\/y-frank-darabont-fue-despedido-las-razones-de-su-adis-a-the-walking-dead-the-stand-la-danza-de-la-muerte-apocalipsis-ya-tiene-director-david-yates-y-guionista","og_locale":"es_ES","og_type":"article","og_title":"Y Frank Darabont fue despedido, las razones de su adi&oacute;s a &quot;The Walking Dead&quot;, &quot;The Stand \/ La danza de la muerte \/ Apocalipsis&quot; ya tiene director, David Yates, y guionista, Steve Kloves, la sinopsis de Guerra Mundial Z dar&aacute; que pensar o discutir, y el nuevo Riddick parece ponerse en marcha... - Uruloki :: Blog","og_description":"Como se ha puesto la cosa. Sin lugar a dudas la noticia que copa hoy las portadas de las webs m&aacute;s adictas al cine y televisi&oacute;n es la verdad sobre el caso Frank Darabont, el canal AMC y el destino de la serie &quot;The Walking Dead&quot; (2010-&iquest;?). En un art&iacute;culo titulado &quot;Walking Dead: What Really [&hellip;]","og_url":"https:\/\/www.uruloki.org\/felipeblog\/cine-de-ciencia-ficcion\/y-frank-darabont-fue-despedido-las-razones-de-su-adis-a-the-walking-dead-the-stand-la-danza-de-la-muerte-apocalipsis-ya-tiene-director-david-yates-y-guionista","og_site_name":"Uruloki :: Blog","article_publisher":"https:\/\/www.facebook.com\/uruloki.org","article_published_time":"2011-08-11T18:01:37+00:00","og_image":[{"url":"https:\/\/uruloki.org\/felipeblog\/images2011-2\/20110727-the-walking-dead-2.jpg","type":"","width":"","height":""}],"author":"Uruloki","twitter_card":"summary_large_image","twitter_creator":"@uruloki","twitter_site":"@uruloki","twitter_misc":{"Escrito por":"Uruloki","Tiempo de lectura":"6 minutos"},"schema":{"@context":"https:\/\/schema.org","@graph":[{"@type":"WebPage","@id":"https:\/\/www.uruloki.org\/felipeblog\/cine-de-ciencia-ficcion\/y-frank-darabont-fue-despedido-las-razones-de-su-adis-a-the-walking-dead-the-stand-la-danza-de-la-muerte-apocalipsis-ya-tiene-director-david-yates-y-guionista","url":"https:\/\/www.uruloki.org\/felipeblog\/cine-de-ciencia-ficcion\/y-frank-darabont-fue-despedido-las-razones-de-su-adis-a-the-walking-dead-the-stand-la-danza-de-la-muerte-apocalipsis-ya-tiene-director-david-yates-y-guionista","name":"Y Frank Darabont fue despedido, las razones de su adi&oacute;s a &quot;The Walking Dead&quot;, &quot;The Stand \/ La danza de la muerte \/ Apocalipsis&quot; ya tiene director, David Yates, y guionista, Steve Kloves, la sinopsis de Guerra Mundial Z dar&aacute; que pensar o discutir, y el nuevo Riddick parece ponerse en marcha... - Uruloki :: Blog","isPartOf":{"@id":"https:\/\/www.uruloki.org\/felipeblog\/#website"},"primaryImageOfPage":{"@id":"https:\/\/www.uruloki.org\/felipeblog\/cine-de-ciencia-ficcion\/y-frank-darabont-fue-despedido-las-razones-de-su-adis-a-the-walking-dead-the-stand-la-danza-de-la-muerte-apocalipsis-ya-tiene-director-david-yates-y-guionista#primaryimage"},"image":{"@id":"https:\/\/www.uruloki.org\/felipeblog\/cine-de-ciencia-ficcion\/y-frank-darabont-fue-despedido-las-razones-de-su-adis-a-the-walking-dead-the-stand-la-danza-de-la-muerte-apocalipsis-ya-tiene-director-david-yates-y-guionista#primaryimage"},"thumbnailUrl":"https:\/\/uruloki.org\/felipeblog\/images2011-2\/20110727-the-walking-dead-2.jpg","datePublished":"2011-08-11T18:01:37+00:00","dateModified":"2011-08-11T18:01:37+00:00","author":{"@id":"https:\/\/www.uruloki.org\/felipeblog\/#\/schema\/person\/ddba06ddaa27edf0c370460d05c51bb3"},"breadcrumb":{"@id":"https:\/\/www.uruloki.org\/felipeblog\/cine-de-ciencia-ficcion\/y-frank-darabont-fue-despedido-las-razones-de-su-adis-a-the-walking-dead-the-stand-la-danza-de-la-muerte-apocalipsis-ya-tiene-director-david-yates-y-guionista#breadcrumb"},"inLanguage":"es","potentialAction":[{"@type":"ReadAction","target":["https:\/\/www.uruloki.org\/felipeblog\/cine-de-ciencia-ficcion\/y-frank-darabont-fue-despedido-las-razones-de-su-adis-a-the-walking-dead-the-stand-la-danza-de-la-muerte-apocalipsis-ya-tiene-director-david-yates-y-guionista"]}]},{"@type":"ImageObject","inLanguage":"es","@id":"https:\/\/www.uruloki.org\/felipeblog\/cine-de-ciencia-ficcion\/y-frank-darabont-fue-despedido-las-razones-de-su-adis-a-the-walking-dead-the-stand-la-danza-de-la-muerte-apocalipsis-ya-tiene-director-david-yates-y-guionista#primaryimage","url":"https:\/\/uruloki.org\/felipeblog\/images2011-2\/20110727-the-walking-dead-2.jpg","contentUrl":"https:\/\/uruloki.org\/felipeblog\/images2011-2\/20110727-the-walking-dead-2.jpg"},{"@type":"BreadcrumbList","@id":"https:\/\/www.uruloki.org\/felipeblog\/cine-de-ciencia-ficcion\/y-frank-darabont-fue-despedido-las-razones-de-su-adis-a-the-walking-dead-the-stand-la-danza-de-la-muerte-apocalipsis-ya-tiene-director-david-yates-y-guionista#breadcrumb","itemListElement":[{"@type":"ListItem","position":1,"name":"Portada","item":"https:\/\/www.uruloki.org\/felipeblog"},{"@type":"ListItem","position":2,"name":"Y Frank Darabont fue despedido, las razones de su adi&oacute;s a &quot;The Walking Dead&quot;, &quot;The Stand \/ La danza de la muerte \/ Apocalipsis&quot; ya tiene director, David Yates, y guionista, Steve Kloves, la sinopsis de Guerra Mundial Z dar&aacute; que pensar o discutir, y el nuevo Riddick parece ponerse en marcha&#8230;"}]},{"@type":"WebSite","@id":"https:\/\/www.uruloki.org\/felipeblog\/#website","url":"https:\/\/www.uruloki.org\/felipeblog\/","name":"Uruloki :: Blog","description":"Blog de cine, terror, ciencia ficci\u00f3n, fantas\u00eda y c\u00f3mics","potentialAction":[{"@type":"SearchAction","target":{"@type":"EntryPoint","urlTemplate":"https:\/\/www.uruloki.org\/felipeblog\/?s={search_term_string}"},"query-input":{"@type":"PropertyValueSpecification","valueRequired":true,"valueName":"search_term_string"}}],"inLanguage":"es"},{"@type":"Person","@id":"https:\/\/www.uruloki.org\/felipeblog\/#\/schema\/person\/ddba06ddaa27edf0c370460d05c51bb3","name":"Uruloki","image":{"@type":"ImageObject","inLanguage":"es","@id":"https:\/\/www.uruloki.org\/felipeblog\/#\/schema\/person\/image\/","url":"https:\/\/secure.gravatar.com\/avatar\/68d5301c5f52ba88fd63f02c75b8c4d1b3c3fc4b21e2998a1e98c4b3a54d9f7c?s=96&d=mm&r=g","contentUrl":"https:\/\/secure.gravatar.com\/avatar\/68d5301c5f52ba88fd63f02c75b8c4d1b3c3fc4b21e2998a1e98c4b3a54d9f7c?s=96&d=mm&r=g","caption":"Uruloki"},"sameAs":["https:\/\/uruloki.org"],"url":"https:\/\/www.uruloki.org\/felipeblog\/author\/admin-2-2-2"}]}},"_links":{"self":[{"href":"https:\/\/www.uruloki.org\/felipeblog\/wp-json\/wp\/v2\/posts\/6260","targetHints":{"allow":["GET"]}}],"collection":[{"href":"https:\/\/www.uruloki.org\/felipeblog\/wp-json\/wp\/v2\/posts"}],"about":[{"href":"https:\/\/www.uruloki.org\/felipeblog\/wp-json\/wp\/v2\/types\/post"}],"author":[{"embeddable":true,"href":"https:\/\/www.uruloki.org\/felipeblog\/wp-json\/wp\/v2\/users\/28"}],"replies":[{"embeddable":true,"href":"https:\/\/www.uruloki.org\/felipeblog\/wp-json\/wp\/v2\/comments?post=6260"}],"version-history":[{"count":2,"href":"https:\/\/www.uruloki.org\/felipeblog\/wp-json\/wp\/v2\/posts\/6260\/revisions"}],"predecessor-version":[{"id":6262,"href":"https:\/\/www.uruloki.org\/felipeblog\/wp-json\/wp\/v2\/posts\/6260\/revisions\/6262"}],"wp:attachment":[{"href":"https:\/\/www.uruloki.org\/felipeblog\/wp-json\/wp\/v2\/media?parent=6260"}],"wp:term":[{"taxonomy":"category","embeddable":true,"href":"https:\/\/www.uruloki.org\/felipeblog\/wp-json\/wp\/v2\/categories?post=6260"},{"taxonomy":"post_tag","embeddable":true,"href":"https:\/\/www.uruloki.org\/felipeblog\/wp-json\/wp\/v2\/tags?post=6260"}],"curies":[{"name":"wp","href":"https:\/\/api.w.org\/{rel}","templated":true}]}}