{"id":6131,"date":"2011-07-23T00:39:31","date_gmt":"2011-07-22T22:39:31","guid":{"rendered":"https:\/\/uruloki.org\/felipeblog\/?p=6131"},"modified":"2011-07-23T00:39:31","modified_gmt":"2011-07-22T22:39:31","slug":"comic-con-2011-casi-cinco-minutos-de-avance-para-la-segunda-temporada-de-the-walking-dead","status":"publish","type":"post","link":"https:\/\/www.uruloki.org\/felipeblog\/cine-de-terror\/comic-con-2011-casi-cinco-minutos-de-avance-para-la-segunda-temporada-de-the-walking-dead","title":{"rendered":"Comic-Con 2011: Casi cinco minutos de avance para la segunda temporada de &quot;The Walking Dead&quot;&#8230;"},"content":{"rendered":"<p>Pues eso, que si tenemos cartel&#8230; &iquest;por qu&eacute; no trailer? Aqu&iacute; os dejo con un generoso avance de casi 5 minutos de la segunda temporada de  <a href=\"http:\/\/www.imdb.es\/title\/tt1520211\/\" target=\"_blank\">&quot;The Walking Dead&quot;<\/a> (2010-&iquest;?) del canal <strong>AMC<\/strong>. Lo mejor es verlo, no pinta nada mal, espero que remonte el vuelo la serie tras el irregular final de la primera temporada. Ah, y la serie adelanta su estreno al 16 de octubre, al menos en USA.<\/p>\n<div class=\"video\"><iframe loading=\"lazy\" width=\"625\" height=\"349\" src=\"http:\/\/www.youtube.com\/embed\/1OZ0mu8Ey6A\" style=\"border:none;\"><\/iframe><\/div>\n<p class=\"centrado\"><img loading=\"lazy\" decoding=\"async\" src=\"https:\/\/uruloki.org\/felipeblog\/images2011-2\/20110722-thewalkingdead-2.jpg\" alt=\"Cartel para promocionar la segunda temporada de The Walking Dead\" width=\"450\" height=\"688\" \/><br \/>\n<em>Cartel para promocionar la segunda temporada de The Walking Dead<\/em><\/p>\n","protected":false},"excerpt":{"rendered":"<p>Pues eso, que si tenemos cartel&#8230; &iquest;por qu&eacute; no trailer? Aqu&iacute; os dejo con un generoso avance de casi 5 minutos de la segunda temporada de &quot;The Walking Dead&quot; (2010-&iquest;?) del canal AMC. Lo mejor es verlo, no pinta nada mal, espero que remonte el vuelo la serie tras el irregular final de la primera [&hellip;]<\/p>\n","protected":false},"author":28,"featured_media":0,"comment_status":"open","ping_status":"open","sticky":false,"template":"","format":"standard","meta":{"footnotes":""},"categories":[9,1786],"tags":[3385,1010],"class_list":["post-6131","post","type-post","status-publish","format-standard","hentry","category-cine-de-terror","category-comic-con-2011","tag-comic-con-2011","tag-the-walking-dead"],"yoast_head":"<!-- This site is optimized with the Yoast SEO plugin v24.3 - https:\/\/yoast.com\/wordpress\/plugins\/seo\/ -->\n<title>Comic-Con 2011: Casi cinco minutos de avance para la segunda temporada de &quot;The Walking Dead&quot;... - Uruloki :: Blog<\/title>\n<meta name=\"robots\" content=\"index, follow, max-snippet:-1, max-image-preview:large, max-video-preview:-1\" \/>\n<link rel=\"canonical\" href=\"https:\/\/www.uruloki.org\/felipeblog\/cine-de-terror\/comic-con-2011-casi-cinco-minutos-de-avance-para-la-segunda-temporada-de-the-walking-dead\" \/>\n<meta property=\"og:locale\" content=\"es_ES\" \/>\n<meta property=\"og:type\" content=\"article\" \/>\n<meta property=\"og:title\" content=\"Comic-Con 2011: Casi cinco minutos de avance para la segunda temporada de &quot;The Walking Dead&quot;... - Uruloki :: Blog\" \/>\n<meta property=\"og:description\" content=\"Pues eso, que si tenemos cartel&#8230; &iquest;por qu&eacute; no trailer? Aqu&iacute; os dejo con un generoso avance de casi 5 minutos de la segunda temporada de &quot;The Walking Dead&quot; (2010-&iquest;?) del canal AMC. Lo mejor es verlo, no pinta nada mal, espero que remonte el vuelo la serie tras el irregular final de la primera [&hellip;]\" \/>\n<meta property=\"og:url\" content=\"https:\/\/www.uruloki.org\/felipeblog\/cine-de-terror\/comic-con-2011-casi-cinco-minutos-de-avance-para-la-segunda-temporada-de-the-walking-dead\" \/>\n<meta property=\"og:site_name\" content=\"Uruloki :: Blog\" \/>\n<meta property=\"article:publisher\" content=\"https:\/\/www.facebook.com\/uruloki.org\" \/>\n<meta property=\"article:published_time\" content=\"2011-07-22T22:39:31+00:00\" \/>\n<meta property=\"og:image\" content=\"https:\/\/uruloki.org\/felipeblog\/images2011-2\/20110722-thewalkingdead-2.jpg\" \/>\n<meta name=\"author\" content=\"Uruloki\" \/>\n<meta name=\"twitter:card\" content=\"summary_large_image\" \/>\n<meta name=\"twitter:creator\" content=\"@uruloki\" \/>\n<meta name=\"twitter:site\" content=\"@uruloki\" \/>\n<meta name=\"twitter:label1\" content=\"Escrito por\" \/>\n\t<meta name=\"twitter:data1\" content=\"Uruloki\" \/>\n<script type=\"application\/ld+json\" class=\"yoast-schema-graph\">{\"@context\":\"https:\/\/schema.org\",\"@graph\":[{\"@type\":\"WebPage\",\"@id\":\"https:\/\/www.uruloki.org\/felipeblog\/cine-de-terror\/comic-con-2011-casi-cinco-minutos-de-avance-para-la-segunda-temporada-de-the-walking-dead\",\"url\":\"https:\/\/www.uruloki.org\/felipeblog\/cine-de-terror\/comic-con-2011-casi-cinco-minutos-de-avance-para-la-segunda-temporada-de-the-walking-dead\",\"name\":\"Comic-Con 2011: Casi cinco minutos de avance para la segunda temporada de &quot;The Walking Dead&quot;... - Uruloki :: Blog\",\"isPartOf\":{\"@id\":\"https:\/\/www.uruloki.org\/felipeblog\/#website\"},\"primaryImageOfPage\":{\"@id\":\"https:\/\/www.uruloki.org\/felipeblog\/cine-de-terror\/comic-con-2011-casi-cinco-minutos-de-avance-para-la-segunda-temporada-de-the-walking-dead#primaryimage\"},\"image\":{\"@id\":\"https:\/\/www.uruloki.org\/felipeblog\/cine-de-terror\/comic-con-2011-casi-cinco-minutos-de-avance-para-la-segunda-temporada-de-the-walking-dead#primaryimage\"},\"thumbnailUrl\":\"https:\/\/uruloki.org\/felipeblog\/images2011-2\/20110722-thewalkingdead-2.jpg\",\"datePublished\":\"2011-07-22T22:39:31+00:00\",\"dateModified\":\"2011-07-22T22:39:31+00:00\",\"author\":{\"@id\":\"https:\/\/www.uruloki.org\/felipeblog\/#\/schema\/person\/ddba06ddaa27edf0c370460d05c51bb3\"},\"breadcrumb\":{\"@id\":\"https:\/\/www.uruloki.org\/felipeblog\/cine-de-terror\/comic-con-2011-casi-cinco-minutos-de-avance-para-la-segunda-temporada-de-the-walking-dead#breadcrumb\"},\"inLanguage\":\"es\",\"potentialAction\":[{\"@type\":\"ReadAction\",\"target\":[\"https:\/\/www.uruloki.org\/felipeblog\/cine-de-terror\/comic-con-2011-casi-cinco-minutos-de-avance-para-la-segunda-temporada-de-the-walking-dead\"]}]},{\"@type\":\"ImageObject\",\"inLanguage\":\"es\",\"@id\":\"https:\/\/www.uruloki.org\/felipeblog\/cine-de-terror\/comic-con-2011-casi-cinco-minutos-de-avance-para-la-segunda-temporada-de-the-walking-dead#primaryimage\",\"url\":\"https:\/\/uruloki.org\/felipeblog\/images2011-2\/20110722-thewalkingdead-2.jpg\",\"contentUrl\":\"https:\/\/uruloki.org\/felipeblog\/images2011-2\/20110722-thewalkingdead-2.jpg\"},{\"@type\":\"BreadcrumbList\",\"@id\":\"https:\/\/www.uruloki.org\/felipeblog\/cine-de-terror\/comic-con-2011-casi-cinco-minutos-de-avance-para-la-segunda-temporada-de-the-walking-dead#breadcrumb\",\"itemListElement\":[{\"@type\":\"ListItem\",\"position\":1,\"name\":\"Portada\",\"item\":\"https:\/\/www.uruloki.org\/felipeblog\"},{\"@type\":\"ListItem\",\"position\":2,\"name\":\"Comic-Con 2011: Casi cinco minutos de avance para la segunda temporada de &quot;The Walking Dead&quot;&#8230;\"}]},{\"@type\":\"WebSite\",\"@id\":\"https:\/\/www.uruloki.org\/felipeblog\/#website\",\"url\":\"https:\/\/www.uruloki.org\/felipeblog\/\",\"name\":\"Uruloki :: Blog\",\"description\":\"Blog de cine, terror, ciencia ficci\u00f3n, fantas\u00eda y c\u00f3mics\",\"potentialAction\":[{\"@type\":\"SearchAction\",\"target\":{\"@type\":\"EntryPoint\",\"urlTemplate\":\"https:\/\/www.uruloki.org\/felipeblog\/?s={search_term_string}\"},\"query-input\":{\"@type\":\"PropertyValueSpecification\",\"valueRequired\":true,\"valueName\":\"search_term_string\"}}],\"inLanguage\":\"es\"},{\"@type\":\"Person\",\"@id\":\"https:\/\/www.uruloki.org\/felipeblog\/#\/schema\/person\/ddba06ddaa27edf0c370460d05c51bb3\",\"name\":\"Uruloki\",\"image\":{\"@type\":\"ImageObject\",\"inLanguage\":\"es\",\"@id\":\"https:\/\/www.uruloki.org\/felipeblog\/#\/schema\/person\/image\/\",\"url\":\"https:\/\/secure.gravatar.com\/avatar\/68d5301c5f52ba88fd63f02c75b8c4d1b3c3fc4b21e2998a1e98c4b3a54d9f7c?s=96&d=mm&r=g\",\"contentUrl\":\"https:\/\/secure.gravatar.com\/avatar\/68d5301c5f52ba88fd63f02c75b8c4d1b3c3fc4b21e2998a1e98c4b3a54d9f7c?s=96&d=mm&r=g\",\"caption\":\"Uruloki\"},\"sameAs\":[\"https:\/\/uruloki.org\"],\"url\":\"https:\/\/www.uruloki.org\/felipeblog\/author\/admin-2-2-2\"}]}<\/script>\n<!-- \/ Yoast SEO plugin. -->","yoast_head_json":{"title":"Comic-Con 2011: Casi cinco minutos de avance para la segunda temporada de &quot;The Walking Dead&quot;... - Uruloki :: Blog","robots":{"index":"index","follow":"follow","max-snippet":"max-snippet:-1","max-image-preview":"max-image-preview:large","max-video-preview":"max-video-preview:-1"},"canonical":"https:\/\/www.uruloki.org\/felipeblog\/cine-de-terror\/comic-con-2011-casi-cinco-minutos-de-avance-para-la-segunda-temporada-de-the-walking-dead","og_locale":"es_ES","og_type":"article","og_title":"Comic-Con 2011: Casi cinco minutos de avance para la segunda temporada de &quot;The Walking Dead&quot;... - Uruloki :: Blog","og_description":"Pues eso, que si tenemos cartel&#8230; &iquest;por qu&eacute; no trailer? Aqu&iacute; os dejo con un generoso avance de casi 5 minutos de la segunda temporada de &quot;The Walking Dead&quot; (2010-&iquest;?) del canal AMC. Lo mejor es verlo, no pinta nada mal, espero que remonte el vuelo la serie tras el irregular final de la primera [&hellip;]","og_url":"https:\/\/www.uruloki.org\/felipeblog\/cine-de-terror\/comic-con-2011-casi-cinco-minutos-de-avance-para-la-segunda-temporada-de-the-walking-dead","og_site_name":"Uruloki :: Blog","article_publisher":"https:\/\/www.facebook.com\/uruloki.org","article_published_time":"2011-07-22T22:39:31+00:00","og_image":[{"url":"https:\/\/uruloki.org\/felipeblog\/images2011-2\/20110722-thewalkingdead-2.jpg","type":"","width":"","height":""}],"author":"Uruloki","twitter_card":"summary_large_image","twitter_creator":"@uruloki","twitter_site":"@uruloki","twitter_misc":{"Escrito por":"Uruloki"},"schema":{"@context":"https:\/\/schema.org","@graph":[{"@type":"WebPage","@id":"https:\/\/www.uruloki.org\/felipeblog\/cine-de-terror\/comic-con-2011-casi-cinco-minutos-de-avance-para-la-segunda-temporada-de-the-walking-dead","url":"https:\/\/www.uruloki.org\/felipeblog\/cine-de-terror\/comic-con-2011-casi-cinco-minutos-de-avance-para-la-segunda-temporada-de-the-walking-dead","name":"Comic-Con 2011: Casi cinco minutos de avance para la segunda temporada de &quot;The Walking Dead&quot;... - Uruloki :: Blog","isPartOf":{"@id":"https:\/\/www.uruloki.org\/felipeblog\/#website"},"primaryImageOfPage":{"@id":"https:\/\/www.uruloki.org\/felipeblog\/cine-de-terror\/comic-con-2011-casi-cinco-minutos-de-avance-para-la-segunda-temporada-de-the-walking-dead#primaryimage"},"image":{"@id":"https:\/\/www.uruloki.org\/felipeblog\/cine-de-terror\/comic-con-2011-casi-cinco-minutos-de-avance-para-la-segunda-temporada-de-the-walking-dead#primaryimage"},"thumbnailUrl":"https:\/\/uruloki.org\/felipeblog\/images2011-2\/20110722-thewalkingdead-2.jpg","datePublished":"2011-07-22T22:39:31+00:00","dateModified":"2011-07-22T22:39:31+00:00","author":{"@id":"https:\/\/www.uruloki.org\/felipeblog\/#\/schema\/person\/ddba06ddaa27edf0c370460d05c51bb3"},"breadcrumb":{"@id":"https:\/\/www.uruloki.org\/felipeblog\/cine-de-terror\/comic-con-2011-casi-cinco-minutos-de-avance-para-la-segunda-temporada-de-the-walking-dead#breadcrumb"},"inLanguage":"es","potentialAction":[{"@type":"ReadAction","target":["https:\/\/www.uruloki.org\/felipeblog\/cine-de-terror\/comic-con-2011-casi-cinco-minutos-de-avance-para-la-segunda-temporada-de-the-walking-dead"]}]},{"@type":"ImageObject","inLanguage":"es","@id":"https:\/\/www.uruloki.org\/felipeblog\/cine-de-terror\/comic-con-2011-casi-cinco-minutos-de-avance-para-la-segunda-temporada-de-the-walking-dead#primaryimage","url":"https:\/\/uruloki.org\/felipeblog\/images2011-2\/20110722-thewalkingdead-2.jpg","contentUrl":"https:\/\/uruloki.org\/felipeblog\/images2011-2\/20110722-thewalkingdead-2.jpg"},{"@type":"BreadcrumbList","@id":"https:\/\/www.uruloki.org\/felipeblog\/cine-de-terror\/comic-con-2011-casi-cinco-minutos-de-avance-para-la-segunda-temporada-de-the-walking-dead#breadcrumb","itemListElement":[{"@type":"ListItem","position":1,"name":"Portada","item":"https:\/\/www.uruloki.org\/felipeblog"},{"@type":"ListItem","position":2,"name":"Comic-Con 2011: Casi cinco minutos de avance para la segunda temporada de &quot;The Walking Dead&quot;&#8230;"}]},{"@type":"WebSite","@id":"https:\/\/www.uruloki.org\/felipeblog\/#website","url":"https:\/\/www.uruloki.org\/felipeblog\/","name":"Uruloki :: Blog","description":"Blog de cine, terror, ciencia ficci\u00f3n, fantas\u00eda y c\u00f3mics","potentialAction":[{"@type":"SearchAction","target":{"@type":"EntryPoint","urlTemplate":"https:\/\/www.uruloki.org\/felipeblog\/?s={search_term_string}"},"query-input":{"@type":"PropertyValueSpecification","valueRequired":true,"valueName":"search_term_string"}}],"inLanguage":"es"},{"@type":"Person","@id":"https:\/\/www.uruloki.org\/felipeblog\/#\/schema\/person\/ddba06ddaa27edf0c370460d05c51bb3","name":"Uruloki","image":{"@type":"ImageObject","inLanguage":"es","@id":"https:\/\/www.uruloki.org\/felipeblog\/#\/schema\/person\/image\/","url":"https:\/\/secure.gravatar.com\/avatar\/68d5301c5f52ba88fd63f02c75b8c4d1b3c3fc4b21e2998a1e98c4b3a54d9f7c?s=96&d=mm&r=g","contentUrl":"https:\/\/secure.gravatar.com\/avatar\/68d5301c5f52ba88fd63f02c75b8c4d1b3c3fc4b21e2998a1e98c4b3a54d9f7c?s=96&d=mm&r=g","caption":"Uruloki"},"sameAs":["https:\/\/uruloki.org"],"url":"https:\/\/www.uruloki.org\/felipeblog\/author\/admin-2-2-2"}]}},"_links":{"self":[{"href":"https:\/\/www.uruloki.org\/felipeblog\/wp-json\/wp\/v2\/posts\/6131","targetHints":{"allow":["GET"]}}],"collection":[{"href":"https:\/\/www.uruloki.org\/felipeblog\/wp-json\/wp\/v2\/posts"}],"about":[{"href":"https:\/\/www.uruloki.org\/felipeblog\/wp-json\/wp\/v2\/types\/post"}],"author":[{"embeddable":true,"href":"https:\/\/www.uruloki.org\/felipeblog\/wp-json\/wp\/v2\/users\/28"}],"replies":[{"embeddable":true,"href":"https:\/\/www.uruloki.org\/felipeblog\/wp-json\/wp\/v2\/comments?post=6131"}],"version-history":[{"count":1,"href":"https:\/\/www.uruloki.org\/felipeblog\/wp-json\/wp\/v2\/posts\/6131\/revisions"}],"predecessor-version":[{"id":6132,"href":"https:\/\/www.uruloki.org\/felipeblog\/wp-json\/wp\/v2\/posts\/6131\/revisions\/6132"}],"wp:attachment":[{"href":"https:\/\/www.uruloki.org\/felipeblog\/wp-json\/wp\/v2\/media?parent=6131"}],"wp:term":[{"taxonomy":"category","embeddable":true,"href":"https:\/\/www.uruloki.org\/felipeblog\/wp-json\/wp\/v2\/categories?post=6131"},{"taxonomy":"post_tag","embeddable":true,"href":"https:\/\/www.uruloki.org\/felipeblog\/wp-json\/wp\/v2\/tags?post=6131"}],"curies":[{"name":"wp","href":"https:\/\/api.w.org\/{rel}","templated":true}]}}