{"id":5791,"date":"2011-06-02T11:09:41","date_gmt":"2011-06-02T09:09:41","guid":{"rendered":"https:\/\/uruloki.org\/felipeblog\/?p=5791"},"modified":"2011-06-02T11:14:14","modified_gmt":"2011-06-02T09:14:14","slug":"fechas-de-estreno-actualizadas-a-2-de-junio-de-2011","status":"publish","type":"post","link":"https:\/\/www.uruloki.org\/felipeblog\/cine\/fechas-de-estreno-actualizadas-a-2-de-junio-de-2011","title":{"rendered":"Fechas de estreno actualizadas a 2 de junio de 2011&#8230;"},"content":{"rendered":"<p>Comienza la temporada cinematogr&aacute;fica veraniega. Este mes de junio arranca de inmejorable forma con <strong>X-Men: Primera Generaci&oacute;n<\/strong> y una semana despu&eacute;s tres estrenos de los cuales vale la pena rescatar dos, <strong>Hanna<\/strong> e <strong>Insidious<\/strong>. Ojito al adelanto de fecha de <strong>Transformers: el lado oscuro de la luna<\/strong> y la aparici&oacute;n de las fechas de estreno de <strong>The Hobbit: An Unexpected Journey<\/strong> y <strong>The Hobbit: There and Back Again<\/strong>. En fin&#8230; cine y m&aacute;s cine&#8230;<\/p>\n<ul>\n<li>03\/06\/11\n<ul>\n<li><a href=\"http:\/\/www.imdb.es\/title\/tt1270798\/\" target=\"_blank\">X-Men: Primera Generaci&oacute;n<\/a> (<em>X-Men: First Class<\/em>) de <a href=\"http:\/\/www.imdb.es\/name\/nm0891216\/\" target=\"_blank\">Matthew Vaughn<\/a><\/li>\n<\/ul>\n<\/li>\n<li>10\/06\/11\n<ul>\n<li><a href=\"http:\/\/www.imdb.es\/title\/tt0872230\/\" target=\"_blank\">Almas condenadas<\/a> (<em>My Soul to Take<\/em>) de <a href=\"http:\/\/www.imdb.es\/name\/nm0000127\/\" target=\"_blank\">Wes Craven<\/a><\/li>\n<li><a href=\"http:\/\/www.imdb.es\/title\/tt0993842\/\" target=\"_blank\">Hanna<\/a> de <a href=\"http:\/\/www.imdb.es\/name\/nm0942504\/\" target=\"_blank\">Joe Wright<\/a><\/li>\n<li><a href=\"http:\/\/www.imdb.es\/title\/tt1591095\/\" target=\"_blank\">Insidious<\/a> de <a href=\"http:\/\/www.imdb.es\/name\/nm1490123\/\" target=\"_blank\">James Wan<\/a><\/li>\n<\/ul>\n<\/li>\n<li>29\/06\/11\n<ul>\n<li><a href=\"http:\/\/www.imdb.es\/title\/tt1399103\/\" target=\"_blank\">Transformers: el lado oscuro de la luna<\/a> (<em>Transformers: Dark of the Moon<\/em>) de <a href=\"http:\/\/www.imdb.es\/name\/nm0000881\/\" target=\"_blank\">Michael Bay<\/a><\/li>\n<li><a href=\"http:\/\/www.imdb.es\/title\/tt1334102\/\" target=\"_blank\">La v&iacute;ctima perfecta<\/a> (<em>The Resident<\/em>) de <a href=\"http:\/\/www.imdb.es\/name\/nm0427037\/\" target=\"_blank\">Antti Jokinen<\/a><\/li>\n<\/ul>\n<\/li>\n<li>01\/07\/11\n<ul>\n<li><a href=\"http:\/\/www.imdb.es\/title\/tt1240982\/\" target=\"_blank\">Caballeros, princesas y otras bestias<\/a> (<em>Your Highness<\/em>) de <a href=\"http:\/\/www.imdb.es\/name\/nm0337773\/\" target=\"_blank\">David Gordon Green<\/a><\/li>\n<\/ul>\n<\/li>\n<li>15\/07\/11\n<ul>\n<li><a href=\"http:\/\/www.imdb.es\/title\/tt1201607\/\" target=\"_blank\">Harry Potter y las reliquias de la muerte 3D (2&ordf; Parte)<\/a> (<em>Harry Potter and the Deathly Hallows: Part II<\/em>) de <a href=\"http:\/\/www.imdb.es\/name\/nm0946734\/\" target=\"_blank\">David Yates<\/a><\/li>\n<\/ul>\n<\/li>\n<li>22\/07\/11\n<ul>\n<li><a href=\"http:\/\/www.imdb.es\/title\/tt1092026\/\" target=\"_blank\">Paul<\/a> de <a href=\"http:\/\/www.imdb.es\/name\/nm0609549\/\" target=\"_blank\">Greg Mottola<\/a><\/li>\n<\/ul>\n<\/li>\n<li>29\/07\/11\n<ul>\n<li><a href=\"http:\/\/www.imdb.es\/title\/tt1133985\/\" target=\"_blank\">Green Lantern<\/a> de <a href=\"http:\/\/www.imdb.es\/name\/nm0132709\/\" target=\"_blank\">Martin Campbell<\/a><\/li>\n<li><a href=\"http:\/\/www.imdb.es\/title\/tt1179069\/\" target=\"_blank\">La sombra de los otros<\/a> (<em>Shelter<\/em>) de <a href=\"http:\/\/www.imdb.es\/name\/nm0617523\/\" target=\"_blank\">M&aring;ns M&aring;rlind <\/a> y <a href=\"http:\/\/www.imdb.es\/name\/nm0825407\/\" target=\"_blank\">Bj&ouml;rn Stein<\/a><\/li>\n<\/ul>\n<\/li>\n<li>05\/08\/11\n<ul>\n<li><a href=\"http:\/\/www.imdb.es\/title\/tt0458339\/\" target=\"_blank\"> Capit&aacute;n Am&eacute;rica: el primer vengador<\/a> (<em>Captain America: The First Avenger<\/em>) de <a href=\"http:\/\/www.imdb.es\/name\/nm0002653\/\" target=\"_blank\">Joe Johnston<\/a><\/li>\n<li><a href=\"http:\/\/www.imdb.es\/title\/tt1318514\/\" target=\"_blank\">El origen del planeta de los simios<\/a> (<em>Rise of the Planet of the Apes<\/em>) de <a href=\"http:\/\/www.imdb.es\/name\/nm1012501\/\" target=\"_blank\">Rupert Wyatt<\/a><\/li>\n<\/ul>\n<\/li>\n<li>19\/08\/11\n<ul>\n<li><a href=\"http:\/\/www.imdb.es\/title\/tt1650062\/\" target=\"_blank\">Super 8<\/a> de <a href=\"http:\/\/www.imdb.es\/name\/nm0009190\/\" target=\"_blank\">J.J. Abrams<\/a><\/li>\n<\/ul>\n<\/li>\n<li>26\/08\/11\n<ul>\n<li><a href=\"http:\/\/www.imdb.es\/title\/tt1622979\/\" target=\"_blank\">Final Destination 5<\/a> de <a href=\"http:\/\/www.imdb.es\/name\/nm0702797\/\" target=\"_blank\">Steven Quale<\/a><\/li>\n<li><a href=\"http:\/\/www.imdb.es\/title\/tt0816462\/\" target=\"_blank\">Conan el b&aacute;rbaro<\/a> (<em>Conan the Barbarian<\/em>) de <a href=\"http:\/\/www.imdb.es\/name\/nm1197971\/\" target=\"_blank\">Marcus Nispel<\/a><\/li>\n<\/ul>\n<\/li>\n<li>02\/09\/11\n<ul>\n<li><a href=\"http:\/\/www.imdb.es\/title\/tt0409847\/\" target=\"_blank\">Cowboys &amp; Aliens<\/a> de <a href=\"http:\/\/www.imdb.es\/name\/nm0269463\/\" target=\"_blank\">Jon Favreau<\/a><\/li>\n<\/ul>\n<\/li>\n<li>09\/09\/11\n<ul>\n<li><a href=\"http:\/\/www.imdb.es\/title\/tt1438176\/\" target=\"_blank\">Noche de miedo<\/a> (<em>Fright Night<\/em>) de <a href=\"http:\/\/www.imdb.es\/name\/nm0318916\/\" target=\"_blank\">Craig Gillespie<\/a><\/li>\n<\/ul>\n<\/li>\n<li>07\/10\/11\n<ul>\n<li><a href=\"http:\/\/www.imdb.es\/title\/tt1634121\/\" target=\"_blank\">Intruders<\/a> de <a href=\"http:\/\/www.imdb.es\/name\/nm0294379\/\" target=\"_blank\">Juan Carlos Fresnadillo<\/a><\/li>\n<li><a href=\"http:\/\/www.imdb.es\/title\/tt1437358\/\" target=\"_blank\">Mientras duermes<\/a> de <a href=\"http:\/\/www.imdb.es\/name\/nm0049371\/\" target=\"_blank\">Jaume Balaguer&oacute;<\/a><\/li>\n<\/ul>\n<\/li>\n<li>14\/10\/11\n<ul>\n<li><a href=\"http:\/\/www.imdb.es\/title\/tt1233259\/\" target=\"_blank\">El capit&aacute;n Trueno y el Santo Grial<\/a> de <a href=\"http:\/\/www.imdb.es\/name\/nm0379872\/\" target=\"_blank\">Antonio Hern&aacute;ndez<\/a><\/li>\n<\/ul>\n<\/li>\n<li>21\/10\/11\n<ul>\n<li><a href=\"http:\/\/www.imdb.es\/title\/tt0905372\/\" target=\"_blank\">The Thing<\/a> (2011) de <a href=\"http:\/\/www.imdb.es\/name\/nm0374048\/\" target=\"_blank\">Matthijs van Heijningen Jr.<\/a><\/li>\n<li><a href=\"http:\/\/www.imdb.es\/title\/tt1598778\/\" target=\"_blank\">Contagion<\/a> de <a href=\"http:\/\/www.imdb.es\/name\/nm0001752\/\" target=\"_blank\">Steven Soderbergh<\/a><\/li>\n<li><a href=\"http:\/\/www.imdb.es\/title\/tt1778304\/\" target=\"_blank\">Paranormal Activity 3<\/a> de <a href=\"http:\/\/www.imdb.es\/name\/nm0931095\/\" target=\"_blank\">Tod Williams<\/a><\/li>\n<\/ul>\n<\/li>\n<li>28\/10\/11\n<ul>\n<li> <a href=\"http:\/\/www.imdb.es\/title\/tt0983193\/\" target=\"_blank\">Las aventuras de Tint&iacute;n: el secreto del Unicornio<\/a> (<em>The Adventures of Tintin: The Secret of the Unicorn<\/em>) de <a href=\"http:\/\/www.imdb.es\/name\/nm0000229\/\" target=\"_blank\">Steven Spielberg<\/a><\/li>\n<li><a href=\"http:\/\/www.imdb.es\/title\/tt0431021\/\" target=\"_blank\">Dibbuk Box<\/a> de <a href=\"http:\/\/www.imdb.es\/name\/nm0097079\/\" target=\"_blank\">Ole Bornedal<\/a><\/li>\n<\/ul>\n<\/li>\n<li>04\/11\/11\n<ul>\n<li><a href=\"http:\/\/www.imdb.es\/title\/tt1462041\/\" target=\"_blank\">Dream House<\/a> de <a href=\"http:\/\/www.imdb.es\/name\/nm0006487\/\" target=\"_blank\">Jim Sheridan<\/a><\/li>\n<\/ul>\n<\/li>\n<li>11\/11\/11\n<ul>\n<li><a href=\"http:\/\/www.imdb.es\/title\/tt1253864\/\" target=\"_blank\">Immortals<\/a> de <a href=\"http:\/\/www.imdb.es\/name\/nm0802248\/\" target=\"_blank\">Tarsem Singh<\/a><\/li>\n<li><a href=\"http:\/\/www.imdb.es\/title\/tt1712159\/\" target=\"_blank\">11-11-11<\/a> de <a href=\"http:\/\/www.imdb.es\/name\/nm1135423\/\" target=\"_blank\">Darren Lynn Bousman<\/a><\/li>\n<\/ul>\n<\/li>\n<li>23\/11\/11\n<ul>\n<li><a href=\"http:\/\/www.imdb.es\/title\/tt1714203\/\" target=\"_blank\">Piranha 3DD<\/a> de <a href=\"http:\/\/www.imdb.es\/name\/nm0347657\/\" target=\"_blank\">John Gulager<\/a><\/li>\n<\/ul>\n<\/li>\n<li>25\/11\/11\n<ul>\n<li><a href=\"http:\/\/www.imdb.es\/title\/tt0433035\/\" target=\"_blank\">Acero real<\/a> (<em>Real Steel<\/em>) de <a href=\"http:\/\/www.imdb.es\/name\/nm0506613\/\" target=\"_blank\">Shawn Levy<\/a><\/li>\n<\/ul>\n<\/li>\n<li>16\/12\/11\n<ul>\n<li><a href=\"http:\/\/www.imdb.es\/title\/tt1229238\/\" target=\"_blank\">Mission: Impossible Ghost Protocol<\/a> de <a href=\"http:\/\/www.imdb.es\/name\/nm0083348\/\" target=\"_blank\">Brad Bird<\/a><\/li>\n<\/ul>\n<\/li>\n<li>23\/12\/11\n<ul>\n<li><a href=\"http:\/\/www.imdb.es\/title\/tt1093357\/\" target=\"_blank\">The Darkest Hour<\/a> de <a href=\"http:\/\/www.imdb.es\/name\/nm0329755\/\" target=\"_blank\">Chris Gorak<\/a><\/li>\n<\/ul>\n<\/li>\n<li>05\/01\/12\n<ul>\n<li><a href=\"http:\/\/www.imdb.es\/title\/tt1515091\/\" target=\"_blank\">Sherlock Holmes 2<\/a> de <a href=\"http:\/\/www.imdb.es\/name\/nm0005363\/\" target=\"_blank\">Guy Ritchie<\/a><\/li>\n<\/ul>\n<\/li>\n<li>13\/01\/12\n<ul>\n<li><a href=\"http:\/\/www.imdb.es\/title\/tt1568346\/\" target=\"_blank\">Millenium: Los Hombres que no Amaban a las Mujeres<\/a> (<em>The Girl with the Dragon Tattoo<\/em>) de <a href=\"http:\/\/www.imdb.es\/name\/nm0000399\/\" target=\"_blank\">David Fincher<\/a><\/li>\n<\/ul>\n<\/li>\n<li>11\/05\/12\n<ul>\n<li><a href=\"http:\/\/www.imdb.es\/title\/tt1077368\/\" target=\"_blank\">Dark Shadows<\/a> de <a href=\"http:\/\/www.imdb.es\/title\/tt1077368\/\" target=\"_blank\">Tim Burton<\/a><\/li>\n<\/ul>\n<\/li>\n<li>25\/05\/12<\/li>\n<ul>\n<li><a href=\"http:\/\/www.imdb.es\/title\/tt1409024\/\" target=\"_blank\">Men in Black 3<\/a> de <a href=\"http:\/\/www.imdb.es\/name\/nm0001756\/\" target=\"_blank\">Barry Sonnenfeld<\/a><\/li>\n<\/ul>\n<li>03\/07\/12\n<ul>\n<li><a href=\"http:\/\/www.imdb.es\/title\/tt0948470\/\" target=\"_blank\">The Amazing Spider-Man<\/a> de <a href=\"http:\/\/www.imdb.es\/name\/nm1989536\/\" target=\"_blank\">Marc Webb<\/a><\/li>\n<\/ul>\n<\/li>\n<li>10\/08\/12\n  <\/li>\n<ul>\n<li><a href=\"http:\/\/www.imdb.es\/title\/tt1345836\/\" target=\"_blank\">The Dark Knight Rises<\/a> de <a href=\"http:\/\/www.imdb.es\/name\/nm0634240\/\" target=\"_blank\">Christopher Nolan<\/a><\/li>\n<\/ul>\n<li>14\/12\/12\n<ul>\n<li><a href=\"http:\/\/www.imdb.es\/title\/tt0903624\/\" target=\"_blank\">The Hobbit: An Unexpected Journey<\/a> de <a href=\"http:\/\/www.imdb.es\/name\/nm0001392\/\" target=\"_blank\">Peter Jackson<\/a><\/li>\n<\/ul>\n<\/li>\n<li>13\/12\/13\n<ul>\n<li><a href=\"http:\/\/www.imdb.es\/title\/tt1170358\/\" target=\"_blank\">The Hobbit: There and Back Again<\/a> de <a href=\"http:\/\/www.imdb.es\/name\/nm0001392\/\" target=\"_blank\">Peter Jackson<\/a><\/li>\n<\/ul>\n<\/li>\n<li>2011\n<ul>\n<li><a href=\"http:\/\/www.imdb.es\/title\/tt1259521\/\" target=\"_blank\">The Cabin in the Woods<\/a> de <a href=\"http:\/\/www.imdb.es\/name\/nm1206844\/\" target=\"_blank\">Drew Goddard<\/a><\/li>\n<li><a href=\"http:\/\/www.imdb.es\/title\/tt1740707\/\" target=\"_blank\">Troll Hunter<\/a> (<em>Trolljegeren<\/em>) de <a href=\"http:\/\/www.imdb.es\/name\/nm0004217\/\" target=\"_blank\">Andr&eacute; Ovredal<\/a><\/li>\n<li><a href=\"http:\/\/www.imdb.es\/title\/tt1637688\/\" target=\"_blank\">In Time<\/a> de <a href=\"http:\/\/www.imdb.es\/name\/nm0629272\/\" target=\"_blank\">Andrew Niccol<\/a><\/li>\n<li><a href=\"http:\/\/www.imdb.es\/title\/tt1772240\/\" target=\"_blank\">Apollo 18<\/a>  de <a href=\"http:\/\/www.imdb.es\/name\/nm0520072\/\" target=\"_blank\">Gonzalo L&oacute;pez-Gallego<\/a><\/li>\n<li><a href=\"http:\/\/www.imdb.es\/title\/tt1486192\/\" target=\"_blank\">The Raven<\/a> de <a href=\"http:\/\/www.imdb.es\/name\/nm0574625\/\" target=\"_blank\">James McTeigue<\/a><\/li>\n<li><a href=\"http:\/\/www.imdb.es\/title\/tt1270761\/\" target=\"_blank\">No tengas miedo a la oscuridad<\/a> (<em>Don&#8217;t be Afraid ot the Dark<\/em>) de <a href=\"http:\/\/www.imdb.es\/name\/nm2552536\/\" target=\"_blank\">Troy Nixey<\/a><\/li>\n<li><a href=\"http:\/\/www.imdb.es\/title\/tt1343727\/\" target=\"_blank\">Dredd<\/a> de <a href=\"http:\/\/www.imdb.es\/name\/nm0871428\/\" target=\"_blank\">Pete Travis<\/a><\/li>\n<li><a href=\"http:\/\/www.imdb.es\/title\/tt1013860\/\" target=\"_blank\">Dylan Dog: Dead of Night<\/a> de <a href=\"http:\/\/www.imdb.es\/name\/nm1083489\/\" target=\"_blank\">Kevin Munroe<\/a><\/li>\n<\/ul>\n<\/li>\n<li>2012\n<ul>\n<li><a href=\"http:\/\/www.imdb.es\/title\/tt1735898\/\" target=\"_blank\">Snow White and the Huntsman<\/a> de <a href=\"http:\/\/www.imdb.es\/name\/nm2782185\/\" target=\"_blank\">Rupert Sanders<\/a><\/li>\n<li><a href=\"http:\/\/www.imdb.es\/title\/tt1496025\/\" target=\"_blank\">Underworld 4: New Dawn<\/a>  de <a href=\"http:\/\/www.imdb.es\/name\/nm0617523\/\" target=\"_blank\">M&aring;ns M&aring;rlind <\/a> y <a href=\"http:\/\/www.imdb.es\/name\/nm0825407\/\" target=\"_blank\">Bj&ouml;rn Stein<\/a><\/li>\n<li><a href=\"http:\/\/www.imdb.es\/title\/tt0770828\/\" target=\"_blank\"> Man of Steel<\/a> de <a href=\"http:\/\/www.imdb.es\/name\/nm0811583\/\" target=\"_blank\">Zack Snyder<\/a><\/li>\n<li><a href=\"http:\/\/www.imdb.es\/title\/tt0848228\/\" target=\"_blank\">The Avengers<\/a> de <a href=\"http:\/\/www.imdb.es\/name\/nm0923736\/\" target=\"_blank\">Joss Whedon<\/a><\/li>\n<li><a href=\"http:\/\/www.imdb.es\/title\/tt1677705\/\" target=\"_blank\">Gravity<\/a>  de <a href=\"http:\/\/www.imdb.es\/name\/nm0190859\/\" target=\"_blank\">Alfonso Cuar&oacute;n<\/a><\/li>\n<li><a href=\"http:\/\/www.imdb.es\/title\/tt1446714\/\" target=\"_blank\">Prometheus<\/a> de <a href=\"http:\/\/www.imdb.es\/name\/nm0000631\/\" target=\"_blank\">Ridley Scott<\/a><\/li>\n<li><a href=\"http:\/\/www.imdb.es\/title\/tt1430132\/\" target=\"_blank\">The Wolverine<\/a> de &iquest;?<\/li>\n<li><a href=\"http:\/\/www.imdb.es\/title\/tt1071875\/\" target=\"_blank\">Ghost Rider: Spirit of Vengeance<\/a> de <a href=\"http:\/\/www.imdb.es\/name\/nm0004410\/\" target=\"_blank\">Mark Neveldine<\/a> y <a href=\"http:\/\/www.imdb.es\/name\/nm0962729\/\" target=\"_blank\">Brian Taylor<\/a><\/li>\n<\/ul>\n<\/li>\n<li>2013\n<ul>\n<li><a href=\"http:\/\/www.imdb.es\/title\/tt1648190\/\" target=\"_blank\">The Dark Tower<\/a> de <a href=\"http:\/\/www.imdb.es\/name\/nm0000165\/\" target=\"_blank\">Ron Howard<\/a><\/li>\n<li><a href=\"http:\/\/www.imdb.es\/title\/tt1663662\/\" target=\"_blank\">Pacific Rim<\/a> de <a href=\"http:\/\/www.imdb.es\/name\/nm0868219\/\" target=\"_blank\">Guillermo del Toro<\/a><\/li>\n<\/ul>\n<\/li>\n<li>2014\n<ul>\n<li><a href=\"http:\/\/www.imdb.es\/title\/tt1630029\/\" target=\"_blank\">Avatar 2<\/a> de <a href=\"http:\/\/www.imdb.es\/name\/nm0000116\/\" target=\"_blank\">James Cameron<\/a><\/li>\n<\/ul>\n<\/li>\n<li>2015\n<ul>\n<li><strong>Avatar 3<\/strong> de <a href=\"http:\/\/www.imdb.es\/name\/nm0000116\/\" target=\"_blank\">James Cameron<\/a><\/li>\n<\/ul>\n<\/li>\n<li>&iquest;?\n<ul>\n<li><a href=\"http:\/\/www.imdb.es\/title\/tt1118070\/\" target=\"_blank\">At the Mountains of Madness<\/a> de <a href=\"http:\/\/www.imdb.es\/name\/nm0868219\/\" target=\"_blank\">Guillermo del Toro<\/a><\/li>\n<\/ul>\n<\/li>\n<\/ul>\n<p><strong class=\"nota\">&nbsp;AVISO&nbsp;<\/strong> Anotaci&oacute;n<strong> N.C.<\/strong> (no confirmada), para fechas que se pueden ver en otras webs pero que por ahora no son oficiales. Las fechas son para Espa&ntilde;a. En el caso de querer saber la fecha para otro pa&iacute;s en la web de <strong>IMDB<\/strong> suelen tener esa informaci&oacute;n bastante actualizada.<\/p>\n","protected":false},"excerpt":{"rendered":"<p>Comienza la temporada cinematogr&aacute;fica veraniega. Este mes de junio arranca de inmejorable forma con X-Men: Primera Generaci&oacute;n y una semana despu&eacute;s tres estrenos de los cuales vale la pena rescatar dos, Hanna e Insidious. Ojito al adelanto de fecha de Transformers: el lado oscuro de la luna y la aparici&oacute;n de las fechas de estreno [&hellip;]<\/p>\n","protected":false},"author":28,"featured_media":0,"comment_status":"open","ping_status":"open","sticky":false,"template":"","format":"standard","meta":{"footnotes":""},"categories":[6,10,8,12,9,19],"tags":[],"class_list":["post-5791","post","type-post","status-publish","format-standard","hentry","category-cine","category-cine-de-comics","category-cine-de-ciencia-ficcion","category-cine-de-fantasia","category-cine-de-terror","category-cine-inclasificable"],"yoast_head":"<!-- This site is optimized with the Yoast SEO plugin v24.3 - https:\/\/yoast.com\/wordpress\/plugins\/seo\/ -->\n<title>Fechas de estreno actualizadas a 2 de junio de 2011... - Uruloki :: Blog<\/title>\n<meta name=\"robots\" content=\"index, follow, max-snippet:-1, max-image-preview:large, max-video-preview:-1\" \/>\n<link rel=\"canonical\" href=\"https:\/\/www.uruloki.org\/felipeblog\/cine\/fechas-de-estreno-actualizadas-a-2-de-junio-de-2011\" \/>\n<meta property=\"og:locale\" content=\"es_ES\" \/>\n<meta property=\"og:type\" content=\"article\" \/>\n<meta property=\"og:title\" content=\"Fechas de estreno actualizadas a 2 de junio de 2011... - Uruloki :: Blog\" \/>\n<meta property=\"og:description\" content=\"Comienza la temporada cinematogr&aacute;fica veraniega. Este mes de junio arranca de inmejorable forma con X-Men: Primera Generaci&oacute;n y una semana despu&eacute;s tres estrenos de los cuales vale la pena rescatar dos, Hanna e Insidious. Ojito al adelanto de fecha de Transformers: el lado oscuro de la luna y la aparici&oacute;n de las fechas de estreno [&hellip;]\" \/>\n<meta property=\"og:url\" content=\"https:\/\/www.uruloki.org\/felipeblog\/cine\/fechas-de-estreno-actualizadas-a-2-de-junio-de-2011\" \/>\n<meta property=\"og:site_name\" content=\"Uruloki :: Blog\" \/>\n<meta property=\"article:publisher\" content=\"https:\/\/www.facebook.com\/uruloki.org\" \/>\n<meta property=\"article:published_time\" content=\"2011-06-02T09:09:41+00:00\" \/>\n<meta property=\"article:modified_time\" content=\"2011-06-02T09:14:14+00:00\" \/>\n<meta name=\"author\" content=\"Uruloki\" \/>\n<meta name=\"twitter:card\" content=\"summary_large_image\" \/>\n<meta name=\"twitter:creator\" content=\"@uruloki\" \/>\n<meta name=\"twitter:site\" content=\"@uruloki\" \/>\n<meta name=\"twitter:label1\" content=\"Escrito por\" \/>\n\t<meta name=\"twitter:data1\" content=\"Uruloki\" \/>\n\t<meta name=\"twitter:label2\" content=\"Tiempo de lectura\" \/>\n\t<meta name=\"twitter:data2\" content=\"3 minutos\" \/>\n<script type=\"application\/ld+json\" class=\"yoast-schema-graph\">{\"@context\":\"https:\/\/schema.org\",\"@graph\":[{\"@type\":\"WebPage\",\"@id\":\"https:\/\/www.uruloki.org\/felipeblog\/cine\/fechas-de-estreno-actualizadas-a-2-de-junio-de-2011\",\"url\":\"https:\/\/www.uruloki.org\/felipeblog\/cine\/fechas-de-estreno-actualizadas-a-2-de-junio-de-2011\",\"name\":\"Fechas de estreno actualizadas a 2 de junio de 2011... - Uruloki :: Blog\",\"isPartOf\":{\"@id\":\"https:\/\/www.uruloki.org\/felipeblog\/#website\"},\"datePublished\":\"2011-06-02T09:09:41+00:00\",\"dateModified\":\"2011-06-02T09:14:14+00:00\",\"author\":{\"@id\":\"https:\/\/www.uruloki.org\/felipeblog\/#\/schema\/person\/ddba06ddaa27edf0c370460d05c51bb3\"},\"breadcrumb\":{\"@id\":\"https:\/\/www.uruloki.org\/felipeblog\/cine\/fechas-de-estreno-actualizadas-a-2-de-junio-de-2011#breadcrumb\"},\"inLanguage\":\"es\",\"potentialAction\":[{\"@type\":\"ReadAction\",\"target\":[\"https:\/\/www.uruloki.org\/felipeblog\/cine\/fechas-de-estreno-actualizadas-a-2-de-junio-de-2011\"]}]},{\"@type\":\"BreadcrumbList\",\"@id\":\"https:\/\/www.uruloki.org\/felipeblog\/cine\/fechas-de-estreno-actualizadas-a-2-de-junio-de-2011#breadcrumb\",\"itemListElement\":[{\"@type\":\"ListItem\",\"position\":1,\"name\":\"Portada\",\"item\":\"https:\/\/www.uruloki.org\/felipeblog\"},{\"@type\":\"ListItem\",\"position\":2,\"name\":\"Fechas de estreno actualizadas a 2 de junio de 2011&#8230;\"}]},{\"@type\":\"WebSite\",\"@id\":\"https:\/\/www.uruloki.org\/felipeblog\/#website\",\"url\":\"https:\/\/www.uruloki.org\/felipeblog\/\",\"name\":\"Uruloki :: Blog\",\"description\":\"Blog de cine, terror, ciencia ficci\u00f3n, fantas\u00eda y c\u00f3mics\",\"potentialAction\":[{\"@type\":\"SearchAction\",\"target\":{\"@type\":\"EntryPoint\",\"urlTemplate\":\"https:\/\/www.uruloki.org\/felipeblog\/?s={search_term_string}\"},\"query-input\":{\"@type\":\"PropertyValueSpecification\",\"valueRequired\":true,\"valueName\":\"search_term_string\"}}],\"inLanguage\":\"es\"},{\"@type\":\"Person\",\"@id\":\"https:\/\/www.uruloki.org\/felipeblog\/#\/schema\/person\/ddba06ddaa27edf0c370460d05c51bb3\",\"name\":\"Uruloki\",\"image\":{\"@type\":\"ImageObject\",\"inLanguage\":\"es\",\"@id\":\"https:\/\/www.uruloki.org\/felipeblog\/#\/schema\/person\/image\/\",\"url\":\"https:\/\/secure.gravatar.com\/avatar\/68d5301c5f52ba88fd63f02c75b8c4d1b3c3fc4b21e2998a1e98c4b3a54d9f7c?s=96&d=mm&r=g\",\"contentUrl\":\"https:\/\/secure.gravatar.com\/avatar\/68d5301c5f52ba88fd63f02c75b8c4d1b3c3fc4b21e2998a1e98c4b3a54d9f7c?s=96&d=mm&r=g\",\"caption\":\"Uruloki\"},\"sameAs\":[\"https:\/\/uruloki.org\"],\"url\":\"https:\/\/www.uruloki.org\/felipeblog\/author\/admin-2-2-2\"}]}<\/script>\n<!-- \/ Yoast SEO plugin. -->","yoast_head_json":{"title":"Fechas de estreno actualizadas a 2 de junio de 2011... - Uruloki :: Blog","robots":{"index":"index","follow":"follow","max-snippet":"max-snippet:-1","max-image-preview":"max-image-preview:large","max-video-preview":"max-video-preview:-1"},"canonical":"https:\/\/www.uruloki.org\/felipeblog\/cine\/fechas-de-estreno-actualizadas-a-2-de-junio-de-2011","og_locale":"es_ES","og_type":"article","og_title":"Fechas de estreno actualizadas a 2 de junio de 2011... - Uruloki :: Blog","og_description":"Comienza la temporada cinematogr&aacute;fica veraniega. Este mes de junio arranca de inmejorable forma con X-Men: Primera Generaci&oacute;n y una semana despu&eacute;s tres estrenos de los cuales vale la pena rescatar dos, Hanna e Insidious. Ojito al adelanto de fecha de Transformers: el lado oscuro de la luna y la aparici&oacute;n de las fechas de estreno [&hellip;]","og_url":"https:\/\/www.uruloki.org\/felipeblog\/cine\/fechas-de-estreno-actualizadas-a-2-de-junio-de-2011","og_site_name":"Uruloki :: Blog","article_publisher":"https:\/\/www.facebook.com\/uruloki.org","article_published_time":"2011-06-02T09:09:41+00:00","article_modified_time":"2011-06-02T09:14:14+00:00","author":"Uruloki","twitter_card":"summary_large_image","twitter_creator":"@uruloki","twitter_site":"@uruloki","twitter_misc":{"Escrito por":"Uruloki","Tiempo de lectura":"3 minutos"},"schema":{"@context":"https:\/\/schema.org","@graph":[{"@type":"WebPage","@id":"https:\/\/www.uruloki.org\/felipeblog\/cine\/fechas-de-estreno-actualizadas-a-2-de-junio-de-2011","url":"https:\/\/www.uruloki.org\/felipeblog\/cine\/fechas-de-estreno-actualizadas-a-2-de-junio-de-2011","name":"Fechas de estreno actualizadas a 2 de junio de 2011... - Uruloki :: Blog","isPartOf":{"@id":"https:\/\/www.uruloki.org\/felipeblog\/#website"},"datePublished":"2011-06-02T09:09:41+00:00","dateModified":"2011-06-02T09:14:14+00:00","author":{"@id":"https:\/\/www.uruloki.org\/felipeblog\/#\/schema\/person\/ddba06ddaa27edf0c370460d05c51bb3"},"breadcrumb":{"@id":"https:\/\/www.uruloki.org\/felipeblog\/cine\/fechas-de-estreno-actualizadas-a-2-de-junio-de-2011#breadcrumb"},"inLanguage":"es","potentialAction":[{"@type":"ReadAction","target":["https:\/\/www.uruloki.org\/felipeblog\/cine\/fechas-de-estreno-actualizadas-a-2-de-junio-de-2011"]}]},{"@type":"BreadcrumbList","@id":"https:\/\/www.uruloki.org\/felipeblog\/cine\/fechas-de-estreno-actualizadas-a-2-de-junio-de-2011#breadcrumb","itemListElement":[{"@type":"ListItem","position":1,"name":"Portada","item":"https:\/\/www.uruloki.org\/felipeblog"},{"@type":"ListItem","position":2,"name":"Fechas de estreno actualizadas a 2 de junio de 2011&#8230;"}]},{"@type":"WebSite","@id":"https:\/\/www.uruloki.org\/felipeblog\/#website","url":"https:\/\/www.uruloki.org\/felipeblog\/","name":"Uruloki :: Blog","description":"Blog de cine, terror, ciencia ficci\u00f3n, fantas\u00eda y c\u00f3mics","potentialAction":[{"@type":"SearchAction","target":{"@type":"EntryPoint","urlTemplate":"https:\/\/www.uruloki.org\/felipeblog\/?s={search_term_string}"},"query-input":{"@type":"PropertyValueSpecification","valueRequired":true,"valueName":"search_term_string"}}],"inLanguage":"es"},{"@type":"Person","@id":"https:\/\/www.uruloki.org\/felipeblog\/#\/schema\/person\/ddba06ddaa27edf0c370460d05c51bb3","name":"Uruloki","image":{"@type":"ImageObject","inLanguage":"es","@id":"https:\/\/www.uruloki.org\/felipeblog\/#\/schema\/person\/image\/","url":"https:\/\/secure.gravatar.com\/avatar\/68d5301c5f52ba88fd63f02c75b8c4d1b3c3fc4b21e2998a1e98c4b3a54d9f7c?s=96&d=mm&r=g","contentUrl":"https:\/\/secure.gravatar.com\/avatar\/68d5301c5f52ba88fd63f02c75b8c4d1b3c3fc4b21e2998a1e98c4b3a54d9f7c?s=96&d=mm&r=g","caption":"Uruloki"},"sameAs":["https:\/\/uruloki.org"],"url":"https:\/\/www.uruloki.org\/felipeblog\/author\/admin-2-2-2"}]}},"_links":{"self":[{"href":"https:\/\/www.uruloki.org\/felipeblog\/wp-json\/wp\/v2\/posts\/5791","targetHints":{"allow":["GET"]}}],"collection":[{"href":"https:\/\/www.uruloki.org\/felipeblog\/wp-json\/wp\/v2\/posts"}],"about":[{"href":"https:\/\/www.uruloki.org\/felipeblog\/wp-json\/wp\/v2\/types\/post"}],"author":[{"embeddable":true,"href":"https:\/\/www.uruloki.org\/felipeblog\/wp-json\/wp\/v2\/users\/28"}],"replies":[{"embeddable":true,"href":"https:\/\/www.uruloki.org\/felipeblog\/wp-json\/wp\/v2\/comments?post=5791"}],"version-history":[{"count":2,"href":"https:\/\/www.uruloki.org\/felipeblog\/wp-json\/wp\/v2\/posts\/5791\/revisions"}],"predecessor-version":[{"id":5793,"href":"https:\/\/www.uruloki.org\/felipeblog\/wp-json\/wp\/v2\/posts\/5791\/revisions\/5793"}],"wp:attachment":[{"href":"https:\/\/www.uruloki.org\/felipeblog\/wp-json\/wp\/v2\/media?parent=5791"}],"wp:term":[{"taxonomy":"category","embeddable":true,"href":"https:\/\/www.uruloki.org\/felipeblog\/wp-json\/wp\/v2\/categories?post=5791"},{"taxonomy":"post_tag","embeddable":true,"href":"https:\/\/www.uruloki.org\/felipeblog\/wp-json\/wp\/v2\/tags?post=5791"}],"curies":[{"name":"wp","href":"https:\/\/api.w.org\/{rel}","templated":true}]}}