{"id":5609,"date":"2011-04-25T23:59:48","date_gmt":"2011-04-25T21:59:48","guid":{"rendered":"https:\/\/uruloki.org\/felipeblog\/?p=5609"},"modified":"2011-11-04T11:53:03","modified_gmt":"2011-11-04T09:53:03","slug":"the-hobbit-sufre-la-baja-de-fili-aunque-el-rodaje-no-se-ver-afectado-la-produccin-de-the-avengers-se-ha-puesto-en-marcha-hoy-mismo-es-posible-que-iron-man-3-fuera-calificada","status":"publish","type":"post","link":"https:\/\/www.uruloki.org\/felipeblog\/cine-de-terror\/the-hobbit-sufre-la-baja-de-fili-aunque-el-rodaje-no-se-ver-afectado-la-produccin-de-the-avengers-se-ha-puesto-en-marcha-hoy-mismo-es-posible-que-iron-man-3-fuera-calificada","title":{"rendered":"The Hobbit sufre la baja de Fili aunque el rodaje no se ver&aacute; afectado, la producci&oacute;n de The Avengers se ha puesto en marcha hoy mismo, &iquest;es posible que Iron Man 3 fuera calificada R?, nuevo sacr&iacute;lego cartel de Red State y el primero de Capit&aacute;n Trueno y el Santo Grial&#8230;"},"content":{"rendered":"<p>Tras <a href=\"https:\/\/uruloki.org\/felipeblog\/cine-de-terror\/scream-4-opinin\">la obligada opini&oacute;n de Scream 4  de Wes Craven y Kevin Williamson<\/a>, a alguno de los presentes igual os interesa, me paso por el blog en modo fugaz para dejaros con las pocas noticias del d&iacute;a con el que arranca la semana en la que <strong>Warner Bros.<\/strong> sacar&aacute; a la luz el primer trailer de <a href=\"http:\/\/www.imdb.es\/title\/tt1201607\/\" target=\"_blank\">Harry Potter y las reliquias de la muerte (2&ordf; parte)<\/a> (<em>Harry Potter and the Deathly Hallows: Part II<\/em>, 2011) de <a href=\"http:\/\/www.imdb.es\/name\/nm0946734\/\" target=\"_blank\">David Yates<\/a>. Eso si, la primera de las noticias no se produjo hoy, si no ayer por la tarde en <a href=\"http:\/\/www.facebook.com\/notes\/peter-jackson\/fili\/10150233459761558\" target=\"_blank\">el muro de Facebook del bueno de Peter Jackson<\/a>.<\/p>\n<p>Veamos, triste la noticia dada por el se&ntilde;or <strong>Jackson<\/strong> y que nos descubre que <a href=\"http:\/\/www.imdb.es\/name\/nm2059117\/\" target=\"_blank\">Rob Kazinsky<\/a>, el actor encargado de encarnar a <strong>Fili<\/strong> en <a href=\"http:\/\/www.imdb.es\/title\/tt0903624\/\" target=\"_blank\">The Hobbit: Part 1<\/a> (2012) y <a href=\"http:\/\/www.imdb.es\/title\/tt1170358\/\" target=\"_blank\">The Hobbit: Part 2<\/a> (2013), se ha visto obligado a abandonar el rodaje de las pel&iacute;culas por razones personales. <strong>Jackson<\/strong> se muestra entristecido por la noticia reconociendo en <strong>Kazinsky<\/strong> un actor entregado y con un sentido del humor que animaba a todos los involucrados en el proyecto. <a href=\"http:\/\/www.imdb.es\/name\/nm0001392\/\" target=\"_blank\">Peter Jackson<\/a> comenta de todas formas que la partida de <strong>Rob Kazinsky<\/strong> del proyecto no provocar&aacute; ning&uacute;n retraso en el <em>planning<\/em> predefinido de la producci&oacute;n, m&aacute;s que nada porque las pr&aacute;ctica totalidad de las secuencias en las que el actor se iba a ver involucrado no han sido todav&iacute;a rodadas&#8230; entiendo que algo ya se hab&iacute;a filmado y deber&aacute; volver a filmarse, pero no debe ser mucha cosa. Ahora mismo se encuentran enfrascados en aventuras de <strong>Bilbo Bols&oacute;n<\/strong> (<a href=\"http:\/\/www.imdb.es\/name\/nm0293509\/\" target=\"_blank\">Martin Freeman<\/a>) en solitario, por lo que <strong>Jackson<\/strong> indica que tendr&aacute;n tiempo de encontrar un nuevo actor que sustituya a <strong>Rob Kazinsky<\/strong>.<\/p>\n<p class=\"centrado\"><img loading=\"lazy\" decoding=\"async\" src=\"https:\/\/uruloki.org\/felipeblog\/images2011-1\/20110425-red-state.jpg\" alt=\"Nuevo cartel de Red State de Kevin Smith\" width=\"450\" height=\"637\" \/><br \/>\n<em>Nuevo cartel de Red State de Kevin Smith<\/em><\/p>\n<p>Otra noticia que se sostiene por si sola. <a href=\"http:\/\/whedonesque.com\/comments\/26380\" target=\"_blank\">En Whedonesque.com<\/a> el simp&aacute;tico de <a href=\"http:\/\/www.imdb.es\/name\/nm0923736\/\" target=\"_blank\">Joss Whedon<\/a> anuncia en una divertida entrada intervenida por fuerzas mayores que parecen controlarle que hoy lunes se pone en marcha el rodaje de <a href=\"http:\/\/www.imdb.es\/title\/tt0848228\/\" target=\"_blank\">The Avengers<\/a> (2012). Por lo tanto, tomando como punto de partida el 25 de abril, y durante los pr&oacute;ximos 80 d&iacute;as, <strong>Marvel Studios<\/strong> completar&aacute; lo que significa el cierre del primer conjunto aventurero basado en <strong>Los Vengadores<\/strong> y que se puso en marcha all&aacute; por el 2008 con el salto a la gran pantalla de <a href=\"http:\/\/www.imdb.es\/title\/tt0371746\/\" target=\"_blank\">Iron Man<\/a> (2008) de <a href=\"http:\/\/www.imdb.es\/name\/nm0269463\/\" target=\"_blank\">Jon Favreau<\/a>. <strong>Whedon<\/strong> no dice nada, juguetea con las frases intercalando  las intervenciones de los &quot;censores&quot; de <strong>Marvel Studios<\/strong> y se despide confesando  que hoy lunes se pone al frente de algo que llevaba esperando 46 a&ntilde;os&#8230; un sue&ntilde;o hecho realidad. Y hablando del universo <strong>Marvel<\/strong>, <a href=\"http:\/\/collider.com\/iron-man-3-shane-black-writing\/87404\/\" target=\"_blank\">cuenta en Collider.com<\/a>, que recupera diversas elucubraciones de otros sitios web, que al final puede que <a href=\"http:\/\/www.imdb.es\/name\/nm0000948\/\" target=\"_blank\">Shane Black<\/a> si sea el guionista de <a href=\"http:\/\/www.imdb.es\/title\/tt1300854\/\" target=\"_blank\">Iron Man 3<\/a> (2013) como se presupon&iacute;a hasta el sorprendente  fichaje de <a href=\"http:\/\/www.imdb.es\/name\/nm1510800\/\" target=\"_blank\">Drew Pearce<\/a>. La cosa no est&aacute; clara, pero por ah&iacute; dejan caer que <strong>Marvel Studios<\/strong> decidi&oacute; fichar a <strong>Pearce<\/strong> para refinar el estilo demasiado adulto que <strong>Black<\/strong> estaba dando al tercer episodio de la franquicia&#8230; &iquest;un <strong>Iron Man<\/strong> calificado <strong>R<\/strong> que debe ser rebajado para lograr un <strong>PG-13<\/strong>? La verdad, poco encaja esto, por muy salvaje que pueda llegar a ser <strong>Shane Black<\/strong>, no se yo si encajar&iacute;a en los cines un <strong>Iron Man<\/strong> demasiado macarra visto el estilo que le han dado al personaje en las dos pel&iacute;culas que hemos visto hasta ahora, ser&iacute;a un cambio un pel&iacute;n radical.<\/p>\n<p class=\"centrado\"><img loading=\"lazy\" decoding=\"async\" src=\"https:\/\/uruloki.org\/felipeblog\/images2011-1\/20110425-capitan-trueno.jpg\" alt=\"Primer cartel de Capit&aacute;n Trueno y el Santo Grial\" width=\"450\" height=\"646\" \/><br \/>\n<em>Primer cartel de Capit&aacute;n Trueno y el Santo Grial<\/em><\/p>\n<p><strong class=\"nota\">&nbsp;NOTA&nbsp;<\/strong> Los carteles que riegan el post necesitan poca presentaci&oacute;n. <a href=\"http:\/\/www.shockya.com\/news\/2011\/04\/24\/creepy-new-red-state-poster-from-kevin-smith\/\" target=\"_blank\">El primero sale de Shockya.com<\/a> y es un irreverente y bastante terror&iacute;fico nuevo p&oacute;ster de <a href=\"http:\/\/www.imdb.es\/title\/tt0873886\/\" target=\"_blank\">Red State<\/a> (2011) de <a href=\"http:\/\/www.imdb.es\/name\/nm0003620\/\" target=\"_blank\">Kevin Smith<\/a>. Verlo da bastante canguelo. El segundo es cortes&iacute;a de <strong>Walt Disney Studios Motion Pictures Spain<\/strong> y sirve para que echemos un primer vistazo a la promoci&oacute;n de <a href=\"http:\/\/www.imdb.es\/title\/tt1233259\/\" target=\"_blank\">Capit&aacute;n Trueno y el Santo Grial<\/a> (2011) de <a href=\"http:\/\/www.imdb.es\/name\/nm0379872\/\" target=\"_blank\">Antonio Hern&aacute;ndez<\/a>. No est&aacute; mal, esperemos que lo evolucionen.<\/p>\n","protected":false},"excerpt":{"rendered":"<p>Tras la obligada opini&oacute;n de Scream 4 de Wes Craven y Kevin Williamson, a alguno de los presentes igual os interesa, me paso por el blog en modo fugaz para dejaros con las pocas noticias del d&iacute;a con el que arranca la semana en la que Warner Bros. sacar&aacute; a la luz el primer trailer [&hellip;]<\/p>\n","protected":false},"author":28,"featured_media":0,"comment_status":"open","ping_status":"open","sticky":false,"template":"","format":"standard","meta":{"footnotes":""},"categories":[10,12,9,63],"tags":[1397,614,1267,93,123,947],"class_list":["post-5609","post","type-post","status-publish","format-standard","hentry","category-cine-de-comics","category-cine-de-fantasia","category-cine-de-terror","category-el-hobbit","tag-el-capitan-trueno-y-el-santo-grial","tag-iron-man-3","tag-red-state","tag-the-avengers","tag-the-hobbit","tag-the-hobbit-2"],"yoast_head":"<!-- This site is optimized with the Yoast SEO plugin v24.3 - https:\/\/yoast.com\/wordpress\/plugins\/seo\/ -->\n<title>The Hobbit sufre la baja de Fili aunque el rodaje no se ver&aacute; afectado, la producci&oacute;n de The Avengers se ha puesto en marcha hoy mismo, &iquest;es posible que Iron Man 3 fuera calificada R?, nuevo sacr&iacute;lego cartel de Red State y el primero de Capit&aacute;n Trueno y el Santo Grial... - Uruloki :: Blog<\/title>\n<meta name=\"robots\" content=\"index, follow, max-snippet:-1, max-image-preview:large, max-video-preview:-1\" \/>\n<link rel=\"canonical\" href=\"https:\/\/www.uruloki.org\/felipeblog\/cine-de-terror\/the-hobbit-sufre-la-baja-de-fili-aunque-el-rodaje-no-se-ver-afectado-la-produccin-de-the-avengers-se-ha-puesto-en-marcha-hoy-mismo-es-posible-que-iron-man-3-fuera-calificada\" \/>\n<meta property=\"og:locale\" content=\"es_ES\" \/>\n<meta property=\"og:type\" content=\"article\" \/>\n<meta property=\"og:title\" content=\"The Hobbit sufre la baja de Fili aunque el rodaje no se ver&aacute; afectado, la producci&oacute;n de The Avengers se ha puesto en marcha hoy mismo, &iquest;es posible que Iron Man 3 fuera calificada R?, nuevo sacr&iacute;lego cartel de Red State y el primero de Capit&aacute;n Trueno y el Santo Grial... - Uruloki :: Blog\" \/>\n<meta property=\"og:description\" content=\"Tras la obligada opini&oacute;n de Scream 4 de Wes Craven y Kevin Williamson, a alguno de los presentes igual os interesa, me paso por el blog en modo fugaz para dejaros con las pocas noticias del d&iacute;a con el que arranca la semana en la que Warner Bros. sacar&aacute; a la luz el primer trailer [&hellip;]\" \/>\n<meta property=\"og:url\" content=\"https:\/\/www.uruloki.org\/felipeblog\/cine-de-terror\/the-hobbit-sufre-la-baja-de-fili-aunque-el-rodaje-no-se-ver-afectado-la-produccin-de-the-avengers-se-ha-puesto-en-marcha-hoy-mismo-es-posible-que-iron-man-3-fuera-calificada\" \/>\n<meta property=\"og:site_name\" content=\"Uruloki :: Blog\" \/>\n<meta property=\"article:publisher\" content=\"https:\/\/www.facebook.com\/uruloki.org\" \/>\n<meta property=\"article:published_time\" content=\"2011-04-25T21:59:48+00:00\" \/>\n<meta property=\"article:modified_time\" content=\"2011-11-04T09:53:03+00:00\" \/>\n<meta property=\"og:image\" content=\"https:\/\/uruloki.org\/felipeblog\/images2011-1\/20110425-red-state.jpg\" \/>\n<meta name=\"author\" content=\"Uruloki\" \/>\n<meta name=\"twitter:card\" content=\"summary_large_image\" \/>\n<meta name=\"twitter:creator\" content=\"@uruloki\" \/>\n<meta name=\"twitter:site\" content=\"@uruloki\" \/>\n<meta name=\"twitter:label1\" content=\"Escrito por\" \/>\n\t<meta name=\"twitter:data1\" content=\"Uruloki\" \/>\n\t<meta name=\"twitter:label2\" content=\"Tiempo de lectura\" \/>\n\t<meta name=\"twitter:data2\" content=\"4 minutos\" \/>\n<script type=\"application\/ld+json\" class=\"yoast-schema-graph\">{\"@context\":\"https:\/\/schema.org\",\"@graph\":[{\"@type\":\"WebPage\",\"@id\":\"https:\/\/www.uruloki.org\/felipeblog\/cine-de-terror\/the-hobbit-sufre-la-baja-de-fili-aunque-el-rodaje-no-se-ver-afectado-la-produccin-de-the-avengers-se-ha-puesto-en-marcha-hoy-mismo-es-posible-que-iron-man-3-fuera-calificada\",\"url\":\"https:\/\/www.uruloki.org\/felipeblog\/cine-de-terror\/the-hobbit-sufre-la-baja-de-fili-aunque-el-rodaje-no-se-ver-afectado-la-produccin-de-the-avengers-se-ha-puesto-en-marcha-hoy-mismo-es-posible-que-iron-man-3-fuera-calificada\",\"name\":\"The Hobbit sufre la baja de Fili aunque el rodaje no se ver&aacute; afectado, la producci&oacute;n de The Avengers se ha puesto en marcha hoy mismo, &iquest;es posible que Iron Man 3 fuera calificada R?, nuevo sacr&iacute;lego cartel de Red State y el primero de Capit&aacute;n Trueno y el Santo Grial... - Uruloki :: Blog\",\"isPartOf\":{\"@id\":\"https:\/\/www.uruloki.org\/felipeblog\/#website\"},\"primaryImageOfPage\":{\"@id\":\"https:\/\/www.uruloki.org\/felipeblog\/cine-de-terror\/the-hobbit-sufre-la-baja-de-fili-aunque-el-rodaje-no-se-ver-afectado-la-produccin-de-the-avengers-se-ha-puesto-en-marcha-hoy-mismo-es-posible-que-iron-man-3-fuera-calificada#primaryimage\"},\"image\":{\"@id\":\"https:\/\/www.uruloki.org\/felipeblog\/cine-de-terror\/the-hobbit-sufre-la-baja-de-fili-aunque-el-rodaje-no-se-ver-afectado-la-produccin-de-the-avengers-se-ha-puesto-en-marcha-hoy-mismo-es-posible-que-iron-man-3-fuera-calificada#primaryimage\"},\"thumbnailUrl\":\"https:\/\/uruloki.org\/felipeblog\/images2011-1\/20110425-red-state.jpg\",\"datePublished\":\"2011-04-25T21:59:48+00:00\",\"dateModified\":\"2011-11-04T09:53:03+00:00\",\"author\":{\"@id\":\"https:\/\/www.uruloki.org\/felipeblog\/#\/schema\/person\/ddba06ddaa27edf0c370460d05c51bb3\"},\"breadcrumb\":{\"@id\":\"https:\/\/www.uruloki.org\/felipeblog\/cine-de-terror\/the-hobbit-sufre-la-baja-de-fili-aunque-el-rodaje-no-se-ver-afectado-la-produccin-de-the-avengers-se-ha-puesto-en-marcha-hoy-mismo-es-posible-que-iron-man-3-fuera-calificada#breadcrumb\"},\"inLanguage\":\"es\",\"potentialAction\":[{\"@type\":\"ReadAction\",\"target\":[\"https:\/\/www.uruloki.org\/felipeblog\/cine-de-terror\/the-hobbit-sufre-la-baja-de-fili-aunque-el-rodaje-no-se-ver-afectado-la-produccin-de-the-avengers-se-ha-puesto-en-marcha-hoy-mismo-es-posible-que-iron-man-3-fuera-calificada\"]}]},{\"@type\":\"ImageObject\",\"inLanguage\":\"es\",\"@id\":\"https:\/\/www.uruloki.org\/felipeblog\/cine-de-terror\/the-hobbit-sufre-la-baja-de-fili-aunque-el-rodaje-no-se-ver-afectado-la-produccin-de-the-avengers-se-ha-puesto-en-marcha-hoy-mismo-es-posible-que-iron-man-3-fuera-calificada#primaryimage\",\"url\":\"https:\/\/uruloki.org\/felipeblog\/images2011-1\/20110425-red-state.jpg\",\"contentUrl\":\"https:\/\/uruloki.org\/felipeblog\/images2011-1\/20110425-red-state.jpg\"},{\"@type\":\"BreadcrumbList\",\"@id\":\"https:\/\/www.uruloki.org\/felipeblog\/cine-de-terror\/the-hobbit-sufre-la-baja-de-fili-aunque-el-rodaje-no-se-ver-afectado-la-produccin-de-the-avengers-se-ha-puesto-en-marcha-hoy-mismo-es-posible-que-iron-man-3-fuera-calificada#breadcrumb\",\"itemListElement\":[{\"@type\":\"ListItem\",\"position\":1,\"name\":\"Portada\",\"item\":\"https:\/\/www.uruloki.org\/felipeblog\"},{\"@type\":\"ListItem\",\"position\":2,\"name\":\"The Hobbit sufre la baja de Fili aunque el rodaje no se ver&aacute; afectado, la producci&oacute;n de The Avengers se ha puesto en marcha hoy mismo, &iquest;es posible que Iron Man 3 fuera calificada R?, nuevo sacr&iacute;lego cartel de Red State y el primero de Capit&aacute;n Trueno y el Santo Grial&#8230;\"}]},{\"@type\":\"WebSite\",\"@id\":\"https:\/\/www.uruloki.org\/felipeblog\/#website\",\"url\":\"https:\/\/www.uruloki.org\/felipeblog\/\",\"name\":\"Uruloki :: Blog\",\"description\":\"Blog de cine, terror, ciencia ficci\u00f3n, fantas\u00eda y c\u00f3mics\",\"potentialAction\":[{\"@type\":\"SearchAction\",\"target\":{\"@type\":\"EntryPoint\",\"urlTemplate\":\"https:\/\/www.uruloki.org\/felipeblog\/?s={search_term_string}\"},\"query-input\":{\"@type\":\"PropertyValueSpecification\",\"valueRequired\":true,\"valueName\":\"search_term_string\"}}],\"inLanguage\":\"es\"},{\"@type\":\"Person\",\"@id\":\"https:\/\/www.uruloki.org\/felipeblog\/#\/schema\/person\/ddba06ddaa27edf0c370460d05c51bb3\",\"name\":\"Uruloki\",\"image\":{\"@type\":\"ImageObject\",\"inLanguage\":\"es\",\"@id\":\"https:\/\/www.uruloki.org\/felipeblog\/#\/schema\/person\/image\/\",\"url\":\"https:\/\/secure.gravatar.com\/avatar\/68d5301c5f52ba88fd63f02c75b8c4d1b3c3fc4b21e2998a1e98c4b3a54d9f7c?s=96&d=mm&r=g\",\"contentUrl\":\"https:\/\/secure.gravatar.com\/avatar\/68d5301c5f52ba88fd63f02c75b8c4d1b3c3fc4b21e2998a1e98c4b3a54d9f7c?s=96&d=mm&r=g\",\"caption\":\"Uruloki\"},\"sameAs\":[\"https:\/\/uruloki.org\"],\"url\":\"https:\/\/www.uruloki.org\/felipeblog\/author\/admin-2-2-2\"}]}<\/script>\n<!-- \/ Yoast SEO plugin. -->","yoast_head_json":{"title":"The Hobbit sufre la baja de Fili aunque el rodaje no se ver&aacute; afectado, la producci&oacute;n de The Avengers se ha puesto en marcha hoy mismo, &iquest;es posible que Iron Man 3 fuera calificada R?, nuevo sacr&iacute;lego cartel de Red State y el primero de Capit&aacute;n Trueno y el Santo Grial... - Uruloki :: Blog","robots":{"index":"index","follow":"follow","max-snippet":"max-snippet:-1","max-image-preview":"max-image-preview:large","max-video-preview":"max-video-preview:-1"},"canonical":"https:\/\/www.uruloki.org\/felipeblog\/cine-de-terror\/the-hobbit-sufre-la-baja-de-fili-aunque-el-rodaje-no-se-ver-afectado-la-produccin-de-the-avengers-se-ha-puesto-en-marcha-hoy-mismo-es-posible-que-iron-man-3-fuera-calificada","og_locale":"es_ES","og_type":"article","og_title":"The Hobbit sufre la baja de Fili aunque el rodaje no se ver&aacute; afectado, la producci&oacute;n de The Avengers se ha puesto en marcha hoy mismo, &iquest;es posible que Iron Man 3 fuera calificada R?, nuevo sacr&iacute;lego cartel de Red State y el primero de Capit&aacute;n Trueno y el Santo Grial... - Uruloki :: Blog","og_description":"Tras la obligada opini&oacute;n de Scream 4 de Wes Craven y Kevin Williamson, a alguno de los presentes igual os interesa, me paso por el blog en modo fugaz para dejaros con las pocas noticias del d&iacute;a con el que arranca la semana en la que Warner Bros. sacar&aacute; a la luz el primer trailer [&hellip;]","og_url":"https:\/\/www.uruloki.org\/felipeblog\/cine-de-terror\/the-hobbit-sufre-la-baja-de-fili-aunque-el-rodaje-no-se-ver-afectado-la-produccin-de-the-avengers-se-ha-puesto-en-marcha-hoy-mismo-es-posible-que-iron-man-3-fuera-calificada","og_site_name":"Uruloki :: Blog","article_publisher":"https:\/\/www.facebook.com\/uruloki.org","article_published_time":"2011-04-25T21:59:48+00:00","article_modified_time":"2011-11-04T09:53:03+00:00","og_image":[{"url":"https:\/\/uruloki.org\/felipeblog\/images2011-1\/20110425-red-state.jpg","type":"","width":"","height":""}],"author":"Uruloki","twitter_card":"summary_large_image","twitter_creator":"@uruloki","twitter_site":"@uruloki","twitter_misc":{"Escrito por":"Uruloki","Tiempo de lectura":"4 minutos"},"schema":{"@context":"https:\/\/schema.org","@graph":[{"@type":"WebPage","@id":"https:\/\/www.uruloki.org\/felipeblog\/cine-de-terror\/the-hobbit-sufre-la-baja-de-fili-aunque-el-rodaje-no-se-ver-afectado-la-produccin-de-the-avengers-se-ha-puesto-en-marcha-hoy-mismo-es-posible-que-iron-man-3-fuera-calificada","url":"https:\/\/www.uruloki.org\/felipeblog\/cine-de-terror\/the-hobbit-sufre-la-baja-de-fili-aunque-el-rodaje-no-se-ver-afectado-la-produccin-de-the-avengers-se-ha-puesto-en-marcha-hoy-mismo-es-posible-que-iron-man-3-fuera-calificada","name":"The Hobbit sufre la baja de Fili aunque el rodaje no se ver&aacute; afectado, la producci&oacute;n de The Avengers se ha puesto en marcha hoy mismo, &iquest;es posible que Iron Man 3 fuera calificada R?, nuevo sacr&iacute;lego cartel de Red State y el primero de Capit&aacute;n Trueno y el Santo Grial... - Uruloki :: Blog","isPartOf":{"@id":"https:\/\/www.uruloki.org\/felipeblog\/#website"},"primaryImageOfPage":{"@id":"https:\/\/www.uruloki.org\/felipeblog\/cine-de-terror\/the-hobbit-sufre-la-baja-de-fili-aunque-el-rodaje-no-se-ver-afectado-la-produccin-de-the-avengers-se-ha-puesto-en-marcha-hoy-mismo-es-posible-que-iron-man-3-fuera-calificada#primaryimage"},"image":{"@id":"https:\/\/www.uruloki.org\/felipeblog\/cine-de-terror\/the-hobbit-sufre-la-baja-de-fili-aunque-el-rodaje-no-se-ver-afectado-la-produccin-de-the-avengers-se-ha-puesto-en-marcha-hoy-mismo-es-posible-que-iron-man-3-fuera-calificada#primaryimage"},"thumbnailUrl":"https:\/\/uruloki.org\/felipeblog\/images2011-1\/20110425-red-state.jpg","datePublished":"2011-04-25T21:59:48+00:00","dateModified":"2011-11-04T09:53:03+00:00","author":{"@id":"https:\/\/www.uruloki.org\/felipeblog\/#\/schema\/person\/ddba06ddaa27edf0c370460d05c51bb3"},"breadcrumb":{"@id":"https:\/\/www.uruloki.org\/felipeblog\/cine-de-terror\/the-hobbit-sufre-la-baja-de-fili-aunque-el-rodaje-no-se-ver-afectado-la-produccin-de-the-avengers-se-ha-puesto-en-marcha-hoy-mismo-es-posible-que-iron-man-3-fuera-calificada#breadcrumb"},"inLanguage":"es","potentialAction":[{"@type":"ReadAction","target":["https:\/\/www.uruloki.org\/felipeblog\/cine-de-terror\/the-hobbit-sufre-la-baja-de-fili-aunque-el-rodaje-no-se-ver-afectado-la-produccin-de-the-avengers-se-ha-puesto-en-marcha-hoy-mismo-es-posible-que-iron-man-3-fuera-calificada"]}]},{"@type":"ImageObject","inLanguage":"es","@id":"https:\/\/www.uruloki.org\/felipeblog\/cine-de-terror\/the-hobbit-sufre-la-baja-de-fili-aunque-el-rodaje-no-se-ver-afectado-la-produccin-de-the-avengers-se-ha-puesto-en-marcha-hoy-mismo-es-posible-que-iron-man-3-fuera-calificada#primaryimage","url":"https:\/\/uruloki.org\/felipeblog\/images2011-1\/20110425-red-state.jpg","contentUrl":"https:\/\/uruloki.org\/felipeblog\/images2011-1\/20110425-red-state.jpg"},{"@type":"BreadcrumbList","@id":"https:\/\/www.uruloki.org\/felipeblog\/cine-de-terror\/the-hobbit-sufre-la-baja-de-fili-aunque-el-rodaje-no-se-ver-afectado-la-produccin-de-the-avengers-se-ha-puesto-en-marcha-hoy-mismo-es-posible-que-iron-man-3-fuera-calificada#breadcrumb","itemListElement":[{"@type":"ListItem","position":1,"name":"Portada","item":"https:\/\/www.uruloki.org\/felipeblog"},{"@type":"ListItem","position":2,"name":"The Hobbit sufre la baja de Fili aunque el rodaje no se ver&aacute; afectado, la producci&oacute;n de The Avengers se ha puesto en marcha hoy mismo, &iquest;es posible que Iron Man 3 fuera calificada R?, nuevo sacr&iacute;lego cartel de Red State y el primero de Capit&aacute;n Trueno y el Santo Grial&#8230;"}]},{"@type":"WebSite","@id":"https:\/\/www.uruloki.org\/felipeblog\/#website","url":"https:\/\/www.uruloki.org\/felipeblog\/","name":"Uruloki :: Blog","description":"Blog de cine, terror, ciencia ficci\u00f3n, fantas\u00eda y c\u00f3mics","potentialAction":[{"@type":"SearchAction","target":{"@type":"EntryPoint","urlTemplate":"https:\/\/www.uruloki.org\/felipeblog\/?s={search_term_string}"},"query-input":{"@type":"PropertyValueSpecification","valueRequired":true,"valueName":"search_term_string"}}],"inLanguage":"es"},{"@type":"Person","@id":"https:\/\/www.uruloki.org\/felipeblog\/#\/schema\/person\/ddba06ddaa27edf0c370460d05c51bb3","name":"Uruloki","image":{"@type":"ImageObject","inLanguage":"es","@id":"https:\/\/www.uruloki.org\/felipeblog\/#\/schema\/person\/image\/","url":"https:\/\/secure.gravatar.com\/avatar\/68d5301c5f52ba88fd63f02c75b8c4d1b3c3fc4b21e2998a1e98c4b3a54d9f7c?s=96&d=mm&r=g","contentUrl":"https:\/\/secure.gravatar.com\/avatar\/68d5301c5f52ba88fd63f02c75b8c4d1b3c3fc4b21e2998a1e98c4b3a54d9f7c?s=96&d=mm&r=g","caption":"Uruloki"},"sameAs":["https:\/\/uruloki.org"],"url":"https:\/\/www.uruloki.org\/felipeblog\/author\/admin-2-2-2"}]}},"_links":{"self":[{"href":"https:\/\/www.uruloki.org\/felipeblog\/wp-json\/wp\/v2\/posts\/5609","targetHints":{"allow":["GET"]}}],"collection":[{"href":"https:\/\/www.uruloki.org\/felipeblog\/wp-json\/wp\/v2\/posts"}],"about":[{"href":"https:\/\/www.uruloki.org\/felipeblog\/wp-json\/wp\/v2\/types\/post"}],"author":[{"embeddable":true,"href":"https:\/\/www.uruloki.org\/felipeblog\/wp-json\/wp\/v2\/users\/28"}],"replies":[{"embeddable":true,"href":"https:\/\/www.uruloki.org\/felipeblog\/wp-json\/wp\/v2\/comments?post=5609"}],"version-history":[{"count":2,"href":"https:\/\/www.uruloki.org\/felipeblog\/wp-json\/wp\/v2\/posts\/5609\/revisions"}],"predecessor-version":[{"id":6666,"href":"https:\/\/www.uruloki.org\/felipeblog\/wp-json\/wp\/v2\/posts\/5609\/revisions\/6666"}],"wp:attachment":[{"href":"https:\/\/www.uruloki.org\/felipeblog\/wp-json\/wp\/v2\/media?parent=5609"}],"wp:term":[{"taxonomy":"category","embeddable":true,"href":"https:\/\/www.uruloki.org\/felipeblog\/wp-json\/wp\/v2\/categories?post=5609"},{"taxonomy":"post_tag","embeddable":true,"href":"https:\/\/www.uruloki.org\/felipeblog\/wp-json\/wp\/v2\/tags?post=5609"}],"curies":[{"name":"wp","href":"https:\/\/api.w.org\/{rel}","templated":true}]}}