{"id":5586,"date":"2011-04-18T23:55:48","date_gmt":"2011-04-18T21:55:48","guid":{"rendered":"https:\/\/uruloki.org\/felipeblog\/?p=5586"},"modified":"2011-04-18T23:55:48","modified_gmt":"2011-04-18T21:55:48","slug":"pride-and-prejudice-and-zombies-ya-tiene-director-veremos-lo-que-dura-matt-reeves-vuelve-al-gnero-vamprico-con-la-carnicera-the-passage-imagen-y-spots-de-x-men-primera-gen","status":"publish","type":"post","link":"https:\/\/www.uruloki.org\/felipeblog\/cine\/pride-and-prejudice-and-zombies-ya-tiene-director-veremos-lo-que-dura-matt-reeves-vuelve-al-gnero-vamprico-con-la-carnicera-the-passage-imagen-y-spots-de-x-men-primera-gen","title":{"rendered":"Pride and Prejudice and Zombies ya tiene director (veremos lo que dura), Matt Reeves vuelve al g&eacute;nero vamp&iacute;rico con la carnicer&iacute;a The Passage, imagen y spots de X-Men: primera generaci&oacute;n, Thomas Jane se une a Sylvester Stallone, que no dirigir&aacute; The Expendables 2, en Headshot, otro par m&aacute;s que se suman a The Hunger Games, Gravity no ser&aacute; rodada en 3D (pero si transformada) y The Avengers se pone en marcha el lunes que viene&#8230;"},"content":{"rendered":"<p>Tras ver el &uacute;ltimo episodio de <a href=\"http:\/\/www.imdb.es\/title\/tt1119644\/\" target=\"_blank\">&quot;Fringe&quot;<\/a> (2009-&iquest;?), lo de esta serie no tiene l&iacute;mites, y mientras busco un hueco para poder ver <a href=\"http:\/\/www.imdb.es\/title\/tt0944947\/\" target=\"_blank\">&quot;Game of Thrones&quot;<\/a> (2011-&iquest;?), me pongo con las noticias del d&iacute;as que, pese a ser lunes, hay temas interesantes para recuperar y comentar. Comencemos con una confirmaci&oacute;n de esas que se ve&iacute;a llegar por el horizonte desde hace unas cuantas semanas. <a href=\"http:\/\/www.comingsoon.net\/news\/movienews.php?id=76582\" target=\"_blank\">V&iacute;a ComingSoon.net<\/a> leemos que <strong>Lionsgate<\/strong> ha anunciado oficialmente que <a href=\"http:\/\/www.imdb.es\/name\/nm0318916\/\" target=\"_blank\">Craig Gillespie<\/a> es el elegido para hacerse cargo de la direcci&oacute;n de <a href=\"http:\/\/www.imdb.es\/title\/tt1374989\/\" target=\"_blank\">Pride and Prejudice and Zombies<\/a> (&iquest;?), la adaptaci&oacute;n al cine de la obra de <strong>Seth Grahame-Smith<\/strong>. La noticia no aporta nada nuevo, de hecho lo de <strong>Gillespie<\/strong> casi no es ni sorpresa, y agrega que Natalie Portman, Annette Savitch y <strong>Darko Entertinment<\/strong>, la empresa de Richard Kelly., actuar&aacute;n como productores del proyecto. Veremos si <strong>Gillespie<\/strong> aguanta al frente del proyecto, recordemos que <a href=\"http:\/\/www.imdb.es\/name\/nm0751102\/\" target=\"_blank\">David O. Russell<\/a> y <a href=\"http:\/\/www.imdb.es\/name\/nm0925234\/\" target=\"_blank\">Mike White<\/a> fueron en otro momento directores del mismo.<\/p>\n<p class=\"centrado\"><img loading=\"lazy\" decoding=\"async\" src=\"https:\/\/uruloki.org\/felipeblog\/images2011-1\/20110418-xmenfirstclass.jpg\" alt=\"Nueva imagen de X-Men: primera generaci&oacute;n\" width=\"625\" height=\"433\" \/><em>Nueva imagen de X-Men: primera generaci&oacute;n (<a href=\"http:\/\/www.facebook.com\/photo.php?fbid=208714612492336&amp;set=a.182353821795082.42381.170700836293714&amp;type=1&amp;pid=612007&amp;id=170700836293714\" target=\"_blank\">v&iacute;a Facebook<\/a>)<\/em><\/p>\n<p>Y hablando de cine de terror, aunque lo de <strong>Pride and Prejudice and Zombies<\/strong> aportar&aacute; mucha comedia, <a href=\"http:\/\/www.deadline.com\/2011\/04\/matt-reeves-sinks-teeth-into-fox-2000s-vampire-epic-the-passage\/\" target=\"_blank\">Deadline.com nos indica<\/a> que <a href=\"http:\/\/www.imdb.es\/name\/nm0716257\/\" target=\"_blank\">Matt Reeves<\/a> ha sido contratado por <strong>Fox 2000<\/strong> para hacerse cargo de <a href=\"http:\/\/www.imdb.es\/title\/tt1074206\/\" target=\"_blank\">The Passage<\/a> (&iquest;?), otra adaptaci&oacute;n m&aacute;s que llegar&aacute; a los cines un a&ntilde;o de estos. Basada en la novela de <strong>Justin Cronin<\/strong> nos iremos al a&ntilde;o <strong>2016<\/strong>. El gobierno americano, despu&eacute;s de observar  como enfermos terminales de c&aacute;ncer sanan tras ser mordidos por  murci&eacute;lagos en Sudam&eacute;rica, se pondr&aacute; a experimentar buscando una cura  definitiva. En lugar de curar el c&aacute;ncer contaminar&aacute; a cientos de cobayas  humanas, violentos condenados a muerte incluidos, que, a ra&iacute;z de  diversas alteraciones gen&eacute;ticas, se convertir&aacute;n en sangrientos e  incontrolables bebedores de sangre. Esta raza de vampiros creados gen&eacute;ticamente llevar&aacute; a la humanidad al borde de la extinci&oacute;n.  La verdad es que el tema me sonaba de algo, as&iacute; que mirando por el blog me encuentro que <a href=\"https:\/\/uruloki.org\/felipeblog\/cine\/wolverine-ya-tiene-director-green-hornet-podra-tenerlo-y-entre-otras-cosas-una-nueva-triloga-vamprica\">en julio del 2007<\/a>, <strong>Fox 2000<\/strong> y <strong>Scott Free<\/strong>, la productora montada por los herman&iacute;simos <a href=\"http:\/\/www.imdb.es\/name\/nm0000631\/\" target=\"_blank\" title=\"Filmograf&iacute;a de Ridley Scott\">Ridley Scott<\/a> y <a href=\"http:\/\/www.imdb.es\/name\/nm0001716\/\" target=\"_blank\" title=\"Filmograf&iacute;a de Tony Scott\">Tony Scott<\/a> decidieron hacerse con los derechos cinematogr&aacute;ficos sobre una, en ese momento, no nata trilog&iacute;a vamp&iacute;rica escrita por <strong>Jordan Ainsley<\/strong>, sobrenombre de <strong>Justin Cronin<\/strong>. <a href=\"https:\/\/uruloki.org\/felipeblog\/cine-de-ciencia-ficcin\/1d2-the-passage-tiene-ya-quien-la-adapte-y-a-ridley-scott-como-director-abrams-y-orci-hablan-de-star-trek-2-y-el-efecto-roddenberry-cartel-espaol-de-el-imaginario-del-d\">En septiembre del 2009<\/a> se anunci&oacute; que <a href=\"http:\/\/spanish.imdb.com\/name\/nm0517589\/\" target=\"_blank\">John Logan<\/a>, responsable de los guiones de <a href=\"http:\/\/spanish.imdb.com\/title\/tt0172495\/\" target=\"_blank\">Gladiator<\/a> (2000), la futura <a href=\"http:\/\/spanish.imdb.com\/title\/tt1230526\/\" target=\"_blank\">Bioshock<\/a> (&iquest;?), o <a href=\"http:\/\/spanish.imdb.com\/title\/tt0408236\/\" target=\"_blank\">Sweeney Todd, el diab&oacute;lico barbero de la calle Fleet<\/a> (<em>Sweeney Todd: The Demon Barber of Fleet Street<\/em>, 2007), hab&iacute;a sido contratado cobrando una cantidad de siete cifras para adaptar el libro, que en esos momentos apuntaba a libraco de los gordos. Pues nada, hoy 18 de abril de 2001 se indica que <strong>Matt Reeves<\/strong> es el elegido para dirigir el proyecto adem&aacute;s de supervisar y revisar el gui&oacute;n escrito por <strong>Logan<\/strong>.<\/p>\n<div class=\"video\"><object type=\"application\/x-shockwave-flash\" data=\"http:\/\/www.youtube.com\/v\/0k74a-Qd1qs?fs=1&amp;hl=es_ES\" height=\"380\" width=\"625\"><param name=\"movie\" value=\"http:\/\/www.youtube.com\/v\/0k74a-Qd1qs?fs=1&amp;hl=es_ES\" \/><param name=\"allowFullScreen\" value=\"true\" \/><\/object><\/div>\n<p>Vayamos ahora con un fichaje comiquero. la gente de <a href=\"http:\/\/www.joblo.com\/arrow\/index.php?id=27731\" target=\"_blank\">Arrow in the Head, hac&iacute;a tiempo que no recuperaba ninguna noticia de este portal, nos informa<\/a> de que Thomas Jane ha cerrado un acuerdo con <strong>Warner Bros.<\/strong> para unirse a <a href=\"http:\/\/www.imdb.es\/name\/nm0000230\/\" target=\"_blank\">Sylvester Stallone<\/a> y <a href=\"http:\/\/www.imdb.es\/name\/nm0001353\/\" target=\"_blank\">Walter Hill<\/a> en <a href=\"http:\/\/www.imdb.es\/title\/tt1308729\/\" target=\"_blank\">Headshot<\/a> (&iquest;?), la adaptaci&oacute;n al cine del la hom&oacute;nima novela gr&aacute;fica de <strong>Alexis Nolent<\/strong>. El fichaje de <strong>Jane<\/strong> establece definitivamente los roles protagonista, siendo <strong>Stallone<\/strong> el asesino a sueldo de Nueva Orleans que debe hacer migas con un polic&iacute;a de New York, encarnado por <strong>Jane<\/strong>, para hacer frente a un enemigo com&uacute;n. El gui&oacute;n es obra de <a href=\"http:\/\/www.imdb.es\/name\/nm0131947\/\" target=\"_blank\">Alessandro Camon<\/a> y ser&aacute; producido por <a href=\"http:\/\/www.imdb.es\/name\/nm0586968\/\" target=\"_blank\">Alexandra Milchan<\/a> y el d&uacute;o <a href=\"http:\/\/www.imdb.es\/name\/nm0332184\/\" target=\"_blank\">Alfred Gough<\/a> y <a href=\"http:\/\/www.imdb.es\/name\/nm0587692\/\" target=\"_blank\">Miles Millar<\/a>, los creadores de <a href=\"http:\/\/www.imdb.es\/title\/tt0279600\/\" target=\"_blank\">&quot;Smallville&quot;<\/a> (2001-2011). Y hablando de fichajes, <a href=\"http:\/\/insidemovies.ew.com\/2011\/04\/18\/hunger-games-thresh-rue\/\" target=\"_blank\">Entertainment Weekly nos comenta<\/a> que <a href=\"http:\/\/www.imdb.es\/name\/nm0002657\/\" target=\"_blank\">Gary Ross<\/a> sigue perfilando el reparto de <a href=\"http:\/\/www.imdb.es\/title\/tt1392170\/\" target=\"_blank\">The Hunger Games<\/a> (2012), otra adaptaci&oacute;n m&aacute;s al cine que est&aacute; dando el salto a la gran pantalla. No se si habr&eacute;is le&iacute;do las novelas de <strong>Suzanne Collins<\/strong>, pero hay dos papeles significativos que ser&aacute;n encarnados por dos debutantes en esto de la interpretaci&oacute;n en pantalla grande. Los papeles son los de <strong>Thresh<\/strong> y <strong>Rue<\/strong>, y los actores son <a href=\"http:\/\/www.imdb.es\/name\/nm3912883\/\" target=\"_blank\">Dayo Okeniyi<\/a> y <a href=\"http:\/\/www.imdb.es\/name\/nm3964350\/\" target=\"_blank\">Amandla Stenberg<\/a>. Ojo, para estar al tanto de los fichajes en <strong>The Hunger Games<\/strong>, nada mejor que <a href=\"http:\/\/www.facebook.com\/thehungergamesmovie?sk=app_153235154741250\" target=\"_blank\">estar pendiente de la p&aacute;gina de Facebook del film<\/a>, all&iacute; van cubriendo los diferentes personajes que aparecer&aacute;n en la pel&iacute;cula. <\/p>\n<p>Va siendo hora de unas cuantas  breves y la despedida por hoy. <a href=\"http:\/\/www.deadline.com\/2011\/04\/sly-stallone-im-not-directing-expendables-sequel\/\" target=\"_blank\">Primero hay que pasarse por Deadline.com<\/a> y leer como <strong>Sylvester Stallone<\/strong> confirma oficialmente que no se har&aacute; cargo de la direcci&oacute;n de <a href=\"http:\/\/www.imdb.es\/title\/tt1764651\/\" target=\"_blank\">The Expendables 2<\/a> (&iquest;?). Era algo rumoreado desde hace unas semanas y finalmente se zanja el tema. Mejor as&iacute;. <a href=\"http:\/\/collider.com\/david-heyman-interview-harry-potter-gravity-beatles\/85906\/\" target=\"_blank\">Por otro lado tenemos a Colider.com<\/a> entrevistando al productor <a href=\"http:\/\/www.imdb.es\/name\/nm0382268\/\" target=\"_blank\">David Heyman<\/a> y obteniendo de este que <a href=\"http:\/\/www.imdb.es\/title\/tt1454468\/\" target=\"_blank\">Gravity<\/a> (2012) de <a href=\"http:\/\/www.imdb.es\/title\/tt1454468\/\" target=\"_blank\">Alfonso Cuar&oacute;n<\/a> se pondr&aacute; en marcha en mayo, con <a href=\"http:\/\/www.imdb.es\/name\/nm0000123\/\" target=\"_blank\">George Clooney<\/a> y <a href=\"http:\/\/www.imdb.es\/name\/nm0000113\/\" target=\"_blank\">Sandra Bullock<\/a> como figuras al frente y con una sorpresa de &uacute;ltima hora&#8230; el tan cacareado 3D ser&aacute; procesado en post-producci&oacute;n. Lo que o&iacute;s, otro proyecto m&aacute;s de <strong>Warner Bros.<\/strong> que opta por un rodaje en modo normal que se ganar&aacute; el efecto 3D en una fase posterior. Sobre este tema <strong>Heyman<\/strong> indica que al rodarse por completo en formato digital la transformaci&oacute;n a posteriori ser&aacute; mucho m&aacute;s sencilla y eficiente que en otros casos. Respecto al proyecto indica el productor que nos espera algo nunca visto, sentiremos estar en el espacio y tal y tal&#8230; siendo <strong>Cuar&oacute;n<\/strong> no podemos esperar menos! <a href=\"http:\/\/artsbeat.blogs.nytimes.com\/2011\/04\/18\/once-more-with-feeling-joss-whedon-revisits-dr-horribles-sing-along-blog\/\" target=\"_blank\">Tercero y final, hablando con The New York Times<\/a>, <a href=\"http:\/\/www.imdb.es\/name\/nm0923736\/\" target=\"_blank\">Joss Whedon<\/a> adelanta que el rodaje de <a href=\"http:\/\/www.imdb.es\/title\/tt0848228\/\" target=\"_blank\">The Avengers<\/a> (2012) se pone en marcha el lunes que viene, 25 de abril.<\/p>\n","protected":false},"excerpt":{"rendered":"<p>Tras ver el &uacute;ltimo episodio de &quot;Fringe&quot; (2009-&iquest;?), lo de esta serie no tiene l&iacute;mites, y mientras busco un hueco para poder ver &quot;Game of Thrones&quot; (2011-&iquest;?), me pongo con las noticias del d&iacute;as que, pese a ser lunes, hay temas interesantes para recuperar y comentar. Comencemos con una confirmaci&oacute;n de esas que se ve&iacute;a [&hellip;]<\/p>\n","protected":false},"author":28,"featured_media":0,"comment_status":"open","ping_status":"open","sticky":false,"template":"","format":"standard","meta":{"footnotes":""},"categories":[6,10,8,9],"tags":[1229,1692,778,93,1451,1460,1053,550],"class_list":["post-5586","post","type-post","status-publish","format-standard","hentry","category-cine","category-cine-de-comics","category-cine-de-ciencia-ficcion","category-cine-de-terror","tag-gravity","tag-headshot","tag-pride-and-prejudice-and-zombies","tag-the-avengers","tag-the-expendables-2","tag-the-hunger-games","tag-the-passage","tag-x-men-first-class"],"yoast_head":"<!-- This site is optimized with the Yoast SEO plugin v24.3 - https:\/\/yoast.com\/wordpress\/plugins\/seo\/ -->\n<title>Pride and Prejudice and Zombies ya tiene director (veremos lo que dura), Matt Reeves vuelve al g&eacute;nero vamp&iacute;rico con la carnicer&iacute;a The Passage, imagen y spots de X-Men: primera generaci&oacute;n, Thomas Jane se une a Sylvester Stallone, que no dirigir&aacute; The Expendables 2, en Headshot, otro par m&aacute;s que se suman a The Hunger Games, Gravity no ser&aacute; rodada en 3D (pero si transformada) y The Avengers se pone en marcha el lunes que viene... - Uruloki :: Blog<\/title>\n<meta name=\"robots\" content=\"index, follow, max-snippet:-1, max-image-preview:large, max-video-preview:-1\" \/>\n<link rel=\"canonical\" href=\"https:\/\/www.uruloki.org\/felipeblog\/cine\/pride-and-prejudice-and-zombies-ya-tiene-director-veremos-lo-que-dura-matt-reeves-vuelve-al-gnero-vamprico-con-la-carnicera-the-passage-imagen-y-spots-de-x-men-primera-gen\" \/>\n<meta property=\"og:locale\" content=\"es_ES\" \/>\n<meta property=\"og:type\" content=\"article\" \/>\n<meta property=\"og:title\" content=\"Pride and Prejudice and Zombies ya tiene director (veremos lo que dura), Matt Reeves vuelve al g&eacute;nero vamp&iacute;rico con la carnicer&iacute;a The Passage, imagen y spots de X-Men: primera generaci&oacute;n, Thomas Jane se une a Sylvester Stallone, que no dirigir&aacute; The Expendables 2, en Headshot, otro par m&aacute;s que se suman a The Hunger Games, Gravity no ser&aacute; rodada en 3D (pero si transformada) y The Avengers se pone en marcha el lunes que viene... - Uruloki :: Blog\" \/>\n<meta property=\"og:description\" content=\"Tras ver el &uacute;ltimo episodio de &quot;Fringe&quot; (2009-&iquest;?), lo de esta serie no tiene l&iacute;mites, y mientras busco un hueco para poder ver &quot;Game of Thrones&quot; (2011-&iquest;?), me pongo con las noticias del d&iacute;as que, pese a ser lunes, hay temas interesantes para recuperar y comentar. Comencemos con una confirmaci&oacute;n de esas que se ve&iacute;a [&hellip;]\" \/>\n<meta property=\"og:url\" content=\"https:\/\/www.uruloki.org\/felipeblog\/cine\/pride-and-prejudice-and-zombies-ya-tiene-director-veremos-lo-que-dura-matt-reeves-vuelve-al-gnero-vamprico-con-la-carnicera-the-passage-imagen-y-spots-de-x-men-primera-gen\" \/>\n<meta property=\"og:site_name\" content=\"Uruloki :: Blog\" \/>\n<meta property=\"article:publisher\" content=\"https:\/\/www.facebook.com\/uruloki.org\" \/>\n<meta property=\"article:published_time\" content=\"2011-04-18T21:55:48+00:00\" \/>\n<meta property=\"og:image\" content=\"https:\/\/uruloki.org\/felipeblog\/images2011-1\/20110418-xmenfirstclass.jpg\" \/>\n<meta name=\"author\" content=\"Uruloki\" \/>\n<meta name=\"twitter:card\" content=\"summary_large_image\" \/>\n<meta name=\"twitter:creator\" content=\"@uruloki\" \/>\n<meta name=\"twitter:site\" content=\"@uruloki\" \/>\n<meta name=\"twitter:label1\" content=\"Escrito por\" \/>\n\t<meta name=\"twitter:data1\" content=\"Uruloki\" \/>\n\t<meta name=\"twitter:label2\" content=\"Tiempo de lectura\" \/>\n\t<meta name=\"twitter:data2\" content=\"5 minutos\" \/>\n<script type=\"application\/ld+json\" class=\"yoast-schema-graph\">{\"@context\":\"https:\/\/schema.org\",\"@graph\":[{\"@type\":\"WebPage\",\"@id\":\"https:\/\/www.uruloki.org\/felipeblog\/cine\/pride-and-prejudice-and-zombies-ya-tiene-director-veremos-lo-que-dura-matt-reeves-vuelve-al-gnero-vamprico-con-la-carnicera-the-passage-imagen-y-spots-de-x-men-primera-gen\",\"url\":\"https:\/\/www.uruloki.org\/felipeblog\/cine\/pride-and-prejudice-and-zombies-ya-tiene-director-veremos-lo-que-dura-matt-reeves-vuelve-al-gnero-vamprico-con-la-carnicera-the-passage-imagen-y-spots-de-x-men-primera-gen\",\"name\":\"Pride and Prejudice and Zombies ya tiene director (veremos lo que dura), Matt Reeves vuelve al g&eacute;nero vamp&iacute;rico con la carnicer&iacute;a The Passage, imagen y spots de X-Men: primera generaci&oacute;n, Thomas Jane se une a Sylvester Stallone, que no dirigir&aacute; The Expendables 2, en Headshot, otro par m&aacute;s que se suman a The Hunger Games, Gravity no ser&aacute; rodada en 3D (pero si transformada) y The Avengers se pone en marcha el lunes que viene... - Uruloki :: Blog\",\"isPartOf\":{\"@id\":\"https:\/\/www.uruloki.org\/felipeblog\/#website\"},\"primaryImageOfPage\":{\"@id\":\"https:\/\/www.uruloki.org\/felipeblog\/cine\/pride-and-prejudice-and-zombies-ya-tiene-director-veremos-lo-que-dura-matt-reeves-vuelve-al-gnero-vamprico-con-la-carnicera-the-passage-imagen-y-spots-de-x-men-primera-gen#primaryimage\"},\"image\":{\"@id\":\"https:\/\/www.uruloki.org\/felipeblog\/cine\/pride-and-prejudice-and-zombies-ya-tiene-director-veremos-lo-que-dura-matt-reeves-vuelve-al-gnero-vamprico-con-la-carnicera-the-passage-imagen-y-spots-de-x-men-primera-gen#primaryimage\"},\"thumbnailUrl\":\"https:\/\/uruloki.org\/felipeblog\/images2011-1\/20110418-xmenfirstclass.jpg\",\"datePublished\":\"2011-04-18T21:55:48+00:00\",\"dateModified\":\"2011-04-18T21:55:48+00:00\",\"author\":{\"@id\":\"https:\/\/www.uruloki.org\/felipeblog\/#\/schema\/person\/ddba06ddaa27edf0c370460d05c51bb3\"},\"breadcrumb\":{\"@id\":\"https:\/\/www.uruloki.org\/felipeblog\/cine\/pride-and-prejudice-and-zombies-ya-tiene-director-veremos-lo-que-dura-matt-reeves-vuelve-al-gnero-vamprico-con-la-carnicera-the-passage-imagen-y-spots-de-x-men-primera-gen#breadcrumb\"},\"inLanguage\":\"es\",\"potentialAction\":[{\"@type\":\"ReadAction\",\"target\":[\"https:\/\/www.uruloki.org\/felipeblog\/cine\/pride-and-prejudice-and-zombies-ya-tiene-director-veremos-lo-que-dura-matt-reeves-vuelve-al-gnero-vamprico-con-la-carnicera-the-passage-imagen-y-spots-de-x-men-primera-gen\"]}]},{\"@type\":\"ImageObject\",\"inLanguage\":\"es\",\"@id\":\"https:\/\/www.uruloki.org\/felipeblog\/cine\/pride-and-prejudice-and-zombies-ya-tiene-director-veremos-lo-que-dura-matt-reeves-vuelve-al-gnero-vamprico-con-la-carnicera-the-passage-imagen-y-spots-de-x-men-primera-gen#primaryimage\",\"url\":\"https:\/\/uruloki.org\/felipeblog\/images2011-1\/20110418-xmenfirstclass.jpg\",\"contentUrl\":\"https:\/\/uruloki.org\/felipeblog\/images2011-1\/20110418-xmenfirstclass.jpg\"},{\"@type\":\"BreadcrumbList\",\"@id\":\"https:\/\/www.uruloki.org\/felipeblog\/cine\/pride-and-prejudice-and-zombies-ya-tiene-director-veremos-lo-que-dura-matt-reeves-vuelve-al-gnero-vamprico-con-la-carnicera-the-passage-imagen-y-spots-de-x-men-primera-gen#breadcrumb\",\"itemListElement\":[{\"@type\":\"ListItem\",\"position\":1,\"name\":\"Portada\",\"item\":\"https:\/\/www.uruloki.org\/felipeblog\"},{\"@type\":\"ListItem\",\"position\":2,\"name\":\"Pride and Prejudice and Zombies ya tiene director (veremos lo que dura), Matt Reeves vuelve al g&eacute;nero vamp&iacute;rico con la carnicer&iacute;a The Passage, imagen y spots de X-Men: primera generaci&oacute;n, Thomas Jane se une a Sylvester Stallone, que no dirigir&aacute; The Expendables 2, en Headshot, otro par m&aacute;s que se suman a The Hunger Games, Gravity no ser&aacute; rodada en 3D (pero si transformada) y The Avengers se pone en marcha el lunes que viene&#8230;\"}]},{\"@type\":\"WebSite\",\"@id\":\"https:\/\/www.uruloki.org\/felipeblog\/#website\",\"url\":\"https:\/\/www.uruloki.org\/felipeblog\/\",\"name\":\"Uruloki :: Blog\",\"description\":\"Blog de cine, terror, ciencia ficci\u00f3n, fantas\u00eda y c\u00f3mics\",\"potentialAction\":[{\"@type\":\"SearchAction\",\"target\":{\"@type\":\"EntryPoint\",\"urlTemplate\":\"https:\/\/www.uruloki.org\/felipeblog\/?s={search_term_string}\"},\"query-input\":{\"@type\":\"PropertyValueSpecification\",\"valueRequired\":true,\"valueName\":\"search_term_string\"}}],\"inLanguage\":\"es\"},{\"@type\":\"Person\",\"@id\":\"https:\/\/www.uruloki.org\/felipeblog\/#\/schema\/person\/ddba06ddaa27edf0c370460d05c51bb3\",\"name\":\"Uruloki\",\"image\":{\"@type\":\"ImageObject\",\"inLanguage\":\"es\",\"@id\":\"https:\/\/www.uruloki.org\/felipeblog\/#\/schema\/person\/image\/\",\"url\":\"https:\/\/secure.gravatar.com\/avatar\/68d5301c5f52ba88fd63f02c75b8c4d1b3c3fc4b21e2998a1e98c4b3a54d9f7c?s=96&d=mm&r=g\",\"contentUrl\":\"https:\/\/secure.gravatar.com\/avatar\/68d5301c5f52ba88fd63f02c75b8c4d1b3c3fc4b21e2998a1e98c4b3a54d9f7c?s=96&d=mm&r=g\",\"caption\":\"Uruloki\"},\"sameAs\":[\"https:\/\/uruloki.org\"],\"url\":\"https:\/\/www.uruloki.org\/felipeblog\/author\/admin-2-2-2\"}]}<\/script>\n<!-- \/ Yoast SEO plugin. -->","yoast_head_json":{"title":"Pride and Prejudice and Zombies ya tiene director (veremos lo que dura), Matt Reeves vuelve al g&eacute;nero vamp&iacute;rico con la carnicer&iacute;a The Passage, imagen y spots de X-Men: primera generaci&oacute;n, Thomas Jane se une a Sylvester Stallone, que no dirigir&aacute; The Expendables 2, en Headshot, otro par m&aacute;s que se suman a The Hunger Games, Gravity no ser&aacute; rodada en 3D (pero si transformada) y The Avengers se pone en marcha el lunes que viene... - Uruloki :: Blog","robots":{"index":"index","follow":"follow","max-snippet":"max-snippet:-1","max-image-preview":"max-image-preview:large","max-video-preview":"max-video-preview:-1"},"canonical":"https:\/\/www.uruloki.org\/felipeblog\/cine\/pride-and-prejudice-and-zombies-ya-tiene-director-veremos-lo-que-dura-matt-reeves-vuelve-al-gnero-vamprico-con-la-carnicera-the-passage-imagen-y-spots-de-x-men-primera-gen","og_locale":"es_ES","og_type":"article","og_title":"Pride and Prejudice and Zombies ya tiene director (veremos lo que dura), Matt Reeves vuelve al g&eacute;nero vamp&iacute;rico con la carnicer&iacute;a The Passage, imagen y spots de X-Men: primera generaci&oacute;n, Thomas Jane se une a Sylvester Stallone, que no dirigir&aacute; The Expendables 2, en Headshot, otro par m&aacute;s que se suman a The Hunger Games, Gravity no ser&aacute; rodada en 3D (pero si transformada) y The Avengers se pone en marcha el lunes que viene... - Uruloki :: Blog","og_description":"Tras ver el &uacute;ltimo episodio de &quot;Fringe&quot; (2009-&iquest;?), lo de esta serie no tiene l&iacute;mites, y mientras busco un hueco para poder ver &quot;Game of Thrones&quot; (2011-&iquest;?), me pongo con las noticias del d&iacute;as que, pese a ser lunes, hay temas interesantes para recuperar y comentar. Comencemos con una confirmaci&oacute;n de esas que se ve&iacute;a [&hellip;]","og_url":"https:\/\/www.uruloki.org\/felipeblog\/cine\/pride-and-prejudice-and-zombies-ya-tiene-director-veremos-lo-que-dura-matt-reeves-vuelve-al-gnero-vamprico-con-la-carnicera-the-passage-imagen-y-spots-de-x-men-primera-gen","og_site_name":"Uruloki :: Blog","article_publisher":"https:\/\/www.facebook.com\/uruloki.org","article_published_time":"2011-04-18T21:55:48+00:00","og_image":[{"url":"https:\/\/uruloki.org\/felipeblog\/images2011-1\/20110418-xmenfirstclass.jpg","type":"","width":"","height":""}],"author":"Uruloki","twitter_card":"summary_large_image","twitter_creator":"@uruloki","twitter_site":"@uruloki","twitter_misc":{"Escrito por":"Uruloki","Tiempo de lectura":"5 minutos"},"schema":{"@context":"https:\/\/schema.org","@graph":[{"@type":"WebPage","@id":"https:\/\/www.uruloki.org\/felipeblog\/cine\/pride-and-prejudice-and-zombies-ya-tiene-director-veremos-lo-que-dura-matt-reeves-vuelve-al-gnero-vamprico-con-la-carnicera-the-passage-imagen-y-spots-de-x-men-primera-gen","url":"https:\/\/www.uruloki.org\/felipeblog\/cine\/pride-and-prejudice-and-zombies-ya-tiene-director-veremos-lo-que-dura-matt-reeves-vuelve-al-gnero-vamprico-con-la-carnicera-the-passage-imagen-y-spots-de-x-men-primera-gen","name":"Pride and Prejudice and Zombies ya tiene director (veremos lo que dura), Matt Reeves vuelve al g&eacute;nero vamp&iacute;rico con la carnicer&iacute;a The Passage, imagen y spots de X-Men: primera generaci&oacute;n, Thomas Jane se une a Sylvester Stallone, que no dirigir&aacute; The Expendables 2, en Headshot, otro par m&aacute;s que se suman a The Hunger Games, Gravity no ser&aacute; rodada en 3D (pero si transformada) y The Avengers se pone en marcha el lunes que viene... - Uruloki :: Blog","isPartOf":{"@id":"https:\/\/www.uruloki.org\/felipeblog\/#website"},"primaryImageOfPage":{"@id":"https:\/\/www.uruloki.org\/felipeblog\/cine\/pride-and-prejudice-and-zombies-ya-tiene-director-veremos-lo-que-dura-matt-reeves-vuelve-al-gnero-vamprico-con-la-carnicera-the-passage-imagen-y-spots-de-x-men-primera-gen#primaryimage"},"image":{"@id":"https:\/\/www.uruloki.org\/felipeblog\/cine\/pride-and-prejudice-and-zombies-ya-tiene-director-veremos-lo-que-dura-matt-reeves-vuelve-al-gnero-vamprico-con-la-carnicera-the-passage-imagen-y-spots-de-x-men-primera-gen#primaryimage"},"thumbnailUrl":"https:\/\/uruloki.org\/felipeblog\/images2011-1\/20110418-xmenfirstclass.jpg","datePublished":"2011-04-18T21:55:48+00:00","dateModified":"2011-04-18T21:55:48+00:00","author":{"@id":"https:\/\/www.uruloki.org\/felipeblog\/#\/schema\/person\/ddba06ddaa27edf0c370460d05c51bb3"},"breadcrumb":{"@id":"https:\/\/www.uruloki.org\/felipeblog\/cine\/pride-and-prejudice-and-zombies-ya-tiene-director-veremos-lo-que-dura-matt-reeves-vuelve-al-gnero-vamprico-con-la-carnicera-the-passage-imagen-y-spots-de-x-men-primera-gen#breadcrumb"},"inLanguage":"es","potentialAction":[{"@type":"ReadAction","target":["https:\/\/www.uruloki.org\/felipeblog\/cine\/pride-and-prejudice-and-zombies-ya-tiene-director-veremos-lo-que-dura-matt-reeves-vuelve-al-gnero-vamprico-con-la-carnicera-the-passage-imagen-y-spots-de-x-men-primera-gen"]}]},{"@type":"ImageObject","inLanguage":"es","@id":"https:\/\/www.uruloki.org\/felipeblog\/cine\/pride-and-prejudice-and-zombies-ya-tiene-director-veremos-lo-que-dura-matt-reeves-vuelve-al-gnero-vamprico-con-la-carnicera-the-passage-imagen-y-spots-de-x-men-primera-gen#primaryimage","url":"https:\/\/uruloki.org\/felipeblog\/images2011-1\/20110418-xmenfirstclass.jpg","contentUrl":"https:\/\/uruloki.org\/felipeblog\/images2011-1\/20110418-xmenfirstclass.jpg"},{"@type":"BreadcrumbList","@id":"https:\/\/www.uruloki.org\/felipeblog\/cine\/pride-and-prejudice-and-zombies-ya-tiene-director-veremos-lo-que-dura-matt-reeves-vuelve-al-gnero-vamprico-con-la-carnicera-the-passage-imagen-y-spots-de-x-men-primera-gen#breadcrumb","itemListElement":[{"@type":"ListItem","position":1,"name":"Portada","item":"https:\/\/www.uruloki.org\/felipeblog"},{"@type":"ListItem","position":2,"name":"Pride and Prejudice and Zombies ya tiene director (veremos lo que dura), Matt Reeves vuelve al g&eacute;nero vamp&iacute;rico con la carnicer&iacute;a The Passage, imagen y spots de X-Men: primera generaci&oacute;n, Thomas Jane se une a Sylvester Stallone, que no dirigir&aacute; The Expendables 2, en Headshot, otro par m&aacute;s que se suman a The Hunger Games, Gravity no ser&aacute; rodada en 3D (pero si transformada) y The Avengers se pone en marcha el lunes que viene&#8230;"}]},{"@type":"WebSite","@id":"https:\/\/www.uruloki.org\/felipeblog\/#website","url":"https:\/\/www.uruloki.org\/felipeblog\/","name":"Uruloki :: Blog","description":"Blog de cine, terror, ciencia ficci\u00f3n, fantas\u00eda y c\u00f3mics","potentialAction":[{"@type":"SearchAction","target":{"@type":"EntryPoint","urlTemplate":"https:\/\/www.uruloki.org\/felipeblog\/?s={search_term_string}"},"query-input":{"@type":"PropertyValueSpecification","valueRequired":true,"valueName":"search_term_string"}}],"inLanguage":"es"},{"@type":"Person","@id":"https:\/\/www.uruloki.org\/felipeblog\/#\/schema\/person\/ddba06ddaa27edf0c370460d05c51bb3","name":"Uruloki","image":{"@type":"ImageObject","inLanguage":"es","@id":"https:\/\/www.uruloki.org\/felipeblog\/#\/schema\/person\/image\/","url":"https:\/\/secure.gravatar.com\/avatar\/68d5301c5f52ba88fd63f02c75b8c4d1b3c3fc4b21e2998a1e98c4b3a54d9f7c?s=96&d=mm&r=g","contentUrl":"https:\/\/secure.gravatar.com\/avatar\/68d5301c5f52ba88fd63f02c75b8c4d1b3c3fc4b21e2998a1e98c4b3a54d9f7c?s=96&d=mm&r=g","caption":"Uruloki"},"sameAs":["https:\/\/uruloki.org"],"url":"https:\/\/www.uruloki.org\/felipeblog\/author\/admin-2-2-2"}]}},"_links":{"self":[{"href":"https:\/\/www.uruloki.org\/felipeblog\/wp-json\/wp\/v2\/posts\/5586","targetHints":{"allow":["GET"]}}],"collection":[{"href":"https:\/\/www.uruloki.org\/felipeblog\/wp-json\/wp\/v2\/posts"}],"about":[{"href":"https:\/\/www.uruloki.org\/felipeblog\/wp-json\/wp\/v2\/types\/post"}],"author":[{"embeddable":true,"href":"https:\/\/www.uruloki.org\/felipeblog\/wp-json\/wp\/v2\/users\/28"}],"replies":[{"embeddable":true,"href":"https:\/\/www.uruloki.org\/felipeblog\/wp-json\/wp\/v2\/comments?post=5586"}],"version-history":[{"count":2,"href":"https:\/\/www.uruloki.org\/felipeblog\/wp-json\/wp\/v2\/posts\/5586\/revisions"}],"predecessor-version":[{"id":5588,"href":"https:\/\/www.uruloki.org\/felipeblog\/wp-json\/wp\/v2\/posts\/5586\/revisions\/5588"}],"wp:attachment":[{"href":"https:\/\/www.uruloki.org\/felipeblog\/wp-json\/wp\/v2\/media?parent=5586"}],"wp:term":[{"taxonomy":"category","embeddable":true,"href":"https:\/\/www.uruloki.org\/felipeblog\/wp-json\/wp\/v2\/categories?post=5586"},{"taxonomy":"post_tag","embeddable":true,"href":"https:\/\/www.uruloki.org\/felipeblog\/wp-json\/wp\/v2\/tags?post=5586"}],"curies":[{"name":"wp","href":"https:\/\/api.w.org\/{rel}","templated":true}]}}