{"id":5252,"date":"2011-02-05T01:46:29","date_gmt":"2011-02-05T00:46:29","guid":{"rendered":"https:\/\/uruloki.org\/felipeblog\/?p=5252"},"modified":"2011-02-05T01:46:29","modified_gmt":"2011-02-05T00:46:29","slug":"tres-candidatas-para-el-protagonista-femenino-de-superman-man-of-steel-y-o-sern-lois-lane-ralph-fiennes-suena-para-bond-23-eva-green-se-une-al-reparto-de-dark-shadows-loc","status":"publish","type":"post","link":"https:\/\/www.uruloki.org\/felipeblog\/cine\/tres-candidatas-para-el-protagonista-femenino-de-superman-man-of-steel-y-o-sern-lois-lane-ralph-fiennes-suena-para-bond-23-eva-green-se-une-al-reparto-de-dark-shadows-loc","title":{"rendered":"Tres candidatas para el protagonista femenino de Superman: Man of Steel (y o ser&aacute;n Lois Lane!), &iquest;Ralph Fiennes suena para Bond 23?, Eva Green se une al reparto de Dark Shadows, &quot;Locke &amp; Key&quot; cierra filas, James Cameron asegura que Tom Cruise se acerca y mucho a At the Mountains of Madness, ya tenemos nuevo guionista jefe para la segunda temporada de &quot;The Walking Dead&quot;&#8230;"},"content":{"rendered":"<p>Bueno, acabo de llegar a casa despu&eacute;s de ver <strong>127 horas<\/strong> (<em>127 Hours<\/em>, 2010) de <strong>Danny Boyle<\/strong> y&#8230; buf, peli dura, desagradable y agobiante. <strong>James Franco<\/strong> espectacular. &iquest;Rascar&aacute; algo? No lo creo. Tras este breve rese&ntilde;a recomend&aacute;ndoos ir al cine, momento de las noticias del d&iacute;a, que la cosa viene agitada y hago acto de presencia con m&aacute;s retraso del habitual.<\/p>\n<p>Punto primero de la noche. <a href=\"http:\/\/www.variety.com\/article\/VR1118031515?refCatId=13\" target=\"_blank\">Variety irrumpe en la sala<\/a> en modo avasallamiento  absoluto y echa por tierra de un plumazo, e imponiendo su valor de que todo lo que cuenta es verdad, <a href=\"https:\/\/uruloki.org\/felipeblog\/cine-de-ciencia-ficcin\/james-cameron-actualiza-el-estado-de-battle-angel-nuevo-pster-de-dylan-dog-the-stand-la-danza-de-la-muerte-apocalipsis-de-stephen-king-de-nuevo-al-cine-de-la-mano-de-warner\">esos rumores<\/a> que pon&iacute;an posibles candidatas al papel de <strong>Lois Lane<\/strong> en <strong>Superman: Man of Steel<\/strong> (2012) de <strong>Zack Snyder<\/strong>. El portal nos cuenta que <strong>Warner Bros.<\/strong> comienza la b&uacute;squeda de protagonistas femeninas para el retorno del hombre llegado de <strong>Krypton<\/strong>. Ojito&#8230; las actrices que paso a citar a continuaci&oacute;n luchan por ser la prota femenina pero ninguna de ellas  ser&aacute; <strong>Lois Lane<\/strong>! <strong>Alice Eve<\/strong>, <strong>Diane Kruger<\/strong> y <strong>Rosamund Pike<\/strong>, estas tres actrices son las que ahora mismo ocupan los primeros puestos para encarna a&#8230; buena pregunta para hacernos. &iquest;<strong>Lana Lang<\/strong>? La verdad, todas las presentadas son rubias y con el pelo liso. En fin, en el mismo art&iacute;culo <strong>Variety<\/strong> asegura que <strong>Warner Bros.<\/strong>, y seg&uacute;n indicaciones del gui&oacute;n escrito por <strong>David S. Goyer<\/strong> y la producci&oacute;n de <strong>Christopher Nolan<\/strong>, est&aacute;n ya tanteando actores para poner rostro al villano de la pel&iacute;cula. El rodaje arranca el pr&oacute;ximo verano, as&iacute; que todav&iacute;a tenemos muchos meses para darnos cabezazos contra la pared intentando encajar las piezas y saber qu&eacute; camino es el marcado por <strong>Nolan<\/strong> y <strong>Goyer<\/strong>.<\/p>\n<div class=\"video\"><object type=\"application\/x-shockwave-flash\" data=\"http:\/\/media.mtvnservices.com\/mgid:uma:video:mtv.com:619256?configParams=vid%3D619256%26uri%3Dmgid%3Auma%3Avideo%3Amtv.com%3A619256\" height=\"380\" width=\"625\"><param name=\"movie\" value=\"http:\/\/media.mtvnservices.com\/mgid:uma:video:mtv.com:619256?configParams=vid%3D619256%26uri%3Dmgid%3Auma%3Avideo%3Amtv.com%3A619256\" \/><param name=\"allowFullScreen\" value=\"true\" \/><\/object><\/div>\n<p>Y hablando de fichajes, otra ronda pero ahora en  modo breves. <a href=\"http:\/\/www.dailymail.co.uk\/tvshowbiz\/article-1353511\/Summer-Strallen-new-stage-version-Top-Hat-Tom-Chambers.html\" target=\"_blank\">Mail Online del Daily Mail nos suelta un rumor<\/a> que coloca &iquest;segundo candidato de peso para hacerse cargo del villano de <strong>Bond 23<\/strong> (2012) de <strong>Sam Mendes<\/strong>? Esto no queda claro, pero podr&iacute;a encajar para el caso de que <strong>Javier Bardem<\/strong> acabe diciendo que no a <strong>Eon Productions<\/strong> y compa&ntilde;&iacute;a. Cuenta esta web que <strong>Ralph Fiennes<\/strong>, cach&eacute; similar al de <strong>Bardem<\/strong> por carrera, interesa porque se busca un actor de gran habilidad y destreza  interpretativa para poder hacerse cargo del papel. Aunque la web indica que no es el mismo papel que el de <strong>Bardem<\/strong>, con esta descripci&oacute;n me extra&ntilde;ar&iacute;a que fuera para un secundario&#8230; tanto cach&eacute; para papeles de poco relumbre. Otro de los nombres que <strong>Mail Online<\/strong> dice que han tanteado es el de <strong>Kevin Spacey<\/strong>, pero ya ha sido descartado. La que si es ya una fija en <strong>Dark Shadows<\/strong> (2012) de <strong>Tim Burton<\/strong>, en pocos d&iacute;as el proyecto est&aacute; tomando buena forma, <a href=\"http:\/\/www.deadline.com\/2011\/02\/ultimate-bond-girl-eva-green-gets-dark-shadows-lead\/\" target=\"_blank\">nos la presenta Deadline.com<\/a>. Cuenta la web que <strong>Eva Green<\/strong>, genial, tiene todo lo que hay que tener para hacerse cargo del personaje protagonista femenino que plantar&aacute; cara a <strong>Barnab&aacute;s Collins<\/strong> (<strong>Johnny Depp<\/strong>). Aunque la negociaci&oacute;n no est&aacute; cerrada, estas cosas nunca se cancelan, <strong>Green<\/strong> ser&aacute; <strong>Angelique<\/strong>, una poderosa bruja que vive atormentada por su relaci&oacute;n de amor-odio con <strong>Barnab&aacute;s<\/strong>. Cierro este bloque de fichajes y posibles fichajes con <a href=\"http:\/\/www.deadline.com\/2011\/02\/jesse-mccartney-to-star-in-foxs-lock-key\/\" target=\"_blank\">otra noticia de Deadline.com<\/a>. <strong>Jesse McCartney<\/strong> ha sido contratado para ocupar el &uacute;ltimo puesto que quedaba libre en la adaptaci&oacute;n a televisi&oacute;n del c&oacute;mic de terror <strong>&quot;Locke &amp; Key&quot; <\/strong>de <strong>Joe Hill<\/strong>. <strong>McCartney<\/strong> encarnar&aacute; a <strong>Ty<\/strong>, el mayor de los hermanos <strong>Locke<\/strong> que acaban en la <strong>Keyhouse<\/strong>, esa peligrosa casa encantada. <strong>Nina Locke<\/strong> (<strong>Miranda Otto<\/strong>) y sus hijos <strong>Tyler<\/strong> (<strong>McCartney<\/strong>),   <strong>Kinsey<\/strong> (<strong>Sarah Bolger<\/strong>) y <strong>Bode<\/strong> (<strong>Skylar Gaertner<\/strong>) regresa a <strong>Keyhouse<\/strong> tras el brutal asesinado del patriarca de la familia, <strong>Rendell Locke<\/strong>&#8230;<\/p>\n<p>Habr&aacute; que ir echando el cierre. Primero recuperando <a href=\"http:\/\/moviesblog.mtv.com\/2011\/02\/03\/james-cameron-mountains-of-madness-tom-cruise\/\" target=\"_blank\">un breve comentario de James Cameron a MTV Movies Blog<\/a> donde el productor asegura que <strong>Tom Cruise<\/strong> est&aacute; muy cerca de cerrar un acuerdo para pasar a formar parte del reparto de <strong>At the Mountains of Madness<\/strong> (2012) de <strong>Guillermo del Toro<\/strong>. Indica <strong>Cameron<\/strong> &quot;<em>Tom quiere estar en la pel&iacute;cula. Creo que no tenemos todav&iacute;a un acuerdo con &eacute;l, pero esperamos que este se pueda cerrar muy pronto. Guillermo est&aacute; trabajando como un loco en el nuevo borrador del film. Esperamos estar rodando entre junio y julio de este a&ntilde;o<\/em>&quot;. Ah&iacute; queda eso. <a href=\"http:\/\/www.deadline.com\/2011\/02\/glen-mazzara-joins-walking-dead-as-ep-show-will-have-writing-staff-after-all\/\" target=\"_blank\">Deadline.com nos informa<\/a> que <strong>AMC<\/strong> ya tiene nuevo jefe de guionistas y segundo de abordo para la segunda temporada de<strong> &quot;The Walking Dead&quot;<\/strong> (2010-&iquest;?) junto a <strong>Frank Darabont<\/strong>. <strong>Glen Mazzara<\/strong> es el elegido y ahora tiene como misi&oacute;n juntar a 5 guionistas y ponerlos a trabajar. Tres meses despu&eacute;s de la extra&ntilde;a salida de todo el equipo creativo de la primera temporada de la serie, todo vuelve a tomar forma pero ahora con <strong>Mazzara<\/strong> en el puesto que ocupaba <strong>Charles  Eglee<\/strong>. Tercero y despedida, <strong>Rob Zombie<\/strong> vuelve a ponerse tras las c&aacute;maras. <a href=\"http:\/\/www.hollywoodreporter.com\/news\/rob-zombie-direct-lords-salem-96358\" target=\"_blank\">Heat Vision nos cuenta<\/a> que <strong>Zombie<\/strong> comenzar&aacute; pronto a rodar <strong>The Lords of Salem<\/strong> (2012). El film, escrito por el propio <strong>Rob Zombie<\/strong>, contar&aacute; como en una contempor&aacute;nea <strong>Salem<\/strong>, los habitantes del lugar reciben una demon&iacute;aca visita de un aquelarre de brujas de 300 a&ntilde;os de edad. Esperemos vuelva a sus mejor nivel, le hace falta.<\/p>\n<p><strong class=\"nota\">&nbsp;NOTA&nbsp;<\/strong> <a href=\"http:\/\/www.deadline.com\/2011\/02\/fox-reunites-real-steel-team-of-hugh-jackman-and-shawn-levy\/\" target=\"_blank\">Ojito a ese descubrimiento de Deadline.com<\/a>. <strong>20th Century Fox<\/strong> ha adquirido un gui&oacute;n de aventuras escrito por <strong>Carlton Cuse<\/strong> que dirigir&aacute; <strong>Shawn Levy<\/strong> y protagonizar&aacute; <strong>Hugh Jackman<\/strong>. Lo que mola es el tema <strong>Cuse<\/strong>&#8230; uno de los guionistas de <strong>&quot;Perdidos&quot;<\/strong> (<em>&quot;Lost&quot;<\/em>, 2004-2010).<\/p>\n","protected":false},"excerpt":{"rendered":"<p>Bueno, acabo de llegar a casa despu&eacute;s de ver 127 horas (127 Hours, 2010) de Danny Boyle y&#8230; buf, peli dura, desagradable y agobiante. James Franco espectacular. &iquest;Rascar&aacute; algo? No lo creo. Tras este breve rese&ntilde;a recomend&aacute;ndoos ir al cine, momento de las noticias del d&iacute;a, que la cosa viene agitada y hago acto de [&hellip;]<\/p>\n","protected":false},"author":28,"featured_media":0,"comment_status":"open","ping_status":"open","sticky":false,"template":"","format":"standard","meta":{"footnotes":""},"categories":[6,10,9,26],"tags":[491,933,428,195,240,1010],"class_list":["post-5252","post","type-post","status-publish","format-standard","hentry","category-cine","category-cine-de-comics","category-cine-de-terror","category-gdt","tag-at-the-mountains-of-madness","tag-bond-23","tag-dark-shadows","tag-locke-key","tag-superman-man-of-steel","tag-the-walking-dead"],"yoast_head":"<!-- This site is optimized with the Yoast SEO plugin v24.3 - https:\/\/yoast.com\/wordpress\/plugins\/seo\/ -->\n<title>Tres candidatas para el protagonista femenino de Superman: Man of Steel (y o ser&aacute;n Lois Lane!), &iquest;Ralph Fiennes suena para Bond 23?, Eva Green se une al reparto de Dark Shadows, &quot;Locke &amp; Key&quot; cierra filas, James Cameron asegura que Tom Cruise se acerca y mucho a At the Mountains of Madness, ya tenemos nuevo guionista jefe para la segunda temporada de &quot;The Walking Dead&quot;... - Uruloki :: Blog<\/title>\n<meta name=\"robots\" content=\"index, follow, max-snippet:-1, max-image-preview:large, max-video-preview:-1\" \/>\n<link rel=\"canonical\" href=\"https:\/\/www.uruloki.org\/felipeblog\/cine\/tres-candidatas-para-el-protagonista-femenino-de-superman-man-of-steel-y-o-sern-lois-lane-ralph-fiennes-suena-para-bond-23-eva-green-se-une-al-reparto-de-dark-shadows-loc\" \/>\n<meta property=\"og:locale\" content=\"es_ES\" \/>\n<meta property=\"og:type\" content=\"article\" \/>\n<meta property=\"og:title\" content=\"Tres candidatas para el protagonista femenino de Superman: Man of Steel (y o ser&aacute;n Lois Lane!), &iquest;Ralph Fiennes suena para Bond 23?, Eva Green se une al reparto de Dark Shadows, &quot;Locke &amp; Key&quot; cierra filas, James Cameron asegura que Tom Cruise se acerca y mucho a At the Mountains of Madness, ya tenemos nuevo guionista jefe para la segunda temporada de &quot;The Walking Dead&quot;... - Uruloki :: Blog\" \/>\n<meta property=\"og:description\" content=\"Bueno, acabo de llegar a casa despu&eacute;s de ver 127 horas (127 Hours, 2010) de Danny Boyle y&#8230; buf, peli dura, desagradable y agobiante. James Franco espectacular. &iquest;Rascar&aacute; algo? No lo creo. Tras este breve rese&ntilde;a recomend&aacute;ndoos ir al cine, momento de las noticias del d&iacute;a, que la cosa viene agitada y hago acto de [&hellip;]\" \/>\n<meta property=\"og:url\" content=\"https:\/\/www.uruloki.org\/felipeblog\/cine\/tres-candidatas-para-el-protagonista-femenino-de-superman-man-of-steel-y-o-sern-lois-lane-ralph-fiennes-suena-para-bond-23-eva-green-se-une-al-reparto-de-dark-shadows-loc\" \/>\n<meta property=\"og:site_name\" content=\"Uruloki :: Blog\" \/>\n<meta property=\"article:publisher\" content=\"https:\/\/www.facebook.com\/uruloki.org\" \/>\n<meta property=\"article:published_time\" content=\"2011-02-05T00:46:29+00:00\" \/>\n<meta name=\"author\" content=\"Uruloki\" \/>\n<meta name=\"twitter:card\" content=\"summary_large_image\" \/>\n<meta name=\"twitter:creator\" content=\"@uruloki\" \/>\n<meta name=\"twitter:site\" content=\"@uruloki\" \/>\n<meta name=\"twitter:label1\" content=\"Escrito por\" \/>\n\t<meta name=\"twitter:data1\" content=\"Uruloki\" \/>\n\t<meta name=\"twitter:label2\" content=\"Tiempo de lectura\" \/>\n\t<meta name=\"twitter:data2\" content=\"5 minutos\" \/>\n<script type=\"application\/ld+json\" class=\"yoast-schema-graph\">{\"@context\":\"https:\/\/schema.org\",\"@graph\":[{\"@type\":\"WebPage\",\"@id\":\"https:\/\/www.uruloki.org\/felipeblog\/cine\/tres-candidatas-para-el-protagonista-femenino-de-superman-man-of-steel-y-o-sern-lois-lane-ralph-fiennes-suena-para-bond-23-eva-green-se-une-al-reparto-de-dark-shadows-loc\",\"url\":\"https:\/\/www.uruloki.org\/felipeblog\/cine\/tres-candidatas-para-el-protagonista-femenino-de-superman-man-of-steel-y-o-sern-lois-lane-ralph-fiennes-suena-para-bond-23-eva-green-se-une-al-reparto-de-dark-shadows-loc\",\"name\":\"Tres candidatas para el protagonista femenino de Superman: Man of Steel (y o ser&aacute;n Lois Lane!), &iquest;Ralph Fiennes suena para Bond 23?, Eva Green se une al reparto de Dark Shadows, &quot;Locke &amp; Key&quot; cierra filas, James Cameron asegura que Tom Cruise se acerca y mucho a At the Mountains of Madness, ya tenemos nuevo guionista jefe para la segunda temporada de &quot;The Walking Dead&quot;... - Uruloki :: Blog\",\"isPartOf\":{\"@id\":\"https:\/\/www.uruloki.org\/felipeblog\/#website\"},\"datePublished\":\"2011-02-05T00:46:29+00:00\",\"dateModified\":\"2011-02-05T00:46:29+00:00\",\"author\":{\"@id\":\"https:\/\/www.uruloki.org\/felipeblog\/#\/schema\/person\/ddba06ddaa27edf0c370460d05c51bb3\"},\"breadcrumb\":{\"@id\":\"https:\/\/www.uruloki.org\/felipeblog\/cine\/tres-candidatas-para-el-protagonista-femenino-de-superman-man-of-steel-y-o-sern-lois-lane-ralph-fiennes-suena-para-bond-23-eva-green-se-une-al-reparto-de-dark-shadows-loc#breadcrumb\"},\"inLanguage\":\"es\",\"potentialAction\":[{\"@type\":\"ReadAction\",\"target\":[\"https:\/\/www.uruloki.org\/felipeblog\/cine\/tres-candidatas-para-el-protagonista-femenino-de-superman-man-of-steel-y-o-sern-lois-lane-ralph-fiennes-suena-para-bond-23-eva-green-se-une-al-reparto-de-dark-shadows-loc\"]}]},{\"@type\":\"BreadcrumbList\",\"@id\":\"https:\/\/www.uruloki.org\/felipeblog\/cine\/tres-candidatas-para-el-protagonista-femenino-de-superman-man-of-steel-y-o-sern-lois-lane-ralph-fiennes-suena-para-bond-23-eva-green-se-une-al-reparto-de-dark-shadows-loc#breadcrumb\",\"itemListElement\":[{\"@type\":\"ListItem\",\"position\":1,\"name\":\"Portada\",\"item\":\"https:\/\/www.uruloki.org\/felipeblog\"},{\"@type\":\"ListItem\",\"position\":2,\"name\":\"Tres candidatas para el protagonista femenino de Superman: Man of Steel (y o ser&aacute;n Lois Lane!), &iquest;Ralph Fiennes suena para Bond 23?, Eva Green se une al reparto de Dark Shadows, &quot;Locke &amp; Key&quot; cierra filas, James Cameron asegura que Tom Cruise se acerca y mucho a At the Mountains of Madness, ya tenemos nuevo guionista jefe para la segunda temporada de &quot;The Walking Dead&quot;&#8230;\"}]},{\"@type\":\"WebSite\",\"@id\":\"https:\/\/www.uruloki.org\/felipeblog\/#website\",\"url\":\"https:\/\/www.uruloki.org\/felipeblog\/\",\"name\":\"Uruloki :: Blog\",\"description\":\"Blog de cine, terror, ciencia ficci\u00f3n, fantas\u00eda y c\u00f3mics\",\"potentialAction\":[{\"@type\":\"SearchAction\",\"target\":{\"@type\":\"EntryPoint\",\"urlTemplate\":\"https:\/\/www.uruloki.org\/felipeblog\/?s={search_term_string}\"},\"query-input\":{\"@type\":\"PropertyValueSpecification\",\"valueRequired\":true,\"valueName\":\"search_term_string\"}}],\"inLanguage\":\"es\"},{\"@type\":\"Person\",\"@id\":\"https:\/\/www.uruloki.org\/felipeblog\/#\/schema\/person\/ddba06ddaa27edf0c370460d05c51bb3\",\"name\":\"Uruloki\",\"image\":{\"@type\":\"ImageObject\",\"inLanguage\":\"es\",\"@id\":\"https:\/\/www.uruloki.org\/felipeblog\/#\/schema\/person\/image\/\",\"url\":\"https:\/\/secure.gravatar.com\/avatar\/68d5301c5f52ba88fd63f02c75b8c4d1b3c3fc4b21e2998a1e98c4b3a54d9f7c?s=96&d=mm&r=g\",\"contentUrl\":\"https:\/\/secure.gravatar.com\/avatar\/68d5301c5f52ba88fd63f02c75b8c4d1b3c3fc4b21e2998a1e98c4b3a54d9f7c?s=96&d=mm&r=g\",\"caption\":\"Uruloki\"},\"sameAs\":[\"https:\/\/uruloki.org\"],\"url\":\"https:\/\/www.uruloki.org\/felipeblog\/author\/admin-2-2-2\"}]}<\/script>\n<!-- \/ Yoast SEO plugin. -->","yoast_head_json":{"title":"Tres candidatas para el protagonista femenino de Superman: Man of Steel (y o ser&aacute;n Lois Lane!), &iquest;Ralph Fiennes suena para Bond 23?, Eva Green se une al reparto de Dark Shadows, &quot;Locke &amp; Key&quot; cierra filas, James Cameron asegura que Tom Cruise se acerca y mucho a At the Mountains of Madness, ya tenemos nuevo guionista jefe para la segunda temporada de &quot;The Walking Dead&quot;... - Uruloki :: Blog","robots":{"index":"index","follow":"follow","max-snippet":"max-snippet:-1","max-image-preview":"max-image-preview:large","max-video-preview":"max-video-preview:-1"},"canonical":"https:\/\/www.uruloki.org\/felipeblog\/cine\/tres-candidatas-para-el-protagonista-femenino-de-superman-man-of-steel-y-o-sern-lois-lane-ralph-fiennes-suena-para-bond-23-eva-green-se-une-al-reparto-de-dark-shadows-loc","og_locale":"es_ES","og_type":"article","og_title":"Tres candidatas para el protagonista femenino de Superman: Man of Steel (y o ser&aacute;n Lois Lane!), &iquest;Ralph Fiennes suena para Bond 23?, Eva Green se une al reparto de Dark Shadows, &quot;Locke &amp; Key&quot; cierra filas, James Cameron asegura que Tom Cruise se acerca y mucho a At the Mountains of Madness, ya tenemos nuevo guionista jefe para la segunda temporada de &quot;The Walking Dead&quot;... - Uruloki :: Blog","og_description":"Bueno, acabo de llegar a casa despu&eacute;s de ver 127 horas (127 Hours, 2010) de Danny Boyle y&#8230; buf, peli dura, desagradable y agobiante. James Franco espectacular. &iquest;Rascar&aacute; algo? No lo creo. Tras este breve rese&ntilde;a recomend&aacute;ndoos ir al cine, momento de las noticias del d&iacute;a, que la cosa viene agitada y hago acto de [&hellip;]","og_url":"https:\/\/www.uruloki.org\/felipeblog\/cine\/tres-candidatas-para-el-protagonista-femenino-de-superman-man-of-steel-y-o-sern-lois-lane-ralph-fiennes-suena-para-bond-23-eva-green-se-une-al-reparto-de-dark-shadows-loc","og_site_name":"Uruloki :: Blog","article_publisher":"https:\/\/www.facebook.com\/uruloki.org","article_published_time":"2011-02-05T00:46:29+00:00","author":"Uruloki","twitter_card":"summary_large_image","twitter_creator":"@uruloki","twitter_site":"@uruloki","twitter_misc":{"Escrito por":"Uruloki","Tiempo de lectura":"5 minutos"},"schema":{"@context":"https:\/\/schema.org","@graph":[{"@type":"WebPage","@id":"https:\/\/www.uruloki.org\/felipeblog\/cine\/tres-candidatas-para-el-protagonista-femenino-de-superman-man-of-steel-y-o-sern-lois-lane-ralph-fiennes-suena-para-bond-23-eva-green-se-une-al-reparto-de-dark-shadows-loc","url":"https:\/\/www.uruloki.org\/felipeblog\/cine\/tres-candidatas-para-el-protagonista-femenino-de-superman-man-of-steel-y-o-sern-lois-lane-ralph-fiennes-suena-para-bond-23-eva-green-se-une-al-reparto-de-dark-shadows-loc","name":"Tres candidatas para el protagonista femenino de Superman: Man of Steel (y o ser&aacute;n Lois Lane!), &iquest;Ralph Fiennes suena para Bond 23?, Eva Green se une al reparto de Dark Shadows, &quot;Locke &amp; Key&quot; cierra filas, James Cameron asegura que Tom Cruise se acerca y mucho a At the Mountains of Madness, ya tenemos nuevo guionista jefe para la segunda temporada de &quot;The Walking Dead&quot;... - Uruloki :: Blog","isPartOf":{"@id":"https:\/\/www.uruloki.org\/felipeblog\/#website"},"datePublished":"2011-02-05T00:46:29+00:00","dateModified":"2011-02-05T00:46:29+00:00","author":{"@id":"https:\/\/www.uruloki.org\/felipeblog\/#\/schema\/person\/ddba06ddaa27edf0c370460d05c51bb3"},"breadcrumb":{"@id":"https:\/\/www.uruloki.org\/felipeblog\/cine\/tres-candidatas-para-el-protagonista-femenino-de-superman-man-of-steel-y-o-sern-lois-lane-ralph-fiennes-suena-para-bond-23-eva-green-se-une-al-reparto-de-dark-shadows-loc#breadcrumb"},"inLanguage":"es","potentialAction":[{"@type":"ReadAction","target":["https:\/\/www.uruloki.org\/felipeblog\/cine\/tres-candidatas-para-el-protagonista-femenino-de-superman-man-of-steel-y-o-sern-lois-lane-ralph-fiennes-suena-para-bond-23-eva-green-se-une-al-reparto-de-dark-shadows-loc"]}]},{"@type":"BreadcrumbList","@id":"https:\/\/www.uruloki.org\/felipeblog\/cine\/tres-candidatas-para-el-protagonista-femenino-de-superman-man-of-steel-y-o-sern-lois-lane-ralph-fiennes-suena-para-bond-23-eva-green-se-une-al-reparto-de-dark-shadows-loc#breadcrumb","itemListElement":[{"@type":"ListItem","position":1,"name":"Portada","item":"https:\/\/www.uruloki.org\/felipeblog"},{"@type":"ListItem","position":2,"name":"Tres candidatas para el protagonista femenino de Superman: Man of Steel (y o ser&aacute;n Lois Lane!), &iquest;Ralph Fiennes suena para Bond 23?, Eva Green se une al reparto de Dark Shadows, &quot;Locke &amp; Key&quot; cierra filas, James Cameron asegura que Tom Cruise se acerca y mucho a At the Mountains of Madness, ya tenemos nuevo guionista jefe para la segunda temporada de &quot;The Walking Dead&quot;&#8230;"}]},{"@type":"WebSite","@id":"https:\/\/www.uruloki.org\/felipeblog\/#website","url":"https:\/\/www.uruloki.org\/felipeblog\/","name":"Uruloki :: Blog","description":"Blog de cine, terror, ciencia ficci\u00f3n, fantas\u00eda y c\u00f3mics","potentialAction":[{"@type":"SearchAction","target":{"@type":"EntryPoint","urlTemplate":"https:\/\/www.uruloki.org\/felipeblog\/?s={search_term_string}"},"query-input":{"@type":"PropertyValueSpecification","valueRequired":true,"valueName":"search_term_string"}}],"inLanguage":"es"},{"@type":"Person","@id":"https:\/\/www.uruloki.org\/felipeblog\/#\/schema\/person\/ddba06ddaa27edf0c370460d05c51bb3","name":"Uruloki","image":{"@type":"ImageObject","inLanguage":"es","@id":"https:\/\/www.uruloki.org\/felipeblog\/#\/schema\/person\/image\/","url":"https:\/\/secure.gravatar.com\/avatar\/68d5301c5f52ba88fd63f02c75b8c4d1b3c3fc4b21e2998a1e98c4b3a54d9f7c?s=96&d=mm&r=g","contentUrl":"https:\/\/secure.gravatar.com\/avatar\/68d5301c5f52ba88fd63f02c75b8c4d1b3c3fc4b21e2998a1e98c4b3a54d9f7c?s=96&d=mm&r=g","caption":"Uruloki"},"sameAs":["https:\/\/uruloki.org"],"url":"https:\/\/www.uruloki.org\/felipeblog\/author\/admin-2-2-2"}]}},"_links":{"self":[{"href":"https:\/\/www.uruloki.org\/felipeblog\/wp-json\/wp\/v2\/posts\/5252","targetHints":{"allow":["GET"]}}],"collection":[{"href":"https:\/\/www.uruloki.org\/felipeblog\/wp-json\/wp\/v2\/posts"}],"about":[{"href":"https:\/\/www.uruloki.org\/felipeblog\/wp-json\/wp\/v2\/types\/post"}],"author":[{"embeddable":true,"href":"https:\/\/www.uruloki.org\/felipeblog\/wp-json\/wp\/v2\/users\/28"}],"replies":[{"embeddable":true,"href":"https:\/\/www.uruloki.org\/felipeblog\/wp-json\/wp\/v2\/comments?post=5252"}],"version-history":[{"count":1,"href":"https:\/\/www.uruloki.org\/felipeblog\/wp-json\/wp\/v2\/posts\/5252\/revisions"}],"predecessor-version":[{"id":5253,"href":"https:\/\/www.uruloki.org\/felipeblog\/wp-json\/wp\/v2\/posts\/5252\/revisions\/5253"}],"wp:attachment":[{"href":"https:\/\/www.uruloki.org\/felipeblog\/wp-json\/wp\/v2\/media?parent=5252"}],"wp:term":[{"taxonomy":"category","embeddable":true,"href":"https:\/\/www.uruloki.org\/felipeblog\/wp-json\/wp\/v2\/categories?post=5252"},{"taxonomy":"post_tag","embeddable":true,"href":"https:\/\/www.uruloki.org\/felipeblog\/wp-json\/wp\/v2\/tags?post=5252"}],"curies":[{"name":"wp","href":"https:\/\/api.w.org\/{rel}","templated":true}]}}