{"id":4987,"date":"2010-12-10T21:24:21","date_gmt":"2010-12-10T20:24:21","guid":{"rendered":"https:\/\/uruloki.org\/felipeblog\/?p=4987"},"modified":"2010-12-10T21:24:21","modified_gmt":"2010-12-10T20:24:21","slug":"el-primer-cartel-de-thor-ya-est-aqu-y-pronto-el-primer-trailer-spider-man-3d-ya-tiene-flash-thompson-e-hijo-del-doctor-connors-incarceron-ya-ha-encerrado-a-su-protagonista-iquest","status":"publish","type":"post","link":"https:\/\/www.uruloki.org\/felipeblog\/cine-de-ciencia-ficcion\/el-primer-cartel-de-thor-ya-est-aqu-y-pronto-el-primer-trailer-spider-man-3d-ya-tiene-flash-thompson-e-hijo-del-doctor-connors-incarceron-ya-ha-encerrado-a-su-protagonista-iquest","title":{"rendered":"El primer cartel de Thor ya est&aacute; aqu&iacute; (y pronto el primer trailer), Spider-Man 3D ya tiene Flash Thompson e hijo del doctor Connors, Incarceron ya ha encerrado a su protagonista, &iquest;os encaja Anne Hathaway como Barbarella?, el nuevo trailer de la terror&iacute;fica The Rite, sinopsis de X-Men: First Class y Matt Damon suena para unirse a Elysium&#8230;"},"content":{"rendered":"<p>Bueno, las noticias del d&iacute;a, y pese a ser viernes, se han visto un pel&iacute;n desplazadas por dos razones de peso. La primera ha sido la <a href=\"https:\/\/uruloki.org\/felipeblog\/opinion\/el-ao-de-la-plaga-de-marc-pastor-opinin\">opini&oacute;n sobre la &uacute;ltima novela que me he le&iacute;do, la muy recomendable &quot;El a&ntilde;o de la plaga&quot; de Marc Pastor<\/a>, y la segunda porque hoy era el d&iacute;a marcado para celebrar el <strong>Vigesimoprimer Concurso Uruloki: Eclipse<\/strong>. Bueno antes de ponerme con las noticias del d&iacute;a, algunas muy interesantes, os comento que me embarco en una nueva aventura, digo yo que alguna tiene que salirme bien. Esta vez se trata de un proyecto en el que dar&eacute; lo mejor de mi junto a <strong>Sony Ericsson<\/strong> y <strong>Roberto Pastor<\/strong>, uno de los integrantes del conocido y gamberro podcast <a href=\"http:\/\/www.kafelog.com\/\" target=\"_blank\">Kafelog<\/a>. El tema es que dando rienda suelta a nuestra conocida afici&oacute;n por el mundo del celuloide vamos a hablar largo y tendido sobre cine en los dos canales de comunicaci&oacute;n m&aacute;s importantes del momento: <strong>Facebook<\/strong> y <strong>Twitter<\/strong>. Por lo tanto, de manera  frecuente  iremos ofreci&eacute;ndoos las &uacute;ltimas noticias  que se produzcan para que est&eacute;is al tanto en todo momento. El canal <strong>Facebook<\/strong> pod&eacute;is seguirlo en <a href=\"http:\/\/www.facebook.com\/pages\/Uruloki-y-Roberto-Pastor-para-Sony-Ericsson\/102189963186467\" target=\"_blank\">Uruloki y Roberto Pastor para Sony Ericsson<\/a> mientras que el de <strong>Twitter<\/strong> lo ten&eacute;is disponible en <a href=\"http:\/\/twitter.com\/#!\/cinebySE\" target=\"_blank\">Cine by SE<\/a>. Y mucho ojo, porque esto es algo m&aacute;s que una fuente de noticias&#8230;  habr&aacute; entrevistas, videos, y muchos regalos para todos los que os anim&eacute;is a seguirnos a partir de ahora. Momento de las &uacute;ltimas sorpresas llegadas del otro lado del charco! <\/p>\n<p>Pong&aacute;monos en marcha con la presentaci&oacute;n del primer cartel, al fin, de <a href=\"http:\/\/www.imdb.es\/title\/tt0800369\/\" target=\"_blank\">Thor<\/a> (2011) de <a href=\"http:\/\/www.imdb.es\/name\/nm0000110\/\" target=\"_blank\">Kenneth Branagh<\/a>. <a href=\"http:\/\/movies.yahoo.com\/photos\/movie-stills\/gallery\/2588\/thor-stills#info\" target=\"_blank\">Ha aparecido en Yahoo! Movies<\/a> y&#8230; bueno, mola un huevo pero tampoco resulta tan sorprendente como esperaba. Eso si, ese juego blanco y negro con el rojo que marca la diferencia se sale al igual que ocurriera con <a href=\"http:\/\/www.imdb.es\/title\/tt0401792\/\" target=\"_blank\">Sin City: ciudad del pecado<\/a> (Sin City, 2005) o <a href=\"http:\/\/www.imdb.es\/title\/tt0831887\/\" target=\"_blank\">The Spirit<\/a> (2008). Pulsando sobre el cartel lo podr&eacute;is ver en formato <em>king-size<\/em>, que es como m&aacute;s mola! Y mucho ojo, porque de aqu&iacute; a unas horas tendremos el primer trailer oficial de la pel&iacute;cula&#8230; habr&aacute; que estar muy atento.<\/p>\n<p class=\"centrado\"><a href=\"https:\/\/uruloki.org\/felipeblog\/images2010-2\/20101210-thorteaser.jpg\" target=\"_blank\" onclick=\"return false;\" rel=\"shadowbox\"><img loading=\"lazy\" decoding=\"async\" src=\"https:\/\/uruloki.org\/felipeblog\/images2010-2\/20101210-thorteaser-mini.jpg\" alt=\"Primer teaser p&oacute;ster de Thor\" width=\"405\" height=\"600\" border=\"0\" \/><\/a><br \/>\n<em>Primer teaser p&oacute;ster de Thor limpio de polvo y paja<\/em><\/p>\n<p>Sigamos con las sorpresas de este viernes en forma de fichajes y rumores. Lo fichajes afectan un par de ellos a <a href=\"http:\/\/www.imdb.es\/title\/tt0948470\/\" target=\"_blank\">Spider-Man 3D<\/a> (2012) de <a href=\"http:\/\/www.imdb.es\/name\/nm1989536\/\" target=\"_blank\">Marc Webb<\/a>. Con el rodaje reci&eacute;n iniciado, ya hay por ah&iacute; las primeras im&aacute;genes de <strong>Gwen Stacy<\/strong> (<a href=\"http:\/\/www.imdb.es\/name\/nm1297015\/\" target=\"_blank\">Emma Stone<\/a>), hoy <a href=\"http:\/\/www.thewrap.com\/deal-central\/column-post\/confirmed-chris-zylka-play-flash-thompson-spider-man-23150\" target=\"_blank\">TheWrap.com por un lado<\/a> y <a href=\"http:\/\/www.superherohype.com\/news\/articles\/112063-exclusive-son-of-dr-curt-connors-cast-in-spider-man\" target=\"_blank\">Superhero Hype! por el otro<\/a> nos informa que <a href=\"http:\/\/www.imdb.es\/name\/nm3024712\/\" target=\"_blank\">Chris Zylka<\/a>, <a href=\"https:\/\/uruloki.org\/felipeblog\/cine-de-ciencia-ficcin\/da-wtf-the-dark-knight-rises-el-ltimo-de-nolan-bale-y-podra-tomar-como-base-batman-prey-underworld-4-new-dawn-ya-tiene-ttulo-y-sinopsis-el-p\">rumoreado no hace mucho<\/a>, es el elegido para encarnar a <strong>Flash Thompson<\/strong>, compa&ntilde;ero de clase de <strong>Peter Parker<\/strong> (<a href=\"http:\/\/www.imdb.es\/name\/nm1940449\/\" target=\"_blank\">Andrew Garfield<\/a>) y persona que se dedica a patear el culo de este siempre que puede, y que el debutante <strong>Miles Elliot<\/strong> ha sido contratado para ponerse en la piel de <strong>Billy Connors<\/strong>, hijo del doctor <strong>Curt Connors<\/strong> \/ <strong>El Lagarto<\/strong>, encarnado por <a href=\"http:\/\/www.imdb.es\/name\/nm0406975\/\" target=\"_blank\">Rhys Ifans<\/a>. Por lo tanto, poco a poco se siguen confirmando los supuestos sobre todos los personajes y posibles acontecimientos de la historia que nos contar&aacute;n. El otro casi fichaje de la jornada nos lo pone <a href=\"http:\/\/www.deadline.com\/2010\/12\/fox-2000-in-taylor-lautner-deal-for-incarceron\/\" target=\"_blank\">Deadline.com indicando<\/a> que <a href=\"http:\/\/www.imdb.es\/name\/nm1210124\/\" target=\"_blank\">Taylor Lautner<\/a>, uno de los fijos en la saga de los vampiros brillantes <strong>Crep&uacute;sculo<\/strong>, ha si contratado para protagonizar <a href=\"http:\/\/www.imdb.es\/title\/tt1610486\/\" target=\"_blank\">Incarceron<\/a> (2013), la adaptaci&oacute;n al cine de la serie de novelas de fantas&iacute;a escritas por <strong>Catherine Fisher<\/strong> y que prepara <strong>Fox 2000<\/strong>. El film est&aacute; siendo escrito por <a href=\"http:\/\/www.imdb.es\/name\/nm0177836\/\" target=\"_blank\">Adam Cooper<\/a> y <a href=\"http:\/\/www.imdb.es\/name\/nm0171651\/\" target=\"_blank\">Bill Collage<\/a>, par que tambi&eacute;n trabaja en el fantasioso <a href=\"http:\/\/www.imdb.es\/title\/tt1297471\/\" target=\"_blank\">Moby Dick<\/a> (&iquest;?) que pretende dirigir <a href=\"http:\/\/www.imdb.es\/name\/nm0067457\/\" target=\"_blank\">Timur Bekmambetov<\/a>. <a href=\"https:\/\/uruloki.org\/felipeblog\/cine-de-ciencia-ficcin\/guillermo-del-toro-tiene-sobre-la-mesa-la-propuesta-de-hacer-the-hobbit-en-3-d-la-ciencia-ficcin-fantstica-de-incarceron-al-cine-drive-angry-cierra-filas-nueva-imagen-de\">En marzo de este a&ntilde;o tuvimos las primeras noticias<\/a> sobre el proyecto, que nos presenta  una prisi&oacute;n futurista, oculta a la vista y donde los descendientes de  los prisioneros originales viven, o tratan de hacerlo, en una sociedad  donde predomina la rivalidad y la barbarie. En este edificio de  siniestra alta tecnolog&iacute;a, sus habitantes, entre ellos nuestro  protagonista <strong>Finn<\/strong> (<strong>Taylor Lautner<\/strong>), desconocen que existe un mundo exterior. Pero todo cambiar&aacute; el d&iacute;a que <strong>Finn<\/strong> encuentre una llave que le permite ponerse en contacto con <strong>Claudia<\/strong>&hellip;  sorprendente habitante del real mundo exterior, anclado en el siglo  XVII, hija del alcaide de la prisi&oacute;n, y con la que maquinar&aacute; su fuga de <strong>Incarceron<\/strong>. El<a href=\"http:\/\/twitter.com\/#!\/pajiba\/status\/13029338400169984\" target=\"_blank\"> rumor, ligero y seguramente pasajero, sale del Twitter de Pajiba<\/a> y pone a <a href=\"http:\/\/www.imdb.es\/name\/nm0004266\/\" target=\"_blank\">Anne Hathaway<\/a> como futurible <strong>Barbarella<\/strong> en el <em>remake<\/em> que se supon&iacute;a muerto tras el ya lejano abandono de <a href=\"http:\/\/www.imdb.es\/name\/nm0001675\/\" target=\"_blank\">Robert Rodriguez<\/a>.<\/p>\n<div class=\"video\"><object type=\"application\/x-shockwave-flash\" data=\"http:\/\/www.youtube.com\/v\/6RZoROCTSxA?fs=1&amp;hl=es_ES\" height=\"324\" width=\"625\"><param name=\"movie\" value=\"http:\/\/www.youtube.com\/v\/6RZoROCTSxA?fs=1&amp;hl=es_ES\" \/><param name=\"allowFullScreen\" value=\"true\" \/><\/object><\/div>\n<p>Aqu&iacute; arriba os dejo el nuevo trailer de <a href=\"http:\/\/www.imdb.es\/title\/tt1161864\/\" target=\"_blank\">The Rite<\/a> (2011) de <a href=\"http:\/\/www.imdb.es\/name\/nm0405632\/\" target=\"_blank\">Mikael H&aring;fstr&ouml;m<\/a>. Protagonizado por <a href=\"http:\/\/www.imdb.es\/name\/nm0000164\/\" target=\"_blank\">Anthony Hopkins<\/a>, <a href=\"http:\/\/www.imdb.es\/name\/nm1524440\/\" target=\"_blank\">Colin O&#8217;Donoghue<\/a> y <a href=\"http:\/\/www.imdb.es\/name\/nm0103797\/\" target=\"_blank\">Alice Braga<\/a> este nuevo avance aporta m&aacute;s dosis de terror que las vistas en el primero de los trailers que sac&oacute; a la luz <strong>New Line Cinema<\/strong>. No pinta mal. <a href=\"http:\/\/trailers.apple.com\/trailers\/wb\/therite\/\" target=\"_blank\">Pod&eacute;is verlo en HD en iTunes Movie Trailers<\/a>. Hora de dejaros con la primera sinopsis oficial de <a href=\"http:\/\/www.imdb.es\/title\/tt1270798\/\" target=\"_blank\">X-Men: First Class<\/a> (2011) de <a href=\"http:\/\/www.imdb.es\/name\/nm0891216\/\" target=\"_blank\">Matthew Vaughn<\/a> aparecida en <a href=\"http:\/\/www.comicscontinuum.com\/stories\/1012\/10\/index.htm\" target=\"_blank\">Comics Continuum<\/a> y proporcionada, aparentemente, por <strong>20th Century Fox<\/strong>.<\/p>\n<blockquote><p>X-Men: First Class marca el &eacute;pico inicio de la saga X-Men y revela una historia famosa de eventos globales. Antes de que los mutantes se dieran a conocer al mundo, y antes de que Charles Xavier y Erik Lensherr adoptaran los nombres de Profesor X y Magneto, fueron dos j&oacute;venes que descubrieron sus poderes por primera vez. Antes de ser archienemigos fueron buenos amigos que trabajaron juntos y con otros mutantes (algunos familiares y otros desconocidos) para evitar el Armaged&oacute;n. En el proceso, una profunda brecha se abri&oacute; entre ellos y comenz&oacute; la eterna  guerra que enfrent&oacute; a la Hermandad de Mutantes Diab&oacute;licos de Magneto y la Patrulla X del Profesor X.<\/p><\/blockquote>\n<p>La despedida por hoy la pone <a href=\"http:\/\/www.deadline.com\/2010\/12\/matt-damon-in-talks-to-join-neill-blomkamps-elysium\/\" target=\"_blank\">una &uacute;ltima hora ofrecida por Deadline.com<\/a> que coloca a <a href=\"http:\/\/www.imdb.es\/name\/nm0000354\/\" target=\"_blank\">Matt Damon<\/a> en la estala de <a href=\"http:\/\/www.imdb.es\/title\/tt1535108\/\" target=\"_blank\">Elysium<\/a> (&iquest;?) de <a href=\"http:\/\/www.imdb.es\/name\/nm0088955\/\" target=\"_blank\">Neill Blomkamp<\/a>. Parece ser que <strong>Damon<\/strong> est&aacute; en las primeras fases de negociaci&oacute;n para sumarse a <a href=\"http:\/\/www.imdb.es\/name\/nm1663205\/\" target=\"_blank\">Sharlto Copley<\/a> en el nuevo proyecto de ciencia ficci&oacute;n del director de <a href=\"http:\/\/www.imdb.es\/title\/tt1136608\/\" target=\"_blank\">Distrito 9<\/a> (<em>District 9<\/em>, 2009).<\/p>\n","protected":false},"excerpt":{"rendered":"<p>Bueno, las noticias del d&iacute;a, y pese a ser viernes, se han visto un pel&iacute;n desplazadas por dos razones de peso. La primera ha sido la opini&oacute;n sobre la &uacute;ltima novela que me he le&iacute;do, la muy recomendable &quot;El a&ntilde;o de la plaga&quot; de Marc Pastor, y la segunda porque hoy era el d&iacute;a marcado [&hellip;]<\/p>\n","protected":false},"author":28,"featured_media":0,"comment_status":"open","ping_status":"open","sticky":false,"template":"","format":"standard","meta":{"footnotes":""},"categories":[10,8,9],"tags":[503,1576,1232,1582,1227,232,1192,550],"class_list":["post-4987","post","type-post","status-publish","format-standard","hentry","category-cine-de-comics","category-cine-de-ciencia-ficcion","category-cine-de-terror","tag-barbarella","tag-elysium","tag-incarceron","tag-spider-man-3d","tag-the-rite","tag-thor","tag-ultimate-spider-man","tag-x-men-first-class"],"yoast_head":"<!-- This site is optimized with the Yoast SEO plugin v24.3 - https:\/\/yoast.com\/wordpress\/plugins\/seo\/ -->\n<title>El primer cartel de Thor ya est&aacute; aqu&iacute; (y pronto el primer trailer), Spider-Man 3D ya tiene Flash Thompson e hijo del doctor Connors, Incarceron ya ha encerrado a su protagonista, &iquest;os encaja Anne Hathaway como Barbarella?, el nuevo trailer de la terror&iacute;fica The Rite, sinopsis de X-Men: First Class y Matt Damon suena para unirse a Elysium... - Uruloki :: Blog<\/title>\n<meta name=\"robots\" content=\"index, follow, max-snippet:-1, max-image-preview:large, max-video-preview:-1\" \/>\n<link rel=\"canonical\" href=\"https:\/\/www.uruloki.org\/felipeblog\/cine-de-ciencia-ficcion\/el-primer-cartel-de-thor-ya-est-aqu-y-pronto-el-primer-trailer-spider-man-3d-ya-tiene-flash-thompson-e-hijo-del-doctor-connors-incarceron-ya-ha-encerrado-a-su-protagonista-iquest\" \/>\n<meta property=\"og:locale\" content=\"es_ES\" \/>\n<meta property=\"og:type\" content=\"article\" \/>\n<meta property=\"og:title\" content=\"El primer cartel de Thor ya est&aacute; aqu&iacute; (y pronto el primer trailer), Spider-Man 3D ya tiene Flash Thompson e hijo del doctor Connors, Incarceron ya ha encerrado a su protagonista, &iquest;os encaja Anne Hathaway como Barbarella?, el nuevo trailer de la terror&iacute;fica The Rite, sinopsis de X-Men: First Class y Matt Damon suena para unirse a Elysium... - Uruloki :: Blog\" \/>\n<meta property=\"og:description\" content=\"Bueno, las noticias del d&iacute;a, y pese a ser viernes, se han visto un pel&iacute;n desplazadas por dos razones de peso. La primera ha sido la opini&oacute;n sobre la &uacute;ltima novela que me he le&iacute;do, la muy recomendable &quot;El a&ntilde;o de la plaga&quot; de Marc Pastor, y la segunda porque hoy era el d&iacute;a marcado [&hellip;]\" \/>\n<meta property=\"og:url\" content=\"https:\/\/www.uruloki.org\/felipeblog\/cine-de-ciencia-ficcion\/el-primer-cartel-de-thor-ya-est-aqu-y-pronto-el-primer-trailer-spider-man-3d-ya-tiene-flash-thompson-e-hijo-del-doctor-connors-incarceron-ya-ha-encerrado-a-su-protagonista-iquest\" \/>\n<meta property=\"og:site_name\" content=\"Uruloki :: Blog\" \/>\n<meta property=\"article:publisher\" content=\"https:\/\/www.facebook.com\/uruloki.org\" \/>\n<meta property=\"article:published_time\" content=\"2010-12-10T20:24:21+00:00\" \/>\n<meta property=\"og:image\" content=\"https:\/\/uruloki.org\/felipeblog\/images2010-2\/20101210-thorteaser-mini.jpg\" \/>\n<meta name=\"author\" content=\"Uruloki\" \/>\n<meta name=\"twitter:card\" content=\"summary_large_image\" \/>\n<meta name=\"twitter:creator\" content=\"@uruloki\" \/>\n<meta name=\"twitter:site\" content=\"@uruloki\" \/>\n<meta name=\"twitter:label1\" content=\"Escrito por\" \/>\n\t<meta name=\"twitter:data1\" content=\"Uruloki\" \/>\n\t<meta name=\"twitter:label2\" content=\"Tiempo de lectura\" \/>\n\t<meta name=\"twitter:data2\" content=\"5 minutos\" \/>\n<script type=\"application\/ld+json\" class=\"yoast-schema-graph\">{\"@context\":\"https:\/\/schema.org\",\"@graph\":[{\"@type\":\"WebPage\",\"@id\":\"https:\/\/www.uruloki.org\/felipeblog\/cine-de-ciencia-ficcion\/el-primer-cartel-de-thor-ya-est-aqu-y-pronto-el-primer-trailer-spider-man-3d-ya-tiene-flash-thompson-e-hijo-del-doctor-connors-incarceron-ya-ha-encerrado-a-su-protagonista-iquest\",\"url\":\"https:\/\/www.uruloki.org\/felipeblog\/cine-de-ciencia-ficcion\/el-primer-cartel-de-thor-ya-est-aqu-y-pronto-el-primer-trailer-spider-man-3d-ya-tiene-flash-thompson-e-hijo-del-doctor-connors-incarceron-ya-ha-encerrado-a-su-protagonista-iquest\",\"name\":\"El primer cartel de Thor ya est&aacute; aqu&iacute; (y pronto el primer trailer), Spider-Man 3D ya tiene Flash Thompson e hijo del doctor Connors, Incarceron ya ha encerrado a su protagonista, &iquest;os encaja Anne Hathaway como Barbarella?, el nuevo trailer de la terror&iacute;fica The Rite, sinopsis de X-Men: First Class y Matt Damon suena para unirse a Elysium... - Uruloki :: Blog\",\"isPartOf\":{\"@id\":\"https:\/\/www.uruloki.org\/felipeblog\/#website\"},\"primaryImageOfPage\":{\"@id\":\"https:\/\/www.uruloki.org\/felipeblog\/cine-de-ciencia-ficcion\/el-primer-cartel-de-thor-ya-est-aqu-y-pronto-el-primer-trailer-spider-man-3d-ya-tiene-flash-thompson-e-hijo-del-doctor-connors-incarceron-ya-ha-encerrado-a-su-protagonista-iquest#primaryimage\"},\"image\":{\"@id\":\"https:\/\/www.uruloki.org\/felipeblog\/cine-de-ciencia-ficcion\/el-primer-cartel-de-thor-ya-est-aqu-y-pronto-el-primer-trailer-spider-man-3d-ya-tiene-flash-thompson-e-hijo-del-doctor-connors-incarceron-ya-ha-encerrado-a-su-protagonista-iquest#primaryimage\"},\"thumbnailUrl\":\"https:\/\/uruloki.org\/felipeblog\/images2010-2\/20101210-thorteaser-mini.jpg\",\"datePublished\":\"2010-12-10T20:24:21+00:00\",\"dateModified\":\"2010-12-10T20:24:21+00:00\",\"author\":{\"@id\":\"https:\/\/www.uruloki.org\/felipeblog\/#\/schema\/person\/ddba06ddaa27edf0c370460d05c51bb3\"},\"breadcrumb\":{\"@id\":\"https:\/\/www.uruloki.org\/felipeblog\/cine-de-ciencia-ficcion\/el-primer-cartel-de-thor-ya-est-aqu-y-pronto-el-primer-trailer-spider-man-3d-ya-tiene-flash-thompson-e-hijo-del-doctor-connors-incarceron-ya-ha-encerrado-a-su-protagonista-iquest#breadcrumb\"},\"inLanguage\":\"es\",\"potentialAction\":[{\"@type\":\"ReadAction\",\"target\":[\"https:\/\/www.uruloki.org\/felipeblog\/cine-de-ciencia-ficcion\/el-primer-cartel-de-thor-ya-est-aqu-y-pronto-el-primer-trailer-spider-man-3d-ya-tiene-flash-thompson-e-hijo-del-doctor-connors-incarceron-ya-ha-encerrado-a-su-protagonista-iquest\"]}]},{\"@type\":\"ImageObject\",\"inLanguage\":\"es\",\"@id\":\"https:\/\/www.uruloki.org\/felipeblog\/cine-de-ciencia-ficcion\/el-primer-cartel-de-thor-ya-est-aqu-y-pronto-el-primer-trailer-spider-man-3d-ya-tiene-flash-thompson-e-hijo-del-doctor-connors-incarceron-ya-ha-encerrado-a-su-protagonista-iquest#primaryimage\",\"url\":\"https:\/\/uruloki.org\/felipeblog\/images2010-2\/20101210-thorteaser-mini.jpg\",\"contentUrl\":\"https:\/\/uruloki.org\/felipeblog\/images2010-2\/20101210-thorteaser-mini.jpg\"},{\"@type\":\"BreadcrumbList\",\"@id\":\"https:\/\/www.uruloki.org\/felipeblog\/cine-de-ciencia-ficcion\/el-primer-cartel-de-thor-ya-est-aqu-y-pronto-el-primer-trailer-spider-man-3d-ya-tiene-flash-thompson-e-hijo-del-doctor-connors-incarceron-ya-ha-encerrado-a-su-protagonista-iquest#breadcrumb\",\"itemListElement\":[{\"@type\":\"ListItem\",\"position\":1,\"name\":\"Portada\",\"item\":\"https:\/\/www.uruloki.org\/felipeblog\"},{\"@type\":\"ListItem\",\"position\":2,\"name\":\"El primer cartel de Thor ya est&aacute; aqu&iacute; (y pronto el primer trailer), Spider-Man 3D ya tiene Flash Thompson e hijo del doctor Connors, Incarceron ya ha encerrado a su protagonista, &iquest;os encaja Anne Hathaway como Barbarella?, el nuevo trailer de la terror&iacute;fica The Rite, sinopsis de X-Men: First Class y Matt Damon suena para unirse a Elysium&#8230;\"}]},{\"@type\":\"WebSite\",\"@id\":\"https:\/\/www.uruloki.org\/felipeblog\/#website\",\"url\":\"https:\/\/www.uruloki.org\/felipeblog\/\",\"name\":\"Uruloki :: Blog\",\"description\":\"Blog de cine, terror, ciencia ficci\u00f3n, fantas\u00eda y c\u00f3mics\",\"potentialAction\":[{\"@type\":\"SearchAction\",\"target\":{\"@type\":\"EntryPoint\",\"urlTemplate\":\"https:\/\/www.uruloki.org\/felipeblog\/?s={search_term_string}\"},\"query-input\":{\"@type\":\"PropertyValueSpecification\",\"valueRequired\":true,\"valueName\":\"search_term_string\"}}],\"inLanguage\":\"es\"},{\"@type\":\"Person\",\"@id\":\"https:\/\/www.uruloki.org\/felipeblog\/#\/schema\/person\/ddba06ddaa27edf0c370460d05c51bb3\",\"name\":\"Uruloki\",\"image\":{\"@type\":\"ImageObject\",\"inLanguage\":\"es\",\"@id\":\"https:\/\/www.uruloki.org\/felipeblog\/#\/schema\/person\/image\/\",\"url\":\"https:\/\/secure.gravatar.com\/avatar\/68d5301c5f52ba88fd63f02c75b8c4d1b3c3fc4b21e2998a1e98c4b3a54d9f7c?s=96&d=mm&r=g\",\"contentUrl\":\"https:\/\/secure.gravatar.com\/avatar\/68d5301c5f52ba88fd63f02c75b8c4d1b3c3fc4b21e2998a1e98c4b3a54d9f7c?s=96&d=mm&r=g\",\"caption\":\"Uruloki\"},\"sameAs\":[\"https:\/\/uruloki.org\"],\"url\":\"https:\/\/www.uruloki.org\/felipeblog\/author\/admin-2-2-2\"}]}<\/script>\n<!-- \/ Yoast SEO plugin. -->","yoast_head_json":{"title":"El primer cartel de Thor ya est&aacute; aqu&iacute; (y pronto el primer trailer), Spider-Man 3D ya tiene Flash Thompson e hijo del doctor Connors, Incarceron ya ha encerrado a su protagonista, &iquest;os encaja Anne Hathaway como Barbarella?, el nuevo trailer de la terror&iacute;fica The Rite, sinopsis de X-Men: First Class y Matt Damon suena para unirse a Elysium... - Uruloki :: Blog","robots":{"index":"index","follow":"follow","max-snippet":"max-snippet:-1","max-image-preview":"max-image-preview:large","max-video-preview":"max-video-preview:-1"},"canonical":"https:\/\/www.uruloki.org\/felipeblog\/cine-de-ciencia-ficcion\/el-primer-cartel-de-thor-ya-est-aqu-y-pronto-el-primer-trailer-spider-man-3d-ya-tiene-flash-thompson-e-hijo-del-doctor-connors-incarceron-ya-ha-encerrado-a-su-protagonista-iquest","og_locale":"es_ES","og_type":"article","og_title":"El primer cartel de Thor ya est&aacute; aqu&iacute; (y pronto el primer trailer), Spider-Man 3D ya tiene Flash Thompson e hijo del doctor Connors, Incarceron ya ha encerrado a su protagonista, &iquest;os encaja Anne Hathaway como Barbarella?, el nuevo trailer de la terror&iacute;fica The Rite, sinopsis de X-Men: First Class y Matt Damon suena para unirse a Elysium... - Uruloki :: Blog","og_description":"Bueno, las noticias del d&iacute;a, y pese a ser viernes, se han visto un pel&iacute;n desplazadas por dos razones de peso. La primera ha sido la opini&oacute;n sobre la &uacute;ltima novela que me he le&iacute;do, la muy recomendable &quot;El a&ntilde;o de la plaga&quot; de Marc Pastor, y la segunda porque hoy era el d&iacute;a marcado [&hellip;]","og_url":"https:\/\/www.uruloki.org\/felipeblog\/cine-de-ciencia-ficcion\/el-primer-cartel-de-thor-ya-est-aqu-y-pronto-el-primer-trailer-spider-man-3d-ya-tiene-flash-thompson-e-hijo-del-doctor-connors-incarceron-ya-ha-encerrado-a-su-protagonista-iquest","og_site_name":"Uruloki :: Blog","article_publisher":"https:\/\/www.facebook.com\/uruloki.org","article_published_time":"2010-12-10T20:24:21+00:00","og_image":[{"url":"https:\/\/uruloki.org\/felipeblog\/images2010-2\/20101210-thorteaser-mini.jpg","type":"","width":"","height":""}],"author":"Uruloki","twitter_card":"summary_large_image","twitter_creator":"@uruloki","twitter_site":"@uruloki","twitter_misc":{"Escrito por":"Uruloki","Tiempo de lectura":"5 minutos"},"schema":{"@context":"https:\/\/schema.org","@graph":[{"@type":"WebPage","@id":"https:\/\/www.uruloki.org\/felipeblog\/cine-de-ciencia-ficcion\/el-primer-cartel-de-thor-ya-est-aqu-y-pronto-el-primer-trailer-spider-man-3d-ya-tiene-flash-thompson-e-hijo-del-doctor-connors-incarceron-ya-ha-encerrado-a-su-protagonista-iquest","url":"https:\/\/www.uruloki.org\/felipeblog\/cine-de-ciencia-ficcion\/el-primer-cartel-de-thor-ya-est-aqu-y-pronto-el-primer-trailer-spider-man-3d-ya-tiene-flash-thompson-e-hijo-del-doctor-connors-incarceron-ya-ha-encerrado-a-su-protagonista-iquest","name":"El primer cartel de Thor ya est&aacute; aqu&iacute; (y pronto el primer trailer), Spider-Man 3D ya tiene Flash Thompson e hijo del doctor Connors, Incarceron ya ha encerrado a su protagonista, &iquest;os encaja Anne Hathaway como Barbarella?, el nuevo trailer de la terror&iacute;fica The Rite, sinopsis de X-Men: First Class y Matt Damon suena para unirse a Elysium... - Uruloki :: Blog","isPartOf":{"@id":"https:\/\/www.uruloki.org\/felipeblog\/#website"},"primaryImageOfPage":{"@id":"https:\/\/www.uruloki.org\/felipeblog\/cine-de-ciencia-ficcion\/el-primer-cartel-de-thor-ya-est-aqu-y-pronto-el-primer-trailer-spider-man-3d-ya-tiene-flash-thompson-e-hijo-del-doctor-connors-incarceron-ya-ha-encerrado-a-su-protagonista-iquest#primaryimage"},"image":{"@id":"https:\/\/www.uruloki.org\/felipeblog\/cine-de-ciencia-ficcion\/el-primer-cartel-de-thor-ya-est-aqu-y-pronto-el-primer-trailer-spider-man-3d-ya-tiene-flash-thompson-e-hijo-del-doctor-connors-incarceron-ya-ha-encerrado-a-su-protagonista-iquest#primaryimage"},"thumbnailUrl":"https:\/\/uruloki.org\/felipeblog\/images2010-2\/20101210-thorteaser-mini.jpg","datePublished":"2010-12-10T20:24:21+00:00","dateModified":"2010-12-10T20:24:21+00:00","author":{"@id":"https:\/\/www.uruloki.org\/felipeblog\/#\/schema\/person\/ddba06ddaa27edf0c370460d05c51bb3"},"breadcrumb":{"@id":"https:\/\/www.uruloki.org\/felipeblog\/cine-de-ciencia-ficcion\/el-primer-cartel-de-thor-ya-est-aqu-y-pronto-el-primer-trailer-spider-man-3d-ya-tiene-flash-thompson-e-hijo-del-doctor-connors-incarceron-ya-ha-encerrado-a-su-protagonista-iquest#breadcrumb"},"inLanguage":"es","potentialAction":[{"@type":"ReadAction","target":["https:\/\/www.uruloki.org\/felipeblog\/cine-de-ciencia-ficcion\/el-primer-cartel-de-thor-ya-est-aqu-y-pronto-el-primer-trailer-spider-man-3d-ya-tiene-flash-thompson-e-hijo-del-doctor-connors-incarceron-ya-ha-encerrado-a-su-protagonista-iquest"]}]},{"@type":"ImageObject","inLanguage":"es","@id":"https:\/\/www.uruloki.org\/felipeblog\/cine-de-ciencia-ficcion\/el-primer-cartel-de-thor-ya-est-aqu-y-pronto-el-primer-trailer-spider-man-3d-ya-tiene-flash-thompson-e-hijo-del-doctor-connors-incarceron-ya-ha-encerrado-a-su-protagonista-iquest#primaryimage","url":"https:\/\/uruloki.org\/felipeblog\/images2010-2\/20101210-thorteaser-mini.jpg","contentUrl":"https:\/\/uruloki.org\/felipeblog\/images2010-2\/20101210-thorteaser-mini.jpg"},{"@type":"BreadcrumbList","@id":"https:\/\/www.uruloki.org\/felipeblog\/cine-de-ciencia-ficcion\/el-primer-cartel-de-thor-ya-est-aqu-y-pronto-el-primer-trailer-spider-man-3d-ya-tiene-flash-thompson-e-hijo-del-doctor-connors-incarceron-ya-ha-encerrado-a-su-protagonista-iquest#breadcrumb","itemListElement":[{"@type":"ListItem","position":1,"name":"Portada","item":"https:\/\/www.uruloki.org\/felipeblog"},{"@type":"ListItem","position":2,"name":"El primer cartel de Thor ya est&aacute; aqu&iacute; (y pronto el primer trailer), Spider-Man 3D ya tiene Flash Thompson e hijo del doctor Connors, Incarceron ya ha encerrado a su protagonista, &iquest;os encaja Anne Hathaway como Barbarella?, el nuevo trailer de la terror&iacute;fica The Rite, sinopsis de X-Men: First Class y Matt Damon suena para unirse a Elysium&#8230;"}]},{"@type":"WebSite","@id":"https:\/\/www.uruloki.org\/felipeblog\/#website","url":"https:\/\/www.uruloki.org\/felipeblog\/","name":"Uruloki :: Blog","description":"Blog de cine, terror, ciencia ficci\u00f3n, fantas\u00eda y c\u00f3mics","potentialAction":[{"@type":"SearchAction","target":{"@type":"EntryPoint","urlTemplate":"https:\/\/www.uruloki.org\/felipeblog\/?s={search_term_string}"},"query-input":{"@type":"PropertyValueSpecification","valueRequired":true,"valueName":"search_term_string"}}],"inLanguage":"es"},{"@type":"Person","@id":"https:\/\/www.uruloki.org\/felipeblog\/#\/schema\/person\/ddba06ddaa27edf0c370460d05c51bb3","name":"Uruloki","image":{"@type":"ImageObject","inLanguage":"es","@id":"https:\/\/www.uruloki.org\/felipeblog\/#\/schema\/person\/image\/","url":"https:\/\/secure.gravatar.com\/avatar\/68d5301c5f52ba88fd63f02c75b8c4d1b3c3fc4b21e2998a1e98c4b3a54d9f7c?s=96&d=mm&r=g","contentUrl":"https:\/\/secure.gravatar.com\/avatar\/68d5301c5f52ba88fd63f02c75b8c4d1b3c3fc4b21e2998a1e98c4b3a54d9f7c?s=96&d=mm&r=g","caption":"Uruloki"},"sameAs":["https:\/\/uruloki.org"],"url":"https:\/\/www.uruloki.org\/felipeblog\/author\/admin-2-2-2"}]}},"_links":{"self":[{"href":"https:\/\/www.uruloki.org\/felipeblog\/wp-json\/wp\/v2\/posts\/4987","targetHints":{"allow":["GET"]}}],"collection":[{"href":"https:\/\/www.uruloki.org\/felipeblog\/wp-json\/wp\/v2\/posts"}],"about":[{"href":"https:\/\/www.uruloki.org\/felipeblog\/wp-json\/wp\/v2\/types\/post"}],"author":[{"embeddable":true,"href":"https:\/\/www.uruloki.org\/felipeblog\/wp-json\/wp\/v2\/users\/28"}],"replies":[{"embeddable":true,"href":"https:\/\/www.uruloki.org\/felipeblog\/wp-json\/wp\/v2\/comments?post=4987"}],"version-history":[{"count":1,"href":"https:\/\/www.uruloki.org\/felipeblog\/wp-json\/wp\/v2\/posts\/4987\/revisions"}],"predecessor-version":[{"id":4988,"href":"https:\/\/www.uruloki.org\/felipeblog\/wp-json\/wp\/v2\/posts\/4987\/revisions\/4988"}],"wp:attachment":[{"href":"https:\/\/www.uruloki.org\/felipeblog\/wp-json\/wp\/v2\/media?parent=4987"}],"wp:term":[{"taxonomy":"category","embeddable":true,"href":"https:\/\/www.uruloki.org\/felipeblog\/wp-json\/wp\/v2\/categories?post=4987"},{"taxonomy":"post_tag","embeddable":true,"href":"https:\/\/www.uruloki.org\/felipeblog\/wp-json\/wp\/v2\/tags?post=4987"}],"curies":[{"name":"wp","href":"https:\/\/api.w.org\/{rel}","templated":true}]}}