{"id":4981,"date":"2010-12-10T11:07:46","date_gmt":"2010-12-10T10:07:46","guid":{"rendered":"https:\/\/uruloki.org\/felipeblog\/?p=4981"},"modified":"2010-12-10T11:07:46","modified_gmt":"2010-12-10T10:07:46","slug":"el-ao-de-la-plaga-de-marc-pastor-opinin","status":"publish","type":"post","link":"https:\/\/www.uruloki.org\/felipeblog\/opinion\/el-ao-de-la-plaga-de-marc-pastor-opinin","title":{"rendered":"El a&ntilde;o de la plaga de Marc Pastor (opini&oacute;n)&#8230;"},"content":{"rendered":"<p>No s&eacute; cu&aacute;nto ha pasado, pero haciendo c&aacute;lculos y teniendo muy en cuenta que soy lento cuando se trata de lectura, creo que un mes y pico por lo menos. Aquel fue el d&iacute;a en el que <strong>Marc Pastor<\/strong> (<a href=\"http:\/\/twitter.com\/DoctorMoriarty\" target=\"_blank\">@DoctorMoriarty<\/a>) me invit&oacute;, menuda sorpresa m&aacute;s agradable me llev&eacute;, a sumergirme  en la lectura de su &uacute;ltimo libro, <strong>&quot;El a&ntilde;o de la plaga&quot;<\/strong>, una obra de corte fant&aacute;stico de la cual su autor estaba convencido encajar&iacute;a como anillo al dedo en mis  gustos y aficiones. La verdad, creo que en el mundillo de internet, como en la vida real, llegas a un punto donde reconoces a tus iguales y por ello os confirmo que no se equivocaba&#8230;<\/p>\n<p>Recomendada al buen aficionado de misterio y ciencia ficci&oacute;n, lo que uno descubre al iniciar la lectura de <strong>&quot;El a&ntilde;o de la plaga&quot;<\/strong> es que esta novela supura adoraci&oacute;n por los horrores de la ci-fi m&aacute;s invasora, pero trasladada a la Barcelona de hoy en d&iacute;a. Constantes referencias y gui&ntilde;os a grandes cl&aacute;sicos del cine y la literatura como <strong>&quot;Soy leyenda&quot;<\/strong> de <strong>Richard Matheson<\/strong> o <a href=\"http:\/\/www.imdb.es\/title\/tt0049366\/\" target=\"_blank\">La invasi&oacute;n de los ladrones de cuerpos<\/a> (<em>Invasion of the Body Snatchers<\/em>, 1956) de <a href=\"http:\/\/www.imdb.es\/name\/nm0796923\/\" target=\"_blank\">Don Siegel<\/a>, am&eacute;n de su mejor versi&oacute;n terror&iacute;fica como es <a href=\"http:\/\/www.imdb.es\/title\/tt0077745\/\" target=\"_blank\">La invasi&oacute;n de los ultracuerpos<\/a> (<em>Invasion of the Body Snatchers<\/em>, 1978) de <a href=\"http:\/\/www.imdb.es\/name\/nm0442241\/\" target=\"_blank\">Phillip Kauffman<\/a>, hacen que con el paso de las p&aacute;ginas y los cap&iacute;tulos uno se sienta conocedor de los acontecimientos que  tienen lugar, la historia en el fondo ya nos la sabemos pero sorprende el peculiar y diferente enfoque que se le da. Ojo, esto, que visto as&iacute; por encima puede parecer poco original, es sin embargo un gran punto a favor de la narrativa, ya que el lector reconoce las situaciones que se dan, las consecuencias que provocan y el desastroso destino que pueden conllevar. Todo es incluso m&aacute;s entretenido cuando descubres con gusto que <strong>Marc<\/strong> vive subyugado por recuerdos y referencias, y que trasladados al escrito hacen que la lectura se transforme en un compendio de marcas generacionales de esas que han perdurado almacenadas en lo m&aacute;s profundo de nuestra mente. De hecho, la forma de enfocar las situaciones por parte del protagonista recuerdan, en cierto modo, a la manera en la que <strong>Martin Tupper<\/strong> (<a href=\"http:\/\/www.imdb.es\/name\/nm0000903\/\" target=\"_blank\">Brian Benben<\/a>) viv&iacute;a acontecimientos en la divertida serie <a href=\"http:\/\/www.imdb.es\/title\/tt0098780\/\" target=\"_blank\">&quot;Sigue so&ntilde;ando&quot;<\/a> (<em>&quot;Dream On&quot;<\/em>, 1990-1996).<\/p>\n<p>Misterio, horror, desesperaci&oacute;n y muchos eucaliptos, pero muchos muchos. Esto es <strong>&quot;El a&ntilde;o de la plaga&quot;<\/strong>. Por lo tanto, una obra muy recomendable, disfrutable de principio a fin y con montones de referencias a esa cultura pop que hemos mamado desde nuestra infancia.<\/p>\n<p class=\"centrado\"><img loading=\"lazy\" decoding=\"async\" src=\"https:\/\/uruloki.org\/felipeblog\/images2010-2\/20101209-el-ano-de-la-plaga.jpg\" alt=\"Portada de El a&ntilde;o de la plaga de Marc Pastor\" width=\"350\" height=\"524\" \/><br \/>\n<em>Portada de El a&ntilde;o de la plaga de Marc Pastor<\/em><\/p>\n<blockquote>\n<p>&Uacute;ltimamente, a V&iacute;ctor Negro le duele mucho la cabeza.   Su novia le ha dejado y no se ve capaz de superarlo. Es un agosto   bochornoso en Barcelona, pero &eacute;l no tiene vacaciones. Las compa&ntilde;eras de   trabajo de este asistente social que se dedica a la atenci&oacute;n a la   tercera edad est&aacute;n empe&ntilde;adas en buscarle una nueva compa&ntilde;&iacute;a femenina, y   &eacute;l las deja hacer con resignaci&oacute;n.   Todo transcurre lentamente, entre la migra&ntilde;a, el desamor y el calor   estival, hasta que una oleada de suicidios de ancianos dispara todas las   alarmas. En las casas de los muertos<\/p>\n<p>aparece invariablemente una maceta con una planta   de eucalipto despidiendo un olor dulz&oacute;n, y los familiares parecen   demasiado resignados ante una p&eacute;rdida tan tr&aacute;gica. Las noticias en los   medios de comunicaci&oacute;n son confusas: un misterioso virus con poder   curativo convive con una mutaci&oacute;n muy agresiva de la gripe A. La   conexi&oacute;n a Internet desaparece, y los tel&eacute;fonos m&oacute;viles pierden la   cobertura. En la televisi&oacute;n reponen pel&iacute;culas antiguas. Todo es   demasiado extra&ntilde;o, y V&iacute;ctor Negro est&aacute; decidido a averiguar qu&eacute; pasa<\/p>\n<\/blockquote>\n<p>Pues eso, si quer&eacute;is pasar un buen rato leyendo una novela de ciencia ficci&oacute;n con cultura generacional a raudales pues esta es una  compra factible para hacer m&aacute;s amena esta Navidad. Por si os interesa informaci&oacute;n sobre la obra de <strong>Marc Pastor<\/strong>&#8230;<\/p>\n<ul>\n<li><strong>Web oficial del libro<\/strong>: <a href=\"http:\/\/www.sellorba.com\/el-ano-de-la-plaga_marc-pastor_libro-OAFI449-ct.html\" target=\"_blank\">El a&ntilde;o de la plaga en RBA<\/a><\/li>\n<li><strong>P&aacute;ginas<\/strong>: 384 p&aacute;ginas (14,0 x 21,3 cm RUSTICA)<\/li>\n<li><strong>Precio<\/strong>: 19 &euro; <\/li>\n<li><strong>Referencia<\/strong>: OAFI449 <\/li>\n<li><strong>ISBN<\/strong>: 9788498678437 <\/li>\n<li><strong>G&eacute;nero<\/strong>: Novela de ciencia ficci&oacute;n<\/li>\n<li><strong>Sello Editorial \/ Colecci&oacute;n<\/strong>: RBA Libros \/ Avenue<\/li>\n<li><strong>Fecha de publicaci&oacute;n<\/strong>: 21\/10\/2010<\/li>\n<\/ul>\n<p><strong class=\"nota\">&nbsp;NOTA&nbsp;<\/strong> Que alguien me explique, <strong>Marc<\/strong> esto va por ti, que significa lo de la <strong>p&aacute;gina 214<\/strong>&#8230; &iquest;me obligas a descubrirlo?<\/p>\n","protected":false},"excerpt":{"rendered":"<p>No s&eacute; cu&aacute;nto ha pasado, pero haciendo c&aacute;lculos y teniendo muy en cuenta que soy lento cuando se trata de lectura, creo que un mes y pico por lo menos. Aquel fue el d&iacute;a en el que Marc Pastor (@DoctorMoriarty) me invit&oacute;, menuda sorpresa m&aacute;s agradable me llev&eacute;, a sumergirme en la lectura de su [&hellip;]<\/p>\n","protected":false},"author":28,"featured_media":0,"comment_status":"open","ping_status":"open","sticky":false,"template":"","format":"standard","meta":{"footnotes":""},"categories":[957,27],"tags":[1584,3373],"class_list":["post-4981","post","type-post","status-publish","format-standard","hentry","category-libros-de-cine","category-opinion","tag-el-ano-de-la-plaga","tag-opinion"],"yoast_head":"<!-- This site is optimized with the Yoast SEO plugin v24.3 - https:\/\/yoast.com\/wordpress\/plugins\/seo\/ -->\n<title>El a&ntilde;o de la plaga de Marc Pastor (opini&oacute;n)... - Uruloki :: Blog<\/title>\n<meta name=\"robots\" content=\"index, follow, max-snippet:-1, max-image-preview:large, max-video-preview:-1\" \/>\n<link rel=\"canonical\" href=\"https:\/\/www.uruloki.org\/felipeblog\/opinion\/el-ao-de-la-plaga-de-marc-pastor-opinin\" \/>\n<meta property=\"og:locale\" content=\"es_ES\" \/>\n<meta property=\"og:type\" content=\"article\" \/>\n<meta property=\"og:title\" content=\"El a&ntilde;o de la plaga de Marc Pastor (opini&oacute;n)... - Uruloki :: Blog\" \/>\n<meta property=\"og:description\" content=\"No s&eacute; cu&aacute;nto ha pasado, pero haciendo c&aacute;lculos y teniendo muy en cuenta que soy lento cuando se trata de lectura, creo que un mes y pico por lo menos. Aquel fue el d&iacute;a en el que Marc Pastor (@DoctorMoriarty) me invit&oacute;, menuda sorpresa m&aacute;s agradable me llev&eacute;, a sumergirme en la lectura de su [&hellip;]\" \/>\n<meta property=\"og:url\" content=\"https:\/\/www.uruloki.org\/felipeblog\/opinion\/el-ao-de-la-plaga-de-marc-pastor-opinin\" \/>\n<meta property=\"og:site_name\" content=\"Uruloki :: Blog\" \/>\n<meta property=\"article:publisher\" content=\"https:\/\/www.facebook.com\/uruloki.org\" \/>\n<meta property=\"article:published_time\" content=\"2010-12-10T10:07:46+00:00\" \/>\n<meta property=\"og:image\" content=\"https:\/\/uruloki.org\/felipeblog\/images2010-2\/20101209-el-ano-de-la-plaga.jpg\" \/>\n<meta name=\"author\" content=\"Uruloki\" \/>\n<meta name=\"twitter:card\" content=\"summary_large_image\" \/>\n<meta name=\"twitter:creator\" content=\"@uruloki\" \/>\n<meta name=\"twitter:site\" content=\"@uruloki\" \/>\n<meta name=\"twitter:label1\" content=\"Escrito por\" \/>\n\t<meta name=\"twitter:data1\" content=\"Uruloki\" \/>\n\t<meta name=\"twitter:label2\" content=\"Tiempo de lectura\" \/>\n\t<meta name=\"twitter:data2\" content=\"4 minutos\" \/>\n<script type=\"application\/ld+json\" class=\"yoast-schema-graph\">{\"@context\":\"https:\/\/schema.org\",\"@graph\":[{\"@type\":\"WebPage\",\"@id\":\"https:\/\/www.uruloki.org\/felipeblog\/opinion\/el-ao-de-la-plaga-de-marc-pastor-opinin\",\"url\":\"https:\/\/www.uruloki.org\/felipeblog\/opinion\/el-ao-de-la-plaga-de-marc-pastor-opinin\",\"name\":\"El a&ntilde;o de la plaga de Marc Pastor (opini&oacute;n)... - Uruloki :: Blog\",\"isPartOf\":{\"@id\":\"https:\/\/www.uruloki.org\/felipeblog\/#website\"},\"primaryImageOfPage\":{\"@id\":\"https:\/\/www.uruloki.org\/felipeblog\/opinion\/el-ao-de-la-plaga-de-marc-pastor-opinin#primaryimage\"},\"image\":{\"@id\":\"https:\/\/www.uruloki.org\/felipeblog\/opinion\/el-ao-de-la-plaga-de-marc-pastor-opinin#primaryimage\"},\"thumbnailUrl\":\"https:\/\/uruloki.org\/felipeblog\/images2010-2\/20101209-el-ano-de-la-plaga.jpg\",\"datePublished\":\"2010-12-10T10:07:46+00:00\",\"dateModified\":\"2010-12-10T10:07:46+00:00\",\"author\":{\"@id\":\"https:\/\/www.uruloki.org\/felipeblog\/#\/schema\/person\/ddba06ddaa27edf0c370460d05c51bb3\"},\"breadcrumb\":{\"@id\":\"https:\/\/www.uruloki.org\/felipeblog\/opinion\/el-ao-de-la-plaga-de-marc-pastor-opinin#breadcrumb\"},\"inLanguage\":\"es\",\"potentialAction\":[{\"@type\":\"ReadAction\",\"target\":[\"https:\/\/www.uruloki.org\/felipeblog\/opinion\/el-ao-de-la-plaga-de-marc-pastor-opinin\"]}]},{\"@type\":\"ImageObject\",\"inLanguage\":\"es\",\"@id\":\"https:\/\/www.uruloki.org\/felipeblog\/opinion\/el-ao-de-la-plaga-de-marc-pastor-opinin#primaryimage\",\"url\":\"https:\/\/uruloki.org\/felipeblog\/images2010-2\/20101209-el-ano-de-la-plaga.jpg\",\"contentUrl\":\"https:\/\/uruloki.org\/felipeblog\/images2010-2\/20101209-el-ano-de-la-plaga.jpg\"},{\"@type\":\"BreadcrumbList\",\"@id\":\"https:\/\/www.uruloki.org\/felipeblog\/opinion\/el-ao-de-la-plaga-de-marc-pastor-opinin#breadcrumb\",\"itemListElement\":[{\"@type\":\"ListItem\",\"position\":1,\"name\":\"Portada\",\"item\":\"https:\/\/www.uruloki.org\/felipeblog\"},{\"@type\":\"ListItem\",\"position\":2,\"name\":\"El a&ntilde;o de la plaga de Marc Pastor (opini&oacute;n)&#8230;\"}]},{\"@type\":\"WebSite\",\"@id\":\"https:\/\/www.uruloki.org\/felipeblog\/#website\",\"url\":\"https:\/\/www.uruloki.org\/felipeblog\/\",\"name\":\"Uruloki :: Blog\",\"description\":\"Blog de cine, terror, ciencia ficci\u00f3n, fantas\u00eda y c\u00f3mics\",\"potentialAction\":[{\"@type\":\"SearchAction\",\"target\":{\"@type\":\"EntryPoint\",\"urlTemplate\":\"https:\/\/www.uruloki.org\/felipeblog\/?s={search_term_string}\"},\"query-input\":{\"@type\":\"PropertyValueSpecification\",\"valueRequired\":true,\"valueName\":\"search_term_string\"}}],\"inLanguage\":\"es\"},{\"@type\":\"Person\",\"@id\":\"https:\/\/www.uruloki.org\/felipeblog\/#\/schema\/person\/ddba06ddaa27edf0c370460d05c51bb3\",\"name\":\"Uruloki\",\"image\":{\"@type\":\"ImageObject\",\"inLanguage\":\"es\",\"@id\":\"https:\/\/www.uruloki.org\/felipeblog\/#\/schema\/person\/image\/\",\"url\":\"https:\/\/secure.gravatar.com\/avatar\/68d5301c5f52ba88fd63f02c75b8c4d1b3c3fc4b21e2998a1e98c4b3a54d9f7c?s=96&d=mm&r=g\",\"contentUrl\":\"https:\/\/secure.gravatar.com\/avatar\/68d5301c5f52ba88fd63f02c75b8c4d1b3c3fc4b21e2998a1e98c4b3a54d9f7c?s=96&d=mm&r=g\",\"caption\":\"Uruloki\"},\"sameAs\":[\"https:\/\/uruloki.org\"],\"url\":\"https:\/\/www.uruloki.org\/felipeblog\/author\/admin-2-2-2\"}]}<\/script>\n<!-- \/ Yoast SEO plugin. -->","yoast_head_json":{"title":"El a&ntilde;o de la plaga de Marc Pastor (opini&oacute;n)... - Uruloki :: Blog","robots":{"index":"index","follow":"follow","max-snippet":"max-snippet:-1","max-image-preview":"max-image-preview:large","max-video-preview":"max-video-preview:-1"},"canonical":"https:\/\/www.uruloki.org\/felipeblog\/opinion\/el-ao-de-la-plaga-de-marc-pastor-opinin","og_locale":"es_ES","og_type":"article","og_title":"El a&ntilde;o de la plaga de Marc Pastor (opini&oacute;n)... - Uruloki :: Blog","og_description":"No s&eacute; cu&aacute;nto ha pasado, pero haciendo c&aacute;lculos y teniendo muy en cuenta que soy lento cuando se trata de lectura, creo que un mes y pico por lo menos. Aquel fue el d&iacute;a en el que Marc Pastor (@DoctorMoriarty) me invit&oacute;, menuda sorpresa m&aacute;s agradable me llev&eacute;, a sumergirme en la lectura de su [&hellip;]","og_url":"https:\/\/www.uruloki.org\/felipeblog\/opinion\/el-ao-de-la-plaga-de-marc-pastor-opinin","og_site_name":"Uruloki :: Blog","article_publisher":"https:\/\/www.facebook.com\/uruloki.org","article_published_time":"2010-12-10T10:07:46+00:00","og_image":[{"url":"https:\/\/uruloki.org\/felipeblog\/images2010-2\/20101209-el-ano-de-la-plaga.jpg","type":"","width":"","height":""}],"author":"Uruloki","twitter_card":"summary_large_image","twitter_creator":"@uruloki","twitter_site":"@uruloki","twitter_misc":{"Escrito por":"Uruloki","Tiempo de lectura":"4 minutos"},"schema":{"@context":"https:\/\/schema.org","@graph":[{"@type":"WebPage","@id":"https:\/\/www.uruloki.org\/felipeblog\/opinion\/el-ao-de-la-plaga-de-marc-pastor-opinin","url":"https:\/\/www.uruloki.org\/felipeblog\/opinion\/el-ao-de-la-plaga-de-marc-pastor-opinin","name":"El a&ntilde;o de la plaga de Marc Pastor (opini&oacute;n)... - Uruloki :: Blog","isPartOf":{"@id":"https:\/\/www.uruloki.org\/felipeblog\/#website"},"primaryImageOfPage":{"@id":"https:\/\/www.uruloki.org\/felipeblog\/opinion\/el-ao-de-la-plaga-de-marc-pastor-opinin#primaryimage"},"image":{"@id":"https:\/\/www.uruloki.org\/felipeblog\/opinion\/el-ao-de-la-plaga-de-marc-pastor-opinin#primaryimage"},"thumbnailUrl":"https:\/\/uruloki.org\/felipeblog\/images2010-2\/20101209-el-ano-de-la-plaga.jpg","datePublished":"2010-12-10T10:07:46+00:00","dateModified":"2010-12-10T10:07:46+00:00","author":{"@id":"https:\/\/www.uruloki.org\/felipeblog\/#\/schema\/person\/ddba06ddaa27edf0c370460d05c51bb3"},"breadcrumb":{"@id":"https:\/\/www.uruloki.org\/felipeblog\/opinion\/el-ao-de-la-plaga-de-marc-pastor-opinin#breadcrumb"},"inLanguage":"es","potentialAction":[{"@type":"ReadAction","target":["https:\/\/www.uruloki.org\/felipeblog\/opinion\/el-ao-de-la-plaga-de-marc-pastor-opinin"]}]},{"@type":"ImageObject","inLanguage":"es","@id":"https:\/\/www.uruloki.org\/felipeblog\/opinion\/el-ao-de-la-plaga-de-marc-pastor-opinin#primaryimage","url":"https:\/\/uruloki.org\/felipeblog\/images2010-2\/20101209-el-ano-de-la-plaga.jpg","contentUrl":"https:\/\/uruloki.org\/felipeblog\/images2010-2\/20101209-el-ano-de-la-plaga.jpg"},{"@type":"BreadcrumbList","@id":"https:\/\/www.uruloki.org\/felipeblog\/opinion\/el-ao-de-la-plaga-de-marc-pastor-opinin#breadcrumb","itemListElement":[{"@type":"ListItem","position":1,"name":"Portada","item":"https:\/\/www.uruloki.org\/felipeblog"},{"@type":"ListItem","position":2,"name":"El a&ntilde;o de la plaga de Marc Pastor (opini&oacute;n)&#8230;"}]},{"@type":"WebSite","@id":"https:\/\/www.uruloki.org\/felipeblog\/#website","url":"https:\/\/www.uruloki.org\/felipeblog\/","name":"Uruloki :: Blog","description":"Blog de cine, terror, ciencia ficci\u00f3n, fantas\u00eda y c\u00f3mics","potentialAction":[{"@type":"SearchAction","target":{"@type":"EntryPoint","urlTemplate":"https:\/\/www.uruloki.org\/felipeblog\/?s={search_term_string}"},"query-input":{"@type":"PropertyValueSpecification","valueRequired":true,"valueName":"search_term_string"}}],"inLanguage":"es"},{"@type":"Person","@id":"https:\/\/www.uruloki.org\/felipeblog\/#\/schema\/person\/ddba06ddaa27edf0c370460d05c51bb3","name":"Uruloki","image":{"@type":"ImageObject","inLanguage":"es","@id":"https:\/\/www.uruloki.org\/felipeblog\/#\/schema\/person\/image\/","url":"https:\/\/secure.gravatar.com\/avatar\/68d5301c5f52ba88fd63f02c75b8c4d1b3c3fc4b21e2998a1e98c4b3a54d9f7c?s=96&d=mm&r=g","contentUrl":"https:\/\/secure.gravatar.com\/avatar\/68d5301c5f52ba88fd63f02c75b8c4d1b3c3fc4b21e2998a1e98c4b3a54d9f7c?s=96&d=mm&r=g","caption":"Uruloki"},"sameAs":["https:\/\/uruloki.org"],"url":"https:\/\/www.uruloki.org\/felipeblog\/author\/admin-2-2-2"}]}},"_links":{"self":[{"href":"https:\/\/www.uruloki.org\/felipeblog\/wp-json\/wp\/v2\/posts\/4981","targetHints":{"allow":["GET"]}}],"collection":[{"href":"https:\/\/www.uruloki.org\/felipeblog\/wp-json\/wp\/v2\/posts"}],"about":[{"href":"https:\/\/www.uruloki.org\/felipeblog\/wp-json\/wp\/v2\/types\/post"}],"author":[{"embeddable":true,"href":"https:\/\/www.uruloki.org\/felipeblog\/wp-json\/wp\/v2\/users\/28"}],"replies":[{"embeddable":true,"href":"https:\/\/www.uruloki.org\/felipeblog\/wp-json\/wp\/v2\/comments?post=4981"}],"version-history":[{"count":1,"href":"https:\/\/www.uruloki.org\/felipeblog\/wp-json\/wp\/v2\/posts\/4981\/revisions"}],"predecessor-version":[{"id":4982,"href":"https:\/\/www.uruloki.org\/felipeblog\/wp-json\/wp\/v2\/posts\/4981\/revisions\/4982"}],"wp:attachment":[{"href":"https:\/\/www.uruloki.org\/felipeblog\/wp-json\/wp\/v2\/media?parent=4981"}],"wp:term":[{"taxonomy":"category","embeddable":true,"href":"https:\/\/www.uruloki.org\/felipeblog\/wp-json\/wp\/v2\/categories?post=4981"},{"taxonomy":"post_tag","embeddable":true,"href":"https:\/\/www.uruloki.org\/felipeblog\/wp-json\/wp\/v2\/tags?post=4981"}],"curies":[{"name":"wp","href":"https:\/\/api.w.org\/{rel}","templated":true}]}}