{"id":4863,"date":"2010-11-15T21:49:14","date_gmt":"2010-11-15T20:49:14","guid":{"rendered":"https:\/\/uruloki.org\/felipeblog\/?p=4863"},"modified":"2010-11-16T13:43:57","modified_gmt":"2010-11-16T12:43:57","slug":"primeros-carteles-de-cowboys-aliens-y-pirates-of-the-caribbean-on-stranger-tides-darren-arofnosky-presenta-the-wolverine-y-asegura-que-no-ser-una-secuela-a-un-tris-de-los-trailers-de","status":"publish","type":"post","link":"https:\/\/www.uruloki.org\/felipeblog\/cine-de-ciencia-ficcion\/primeros-carteles-de-cowboys-aliens-y-pirates-of-the-caribbean-on-stranger-tides-darren-arofnosky-presenta-the-wolverine-y-asegura-que-no-ser-una-secuela-a-un-tris-de-los-trailers-de","title":{"rendered":"Primeros carteles de Cowboys &amp; Aliens y Pirates of the Caribbean: On Stranger Tides, Darren Aronofsky presenta The Wolverine y asegura que no ser&aacute; una secuela, a un tris de los trailers de Green Lantern, Cowboys &amp; Aliens y Thor, primera imagen de The Raven y nuevas de Paul, The Woman in Black o el WTF del milenio, el musical Spider-Man: Turn of the Dark&#8230;"},"content":{"rendered":"<p>Bienvenidos a un lunes  post par de d&iacute;as bastante relajaditos. El arranque de esta semana sin embargo viene repleto de cosas interesantes y, de paso, dando entrada a unos d&iacute;as que ser&aacute;n de aut&eacute;ntico infarto. Veamos, ma&ntilde;ana martes, no se en que horario pero supongo que por la tarde \/ noche, saldr&aacute; a la luz el primer esperado trailer de <a href=\"http:\/\/www.imdb.es\/title\/tt1133985\/\" target=\"_blank\">Green Lantern<\/a> (2011) de <a href=\"http:\/\/www.imdb.es\/name\/nm0132709\/\" target=\"_blank\">Martin Campbell<\/a>. Ser&aacute; el mismo que podremos ver como compa&ntilde;ero de fatigas en el estreno de este viernes de <a href=\"http:\/\/www.imdb.es\/title\/tt0926084\/\" target=\"_blank\">Harry Potter y las reliquias de la muerte (1&ordf; parte)<\/a> (<em>Harry Potter and the Deathly Hallows: Part 1<\/em>, 2010) de <a href=\"http:\/\/www.imdb.es\/name\/nm0946734\/\" target=\"_blank\">David Yates<\/a>. La fuente el programa <strong>Entertainment Tonight<\/strong>, la misma que nos desvel&oacute; <a href=\"https:\/\/uruloki.org\/felipeblog\/cine-de-cmics\/30-segundos-de-adelanto-del-primer-trailer-de-green-lantern\">esos primeros pol&eacute;micos 30 segundos del inminente trailer<\/a>. Pero ojo, si ya con eso m&aacute;s de uno se quedar&iacute;a contento, hoy nos enteramos, y con primer cartel de regalo, de que en un par de d&iacute;as <a href=\"http:\/\/movies.yahoo.com\/feature\/cowboys-and-aliens.html\" target=\"_blank\">podremos ver gracias a Yahoo! Movies<\/a> el trailer debut de <a href=\"http:\/\/www.imdb.es\/title\/tt0409847\/\" target=\"_blank\">Cowboys &amp; Aliens<\/a> (2011) de <a href=\"http:\/\/www.imdb.es\/name\/nm0269463\/\" target=\"_blank\">Jon Favreau<\/a>. El trailer saldr&aacute; a la luz el mi&eacute;rcoles a las 9 de la tarde hora espa&ntilde;ola y, no es por nada, pero ya est&aacute; tardando. La jugada de <strong>Paramount Pictures<\/strong> ha sido muy pero que muy meditada. <strong>Warner Bros.<\/strong> presenta su plato fuerte para el a&ntilde;o que viene en esto del mundo comiquero el martes y <strong>Paramount<\/strong>, un d&iacute;a despu&eacute;s, intenta acaparar todo el <em>hype<\/em> generado con uno de sus <em>blockbusters<\/em>, tambi&eacute;n comiquero, del verano del 2011. Y ojo, porque esto no es todo. <a href=\"http:\/\/www.superherohype.com\/news\/articles\/110370-rumor-will-the-thor-trailer-be-with-tron-legacy\" target=\"_blank\">Superhero Hype! se saca de la manga un rumor<\/a> que indica que <strong>Marvel Studios<\/strong> prepara el primer trailer oficial de <a href=\"http:\/\/www.imdb.es\/title\/tt0800369\/\" target=\"_blank\">Thor<\/a> (2011) de <a href=\"http:\/\/www.imdb.es\/name\/nm0000110\/\" target=\"_blank\">Kenneth Branagh<\/a> como acompa&ntilde;ante con uno de los bombazos que veremos estas Navidades&#8230; <a href=\"http:\/\/www.imdb.es\/title\/tt1104001\/\" target=\"_blank\">TRON: Legacy<\/a> (2010) de <a href=\"http:\/\/www.imdb.es\/name\/nm2676052\/\" target=\"_blank\">Joseph Kosinski<\/a>. Curioso es el dato de que <strong>Thor<\/strong> es ahora de <strong>Paramount<\/strong> y <strong>TRON: Legacy<\/strong> de <strong>Disney<\/strong>, pero como el personaje forma parte de <a href=\"http:\/\/www.imdb.es\/title\/tt0848228\/\" target=\"_blank\">The Avengers<\/a> (2012) de <a href=\"http:\/\/www.imdb.es\/name\/nm0923736\/\" target=\"_blank\">Joss Whedon<\/a>, <strong>Disney<\/strong> podr&iacute;a asumir promocionar un producto de otra compa&ntilde;&iacute;a para beneficio futuro propio. Por lo tanto, unas fiestas subiditas de tono y perfectas para dar entrada a un 2011 que, sin menospreciar este 2010, ser&aacute; de lo m&aacute;s grande que hayamos tenido en mucho tiempo. Os dejo el cartel de <strong>Cowboys &amp; Aliens<\/strong> que nos muestra una silueta de <strong>Jake Lonergan<\/strong> (<a href=\"http:\/\/www.imdb.es\/name\/nm0185819\/\" target=\"_blank\">Daniel Craig<\/a>) y su guantelete extraterrestre, pulsad para verlo en grande&#8230;<\/p>\n<p class=\"centrado\"><a href=\"https:\/\/uruloki.org\/felipeblog\/images2010-2\/20101116-cowboys-and-aliens-max.jpg\" target=\"_blank\" onclick=\"return false;\" rel=\"shadowbox\"><img loading=\"lazy\" decoding=\"async\" src=\"https:\/\/uruloki.org\/felipeblog\/images2010-2\/20101116-cowboys-and-aliens.jpg\" alt=\"Primer cartel de Cowboys &amp; Aliens de Jon Favreau\" width=\"350\" height=\"519\" border=\"1\" \/><\/a><br \/>\n<em>Primer cartel de Cowboys &amp; Aliens de Jon Favreau<\/em><\/p>\n<p>Vayamos ahora con otra sorpresa comiquera, aunque nacida ayer. <a href=\"http:\/\/www.hitfix.com\/blogs\/motion-captured\/posts\/darren-aronofsky-confirms-a-new-title-for-wolverine-2\" target=\"_blank\">Charlando con HitFix.com<\/a>, <a href=\"http:\/\/www.imdb.es\/name\/nm0004716\/\" target=\"_blank\">Darren Aronofsky<\/a> ha desvelado el t&iacute;tulo definitivo de lo que por ahora se iba a llamar <a href=\"http:\/\/www.imdb.es\/title\/tt1430132\/\" target=\"_blank\">X-Men Origins: Wolverine 2<\/a> (2012) y, para rizar el rizo, descubre un factor que por ahora no hab&iacute;amos tenido en cuenta. Veamos, primero <strong>Aronofsky<\/strong> indica que el retorno de <strong>Lobezno<\/strong> (<a href=\"http:\/\/www.imdb.es\/name\/nm0413168\/\" target=\"_blank\">Hugh Jackman<\/a>) a la gran pantalla y en solitario se titular&aacute; <strong>The Wolverine<\/strong>. M&aacute;s aun, que no tenga un 2 como desagradable compa&ntilde;ero se debe a que la pel&iacute;cula no es una secuela de la historia contada por <a href=\"http:\/\/www.imdb.es\/name\/nm0004303\/\" target=\"_blank\">Gavin Hood<\/a> en la muy flojeras, o casi mediocre, <a href=\"http:\/\/www.imdb.es\/title\/tt0458525\/\" target=\"_blank\">X-Men or&iacute;genes: Lobezno<\/a> (<em>X-Men Origins: Wolverine<\/em>, 2008). Por lo tanto&#8230; &iquest;y ese final extra que se propuso en su d&iacute;a y que por ejemplo pudimos ver en Espa&ntilde;a? Si, ese de <strong>Logan<\/strong> en <strong>Jap&oacute;n<\/strong>. Pues parece que es otro <em>reboot<\/em> en toda regla de la franquicia&#8230; Y sigamos con este vistoso d&iacute;a presentando el primer cartel, y pese a ser igual que siempre me ha gustado m&aacute;s que nunca, de <a href=\"http:\/\/www.imdb.es\/title\/tt1298650\/\" target=\"_blank\">Pirates of the Caribbean: On Stranger Tides<\/a> (2011) de <a href=\"http:\/\/www.imdb.es\/name\/nm0551128\/\" target=\"_blank\">Rob Marshall<\/a>. Pod&eacute;is verlo <a href=\"http:\/\/www.impawards.com\/2011\/pirates_of_the_caribbean_on_stranger_tides_xlg.html\" target=\"_blank\">en <em>king-size<\/em> en IMPAwards<\/a> o ampliarlo de manera generosa pulsando sobre el que os dejo aqu&iacute; mismo. Me gusta ver como la m&iacute;tica calavera de la saga pirata evoluciona esta vez para convertirse en una de plata que seguro guardar&aacute; alg&uacute;n secreto de los que veremos<\/p>\n<p class=\"centrado\"><a href=\"https:\/\/uruloki.org\/felipeblog\/images2010-2\/20101116-pirates-of-the-caribbean-on-stranger-tides-max.jpg\" target=\"_blank\" onclick=\"return false;\" rel=\"shadowbox\"><img loading=\"lazy\" decoding=\"async\" src=\"https:\/\/uruloki.org\/felipeblog\/images2010-2\/20101116-pirates-of-the-caribbean-on-stranger-tides.jpg\" alt=\"Primer cartel de Pirates of the Caribbean: On Stranger Tides de Rob Marshall\" width=\"350\" height=\"518\" border=\"1\" \/><\/a><br \/>\n<em>Primer cartel de Pirates of the Caribbean: On Stranger Tides de Rob Marshall<\/em><\/p>\n<p>Creo que por hoy ya llega. Antes de darme el piro para poder realizar diversas tareas del hogar que me demandan, recomendaros un par de enlaces con tema visual. <a href=\"http:\/\/gawker.com\/5689944\/john-still-couldnt-figure-out-why-the-better-off-dead-prequel-was-set-in-1835\" target=\"_blank\">El primero es a Gawker<\/a>, donde podemos ver a <a href=\"http:\/\/www.imdb.es\/name\/nm0000131\/\" target=\"_blank\">John Cusack<\/a> caracterizado como Edgar<strong> Allan Poe<\/strong> en pleno rodaje de <a href=\"http:\/\/www.imdb.es\/title\/tt1486192\/\" target=\"_blank\">The Raven<\/a> (2011) de <a href=\"http:\/\/www.imdb.es\/name\/nm0574625\/\" target=\"_blank\">James McTeigue<\/a>. La imagen mola, salvo por el detalle de los zapatos&#8230; ante todo comodidad, incluso en pleno siglo XIX! <a href=\"http:\/\/www.vogue.com\/magazine\/article\/ka-pow-spider-man-turn-off-the-dark\/#\" target=\"_blank\">El segundo enlace, este m&aacute;s grotesco si cabe, sale de Vogue<\/a>, la web de la famosa revista de moda, donde podemos ver las primeras im&aacute;genes de <strong>&quot;Spider-Man: Turn Off the Dark&quot;<\/strong>, ese musical que enredar&aacute; <strong>Broadway<\/strong> partir de enero del 2011 de la mano de <strong>Julie Taymor<\/strong>, <strong>Bono<\/strong> y <strong>The Edge<\/strong>. Las im&aacute;genes son sencillamente cegadoras! Eso si, los 60 millones de producci&oacute;n de este musical rock, el m&aacute;s caro de la historia seg&uacute;n dicen, contar&aacute; con la presencia de villanos como <a href=\"https:\/\/uruloki.org\/felipeblog\/images2010-2\/20101116-spider-man-turn-off-the-dark-1.jpg\" target=\"_blank\" onclick=\"return false;\" rel=\"shadowbox\">el Duende Verde<\/a>, <a href=\"https:\/\/uruloki.org\/felipeblog\/images2010-2\/20101116-spider-man-turn-off-the-dark-2.jpg\" target=\"_blank\" onclick=\"return false;\" rel=\"shadowbox\">una cosa llamada Swiss Miss<\/a> o <a href=\"https:\/\/uruloki.org\/felipeblog\/images2010-2\/20101116-spider-man-turn-off-the-dark-3.jpg\" target=\"_blank\" onclick=\"return false;\" rel=\"shadowbox\">Matanza<\/a>. Se&ntilde;ores estamos ante el WTF, el OMG y el LOL del nuevo milenio. <a href=\"http:\/\/www.collider.com\/2010\/11\/09\/the-woman-in-black-images-daniel-radcliffe\/\" target=\"_blank\">Pasaros ahora por Collider.com<\/a> para ver las primeras im&aacute;genes oficiales de <a href=\"http:\/\/www.imdb.es\/name\/nm0705356\/\" target=\"_blank\">Daniel Radcliffe<\/a> como el joven abogado <strong>Arhur Kipps<\/strong> que lo pasar&aacute; mal en <a href=\"http:\/\/www.imdb.es\/title\/tt1596365\/\" target=\"_blank\">The Woman in Black<\/a> (2011) de <a href=\"http:\/\/www.imdb.es\/name\/nm1220140\/\" target=\"_blank\">James Watkins<\/a>. <a href=\"http:\/\/www.empireonline.com\/news\/story.asp?NID=29423\" target=\"_blank\">Empire es la que por su parte nos presenta nuevas im&aacute;genes<\/a> de <a href=\"http:\/\/www.imdb.es\/title\/tt1092026\/\" target=\"_blank\">Paul<\/a> (2011) de <a href=\"http:\/\/www.imdb.es\/name\/nm0609549\/\" target=\"_blank\">Greg Mottola<\/a>. La verdad, no me atrae todo lo que esperaba este proyecto.<\/p>\n","protected":false},"excerpt":{"rendered":"<p>Bienvenidos a un lunes post par de d&iacute;as bastante relajaditos. El arranque de esta semana sin embargo viene repleto de cosas interesantes y, de paso, dando entrada a unos d&iacute;as que ser&aacute;n de aut&eacute;ntico infarto. Veamos, ma&ntilde;ana martes, no se en que horario pero supongo que por la tarde \/ noche, saldr&aacute; a la luz [&hellip;]<\/p>\n","protected":false},"author":28,"featured_media":0,"comment_status":"open","ping_status":"open","sticky":false,"template":"","format":"standard","meta":{"footnotes":""},"categories":[10,8,12,9],"tags":[766,192,688,1063,996,1550,1402,232],"class_list":["post-4863","post","type-post","status-publish","format-standard","hentry","category-cine-de-comics","category-cine-de-ciencia-ficcion","category-cine-de-fantasia","category-cine-de-terror","tag-cowboys-aliens","tag-green-lantern","tag-paul","tag-pirates-of-the-caribbean-on-stranger-tides","tag-the-raven","tag-the-wolverine","tag-the-woman-in-black","tag-thor"],"yoast_head":"<!-- This site is optimized with the Yoast SEO plugin v24.3 - https:\/\/yoast.com\/wordpress\/plugins\/seo\/ -->\n<title>Primeros carteles de Cowboys &amp; Aliens y Pirates of the Caribbean: On Stranger Tides, Darren Aronofsky presenta The Wolverine y asegura que no ser&aacute; una secuela, a un tris de los trailers de Green Lantern, Cowboys &amp; Aliens y Thor, primera imagen de The Raven y nuevas de Paul, The Woman in Black o el WTF del milenio, el musical Spider-Man: Turn of the Dark... - Uruloki :: Blog<\/title>\n<meta name=\"robots\" content=\"index, follow, max-snippet:-1, max-image-preview:large, max-video-preview:-1\" \/>\n<link rel=\"canonical\" href=\"https:\/\/www.uruloki.org\/felipeblog\/cine-de-ciencia-ficcion\/primeros-carteles-de-cowboys-aliens-y-pirates-of-the-caribbean-on-stranger-tides-darren-arofnosky-presenta-the-wolverine-y-asegura-que-no-ser-una-secuela-a-un-tris-de-los-trailers-de\" \/>\n<meta property=\"og:locale\" content=\"es_ES\" \/>\n<meta property=\"og:type\" content=\"article\" \/>\n<meta property=\"og:title\" content=\"Primeros carteles de Cowboys &amp; Aliens y Pirates of the Caribbean: On Stranger Tides, Darren Aronofsky presenta The Wolverine y asegura que no ser&aacute; una secuela, a un tris de los trailers de Green Lantern, Cowboys &amp; Aliens y Thor, primera imagen de The Raven y nuevas de Paul, The Woman in Black o el WTF del milenio, el musical Spider-Man: Turn of the Dark... - Uruloki :: Blog\" \/>\n<meta property=\"og:description\" content=\"Bienvenidos a un lunes post par de d&iacute;as bastante relajaditos. El arranque de esta semana sin embargo viene repleto de cosas interesantes y, de paso, dando entrada a unos d&iacute;as que ser&aacute;n de aut&eacute;ntico infarto. Veamos, ma&ntilde;ana martes, no se en que horario pero supongo que por la tarde \/ noche, saldr&aacute; a la luz [&hellip;]\" \/>\n<meta property=\"og:url\" content=\"https:\/\/www.uruloki.org\/felipeblog\/cine-de-ciencia-ficcion\/primeros-carteles-de-cowboys-aliens-y-pirates-of-the-caribbean-on-stranger-tides-darren-arofnosky-presenta-the-wolverine-y-asegura-que-no-ser-una-secuela-a-un-tris-de-los-trailers-de\" \/>\n<meta property=\"og:site_name\" content=\"Uruloki :: Blog\" \/>\n<meta property=\"article:publisher\" content=\"https:\/\/www.facebook.com\/uruloki.org\" \/>\n<meta property=\"article:published_time\" content=\"2010-11-15T20:49:14+00:00\" \/>\n<meta property=\"article:modified_time\" content=\"2010-11-16T12:43:57+00:00\" \/>\n<meta property=\"og:image\" content=\"https:\/\/uruloki.org\/felipeblog\/images2010-2\/20101116-cowboys-and-aliens.jpg\" \/>\n<meta name=\"author\" content=\"Uruloki\" \/>\n<meta name=\"twitter:card\" content=\"summary_large_image\" \/>\n<meta name=\"twitter:creator\" content=\"@uruloki\" \/>\n<meta name=\"twitter:site\" content=\"@uruloki\" \/>\n<meta name=\"twitter:label1\" content=\"Escrito por\" \/>\n\t<meta name=\"twitter:data1\" content=\"Uruloki\" \/>\n\t<meta name=\"twitter:label2\" content=\"Tiempo de lectura\" \/>\n\t<meta name=\"twitter:data2\" content=\"5 minutos\" \/>\n<script type=\"application\/ld+json\" class=\"yoast-schema-graph\">{\"@context\":\"https:\/\/schema.org\",\"@graph\":[{\"@type\":\"WebPage\",\"@id\":\"https:\/\/www.uruloki.org\/felipeblog\/cine-de-ciencia-ficcion\/primeros-carteles-de-cowboys-aliens-y-pirates-of-the-caribbean-on-stranger-tides-darren-arofnosky-presenta-the-wolverine-y-asegura-que-no-ser-una-secuela-a-un-tris-de-los-trailers-de\",\"url\":\"https:\/\/www.uruloki.org\/felipeblog\/cine-de-ciencia-ficcion\/primeros-carteles-de-cowboys-aliens-y-pirates-of-the-caribbean-on-stranger-tides-darren-arofnosky-presenta-the-wolverine-y-asegura-que-no-ser-una-secuela-a-un-tris-de-los-trailers-de\",\"name\":\"Primeros carteles de Cowboys &amp; Aliens y Pirates of the Caribbean: On Stranger Tides, Darren Aronofsky presenta The Wolverine y asegura que no ser&aacute; una secuela, a un tris de los trailers de Green Lantern, Cowboys &amp; Aliens y Thor, primera imagen de The Raven y nuevas de Paul, The Woman in Black o el WTF del milenio, el musical Spider-Man: Turn of the Dark... - Uruloki :: Blog\",\"isPartOf\":{\"@id\":\"https:\/\/www.uruloki.org\/felipeblog\/#website\"},\"primaryImageOfPage\":{\"@id\":\"https:\/\/www.uruloki.org\/felipeblog\/cine-de-ciencia-ficcion\/primeros-carteles-de-cowboys-aliens-y-pirates-of-the-caribbean-on-stranger-tides-darren-arofnosky-presenta-the-wolverine-y-asegura-que-no-ser-una-secuela-a-un-tris-de-los-trailers-de#primaryimage\"},\"image\":{\"@id\":\"https:\/\/www.uruloki.org\/felipeblog\/cine-de-ciencia-ficcion\/primeros-carteles-de-cowboys-aliens-y-pirates-of-the-caribbean-on-stranger-tides-darren-arofnosky-presenta-the-wolverine-y-asegura-que-no-ser-una-secuela-a-un-tris-de-los-trailers-de#primaryimage\"},\"thumbnailUrl\":\"https:\/\/uruloki.org\/felipeblog\/images2010-2\/20101116-cowboys-and-aliens.jpg\",\"datePublished\":\"2010-11-15T20:49:14+00:00\",\"dateModified\":\"2010-11-16T12:43:57+00:00\",\"author\":{\"@id\":\"https:\/\/www.uruloki.org\/felipeblog\/#\/schema\/person\/ddba06ddaa27edf0c370460d05c51bb3\"},\"breadcrumb\":{\"@id\":\"https:\/\/www.uruloki.org\/felipeblog\/cine-de-ciencia-ficcion\/primeros-carteles-de-cowboys-aliens-y-pirates-of-the-caribbean-on-stranger-tides-darren-arofnosky-presenta-the-wolverine-y-asegura-que-no-ser-una-secuela-a-un-tris-de-los-trailers-de#breadcrumb\"},\"inLanguage\":\"es\",\"potentialAction\":[{\"@type\":\"ReadAction\",\"target\":[\"https:\/\/www.uruloki.org\/felipeblog\/cine-de-ciencia-ficcion\/primeros-carteles-de-cowboys-aliens-y-pirates-of-the-caribbean-on-stranger-tides-darren-arofnosky-presenta-the-wolverine-y-asegura-que-no-ser-una-secuela-a-un-tris-de-los-trailers-de\"]}]},{\"@type\":\"ImageObject\",\"inLanguage\":\"es\",\"@id\":\"https:\/\/www.uruloki.org\/felipeblog\/cine-de-ciencia-ficcion\/primeros-carteles-de-cowboys-aliens-y-pirates-of-the-caribbean-on-stranger-tides-darren-arofnosky-presenta-the-wolverine-y-asegura-que-no-ser-una-secuela-a-un-tris-de-los-trailers-de#primaryimage\",\"url\":\"https:\/\/uruloki.org\/felipeblog\/images2010-2\/20101116-cowboys-and-aliens.jpg\",\"contentUrl\":\"https:\/\/uruloki.org\/felipeblog\/images2010-2\/20101116-cowboys-and-aliens.jpg\"},{\"@type\":\"BreadcrumbList\",\"@id\":\"https:\/\/www.uruloki.org\/felipeblog\/cine-de-ciencia-ficcion\/primeros-carteles-de-cowboys-aliens-y-pirates-of-the-caribbean-on-stranger-tides-darren-arofnosky-presenta-the-wolverine-y-asegura-que-no-ser-una-secuela-a-un-tris-de-los-trailers-de#breadcrumb\",\"itemListElement\":[{\"@type\":\"ListItem\",\"position\":1,\"name\":\"Portada\",\"item\":\"https:\/\/www.uruloki.org\/felipeblog\"},{\"@type\":\"ListItem\",\"position\":2,\"name\":\"Primeros carteles de Cowboys &amp; Aliens y Pirates of the Caribbean: On Stranger Tides, Darren Aronofsky presenta The Wolverine y asegura que no ser&aacute; una secuela, a un tris de los trailers de Green Lantern, Cowboys &amp; Aliens y Thor, primera imagen de The Raven y nuevas de Paul, The Woman in Black o el WTF del milenio, el musical Spider-Man: Turn of the Dark&#8230;\"}]},{\"@type\":\"WebSite\",\"@id\":\"https:\/\/www.uruloki.org\/felipeblog\/#website\",\"url\":\"https:\/\/www.uruloki.org\/felipeblog\/\",\"name\":\"Uruloki :: Blog\",\"description\":\"Blog de cine, terror, ciencia ficci\u00f3n, fantas\u00eda y c\u00f3mics\",\"potentialAction\":[{\"@type\":\"SearchAction\",\"target\":{\"@type\":\"EntryPoint\",\"urlTemplate\":\"https:\/\/www.uruloki.org\/felipeblog\/?s={search_term_string}\"},\"query-input\":{\"@type\":\"PropertyValueSpecification\",\"valueRequired\":true,\"valueName\":\"search_term_string\"}}],\"inLanguage\":\"es\"},{\"@type\":\"Person\",\"@id\":\"https:\/\/www.uruloki.org\/felipeblog\/#\/schema\/person\/ddba06ddaa27edf0c370460d05c51bb3\",\"name\":\"Uruloki\",\"image\":{\"@type\":\"ImageObject\",\"inLanguage\":\"es\",\"@id\":\"https:\/\/www.uruloki.org\/felipeblog\/#\/schema\/person\/image\/\",\"url\":\"https:\/\/secure.gravatar.com\/avatar\/68d5301c5f52ba88fd63f02c75b8c4d1b3c3fc4b21e2998a1e98c4b3a54d9f7c?s=96&d=mm&r=g\",\"contentUrl\":\"https:\/\/secure.gravatar.com\/avatar\/68d5301c5f52ba88fd63f02c75b8c4d1b3c3fc4b21e2998a1e98c4b3a54d9f7c?s=96&d=mm&r=g\",\"caption\":\"Uruloki\"},\"sameAs\":[\"https:\/\/uruloki.org\"],\"url\":\"https:\/\/www.uruloki.org\/felipeblog\/author\/admin-2-2-2\"}]}<\/script>\n<!-- \/ Yoast SEO plugin. -->","yoast_head_json":{"title":"Primeros carteles de Cowboys &amp; Aliens y Pirates of the Caribbean: On Stranger Tides, Darren Aronofsky presenta The Wolverine y asegura que no ser&aacute; una secuela, a un tris de los trailers de Green Lantern, Cowboys &amp; Aliens y Thor, primera imagen de The Raven y nuevas de Paul, The Woman in Black o el WTF del milenio, el musical Spider-Man: Turn of the Dark... - Uruloki :: Blog","robots":{"index":"index","follow":"follow","max-snippet":"max-snippet:-1","max-image-preview":"max-image-preview:large","max-video-preview":"max-video-preview:-1"},"canonical":"https:\/\/www.uruloki.org\/felipeblog\/cine-de-ciencia-ficcion\/primeros-carteles-de-cowboys-aliens-y-pirates-of-the-caribbean-on-stranger-tides-darren-arofnosky-presenta-the-wolverine-y-asegura-que-no-ser-una-secuela-a-un-tris-de-los-trailers-de","og_locale":"es_ES","og_type":"article","og_title":"Primeros carteles de Cowboys &amp; Aliens y Pirates of the Caribbean: On Stranger Tides, Darren Aronofsky presenta The Wolverine y asegura que no ser&aacute; una secuela, a un tris de los trailers de Green Lantern, Cowboys &amp; Aliens y Thor, primera imagen de The Raven y nuevas de Paul, The Woman in Black o el WTF del milenio, el musical Spider-Man: Turn of the Dark... - Uruloki :: Blog","og_description":"Bienvenidos a un lunes post par de d&iacute;as bastante relajaditos. El arranque de esta semana sin embargo viene repleto de cosas interesantes y, de paso, dando entrada a unos d&iacute;as que ser&aacute;n de aut&eacute;ntico infarto. Veamos, ma&ntilde;ana martes, no se en que horario pero supongo que por la tarde \/ noche, saldr&aacute; a la luz [&hellip;]","og_url":"https:\/\/www.uruloki.org\/felipeblog\/cine-de-ciencia-ficcion\/primeros-carteles-de-cowboys-aliens-y-pirates-of-the-caribbean-on-stranger-tides-darren-arofnosky-presenta-the-wolverine-y-asegura-que-no-ser-una-secuela-a-un-tris-de-los-trailers-de","og_site_name":"Uruloki :: Blog","article_publisher":"https:\/\/www.facebook.com\/uruloki.org","article_published_time":"2010-11-15T20:49:14+00:00","article_modified_time":"2010-11-16T12:43:57+00:00","og_image":[{"url":"https:\/\/uruloki.org\/felipeblog\/images2010-2\/20101116-cowboys-and-aliens.jpg","type":"","width":"","height":""}],"author":"Uruloki","twitter_card":"summary_large_image","twitter_creator":"@uruloki","twitter_site":"@uruloki","twitter_misc":{"Escrito por":"Uruloki","Tiempo de lectura":"5 minutos"},"schema":{"@context":"https:\/\/schema.org","@graph":[{"@type":"WebPage","@id":"https:\/\/www.uruloki.org\/felipeblog\/cine-de-ciencia-ficcion\/primeros-carteles-de-cowboys-aliens-y-pirates-of-the-caribbean-on-stranger-tides-darren-arofnosky-presenta-the-wolverine-y-asegura-que-no-ser-una-secuela-a-un-tris-de-los-trailers-de","url":"https:\/\/www.uruloki.org\/felipeblog\/cine-de-ciencia-ficcion\/primeros-carteles-de-cowboys-aliens-y-pirates-of-the-caribbean-on-stranger-tides-darren-arofnosky-presenta-the-wolverine-y-asegura-que-no-ser-una-secuela-a-un-tris-de-los-trailers-de","name":"Primeros carteles de Cowboys &amp; Aliens y Pirates of the Caribbean: On Stranger Tides, Darren Aronofsky presenta The Wolverine y asegura que no ser&aacute; una secuela, a un tris de los trailers de Green Lantern, Cowboys &amp; Aliens y Thor, primera imagen de The Raven y nuevas de Paul, The Woman in Black o el WTF del milenio, el musical Spider-Man: Turn of the Dark... - Uruloki :: Blog","isPartOf":{"@id":"https:\/\/www.uruloki.org\/felipeblog\/#website"},"primaryImageOfPage":{"@id":"https:\/\/www.uruloki.org\/felipeblog\/cine-de-ciencia-ficcion\/primeros-carteles-de-cowboys-aliens-y-pirates-of-the-caribbean-on-stranger-tides-darren-arofnosky-presenta-the-wolverine-y-asegura-que-no-ser-una-secuela-a-un-tris-de-los-trailers-de#primaryimage"},"image":{"@id":"https:\/\/www.uruloki.org\/felipeblog\/cine-de-ciencia-ficcion\/primeros-carteles-de-cowboys-aliens-y-pirates-of-the-caribbean-on-stranger-tides-darren-arofnosky-presenta-the-wolverine-y-asegura-que-no-ser-una-secuela-a-un-tris-de-los-trailers-de#primaryimage"},"thumbnailUrl":"https:\/\/uruloki.org\/felipeblog\/images2010-2\/20101116-cowboys-and-aliens.jpg","datePublished":"2010-11-15T20:49:14+00:00","dateModified":"2010-11-16T12:43:57+00:00","author":{"@id":"https:\/\/www.uruloki.org\/felipeblog\/#\/schema\/person\/ddba06ddaa27edf0c370460d05c51bb3"},"breadcrumb":{"@id":"https:\/\/www.uruloki.org\/felipeblog\/cine-de-ciencia-ficcion\/primeros-carteles-de-cowboys-aliens-y-pirates-of-the-caribbean-on-stranger-tides-darren-arofnosky-presenta-the-wolverine-y-asegura-que-no-ser-una-secuela-a-un-tris-de-los-trailers-de#breadcrumb"},"inLanguage":"es","potentialAction":[{"@type":"ReadAction","target":["https:\/\/www.uruloki.org\/felipeblog\/cine-de-ciencia-ficcion\/primeros-carteles-de-cowboys-aliens-y-pirates-of-the-caribbean-on-stranger-tides-darren-arofnosky-presenta-the-wolverine-y-asegura-que-no-ser-una-secuela-a-un-tris-de-los-trailers-de"]}]},{"@type":"ImageObject","inLanguage":"es","@id":"https:\/\/www.uruloki.org\/felipeblog\/cine-de-ciencia-ficcion\/primeros-carteles-de-cowboys-aliens-y-pirates-of-the-caribbean-on-stranger-tides-darren-arofnosky-presenta-the-wolverine-y-asegura-que-no-ser-una-secuela-a-un-tris-de-los-trailers-de#primaryimage","url":"https:\/\/uruloki.org\/felipeblog\/images2010-2\/20101116-cowboys-and-aliens.jpg","contentUrl":"https:\/\/uruloki.org\/felipeblog\/images2010-2\/20101116-cowboys-and-aliens.jpg"},{"@type":"BreadcrumbList","@id":"https:\/\/www.uruloki.org\/felipeblog\/cine-de-ciencia-ficcion\/primeros-carteles-de-cowboys-aliens-y-pirates-of-the-caribbean-on-stranger-tides-darren-arofnosky-presenta-the-wolverine-y-asegura-que-no-ser-una-secuela-a-un-tris-de-los-trailers-de#breadcrumb","itemListElement":[{"@type":"ListItem","position":1,"name":"Portada","item":"https:\/\/www.uruloki.org\/felipeblog"},{"@type":"ListItem","position":2,"name":"Primeros carteles de Cowboys &amp; Aliens y Pirates of the Caribbean: On Stranger Tides, Darren Aronofsky presenta The Wolverine y asegura que no ser&aacute; una secuela, a un tris de los trailers de Green Lantern, Cowboys &amp; Aliens y Thor, primera imagen de The Raven y nuevas de Paul, The Woman in Black o el WTF del milenio, el musical Spider-Man: Turn of the Dark&#8230;"}]},{"@type":"WebSite","@id":"https:\/\/www.uruloki.org\/felipeblog\/#website","url":"https:\/\/www.uruloki.org\/felipeblog\/","name":"Uruloki :: Blog","description":"Blog de cine, terror, ciencia ficci\u00f3n, fantas\u00eda y c\u00f3mics","potentialAction":[{"@type":"SearchAction","target":{"@type":"EntryPoint","urlTemplate":"https:\/\/www.uruloki.org\/felipeblog\/?s={search_term_string}"},"query-input":{"@type":"PropertyValueSpecification","valueRequired":true,"valueName":"search_term_string"}}],"inLanguage":"es"},{"@type":"Person","@id":"https:\/\/www.uruloki.org\/felipeblog\/#\/schema\/person\/ddba06ddaa27edf0c370460d05c51bb3","name":"Uruloki","image":{"@type":"ImageObject","inLanguage":"es","@id":"https:\/\/www.uruloki.org\/felipeblog\/#\/schema\/person\/image\/","url":"https:\/\/secure.gravatar.com\/avatar\/68d5301c5f52ba88fd63f02c75b8c4d1b3c3fc4b21e2998a1e98c4b3a54d9f7c?s=96&d=mm&r=g","contentUrl":"https:\/\/secure.gravatar.com\/avatar\/68d5301c5f52ba88fd63f02c75b8c4d1b3c3fc4b21e2998a1e98c4b3a54d9f7c?s=96&d=mm&r=g","caption":"Uruloki"},"sameAs":["https:\/\/uruloki.org"],"url":"https:\/\/www.uruloki.org\/felipeblog\/author\/admin-2-2-2"}]}},"_links":{"self":[{"href":"https:\/\/www.uruloki.org\/felipeblog\/wp-json\/wp\/v2\/posts\/4863","targetHints":{"allow":["GET"]}}],"collection":[{"href":"https:\/\/www.uruloki.org\/felipeblog\/wp-json\/wp\/v2\/posts"}],"about":[{"href":"https:\/\/www.uruloki.org\/felipeblog\/wp-json\/wp\/v2\/types\/post"}],"author":[{"embeddable":true,"href":"https:\/\/www.uruloki.org\/felipeblog\/wp-json\/wp\/v2\/users\/28"}],"replies":[{"embeddable":true,"href":"https:\/\/www.uruloki.org\/felipeblog\/wp-json\/wp\/v2\/comments?post=4863"}],"version-history":[{"count":3,"href":"https:\/\/www.uruloki.org\/felipeblog\/wp-json\/wp\/v2\/posts\/4863\/revisions"}],"predecessor-version":[{"id":4865,"href":"https:\/\/www.uruloki.org\/felipeblog\/wp-json\/wp\/v2\/posts\/4863\/revisions\/4865"}],"wp:attachment":[{"href":"https:\/\/www.uruloki.org\/felipeblog\/wp-json\/wp\/v2\/media?parent=4863"}],"wp:term":[{"taxonomy":"category","embeddable":true,"href":"https:\/\/www.uruloki.org\/felipeblog\/wp-json\/wp\/v2\/categories?post=4863"},{"taxonomy":"post_tag","embeddable":true,"href":"https:\/\/www.uruloki.org\/felipeblog\/wp-json\/wp\/v2\/tags?post=4863"}],"curies":[{"name":"wp","href":"https:\/\/api.w.org\/{rel}","templated":true}]}}