{"id":4461,"date":"2010-08-01T20:06:04","date_gmt":"2010-08-01T18:06:04","guid":{"rendered":"https:\/\/uruloki.org\/felipeblog\/?p=4461"},"modified":"2010-08-01T20:06:04","modified_gmt":"2010-08-01T18:06:04","slug":"spider-man-reboot-y-men-in-black-iii-ya-tiene-fecha-de-arranque-5-carteles-de-battle-los-angeles-robert-rodriguez-ha-seleccionado-deadpool-adrien-brody-ha-firmado-con-marvel-studi","status":"publish","type":"post","link":"https:\/\/www.uruloki.org\/felipeblog\/frikis-geeks\/spider-man-reboot-y-men-in-black-iii-ya-tiene-fecha-de-arranque-5-carteles-de-battle-los-angeles-robert-rodriguez-ha-seleccionado-deadpool-adrien-brody-ha-firmado-con-marvel-studi","title":{"rendered":"Spider-Man Reboot y Men in Black III ya tiene fecha de arranque, 5 carteles de Battle: Los Angeles, &iquest;Robert Rodriguez ha seleccionado Deadpool?, &iquest;Adrien Brody ha firmado con Marvel Studios?, &iquest;Van Helsing sin Guillermo del Toro pero con Tom Cruise? y c&oacute;mo hubiera sido Crep&uacute;sculo si hubiese sido rodada para hombres&#8230;"},"content":{"rendered":"<p>Tarde de domingo y momento de ponerse al d&iacute;a con las &uacute;ltimas  sorpresillas. Habitualmente hoy ser&iacute;a el d&iacute;a de la opini&oacute;n, pero visto lo visto, y que para poder disfrutar de cine de g&eacute;nero hay que vivir en una ciudad de m&aacute;s de 200.000 habitantes, habr&aacute; que hacer acopio de &uacute;ltimas noticias, rumores o promoci&oacute;n de esos proyectos presentes y futuros. Comencemos con una breve de fechas de inicio de rodaje que se hace oficiales. <a href=\"http:\/\/www.superherohype.com\/news\/articles\/105003-spider-man-and-men-in-black-iii-start-dates\" target=\"_blank\">SuperheroHype nos comenta<\/a> que <strong>Sony<\/strong> \/ <strong>Columbia<\/strong> ya ha decidido cuando se pondr&aacute;n en marcha el <a href=\"http:\/\/www.imdb.es\/title\/tt0948470\/\" target=\"_blank\">Spider-Man Reboot<\/a> (2012) de <a href=\"http:\/\/www.imdb.es\/name\/nm1989536\/\" target=\"_blank\">Marc Webb<\/a> y  <a href=\"http:\/\/www.imdb.es\/title\/tt1409024\/\" target=\"_blank\">Los hombres de negro III<\/a> (<em>Men in Black III<\/em>, 2012) de <a href=\"http:\/\/www.imdb.es\/name\/nm0001756\/\" target=\"_blank\">Barry Sonnenfeld<\/a>. El primero arrancar&aacute;  en diciembre de este a&ntilde;os en, supongo, sets montado en <strong>Los Angeles<\/strong>. El rodaje luego se trasladar&aacute; a <strong>New York<\/strong>. El plan, este proyecto no es de los que cambian, es estrenar el <strong>3 de julio de 2012<\/strong> con <a href=\"http:\/\/www.imdb.es\/name\/nm1940449\/\" target=\"_blank\">Andrew Gardfield<\/a> como el nuevo <strong>Peter Parker<\/strong>. Por el otro lado, los <strong>MIB<\/strong> se pondr&aacute;n en acci&oacute;n el mes que viene en <strong>New York<\/strong> para as&iacute; cumplir con lo estimado, el <strong>25 de mayo del 2012<\/strong>. Haciendo c&aacute;lculos tendremos las primeras im&aacute;genes no oficiales unas semanas despu&eacute;s del rodaje y puede que alguna gota con tintes de producci&oacute;n con cu&ntilde;o de <strong>Sony<\/strong> \/ <strong>Columbia<\/strong> en unos meses. Que bien.<\/p>\n<p class=\"centrado\"><img loading=\"lazy\" decoding=\"async\" src=\"https:\/\/uruloki.org\/felipeblog\/images2010-2\/20100801-battle-los-angeles-1.jpg\" alt=\"P&oacute;ster de Battle: Los Angeles presentado en la Comic-Con\" width=\"352\" height=\"498\" border=\"1\" \/><br \/>\n<em>P&oacute;ster de Battle: Los Angeles presentado en la Comic-Con<\/em><\/p>\n<p>Vayamos ahora con un par de rumores de bastante enjundia. <a href=\"http:\/\/latimesblogs.latimes.com\/movies\/2010\/07\/deadpool-movie-robert-rodriguez.html\" target=\"_blank\">La columna 24 Frames de Los Angeles Times nos cuenta hoy<\/a> que esos <a href=\"https:\/\/uruloki.org\/felipeblog\/cine-de-ciencia-ficcin\/robert-rodriguez-posible-director-de-deadpool-y-david-yates-tanteado-para-the-hobbit-siempre-con-el-permiso-de-peter-jackson-sam-raimi-dirigir-oz-the-great-and-powerful-primera-imagen-de\">viejos rumores<\/a> que ponen a <a href=\"http:\/\/www.imdb.es\/name\/nm0001675\/\" target=\"_blank\">Robert Rodriguez<\/a> tras la estela de <a href=\"http:\/\/www.imdb.es\/title\/tt1431045\/\" target=\"_blank\">Deadpool<\/a> (2012) podr&iacute;a acabar tornando  en realidad seg&uacute;n los susurros que se pueden escuchar en estos momentos en los pasillos de las oficinas de la <strong>20th Century Fox<\/strong>. Parece ser que tras varias semanas de darle vueltas a la idea, recordemos que <a href=\"https:\/\/uruloki.org\/felipeblog\/cine-de-ciencia-ficcin\/comic-con-2010-robert-rodriguez-habla-de-predators-2-deadpool-y-aqu-nos-presenta-la-sobrada-del-siglo-en-forma-de-red-band-trailer-de-machete-omg\">Rodriguez tiene en sus manos el gui&oacute;n de Deadpool<\/a> escrito por <a href=\"http:\/\/www.imdb.es\/name\/nm1014201\/\" target=\"_blank\">Rhett Reese<\/a> y <a href=\"http:\/\/www.imdb.es\/name\/nm1116660\/\" target=\"_blank\">Paul Wernick<\/a>, el director \/ productor de <strong>Austin<\/strong> y la <strong>Fox<\/strong> est&aacute;n negociando. Veremos si al final se concretan estos rumores, seguro que <strong>Rodriguez<\/strong> aplicar&iacute;a el gamberrismo correcto que precisa este proyecto comiquero. <a href=\"http:\/\/avengersnews.com\/2010\/07\/27\/adrien-brody-is-close-to-signing-on-for\/\" target=\"_blank\">AvengersNews.com suelta un rumor<\/a>, que debe ser cogido con pinzas, que indica que Adrien Brody podr&iacute;a estar m&aacute;s cerca de lo esperado de un rol en un proyecto Marvel Studios posible. Recordemos que <a href=\"https:\/\/uruloki.org\/felipeblog\/cine-de-ciencia-ficcin\/comic-con-2010-primer-teaser-trailer-de-the-goon-sam-raimi-vuelve-al-western-aunque-futurista-con-la-adaptacin-comiquera-earp-saints-for-sinners-ya-hay-fecha-de-inicio-del-rodaje\">el nombre de Brody surgi&oacute; hace unas semanas<\/a>, ahora se dice que ha cerrado un acuerdo con <strong>Marvel<\/strong> para protagonizar o <a href=\"http:\/\/www.imdb.es\/title\/tt0478970\/\" target=\"_blank\">Ant-Man<\/a> (&iquest;2012?) o <a href=\"http:\/\/www.imdb.es\/title\/tt1211837\/\" target=\"_blank\">Doctor Strange<\/a> (&iquest;2013?). En fin, rumores que deben ser tomados con mucho cuidado.<\/p>\n<p class=\"centrado\"><a href=\"https:\/\/uruloki.org\/felipeblog\/images2010-2\/20100801-battle-los-angeles-5.jpg\" target=\"_blank\" onclick=\"return false;\" rel=\"shadowbox\"><img loading=\"lazy\" decoding=\"async\" src=\"https:\/\/uruloki.org\/felipeblog\/images2010-2\/20100801-battle-los-angeles-5-m.jpg\" alt=\"P&oacute;ster de Battle: Los Angeles presentado en la Comic-Con\" width=\"245\" height=\"347\" border=\"1\" \/><\/a>&nbsp;<a href=\"https:\/\/uruloki.org\/felipeblog\/images2010-2\/20100801-battle-los-angeles-4.jpg\" target=\"_blank\" onclick=\"return false;\" rel=\"shadowbox\"><img loading=\"lazy\" decoding=\"async\" src=\"https:\/\/uruloki.org\/felipeblog\/images2010-2\/20100801-battle-los-angeles-4-m.jpg\" alt=\"P&oacute;ster de Battle: Los Angeles presentado en la Comic-Con\" width=\"245\" height=\"347\" border=\"1\" \/><\/a><em>P&oacute;sters de Battle: Los Angeles presentado en la Comic-Con<\/em><\/p>\n<p>Ahora otro rumor m&aacute;s sobre un proyecto que <a href=\"https:\/\/uruloki.org\/felipeblog\/cine-de-ciencia-ficcin\/damon-lindelof-nuevo-guionista-de-la-precuela-de-alien-guillermo-del-toro-habla-del-cierre-de-double-dare-you-las-pruebas-de-maquillaje-para-frankestein-el-rumor-van-helsing-y-confirma-que-reescrib\">hasta hace unos d&iacute;as<\/a> se le colocaba en la l&iacute;nea de producci&oacute;n al bueno de <a href=\"http:\/\/www.imdb.es\/name\/nm0868219\/\" target=\"_blank\">Guillermo del Toro<\/a>. <a href=\"http:\/\/nymag.com\/daily\/entertainment\/2010\/07\/guillermo_del_toro_left_a_tom.html\" target=\"_blank\">Vulture de la New York Magazine nos dice<\/a> que ese supuesto <a href=\"http:\/\/www.imdb.es\/title\/tt1686822\/\" target=\"_blank\">Van Helsing<\/a> (&iquest;?) que <strong>Del Toro<\/strong> ten&iacute;a sobre la mesa al amparo de <strong>Universal Pictures<\/strong> como  guionista   \/ productor existe todav&iacute;a y ser&aacute;, en un futuro, una realidad. Seg&uacute;n este portal, el director mexicano tuvo durante un tiempo sobre la mesa la propuesta de la <em>major<\/em> para, en un principio, producir y escribir el proyecto que iba a co-producir y casi seguro protagonizar <a href=\"http:\/\/www.imdb.es\/name\/nm0000129\/\" target=\"_blank\">Tom Cruise<\/a>, mira tu que cosas. Con <a href=\"https:\/\/uruloki.org\/felipeblog\/cine-de-terror\/omg-omg-omg-guillermo-del-toro-podra-dirigir-at-the-mountains-of-madness-con-james-cameron-como-productor\">el reciente anuncio<\/a> de que <strong>Del Toro<\/strong> finalmente podr&aacute; rodar <a href=\"http:\/\/www.imdb.es\/title\/tt1118070\/\" target=\"_blank\">At the Mountains of Madness<\/a> (&iquest;2013?) gracias al impagable apoyo de <a href=\"http:\/\/www.imdb.es\/name\/nm0000116\/\" target=\"_blank\">James Cameron<\/a>, <strong>Universal<\/strong> se qued&oacute; sin este para apoyar el relanzamiento del archienemigo de <strong>Dr&aacute;cula<\/strong>. Pero ojo, <strong>Vulture<\/strong> avisa que esto no es el fin y que <strong>Universal Pictures<\/strong> sigue con el plan activo. <strong>Van Helsing<\/strong> llegar&aacute; a la gran pantalla otra vez con, supuestamente, <strong>Tom Cruise<\/strong> como protagonista.<\/p>\n<p class=\"centrado\"><a href=\"https:\/\/uruloki.org\/felipeblog\/images2010-2\/20100801-battle-los-angeles-3.jpg\" target=\"_blank\" onclick=\"return false;\" rel=\"shadowbox\"><img loading=\"lazy\" decoding=\"async\" src=\"https:\/\/uruloki.org\/felipeblog\/images2010-2\/20100801-battle-los-angeles-3-m.jpg\" alt=\"P&oacute;ster de Battle: Los Angeles presentado en la Comic-Con\" width=\"245\" height=\"347\" border=\"1\" \/><\/a>&nbsp;<a href=\"https:\/\/uruloki.org\/felipeblog\/images2010-2\/20100801-battle-los-angeles-2.jpg\" target=\"_blank\" onclick=\"return false;\" rel=\"shadowbox\"><img loading=\"lazy\" decoding=\"async\" src=\"https:\/\/uruloki.org\/felipeblog\/images2010-2\/20100801-battle-los-angeles-2-m.jpg\" alt=\"P&oacute;ster de Battle: Los Angeles presentado en la Comic-Con\" width=\"245\" height=\"347\" border=\"1\" \/><\/a><br \/>\n<em>P&oacute;sters de Battle: Los Angeles presentado en la Comic-Con<\/em><\/p>\n<p>Como despedida de este domingo os quiero dejar un enlace a un v&iacute;deo de <strong>YouTube<\/strong> que me he <a href=\"http:\/\/www.worstpreviews.com\/headline.php?id=18211\">encontrado en WorstPreviews.com<\/a> donde se muestra de forma jocosa el equivalente de la saga <strong>Crep&uacute;sculo<\/strong> si esta hubiera sido rodada para hombres. La verdad, no tiene desperdicio&#8230; ojito, NSFW!!!<\/p>\n<div class=\"video\"><object type=\"application\/x-shockwave-flash\" data=\"http:\/\/www.youtube.com\/v\/m-8kSszZwbI&amp;hl=es_ES&amp;fs=1\" height=\"320\" width=\"500\"><param name=\"movie\" value=\"http:\/\/www.youtube.com\/v\/m-8kSszZwbI&amp;hl=es_ES&amp;fs=1\" \/><param name=\"allowFullScreen\" value=\"true\" \/><\/object><\/div>\n<p><strong class=\"nota\">&nbsp;NOTA&nbsp;<\/strong> Los carteles de <a href=\"http:\/\/www.imdb.es\/title\/tt1217613\/\" target=\"_blank\">Battle: Los Angeles<\/a> (2011) salen <a href=\"http:\/\/www.impawards.com\/2011\/battle_los_angeles.html\" target=\"_blank\">de IMPAwards<\/a>.<\/p>\n","protected":false},"excerpt":{"rendered":"<p>Tarde de domingo y momento de ponerse al d&iacute;a con las &uacute;ltimas sorpresillas. Habitualmente hoy ser&iacute;a el d&iacute;a de la opini&oacute;n, pero visto lo visto, y que para poder disfrutar de cine de g&eacute;nero hay que vivir en una ciudad de m&aacute;s de 200.000 habitantes, habr&aacute; que hacer acopio de &uacute;ltimas noticias, rumores o promoci&oacute;n [&hellip;]<\/p>\n","protected":false},"author":28,"featured_media":0,"comment_status":"open","ping_status":"open","sticky":false,"template":"","format":"standard","meta":{"footnotes":""},"categories":[10,8,7,26],"tags":[179,322,613,668,840,1192,1362],"class_list":["post-4461","post","type-post","status-publish","format-standard","hentry","category-cine-de-comics","category-cine-de-ciencia-ficcion","category-frikis-geeks","category-gdt","tag-ant-man","tag-battle-los-angeles","tag-deadpool","tag-doctor-strange","tag-men-in-black-iii","tag-ultimate-spider-man","tag-van-helsing"],"yoast_head":"<!-- This site is optimized with the Yoast SEO plugin v24.3 - https:\/\/yoast.com\/wordpress\/plugins\/seo\/ -->\n<title>Spider-Man Reboot y Men in Black III ya tiene fecha de arranque, 5 carteles de Battle: Los Angeles, &iquest;Robert Rodriguez ha seleccionado Deadpool?, &iquest;Adrien Brody ha firmado con Marvel Studios?, &iquest;Van Helsing sin Guillermo del Toro pero con Tom Cruise? y c&oacute;mo hubiera sido Crep&uacute;sculo si hubiese sido rodada para hombres... - Uruloki :: Blog<\/title>\n<meta name=\"robots\" content=\"index, follow, max-snippet:-1, max-image-preview:large, max-video-preview:-1\" \/>\n<link rel=\"canonical\" href=\"https:\/\/www.uruloki.org\/felipeblog\/frikis-geeks\/spider-man-reboot-y-men-in-black-iii-ya-tiene-fecha-de-arranque-5-carteles-de-battle-los-angeles-robert-rodriguez-ha-seleccionado-deadpool-adrien-brody-ha-firmado-con-marvel-studi\" \/>\n<meta property=\"og:locale\" content=\"es_ES\" \/>\n<meta property=\"og:type\" content=\"article\" \/>\n<meta property=\"og:title\" content=\"Spider-Man Reboot y Men in Black III ya tiene fecha de arranque, 5 carteles de Battle: Los Angeles, &iquest;Robert Rodriguez ha seleccionado Deadpool?, &iquest;Adrien Brody ha firmado con Marvel Studios?, &iquest;Van Helsing sin Guillermo del Toro pero con Tom Cruise? y c&oacute;mo hubiera sido Crep&uacute;sculo si hubiese sido rodada para hombres... - Uruloki :: Blog\" \/>\n<meta property=\"og:description\" content=\"Tarde de domingo y momento de ponerse al d&iacute;a con las &uacute;ltimas sorpresillas. Habitualmente hoy ser&iacute;a el d&iacute;a de la opini&oacute;n, pero visto lo visto, y que para poder disfrutar de cine de g&eacute;nero hay que vivir en una ciudad de m&aacute;s de 200.000 habitantes, habr&aacute; que hacer acopio de &uacute;ltimas noticias, rumores o promoci&oacute;n [&hellip;]\" \/>\n<meta property=\"og:url\" content=\"https:\/\/www.uruloki.org\/felipeblog\/frikis-geeks\/spider-man-reboot-y-men-in-black-iii-ya-tiene-fecha-de-arranque-5-carteles-de-battle-los-angeles-robert-rodriguez-ha-seleccionado-deadpool-adrien-brody-ha-firmado-con-marvel-studi\" \/>\n<meta property=\"og:site_name\" content=\"Uruloki :: Blog\" \/>\n<meta property=\"article:publisher\" content=\"https:\/\/www.facebook.com\/uruloki.org\" \/>\n<meta property=\"article:published_time\" content=\"2010-08-01T18:06:04+00:00\" \/>\n<meta property=\"og:image\" content=\"https:\/\/uruloki.org\/felipeblog\/images2010-2\/20100801-battle-los-angeles-1.jpg\" \/>\n<meta name=\"author\" content=\"Uruloki\" \/>\n<meta name=\"twitter:card\" content=\"summary_large_image\" \/>\n<meta name=\"twitter:creator\" content=\"@uruloki\" \/>\n<meta name=\"twitter:site\" content=\"@uruloki\" \/>\n<meta name=\"twitter:label1\" content=\"Escrito por\" \/>\n\t<meta name=\"twitter:data1\" content=\"Uruloki\" \/>\n\t<meta name=\"twitter:label2\" content=\"Tiempo de lectura\" \/>\n\t<meta name=\"twitter:data2\" content=\"4 minutos\" \/>\n<script type=\"application\/ld+json\" class=\"yoast-schema-graph\">{\"@context\":\"https:\/\/schema.org\",\"@graph\":[{\"@type\":\"WebPage\",\"@id\":\"https:\/\/www.uruloki.org\/felipeblog\/frikis-geeks\/spider-man-reboot-y-men-in-black-iii-ya-tiene-fecha-de-arranque-5-carteles-de-battle-los-angeles-robert-rodriguez-ha-seleccionado-deadpool-adrien-brody-ha-firmado-con-marvel-studi\",\"url\":\"https:\/\/www.uruloki.org\/felipeblog\/frikis-geeks\/spider-man-reboot-y-men-in-black-iii-ya-tiene-fecha-de-arranque-5-carteles-de-battle-los-angeles-robert-rodriguez-ha-seleccionado-deadpool-adrien-brody-ha-firmado-con-marvel-studi\",\"name\":\"Spider-Man Reboot y Men in Black III ya tiene fecha de arranque, 5 carteles de Battle: Los Angeles, &iquest;Robert Rodriguez ha seleccionado Deadpool?, &iquest;Adrien Brody ha firmado con Marvel Studios?, &iquest;Van Helsing sin Guillermo del Toro pero con Tom Cruise? y c&oacute;mo hubiera sido Crep&uacute;sculo si hubiese sido rodada para hombres... - Uruloki :: Blog\",\"isPartOf\":{\"@id\":\"https:\/\/www.uruloki.org\/felipeblog\/#website\"},\"primaryImageOfPage\":{\"@id\":\"https:\/\/www.uruloki.org\/felipeblog\/frikis-geeks\/spider-man-reboot-y-men-in-black-iii-ya-tiene-fecha-de-arranque-5-carteles-de-battle-los-angeles-robert-rodriguez-ha-seleccionado-deadpool-adrien-brody-ha-firmado-con-marvel-studi#primaryimage\"},\"image\":{\"@id\":\"https:\/\/www.uruloki.org\/felipeblog\/frikis-geeks\/spider-man-reboot-y-men-in-black-iii-ya-tiene-fecha-de-arranque-5-carteles-de-battle-los-angeles-robert-rodriguez-ha-seleccionado-deadpool-adrien-brody-ha-firmado-con-marvel-studi#primaryimage\"},\"thumbnailUrl\":\"https:\/\/uruloki.org\/felipeblog\/images2010-2\/20100801-battle-los-angeles-1.jpg\",\"datePublished\":\"2010-08-01T18:06:04+00:00\",\"dateModified\":\"2010-08-01T18:06:04+00:00\",\"author\":{\"@id\":\"https:\/\/www.uruloki.org\/felipeblog\/#\/schema\/person\/ddba06ddaa27edf0c370460d05c51bb3\"},\"breadcrumb\":{\"@id\":\"https:\/\/www.uruloki.org\/felipeblog\/frikis-geeks\/spider-man-reboot-y-men-in-black-iii-ya-tiene-fecha-de-arranque-5-carteles-de-battle-los-angeles-robert-rodriguez-ha-seleccionado-deadpool-adrien-brody-ha-firmado-con-marvel-studi#breadcrumb\"},\"inLanguage\":\"es\",\"potentialAction\":[{\"@type\":\"ReadAction\",\"target\":[\"https:\/\/www.uruloki.org\/felipeblog\/frikis-geeks\/spider-man-reboot-y-men-in-black-iii-ya-tiene-fecha-de-arranque-5-carteles-de-battle-los-angeles-robert-rodriguez-ha-seleccionado-deadpool-adrien-brody-ha-firmado-con-marvel-studi\"]}]},{\"@type\":\"ImageObject\",\"inLanguage\":\"es\",\"@id\":\"https:\/\/www.uruloki.org\/felipeblog\/frikis-geeks\/spider-man-reboot-y-men-in-black-iii-ya-tiene-fecha-de-arranque-5-carteles-de-battle-los-angeles-robert-rodriguez-ha-seleccionado-deadpool-adrien-brody-ha-firmado-con-marvel-studi#primaryimage\",\"url\":\"https:\/\/uruloki.org\/felipeblog\/images2010-2\/20100801-battle-los-angeles-1.jpg\",\"contentUrl\":\"https:\/\/uruloki.org\/felipeblog\/images2010-2\/20100801-battle-los-angeles-1.jpg\"},{\"@type\":\"BreadcrumbList\",\"@id\":\"https:\/\/www.uruloki.org\/felipeblog\/frikis-geeks\/spider-man-reboot-y-men-in-black-iii-ya-tiene-fecha-de-arranque-5-carteles-de-battle-los-angeles-robert-rodriguez-ha-seleccionado-deadpool-adrien-brody-ha-firmado-con-marvel-studi#breadcrumb\",\"itemListElement\":[{\"@type\":\"ListItem\",\"position\":1,\"name\":\"Portada\",\"item\":\"https:\/\/www.uruloki.org\/felipeblog\"},{\"@type\":\"ListItem\",\"position\":2,\"name\":\"Spider-Man Reboot y Men in Black III ya tiene fecha de arranque, 5 carteles de Battle: Los Angeles, &iquest;Robert Rodriguez ha seleccionado Deadpool?, &iquest;Adrien Brody ha firmado con Marvel Studios?, &iquest;Van Helsing sin Guillermo del Toro pero con Tom Cruise? y c&oacute;mo hubiera sido Crep&uacute;sculo si hubiese sido rodada para hombres&#8230;\"}]},{\"@type\":\"WebSite\",\"@id\":\"https:\/\/www.uruloki.org\/felipeblog\/#website\",\"url\":\"https:\/\/www.uruloki.org\/felipeblog\/\",\"name\":\"Uruloki :: Blog\",\"description\":\"Blog de cine, terror, ciencia ficci\u00f3n, fantas\u00eda y c\u00f3mics\",\"potentialAction\":[{\"@type\":\"SearchAction\",\"target\":{\"@type\":\"EntryPoint\",\"urlTemplate\":\"https:\/\/www.uruloki.org\/felipeblog\/?s={search_term_string}\"},\"query-input\":{\"@type\":\"PropertyValueSpecification\",\"valueRequired\":true,\"valueName\":\"search_term_string\"}}],\"inLanguage\":\"es\"},{\"@type\":\"Person\",\"@id\":\"https:\/\/www.uruloki.org\/felipeblog\/#\/schema\/person\/ddba06ddaa27edf0c370460d05c51bb3\",\"name\":\"Uruloki\",\"image\":{\"@type\":\"ImageObject\",\"inLanguage\":\"es\",\"@id\":\"https:\/\/www.uruloki.org\/felipeblog\/#\/schema\/person\/image\/\",\"url\":\"https:\/\/secure.gravatar.com\/avatar\/68d5301c5f52ba88fd63f02c75b8c4d1b3c3fc4b21e2998a1e98c4b3a54d9f7c?s=96&d=mm&r=g\",\"contentUrl\":\"https:\/\/secure.gravatar.com\/avatar\/68d5301c5f52ba88fd63f02c75b8c4d1b3c3fc4b21e2998a1e98c4b3a54d9f7c?s=96&d=mm&r=g\",\"caption\":\"Uruloki\"},\"sameAs\":[\"https:\/\/uruloki.org\"],\"url\":\"https:\/\/www.uruloki.org\/felipeblog\/author\/admin-2-2-2\"}]}<\/script>\n<!-- \/ Yoast SEO plugin. -->","yoast_head_json":{"title":"Spider-Man Reboot y Men in Black III ya tiene fecha de arranque, 5 carteles de Battle: Los Angeles, &iquest;Robert Rodriguez ha seleccionado Deadpool?, &iquest;Adrien Brody ha firmado con Marvel Studios?, &iquest;Van Helsing sin Guillermo del Toro pero con Tom Cruise? y c&oacute;mo hubiera sido Crep&uacute;sculo si hubiese sido rodada para hombres... - Uruloki :: Blog","robots":{"index":"index","follow":"follow","max-snippet":"max-snippet:-1","max-image-preview":"max-image-preview:large","max-video-preview":"max-video-preview:-1"},"canonical":"https:\/\/www.uruloki.org\/felipeblog\/frikis-geeks\/spider-man-reboot-y-men-in-black-iii-ya-tiene-fecha-de-arranque-5-carteles-de-battle-los-angeles-robert-rodriguez-ha-seleccionado-deadpool-adrien-brody-ha-firmado-con-marvel-studi","og_locale":"es_ES","og_type":"article","og_title":"Spider-Man Reboot y Men in Black III ya tiene fecha de arranque, 5 carteles de Battle: Los Angeles, &iquest;Robert Rodriguez ha seleccionado Deadpool?, &iquest;Adrien Brody ha firmado con Marvel Studios?, &iquest;Van Helsing sin Guillermo del Toro pero con Tom Cruise? y c&oacute;mo hubiera sido Crep&uacute;sculo si hubiese sido rodada para hombres... - Uruloki :: Blog","og_description":"Tarde de domingo y momento de ponerse al d&iacute;a con las &uacute;ltimas sorpresillas. Habitualmente hoy ser&iacute;a el d&iacute;a de la opini&oacute;n, pero visto lo visto, y que para poder disfrutar de cine de g&eacute;nero hay que vivir en una ciudad de m&aacute;s de 200.000 habitantes, habr&aacute; que hacer acopio de &uacute;ltimas noticias, rumores o promoci&oacute;n [&hellip;]","og_url":"https:\/\/www.uruloki.org\/felipeblog\/frikis-geeks\/spider-man-reboot-y-men-in-black-iii-ya-tiene-fecha-de-arranque-5-carteles-de-battle-los-angeles-robert-rodriguez-ha-seleccionado-deadpool-adrien-brody-ha-firmado-con-marvel-studi","og_site_name":"Uruloki :: Blog","article_publisher":"https:\/\/www.facebook.com\/uruloki.org","article_published_time":"2010-08-01T18:06:04+00:00","og_image":[{"url":"https:\/\/uruloki.org\/felipeblog\/images2010-2\/20100801-battle-los-angeles-1.jpg","type":"","width":"","height":""}],"author":"Uruloki","twitter_card":"summary_large_image","twitter_creator":"@uruloki","twitter_site":"@uruloki","twitter_misc":{"Escrito por":"Uruloki","Tiempo de lectura":"4 minutos"},"schema":{"@context":"https:\/\/schema.org","@graph":[{"@type":"WebPage","@id":"https:\/\/www.uruloki.org\/felipeblog\/frikis-geeks\/spider-man-reboot-y-men-in-black-iii-ya-tiene-fecha-de-arranque-5-carteles-de-battle-los-angeles-robert-rodriguez-ha-seleccionado-deadpool-adrien-brody-ha-firmado-con-marvel-studi","url":"https:\/\/www.uruloki.org\/felipeblog\/frikis-geeks\/spider-man-reboot-y-men-in-black-iii-ya-tiene-fecha-de-arranque-5-carteles-de-battle-los-angeles-robert-rodriguez-ha-seleccionado-deadpool-adrien-brody-ha-firmado-con-marvel-studi","name":"Spider-Man Reboot y Men in Black III ya tiene fecha de arranque, 5 carteles de Battle: Los Angeles, &iquest;Robert Rodriguez ha seleccionado Deadpool?, &iquest;Adrien Brody ha firmado con Marvel Studios?, &iquest;Van Helsing sin Guillermo del Toro pero con Tom Cruise? y c&oacute;mo hubiera sido Crep&uacute;sculo si hubiese sido rodada para hombres... - Uruloki :: Blog","isPartOf":{"@id":"https:\/\/www.uruloki.org\/felipeblog\/#website"},"primaryImageOfPage":{"@id":"https:\/\/www.uruloki.org\/felipeblog\/frikis-geeks\/spider-man-reboot-y-men-in-black-iii-ya-tiene-fecha-de-arranque-5-carteles-de-battle-los-angeles-robert-rodriguez-ha-seleccionado-deadpool-adrien-brody-ha-firmado-con-marvel-studi#primaryimage"},"image":{"@id":"https:\/\/www.uruloki.org\/felipeblog\/frikis-geeks\/spider-man-reboot-y-men-in-black-iii-ya-tiene-fecha-de-arranque-5-carteles-de-battle-los-angeles-robert-rodriguez-ha-seleccionado-deadpool-adrien-brody-ha-firmado-con-marvel-studi#primaryimage"},"thumbnailUrl":"https:\/\/uruloki.org\/felipeblog\/images2010-2\/20100801-battle-los-angeles-1.jpg","datePublished":"2010-08-01T18:06:04+00:00","dateModified":"2010-08-01T18:06:04+00:00","author":{"@id":"https:\/\/www.uruloki.org\/felipeblog\/#\/schema\/person\/ddba06ddaa27edf0c370460d05c51bb3"},"breadcrumb":{"@id":"https:\/\/www.uruloki.org\/felipeblog\/frikis-geeks\/spider-man-reboot-y-men-in-black-iii-ya-tiene-fecha-de-arranque-5-carteles-de-battle-los-angeles-robert-rodriguez-ha-seleccionado-deadpool-adrien-brody-ha-firmado-con-marvel-studi#breadcrumb"},"inLanguage":"es","potentialAction":[{"@type":"ReadAction","target":["https:\/\/www.uruloki.org\/felipeblog\/frikis-geeks\/spider-man-reboot-y-men-in-black-iii-ya-tiene-fecha-de-arranque-5-carteles-de-battle-los-angeles-robert-rodriguez-ha-seleccionado-deadpool-adrien-brody-ha-firmado-con-marvel-studi"]}]},{"@type":"ImageObject","inLanguage":"es","@id":"https:\/\/www.uruloki.org\/felipeblog\/frikis-geeks\/spider-man-reboot-y-men-in-black-iii-ya-tiene-fecha-de-arranque-5-carteles-de-battle-los-angeles-robert-rodriguez-ha-seleccionado-deadpool-adrien-brody-ha-firmado-con-marvel-studi#primaryimage","url":"https:\/\/uruloki.org\/felipeblog\/images2010-2\/20100801-battle-los-angeles-1.jpg","contentUrl":"https:\/\/uruloki.org\/felipeblog\/images2010-2\/20100801-battle-los-angeles-1.jpg"},{"@type":"BreadcrumbList","@id":"https:\/\/www.uruloki.org\/felipeblog\/frikis-geeks\/spider-man-reboot-y-men-in-black-iii-ya-tiene-fecha-de-arranque-5-carteles-de-battle-los-angeles-robert-rodriguez-ha-seleccionado-deadpool-adrien-brody-ha-firmado-con-marvel-studi#breadcrumb","itemListElement":[{"@type":"ListItem","position":1,"name":"Portada","item":"https:\/\/www.uruloki.org\/felipeblog"},{"@type":"ListItem","position":2,"name":"Spider-Man Reboot y Men in Black III ya tiene fecha de arranque, 5 carteles de Battle: Los Angeles, &iquest;Robert Rodriguez ha seleccionado Deadpool?, &iquest;Adrien Brody ha firmado con Marvel Studios?, &iquest;Van Helsing sin Guillermo del Toro pero con Tom Cruise? y c&oacute;mo hubiera sido Crep&uacute;sculo si hubiese sido rodada para hombres&#8230;"}]},{"@type":"WebSite","@id":"https:\/\/www.uruloki.org\/felipeblog\/#website","url":"https:\/\/www.uruloki.org\/felipeblog\/","name":"Uruloki :: Blog","description":"Blog de cine, terror, ciencia ficci\u00f3n, fantas\u00eda y c\u00f3mics","potentialAction":[{"@type":"SearchAction","target":{"@type":"EntryPoint","urlTemplate":"https:\/\/www.uruloki.org\/felipeblog\/?s={search_term_string}"},"query-input":{"@type":"PropertyValueSpecification","valueRequired":true,"valueName":"search_term_string"}}],"inLanguage":"es"},{"@type":"Person","@id":"https:\/\/www.uruloki.org\/felipeblog\/#\/schema\/person\/ddba06ddaa27edf0c370460d05c51bb3","name":"Uruloki","image":{"@type":"ImageObject","inLanguage":"es","@id":"https:\/\/www.uruloki.org\/felipeblog\/#\/schema\/person\/image\/","url":"https:\/\/secure.gravatar.com\/avatar\/68d5301c5f52ba88fd63f02c75b8c4d1b3c3fc4b21e2998a1e98c4b3a54d9f7c?s=96&d=mm&r=g","contentUrl":"https:\/\/secure.gravatar.com\/avatar\/68d5301c5f52ba88fd63f02c75b8c4d1b3c3fc4b21e2998a1e98c4b3a54d9f7c?s=96&d=mm&r=g","caption":"Uruloki"},"sameAs":["https:\/\/uruloki.org"],"url":"https:\/\/www.uruloki.org\/felipeblog\/author\/admin-2-2-2"}]}},"_links":{"self":[{"href":"https:\/\/www.uruloki.org\/felipeblog\/wp-json\/wp\/v2\/posts\/4461","targetHints":{"allow":["GET"]}}],"collection":[{"href":"https:\/\/www.uruloki.org\/felipeblog\/wp-json\/wp\/v2\/posts"}],"about":[{"href":"https:\/\/www.uruloki.org\/felipeblog\/wp-json\/wp\/v2\/types\/post"}],"author":[{"embeddable":true,"href":"https:\/\/www.uruloki.org\/felipeblog\/wp-json\/wp\/v2\/users\/28"}],"replies":[{"embeddable":true,"href":"https:\/\/www.uruloki.org\/felipeblog\/wp-json\/wp\/v2\/comments?post=4461"}],"version-history":[{"count":1,"href":"https:\/\/www.uruloki.org\/felipeblog\/wp-json\/wp\/v2\/posts\/4461\/revisions"}],"predecessor-version":[{"id":4462,"href":"https:\/\/www.uruloki.org\/felipeblog\/wp-json\/wp\/v2\/posts\/4461\/revisions\/4462"}],"wp:attachment":[{"href":"https:\/\/www.uruloki.org\/felipeblog\/wp-json\/wp\/v2\/media?parent=4461"}],"wp:term":[{"taxonomy":"category","embeddable":true,"href":"https:\/\/www.uruloki.org\/felipeblog\/wp-json\/wp\/v2\/categories?post=4461"},{"taxonomy":"post_tag","embeddable":true,"href":"https:\/\/www.uruloki.org\/felipeblog\/wp-json\/wp\/v2\/tags?post=4461"}],"curies":[{"name":"wp","href":"https:\/\/api.w.org\/{rel}","templated":true}]}}