{"id":4387,"date":"2010-07-24T22:52:36","date_gmt":"2010-07-24T20:52:36","guid":{"rendered":"https:\/\/uruloki.org\/felipeblog\/?p=4387"},"modified":"2010-07-24T22:52:36","modified_gmt":"2010-07-24T20:52:36","slug":"comic-con-2010-warner-bros-calienta-al-personal-con-el-panel-de-green-lantern-y-harry-potter-y-la-reliquias-de-la-muerte","status":"publish","type":"post","link":"https:\/\/www.uruloki.org\/felipeblog\/cine-de-comics\/comic-con-2010-warner-bros-calienta-al-personal-con-el-panel-de-green-lantern-y-harry-potter-y-la-reliquias-de-la-muerte","title":{"rendered":"Comic-Con 2010: Warner Bros. calienta al personal con el panel de Green Lantern y Harry Potter y la reliquias de la muerte&#8230;"},"content":{"rendered":"<p>Esta tarde \/ noche, por la ma&ntilde;ana temprano en <strong>San Diego<\/strong>, <strong>Warner Bros.<\/strong> se ha liado la manta a la cabeza para ense&ntilde;ar a los asistentes a la <strong>Comic-Con de San Diego<\/strong> los primeros retazos de dos de los films m&aacute;s esperados del a&ntilde;o que viene, <a href=\"http:\/\/www.imdb.es\/title\/tt1133985\/\" target=\"_blank\">Green Lantern<\/a> (2011) y <a href=\"http:\/\/www.imdb.es\/title\/tt0978764\/\" target=\"_blank\">Sucker Punch<\/a> (2011), y el adi&oacute;s definitivo a una de las sagas que m&aacute;s beneficios econ&oacute;micos le ha dado a la compa&ntilde;&iacute;a&#8230; la creaci&oacute;n de <strong>J.K. Rowling<\/strong>, <strong>Harry Potter<\/strong>. Os dejo con el resumen completito del panel despu&eacute;s de seguirlo en &quot;directo&quot; v&iacute;a <strong>FirstShowing.net<\/strong>, <strong>ScreenRant<\/strong> y <strong>SuperheroHype<\/strong>.<\/p>\n<p class=\"centrado\"><img loading=\"lazy\" decoding=\"async\" src=\"https:\/\/uruloki.org\/felipeblog\/images2010-2\/20100724-green-lantern-logo.jpg\" alt=\"Logo oficial de Green Lantern la pel&iacute;cula\" border=\"1\" height=\"316\" width=\"498\" \/><br \/>\n    <em>Logo oficial de Green Lantern la pel\u00edcula<\/em><\/p>\n<p><strong>Green Lantern<\/strong><\/p>\n<p>La presentaci&oacute;n comenz&oacute; con la aparici&oacute;n de <strong>Geoff Boucher<\/strong>, editor del blog <strong>Hero Complex<\/strong> de <strong>Los Angeles Times<\/strong>, dando entrada a <strong>Geoff Johns<\/strong>, actual cerebro de todo lo que engloba <strong>DC Entertainment Inc.<\/strong> La entrada de <strong>Johns<\/strong> sirvi&oacute; para que el personal asistente pudiera ver el <strong>clip de 60 segundos<\/strong> que se pas&oacute; de <strong>Green Lantern<\/strong>. Voz en <em>off<\/em> de <strong>Sinestro<\/strong> (<a href=\"http:\/\/www.imdb.es\/name\/nm0835016\/\" target=\"_blank\">Mark Strong<\/a>) diciendo &quot;<em>focus your willpower on the green orb in front of you, it will begin to glow<\/em>&quot; y bater&iacute;a de secuencias <em>non stop<\/em> donde la gente pudo entrever alguno de los poderes del anillo (un pu&ntilde;o gigante), im&aacute;genes de los otros <strong>Green Lantern<\/strong> y un plano del <strong>planeta Oa<\/strong>. Fin. Nada m&aacute;s. Acto seguido se dio  entrada al reparto de estrellas de la pel&iacute;cula <a href=\"http:\/\/www.imdb.es\/name\/nm0005351\/\" target=\"_blank\">Ryan Reynolds<\/a>, <a href=\"http:\/\/www.imdb.es\/name\/nm0515116\/\" target=\"_blank\">Blake Lively<\/a>, <a href=\"http:\/\/www.imdb.es\/name\/nm0765597\/\" target=\"_blank\">Peter Sarsgaard<\/a> y <strong>Mark Strong<\/strong> as&iacute; como al director <a href=\"http:\/\/www.imdb.es\/name\/nm0132709\/\" target=\"_blank\">Martin Campbell<\/a>. Lo que se ha dicho:<\/p>\n<ul>\n<li><strong>Reynolds<\/strong> confiesa que no sab&iacute;a mucho del personaje, pero que gracias a <strong>Campbell<\/strong> lo conoci&oacute; mejor y lo identific&oacute; como una amalgama de rasgos de <strong>Chuck Jaeger<\/strong> y <strong>Han Solo<\/strong>.<\/li>\n<li><strong>Sarsgaard<\/strong> descubre que la cabeza de <strong>Hector Hammond<\/strong>, el personaje que interpreta, crece m&aacute;s y m&aacute;s conforme avanza la pel&iacute;cula.<\/li>\n<li><strong>Strong<\/strong> indica que la tarea de <strong>Sinestro<\/strong> en este film es la de mentor de <strong>Hal Jordan<\/strong>, &quot;<em>lo que tenga que ocurrir m&aacute;s tarde ocurrir&aacute; m&aacute;s tarde<\/em>&quot; tercia el actor.<\/li>\n<li>Se descubre que los <strong>Green Lantern<\/strong> no llevar&aacute;n los caracter&iacute;sticos guantes blancos, queda mejor sin ellos. El traje m&aacute;s que un traje es una segunda piel, se notar&aacute;n los m&uacute;sculos, etc.<\/li>\n<li>El productor <a href=\"http:\/\/www.imdb.es\/name\/nm0209773\/\" target=\"_blank\">Donald De Line<\/a> descubre que veremos a todos los <strong>Green Lantern<\/strong> del <strong>planeta Oa<\/strong>, y que a los m&aacute;s ic&oacute;nicos se les ver&aacute; de cerca y tendr&aacute;n intervenci&oacute;n en el film. Algunos como <strong>Kilowog<\/strong> y <strong>Tomar Re<\/strong> estar&aacute;n muy presentes, otros como <strong>Salakk<\/strong>, <strong>Ke&#8217;Haan<\/strong>, <strong>Green Man<\/strong> y <strong>Bzzt<\/strong> aparecer&aacute;n por ah&iacute;.<\/li>\n<li>Sobre los personajes que intervienen en el film indican que seleccionaron aquellos que tuvieran m&aacute;s sentido para un origen de <strong>Hal Jordan<\/strong> como <strong>Green Lantern<\/strong>.<\/li>\n<li>Preguntas sobre si estamos ante un comienzo del universo DC en el cine, si <strong>Alan Scott<\/strong> estar&aacute; presente en una supuesta trilog&iacute;a de <strong>Green Lantern<\/strong> o si veremos a <strong>Mogo<\/strong> en este primer film y <strong>Geoff Johns<\/strong> escurriendo el bulto como suele hacer. Ni confirma ni desmiente, ni que si ni que no, ni chicha ni limon&aacute;&#8230;<\/li>\n<li><strong>Ryan Reynolds<\/strong> confirma que <strong>Paralax<\/strong> estar&aacute; en la pel&iacute;cula.<\/li>\n<li>Comentan que cada <strong>Green Lantern<\/strong> vuela de una forma diferente dejando una estela caracter&iacute;stica que los diferencia.<\/li>\n<li>La gente lo pide pero Warner Bros. opta por no pasar por segunda vez los 60 segundos del metraje mostrado&#8230; una pena.<\/li>\n<\/ul>\n<p><strong>Harry Potter y las reliquias de la muerte<\/strong><\/p>\n<p>11 p&iacute;rricos minutos de dedicaci&oacute;n. <strong>Geoff Boucher<\/strong> da entrada a <a href=\"http:\/\/www.imdb.es\/name\/nm0271657\/\" target=\"_blank\">Tom Felton<\/a>, <strong>Draco Malfoy<\/strong>. Esta es la estrella invitada y se pasan 5 minutos de las &uacute;ltimas pel&iacute;culas de esta importante saga: <a href=\"http:\/\/www.imdb.es\/title\/tt0926084\/\" target=\"_blank\">Harry Potter y las reliquias de la muerte (1&ordf; parte)<\/a> (Harry Potter and the Deathly Hallows: Part I, 2010) y <a href=\"http:\/\/www.imdb.es\/title\/tt0926084\/\" target=\"_blank\">Harry Potter y las reliquias de la muerte (2&ordf; Parte)<\/a> (<em>Harry Potter and the Deathly Hallows: Part II<\/em>, 2011). Chao.<\/p>\n<p>En un rato lo que falta&#8230;<\/p>\n","protected":false},"excerpt":{"rendered":"<p>Esta tarde \/ noche, por la ma&ntilde;ana temprano en San Diego, Warner Bros. se ha liado la manta a la cabeza para ense&ntilde;ar a los asistentes a la Comic-Con de San Diego los primeros retazos de dos de los films m&aacute;s esperados del a&ntilde;o que viene, Green Lantern (2011) y Sucker Punch (2011), y el [&hellip;]<\/p>\n","protected":false},"author":28,"featured_media":0,"comment_status":"open","ping_status":"open","sticky":false,"template":"","format":"standard","meta":{"footnotes":""},"categories":[10,12,1384],"tags":[3381,192,178],"class_list":["post-4387","post","type-post","status-publish","format-standard","hentry","category-cine-de-comics","category-cine-de-fantasia","category-comic-con-2010","tag-comic-con-2010","tag-green-lantern","tag-harry-potter-y-las-reliquias-de-la-muerte"],"yoast_head":"<!-- This site is optimized with the Yoast SEO plugin v24.3 - https:\/\/yoast.com\/wordpress\/plugins\/seo\/ -->\n<title>Comic-Con 2010: Warner Bros. calienta al personal con el panel de Green Lantern y Harry Potter y la reliquias de la muerte... - Uruloki :: Blog<\/title>\n<meta name=\"robots\" content=\"index, follow, max-snippet:-1, max-image-preview:large, max-video-preview:-1\" \/>\n<link rel=\"canonical\" href=\"https:\/\/www.uruloki.org\/felipeblog\/cine-de-comics\/comic-con-2010-warner-bros-calienta-al-personal-con-el-panel-de-green-lantern-y-harry-potter-y-la-reliquias-de-la-muerte\" \/>\n<meta property=\"og:locale\" content=\"es_ES\" \/>\n<meta property=\"og:type\" content=\"article\" \/>\n<meta property=\"og:title\" content=\"Comic-Con 2010: Warner Bros. calienta al personal con el panel de Green Lantern y Harry Potter y la reliquias de la muerte... - Uruloki :: Blog\" \/>\n<meta property=\"og:description\" content=\"Esta tarde \/ noche, por la ma&ntilde;ana temprano en San Diego, Warner Bros. se ha liado la manta a la cabeza para ense&ntilde;ar a los asistentes a la Comic-Con de San Diego los primeros retazos de dos de los films m&aacute;s esperados del a&ntilde;o que viene, Green Lantern (2011) y Sucker Punch (2011), y el [&hellip;]\" \/>\n<meta property=\"og:url\" content=\"https:\/\/www.uruloki.org\/felipeblog\/cine-de-comics\/comic-con-2010-warner-bros-calienta-al-personal-con-el-panel-de-green-lantern-y-harry-potter-y-la-reliquias-de-la-muerte\" \/>\n<meta property=\"og:site_name\" content=\"Uruloki :: Blog\" \/>\n<meta property=\"article:publisher\" content=\"https:\/\/www.facebook.com\/uruloki.org\" \/>\n<meta property=\"article:published_time\" content=\"2010-07-24T20:52:36+00:00\" \/>\n<meta property=\"og:image\" content=\"https:\/\/uruloki.org\/felipeblog\/images2010-2\/20100724-green-lantern-logo.jpg\" \/>\n<meta name=\"author\" content=\"Uruloki\" \/>\n<meta name=\"twitter:card\" content=\"summary_large_image\" \/>\n<meta name=\"twitter:creator\" content=\"@uruloki\" \/>\n<meta name=\"twitter:site\" content=\"@uruloki\" \/>\n<meta name=\"twitter:label1\" content=\"Escrito por\" \/>\n\t<meta name=\"twitter:data1\" content=\"Uruloki\" \/>\n\t<meta name=\"twitter:label2\" content=\"Tiempo de lectura\" \/>\n\t<meta name=\"twitter:data2\" content=\"4 minutos\" \/>\n<script type=\"application\/ld+json\" class=\"yoast-schema-graph\">{\"@context\":\"https:\/\/schema.org\",\"@graph\":[{\"@type\":\"WebPage\",\"@id\":\"https:\/\/www.uruloki.org\/felipeblog\/cine-de-comics\/comic-con-2010-warner-bros-calienta-al-personal-con-el-panel-de-green-lantern-y-harry-potter-y-la-reliquias-de-la-muerte\",\"url\":\"https:\/\/www.uruloki.org\/felipeblog\/cine-de-comics\/comic-con-2010-warner-bros-calienta-al-personal-con-el-panel-de-green-lantern-y-harry-potter-y-la-reliquias-de-la-muerte\",\"name\":\"Comic-Con 2010: Warner Bros. calienta al personal con el panel de Green Lantern y Harry Potter y la reliquias de la muerte... - Uruloki :: Blog\",\"isPartOf\":{\"@id\":\"https:\/\/www.uruloki.org\/felipeblog\/#website\"},\"primaryImageOfPage\":{\"@id\":\"https:\/\/www.uruloki.org\/felipeblog\/cine-de-comics\/comic-con-2010-warner-bros-calienta-al-personal-con-el-panel-de-green-lantern-y-harry-potter-y-la-reliquias-de-la-muerte#primaryimage\"},\"image\":{\"@id\":\"https:\/\/www.uruloki.org\/felipeblog\/cine-de-comics\/comic-con-2010-warner-bros-calienta-al-personal-con-el-panel-de-green-lantern-y-harry-potter-y-la-reliquias-de-la-muerte#primaryimage\"},\"thumbnailUrl\":\"https:\/\/uruloki.org\/felipeblog\/images2010-2\/20100724-green-lantern-logo.jpg\",\"datePublished\":\"2010-07-24T20:52:36+00:00\",\"dateModified\":\"2010-07-24T20:52:36+00:00\",\"author\":{\"@id\":\"https:\/\/www.uruloki.org\/felipeblog\/#\/schema\/person\/ddba06ddaa27edf0c370460d05c51bb3\"},\"breadcrumb\":{\"@id\":\"https:\/\/www.uruloki.org\/felipeblog\/cine-de-comics\/comic-con-2010-warner-bros-calienta-al-personal-con-el-panel-de-green-lantern-y-harry-potter-y-la-reliquias-de-la-muerte#breadcrumb\"},\"inLanguage\":\"es\",\"potentialAction\":[{\"@type\":\"ReadAction\",\"target\":[\"https:\/\/www.uruloki.org\/felipeblog\/cine-de-comics\/comic-con-2010-warner-bros-calienta-al-personal-con-el-panel-de-green-lantern-y-harry-potter-y-la-reliquias-de-la-muerte\"]}]},{\"@type\":\"ImageObject\",\"inLanguage\":\"es\",\"@id\":\"https:\/\/www.uruloki.org\/felipeblog\/cine-de-comics\/comic-con-2010-warner-bros-calienta-al-personal-con-el-panel-de-green-lantern-y-harry-potter-y-la-reliquias-de-la-muerte#primaryimage\",\"url\":\"https:\/\/uruloki.org\/felipeblog\/images2010-2\/20100724-green-lantern-logo.jpg\",\"contentUrl\":\"https:\/\/uruloki.org\/felipeblog\/images2010-2\/20100724-green-lantern-logo.jpg\"},{\"@type\":\"BreadcrumbList\",\"@id\":\"https:\/\/www.uruloki.org\/felipeblog\/cine-de-comics\/comic-con-2010-warner-bros-calienta-al-personal-con-el-panel-de-green-lantern-y-harry-potter-y-la-reliquias-de-la-muerte#breadcrumb\",\"itemListElement\":[{\"@type\":\"ListItem\",\"position\":1,\"name\":\"Portada\",\"item\":\"https:\/\/www.uruloki.org\/felipeblog\"},{\"@type\":\"ListItem\",\"position\":2,\"name\":\"Comic-Con 2010: Warner Bros. calienta al personal con el panel de Green Lantern y Harry Potter y la reliquias de la muerte&#8230;\"}]},{\"@type\":\"WebSite\",\"@id\":\"https:\/\/www.uruloki.org\/felipeblog\/#website\",\"url\":\"https:\/\/www.uruloki.org\/felipeblog\/\",\"name\":\"Uruloki :: Blog\",\"description\":\"Blog de cine, terror, ciencia ficci\u00f3n, fantas\u00eda y c\u00f3mics\",\"potentialAction\":[{\"@type\":\"SearchAction\",\"target\":{\"@type\":\"EntryPoint\",\"urlTemplate\":\"https:\/\/www.uruloki.org\/felipeblog\/?s={search_term_string}\"},\"query-input\":{\"@type\":\"PropertyValueSpecification\",\"valueRequired\":true,\"valueName\":\"search_term_string\"}}],\"inLanguage\":\"es\"},{\"@type\":\"Person\",\"@id\":\"https:\/\/www.uruloki.org\/felipeblog\/#\/schema\/person\/ddba06ddaa27edf0c370460d05c51bb3\",\"name\":\"Uruloki\",\"image\":{\"@type\":\"ImageObject\",\"inLanguage\":\"es\",\"@id\":\"https:\/\/www.uruloki.org\/felipeblog\/#\/schema\/person\/image\/\",\"url\":\"https:\/\/secure.gravatar.com\/avatar\/68d5301c5f52ba88fd63f02c75b8c4d1b3c3fc4b21e2998a1e98c4b3a54d9f7c?s=96&d=mm&r=g\",\"contentUrl\":\"https:\/\/secure.gravatar.com\/avatar\/68d5301c5f52ba88fd63f02c75b8c4d1b3c3fc4b21e2998a1e98c4b3a54d9f7c?s=96&d=mm&r=g\",\"caption\":\"Uruloki\"},\"sameAs\":[\"https:\/\/uruloki.org\"],\"url\":\"https:\/\/www.uruloki.org\/felipeblog\/author\/admin-2-2-2\"}]}<\/script>\n<!-- \/ Yoast SEO plugin. -->","yoast_head_json":{"title":"Comic-Con 2010: Warner Bros. calienta al personal con el panel de Green Lantern y Harry Potter y la reliquias de la muerte... - Uruloki :: Blog","robots":{"index":"index","follow":"follow","max-snippet":"max-snippet:-1","max-image-preview":"max-image-preview:large","max-video-preview":"max-video-preview:-1"},"canonical":"https:\/\/www.uruloki.org\/felipeblog\/cine-de-comics\/comic-con-2010-warner-bros-calienta-al-personal-con-el-panel-de-green-lantern-y-harry-potter-y-la-reliquias-de-la-muerte","og_locale":"es_ES","og_type":"article","og_title":"Comic-Con 2010: Warner Bros. calienta al personal con el panel de Green Lantern y Harry Potter y la reliquias de la muerte... - Uruloki :: Blog","og_description":"Esta tarde \/ noche, por la ma&ntilde;ana temprano en San Diego, Warner Bros. se ha liado la manta a la cabeza para ense&ntilde;ar a los asistentes a la Comic-Con de San Diego los primeros retazos de dos de los films m&aacute;s esperados del a&ntilde;o que viene, Green Lantern (2011) y Sucker Punch (2011), y el [&hellip;]","og_url":"https:\/\/www.uruloki.org\/felipeblog\/cine-de-comics\/comic-con-2010-warner-bros-calienta-al-personal-con-el-panel-de-green-lantern-y-harry-potter-y-la-reliquias-de-la-muerte","og_site_name":"Uruloki :: Blog","article_publisher":"https:\/\/www.facebook.com\/uruloki.org","article_published_time":"2010-07-24T20:52:36+00:00","og_image":[{"url":"https:\/\/uruloki.org\/felipeblog\/images2010-2\/20100724-green-lantern-logo.jpg","type":"","width":"","height":""}],"author":"Uruloki","twitter_card":"summary_large_image","twitter_creator":"@uruloki","twitter_site":"@uruloki","twitter_misc":{"Escrito por":"Uruloki","Tiempo de lectura":"4 minutos"},"schema":{"@context":"https:\/\/schema.org","@graph":[{"@type":"WebPage","@id":"https:\/\/www.uruloki.org\/felipeblog\/cine-de-comics\/comic-con-2010-warner-bros-calienta-al-personal-con-el-panel-de-green-lantern-y-harry-potter-y-la-reliquias-de-la-muerte","url":"https:\/\/www.uruloki.org\/felipeblog\/cine-de-comics\/comic-con-2010-warner-bros-calienta-al-personal-con-el-panel-de-green-lantern-y-harry-potter-y-la-reliquias-de-la-muerte","name":"Comic-Con 2010: Warner Bros. calienta al personal con el panel de Green Lantern y Harry Potter y la reliquias de la muerte... - Uruloki :: Blog","isPartOf":{"@id":"https:\/\/www.uruloki.org\/felipeblog\/#website"},"primaryImageOfPage":{"@id":"https:\/\/www.uruloki.org\/felipeblog\/cine-de-comics\/comic-con-2010-warner-bros-calienta-al-personal-con-el-panel-de-green-lantern-y-harry-potter-y-la-reliquias-de-la-muerte#primaryimage"},"image":{"@id":"https:\/\/www.uruloki.org\/felipeblog\/cine-de-comics\/comic-con-2010-warner-bros-calienta-al-personal-con-el-panel-de-green-lantern-y-harry-potter-y-la-reliquias-de-la-muerte#primaryimage"},"thumbnailUrl":"https:\/\/uruloki.org\/felipeblog\/images2010-2\/20100724-green-lantern-logo.jpg","datePublished":"2010-07-24T20:52:36+00:00","dateModified":"2010-07-24T20:52:36+00:00","author":{"@id":"https:\/\/www.uruloki.org\/felipeblog\/#\/schema\/person\/ddba06ddaa27edf0c370460d05c51bb3"},"breadcrumb":{"@id":"https:\/\/www.uruloki.org\/felipeblog\/cine-de-comics\/comic-con-2010-warner-bros-calienta-al-personal-con-el-panel-de-green-lantern-y-harry-potter-y-la-reliquias-de-la-muerte#breadcrumb"},"inLanguage":"es","potentialAction":[{"@type":"ReadAction","target":["https:\/\/www.uruloki.org\/felipeblog\/cine-de-comics\/comic-con-2010-warner-bros-calienta-al-personal-con-el-panel-de-green-lantern-y-harry-potter-y-la-reliquias-de-la-muerte"]}]},{"@type":"ImageObject","inLanguage":"es","@id":"https:\/\/www.uruloki.org\/felipeblog\/cine-de-comics\/comic-con-2010-warner-bros-calienta-al-personal-con-el-panel-de-green-lantern-y-harry-potter-y-la-reliquias-de-la-muerte#primaryimage","url":"https:\/\/uruloki.org\/felipeblog\/images2010-2\/20100724-green-lantern-logo.jpg","contentUrl":"https:\/\/uruloki.org\/felipeblog\/images2010-2\/20100724-green-lantern-logo.jpg"},{"@type":"BreadcrumbList","@id":"https:\/\/www.uruloki.org\/felipeblog\/cine-de-comics\/comic-con-2010-warner-bros-calienta-al-personal-con-el-panel-de-green-lantern-y-harry-potter-y-la-reliquias-de-la-muerte#breadcrumb","itemListElement":[{"@type":"ListItem","position":1,"name":"Portada","item":"https:\/\/www.uruloki.org\/felipeblog"},{"@type":"ListItem","position":2,"name":"Comic-Con 2010: Warner Bros. calienta al personal con el panel de Green Lantern y Harry Potter y la reliquias de la muerte&#8230;"}]},{"@type":"WebSite","@id":"https:\/\/www.uruloki.org\/felipeblog\/#website","url":"https:\/\/www.uruloki.org\/felipeblog\/","name":"Uruloki :: Blog","description":"Blog de cine, terror, ciencia ficci\u00f3n, fantas\u00eda y c\u00f3mics","potentialAction":[{"@type":"SearchAction","target":{"@type":"EntryPoint","urlTemplate":"https:\/\/www.uruloki.org\/felipeblog\/?s={search_term_string}"},"query-input":{"@type":"PropertyValueSpecification","valueRequired":true,"valueName":"search_term_string"}}],"inLanguage":"es"},{"@type":"Person","@id":"https:\/\/www.uruloki.org\/felipeblog\/#\/schema\/person\/ddba06ddaa27edf0c370460d05c51bb3","name":"Uruloki","image":{"@type":"ImageObject","inLanguage":"es","@id":"https:\/\/www.uruloki.org\/felipeblog\/#\/schema\/person\/image\/","url":"https:\/\/secure.gravatar.com\/avatar\/68d5301c5f52ba88fd63f02c75b8c4d1b3c3fc4b21e2998a1e98c4b3a54d9f7c?s=96&d=mm&r=g","contentUrl":"https:\/\/secure.gravatar.com\/avatar\/68d5301c5f52ba88fd63f02c75b8c4d1b3c3fc4b21e2998a1e98c4b3a54d9f7c?s=96&d=mm&r=g","caption":"Uruloki"},"sameAs":["https:\/\/uruloki.org"],"url":"https:\/\/www.uruloki.org\/felipeblog\/author\/admin-2-2-2"}]}},"_links":{"self":[{"href":"https:\/\/www.uruloki.org\/felipeblog\/wp-json\/wp\/v2\/posts\/4387","targetHints":{"allow":["GET"]}}],"collection":[{"href":"https:\/\/www.uruloki.org\/felipeblog\/wp-json\/wp\/v2\/posts"}],"about":[{"href":"https:\/\/www.uruloki.org\/felipeblog\/wp-json\/wp\/v2\/types\/post"}],"author":[{"embeddable":true,"href":"https:\/\/www.uruloki.org\/felipeblog\/wp-json\/wp\/v2\/users\/28"}],"replies":[{"embeddable":true,"href":"https:\/\/www.uruloki.org\/felipeblog\/wp-json\/wp\/v2\/comments?post=4387"}],"version-history":[{"count":1,"href":"https:\/\/www.uruloki.org\/felipeblog\/wp-json\/wp\/v2\/posts\/4387\/revisions"}],"predecessor-version":[{"id":4388,"href":"https:\/\/www.uruloki.org\/felipeblog\/wp-json\/wp\/v2\/posts\/4387\/revisions\/4388"}],"wp:attachment":[{"href":"https:\/\/www.uruloki.org\/felipeblog\/wp-json\/wp\/v2\/media?parent=4387"}],"wp:term":[{"taxonomy":"category","embeddable":true,"href":"https:\/\/www.uruloki.org\/felipeblog\/wp-json\/wp\/v2\/categories?post=4387"},{"taxonomy":"post_tag","embeddable":true,"href":"https:\/\/www.uruloki.org\/felipeblog\/wp-json\/wp\/v2\/tags?post=4387"}],"curies":[{"name":"wp","href":"https:\/\/api.w.org\/{rel}","templated":true}]}}