{"id":4367,"date":"2010-07-24T00:55:35","date_gmt":"2010-07-23T22:55:35","guid":{"rendered":"https:\/\/uruloki.org\/felipeblog\/?p=4367"},"modified":"2010-07-24T01:00:15","modified_gmt":"2010-07-23T23:00:15","slug":"comic-con-2010-resmenes-de-los-paneles-de-the-walking-dead-con-dos-nuevas-imgenes-y-piranha-3d-ms-en-serio-legin-se-merece-una-secuela","status":"publish","type":"post","link":"https:\/\/www.uruloki.org\/felipeblog\/cine-de-terror\/comic-con-2010-resmenes-de-los-paneles-de-the-walking-dead-con-dos-nuevas-imgenes-y-piranha-3d-ms-en-serio-legin-se-merece-una-secuela","title":{"rendered":"Comic-Con 2010: res&uacute;menes de los paneles de &quot;The Walking Dead&quot; (con dos nuevas im&aacute;genes) y  Piranha 3D m&aacute;s &iquest;en serio Legi&oacute;n se merece una secuela?&#8230;"},"content":{"rendered":"<p>Bueno, esta madrugada se han celebrado varios paneles. El primero que vamos a comentar es el del canal <strong>AMC<\/strong> para la presentaci&oacute;n de la serie <a href=\"http:\/\/www.imdb.es\/title\/tt1520211\/\" target=\"_blank\">&quot;The Walking Dead&quot;<\/a> (2010) basada en la obra de <strong>Robert Kirkman<\/strong>. En la presentaci&oacute;n ha estado dirigida por Frank Darabont y est&aacute;s son las cosas que se han desvelado:<\/p>\n<ul>\n<li><strong>&quot;The Walking Dead&quot;<\/strong> ser&aacute; emitida mundialmente y de manera simult&aacute;nea en m&aacute;s de 30 idiomas diferentes. En Espa&ntilde;a por ejemplo se podr&aacute; ver el pr&oacute;ximo oto&ntilde;o, al mismo tiempo que por ejemplo en USA.<\/li>\n<li>En la serie habr&aacute; diversos cameos, entre ellos estar&aacute; el de <strong>Charlie Adlard<\/strong>, uno de los dibujantes de la obra de <strong>Kirkman<\/strong>. Adlard har&aacute; de zombi.<\/li>\n<li>Si bien se tomar&aacute;n las decisiones necesarias para hacer la serie m&aacute;s cinematogr&aacute;fica, seguir&aacute;n fieles al destino que se narra en el c&oacute;mic.<\/li>\n<li>Han decidido ampliar ciertas partes de la historia y el propio <strong>Kirkman<\/strong> ha mostrado su encanto con esta idea.<\/li>\n<li>El compositor <a href=\"http:\/\/www.imdb.es\/name\/nm0566970\/\" target=\"_blank\">Bear McCreary<\/a>, responsable de <a href=\"http:\/\/www.imdb.es\/title\/tt0407362\/\" target=\"_blank\">&quot;Battlestar Galactica&quot;<\/a> (2004-2009) o <a href=\"http:\/\/www.imdb.es\/title\/tt0799862\/\" target=\"_blank\">&quot;Caprica&quot;<\/a> (2009-&iquest;?) , ser&aacute; el encargado de poner el tono musical a la serie.<\/li>\n<li><a href=\"http:\/\/www.imdb.es\/name\/nm0005342\/\" target=\"_blank\">Norman Reedus<\/a> es la &uacute;ltima incorporaci&oacute;n al reparto.<\/li>\n<li><a href=\"http:\/\/www.imdb.es\/name\/nm0630524\/\" target=\"_blank\">Greg Nicotero<\/a> de <strong>KNB EFX Group<\/strong>, tambi&eacute;n en la presentaci&oacute;n, ha indicado que <strong>AMC<\/strong> no ha puesto ning&uacute;n impedimento al desarrollo de la violencia en la serie. De hecho, el montaje mostrado en la <strong>Comic-Con<\/strong> ha tenido que ser muy selectivo para que no fuera censurado por la propia feria (algo que si ha ocurrido con <strong>Piranha 3D<\/strong>). Hay <em>gore<\/em> para parar un tren y m&uacute;ltiples secuencias a la <strong>Romero<\/strong>&#8230; tiros en la cabeza de los zombis, etc.<\/li>\n<\/ul>\n<p class=\"centrado\"><img loading=\"lazy\" decoding=\"async\" src=\"https:\/\/uruloki.org\/felipeblog\/images2010-2\/20100724-the-walking-dead-1.jpg\" width=\"498\" height=\"351\" border=\"1\" alt=\"Daryl Dixon (Norman Reedus) y Rick Grimes (Andrew Lincoln)\" \/><br \/>\n    <em>Daryl Dixon (Norman Reedus) y Rick Grimes (Andrew Lincoln)<\/em><\/p>\n<ul>\n<li><strong>Darabont<\/strong> ha dicho que no puede esperar a poder contar con los personajes de <strong>Michonne<\/strong> y <strong>Tyrese<\/strong> para la segunda temporada&#8230; porque si, <strong>AMC<\/strong> ha confirmado una segunda temporada ya!<\/li>\n<li>Respecto a si le gustar&iacute;a contar con alg&uacute;n director especial para futuros episodios, Darabont desvela que desear&iacute;a que <a href=\"http:\/\/www.imdb.es\/name\/nm0001681\/\" target=\"_blank\">George A. Romero<\/a> rodara un cap&iacute;tulo alg&uacute;n d&iacute;a.<\/li>\n<li>Termin&oacute; la presentaci&oacute;n indicando que la idea  es sacar una versi&oacute;n de la serie en blanco y negro cuando esta salga al mercado DVD \/ Blu-Ray.<\/li>\n<li>Sobre el metraje, pues un trailer completito con escenas de persecuci&oacute;n y muchos zombis. <\/li>\n<li>Para el que le interese comprarse <a href=\"http:\/\/shop.amctv.com\/products\/87152-the-walking-dead-limited-edition-autographed-poster\" target=\"_blank\">el cartel creado por Drew Struzan, y firmado, AMC lo vende en su web<\/a> por&#8230; 499$. Una pasta!!!<\/li>\n<\/ul>\n<p>Y lo que os comentaba de <a href=\"http:\/\/www.imdb.es\/title\/tt0464154\/\" target=\"_blank\">Piranha 3D<\/a> (2010). Resulta que alternativamente y fuera de la <strong>Comic-Con<\/strong>, debido a la censura impuesta por los encargados de montar la feria, <a href=\"http:\/\/www.imdb.es\/name\/nm0014960\/\" target=\"_blank\">Alexandre Aja<\/a> ha presentado varias escenas de la pel&iacute;cula. La respuesta de la gente ha sido un&aacute;nime&#8230; es el film m&aacute;s sangriento que se ha podido ver en much&iacute;simo tiempo. Hablan de que es tan salvaje como <a href=\"http:\/\/www.imdb.es\/title\/tt0103873\/\" target=\"_blank\">Braindead: tu madre se ha comido a mi perro<\/a> (<em>Braindead<\/em>, 1992) de <a href=\"http:\/\/www.imdb.es\/name\/nm0001392\/\" target=\"_blank\">Peter Jackson<\/a>. Se habla de secuencias salvajes, de primeros planos brutales, y de uso del 3D real como no se hab&iacute;a hecho antes&#8230; incluso parece ser que vomitan sangre en la c&aacute;mara de cara al espectador. Desmembramientos, desnudos a cascoporro, <em>gore<\/em>, <em>gore<\/em>, <em>gore<\/em> y m&aacute;s <em>gore<\/em>. Hablan de un uso excesivo y depravado de toneladas de hemoglobina, cientos de trozos de carne, miles de miembros apuntados y decenas de ba&ntilde;adores quitados. Exceso por exceso para el responsable de la bestial <a href=\"http:\/\/www.imdb.es\/title\/tt0338095\/\" target=\"_blank\">Alta tensi&oacute;n<\/a> (<em>Haute Tension<\/em>, 2003) y la no menos salvaje <a href=\"http:\/\/www.imdb.es\/title\/tt0454841\/\" target=\"_blank\">Las colinas tienen ojos<\/a> (<em>The Hills Have Eyes<\/em>, 2006).<\/p>\n<p class=\"centrado\"><img loading=\"lazy\" decoding=\"async\" src=\"https:\/\/uruloki.org\/felipeblog\/images2010-2\/20100724-the-walking-dead-2.jpg\" alt=\"Merle Dixon (Michael Rooker) and T-Dog (Iron E. Singleton)\" width=\"498\" height=\"351\" border=\"1\" \/><br \/>\n    <em>Merle Dixon (Michael Rooker) sobre T-Dog (Iron E. Singleton)<\/em><\/p>\n<p>Momento de una breve. <a href=\"http:\/\/www.bloody-disgusting.com\/news\/21022\" target=\"_blank\">Bloody Disgustin ha podido charlar con Scott Stewart<\/a>, el director de la pat&eacute;tica <a href=\"http:\/\/www.imdb.es\/title\/tt1038686\/\" target=\"_blank\">Legi&oacute;n<\/a> (<em>Legion<\/em>, 2010) y la futura <a href=\"http:\/\/www.imdb.es\/title\/tt0822847\/\" target=\"_blank\">Priest<\/a> (2011), y el director ha comentado que <strong>Sony Screen Gems<\/strong> considera que <strong>Legi&oacute;n <\/strong> ha funcionado correctamente tanto en taquilla como en el cine en casa y que piensan que una segunda parte podr&iacute;a funcionar. Por dios&#8230; que alguien les haga entrar en raz&oacute;n antes de que sea tarde!<\/p>\n","protected":false},"excerpt":{"rendered":"<p>Bueno, esta madrugada se han celebrado varios paneles. El primero que vamos a comentar es el del canal AMC para la presentaci&oacute;n de la serie &quot;The Walking Dead&quot; (2010) basada en la obra de Robert Kirkman. En la presentaci&oacute;n ha estado dirigida por Frank Darabont y est&aacute;s son las cosas que se han desvelado: &quot;The [&hellip;]<\/p>\n","protected":false},"author":28,"featured_media":0,"comment_status":"open","ping_status":"open","sticky":false,"template":"","format":"standard","meta":{"footnotes":""},"categories":[9,1384],"tags":[3381,155,1010],"class_list":["post-4367","post","type-post","status-publish","format-standard","hentry","category-cine-de-terror","category-comic-con-2010","tag-comic-con-2010","tag-piranha-3d","tag-the-walking-dead"],"yoast_head":"<!-- This site is optimized with the Yoast SEO plugin v24.3 - https:\/\/yoast.com\/wordpress\/plugins\/seo\/ -->\n<title>Comic-Con 2010: res&uacute;menes de los paneles de &quot;The Walking Dead&quot; (con dos nuevas im&aacute;genes) y Piranha 3D m&aacute;s &iquest;en serio Legi&oacute;n se merece una secuela?... - Uruloki :: Blog<\/title>\n<meta name=\"robots\" content=\"index, follow, max-snippet:-1, max-image-preview:large, max-video-preview:-1\" \/>\n<link rel=\"canonical\" href=\"https:\/\/www.uruloki.org\/felipeblog\/cine-de-terror\/comic-con-2010-resmenes-de-los-paneles-de-the-walking-dead-con-dos-nuevas-imgenes-y-piranha-3d-ms-en-serio-legin-se-merece-una-secuela\" \/>\n<meta property=\"og:locale\" content=\"es_ES\" \/>\n<meta property=\"og:type\" content=\"article\" \/>\n<meta property=\"og:title\" content=\"Comic-Con 2010: res&uacute;menes de los paneles de &quot;The Walking Dead&quot; (con dos nuevas im&aacute;genes) y Piranha 3D m&aacute;s &iquest;en serio Legi&oacute;n se merece una secuela?... - Uruloki :: Blog\" \/>\n<meta property=\"og:description\" content=\"Bueno, esta madrugada se han celebrado varios paneles. El primero que vamos a comentar es el del canal AMC para la presentaci&oacute;n de la serie &quot;The Walking Dead&quot; (2010) basada en la obra de Robert Kirkman. En la presentaci&oacute;n ha estado dirigida por Frank Darabont y est&aacute;s son las cosas que se han desvelado: &quot;The [&hellip;]\" \/>\n<meta property=\"og:url\" content=\"https:\/\/www.uruloki.org\/felipeblog\/cine-de-terror\/comic-con-2010-resmenes-de-los-paneles-de-the-walking-dead-con-dos-nuevas-imgenes-y-piranha-3d-ms-en-serio-legin-se-merece-una-secuela\" \/>\n<meta property=\"og:site_name\" content=\"Uruloki :: Blog\" \/>\n<meta property=\"article:publisher\" content=\"https:\/\/www.facebook.com\/uruloki.org\" \/>\n<meta property=\"article:published_time\" content=\"2010-07-23T22:55:35+00:00\" \/>\n<meta property=\"article:modified_time\" content=\"2010-07-23T23:00:15+00:00\" \/>\n<meta property=\"og:image\" content=\"https:\/\/uruloki.org\/felipeblog\/images2010-2\/20100724-the-walking-dead-1.jpg\" \/>\n<meta name=\"author\" content=\"Uruloki\" \/>\n<meta name=\"twitter:card\" content=\"summary_large_image\" \/>\n<meta name=\"twitter:creator\" content=\"@uruloki\" \/>\n<meta name=\"twitter:site\" content=\"@uruloki\" \/>\n<meta name=\"twitter:label1\" content=\"Escrito por\" \/>\n\t<meta name=\"twitter:data1\" content=\"Uruloki\" \/>\n\t<meta name=\"twitter:label2\" content=\"Tiempo de lectura\" \/>\n\t<meta name=\"twitter:data2\" content=\"4 minutos\" \/>\n<script type=\"application\/ld+json\" class=\"yoast-schema-graph\">{\"@context\":\"https:\/\/schema.org\",\"@graph\":[{\"@type\":\"WebPage\",\"@id\":\"https:\/\/www.uruloki.org\/felipeblog\/cine-de-terror\/comic-con-2010-resmenes-de-los-paneles-de-the-walking-dead-con-dos-nuevas-imgenes-y-piranha-3d-ms-en-serio-legin-se-merece-una-secuela\",\"url\":\"https:\/\/www.uruloki.org\/felipeblog\/cine-de-terror\/comic-con-2010-resmenes-de-los-paneles-de-the-walking-dead-con-dos-nuevas-imgenes-y-piranha-3d-ms-en-serio-legin-se-merece-una-secuela\",\"name\":\"Comic-Con 2010: res&uacute;menes de los paneles de &quot;The Walking Dead&quot; (con dos nuevas im&aacute;genes) y Piranha 3D m&aacute;s &iquest;en serio Legi&oacute;n se merece una secuela?... - Uruloki :: Blog\",\"isPartOf\":{\"@id\":\"https:\/\/www.uruloki.org\/felipeblog\/#website\"},\"primaryImageOfPage\":{\"@id\":\"https:\/\/www.uruloki.org\/felipeblog\/cine-de-terror\/comic-con-2010-resmenes-de-los-paneles-de-the-walking-dead-con-dos-nuevas-imgenes-y-piranha-3d-ms-en-serio-legin-se-merece-una-secuela#primaryimage\"},\"image\":{\"@id\":\"https:\/\/www.uruloki.org\/felipeblog\/cine-de-terror\/comic-con-2010-resmenes-de-los-paneles-de-the-walking-dead-con-dos-nuevas-imgenes-y-piranha-3d-ms-en-serio-legin-se-merece-una-secuela#primaryimage\"},\"thumbnailUrl\":\"https:\/\/uruloki.org\/felipeblog\/images2010-2\/20100724-the-walking-dead-1.jpg\",\"datePublished\":\"2010-07-23T22:55:35+00:00\",\"dateModified\":\"2010-07-23T23:00:15+00:00\",\"author\":{\"@id\":\"https:\/\/www.uruloki.org\/felipeblog\/#\/schema\/person\/ddba06ddaa27edf0c370460d05c51bb3\"},\"breadcrumb\":{\"@id\":\"https:\/\/www.uruloki.org\/felipeblog\/cine-de-terror\/comic-con-2010-resmenes-de-los-paneles-de-the-walking-dead-con-dos-nuevas-imgenes-y-piranha-3d-ms-en-serio-legin-se-merece-una-secuela#breadcrumb\"},\"inLanguage\":\"es\",\"potentialAction\":[{\"@type\":\"ReadAction\",\"target\":[\"https:\/\/www.uruloki.org\/felipeblog\/cine-de-terror\/comic-con-2010-resmenes-de-los-paneles-de-the-walking-dead-con-dos-nuevas-imgenes-y-piranha-3d-ms-en-serio-legin-se-merece-una-secuela\"]}]},{\"@type\":\"ImageObject\",\"inLanguage\":\"es\",\"@id\":\"https:\/\/www.uruloki.org\/felipeblog\/cine-de-terror\/comic-con-2010-resmenes-de-los-paneles-de-the-walking-dead-con-dos-nuevas-imgenes-y-piranha-3d-ms-en-serio-legin-se-merece-una-secuela#primaryimage\",\"url\":\"https:\/\/uruloki.org\/felipeblog\/images2010-2\/20100724-the-walking-dead-1.jpg\",\"contentUrl\":\"https:\/\/uruloki.org\/felipeblog\/images2010-2\/20100724-the-walking-dead-1.jpg\"},{\"@type\":\"BreadcrumbList\",\"@id\":\"https:\/\/www.uruloki.org\/felipeblog\/cine-de-terror\/comic-con-2010-resmenes-de-los-paneles-de-the-walking-dead-con-dos-nuevas-imgenes-y-piranha-3d-ms-en-serio-legin-se-merece-una-secuela#breadcrumb\",\"itemListElement\":[{\"@type\":\"ListItem\",\"position\":1,\"name\":\"Portada\",\"item\":\"https:\/\/www.uruloki.org\/felipeblog\"},{\"@type\":\"ListItem\",\"position\":2,\"name\":\"Comic-Con 2010: res&uacute;menes de los paneles de &quot;The Walking Dead&quot; (con dos nuevas im&aacute;genes) y Piranha 3D m&aacute;s &iquest;en serio Legi&oacute;n se merece una secuela?&#8230;\"}]},{\"@type\":\"WebSite\",\"@id\":\"https:\/\/www.uruloki.org\/felipeblog\/#website\",\"url\":\"https:\/\/www.uruloki.org\/felipeblog\/\",\"name\":\"Uruloki :: Blog\",\"description\":\"Blog de cine, terror, ciencia ficci\u00f3n, fantas\u00eda y c\u00f3mics\",\"potentialAction\":[{\"@type\":\"SearchAction\",\"target\":{\"@type\":\"EntryPoint\",\"urlTemplate\":\"https:\/\/www.uruloki.org\/felipeblog\/?s={search_term_string}\"},\"query-input\":{\"@type\":\"PropertyValueSpecification\",\"valueRequired\":true,\"valueName\":\"search_term_string\"}}],\"inLanguage\":\"es\"},{\"@type\":\"Person\",\"@id\":\"https:\/\/www.uruloki.org\/felipeblog\/#\/schema\/person\/ddba06ddaa27edf0c370460d05c51bb3\",\"name\":\"Uruloki\",\"image\":{\"@type\":\"ImageObject\",\"inLanguage\":\"es\",\"@id\":\"https:\/\/www.uruloki.org\/felipeblog\/#\/schema\/person\/image\/\",\"url\":\"https:\/\/secure.gravatar.com\/avatar\/68d5301c5f52ba88fd63f02c75b8c4d1b3c3fc4b21e2998a1e98c4b3a54d9f7c?s=96&d=mm&r=g\",\"contentUrl\":\"https:\/\/secure.gravatar.com\/avatar\/68d5301c5f52ba88fd63f02c75b8c4d1b3c3fc4b21e2998a1e98c4b3a54d9f7c?s=96&d=mm&r=g\",\"caption\":\"Uruloki\"},\"sameAs\":[\"https:\/\/uruloki.org\"],\"url\":\"https:\/\/www.uruloki.org\/felipeblog\/author\/admin-2-2-2\"}]}<\/script>\n<!-- \/ Yoast SEO plugin. -->","yoast_head_json":{"title":"Comic-Con 2010: res&uacute;menes de los paneles de &quot;The Walking Dead&quot; (con dos nuevas im&aacute;genes) y Piranha 3D m&aacute;s &iquest;en serio Legi&oacute;n se merece una secuela?... - Uruloki :: Blog","robots":{"index":"index","follow":"follow","max-snippet":"max-snippet:-1","max-image-preview":"max-image-preview:large","max-video-preview":"max-video-preview:-1"},"canonical":"https:\/\/www.uruloki.org\/felipeblog\/cine-de-terror\/comic-con-2010-resmenes-de-los-paneles-de-the-walking-dead-con-dos-nuevas-imgenes-y-piranha-3d-ms-en-serio-legin-se-merece-una-secuela","og_locale":"es_ES","og_type":"article","og_title":"Comic-Con 2010: res&uacute;menes de los paneles de &quot;The Walking Dead&quot; (con dos nuevas im&aacute;genes) y Piranha 3D m&aacute;s &iquest;en serio Legi&oacute;n se merece una secuela?... - Uruloki :: Blog","og_description":"Bueno, esta madrugada se han celebrado varios paneles. El primero que vamos a comentar es el del canal AMC para la presentaci&oacute;n de la serie &quot;The Walking Dead&quot; (2010) basada en la obra de Robert Kirkman. En la presentaci&oacute;n ha estado dirigida por Frank Darabont y est&aacute;s son las cosas que se han desvelado: &quot;The [&hellip;]","og_url":"https:\/\/www.uruloki.org\/felipeblog\/cine-de-terror\/comic-con-2010-resmenes-de-los-paneles-de-the-walking-dead-con-dos-nuevas-imgenes-y-piranha-3d-ms-en-serio-legin-se-merece-una-secuela","og_site_name":"Uruloki :: Blog","article_publisher":"https:\/\/www.facebook.com\/uruloki.org","article_published_time":"2010-07-23T22:55:35+00:00","article_modified_time":"2010-07-23T23:00:15+00:00","og_image":[{"url":"https:\/\/uruloki.org\/felipeblog\/images2010-2\/20100724-the-walking-dead-1.jpg","type":"","width":"","height":""}],"author":"Uruloki","twitter_card":"summary_large_image","twitter_creator":"@uruloki","twitter_site":"@uruloki","twitter_misc":{"Escrito por":"Uruloki","Tiempo de lectura":"4 minutos"},"schema":{"@context":"https:\/\/schema.org","@graph":[{"@type":"WebPage","@id":"https:\/\/www.uruloki.org\/felipeblog\/cine-de-terror\/comic-con-2010-resmenes-de-los-paneles-de-the-walking-dead-con-dos-nuevas-imgenes-y-piranha-3d-ms-en-serio-legin-se-merece-una-secuela","url":"https:\/\/www.uruloki.org\/felipeblog\/cine-de-terror\/comic-con-2010-resmenes-de-los-paneles-de-the-walking-dead-con-dos-nuevas-imgenes-y-piranha-3d-ms-en-serio-legin-se-merece-una-secuela","name":"Comic-Con 2010: res&uacute;menes de los paneles de &quot;The Walking Dead&quot; (con dos nuevas im&aacute;genes) y Piranha 3D m&aacute;s &iquest;en serio Legi&oacute;n se merece una secuela?... - Uruloki :: Blog","isPartOf":{"@id":"https:\/\/www.uruloki.org\/felipeblog\/#website"},"primaryImageOfPage":{"@id":"https:\/\/www.uruloki.org\/felipeblog\/cine-de-terror\/comic-con-2010-resmenes-de-los-paneles-de-the-walking-dead-con-dos-nuevas-imgenes-y-piranha-3d-ms-en-serio-legin-se-merece-una-secuela#primaryimage"},"image":{"@id":"https:\/\/www.uruloki.org\/felipeblog\/cine-de-terror\/comic-con-2010-resmenes-de-los-paneles-de-the-walking-dead-con-dos-nuevas-imgenes-y-piranha-3d-ms-en-serio-legin-se-merece-una-secuela#primaryimage"},"thumbnailUrl":"https:\/\/uruloki.org\/felipeblog\/images2010-2\/20100724-the-walking-dead-1.jpg","datePublished":"2010-07-23T22:55:35+00:00","dateModified":"2010-07-23T23:00:15+00:00","author":{"@id":"https:\/\/www.uruloki.org\/felipeblog\/#\/schema\/person\/ddba06ddaa27edf0c370460d05c51bb3"},"breadcrumb":{"@id":"https:\/\/www.uruloki.org\/felipeblog\/cine-de-terror\/comic-con-2010-resmenes-de-los-paneles-de-the-walking-dead-con-dos-nuevas-imgenes-y-piranha-3d-ms-en-serio-legin-se-merece-una-secuela#breadcrumb"},"inLanguage":"es","potentialAction":[{"@type":"ReadAction","target":["https:\/\/www.uruloki.org\/felipeblog\/cine-de-terror\/comic-con-2010-resmenes-de-los-paneles-de-the-walking-dead-con-dos-nuevas-imgenes-y-piranha-3d-ms-en-serio-legin-se-merece-una-secuela"]}]},{"@type":"ImageObject","inLanguage":"es","@id":"https:\/\/www.uruloki.org\/felipeblog\/cine-de-terror\/comic-con-2010-resmenes-de-los-paneles-de-the-walking-dead-con-dos-nuevas-imgenes-y-piranha-3d-ms-en-serio-legin-se-merece-una-secuela#primaryimage","url":"https:\/\/uruloki.org\/felipeblog\/images2010-2\/20100724-the-walking-dead-1.jpg","contentUrl":"https:\/\/uruloki.org\/felipeblog\/images2010-2\/20100724-the-walking-dead-1.jpg"},{"@type":"BreadcrumbList","@id":"https:\/\/www.uruloki.org\/felipeblog\/cine-de-terror\/comic-con-2010-resmenes-de-los-paneles-de-the-walking-dead-con-dos-nuevas-imgenes-y-piranha-3d-ms-en-serio-legin-se-merece-una-secuela#breadcrumb","itemListElement":[{"@type":"ListItem","position":1,"name":"Portada","item":"https:\/\/www.uruloki.org\/felipeblog"},{"@type":"ListItem","position":2,"name":"Comic-Con 2010: res&uacute;menes de los paneles de &quot;The Walking Dead&quot; (con dos nuevas im&aacute;genes) y Piranha 3D m&aacute;s &iquest;en serio Legi&oacute;n se merece una secuela?&#8230;"}]},{"@type":"WebSite","@id":"https:\/\/www.uruloki.org\/felipeblog\/#website","url":"https:\/\/www.uruloki.org\/felipeblog\/","name":"Uruloki :: Blog","description":"Blog de cine, terror, ciencia ficci\u00f3n, fantas\u00eda y c\u00f3mics","potentialAction":[{"@type":"SearchAction","target":{"@type":"EntryPoint","urlTemplate":"https:\/\/www.uruloki.org\/felipeblog\/?s={search_term_string}"},"query-input":{"@type":"PropertyValueSpecification","valueRequired":true,"valueName":"search_term_string"}}],"inLanguage":"es"},{"@type":"Person","@id":"https:\/\/www.uruloki.org\/felipeblog\/#\/schema\/person\/ddba06ddaa27edf0c370460d05c51bb3","name":"Uruloki","image":{"@type":"ImageObject","inLanguage":"es","@id":"https:\/\/www.uruloki.org\/felipeblog\/#\/schema\/person\/image\/","url":"https:\/\/secure.gravatar.com\/avatar\/68d5301c5f52ba88fd63f02c75b8c4d1b3c3fc4b21e2998a1e98c4b3a54d9f7c?s=96&d=mm&r=g","contentUrl":"https:\/\/secure.gravatar.com\/avatar\/68d5301c5f52ba88fd63f02c75b8c4d1b3c3fc4b21e2998a1e98c4b3a54d9f7c?s=96&d=mm&r=g","caption":"Uruloki"},"sameAs":["https:\/\/uruloki.org"],"url":"https:\/\/www.uruloki.org\/felipeblog\/author\/admin-2-2-2"}]}},"_links":{"self":[{"href":"https:\/\/www.uruloki.org\/felipeblog\/wp-json\/wp\/v2\/posts\/4367","targetHints":{"allow":["GET"]}}],"collection":[{"href":"https:\/\/www.uruloki.org\/felipeblog\/wp-json\/wp\/v2\/posts"}],"about":[{"href":"https:\/\/www.uruloki.org\/felipeblog\/wp-json\/wp\/v2\/types\/post"}],"author":[{"embeddable":true,"href":"https:\/\/www.uruloki.org\/felipeblog\/wp-json\/wp\/v2\/users\/28"}],"replies":[{"embeddable":true,"href":"https:\/\/www.uruloki.org\/felipeblog\/wp-json\/wp\/v2\/comments?post=4367"}],"version-history":[{"count":2,"href":"https:\/\/www.uruloki.org\/felipeblog\/wp-json\/wp\/v2\/posts\/4367\/revisions"}],"predecessor-version":[{"id":4369,"href":"https:\/\/www.uruloki.org\/felipeblog\/wp-json\/wp\/v2\/posts\/4367\/revisions\/4369"}],"wp:attachment":[{"href":"https:\/\/www.uruloki.org\/felipeblog\/wp-json\/wp\/v2\/media?parent=4367"}],"wp:term":[{"taxonomy":"category","embeddable":true,"href":"https:\/\/www.uruloki.org\/felipeblog\/wp-json\/wp\/v2\/categories?post=4367"},{"taxonomy":"post_tag","embeddable":true,"href":"https:\/\/www.uruloki.org\/felipeblog\/wp-json\/wp\/v2\/tags?post=4367"}],"curies":[{"name":"wp","href":"https:\/\/api.w.org\/{rel}","templated":true}]}}