{"id":4228,"date":"2010-07-08T11:48:00","date_gmt":"2010-07-08T09:48:00","guid":{"rendered":"https:\/\/uruloki.org\/felipeblog\/?p=4228"},"modified":"2010-07-08T18:47:49","modified_gmt":"2010-07-08T16:47:49","slug":"bestial-batera-de-imgenes-de-machete-drive-angry-3d-red-scott-pilgrim-vs-the-world-y-paul-confirmadas-para-la-comic-con-2010-joss-whedon-y-j-j-abrams-compartiendo-panel","status":"publish","type":"post","link":"https:\/\/www.uruloki.org\/felipeblog\/cine-de-ciencia-ficcion\/bestial-batera-de-imgenes-de-machete-drive-angry-3d-red-scott-pilgrim-vs-the-world-y-paul-confirmadas-para-la-comic-con-2010-joss-whedon-y-j-j-abrams-compartiendo-panel","title":{"rendered":"Bestial bater&iacute;a de im&aacute;genes de Machete, Drive Angry 3D, Red, Scott Pilgrim vs. The World y Paul confirmadas para la Comic-Con 2010, &iquest;Joss Whedon y J.J. Abrams compartiendo panel?, George Miller confirma que rodar&aacute; en 3D Mad Max: Fury Road, &iquest;ya tenemos C&iacute;clope en X-Men: First Class? y detalles de Ghost Rider: Spirit of Vengeance, Hombres de Negro 3 o Captain America: The First Avenger&#8230;"},"content":{"rendered":"<p>Si ayer uno se mor&iacute;a de calor, y disfrutaba de la clasificaci&oacute;n de <strong>Espa&ntilde;a<\/strong> para la final del <strong>Mundial de F&uacute;tbol de Sud&aacute;frica 2010<\/strong>, hoy el d&iacute;a ha amanecido lloviendo aunque igual con un poco de suerte levanta y todo. Antes de centrarme en las noticias del d&iacute;a hago la presentaci&oacute;n de im&aacute;genes que acompa&ntilde;an el post de hoy, una bestial bater&iacute;a de fotograf&iacute;as de <a href=\"http:\/\/www.imdb.es\/title\/tt0985694\/\" target=\"_blank\">Machete<\/a> (2010) de <a href=\"http:\/\/www.imdb.es\/name\/nm0542450\/\" target=\"_blank\">Ethan Maniquis<\/a> y <a href=\"http:\/\/www.imdb.es\/name\/nm0001675\/\" target=\"_blank\">Robert Rodriguez<\/a>. Las im&aacute;genes llegan de a partes iguales de <a href=\"http:\/\/www.latinoreview.com\/news\/exclusive-machete-photos-10429\" target=\"_blank\">LatinoReview.com<\/a>, <a href=\"http:\/\/chud.com\/articles\/articles\/24350\/1\/EXCLUSIVE-MACHETE-CHARACTER-POSTER-AND-IMAGE\/Page1.html\" target=\"_blank\">CHUD<\/a>, <a href=\"http:\/\/www.firstshowing.net\/2010\/07\/07\/exclusive-two-new-photos-for-danny-trejos-machete-movie\/\" target=\"_blank\">FirstShowing.net<\/a>, <a href=\"http:\/\/www.slashfilm.com\/2010\/07\/07\/exclusive-two-high-res-grindhouse-flavored-images-from-machete\/\" target=\"_blank\">\/Films<\/a>, <a href=\"http:\/\/www.comingsoon.net\/news\/movienews.php?id=67765\" target=\"_blank\">ComingSoon.net<\/a>, <a href=\"http:\/\/www.collider.com\/2010\/07\/07\/exclusive-machete-images-jessica-alba-don-johnson\/\" target=\"_blank\">Collider.com<\/a> y creo que no me dejo a nadie. Junto a las im&aacute;genes tenemos tambi&eacute;n un par de p&oacute;sters dedicados a los personajes de <a href=\"https:\/\/uruloki.org\/felipeblog\/images2010\/20100708-machete-poster-2.jpg\" target=\"_blank\" rel=\"shadowbox\" onclick=\"return false;\">El senador<\/a>, interpretado por <a href=\"http:\/\/www.imdb.es\/name\/nm0000134\/\" target=\"_blank\">Robert De Niro<\/a>, y el de <a href=\"https:\/\/uruloki.org\/felipeblog\/images2010\/20100708-machete-poster-1.jpg\" target=\"_blank\" onclick=\"return false;\" rel=\"shadowbox\">Sartana<\/a>, <a href=\"http:\/\/www.imdb.es\/name\/nm0004695\/\" target=\"_blank\">Jessica Alba<\/a>. En las im&aacute;genes, os las dejo a continuaci&oacute;n, podemos ver a <a href=\"http:\/\/www.imdb.es\/name\/nm0001803\/\" target=\"_blank\">Danny Trejo<\/a> como <strong>Machete<\/strong>, a <a href=\"http:\/\/www.imdb.es\/name\/nm0735442\/\" target=\"_blank\">Michelle Rodriguez<\/a> como <strong>Luz<\/strong>, <a href=\"http:\/\/www.imdb.es\/name\/nm0000219\/\" target=\"_blank\">Steven Seagal<\/a> como <strong>Torrez<\/strong>, a las enfermeras cachondas <a href=\"http:\/\/www.imdb.es\/name\/nm2415526\/\" target=\"_blank\">Electra Avellan<\/a> y <a href=\"http:\/\/www.imdb.es\/name\/nm2415494\/\" target=\"_blank\">Elise Avellan<\/a> o <a href=\"http:\/\/www.imdb.es\/name\/nm0000467\/\" target=\"_blank\">Don Johnson<\/a> como el <strong>Teniente Stillman<\/strong>.<\/p>\n<p class=\"centrado\"><img loading=\"lazy\" decoding=\"async\" src=\"https:\/\/uruloki.org\/felipeblog\/images2010\/20100708-machete-7.jpg\" alt=\"Fotograma de Machete\" width=\"500\" height=\"395\" \/><\/p>\n<p class=\"centrado\"><img loading=\"lazy\" decoding=\"async\" src=\"https:\/\/uruloki.org\/felipeblog\/images2010\/20100708-machete-6.jpg\" alt=\"Fotograma de Machete\" width=\"500\" height=\"395\" \/><br \/>\n<em>Fotogramas de Machete<\/em><\/p>\n<p>Vayamos ahora con las noticias del d&iacute;a. La <strong>Comic-Con de San Diego 2010<\/strong> comienza a descubrir su cartel de novedades y la primera compa&ntilde;&iacute;a que muestras sus fichas es <strong>Summit Entertainment<\/strong>. <a href=\"http:\/\/www.collider.com\/2010\/07\/07\/comic-con-2010-red-bruce-willis-drive-angry-3d-nicolas-cage-summit\/\" target=\"_blank\">En Collider.com podemos leer la nota de prensa<\/a> sacada hoy por la productora donde se anuncia que <a href=\"http:\/\/www.imdb.es\/title\/tt1245526\/\" target=\"_blank\">Red<\/a> (2010) de <a href=\"http:\/\/www.imdb.es\/name\/nm0777881\/\" target=\"_blank\">Robert Schwentke<\/a> y <a href=\"http:\/\/www.imdb.es\/title\/tt1502404\/\" target=\"_blank\">Drive Angry 3D<\/a> (2011) de <a href=\"http:\/\/www.imdb.es\/name\/nm0527261\/\" target=\"_blank\">Patrick Lussier<\/a> ser&aacute;n los platos fuertes de <strong>Summit<\/strong> este a&ntilde;o en la <strong>Comic-Con<\/strong>. Para el primer film <a href=\"http:\/\/www.imdb.es\/name\/nm0000246\/\" target=\"_blank\">Bruce Willis<\/a>, <a href=\"http:\/\/www.imdb.es\/name\/nm0000545\/\" target=\"_blank\">Helen Mirren<\/a>, <a href=\"http:\/\/www.imdb.es\/name\/nm0881631\/\" target=\"_blank\">Karl Urban<\/a> y <a href=\"http:\/\/www.imdb.es\/name\/nm0000571\/\" target=\"_blank\">Mary-Louise Parker<\/a> se unir&aacute;n al director <strong>Schwentke<\/strong> y la creador de la obra <strong>Warren Ellis<\/strong> en un panel especial donde hablar&aacute;n con los fans de la pel&iacute;cula y, esto se da por hecho, mostrar&aacute;n varios minutos del film. La presentaci&oacute;n ser&aacute; el jueves 22 de julio. En el caso de <strong>Drive Angry 3D<\/strong>, ser&aacute;n <a href=\"http:\/\/www.imdb.es\/name\/nm0000115\/\" target=\"_blank\">Nicolas Cage<\/a>, <a href=\"http:\/\/www.imdb.es\/name\/nm1720028\/\" target=\"_blank\">Amber Heard<\/a> y el director  <strong>Lussier<\/strong> quienes dar&aacute;n la cara el 23 de julio. <a href=\"http:\/\/latimesblogs.latimes.com\/herocomplex\/2010\/07\/comic-con-jj-abrams-joss-whedon.html\" target=\"_blank\">Pas&aacute;ndonos por Hero Complex podemos leer<\/a> que hoy se har&aacute; oficial el plan para el primer d&iacute;a de la feria y que hay rumores que indican que podr&iacute;amos tener un panel completito protagonizado por <a href=\"http:\/\/www.imdb.es\/name\/nm0009190\/\" target=\"_blank\">J.J. Abrams<\/a> y <a href=\"http:\/\/www.imdb.es\/name\/nm0923736\/\" target=\"_blank\">Joss Whedon<\/a>. Si esto se produce podemos esperar cualquier cosa, desde el anuncio de una colaboraci&oacute;n, hasta la presentaci&oacute;n en paralelo de cosillas para <a href=\"http:\/\/www.imdb.es\/title\/tt1650062\/\" target=\"_blank\">Super 8<\/a> (2011) y <a href=\"http:\/\/www.imdb.es\/title\/tt1259521\/\" target=\"_blank\">The Cabin in the Woods<\/a> (2011). Para rematar este apartado especial feria de las ferias, <a href=\"http:\/\/heatvision.hollywoodreporter.com\/2010\/07\/scott-pilgrim-vs-comiccon.html\" target=\"_blank\">Heat Vision nos informa<\/a> que <strong>Universal Pictures<\/strong> ha preparado un desembarco especial <a href=\"http:\/\/www.imdb.es\/title\/tt0446029\/\" target=\"_blank\">Scott Pilgrim vs. The World<\/a> (2010) de <a href=\"http:\/\/www.imdb.es\/name\/nm0942367\/\" target=\"_blank\">Edgar Wright<\/a>. La compa&ntilde;&iacute;a ha preparado una serie de actividades orientadas a los asistentes a la convenci&oacute;n con la presencia del director, <a href=\"http:\/\/www.imdb.es\/name\/nm0148418\/\" target=\"_blank\">Michael Cera<\/a>, <a href=\"http:\/\/www.imdb.es\/name\/nm0935541\/\" target=\"_blank\">Mary Elizabeth Winstead<\/a> y <a href=\"http:\/\/www.imdb.es\/name\/nm0447695\/\" target=\"_blank\">Anna Kendrick<\/a>. Y en el mismo panel que <strong>Scott Pilgrim<\/strong> tendremos la presentaci&oacute;n de la comedia de ciencia ficci&oacute;n <a href=\"http:\/\/www.imdb.es\/title\/tt1092026\/\" target=\"_blank\">Paul<\/a> (2010) de <a href=\"http:\/\/www.imdb.es\/name\/nm0609549\/\" target=\"_blank\">Greg Mottola<\/a> con la presencia de <a href=\"http:\/\/www.imdb.es\/name\/nm0670408\/\" target=\"_blank\">Simon Pegg<\/a> y <a href=\"http:\/\/www.imdb.es\/name\/nm0296545\/\" target=\"_blank\">Nick Frost<\/a>.<\/p>\n<p class=\"centrado\"><img loading=\"lazy\" decoding=\"async\" src=\"https:\/\/uruloki.org\/felipeblog\/images2010\/20100708-machete-10.jpg\" alt=\"Fotograma de Machete\" width=\"500\" height=\"395\" \/><\/p>\n<p class=\"centrado\"><img loading=\"lazy\" decoding=\"async\" src=\"https:\/\/uruloki.org\/felipeblog\/images2010\/20100708-machete-5.jpg\" alt=\"Fotograma de Machete\" width=\"500\" height=\"395\" \/><br \/>\n<em>Fotogramas de Machete<\/em><\/p>\n<p>Ahora una de fechas de estreno. <strong>Universal Pictures<\/strong> mueve pieza y coloca en la parrilla de salida una serie de estrenos interesantes. Veamos, la ciencia ficci&oacute;n de <a href=\"http:\/\/www.imdb.es\/title\/tt1385826\/\" target=\"_blank\">The Adjustment Bureau<\/a> (2010) se cae del 17 de septiembre de este a&ntilde;o a un incre&iacute;ble <strong>4 de marzo del 2011<\/strong>! Pinta bastante mal la cosa cuando ya te desplazan casi un a&ntilde;o completo, y m&aacute;s si la pel&iacute;cula est&aacute; completada. El terror de <a href=\"http:\/\/www.imdb.es\/title\/tt1314655\/\" target=\"_blank\">Devil<\/a> (2010) de los hermanos <strong>Dowdle<\/strong> se estrenar&aacute; el <strong>17 de septiembre<\/strong> que queda ahora libre. Del mismo g&eacute;nero tenemos  <a href=\"http:\/\/www.imdb.es\/title\/tt1564585\/\" target=\"_blank\">Skyline<\/a> (2010) de los Hermanos <strong>Strause<\/strong>, esa de una fiesta en un rascacielos y una invasi&oacute;n alien&iacute;gena de por medio, ver&aacute; la luz el <strong>12 de noviembre<\/strong>. Remata la jugada <a href=\"http:\/\/www.imdb.es\/title\/tt1219289\/\" target=\"_blank\">The Dark Fields<\/a> (2011) de <a href=\"http:\/\/www.imdb.es\/name\/nm1139726\/\" target=\"_blank\">Neil Burger<\/a> que se estrenar&aacute; el <strong>21 de enero<\/strong> del a&ntilde;o que viene, peg&aacute;ndose de frente con <a href=\"http:\/\/www.imdb.es\/title\/tt1270761\/\" target=\"_blank\">Don&#8217;t Be Afraid of the Dark<\/a> (2011). Cambiando de tema, aunque no de g&eacute;nero, <a href=\"http:\/\/if.com.au\/2010\/07\/06\/article\/Exclusive-Mad-Max-4-to-be-filmed-in-3D\/KTWALGZVRD\" target=\"_blank\">leemos en la revista australiana Inside Film<\/a> que, ahora oficialmente, <a href=\"http:\/\/www.imdb.es\/title\/tt1392190\/\" target=\"_blank\">Mad Max: Fury Road<\/a> (2011) de <a href=\"http:\/\/www.imdb.es\/name\/nm0004306\/\" target=\"_blank\">George Miller<\/a> ser&aacute; rodada haciendo uso de c&aacute;maras 3D. Ha sido el propio <strong>Miller<\/strong> el que lo ha comentado, y parece ser que el director aportar&aacute; importantes detalles de innovaci&oacute;n al sistema, lo que augura algo, esperemos, sorprendente.<\/p>\n<p class=\"centrado\"><img loading=\"lazy\" decoding=\"async\" src=\"https:\/\/uruloki.org\/felipeblog\/images2010\/20100708-machete-4.jpg\" alt=\"Fotograma de Machete\" width=\"500\" height=\"395\" \/><\/p>\n<p class=\"centrado\"><img loading=\"lazy\" decoding=\"async\" src=\"https:\/\/uruloki.org\/felipeblog\/images2010\/20100708-machete-9.jpg\" alt=\"Fotograma de Machete\" width=\"500\" height=\"395\" \/><br \/>\n<em>Fotogramas de Machete<\/em><\/p>\n<p>Vayamos ahora con algo de cine comiquero. <a href=\"http:\/\/www.empireonline.com\/news\/story.asp?NID=28293\" target=\"_blank\">Empire ha podido entrevistar a Chris Evan<\/a> y este, como era de esperar, ha comentado cosas acerca del traje que llevar&aacute; en <a href=\"http:\/\/www.imdb.es\/title\/tt0458339\/\" target=\"_blank\">Captain America: The First Avenger<\/a> (2011) de <a href=\"http:\/\/www.imdb.es\/name\/nm0002653\/\" target=\"_blank\">Joe Johnston<\/a>. Qu&eacute; va a decir&#8230; pues que es un traje fabuloso y todo eso. Comenta que algo m&aacute;s complejo de vestir, y no tan flexible como el que utiliz&oacute; en la mugrienta saga de los <strong>4F<\/strong>, pero no por ello menos genial. Avisa que el aspecto del traje es completamente respetuoso a la &eacute;poca en la que ser&aacute; usado, a&ntilde;os 40, etc. <a href=\"http:\/\/www.aintitcool.com\/node\/45700\" target=\"_blank\">Momento rumor salido de Ain&#8217;t It Cool News<\/a>. En la web de <strong>Harry Knowles<\/strong> se comenta que <a href=\"http:\/\/www.imdb.es\/name\/nm0891216\/\" target=\"_blank\">Matthew Vaughn<\/a> podr&iacute;a haber encontrado ya a su <strong>C&iacute;clope<\/strong> para <a href=\"http:\/\/www.imdb.es\/title\/tt1270798\/\" target=\"_blank\">X-Men: First Class<\/a> (2011). Est&aacute; claro que hacer uso del <strong>Scott Summers<\/strong> que vimos en <a href=\"http:\/\/www.imdb.es\/title\/tt0458525\/\" target=\"_blank\">X-Men or&iacute;genes: Lobezno<\/a> (<em>X-Men Origins: Wolverine<\/em>, 2009) no era una posibilidad, as&iacute; que <strong>Vaughn<\/strong> busca en el terreno que mejor conoce y contrata a <a href=\"http:\/\/www.imdb.es\/name\/nm1093951\/\" target=\"_blank\">Aaron Johnson<\/a> para el papel. Cerramos este bloque con una peque&ntilde;a intervenci&oacute;n de <a href=\"http:\/\/splashpage.mtv.com\/2010\/07\/07\/nicolas-cage-ghost-rider-2\/\" target=\"_blank\">Nicolas Cage en Splash Page MTV<\/a> charlando de <a href=\"http:\/\/www.imdb.es\/title\/tt1071875\/\" target=\"_blank\">Ghost Rider: Spirit of Vengeance<\/a> (2011). Habla <strong>Cage<\/strong> del importante factor de contar con <a href=\"http:\/\/www.imdb.es\/name\/nm0004410\/\" target=\"_blank\">Mark Neveldine<\/a> y <a href=\"http:\/\/www.imdb.es\/name\/nm0962729\/\" target=\"_blank\">Brian Taylor<\/a> como directores. Reconoce que dar&aacute;n un nuevo toque, un punto de vista diferente y fresco a la franquicia. Respecto al gui&oacute;n de <a href=\"http:\/\/www.imdb.es\/name\/nm0333060\/\" target=\"_blank\">David S. Goyer<\/a>, este ha gustado mucho a todo el mundo y se aleja bastante de la primera pel&iacute;cula del personaje, por lo que se deja entrever que de secuela poco&#8230; el actor deja caer que no es una continuaci&oacute;n.<\/p>\n<p class=\"centrado\"><img loading=\"lazy\" decoding=\"async\" src=\"https:\/\/uruloki.org\/felipeblog\/images2010\/20100708-machete-3.jpg\" alt=\"Fotograma de Machete\" width=\"500\" height=\"395\" \/><\/p>\n<p class=\"centrado\"><img loading=\"lazy\" decoding=\"async\" src=\"https:\/\/uruloki.org\/felipeblog\/images2010\/20100708-machete-2.jpg\" alt=\"Fotograma de Machete\" width=\"500\" height=\"395\" \/><br \/>\n<em>Fotogramas de Machete<\/em><\/p>\n<p>Rematamos con <a href=\"http:\/\/www.joblo.com\/index.php?id=32883\" target=\"_blank\">un interesante art&iacute;culo aparecido en JoBlo.com<\/a> sobre alguno de los secretos de <a href=\"http:\/\/www.imdb.es\/title\/tt1409024\/\" target=\"_blank\">Hombres de Negro 3<\/a> (<em>Men In Black 3<\/em>, 2011). La pel&iacute;cula contar&aacute; como el agente <strong>J<\/strong> (<a href=\"http:\/\/www.imdb.es\/name\/nm0000226\/\" target=\"_blank\">Will Smith<\/a>) viaja al pasado, 1969, para encontrarse con un joven agente <strong>K<\/strong> (<a href=\"http:\/\/www.imdb.es\/name\/nm0000982\/\" target=\"_blank\">Josh Brolin<\/a>) y ayuda a este a detener a <strong>Yaz<\/strong> (<a href=\"http:\/\/www.imdb.es\/name\/nm1318596\/\" target=\"_blank\">Jemaine Clement<\/a>), una especie de fusi&oacute;n motera de <a href=\"http:\/\/www.imdb.es\/name\/nm0000454\/\" target=\"_blank\">Dennis Hopper<\/a> y <strong>Satan&aacute;s<\/strong>. La intenci&oacute;n de <strong>Yaz<\/strong> es acabar con el pasado para que en el futuro se pueda producir la destrucci&oacute;n del mundo&#8230; un cl&aacute;sico. Uno de los mayores problemas que tendr&aacute;n en la producci&oacute;n ser&aacute; lograr que <strong>K<\/strong> aparente en 1969 la edad que realmente le corresponde para ese a&ntilde;o&#8230; 26 tacos. <strong>Brolin<\/strong> tiene ya 42 y habr&aacute; que diferenciar mucho el paso de los a&ntilde;os en comparaci&oacute;n con <a href=\"http:\/\/www.imdb.es\/name\/nm0000169\/\" target=\"_blank\">Tommy Lee Jones<\/a>, 64 ahora mismo. Alguno de los cameos que veremos por la pel&iacute;cula ser&aacute;n los de <strong>Yoko Ono<\/strong>, <strong>Jimi Hendrix<\/strong>, <strong>Fidel Castro<\/strong>, <strong>Kareem Abdul-Jabbar<\/strong> o <strong>Andy Warhol<\/strong>.<\/p>\n<p class=\"centrado\"><img loading=\"lazy\" decoding=\"async\" src=\"https:\/\/uruloki.org\/felipeblog\/images2010\/20100708-machete-8.jpg\" alt=\"Fotograma de Machete\" width=\"500\" height=\"395\" \/><\/p>\n<p class=\"centrado\"><img loading=\"lazy\" decoding=\"async\" src=\"https:\/\/uruloki.org\/felipeblog\/images2010\/20100708-machete-1.jpg\" alt=\"Fotograma de Machete\" width=\"500\" height=\"395\" \/><br \/>\n<em>Fotogramas de Machete<\/em><\/p>\n","protected":false},"excerpt":{"rendered":"<p>Si ayer uno se mor&iacute;a de calor, y disfrutaba de la clasificaci&oacute;n de Espa&ntilde;a para la final del Mundial de F&uacute;tbol de Sud&aacute;frica 2010, hoy el d&iacute;a ha amanecido lloviendo aunque igual con un poco de suerte levanta y todo. Antes de centrarme en las noticias del d&iacute;a hago la presentaci&oacute;n de im&aacute;genes que acompa&ntilde;an [&hellip;]<\/p>\n","protected":false},"author":28,"featured_media":0,"comment_status":"open","ping_status":"open","sticky":false,"template":"","format":"standard","meta":{"footnotes":""},"categories":[10,8,9,1384,22],"tags":[1389,1388,1367,299,1379,1111,688,882,300,550],"class_list":["post-4228","post","type-post","status-publish","format-standard","hentry","category-cine-de-comics","category-cine-de-ciencia-ficcion","category-cine-de-terror","category-comic-con-2010","category-grindhouse","tag-captain-america-first-class","tag-drive-angry-3d","tag-ghost-rider-spirit-of-vengeance","tag-machete","tag-mad-max-fury-road","tag-men-in-black-3","tag-paul","tag-red","tag-scott-pilgrim-vs-the-world","tag-x-men-first-class"],"yoast_head":"<!-- This site is optimized with the Yoast SEO plugin v24.3 - https:\/\/yoast.com\/wordpress\/plugins\/seo\/ -->\n<title>Bestial bater&iacute;a de im&aacute;genes de Machete, Drive Angry 3D, Red, Scott Pilgrim vs. The World y Paul confirmadas para la Comic-Con 2010, &iquest;Joss Whedon y J.J. Abrams compartiendo panel?, George Miller confirma que rodar&aacute; en 3D Mad Max: Fury Road, &iquest;ya tenemos C&iacute;clope en X-Men: First Class? y detalles de Ghost Rider: Spirit of Vengeance, Hombres de Negro 3 o Captain America: The First Avenger... - Uruloki :: Blog<\/title>\n<meta name=\"robots\" content=\"index, follow, max-snippet:-1, max-image-preview:large, max-video-preview:-1\" \/>\n<link rel=\"canonical\" href=\"https:\/\/www.uruloki.org\/felipeblog\/cine-de-ciencia-ficcion\/bestial-batera-de-imgenes-de-machete-drive-angry-3d-red-scott-pilgrim-vs-the-world-y-paul-confirmadas-para-la-comic-con-2010-joss-whedon-y-j-j-abrams-compartiendo-panel\" \/>\n<meta property=\"og:locale\" content=\"es_ES\" \/>\n<meta property=\"og:type\" content=\"article\" \/>\n<meta property=\"og:title\" content=\"Bestial bater&iacute;a de im&aacute;genes de Machete, Drive Angry 3D, Red, Scott Pilgrim vs. The World y Paul confirmadas para la Comic-Con 2010, &iquest;Joss Whedon y J.J. Abrams compartiendo panel?, George Miller confirma que rodar&aacute; en 3D Mad Max: Fury Road, &iquest;ya tenemos C&iacute;clope en X-Men: First Class? y detalles de Ghost Rider: Spirit of Vengeance, Hombres de Negro 3 o Captain America: The First Avenger... - Uruloki :: Blog\" \/>\n<meta property=\"og:description\" content=\"Si ayer uno se mor&iacute;a de calor, y disfrutaba de la clasificaci&oacute;n de Espa&ntilde;a para la final del Mundial de F&uacute;tbol de Sud&aacute;frica 2010, hoy el d&iacute;a ha amanecido lloviendo aunque igual con un poco de suerte levanta y todo. Antes de centrarme en las noticias del d&iacute;a hago la presentaci&oacute;n de im&aacute;genes que acompa&ntilde;an [&hellip;]\" \/>\n<meta property=\"og:url\" content=\"https:\/\/www.uruloki.org\/felipeblog\/cine-de-ciencia-ficcion\/bestial-batera-de-imgenes-de-machete-drive-angry-3d-red-scott-pilgrim-vs-the-world-y-paul-confirmadas-para-la-comic-con-2010-joss-whedon-y-j-j-abrams-compartiendo-panel\" \/>\n<meta property=\"og:site_name\" content=\"Uruloki :: Blog\" \/>\n<meta property=\"article:publisher\" content=\"https:\/\/www.facebook.com\/uruloki.org\" \/>\n<meta property=\"article:published_time\" content=\"2010-07-08T09:48:00+00:00\" \/>\n<meta property=\"article:modified_time\" content=\"2010-07-08T16:47:49+00:00\" \/>\n<meta property=\"og:image\" content=\"https:\/\/uruloki.org\/felipeblog\/images2010\/20100708-machete-7.jpg\" \/>\n<meta name=\"author\" content=\"Uruloki\" \/>\n<meta name=\"twitter:card\" content=\"summary_large_image\" \/>\n<meta name=\"twitter:creator\" content=\"@uruloki\" \/>\n<meta name=\"twitter:site\" content=\"@uruloki\" \/>\n<meta name=\"twitter:label1\" content=\"Escrito por\" \/>\n\t<meta name=\"twitter:data1\" content=\"Uruloki\" \/>\n\t<meta name=\"twitter:label2\" content=\"Tiempo de lectura\" \/>\n\t<meta name=\"twitter:data2\" content=\"6 minutos\" \/>\n<script type=\"application\/ld+json\" class=\"yoast-schema-graph\">{\"@context\":\"https:\/\/schema.org\",\"@graph\":[{\"@type\":\"WebPage\",\"@id\":\"https:\/\/www.uruloki.org\/felipeblog\/cine-de-ciencia-ficcion\/bestial-batera-de-imgenes-de-machete-drive-angry-3d-red-scott-pilgrim-vs-the-world-y-paul-confirmadas-para-la-comic-con-2010-joss-whedon-y-j-j-abrams-compartiendo-panel\",\"url\":\"https:\/\/www.uruloki.org\/felipeblog\/cine-de-ciencia-ficcion\/bestial-batera-de-imgenes-de-machete-drive-angry-3d-red-scott-pilgrim-vs-the-world-y-paul-confirmadas-para-la-comic-con-2010-joss-whedon-y-j-j-abrams-compartiendo-panel\",\"name\":\"Bestial bater&iacute;a de im&aacute;genes de Machete, Drive Angry 3D, Red, Scott Pilgrim vs. The World y Paul confirmadas para la Comic-Con 2010, &iquest;Joss Whedon y J.J. Abrams compartiendo panel?, George Miller confirma que rodar&aacute; en 3D Mad Max: Fury Road, &iquest;ya tenemos C&iacute;clope en X-Men: First Class? y detalles de Ghost Rider: Spirit of Vengeance, Hombres de Negro 3 o Captain America: The First Avenger... - Uruloki :: Blog\",\"isPartOf\":{\"@id\":\"https:\/\/www.uruloki.org\/felipeblog\/#website\"},\"primaryImageOfPage\":{\"@id\":\"https:\/\/www.uruloki.org\/felipeblog\/cine-de-ciencia-ficcion\/bestial-batera-de-imgenes-de-machete-drive-angry-3d-red-scott-pilgrim-vs-the-world-y-paul-confirmadas-para-la-comic-con-2010-joss-whedon-y-j-j-abrams-compartiendo-panel#primaryimage\"},\"image\":{\"@id\":\"https:\/\/www.uruloki.org\/felipeblog\/cine-de-ciencia-ficcion\/bestial-batera-de-imgenes-de-machete-drive-angry-3d-red-scott-pilgrim-vs-the-world-y-paul-confirmadas-para-la-comic-con-2010-joss-whedon-y-j-j-abrams-compartiendo-panel#primaryimage\"},\"thumbnailUrl\":\"https:\/\/uruloki.org\/felipeblog\/images2010\/20100708-machete-7.jpg\",\"datePublished\":\"2010-07-08T09:48:00+00:00\",\"dateModified\":\"2010-07-08T16:47:49+00:00\",\"author\":{\"@id\":\"https:\/\/www.uruloki.org\/felipeblog\/#\/schema\/person\/ddba06ddaa27edf0c370460d05c51bb3\"},\"breadcrumb\":{\"@id\":\"https:\/\/www.uruloki.org\/felipeblog\/cine-de-ciencia-ficcion\/bestial-batera-de-imgenes-de-machete-drive-angry-3d-red-scott-pilgrim-vs-the-world-y-paul-confirmadas-para-la-comic-con-2010-joss-whedon-y-j-j-abrams-compartiendo-panel#breadcrumb\"},\"inLanguage\":\"es\",\"potentialAction\":[{\"@type\":\"ReadAction\",\"target\":[\"https:\/\/www.uruloki.org\/felipeblog\/cine-de-ciencia-ficcion\/bestial-batera-de-imgenes-de-machete-drive-angry-3d-red-scott-pilgrim-vs-the-world-y-paul-confirmadas-para-la-comic-con-2010-joss-whedon-y-j-j-abrams-compartiendo-panel\"]}]},{\"@type\":\"ImageObject\",\"inLanguage\":\"es\",\"@id\":\"https:\/\/www.uruloki.org\/felipeblog\/cine-de-ciencia-ficcion\/bestial-batera-de-imgenes-de-machete-drive-angry-3d-red-scott-pilgrim-vs-the-world-y-paul-confirmadas-para-la-comic-con-2010-joss-whedon-y-j-j-abrams-compartiendo-panel#primaryimage\",\"url\":\"https:\/\/uruloki.org\/felipeblog\/images2010\/20100708-machete-7.jpg\",\"contentUrl\":\"https:\/\/uruloki.org\/felipeblog\/images2010\/20100708-machete-7.jpg\"},{\"@type\":\"BreadcrumbList\",\"@id\":\"https:\/\/www.uruloki.org\/felipeblog\/cine-de-ciencia-ficcion\/bestial-batera-de-imgenes-de-machete-drive-angry-3d-red-scott-pilgrim-vs-the-world-y-paul-confirmadas-para-la-comic-con-2010-joss-whedon-y-j-j-abrams-compartiendo-panel#breadcrumb\",\"itemListElement\":[{\"@type\":\"ListItem\",\"position\":1,\"name\":\"Portada\",\"item\":\"https:\/\/www.uruloki.org\/felipeblog\"},{\"@type\":\"ListItem\",\"position\":2,\"name\":\"Bestial bater&iacute;a de im&aacute;genes de Machete, Drive Angry 3D, Red, Scott Pilgrim vs. The World y Paul confirmadas para la Comic-Con 2010, &iquest;Joss Whedon y J.J. Abrams compartiendo panel?, George Miller confirma que rodar&aacute; en 3D Mad Max: Fury Road, &iquest;ya tenemos C&iacute;clope en X-Men: First Class? y detalles de Ghost Rider: Spirit of Vengeance, Hombres de Negro 3 o Captain America: The First Avenger&#8230;\"}]},{\"@type\":\"WebSite\",\"@id\":\"https:\/\/www.uruloki.org\/felipeblog\/#website\",\"url\":\"https:\/\/www.uruloki.org\/felipeblog\/\",\"name\":\"Uruloki :: Blog\",\"description\":\"Blog de cine, terror, ciencia ficci\u00f3n, fantas\u00eda y c\u00f3mics\",\"potentialAction\":[{\"@type\":\"SearchAction\",\"target\":{\"@type\":\"EntryPoint\",\"urlTemplate\":\"https:\/\/www.uruloki.org\/felipeblog\/?s={search_term_string}\"},\"query-input\":{\"@type\":\"PropertyValueSpecification\",\"valueRequired\":true,\"valueName\":\"search_term_string\"}}],\"inLanguage\":\"es\"},{\"@type\":\"Person\",\"@id\":\"https:\/\/www.uruloki.org\/felipeblog\/#\/schema\/person\/ddba06ddaa27edf0c370460d05c51bb3\",\"name\":\"Uruloki\",\"image\":{\"@type\":\"ImageObject\",\"inLanguage\":\"es\",\"@id\":\"https:\/\/www.uruloki.org\/felipeblog\/#\/schema\/person\/image\/\",\"url\":\"https:\/\/secure.gravatar.com\/avatar\/68d5301c5f52ba88fd63f02c75b8c4d1b3c3fc4b21e2998a1e98c4b3a54d9f7c?s=96&d=mm&r=g\",\"contentUrl\":\"https:\/\/secure.gravatar.com\/avatar\/68d5301c5f52ba88fd63f02c75b8c4d1b3c3fc4b21e2998a1e98c4b3a54d9f7c?s=96&d=mm&r=g\",\"caption\":\"Uruloki\"},\"sameAs\":[\"https:\/\/uruloki.org\"],\"url\":\"https:\/\/www.uruloki.org\/felipeblog\/author\/admin-2-2-2\"}]}<\/script>\n<!-- \/ Yoast SEO plugin. -->","yoast_head_json":{"title":"Bestial bater&iacute;a de im&aacute;genes de Machete, Drive Angry 3D, Red, Scott Pilgrim vs. The World y Paul confirmadas para la Comic-Con 2010, &iquest;Joss Whedon y J.J. Abrams compartiendo panel?, George Miller confirma que rodar&aacute; en 3D Mad Max: Fury Road, &iquest;ya tenemos C&iacute;clope en X-Men: First Class? y detalles de Ghost Rider: Spirit of Vengeance, Hombres de Negro 3 o Captain America: The First Avenger... - Uruloki :: Blog","robots":{"index":"index","follow":"follow","max-snippet":"max-snippet:-1","max-image-preview":"max-image-preview:large","max-video-preview":"max-video-preview:-1"},"canonical":"https:\/\/www.uruloki.org\/felipeblog\/cine-de-ciencia-ficcion\/bestial-batera-de-imgenes-de-machete-drive-angry-3d-red-scott-pilgrim-vs-the-world-y-paul-confirmadas-para-la-comic-con-2010-joss-whedon-y-j-j-abrams-compartiendo-panel","og_locale":"es_ES","og_type":"article","og_title":"Bestial bater&iacute;a de im&aacute;genes de Machete, Drive Angry 3D, Red, Scott Pilgrim vs. The World y Paul confirmadas para la Comic-Con 2010, &iquest;Joss Whedon y J.J. Abrams compartiendo panel?, George Miller confirma que rodar&aacute; en 3D Mad Max: Fury Road, &iquest;ya tenemos C&iacute;clope en X-Men: First Class? y detalles de Ghost Rider: Spirit of Vengeance, Hombres de Negro 3 o Captain America: The First Avenger... - Uruloki :: Blog","og_description":"Si ayer uno se mor&iacute;a de calor, y disfrutaba de la clasificaci&oacute;n de Espa&ntilde;a para la final del Mundial de F&uacute;tbol de Sud&aacute;frica 2010, hoy el d&iacute;a ha amanecido lloviendo aunque igual con un poco de suerte levanta y todo. Antes de centrarme en las noticias del d&iacute;a hago la presentaci&oacute;n de im&aacute;genes que acompa&ntilde;an [&hellip;]","og_url":"https:\/\/www.uruloki.org\/felipeblog\/cine-de-ciencia-ficcion\/bestial-batera-de-imgenes-de-machete-drive-angry-3d-red-scott-pilgrim-vs-the-world-y-paul-confirmadas-para-la-comic-con-2010-joss-whedon-y-j-j-abrams-compartiendo-panel","og_site_name":"Uruloki :: Blog","article_publisher":"https:\/\/www.facebook.com\/uruloki.org","article_published_time":"2010-07-08T09:48:00+00:00","article_modified_time":"2010-07-08T16:47:49+00:00","og_image":[{"url":"https:\/\/uruloki.org\/felipeblog\/images2010\/20100708-machete-7.jpg","type":"","width":"","height":""}],"author":"Uruloki","twitter_card":"summary_large_image","twitter_creator":"@uruloki","twitter_site":"@uruloki","twitter_misc":{"Escrito por":"Uruloki","Tiempo de lectura":"6 minutos"},"schema":{"@context":"https:\/\/schema.org","@graph":[{"@type":"WebPage","@id":"https:\/\/www.uruloki.org\/felipeblog\/cine-de-ciencia-ficcion\/bestial-batera-de-imgenes-de-machete-drive-angry-3d-red-scott-pilgrim-vs-the-world-y-paul-confirmadas-para-la-comic-con-2010-joss-whedon-y-j-j-abrams-compartiendo-panel","url":"https:\/\/www.uruloki.org\/felipeblog\/cine-de-ciencia-ficcion\/bestial-batera-de-imgenes-de-machete-drive-angry-3d-red-scott-pilgrim-vs-the-world-y-paul-confirmadas-para-la-comic-con-2010-joss-whedon-y-j-j-abrams-compartiendo-panel","name":"Bestial bater&iacute;a de im&aacute;genes de Machete, Drive Angry 3D, Red, Scott Pilgrim vs. The World y Paul confirmadas para la Comic-Con 2010, &iquest;Joss Whedon y J.J. Abrams compartiendo panel?, George Miller confirma que rodar&aacute; en 3D Mad Max: Fury Road, &iquest;ya tenemos C&iacute;clope en X-Men: First Class? y detalles de Ghost Rider: Spirit of Vengeance, Hombres de Negro 3 o Captain America: The First Avenger... - Uruloki :: Blog","isPartOf":{"@id":"https:\/\/www.uruloki.org\/felipeblog\/#website"},"primaryImageOfPage":{"@id":"https:\/\/www.uruloki.org\/felipeblog\/cine-de-ciencia-ficcion\/bestial-batera-de-imgenes-de-machete-drive-angry-3d-red-scott-pilgrim-vs-the-world-y-paul-confirmadas-para-la-comic-con-2010-joss-whedon-y-j-j-abrams-compartiendo-panel#primaryimage"},"image":{"@id":"https:\/\/www.uruloki.org\/felipeblog\/cine-de-ciencia-ficcion\/bestial-batera-de-imgenes-de-machete-drive-angry-3d-red-scott-pilgrim-vs-the-world-y-paul-confirmadas-para-la-comic-con-2010-joss-whedon-y-j-j-abrams-compartiendo-panel#primaryimage"},"thumbnailUrl":"https:\/\/uruloki.org\/felipeblog\/images2010\/20100708-machete-7.jpg","datePublished":"2010-07-08T09:48:00+00:00","dateModified":"2010-07-08T16:47:49+00:00","author":{"@id":"https:\/\/www.uruloki.org\/felipeblog\/#\/schema\/person\/ddba06ddaa27edf0c370460d05c51bb3"},"breadcrumb":{"@id":"https:\/\/www.uruloki.org\/felipeblog\/cine-de-ciencia-ficcion\/bestial-batera-de-imgenes-de-machete-drive-angry-3d-red-scott-pilgrim-vs-the-world-y-paul-confirmadas-para-la-comic-con-2010-joss-whedon-y-j-j-abrams-compartiendo-panel#breadcrumb"},"inLanguage":"es","potentialAction":[{"@type":"ReadAction","target":["https:\/\/www.uruloki.org\/felipeblog\/cine-de-ciencia-ficcion\/bestial-batera-de-imgenes-de-machete-drive-angry-3d-red-scott-pilgrim-vs-the-world-y-paul-confirmadas-para-la-comic-con-2010-joss-whedon-y-j-j-abrams-compartiendo-panel"]}]},{"@type":"ImageObject","inLanguage":"es","@id":"https:\/\/www.uruloki.org\/felipeblog\/cine-de-ciencia-ficcion\/bestial-batera-de-imgenes-de-machete-drive-angry-3d-red-scott-pilgrim-vs-the-world-y-paul-confirmadas-para-la-comic-con-2010-joss-whedon-y-j-j-abrams-compartiendo-panel#primaryimage","url":"https:\/\/uruloki.org\/felipeblog\/images2010\/20100708-machete-7.jpg","contentUrl":"https:\/\/uruloki.org\/felipeblog\/images2010\/20100708-machete-7.jpg"},{"@type":"BreadcrumbList","@id":"https:\/\/www.uruloki.org\/felipeblog\/cine-de-ciencia-ficcion\/bestial-batera-de-imgenes-de-machete-drive-angry-3d-red-scott-pilgrim-vs-the-world-y-paul-confirmadas-para-la-comic-con-2010-joss-whedon-y-j-j-abrams-compartiendo-panel#breadcrumb","itemListElement":[{"@type":"ListItem","position":1,"name":"Portada","item":"https:\/\/www.uruloki.org\/felipeblog"},{"@type":"ListItem","position":2,"name":"Bestial bater&iacute;a de im&aacute;genes de Machete, Drive Angry 3D, Red, Scott Pilgrim vs. The World y Paul confirmadas para la Comic-Con 2010, &iquest;Joss Whedon y J.J. Abrams compartiendo panel?, George Miller confirma que rodar&aacute; en 3D Mad Max: Fury Road, &iquest;ya tenemos C&iacute;clope en X-Men: First Class? y detalles de Ghost Rider: Spirit of Vengeance, Hombres de Negro 3 o Captain America: The First Avenger&#8230;"}]},{"@type":"WebSite","@id":"https:\/\/www.uruloki.org\/felipeblog\/#website","url":"https:\/\/www.uruloki.org\/felipeblog\/","name":"Uruloki :: Blog","description":"Blog de cine, terror, ciencia ficci\u00f3n, fantas\u00eda y c\u00f3mics","potentialAction":[{"@type":"SearchAction","target":{"@type":"EntryPoint","urlTemplate":"https:\/\/www.uruloki.org\/felipeblog\/?s={search_term_string}"},"query-input":{"@type":"PropertyValueSpecification","valueRequired":true,"valueName":"search_term_string"}}],"inLanguage":"es"},{"@type":"Person","@id":"https:\/\/www.uruloki.org\/felipeblog\/#\/schema\/person\/ddba06ddaa27edf0c370460d05c51bb3","name":"Uruloki","image":{"@type":"ImageObject","inLanguage":"es","@id":"https:\/\/www.uruloki.org\/felipeblog\/#\/schema\/person\/image\/","url":"https:\/\/secure.gravatar.com\/avatar\/68d5301c5f52ba88fd63f02c75b8c4d1b3c3fc4b21e2998a1e98c4b3a54d9f7c?s=96&d=mm&r=g","contentUrl":"https:\/\/secure.gravatar.com\/avatar\/68d5301c5f52ba88fd63f02c75b8c4d1b3c3fc4b21e2998a1e98c4b3a54d9f7c?s=96&d=mm&r=g","caption":"Uruloki"},"sameAs":["https:\/\/uruloki.org"],"url":"https:\/\/www.uruloki.org\/felipeblog\/author\/admin-2-2-2"}]}},"_links":{"self":[{"href":"https:\/\/www.uruloki.org\/felipeblog\/wp-json\/wp\/v2\/posts\/4228","targetHints":{"allow":["GET"]}}],"collection":[{"href":"https:\/\/www.uruloki.org\/felipeblog\/wp-json\/wp\/v2\/posts"}],"about":[{"href":"https:\/\/www.uruloki.org\/felipeblog\/wp-json\/wp\/v2\/types\/post"}],"author":[{"embeddable":true,"href":"https:\/\/www.uruloki.org\/felipeblog\/wp-json\/wp\/v2\/users\/28"}],"replies":[{"embeddable":true,"href":"https:\/\/www.uruloki.org\/felipeblog\/wp-json\/wp\/v2\/comments?post=4228"}],"version-history":[{"count":3,"href":"https:\/\/www.uruloki.org\/felipeblog\/wp-json\/wp\/v2\/posts\/4228\/revisions"}],"predecessor-version":[{"id":4230,"href":"https:\/\/www.uruloki.org\/felipeblog\/wp-json\/wp\/v2\/posts\/4228\/revisions\/4230"}],"wp:attachment":[{"href":"https:\/\/www.uruloki.org\/felipeblog\/wp-json\/wp\/v2\/media?parent=4228"}],"wp:term":[{"taxonomy":"category","embeddable":true,"href":"https:\/\/www.uruloki.org\/felipeblog\/wp-json\/wp\/v2\/categories?post=4228"},{"taxonomy":"post_tag","embeddable":true,"href":"https:\/\/www.uruloki.org\/felipeblog\/wp-json\/wp\/v2\/tags?post=4228"}],"curies":[{"name":"wp","href":"https:\/\/api.w.org\/{rel}","templated":true}]}}