{"id":4184,"date":"2010-06-27T17:58:24","date_gmt":"2010-06-27T15:58:24","guid":{"rendered":"https:\/\/uruloki.org\/felipeblog\/?p=4184"},"modified":"2010-06-27T17:58:24","modified_gmt":"2010-06-27T15:58:24","slug":"y-si-guillermo-del-toro-planeara-la-versin-western-gtico-de-el-conde-de-montecristo-un-breve-anlisis-previo-de-toy-story-3-david-slade-dice-no-a-the-shadow-paramoun","status":"publish","type":"post","link":"https:\/\/www.uruloki.org\/felipeblog\/cine-de-ciencia-ficcion\/y-si-guillermo-del-toro-planeara-la-versin-western-gtico-de-el-conde-de-montecristo-un-breve-anlisis-previo-de-toy-story-3-david-slade-dice-no-a-the-shadow-paramoun","title":{"rendered":"&iquest;Y si Guillermo del Toro planeara la versi&oacute;n western g&oacute;tico de El Conde de Montecristo?, un breve an&aacute;lisis previo de Toy Story 3, David Slade dice no a The Shadow, Paramount invierte 280 millones en Airbender: el &uacute;ltimo guerrero, charla sobre Mad Max: Fury Road, el chao a Teresa Palmer al proyecto y &iquest;revive Constantine 2?&#8230;"},"content":{"rendered":"<p>Aunque el an&aacute;lisis m&aacute;s global lo dejar&eacute; para las fechas de estreno, comentaros que ayer acud&iacute; con un nutrido grupo de webs, <a href=\"http:\/\/www.aullidos.com\/\" target=\"_blank\">Aullidos.com<\/a>, <a href=\"http:\/\/www.blogdecine.com\/\" target=\"_blank\">Blog de Cine<\/a>, <a href=\"http:\/\/www.lashorasperdidas.com\/\" target=\"_blank\">Las horas perdidas<\/a>, <a href=\"http:\/\/www.loqueyotediga.net\/\" target=\"_blank\">El cine de lo que yo te diga<\/a>, <a href=\"http:\/\/www.noescinetodoloquereluce.com\/\" target=\"_blank\">No es cine todo lo que reluce<\/a>, <a href=\"http:\/\/videodromo.wordpress.com\/\" target=\"_blank\">Videodromo<\/a> o <a href=\"http:\/\/chacalx.blogspot.com\/\" target=\"_blank\">El blog de Chacal<\/a>, a un pase especial montado por <strong>Walt Disney Pictures<\/strong> de <a href=\"http:\/\/www.imdb.es\/title\/tt0435761\/\" target=\"_blank\">Toy Story 3<\/a> (2010) de <a href=\"http:\/\/www.imdb.es\/name\/nm0881279\/\" target=\"_blank\">Lee Unkrich<\/a> y la factor&iacute;a <strong>Pixar<\/strong>. Aprovecho este momento para recomend&aacute;rosla encarecidamente. Es, sin dudarlo, una de las pel&iacute;culas m&aacute;s geniales, si no la que m&aacute;s, de lo que va de a&ntilde;o. Una delicia. Un film que lo tiene todo y que adem&aacute;s de ofrecer grandes dosis de acci&oacute;n y entretenimiento, en mi caso ha hecho que mirara al pasado, a mi infancia y a la transici&oacute;n que todos vivimos cuando nos llega el momento de tomar la decisi&oacute;n de &quot;<em>hasta este punto ha llegado mi ni&ntilde;ez<\/em>&quot;. La pel&iacute;cula rebosa emotividad, de esa que duele, y con toda seguridad llegar&aacute; a ese punto infantil que, pese a pasar los a&ntilde;os, todos tenemos todav&iacute;a  pero oculto en lo m&aacute;s profundo de nosotros mismo. Sencillamente fabulosa. <strong>Pixar<\/strong> est&aacute; a otro nivel de originalidad y saber hacer en sus pel&iacute;culas. Adem&aacute;s, es una de esas en la que se viene a demostrar que el 3D no es un veh&iacute;culo para hacer m&aacute;s impactante el producto final, si no una tecnolog&iacute;a perfectamente &uacute;til para acompa&ntilde;ar a una historia inmejorable. Y como suele ocurrir con las obras de esta f&aacute;brica de ilusiones, previo al film tenemos un corto titulado <a href=\"http:\/\/www.imdb.es\/title\/tt1620446\/\" target=\"_blank\">&quot;Day &amp; Night&quot;<\/a> (2010) de <a href=\"http:\/\/www.imdb.es\/name\/nm0628599\/\" target=\"_blank\">Teddy Newton<\/a>. Un ejemplo de originalidad tanto en su concepci&oacute;n como en su desarrollo. Probablemente la mejor forma de entender qu&eacute; se puede lograr con el 3D. El <strong>23 de julio en Espa&ntilde;a<\/strong>, <a href=\"http:\/\/www.imdb.es\/title\/tt0435761\/releaseinfo\" target=\"_blank\">otras fechas de estreno aqu&iacute;<\/a>, y el 24 una merecida opini&oacute;n.<\/p>\n<p class=\"centrado\"><img loading=\"lazy\" decoding=\"async\" src=\"https:\/\/uruloki.org\/felipeblog\/images2010\/20100627-toy-story-3.jpg\" alt=\"Uno de los p&oacute;sters de Toy Story 3\" width=\"351\" height=\"500\" border=\"1\" \/><br \/><em>Uno de los p&oacute;sters de Toy Story 3<\/em><\/p>\n<p>Bueno, hora de recopilar las noticia que se han producido en las &uacute;ltimas horas, que son unas cuantas y bastante interesantes. Vamos en primer lugar a recuperar <a href=\"http:\/\/www.collider.com\/2010\/06\/25\/guillermo-del-toro-the-count-of-monte-cristo\/\" target=\"_blank\">una sobresaliente elucubraci&oacute;n salida de la mente de Jake Lasker<\/a>, uno de los colaboradores del portal <strong>Collider.com<\/strong>. <strong>Lasker<\/strong> toma como referencia la charla mantenida el pasado viernes con <a href=\"http:\/\/www.imdb.es\/name\/nm0868219\/\" target=\"_blank\">Guillermo del Toro<\/a> e intenta ofrecer, creo que con notable &eacute;xito, el nombre de uno de los tres proyectos a los que el director mexicano hizo referencia en la charla. Si has le&iacute;do <a href=\"https:\/\/uruloki.org\/felipeblog\/cine-de-ciencia-ficcin\/guillermo-del-toro-habla-largo-y-tendido-the-hobbit-hellboy-3-frankenstein-saturn-and-the-end-of-days-death-the-high-cost-of-living-su-prometida-visita-a-la-comic-con-2010-at-the-mountains-of\">la &quot;transcripci&oacute;n&quot; de la entrevista realizada a Del Toro<\/a>, el director de <strong>Guadalajara<\/strong> habl&oacute; de un proyecto sobre el que hab&iacute;a trabajado hace 15 a&ntilde;os, lo dej&oacute; ir, y que por cosas de la vida ha vuelto en estos momentos a sus manos. Veamos, <a href=\"https:\/\/uruloki.org\/felipeblog\/cine-de-ciencia-ficcin\/locura-2d2-as-se-hizo-of-the-dead-nueva-ciencia-ficcin-titulada-quatermain-spectral-motion-trabajar-para-guillermo-del-toro-en-dont-be-afraid-of-the-dark\">Del Toro habl&oacute; el 25 de febrero de 2009 con MTV<\/a> y descubri&oacute; que uno de los proyectos que podr&iacute;a caer en sus manos tras el periplo por la <strong>Tierra Media<\/strong> era una visi&oacute;n personal de la famosa obra de <strong>Alejandro Dumas<\/strong>, <strong>&quot;El Conde de Montecristo&quot;<\/strong>. Ese d&iacute;a <strong>Guillermo<\/strong> adelant&oacute; que se podr&iacute;a titular <strong>The Left Hand of Darkness<\/strong> (&iquest;?) y que era una visi&oacute;n nacida a ra&iacute;z de una complejidad personal que aunar&iacute;a dosis de horror, fantas&iacute;a, <em>western<\/em> y todo en un entorno g&oacute;tico y oscuro. La pel&iacute;cula la escribi&oacute; junto a <strong>Kitt Carson<\/strong> y <a href=\"http:\/\/www.imdb.es\/name\/nm0730422\/\" target=\"_blank\">Matthew Robbins<\/a> entre 1993 y 1998, por lo que las fechas tratadas por <strong>Del Toro<\/strong> coinciden. En ese momento el proyecto no pudo hacerse y, qui&eacute;n sabe,  igual ahora es su momento. A favor de esta posibilidad las declaraciones actuales de <strong>Del Toro<\/strong> indican que este film ser&aacute; reconocido por todos, la obra de <strong>Dumas<\/strong> lo es, y que se trata una obra universal, otro tanto de lo mismo. Adem&aacute;s,  encajar&iacute;a como anillo al dedo en la moderna y peculiar visi&oacute;n que se nos ha ofrecido recientemente con <a href=\"http:\/\/www.imdb.es\/title\/tt0988045\/\" target=\"_blank\">Sherlock Holmes<\/a> (2009) de <a href=\"http:\/\/www.imdb.es\/name\/nm0005363\/\" target=\"_blank\">Guy Ritchie<\/a> y que se nos ofrecer&aacute; con <a href=\"http:\/\/www.imdb.es\/title\/tt1509767\/\" target=\"_blank\">The Three Musketeers<\/a> (2011) de <a href=\"http:\/\/www.imdb.es\/name\/nm0027271\/\" target=\"_blank\">Paul W.S. Anderson<\/a>.<\/p>\n<p>Momento de breves. <a href=\"http:\/\/splashpage.mtv.com\/2010\/06\/24\/twilight-saga-eclipse-david-slade-the-shadow-rumor\/\" target=\"_blank\">Splash Page MTV entrevista al director David Slade<\/a>, el responsable de <a href=\"http:\/\/www.imdb.es\/title\/tt1325004\/\" target=\"_blank\">La saga crep&uacute;sculo: Eclipse<\/a> (<em>The Twiligh Saga: Eclipse<\/em>, 2010), y este confirma que <a href=\"https:\/\/uruloki.org\/felipeblog\/cine-de-terror\/nuevo-cartel-de-pesadilla-en-elm-street-el-origen-the-shadow-de-raimi-en-manos-de-fox-y-de-david-slade-warner-bros-presenta-green-lantern-sucker-punch-y-the-legend-of-the-guardians-en-3\">los rumores que le colocaban<\/a> como director de la nueva visi&oacute;n de <a href=\"http:\/\/www.imdb.es\/title\/tt0915750\/\" target=\"_blank\">The Shadow<\/a> (&iquest;?) para <strong>Buckaroo Entertainment<\/strong>, una de las compa&ntilde;&iacute;a de <a href=\"http:\/\/www.imdb.es\/name\/nm0000600\/\" target=\"_blank\">Sam Raimi<\/a>, son falsos. As&iacute; que ajo y agua. <a href=\"http:\/\/www.latimes.com\/business\/la-fi-ct-airbender-20100625,0,1232454.story\" target=\"_blank\">Un art&iacute;culo de Los Angeles Times descubre<\/a> las bestiales cifras que se han invertido, <strong>Paramount Pictures<\/strong> est&aacute; que lo tira, en el desarrollo y promoci&oacute;n de <a href=\"http:\/\/www.imdb.es\/title\/tt0938283\/\" target=\"_blank\">Airbender: el &uacute;ltimo guerrero<\/a> (<em>The Last Airbender<\/em>, 2010) de <a href=\"http:\/\/www.imdb.es\/name\/nm0796117\/\" target=\"_blank\">M. Night Shyamalan<\/a>. Atenci&oacute;n al dato que se saca a la luz&#8230; <strong>150 millones de d&oacute;lares de presupuesto<\/strong> y <strong>130 de promoci&oacute;n<\/strong>!!! Esto coloca a la pel&iacute;cula de <strong>Shyamalan<\/strong> en 280 y a niveles de <em>blockbuster<\/em> brutal. <a href=\"http:\/\/www.bloody-disgusting.com\/news\/20710\" target=\"_blank\">Bloody Disgusting por su lado charla con Lauren Shuler Donner<\/a> y esta les deja caer que <a href=\"http:\/\/www.imdb.es\/title\/tt1071873\/\" target=\"_blank\">Constantine 2<\/a> (&iquest;?), pese a no saberse nada de ella, sigue viva. La <strong>Donner<\/strong> indica que la esperanza es lo &uacute;ltimo que se pierde, que lo han intentado incluso con el apoyo de <a href=\"http:\/\/www.imdb.es\/name\/nm0000206\/\" target=\"_blank\">Keanu Reeves<\/a>, pero que se han cruzado con un par de obst&aacute;culos en el camino. Ahora volver&aacute;n a la carga y a ver si hay m&aacute;s suerte. Y ahora un donde dije digo, digo diego. <a href=\"http:\/\/www.fearnet.com\/news\/interviews\/b19443_saturn_awards_2010_sam_raimi_on_oz_evil.html\" target=\"_blank\">Sam Raimi charla con FEARnet<\/a> y si ayer dec&iacute;a no a <a href=\"http:\/\/www.imdb.es\/title\/tt1623205\/\" target=\"_blank\">Oz: The Great and Powerful<\/a> (&iquest;?) de Disney, ahora dice que est&aacute; negociando con la compa&ntilde;&iacute;a y con <a href=\"http:\/\/www.imdb.es\/name\/nm0005387\/\" target=\"_blank\">Joe Roth<\/a> la posibilidad de hacerse cargo. Que no hay nada concretado pero que tiene la esperanza que se llegue a buen puerto. Ayer dec&iacute;a que no por el gui&oacute;n y hoy dice que si, que tiene la esperanza.<\/p>\n<p>Hora de hablar un poco de <a href=\"http:\/\/www.imdb.es\/title\/tt1392190\/\" target=\"_blank\">Mad Max: Fury Road<\/a> (&iquest;?) de <a href=\"http:\/\/www.imdb.es\/name\/nm0004306\/\" target=\"_blank\">George Miller<\/a>, el renacimiento de una saga crucial en la ciencia ficci&oacute;n moderna. <a href=\"http:\/\/www.collider.com\/2010\/06\/26\/tom-hardy-interview-mad-max-fury-road-training-look-shooting-schedule-filming-george-miller\/\" target=\"_blank\">Collider.com ha entrevistado a Tom Hardy<\/a>, el nuevo <strong>Max<\/strong> tras el inolvidable trabajo realizado por <a href=\"http:\/\/www.imdb.es\/name\/nm0000154\/\" target=\"_blank\">Mel Gibson<\/a>, y este les ha adelantado poco aunque ciertamente importante. En primer lugar no logra concretar el inicio del rodaje del film, que se estima llevar&aacute; 9 meses, pero si indica que viajar&aacute; pronto a <strong>Australia<\/strong> para ponerse a tope con la fase de entrenamiento f&iacute;sico que le dejar&aacute; esculpido como se espera del loco <strong>Max<\/strong>. <strong>Hardy<\/strong> estima que el entrenamiento llevar&aacute; unos dos meses pero que esto no quiere decir que el rodaje arranque por lo tanto en septiembre. Dice que todo depende de las agendas de todos los implicados en el proyecto. De todas formas, digo yo que si vas ahora a darle ca&ntilde;a durante dos meses, es de suponer que rodar&aacute;n acto seguido para que no tengas luego que volver a una fase previa de entrenamiento&#8230; &iquest;no?. <a href=\"http:\/\/www.imdb.es\/name\/nm0362766\/\" target=\"_blank\">Tom Hardy<\/a> habla del aspecto del nuevo <strong>Mad Max<\/strong> y lo describe como un tipo con el aspecto de un lobo hambriento, peligroso e imperativo. El film ser&aacute; pura acci&oacute;n, 0% CGI y todo estilo vieja escuela. Y como colof&oacute;n, <a href=\"http:\/\/www.comingsoon.net\/news\/movienews.php?id=67318\" target=\"_blank\">ComingSoon.net descubre para asombro de todo el mundo<\/a> que <a href=\"http:\/\/www.imdb.es\/name\/nm1954240\/\" target=\"_blank\">Teresa Palmer<\/a> no va a aparecer en el retorno de <strong>Max Rockatansky<\/strong>. Lo m&aacute;s curioso de todo es que la <strong>Palmer<\/strong> suelta que en ning&uacute;n momento ha negociado participar en el film, que fue un rumor que surgi&oacute; en internet. M&aacute;s bien deber&iacute;an decirle que <a href=\"https:\/\/uruloki.org\/felipeblog\/cine-de-ciencia-ficcin\/1d2-la-cancelacin-de-spider-man-4-es-culpa-de-sam-raimi-y-avatar-eso-y-que-la-trama-del-film-era-una-pamplina-sonrojante-mad-max-4-en-3-d-combinando-accin-real-y-animacioa\">es un rumor que solt&oacute; Jay Baruchel en su d&iacute;a<\/a>, compa&ntilde;ero de <strong>Palmer<\/strong> en <a href=\"http:\/\/www.imdb.es\/title\/tt0963966\/\" target=\"_blank\">El aprendiz de brujo<\/a> (<em>The Sorcerer&#8217;s Apprentice<\/em>, 2010). Se comenta que el papel para el que supuestamente hab&iacute;a sido fichada la actriz es el que finalmente ha reca&iacute;do en <a href=\"http:\/\/www.imdb.es\/name\/nm2573997\/\" target=\"_blank\">Adelaide Clemens<\/a>.<\/p>\n","protected":false},"excerpt":{"rendered":"<p>Aunque el an&aacute;lisis m&aacute;s global lo dejar&eacute; para las fechas de estreno, comentaros que ayer acud&iacute; con un nutrido grupo de webs, Aullidos.com, Blog de Cine, Las horas perdidas, El cine de lo que yo te diga, No es cine todo lo que reluce, Videodromo o El blog de Chacal, a un pase especial montado [&hellip;]<\/p>\n","protected":false},"author":28,"featured_media":0,"comment_status":"open","ping_status":"open","sticky":false,"template":"","format":"standard","meta":{"footnotes":""},"categories":[10,8,12,26],"tags":[278,1379,712,1380,757,1378],"class_list":["post-4184","post","type-post","status-publish","format-standard","hentry","category-cine-de-comics","category-cine-de-ciencia-ficcion","category-cine-de-fantasia","category-gdt","tag-constantine-2","tag-mad-max-fury-road","tag-the-last-airbender","tag-the-left-hand-of-darkness","tag-the-shadow","tag-toy-story-3"],"yoast_head":"<!-- This site is optimized with the Yoast SEO plugin v24.3 - https:\/\/yoast.com\/wordpress\/plugins\/seo\/ -->\n<title>&iquest;Y si Guillermo del Toro planeara la versi&oacute;n western g&oacute;tico de El Conde de Montecristo?, un breve an&aacute;lisis previo de Toy Story 3, David Slade dice no a The Shadow, Paramount invierte 280 millones en Airbender: el &uacute;ltimo guerrero, charla sobre Mad Max: Fury Road, el chao a Teresa Palmer al proyecto y &iquest;revive Constantine 2?... - Uruloki :: Blog<\/title>\n<meta name=\"robots\" content=\"index, follow, max-snippet:-1, max-image-preview:large, max-video-preview:-1\" \/>\n<link rel=\"canonical\" href=\"https:\/\/www.uruloki.org\/felipeblog\/cine-de-ciencia-ficcion\/y-si-guillermo-del-toro-planeara-la-versin-western-gtico-de-el-conde-de-montecristo-un-breve-anlisis-previo-de-toy-story-3-david-slade-dice-no-a-the-shadow-paramoun\" \/>\n<meta property=\"og:locale\" content=\"es_ES\" \/>\n<meta property=\"og:type\" content=\"article\" \/>\n<meta property=\"og:title\" content=\"&iquest;Y si Guillermo del Toro planeara la versi&oacute;n western g&oacute;tico de El Conde de Montecristo?, un breve an&aacute;lisis previo de Toy Story 3, David Slade dice no a The Shadow, Paramount invierte 280 millones en Airbender: el &uacute;ltimo guerrero, charla sobre Mad Max: Fury Road, el chao a Teresa Palmer al proyecto y &iquest;revive Constantine 2?... - Uruloki :: Blog\" \/>\n<meta property=\"og:description\" content=\"Aunque el an&aacute;lisis m&aacute;s global lo dejar&eacute; para las fechas de estreno, comentaros que ayer acud&iacute; con un nutrido grupo de webs, Aullidos.com, Blog de Cine, Las horas perdidas, El cine de lo que yo te diga, No es cine todo lo que reluce, Videodromo o El blog de Chacal, a un pase especial montado [&hellip;]\" \/>\n<meta property=\"og:url\" content=\"https:\/\/www.uruloki.org\/felipeblog\/cine-de-ciencia-ficcion\/y-si-guillermo-del-toro-planeara-la-versin-western-gtico-de-el-conde-de-montecristo-un-breve-anlisis-previo-de-toy-story-3-david-slade-dice-no-a-the-shadow-paramoun\" \/>\n<meta property=\"og:site_name\" content=\"Uruloki :: Blog\" \/>\n<meta property=\"article:publisher\" content=\"https:\/\/www.facebook.com\/uruloki.org\" \/>\n<meta property=\"article:published_time\" content=\"2010-06-27T15:58:24+00:00\" \/>\n<meta property=\"og:image\" content=\"https:\/\/uruloki.org\/felipeblog\/images2010\/20100627-toy-story-3.jpg\" \/>\n<meta name=\"author\" content=\"Uruloki\" \/>\n<meta name=\"twitter:card\" content=\"summary_large_image\" \/>\n<meta name=\"twitter:creator\" content=\"@uruloki\" \/>\n<meta name=\"twitter:site\" content=\"@uruloki\" \/>\n<meta name=\"twitter:label1\" content=\"Escrito por\" \/>\n\t<meta name=\"twitter:data1\" content=\"Uruloki\" \/>\n\t<meta name=\"twitter:label2\" content=\"Tiempo de lectura\" \/>\n\t<meta name=\"twitter:data2\" content=\"7 minutos\" \/>\n<script type=\"application\/ld+json\" class=\"yoast-schema-graph\">{\"@context\":\"https:\/\/schema.org\",\"@graph\":[{\"@type\":\"WebPage\",\"@id\":\"https:\/\/www.uruloki.org\/felipeblog\/cine-de-ciencia-ficcion\/y-si-guillermo-del-toro-planeara-la-versin-western-gtico-de-el-conde-de-montecristo-un-breve-anlisis-previo-de-toy-story-3-david-slade-dice-no-a-the-shadow-paramoun\",\"url\":\"https:\/\/www.uruloki.org\/felipeblog\/cine-de-ciencia-ficcion\/y-si-guillermo-del-toro-planeara-la-versin-western-gtico-de-el-conde-de-montecristo-un-breve-anlisis-previo-de-toy-story-3-david-slade-dice-no-a-the-shadow-paramoun\",\"name\":\"&iquest;Y si Guillermo del Toro planeara la versi&oacute;n western g&oacute;tico de El Conde de Montecristo?, un breve an&aacute;lisis previo de Toy Story 3, David Slade dice no a The Shadow, Paramount invierte 280 millones en Airbender: el &uacute;ltimo guerrero, charla sobre Mad Max: Fury Road, el chao a Teresa Palmer al proyecto y &iquest;revive Constantine 2?... - Uruloki :: Blog\",\"isPartOf\":{\"@id\":\"https:\/\/www.uruloki.org\/felipeblog\/#website\"},\"primaryImageOfPage\":{\"@id\":\"https:\/\/www.uruloki.org\/felipeblog\/cine-de-ciencia-ficcion\/y-si-guillermo-del-toro-planeara-la-versin-western-gtico-de-el-conde-de-montecristo-un-breve-anlisis-previo-de-toy-story-3-david-slade-dice-no-a-the-shadow-paramoun#primaryimage\"},\"image\":{\"@id\":\"https:\/\/www.uruloki.org\/felipeblog\/cine-de-ciencia-ficcion\/y-si-guillermo-del-toro-planeara-la-versin-western-gtico-de-el-conde-de-montecristo-un-breve-anlisis-previo-de-toy-story-3-david-slade-dice-no-a-the-shadow-paramoun#primaryimage\"},\"thumbnailUrl\":\"https:\/\/uruloki.org\/felipeblog\/images2010\/20100627-toy-story-3.jpg\",\"datePublished\":\"2010-06-27T15:58:24+00:00\",\"dateModified\":\"2010-06-27T15:58:24+00:00\",\"author\":{\"@id\":\"https:\/\/www.uruloki.org\/felipeblog\/#\/schema\/person\/ddba06ddaa27edf0c370460d05c51bb3\"},\"breadcrumb\":{\"@id\":\"https:\/\/www.uruloki.org\/felipeblog\/cine-de-ciencia-ficcion\/y-si-guillermo-del-toro-planeara-la-versin-western-gtico-de-el-conde-de-montecristo-un-breve-anlisis-previo-de-toy-story-3-david-slade-dice-no-a-the-shadow-paramoun#breadcrumb\"},\"inLanguage\":\"es\",\"potentialAction\":[{\"@type\":\"ReadAction\",\"target\":[\"https:\/\/www.uruloki.org\/felipeblog\/cine-de-ciencia-ficcion\/y-si-guillermo-del-toro-planeara-la-versin-western-gtico-de-el-conde-de-montecristo-un-breve-anlisis-previo-de-toy-story-3-david-slade-dice-no-a-the-shadow-paramoun\"]}]},{\"@type\":\"ImageObject\",\"inLanguage\":\"es\",\"@id\":\"https:\/\/www.uruloki.org\/felipeblog\/cine-de-ciencia-ficcion\/y-si-guillermo-del-toro-planeara-la-versin-western-gtico-de-el-conde-de-montecristo-un-breve-anlisis-previo-de-toy-story-3-david-slade-dice-no-a-the-shadow-paramoun#primaryimage\",\"url\":\"https:\/\/uruloki.org\/felipeblog\/images2010\/20100627-toy-story-3.jpg\",\"contentUrl\":\"https:\/\/uruloki.org\/felipeblog\/images2010\/20100627-toy-story-3.jpg\"},{\"@type\":\"BreadcrumbList\",\"@id\":\"https:\/\/www.uruloki.org\/felipeblog\/cine-de-ciencia-ficcion\/y-si-guillermo-del-toro-planeara-la-versin-western-gtico-de-el-conde-de-montecristo-un-breve-anlisis-previo-de-toy-story-3-david-slade-dice-no-a-the-shadow-paramoun#breadcrumb\",\"itemListElement\":[{\"@type\":\"ListItem\",\"position\":1,\"name\":\"Portada\",\"item\":\"https:\/\/www.uruloki.org\/felipeblog\"},{\"@type\":\"ListItem\",\"position\":2,\"name\":\"&iquest;Y si Guillermo del Toro planeara la versi&oacute;n western g&oacute;tico de El Conde de Montecristo?, un breve an&aacute;lisis previo de Toy Story 3, David Slade dice no a The Shadow, Paramount invierte 280 millones en Airbender: el &uacute;ltimo guerrero, charla sobre Mad Max: Fury Road, el chao a Teresa Palmer al proyecto y &iquest;revive Constantine 2?&#8230;\"}]},{\"@type\":\"WebSite\",\"@id\":\"https:\/\/www.uruloki.org\/felipeblog\/#website\",\"url\":\"https:\/\/www.uruloki.org\/felipeblog\/\",\"name\":\"Uruloki :: Blog\",\"description\":\"Blog de cine, terror, ciencia ficci\u00f3n, fantas\u00eda y c\u00f3mics\",\"potentialAction\":[{\"@type\":\"SearchAction\",\"target\":{\"@type\":\"EntryPoint\",\"urlTemplate\":\"https:\/\/www.uruloki.org\/felipeblog\/?s={search_term_string}\"},\"query-input\":{\"@type\":\"PropertyValueSpecification\",\"valueRequired\":true,\"valueName\":\"search_term_string\"}}],\"inLanguage\":\"es\"},{\"@type\":\"Person\",\"@id\":\"https:\/\/www.uruloki.org\/felipeblog\/#\/schema\/person\/ddba06ddaa27edf0c370460d05c51bb3\",\"name\":\"Uruloki\",\"image\":{\"@type\":\"ImageObject\",\"inLanguage\":\"es\",\"@id\":\"https:\/\/www.uruloki.org\/felipeblog\/#\/schema\/person\/image\/\",\"url\":\"https:\/\/secure.gravatar.com\/avatar\/68d5301c5f52ba88fd63f02c75b8c4d1b3c3fc4b21e2998a1e98c4b3a54d9f7c?s=96&d=mm&r=g\",\"contentUrl\":\"https:\/\/secure.gravatar.com\/avatar\/68d5301c5f52ba88fd63f02c75b8c4d1b3c3fc4b21e2998a1e98c4b3a54d9f7c?s=96&d=mm&r=g\",\"caption\":\"Uruloki\"},\"sameAs\":[\"https:\/\/uruloki.org\"],\"url\":\"https:\/\/www.uruloki.org\/felipeblog\/author\/admin-2-2-2\"}]}<\/script>\n<!-- \/ Yoast SEO plugin. -->","yoast_head_json":{"title":"&iquest;Y si Guillermo del Toro planeara la versi&oacute;n western g&oacute;tico de El Conde de Montecristo?, un breve an&aacute;lisis previo de Toy Story 3, David Slade dice no a The Shadow, Paramount invierte 280 millones en Airbender: el &uacute;ltimo guerrero, charla sobre Mad Max: Fury Road, el chao a Teresa Palmer al proyecto y &iquest;revive Constantine 2?... - Uruloki :: Blog","robots":{"index":"index","follow":"follow","max-snippet":"max-snippet:-1","max-image-preview":"max-image-preview:large","max-video-preview":"max-video-preview:-1"},"canonical":"https:\/\/www.uruloki.org\/felipeblog\/cine-de-ciencia-ficcion\/y-si-guillermo-del-toro-planeara-la-versin-western-gtico-de-el-conde-de-montecristo-un-breve-anlisis-previo-de-toy-story-3-david-slade-dice-no-a-the-shadow-paramoun","og_locale":"es_ES","og_type":"article","og_title":"&iquest;Y si Guillermo del Toro planeara la versi&oacute;n western g&oacute;tico de El Conde de Montecristo?, un breve an&aacute;lisis previo de Toy Story 3, David Slade dice no a The Shadow, Paramount invierte 280 millones en Airbender: el &uacute;ltimo guerrero, charla sobre Mad Max: Fury Road, el chao a Teresa Palmer al proyecto y &iquest;revive Constantine 2?... - Uruloki :: Blog","og_description":"Aunque el an&aacute;lisis m&aacute;s global lo dejar&eacute; para las fechas de estreno, comentaros que ayer acud&iacute; con un nutrido grupo de webs, Aullidos.com, Blog de Cine, Las horas perdidas, El cine de lo que yo te diga, No es cine todo lo que reluce, Videodromo o El blog de Chacal, a un pase especial montado [&hellip;]","og_url":"https:\/\/www.uruloki.org\/felipeblog\/cine-de-ciencia-ficcion\/y-si-guillermo-del-toro-planeara-la-versin-western-gtico-de-el-conde-de-montecristo-un-breve-anlisis-previo-de-toy-story-3-david-slade-dice-no-a-the-shadow-paramoun","og_site_name":"Uruloki :: Blog","article_publisher":"https:\/\/www.facebook.com\/uruloki.org","article_published_time":"2010-06-27T15:58:24+00:00","og_image":[{"url":"https:\/\/uruloki.org\/felipeblog\/images2010\/20100627-toy-story-3.jpg","type":"","width":"","height":""}],"author":"Uruloki","twitter_card":"summary_large_image","twitter_creator":"@uruloki","twitter_site":"@uruloki","twitter_misc":{"Escrito por":"Uruloki","Tiempo de lectura":"7 minutos"},"schema":{"@context":"https:\/\/schema.org","@graph":[{"@type":"WebPage","@id":"https:\/\/www.uruloki.org\/felipeblog\/cine-de-ciencia-ficcion\/y-si-guillermo-del-toro-planeara-la-versin-western-gtico-de-el-conde-de-montecristo-un-breve-anlisis-previo-de-toy-story-3-david-slade-dice-no-a-the-shadow-paramoun","url":"https:\/\/www.uruloki.org\/felipeblog\/cine-de-ciencia-ficcion\/y-si-guillermo-del-toro-planeara-la-versin-western-gtico-de-el-conde-de-montecristo-un-breve-anlisis-previo-de-toy-story-3-david-slade-dice-no-a-the-shadow-paramoun","name":"&iquest;Y si Guillermo del Toro planeara la versi&oacute;n western g&oacute;tico de El Conde de Montecristo?, un breve an&aacute;lisis previo de Toy Story 3, David Slade dice no a The Shadow, Paramount invierte 280 millones en Airbender: el &uacute;ltimo guerrero, charla sobre Mad Max: Fury Road, el chao a Teresa Palmer al proyecto y &iquest;revive Constantine 2?... - Uruloki :: Blog","isPartOf":{"@id":"https:\/\/www.uruloki.org\/felipeblog\/#website"},"primaryImageOfPage":{"@id":"https:\/\/www.uruloki.org\/felipeblog\/cine-de-ciencia-ficcion\/y-si-guillermo-del-toro-planeara-la-versin-western-gtico-de-el-conde-de-montecristo-un-breve-anlisis-previo-de-toy-story-3-david-slade-dice-no-a-the-shadow-paramoun#primaryimage"},"image":{"@id":"https:\/\/www.uruloki.org\/felipeblog\/cine-de-ciencia-ficcion\/y-si-guillermo-del-toro-planeara-la-versin-western-gtico-de-el-conde-de-montecristo-un-breve-anlisis-previo-de-toy-story-3-david-slade-dice-no-a-the-shadow-paramoun#primaryimage"},"thumbnailUrl":"https:\/\/uruloki.org\/felipeblog\/images2010\/20100627-toy-story-3.jpg","datePublished":"2010-06-27T15:58:24+00:00","dateModified":"2010-06-27T15:58:24+00:00","author":{"@id":"https:\/\/www.uruloki.org\/felipeblog\/#\/schema\/person\/ddba06ddaa27edf0c370460d05c51bb3"},"breadcrumb":{"@id":"https:\/\/www.uruloki.org\/felipeblog\/cine-de-ciencia-ficcion\/y-si-guillermo-del-toro-planeara-la-versin-western-gtico-de-el-conde-de-montecristo-un-breve-anlisis-previo-de-toy-story-3-david-slade-dice-no-a-the-shadow-paramoun#breadcrumb"},"inLanguage":"es","potentialAction":[{"@type":"ReadAction","target":["https:\/\/www.uruloki.org\/felipeblog\/cine-de-ciencia-ficcion\/y-si-guillermo-del-toro-planeara-la-versin-western-gtico-de-el-conde-de-montecristo-un-breve-anlisis-previo-de-toy-story-3-david-slade-dice-no-a-the-shadow-paramoun"]}]},{"@type":"ImageObject","inLanguage":"es","@id":"https:\/\/www.uruloki.org\/felipeblog\/cine-de-ciencia-ficcion\/y-si-guillermo-del-toro-planeara-la-versin-western-gtico-de-el-conde-de-montecristo-un-breve-anlisis-previo-de-toy-story-3-david-slade-dice-no-a-the-shadow-paramoun#primaryimage","url":"https:\/\/uruloki.org\/felipeblog\/images2010\/20100627-toy-story-3.jpg","contentUrl":"https:\/\/uruloki.org\/felipeblog\/images2010\/20100627-toy-story-3.jpg"},{"@type":"BreadcrumbList","@id":"https:\/\/www.uruloki.org\/felipeblog\/cine-de-ciencia-ficcion\/y-si-guillermo-del-toro-planeara-la-versin-western-gtico-de-el-conde-de-montecristo-un-breve-anlisis-previo-de-toy-story-3-david-slade-dice-no-a-the-shadow-paramoun#breadcrumb","itemListElement":[{"@type":"ListItem","position":1,"name":"Portada","item":"https:\/\/www.uruloki.org\/felipeblog"},{"@type":"ListItem","position":2,"name":"&iquest;Y si Guillermo del Toro planeara la versi&oacute;n western g&oacute;tico de El Conde de Montecristo?, un breve an&aacute;lisis previo de Toy Story 3, David Slade dice no a The Shadow, Paramount invierte 280 millones en Airbender: el &uacute;ltimo guerrero, charla sobre Mad Max: Fury Road, el chao a Teresa Palmer al proyecto y &iquest;revive Constantine 2?&#8230;"}]},{"@type":"WebSite","@id":"https:\/\/www.uruloki.org\/felipeblog\/#website","url":"https:\/\/www.uruloki.org\/felipeblog\/","name":"Uruloki :: Blog","description":"Blog de cine, terror, ciencia ficci\u00f3n, fantas\u00eda y c\u00f3mics","potentialAction":[{"@type":"SearchAction","target":{"@type":"EntryPoint","urlTemplate":"https:\/\/www.uruloki.org\/felipeblog\/?s={search_term_string}"},"query-input":{"@type":"PropertyValueSpecification","valueRequired":true,"valueName":"search_term_string"}}],"inLanguage":"es"},{"@type":"Person","@id":"https:\/\/www.uruloki.org\/felipeblog\/#\/schema\/person\/ddba06ddaa27edf0c370460d05c51bb3","name":"Uruloki","image":{"@type":"ImageObject","inLanguage":"es","@id":"https:\/\/www.uruloki.org\/felipeblog\/#\/schema\/person\/image\/","url":"https:\/\/secure.gravatar.com\/avatar\/68d5301c5f52ba88fd63f02c75b8c4d1b3c3fc4b21e2998a1e98c4b3a54d9f7c?s=96&d=mm&r=g","contentUrl":"https:\/\/secure.gravatar.com\/avatar\/68d5301c5f52ba88fd63f02c75b8c4d1b3c3fc4b21e2998a1e98c4b3a54d9f7c?s=96&d=mm&r=g","caption":"Uruloki"},"sameAs":["https:\/\/uruloki.org"],"url":"https:\/\/www.uruloki.org\/felipeblog\/author\/admin-2-2-2"}]}},"_links":{"self":[{"href":"https:\/\/www.uruloki.org\/felipeblog\/wp-json\/wp\/v2\/posts\/4184","targetHints":{"allow":["GET"]}}],"collection":[{"href":"https:\/\/www.uruloki.org\/felipeblog\/wp-json\/wp\/v2\/posts"}],"about":[{"href":"https:\/\/www.uruloki.org\/felipeblog\/wp-json\/wp\/v2\/types\/post"}],"author":[{"embeddable":true,"href":"https:\/\/www.uruloki.org\/felipeblog\/wp-json\/wp\/v2\/users\/28"}],"replies":[{"embeddable":true,"href":"https:\/\/www.uruloki.org\/felipeblog\/wp-json\/wp\/v2\/comments?post=4184"}],"version-history":[{"count":1,"href":"https:\/\/www.uruloki.org\/felipeblog\/wp-json\/wp\/v2\/posts\/4184\/revisions"}],"predecessor-version":[{"id":4185,"href":"https:\/\/www.uruloki.org\/felipeblog\/wp-json\/wp\/v2\/posts\/4184\/revisions\/4185"}],"wp:attachment":[{"href":"https:\/\/www.uruloki.org\/felipeblog\/wp-json\/wp\/v2\/media?parent=4184"}],"wp:term":[{"taxonomy":"category","embeddable":true,"href":"https:\/\/www.uruloki.org\/felipeblog\/wp-json\/wp\/v2\/categories?post=4184"},{"taxonomy":"post_tag","embeddable":true,"href":"https:\/\/www.uruloki.org\/felipeblog\/wp-json\/wp\/v2\/tags?post=4184"}],"curies":[{"name":"wp","href":"https:\/\/api.w.org\/{rel}","templated":true}]}}