{"id":4149,"date":"2010-06-14T21:10:17","date_gmt":"2010-06-14T19:10:17","guid":{"rendered":"https:\/\/uruloki.org\/felipeblog\/?p=4149"},"modified":"2010-06-14T21:11:16","modified_gmt":"2010-06-14T19:11:16","slug":"mstica-y-moira-mactaggert-en-x-men-first-class-guillermo-del-toro-habla-de-van-helsing-y-de-cundo-presentar-su-futuro-scream-4-y-pirates-of-the-caribbean-on-strang","status":"publish","type":"post","link":"https:\/\/www.uruloki.org\/felipeblog\/cine-de-terror\/mstica-y-moira-mactaggert-en-x-men-first-class-guillermo-del-toro-habla-de-van-helsing-y-de-cundo-presentar-su-futuro-scream-4-y-pirates-of-the-caribbean-on-strang","title":{"rendered":"&iquest;M&iacute;stica y Moira MacTaggert en X-Men: First Class?, Guillermo del Toro habla de Van Helsing y de cu&aacute;ndo presentar&aacute; su futuro, Scream 4 y Pirates of the Caribbean: On Stranger Tides renuevan sus filas, Blue Beetle a la tele, &iquest;Vincent D&#8217;Onofrio un nuevo Comando Aullador en Captain America: The First Avenger?, primer malvistazo a Sif en Thor, Batman 3 arranca en marzo y otras cosas&#8230;"},"content":{"rendered":"<p>Damos por cerrado un muy interesante fin de semana y no me cansar&eacute; de recomendaros una y otra vez <a href=\"https:\/\/uruloki.org\/felipeblog\/personalsimo\/arturo-balseiro-un-madrileo-en-la-tierra-del-hombre-lobo-hollywoodiense\">la entrevista que le he podido hacer a Arturo Balseiro<\/a>, persona al mando de la compa&ntilde;&iacute;a de FX espa&ntilde;ola <strong>Dharma Estudios<\/strong> y t&eacute;cnico de conocidos films como <a href=\"http:\/\/www.imdb.es\/title\/tt0457430\/\" target=\"_blank\">El laberinto del fauno<\/a> (2006), <a href=\"http:\/\/www.imdb.es\/title\/tt0374180\/\" target=\"_blank\">Romasanta: la caza de la bestia<\/a> (2004),  <a href=\"http:\/\/www.imdb.es\/title\/tt0419706\/\" target=\"_blank\">Doom<\/a> (2005) o <a href=\"http:\/\/www.imdb.es\/title\/tt0780653\/\" target=\"_blank\">El hombre lobo<\/a> (The Wolfman, 2010). <\/p>\n<p>Vayamos con lo nuevo. <a href=\"http:\/\/theplaylist.blogspot.com\/2010\/06\/amber-heard-rosamund-pike-being-lined.html\" target=\"_blank\">En primer lugar una &uacute;ltima hora aparecida en The Playlist<\/a>. Cuenta en esta web que en el &uacute;ltimo n&uacute;mero de la revista <strong>Production Weelky<\/strong> se anota que la <strong>20th Century Fox<\/strong> est&aacute; intentando cerrar el fichaje de dos f&eacute;minas para participar en <a href=\"http:\/\/www.imdb.es\/title\/tt1270798\/\" target=\"_blank\">X-Men: First Class<\/a> (2011) de <a href=\"http:\/\/www.imdb.es\/name\/nm0891216\/\" target=\"_blank\">Matthew Vaughn<\/a>. La <strong>Fox<\/strong> quiere que <a href=\"http:\/\/www.imdb.es\/name\/nm1720028\/\" target=\"_blank\">Amber Heard<\/a> encarne a una joven <strong>M&iacute;stica<\/strong> y que <a href=\"http:\/\/www.imdb.es\/name\/nm0683253\/\" target=\"_blank\">Rosamund Pike<\/a> haga lo propio con <strong>Moira MacTaggert<\/strong>,  asistente de <strong>Charles Xavier<\/strong> (<a href=\"http:\/\/www.imdb.es\/name\/nm0564215\/\" target=\"_blank\">James McAvoy<\/a>) en asuntos mutantes. Lo de <strong>Pike<\/strong> viene a confirmar que de alguna manera la actriz interesa y mucho a la <strong>20th Century Fox<\/strong>. Hace unos d&iacute;as <a href=\"https:\/\/uruloki.org\/felipeblog\/cine\/1d2-rosamund-pike-como-emma-frost-en-x-men-first-class-se-confirman-los-logos-preparados-por-marvel-studios-para-thor-y-captain-america-the-first-avenger-pretende-20th-century-fo\">los rumores surgieron indicando que  pod&iacute;a ser Emma Frost<\/a> y ahora que <strong>Moira MacTaggert<\/strong>. Por lo tanto, habr&aacute; que estar muy atentos, el reparto deber&iacute;a cerrarse con miras al rodaje planificado para agosto. Algo que tambi&eacute;n anota <strong>Production Weekly<\/strong> en su revista es que <a href=\"http:\/\/www.imdb.es\/name\/nm1055413\/\" target=\"_blank\">Michael Fassbender<\/a> aparentemente ha dejado claro a la compa&ntilde;&iacute;a productora que no le interesa  involucrarse en el proyecto para interpretar a <strong>Erik Lehnsherr<\/strong> \/ <strong>Magneto<\/strong>. Si uno lee entre l&iacute;neas puede ver a <strong>Fassbender<\/strong> tras el rol del villano de <a href=\"http:\/\/www.imdb.es\/title\/tt0948470\/\" target=\"_blank\">Ultimate Spider-man<\/a> (2012), o incluso dejando de lado cualquier relaci&oacute;n con el cine comiquero&#8230; que todo es posible.<\/p>\n<p class=\"centrado\"><img loading=\"lazy\" decoding=\"async\" src=\"https:\/\/uruloki.org\/felipeblog\/images2010\/20100614-heard-misitca-pike-moira-x-men-first-class.jpg\" alt=\"&iquest;Amber Heard como Mistica y Rosamund Pike como Moira McTaggert?\" width=\"500\" height=\"195\" \/><br \/><em>&iquest;Amber Heard como Mistica y Rosamund Pike como Moira McTaggert<\/em>?<\/p>\n<p>Sigamos la presente jornada  con algunas charlas y anuncios de futuros anuncios&#8230; que tiene tela. <a href=\"http:\/\/www.deltorofilms.com\/Details.php?announcementid=789&amp;name=EXCLUSIVE:%20GDT%20on%20VAN%20HELSING%20and%20other%20rumors\" target=\"_blank\">DelToroFilms.com ha podido obtener algunas novedades<\/a> sobre lo que ha de venir en cuanto a los pr&oacute;ximos proyectos del bueno de <a href=\"http:\/\/www.imdb.es\/name\/nm0868219\/\" target=\"_blank\">Guillermo del Toro<\/a>. El director mexicano habla de <strong>Van Helsing<\/strong> (&iquest;?) y nos emplaza a todos a la <strong>Comic-Con de San Diego 2010<\/strong> aclarando lo siguiente:<\/p>\n<blockquote><p>Sobre Van Helsing (gui&oacute;n y producci&oacute;n) indicar que se encuentra a&uacute;n en conversaciones y no es seguro del todo. A&uacute;n as&iacute;, me gustar&iacute;a compartir mis planes s&oacute;lo en Comic-Con. Me lo estoy tomando con cautela y estoy decidiendo  muy, pero que muy cuidadosamente el calendario de los proyectos en los que voy a participar como productor, escritor, etc. Por lo tanto, no voy a anunciar el proyecto que tengo intenci&oacute;n de dirigir hasta entonces. Estoy contento por poder decir que todos los proyectos y asociaciones que se est&aacute;n considerando son bastante sorprendentes y, espero, de gran alcance. Por mucho que quiera no puedo decir nada m&aacute;s en estos momentos, eso si,  espero ansiosamente compartir todas las novedades m&aacute;s adelante. Nos vemos en la Comic-Con de San Diego!<\/p><\/blockquote>\n<p>Momento de breves. <a href=\"http:\/\/www.shocktillyoudrop.com\/news\/topnews.php?id=15492\" target=\"_blank\">Shock Till You Drop nos indica<\/a> que <a href=\"http:\/\/www.imdb.es\/name\/nm3380171\/\" target=\"_blank\">Nico Tortorella<\/a> ha comentado en su cuenta de <strong>Twitter<\/strong> que ha firmado para participar en <a href=\"http:\/\/www.imdb.es\/title\/tt1262416\/\" target=\"_blank\">Scream 4<\/a> (2011) de <a href=\"http:\/\/www.imdb.es\/name\/nm0000127\/\" target=\"_blank\">Wes Craven<\/a>. Punto palote. El portal australiano <a href=\"http:\/\/www.couriermail.com.au\/entertainment\/pirate-tale-for-gemma-ward\/story-e6freq7f-1225879013948\" target=\"_blank\">Courier Mail deja caer<\/a> que la modelo <a href=\"http:\/\/www.imdb.es\/name\/nm1801841\/\" target=\"_blank\">Gemma Ward<\/a> ha sido contratada para ser una de las sirenas que veremos en <a href=\"http:\/\/www.imdb.es\/title\/tt1298650\/\" target=\"_blank\">Pirates of the Caribbean: On Stranger Tides<\/a> (2011) de <a href=\"http:\/\/www.imdb.es\/name\/nm0551128\/\" target=\"_blank\">Rob Marshall<\/a>. Por lo tanto, veremos a la <strong>Ward<\/strong> compartiendo escena con <a href=\"http:\/\/www.imdb.es\/name\/nm2793591\/\" target=\"_blank\">Astrid Berg&egrave;s-Frisbey<\/a>, otra de las sirenas que se dar&aacute;n cita en el retorno de <strong>Jack Sparrow<\/strong> (<a href=\"http:\/\/www.imdb.es\/name\/nm0000136\/\" target=\"_blank\">Johnny Depp<\/a>) a la gran pantalla. Y hablando de cosas curiosas, el guionista comiquero <strong>Geoff Johns<\/strong>, y actual cerebro creativo de la nueva c&uacute;pula de <strong>DC Entertainment Inc.<\/strong>, <a href=\"http:\/\/twitter.com\/GeoffJohns0\/status\/16084023272\" target=\"_blank\">ha descubierto en su cuenta de Twitter<\/a> que <strong>Blue Bettle<\/strong> \/ <strong>El Escarabajo Azul<\/strong> llegar&aacute; a la peque&ntilde;a pantalla en forma de su &uacute;ltima encarnaci&oacute;n en el mundo de la vi&ntilde;eta, la del hispano <strong>Jaime Reyes<\/strong>. <a href=\"http:\/\/twitter.com\/GeoffJohns0\/status\/16084167160\" target=\"_blank\">Johns comenta<\/a> que en la <strong>Comic-Con de San Diego<\/strong> de este a&ntilde;o puede que tengamos novedades. El pasado d&iacute;a 10 <a href=\"http:\/\/splashpage.mtv.com\/2010\/06\/10\/live-action-voltron-movie-screenwriter\/\" target=\"_blank\">Splash Page MTV obtuvo la confirmaci&oacute;n<\/a> de que pronto se anunciar&aacute; un nuevo guionista para <strong>Voltron: Defender of the Universe<\/strong> (&iquest;?). Teniendo en cuenta que el proyecto ha pasado de la mayor de las vitalidades al deceso m&aacute;s siniestro, es bueno ver que <a href=\"https:\/\/uruloki.org\/felipeblog\/cine-de-ciencia-ficcin\/2d2-detalles-de-the-thing-gears-of-war-congelada-y-nocturne-adelante-dark-life-ya-tiene-director-caesar-rise-of-the-apes-se-pone-en-marcha-preproduccin-primeros-datos-del-argum\">los &uacute;ltimos movimientos de World Event Productions y Atlas Entertainment<\/a> apuntan a nueva realidad.<\/p>\n<p>El cierre de hoy tiene aroma comiquero. Primero hay que citar <a href=\"http:\/\/www.comicbookmovie.com\/fansites\/Poniverse\/news\/?a=19068\" target=\"_blank\">un rumor salido de ComicBookMovie.com<\/a>. Cuentan en este portal que el mismo tipo que les proporcion&oacute; en primicia los logos de <a href=\"http:\/\/www.imdb.es\/title\/tt0458339\/\" target=\"_blank\">Captain America: The First Avenger<\/a> (2011) y <a href=\"http:\/\/www.imdb.es\/title\/tt0800369\/\" target=\"_blank\">Thor<\/a> (2011) &#8211; <a href=\"https:\/\/uruloki.org\/felipeblog\/cine\/1d2-rosamund-pike-como-emma-frost-en-x-men-first-class-se-confirman-los-logos-preparados-por-marvel-studios-para-thor-y-captain-america-the-first-avenger-pretende-20th-century-fo\">por aqu&iacute; todav&iacute;a visibles<\/a> -, les cuenta ahora que <a href=\"http:\/\/www.imdb.es\/name\/nm0000352\/\" target=\"_blank\">Vincent D&#8217;Onofrio<\/a> est&aacute; negociando con <strong>Marvel Studios<\/strong> \/ <strong>Paramount Pictures<\/strong> para hacerse cargo de encarnar a otro de los miembros de los <strong>Comandos Aulladores<\/strong> \/ <strong>Howling Commandos<\/strong> de <strong>Nick Fury<\/strong> (<a href=\"http:\/\/www.imdb.es\/name\/nm0000168\/\" target=\"_blank\">Samuel L. Jackson<\/a>) o de los mentados <strong>Los Invasores<\/strong> \/ <strong>The Invaders<\/strong>. Si bien no se concreta el papel, se deja caer la posibilidad de que <strong>Marvel<\/strong> opte por fusionar ambas unidades de cara a contar con ellas en la gran pantalla. Se ha filtrado pr ah&iacute; una nueva imagen del rodaje de <strong>Thor<\/strong> de <a href=\"http:\/\/www.imdb.es\/name\/nm0000110\/\" target=\"_blank\">Kenneth Branagh<\/a> donde se puede mal ver a <a href=\"http:\/\/www.imdb.es\/name\/nm1526352\/\" target=\"_blank\">Jaimie Alexander<\/a> caracterizada como <strong>Sif<\/strong>. La verdad es que la calidad de las im&aacute;genes roza lo paup&eacute;rrimo. Pese a todo las dejo por aqu&iacute; <a href=\"https:\/\/uruloki.org\/felipeblog\/images2010\/20100614-thor.jpg\" target=\"_blank\" onclick=\"return false;\" rel=\"shadowbox\">por si a alguno le apetece echar un vistazo a Sif en rodaje con cables por todas partes<\/a> que la mantengan en el aire&#8230;<\/p>\n<p><strong class=\"nota\">&nbsp;NOTA&nbsp;<\/strong> Se confirma eso de que <a href=\"http:\/\/www.imdb.es\/name\/nm0634240\/\" target=\"_blank\">Christopher Nolan<\/a> comenzar&aacute; a rodar <a href=\"http:\/\/www.imdb.es\/title\/tt1345836\/\" target=\"_blank\">Batman 3<\/a> (2012) en marzo del a&ntilde;o que viene. <a href=\"http:\/\/latimesblogs.latimes.com\/herocomplex\/2010\/06\/christopher-nolan-inception-3d-dark-knight-hollywood.html\" target=\"_blank\">En el Hero Complex Film Festival Nolan ha hablado<\/a> poco de <strong>Batman 3<\/strong>, el nuevo <strong>Superman<\/strong> y el 3D. Del primero lo dicho, en marzo, del segundo que actuar&aacute; junto a su esposa <a href=\"http:\/\/www.imdb.es\/name\/nm0858799\/\" target=\"_blank\">Emma Thomas<\/a> como productor del film. De lo tercero por lo que cuenta no le gusta. Curiosamente opina que prefiere el 3D de post-producci&oacute;n, pero siempre que este alcance un nivel de calidad  &oacute;ptima. En <a href=\"http:\/\/www.imdb.es\/title\/tt1375666\/\" target=\"_blank\">Origen<\/a> (<em>Inception<\/em>, 2010) hicieron pruebas pero no lo aplicaron por falta de tiempo.<\/p>\n","protected":false},"excerpt":{"rendered":"<p>Damos por cerrado un muy interesante fin de semana y no me cansar&eacute; de recomendaros una y otra vez la entrevista que le he podido hacer a Arturo Balseiro, persona al mando de la compa&ntilde;&iacute;a de FX espa&ntilde;ola Dharma Estudios y t&eacute;cnico de conocidos films como El laberinto del fauno (2006), Romasanta: la caza de [&hellip;]<\/p>\n","protected":false},"author":28,"featured_media":0,"comment_status":"open","ping_status":"open","sticky":false,"template":"","format":"standard","meta":{"footnotes":""},"categories":[10,12,9,26],"tags":[593,1366,1347,1063,525,232,1362,550],"class_list":["post-4149","post","type-post","status-publish","format-standard","hentry","category-cine-de-comics","category-cine-de-fantasia","category-cine-de-terror","category-gdt","tag-batman-3","tag-blue-beetle","tag-captain-america-the-first-avenger","tag-pirates-of-the-caribbean-on-stranger-tides","tag-scream-4","tag-thor","tag-van-helsing","tag-x-men-first-class"],"yoast_head":"<!-- This site is optimized with the Yoast SEO plugin v24.3 - https:\/\/yoast.com\/wordpress\/plugins\/seo\/ -->\n<title>&iquest;M&iacute;stica y Moira MacTaggert en X-Men: First Class?, Guillermo del Toro habla de Van Helsing y de cu&aacute;ndo presentar&aacute; su futuro, Scream 4 y Pirates of the Caribbean: On Stranger Tides renuevan sus filas, Blue Beetle a la tele, &iquest;Vincent D&#039;Onofrio un nuevo Comando Aullador en Captain America: The First Avenger?, primer malvistazo a Sif en Thor, Batman 3 arranca en marzo y otras cosas... - Uruloki :: Blog<\/title>\n<meta name=\"robots\" content=\"index, follow, max-snippet:-1, max-image-preview:large, max-video-preview:-1\" \/>\n<link rel=\"canonical\" href=\"https:\/\/www.uruloki.org\/felipeblog\/cine-de-terror\/mstica-y-moira-mactaggert-en-x-men-first-class-guillermo-del-toro-habla-de-van-helsing-y-de-cundo-presentar-su-futuro-scream-4-y-pirates-of-the-caribbean-on-strang\" \/>\n<meta property=\"og:locale\" content=\"es_ES\" \/>\n<meta property=\"og:type\" content=\"article\" \/>\n<meta property=\"og:title\" content=\"&iquest;M&iacute;stica y Moira MacTaggert en X-Men: First Class?, Guillermo del Toro habla de Van Helsing y de cu&aacute;ndo presentar&aacute; su futuro, Scream 4 y Pirates of the Caribbean: On Stranger Tides renuevan sus filas, Blue Beetle a la tele, &iquest;Vincent D&#039;Onofrio un nuevo Comando Aullador en Captain America: The First Avenger?, primer malvistazo a Sif en Thor, Batman 3 arranca en marzo y otras cosas... - Uruloki :: Blog\" \/>\n<meta property=\"og:description\" content=\"Damos por cerrado un muy interesante fin de semana y no me cansar&eacute; de recomendaros una y otra vez la entrevista que le he podido hacer a Arturo Balseiro, persona al mando de la compa&ntilde;&iacute;a de FX espa&ntilde;ola Dharma Estudios y t&eacute;cnico de conocidos films como El laberinto del fauno (2006), Romasanta: la caza de [&hellip;]\" \/>\n<meta property=\"og:url\" content=\"https:\/\/www.uruloki.org\/felipeblog\/cine-de-terror\/mstica-y-moira-mactaggert-en-x-men-first-class-guillermo-del-toro-habla-de-van-helsing-y-de-cundo-presentar-su-futuro-scream-4-y-pirates-of-the-caribbean-on-strang\" \/>\n<meta property=\"og:site_name\" content=\"Uruloki :: Blog\" \/>\n<meta property=\"article:publisher\" content=\"https:\/\/www.facebook.com\/uruloki.org\" \/>\n<meta property=\"article:published_time\" content=\"2010-06-14T19:10:17+00:00\" \/>\n<meta property=\"article:modified_time\" content=\"2010-06-14T19:11:16+00:00\" \/>\n<meta property=\"og:image\" content=\"https:\/\/uruloki.org\/felipeblog\/images2010\/20100614-heard-misitca-pike-moira-x-men-first-class.jpg\" \/>\n<meta name=\"author\" content=\"Uruloki\" \/>\n<meta name=\"twitter:card\" content=\"summary_large_image\" \/>\n<meta name=\"twitter:creator\" content=\"@uruloki\" \/>\n<meta name=\"twitter:site\" content=\"@uruloki\" \/>\n<meta name=\"twitter:label1\" content=\"Escrito por\" \/>\n\t<meta name=\"twitter:data1\" content=\"Uruloki\" \/>\n\t<meta name=\"twitter:label2\" content=\"Tiempo de lectura\" \/>\n\t<meta name=\"twitter:data2\" content=\"5 minutos\" \/>\n<script type=\"application\/ld+json\" class=\"yoast-schema-graph\">{\"@context\":\"https:\/\/schema.org\",\"@graph\":[{\"@type\":\"WebPage\",\"@id\":\"https:\/\/www.uruloki.org\/felipeblog\/cine-de-terror\/mstica-y-moira-mactaggert-en-x-men-first-class-guillermo-del-toro-habla-de-van-helsing-y-de-cundo-presentar-su-futuro-scream-4-y-pirates-of-the-caribbean-on-strang\",\"url\":\"https:\/\/www.uruloki.org\/felipeblog\/cine-de-terror\/mstica-y-moira-mactaggert-en-x-men-first-class-guillermo-del-toro-habla-de-van-helsing-y-de-cundo-presentar-su-futuro-scream-4-y-pirates-of-the-caribbean-on-strang\",\"name\":\"&iquest;M&iacute;stica y Moira MacTaggert en X-Men: First Class?, Guillermo del Toro habla de Van Helsing y de cu&aacute;ndo presentar&aacute; su futuro, Scream 4 y Pirates of the Caribbean: On Stranger Tides renuevan sus filas, Blue Beetle a la tele, &iquest;Vincent D'Onofrio un nuevo Comando Aullador en Captain America: The First Avenger?, primer malvistazo a Sif en Thor, Batman 3 arranca en marzo y otras cosas... - Uruloki :: Blog\",\"isPartOf\":{\"@id\":\"https:\/\/www.uruloki.org\/felipeblog\/#website\"},\"primaryImageOfPage\":{\"@id\":\"https:\/\/www.uruloki.org\/felipeblog\/cine-de-terror\/mstica-y-moira-mactaggert-en-x-men-first-class-guillermo-del-toro-habla-de-van-helsing-y-de-cundo-presentar-su-futuro-scream-4-y-pirates-of-the-caribbean-on-strang#primaryimage\"},\"image\":{\"@id\":\"https:\/\/www.uruloki.org\/felipeblog\/cine-de-terror\/mstica-y-moira-mactaggert-en-x-men-first-class-guillermo-del-toro-habla-de-van-helsing-y-de-cundo-presentar-su-futuro-scream-4-y-pirates-of-the-caribbean-on-strang#primaryimage\"},\"thumbnailUrl\":\"https:\/\/uruloki.org\/felipeblog\/images2010\/20100614-heard-misitca-pike-moira-x-men-first-class.jpg\",\"datePublished\":\"2010-06-14T19:10:17+00:00\",\"dateModified\":\"2010-06-14T19:11:16+00:00\",\"author\":{\"@id\":\"https:\/\/www.uruloki.org\/felipeblog\/#\/schema\/person\/ddba06ddaa27edf0c370460d05c51bb3\"},\"breadcrumb\":{\"@id\":\"https:\/\/www.uruloki.org\/felipeblog\/cine-de-terror\/mstica-y-moira-mactaggert-en-x-men-first-class-guillermo-del-toro-habla-de-van-helsing-y-de-cundo-presentar-su-futuro-scream-4-y-pirates-of-the-caribbean-on-strang#breadcrumb\"},\"inLanguage\":\"es\",\"potentialAction\":[{\"@type\":\"ReadAction\",\"target\":[\"https:\/\/www.uruloki.org\/felipeblog\/cine-de-terror\/mstica-y-moira-mactaggert-en-x-men-first-class-guillermo-del-toro-habla-de-van-helsing-y-de-cundo-presentar-su-futuro-scream-4-y-pirates-of-the-caribbean-on-strang\"]}]},{\"@type\":\"ImageObject\",\"inLanguage\":\"es\",\"@id\":\"https:\/\/www.uruloki.org\/felipeblog\/cine-de-terror\/mstica-y-moira-mactaggert-en-x-men-first-class-guillermo-del-toro-habla-de-van-helsing-y-de-cundo-presentar-su-futuro-scream-4-y-pirates-of-the-caribbean-on-strang#primaryimage\",\"url\":\"https:\/\/uruloki.org\/felipeblog\/images2010\/20100614-heard-misitca-pike-moira-x-men-first-class.jpg\",\"contentUrl\":\"https:\/\/uruloki.org\/felipeblog\/images2010\/20100614-heard-misitca-pike-moira-x-men-first-class.jpg\"},{\"@type\":\"BreadcrumbList\",\"@id\":\"https:\/\/www.uruloki.org\/felipeblog\/cine-de-terror\/mstica-y-moira-mactaggert-en-x-men-first-class-guillermo-del-toro-habla-de-van-helsing-y-de-cundo-presentar-su-futuro-scream-4-y-pirates-of-the-caribbean-on-strang#breadcrumb\",\"itemListElement\":[{\"@type\":\"ListItem\",\"position\":1,\"name\":\"Portada\",\"item\":\"https:\/\/www.uruloki.org\/felipeblog\"},{\"@type\":\"ListItem\",\"position\":2,\"name\":\"&iquest;M&iacute;stica y Moira MacTaggert en X-Men: First Class?, Guillermo del Toro habla de Van Helsing y de cu&aacute;ndo presentar&aacute; su futuro, Scream 4 y Pirates of the Caribbean: On Stranger Tides renuevan sus filas, Blue Beetle a la tele, &iquest;Vincent D&#8217;Onofrio un nuevo Comando Aullador en Captain America: The First Avenger?, primer malvistazo a Sif en Thor, Batman 3 arranca en marzo y otras cosas&#8230;\"}]},{\"@type\":\"WebSite\",\"@id\":\"https:\/\/www.uruloki.org\/felipeblog\/#website\",\"url\":\"https:\/\/www.uruloki.org\/felipeblog\/\",\"name\":\"Uruloki :: Blog\",\"description\":\"Blog de cine, terror, ciencia ficci\u00f3n, fantas\u00eda y c\u00f3mics\",\"potentialAction\":[{\"@type\":\"SearchAction\",\"target\":{\"@type\":\"EntryPoint\",\"urlTemplate\":\"https:\/\/www.uruloki.org\/felipeblog\/?s={search_term_string}\"},\"query-input\":{\"@type\":\"PropertyValueSpecification\",\"valueRequired\":true,\"valueName\":\"search_term_string\"}}],\"inLanguage\":\"es\"},{\"@type\":\"Person\",\"@id\":\"https:\/\/www.uruloki.org\/felipeblog\/#\/schema\/person\/ddba06ddaa27edf0c370460d05c51bb3\",\"name\":\"Uruloki\",\"image\":{\"@type\":\"ImageObject\",\"inLanguage\":\"es\",\"@id\":\"https:\/\/www.uruloki.org\/felipeblog\/#\/schema\/person\/image\/\",\"url\":\"https:\/\/secure.gravatar.com\/avatar\/68d5301c5f52ba88fd63f02c75b8c4d1b3c3fc4b21e2998a1e98c4b3a54d9f7c?s=96&d=mm&r=g\",\"contentUrl\":\"https:\/\/secure.gravatar.com\/avatar\/68d5301c5f52ba88fd63f02c75b8c4d1b3c3fc4b21e2998a1e98c4b3a54d9f7c?s=96&d=mm&r=g\",\"caption\":\"Uruloki\"},\"sameAs\":[\"https:\/\/uruloki.org\"],\"url\":\"https:\/\/www.uruloki.org\/felipeblog\/author\/admin-2-2-2\"}]}<\/script>\n<!-- \/ Yoast SEO plugin. -->","yoast_head_json":{"title":"&iquest;M&iacute;stica y Moira MacTaggert en X-Men: First Class?, Guillermo del Toro habla de Van Helsing y de cu&aacute;ndo presentar&aacute; su futuro, Scream 4 y Pirates of the Caribbean: On Stranger Tides renuevan sus filas, Blue Beetle a la tele, &iquest;Vincent D'Onofrio un nuevo Comando Aullador en Captain America: The First Avenger?, primer malvistazo a Sif en Thor, Batman 3 arranca en marzo y otras cosas... - Uruloki :: Blog","robots":{"index":"index","follow":"follow","max-snippet":"max-snippet:-1","max-image-preview":"max-image-preview:large","max-video-preview":"max-video-preview:-1"},"canonical":"https:\/\/www.uruloki.org\/felipeblog\/cine-de-terror\/mstica-y-moira-mactaggert-en-x-men-first-class-guillermo-del-toro-habla-de-van-helsing-y-de-cundo-presentar-su-futuro-scream-4-y-pirates-of-the-caribbean-on-strang","og_locale":"es_ES","og_type":"article","og_title":"&iquest;M&iacute;stica y Moira MacTaggert en X-Men: First Class?, Guillermo del Toro habla de Van Helsing y de cu&aacute;ndo presentar&aacute; su futuro, Scream 4 y Pirates of the Caribbean: On Stranger Tides renuevan sus filas, Blue Beetle a la tele, &iquest;Vincent D'Onofrio un nuevo Comando Aullador en Captain America: The First Avenger?, primer malvistazo a Sif en Thor, Batman 3 arranca en marzo y otras cosas... - Uruloki :: Blog","og_description":"Damos por cerrado un muy interesante fin de semana y no me cansar&eacute; de recomendaros una y otra vez la entrevista que le he podido hacer a Arturo Balseiro, persona al mando de la compa&ntilde;&iacute;a de FX espa&ntilde;ola Dharma Estudios y t&eacute;cnico de conocidos films como El laberinto del fauno (2006), Romasanta: la caza de [&hellip;]","og_url":"https:\/\/www.uruloki.org\/felipeblog\/cine-de-terror\/mstica-y-moira-mactaggert-en-x-men-first-class-guillermo-del-toro-habla-de-van-helsing-y-de-cundo-presentar-su-futuro-scream-4-y-pirates-of-the-caribbean-on-strang","og_site_name":"Uruloki :: Blog","article_publisher":"https:\/\/www.facebook.com\/uruloki.org","article_published_time":"2010-06-14T19:10:17+00:00","article_modified_time":"2010-06-14T19:11:16+00:00","og_image":[{"url":"https:\/\/uruloki.org\/felipeblog\/images2010\/20100614-heard-misitca-pike-moira-x-men-first-class.jpg","type":"","width":"","height":""}],"author":"Uruloki","twitter_card":"summary_large_image","twitter_creator":"@uruloki","twitter_site":"@uruloki","twitter_misc":{"Escrito por":"Uruloki","Tiempo de lectura":"5 minutos"},"schema":{"@context":"https:\/\/schema.org","@graph":[{"@type":"WebPage","@id":"https:\/\/www.uruloki.org\/felipeblog\/cine-de-terror\/mstica-y-moira-mactaggert-en-x-men-first-class-guillermo-del-toro-habla-de-van-helsing-y-de-cundo-presentar-su-futuro-scream-4-y-pirates-of-the-caribbean-on-strang","url":"https:\/\/www.uruloki.org\/felipeblog\/cine-de-terror\/mstica-y-moira-mactaggert-en-x-men-first-class-guillermo-del-toro-habla-de-van-helsing-y-de-cundo-presentar-su-futuro-scream-4-y-pirates-of-the-caribbean-on-strang","name":"&iquest;M&iacute;stica y Moira MacTaggert en X-Men: First Class?, Guillermo del Toro habla de Van Helsing y de cu&aacute;ndo presentar&aacute; su futuro, Scream 4 y Pirates of the Caribbean: On Stranger Tides renuevan sus filas, Blue Beetle a la tele, &iquest;Vincent D'Onofrio un nuevo Comando Aullador en Captain America: The First Avenger?, primer malvistazo a Sif en Thor, Batman 3 arranca en marzo y otras cosas... - Uruloki :: Blog","isPartOf":{"@id":"https:\/\/www.uruloki.org\/felipeblog\/#website"},"primaryImageOfPage":{"@id":"https:\/\/www.uruloki.org\/felipeblog\/cine-de-terror\/mstica-y-moira-mactaggert-en-x-men-first-class-guillermo-del-toro-habla-de-van-helsing-y-de-cundo-presentar-su-futuro-scream-4-y-pirates-of-the-caribbean-on-strang#primaryimage"},"image":{"@id":"https:\/\/www.uruloki.org\/felipeblog\/cine-de-terror\/mstica-y-moira-mactaggert-en-x-men-first-class-guillermo-del-toro-habla-de-van-helsing-y-de-cundo-presentar-su-futuro-scream-4-y-pirates-of-the-caribbean-on-strang#primaryimage"},"thumbnailUrl":"https:\/\/uruloki.org\/felipeblog\/images2010\/20100614-heard-misitca-pike-moira-x-men-first-class.jpg","datePublished":"2010-06-14T19:10:17+00:00","dateModified":"2010-06-14T19:11:16+00:00","author":{"@id":"https:\/\/www.uruloki.org\/felipeblog\/#\/schema\/person\/ddba06ddaa27edf0c370460d05c51bb3"},"breadcrumb":{"@id":"https:\/\/www.uruloki.org\/felipeblog\/cine-de-terror\/mstica-y-moira-mactaggert-en-x-men-first-class-guillermo-del-toro-habla-de-van-helsing-y-de-cundo-presentar-su-futuro-scream-4-y-pirates-of-the-caribbean-on-strang#breadcrumb"},"inLanguage":"es","potentialAction":[{"@type":"ReadAction","target":["https:\/\/www.uruloki.org\/felipeblog\/cine-de-terror\/mstica-y-moira-mactaggert-en-x-men-first-class-guillermo-del-toro-habla-de-van-helsing-y-de-cundo-presentar-su-futuro-scream-4-y-pirates-of-the-caribbean-on-strang"]}]},{"@type":"ImageObject","inLanguage":"es","@id":"https:\/\/www.uruloki.org\/felipeblog\/cine-de-terror\/mstica-y-moira-mactaggert-en-x-men-first-class-guillermo-del-toro-habla-de-van-helsing-y-de-cundo-presentar-su-futuro-scream-4-y-pirates-of-the-caribbean-on-strang#primaryimage","url":"https:\/\/uruloki.org\/felipeblog\/images2010\/20100614-heard-misitca-pike-moira-x-men-first-class.jpg","contentUrl":"https:\/\/uruloki.org\/felipeblog\/images2010\/20100614-heard-misitca-pike-moira-x-men-first-class.jpg"},{"@type":"BreadcrumbList","@id":"https:\/\/www.uruloki.org\/felipeblog\/cine-de-terror\/mstica-y-moira-mactaggert-en-x-men-first-class-guillermo-del-toro-habla-de-van-helsing-y-de-cundo-presentar-su-futuro-scream-4-y-pirates-of-the-caribbean-on-strang#breadcrumb","itemListElement":[{"@type":"ListItem","position":1,"name":"Portada","item":"https:\/\/www.uruloki.org\/felipeblog"},{"@type":"ListItem","position":2,"name":"&iquest;M&iacute;stica y Moira MacTaggert en X-Men: First Class?, Guillermo del Toro habla de Van Helsing y de cu&aacute;ndo presentar&aacute; su futuro, Scream 4 y Pirates of the Caribbean: On Stranger Tides renuevan sus filas, Blue Beetle a la tele, &iquest;Vincent D&#8217;Onofrio un nuevo Comando Aullador en Captain America: The First Avenger?, primer malvistazo a Sif en Thor, Batman 3 arranca en marzo y otras cosas&#8230;"}]},{"@type":"WebSite","@id":"https:\/\/www.uruloki.org\/felipeblog\/#website","url":"https:\/\/www.uruloki.org\/felipeblog\/","name":"Uruloki :: Blog","description":"Blog de cine, terror, ciencia ficci\u00f3n, fantas\u00eda y c\u00f3mics","potentialAction":[{"@type":"SearchAction","target":{"@type":"EntryPoint","urlTemplate":"https:\/\/www.uruloki.org\/felipeblog\/?s={search_term_string}"},"query-input":{"@type":"PropertyValueSpecification","valueRequired":true,"valueName":"search_term_string"}}],"inLanguage":"es"},{"@type":"Person","@id":"https:\/\/www.uruloki.org\/felipeblog\/#\/schema\/person\/ddba06ddaa27edf0c370460d05c51bb3","name":"Uruloki","image":{"@type":"ImageObject","inLanguage":"es","@id":"https:\/\/www.uruloki.org\/felipeblog\/#\/schema\/person\/image\/","url":"https:\/\/secure.gravatar.com\/avatar\/68d5301c5f52ba88fd63f02c75b8c4d1b3c3fc4b21e2998a1e98c4b3a54d9f7c?s=96&d=mm&r=g","contentUrl":"https:\/\/secure.gravatar.com\/avatar\/68d5301c5f52ba88fd63f02c75b8c4d1b3c3fc4b21e2998a1e98c4b3a54d9f7c?s=96&d=mm&r=g","caption":"Uruloki"},"sameAs":["https:\/\/uruloki.org"],"url":"https:\/\/www.uruloki.org\/felipeblog\/author\/admin-2-2-2"}]}},"_links":{"self":[{"href":"https:\/\/www.uruloki.org\/felipeblog\/wp-json\/wp\/v2\/posts\/4149","targetHints":{"allow":["GET"]}}],"collection":[{"href":"https:\/\/www.uruloki.org\/felipeblog\/wp-json\/wp\/v2\/posts"}],"about":[{"href":"https:\/\/www.uruloki.org\/felipeblog\/wp-json\/wp\/v2\/types\/post"}],"author":[{"embeddable":true,"href":"https:\/\/www.uruloki.org\/felipeblog\/wp-json\/wp\/v2\/users\/28"}],"replies":[{"embeddable":true,"href":"https:\/\/www.uruloki.org\/felipeblog\/wp-json\/wp\/v2\/comments?post=4149"}],"version-history":[{"count":3,"href":"https:\/\/www.uruloki.org\/felipeblog\/wp-json\/wp\/v2\/posts\/4149\/revisions"}],"predecessor-version":[{"id":4151,"href":"https:\/\/www.uruloki.org\/felipeblog\/wp-json\/wp\/v2\/posts\/4149\/revisions\/4151"}],"wp:attachment":[{"href":"https:\/\/www.uruloki.org\/felipeblog\/wp-json\/wp\/v2\/media?parent=4149"}],"wp:term":[{"taxonomy":"category","embeddable":true,"href":"https:\/\/www.uruloki.org\/felipeblog\/wp-json\/wp\/v2\/categories?post=4149"},{"taxonomy":"post_tag","embeddable":true,"href":"https:\/\/www.uruloki.org\/felipeblog\/wp-json\/wp\/v2\/tags?post=4149"}],"curies":[{"name":"wp","href":"https:\/\/api.w.org\/{rel}","templated":true}]}}