{"id":399,"date":"2005-07-24T18:12:54","date_gmt":"2005-07-25T02:12:54","guid":{"rendered":"https:\/\/uruloki.org\/felipeblog\/?p=399"},"modified":"2005-07-24T18:12:54","modified_gmt":"2005-07-25T02:12:54","slug":"v-de-vendetta-primer-trailer","status":"publish","type":"post","link":"https:\/\/www.uruloki.org\/felipeblog\/cine-de-comics\/v-de-vendetta-primer-trailer","title":{"rendered":"V de Vendetta, primer trailer&#8230;"},"content":{"rendered":"<p>Ya tenemos aqu&iacute; el <a href=\"http:\/\/vforvendetta.warnerbros.com\/cmp\/trailer.html\" target=\"_blank\" title=\"Ver el primer trailer de V de Vendetta\">primer trailer<\/a> de la esperada adaptaci&oacute;n al cine de <a href=\"https:\/\/uruloki.org\/felipeblog\/archives\/000132.html#000132\" title=\"Mi opini&oacute;n sobre la obra\">una de las obras cumbres del gran autor Alan Moore<\/a>. &iquest;Que comentar? Inicialmente se puede decir que da sensaci&oacute;n de que puede ser una buena adaptaci&oacute;n a la novela gr&aacute;fica.<\/p>\n<p><a href=\"https:\/\/uruloki.org\/felipeblog\/imagenes\/VforVendetta_Logo.html\" onclick=\"window.open('https:\/\/uruloki.org\/felipeblog\/imagenes\/VforVendetta_Logo.html','popup','width=619,height=270,scrollbars=no,resizable=no,toolbar=no,directories=no,location=no,menubar=no,status=no,left=0,top=0'); return false\" title=\"V de Vendetta\"><img loading=\"lazy\" decoding=\"async\" src=\"http:\/\/photos21.flickr.com\/28203802_7653bf173d_o.jpg\" width=\"450\" height=\"196\" alt=\"V de Vendetta\" border=\"1\" \/><\/a><\/p>\n<p>Pueden verse algunos de los pasajes m&aacute;s representativos de la obra, la escena final del trailer es el rescate o primer encuentro de <a href=\"https:\/\/uruloki.org\/felipeblog\/archives\/000623.html#000623\" title=\"recordad a Natalie Portman como Evey\">Evey<\/a> y <strong>V<\/strong>. Ese momento en el que ella es detenida por ejercer la prostituci&oacute;n y como <strong>V<\/strong> da buena cuenta de los miembros de seguridad para comenzar a educar a la chica en contra del gran hermano que todo lo controla, hay que acabar con su polic&iacute;a particular, su iglesia, su televisi&oacute;n, su ciencia y por supuesto con sus dirigentes.<\/p>\n<p><a href=\"https:\/\/uruloki.org\/felipeblog\/imagenes\/VforVendetta_V.html\" onclick=\"window.open('https:\/\/uruloki.org\/felipeblog\/imagenes\/VforVendetta_V.html','popup','width=628,height=266,scrollbars=no,resizable=no,toolbar=no,directories=no,location=no,menubar=no,status=no,left=0,top=0'); return false\" title=\"V da la cara\"><img loading=\"lazy\" decoding=\"async\" src=\"http:\/\/photos22.flickr.com\/28203810_ef3f0a5bd5_o.jpg\" width=\"450\" height=\"191\" alt=\"V da la cara\" border=\"1\" \/><\/a><\/p>\n<p>Las <a href=\"https:\/\/uruloki.org\/felipeblog\/imagenes\/VforVendetta_V2.html\" onclick=\"window.open('https:\/\/uruloki.org\/felipeblog\/imagenes\/VforVendetta_V2.html','popup','width=632,height=265,scrollbars=no,resizable=no,toolbar=no,directories=no,location=no,menubar=no,status=no,left=0,top=0'); return false\" title=\"V lanzando un cuhillo\">im&aacute;genes son un poco oscuras<\/a>, pero creo recordad que la obra transcurre siempre de noche y en algunos momentos con lluvia. Lo &uacute;nico que iluminaba algo eran los bombazos que met&iacute;a <strong>V<\/strong> para ir acabando poco a poco con los pilares del gran hermano que todo lo controla.<\/p>\n<p>En fin, me apetece ver como se curran esta adaptaci&oacute;n porque no va a ser f&aacute;cil convencernos. Por lo visto en el trailer es bastante fiel al c&oacute;mic original&#8230; <strong>remember, remember the 5th of november<\/strong>!<\/p>\n","protected":false},"excerpt":{"rendered":"<p>Ya tenemos aqu&iacute; el primer trailer de la esperada adaptaci&oacute;n al cine de una de las obras cumbres del gran autor Alan Moore. &iquest;Que comentar? Inicialmente se puede decir que da sensaci&oacute;n de que puede ser una buena adaptaci&oacute;n a la novela gr&aacute;fica. Pueden verse algunos de los pasajes m&aacute;s representativos de la obra, la [&hellip;]<\/p>\n","protected":false},"author":28,"featured_media":0,"comment_status":"closed","ping_status":"closed","sticky":false,"template":"","format":"standard","meta":{"footnotes":""},"categories":[10],"tags":[],"class_list":["post-399","post","type-post","status-publish","format-standard","hentry","category-cine-de-comics"],"yoast_head":"<!-- This site is optimized with the Yoast SEO plugin v24.3 - https:\/\/yoast.com\/wordpress\/plugins\/seo\/ -->\n<title>V de Vendetta, primer trailer... - Uruloki :: Blog<\/title>\n<meta name=\"robots\" content=\"index, follow, max-snippet:-1, max-image-preview:large, max-video-preview:-1\" \/>\n<link rel=\"canonical\" href=\"https:\/\/www.uruloki.org\/felipeblog\/cine-de-comics\/v-de-vendetta-primer-trailer\" \/>\n<meta property=\"og:locale\" content=\"es_ES\" \/>\n<meta property=\"og:type\" content=\"article\" \/>\n<meta property=\"og:title\" content=\"V de Vendetta, primer trailer... - Uruloki :: Blog\" \/>\n<meta property=\"og:description\" content=\"Ya tenemos aqu&iacute; el primer trailer de la esperada adaptaci&oacute;n al cine de una de las obras cumbres del gran autor Alan Moore. &iquest;Que comentar? Inicialmente se puede decir que da sensaci&oacute;n de que puede ser una buena adaptaci&oacute;n a la novela gr&aacute;fica. Pueden verse algunos de los pasajes m&aacute;s representativos de la obra, la [&hellip;]\" \/>\n<meta property=\"og:url\" content=\"https:\/\/www.uruloki.org\/felipeblog\/cine-de-comics\/v-de-vendetta-primer-trailer\" \/>\n<meta property=\"og:site_name\" content=\"Uruloki :: Blog\" \/>\n<meta property=\"article:publisher\" content=\"https:\/\/www.facebook.com\/uruloki.org\" \/>\n<meta property=\"article:published_time\" content=\"2005-07-25T02:12:54+00:00\" \/>\n<meta property=\"og:image\" content=\"http:\/\/photos21.flickr.com\/28203802_7653bf173d_o.jpg\" \/>\n<meta name=\"author\" content=\"Uruloki\" \/>\n<meta name=\"twitter:card\" content=\"summary_large_image\" \/>\n<meta name=\"twitter:creator\" content=\"@uruloki\" \/>\n<meta name=\"twitter:site\" content=\"@uruloki\" \/>\n<meta name=\"twitter:label1\" content=\"Escrito por\" \/>\n\t<meta name=\"twitter:data1\" content=\"Uruloki\" \/>\n\t<meta name=\"twitter:label2\" content=\"Tiempo de lectura\" \/>\n\t<meta name=\"twitter:data2\" content=\"1 minuto\" \/>\n<script type=\"application\/ld+json\" class=\"yoast-schema-graph\">{\"@context\":\"https:\/\/schema.org\",\"@graph\":[{\"@type\":\"WebPage\",\"@id\":\"https:\/\/www.uruloki.org\/felipeblog\/cine-de-comics\/v-de-vendetta-primer-trailer\",\"url\":\"https:\/\/www.uruloki.org\/felipeblog\/cine-de-comics\/v-de-vendetta-primer-trailer\",\"name\":\"V de Vendetta, primer trailer... - Uruloki :: Blog\",\"isPartOf\":{\"@id\":\"https:\/\/www.uruloki.org\/felipeblog\/#website\"},\"primaryImageOfPage\":{\"@id\":\"https:\/\/www.uruloki.org\/felipeblog\/cine-de-comics\/v-de-vendetta-primer-trailer#primaryimage\"},\"image\":{\"@id\":\"https:\/\/www.uruloki.org\/felipeblog\/cine-de-comics\/v-de-vendetta-primer-trailer#primaryimage\"},\"thumbnailUrl\":\"http:\/\/photos21.flickr.com\/28203802_7653bf173d_o.jpg\",\"datePublished\":\"2005-07-25T02:12:54+00:00\",\"dateModified\":\"2005-07-25T02:12:54+00:00\",\"author\":{\"@id\":\"https:\/\/www.uruloki.org\/felipeblog\/#\/schema\/person\/ddba06ddaa27edf0c370460d05c51bb3\"},\"breadcrumb\":{\"@id\":\"https:\/\/www.uruloki.org\/felipeblog\/cine-de-comics\/v-de-vendetta-primer-trailer#breadcrumb\"},\"inLanguage\":\"es\",\"potentialAction\":[{\"@type\":\"ReadAction\",\"target\":[\"https:\/\/www.uruloki.org\/felipeblog\/cine-de-comics\/v-de-vendetta-primer-trailer\"]}]},{\"@type\":\"ImageObject\",\"inLanguage\":\"es\",\"@id\":\"https:\/\/www.uruloki.org\/felipeblog\/cine-de-comics\/v-de-vendetta-primer-trailer#primaryimage\",\"url\":\"http:\/\/photos21.flickr.com\/28203802_7653bf173d_o.jpg\",\"contentUrl\":\"http:\/\/photos21.flickr.com\/28203802_7653bf173d_o.jpg\"},{\"@type\":\"BreadcrumbList\",\"@id\":\"https:\/\/www.uruloki.org\/felipeblog\/cine-de-comics\/v-de-vendetta-primer-trailer#breadcrumb\",\"itemListElement\":[{\"@type\":\"ListItem\",\"position\":1,\"name\":\"Portada\",\"item\":\"https:\/\/www.uruloki.org\/felipeblog\"},{\"@type\":\"ListItem\",\"position\":2,\"name\":\"V de Vendetta, primer trailer&#8230;\"}]},{\"@type\":\"WebSite\",\"@id\":\"https:\/\/www.uruloki.org\/felipeblog\/#website\",\"url\":\"https:\/\/www.uruloki.org\/felipeblog\/\",\"name\":\"Uruloki :: Blog\",\"description\":\"Blog de cine, terror, ciencia ficci\u00f3n, fantas\u00eda y c\u00f3mics\",\"potentialAction\":[{\"@type\":\"SearchAction\",\"target\":{\"@type\":\"EntryPoint\",\"urlTemplate\":\"https:\/\/www.uruloki.org\/felipeblog\/?s={search_term_string}\"},\"query-input\":{\"@type\":\"PropertyValueSpecification\",\"valueRequired\":true,\"valueName\":\"search_term_string\"}}],\"inLanguage\":\"es\"},{\"@type\":\"Person\",\"@id\":\"https:\/\/www.uruloki.org\/felipeblog\/#\/schema\/person\/ddba06ddaa27edf0c370460d05c51bb3\",\"name\":\"Uruloki\",\"image\":{\"@type\":\"ImageObject\",\"inLanguage\":\"es\",\"@id\":\"https:\/\/www.uruloki.org\/felipeblog\/#\/schema\/person\/image\/\",\"url\":\"https:\/\/secure.gravatar.com\/avatar\/68d5301c5f52ba88fd63f02c75b8c4d1b3c3fc4b21e2998a1e98c4b3a54d9f7c?s=96&d=mm&r=g\",\"contentUrl\":\"https:\/\/secure.gravatar.com\/avatar\/68d5301c5f52ba88fd63f02c75b8c4d1b3c3fc4b21e2998a1e98c4b3a54d9f7c?s=96&d=mm&r=g\",\"caption\":\"Uruloki\"},\"sameAs\":[\"https:\/\/uruloki.org\"],\"url\":\"https:\/\/www.uruloki.org\/felipeblog\/author\/admin-2-2-2\"}]}<\/script>\n<!-- \/ Yoast SEO plugin. -->","yoast_head_json":{"title":"V de Vendetta, primer trailer... - Uruloki :: Blog","robots":{"index":"index","follow":"follow","max-snippet":"max-snippet:-1","max-image-preview":"max-image-preview:large","max-video-preview":"max-video-preview:-1"},"canonical":"https:\/\/www.uruloki.org\/felipeblog\/cine-de-comics\/v-de-vendetta-primer-trailer","og_locale":"es_ES","og_type":"article","og_title":"V de Vendetta, primer trailer... - Uruloki :: Blog","og_description":"Ya tenemos aqu&iacute; el primer trailer de la esperada adaptaci&oacute;n al cine de una de las obras cumbres del gran autor Alan Moore. &iquest;Que comentar? Inicialmente se puede decir que da sensaci&oacute;n de que puede ser una buena adaptaci&oacute;n a la novela gr&aacute;fica. Pueden verse algunos de los pasajes m&aacute;s representativos de la obra, la [&hellip;]","og_url":"https:\/\/www.uruloki.org\/felipeblog\/cine-de-comics\/v-de-vendetta-primer-trailer","og_site_name":"Uruloki :: Blog","article_publisher":"https:\/\/www.facebook.com\/uruloki.org","article_published_time":"2005-07-25T02:12:54+00:00","og_image":[{"url":"http:\/\/photos21.flickr.com\/28203802_7653bf173d_o.jpg","type":"","width":"","height":""}],"author":"Uruloki","twitter_card":"summary_large_image","twitter_creator":"@uruloki","twitter_site":"@uruloki","twitter_misc":{"Escrito por":"Uruloki","Tiempo de lectura":"1 minuto"},"schema":{"@context":"https:\/\/schema.org","@graph":[{"@type":"WebPage","@id":"https:\/\/www.uruloki.org\/felipeblog\/cine-de-comics\/v-de-vendetta-primer-trailer","url":"https:\/\/www.uruloki.org\/felipeblog\/cine-de-comics\/v-de-vendetta-primer-trailer","name":"V de Vendetta, primer trailer... - Uruloki :: Blog","isPartOf":{"@id":"https:\/\/www.uruloki.org\/felipeblog\/#website"},"primaryImageOfPage":{"@id":"https:\/\/www.uruloki.org\/felipeblog\/cine-de-comics\/v-de-vendetta-primer-trailer#primaryimage"},"image":{"@id":"https:\/\/www.uruloki.org\/felipeblog\/cine-de-comics\/v-de-vendetta-primer-trailer#primaryimage"},"thumbnailUrl":"http:\/\/photos21.flickr.com\/28203802_7653bf173d_o.jpg","datePublished":"2005-07-25T02:12:54+00:00","dateModified":"2005-07-25T02:12:54+00:00","author":{"@id":"https:\/\/www.uruloki.org\/felipeblog\/#\/schema\/person\/ddba06ddaa27edf0c370460d05c51bb3"},"breadcrumb":{"@id":"https:\/\/www.uruloki.org\/felipeblog\/cine-de-comics\/v-de-vendetta-primer-trailer#breadcrumb"},"inLanguage":"es","potentialAction":[{"@type":"ReadAction","target":["https:\/\/www.uruloki.org\/felipeblog\/cine-de-comics\/v-de-vendetta-primer-trailer"]}]},{"@type":"ImageObject","inLanguage":"es","@id":"https:\/\/www.uruloki.org\/felipeblog\/cine-de-comics\/v-de-vendetta-primer-trailer#primaryimage","url":"http:\/\/photos21.flickr.com\/28203802_7653bf173d_o.jpg","contentUrl":"http:\/\/photos21.flickr.com\/28203802_7653bf173d_o.jpg"},{"@type":"BreadcrumbList","@id":"https:\/\/www.uruloki.org\/felipeblog\/cine-de-comics\/v-de-vendetta-primer-trailer#breadcrumb","itemListElement":[{"@type":"ListItem","position":1,"name":"Portada","item":"https:\/\/www.uruloki.org\/felipeblog"},{"@type":"ListItem","position":2,"name":"V de Vendetta, primer trailer&#8230;"}]},{"@type":"WebSite","@id":"https:\/\/www.uruloki.org\/felipeblog\/#website","url":"https:\/\/www.uruloki.org\/felipeblog\/","name":"Uruloki :: Blog","description":"Blog de cine, terror, ciencia ficci\u00f3n, fantas\u00eda y c\u00f3mics","potentialAction":[{"@type":"SearchAction","target":{"@type":"EntryPoint","urlTemplate":"https:\/\/www.uruloki.org\/felipeblog\/?s={search_term_string}"},"query-input":{"@type":"PropertyValueSpecification","valueRequired":true,"valueName":"search_term_string"}}],"inLanguage":"es"},{"@type":"Person","@id":"https:\/\/www.uruloki.org\/felipeblog\/#\/schema\/person\/ddba06ddaa27edf0c370460d05c51bb3","name":"Uruloki","image":{"@type":"ImageObject","inLanguage":"es","@id":"https:\/\/www.uruloki.org\/felipeblog\/#\/schema\/person\/image\/","url":"https:\/\/secure.gravatar.com\/avatar\/68d5301c5f52ba88fd63f02c75b8c4d1b3c3fc4b21e2998a1e98c4b3a54d9f7c?s=96&d=mm&r=g","contentUrl":"https:\/\/secure.gravatar.com\/avatar\/68d5301c5f52ba88fd63f02c75b8c4d1b3c3fc4b21e2998a1e98c4b3a54d9f7c?s=96&d=mm&r=g","caption":"Uruloki"},"sameAs":["https:\/\/uruloki.org"],"url":"https:\/\/www.uruloki.org\/felipeblog\/author\/admin-2-2-2"}]}},"_links":{"self":[{"href":"https:\/\/www.uruloki.org\/felipeblog\/wp-json\/wp\/v2\/posts\/399","targetHints":{"allow":["GET"]}}],"collection":[{"href":"https:\/\/www.uruloki.org\/felipeblog\/wp-json\/wp\/v2\/posts"}],"about":[{"href":"https:\/\/www.uruloki.org\/felipeblog\/wp-json\/wp\/v2\/types\/post"}],"author":[{"embeddable":true,"href":"https:\/\/www.uruloki.org\/felipeblog\/wp-json\/wp\/v2\/users\/28"}],"replies":[{"embeddable":true,"href":"https:\/\/www.uruloki.org\/felipeblog\/wp-json\/wp\/v2\/comments?post=399"}],"version-history":[{"count":0,"href":"https:\/\/www.uruloki.org\/felipeblog\/wp-json\/wp\/v2\/posts\/399\/revisions"}],"wp:attachment":[{"href":"https:\/\/www.uruloki.org\/felipeblog\/wp-json\/wp\/v2\/media?parent=399"}],"wp:term":[{"taxonomy":"category","embeddable":true,"href":"https:\/\/www.uruloki.org\/felipeblog\/wp-json\/wp\/v2\/categories?post=399"},{"taxonomy":"post_tag","embeddable":true,"href":"https:\/\/www.uruloki.org\/felipeblog\/wp-json\/wp\/v2\/tags?post=399"}],"curies":[{"name":"wp","href":"https:\/\/api.w.org\/{rel}","templated":true}]}}