{"id":3758,"date":"2010-03-18T22:17:20","date_gmt":"2010-03-18T21:17:20","guid":{"rendered":"https:\/\/uruloki.org\/felipeblog\/?p=3758"},"modified":"2010-03-18T22:17:20","modified_gmt":"2010-03-18T21:17:20","slug":"1d2-el-inicio-de-the-hobbit-no-se-aclara-matices-para-los-pitufos-fabulosos-carteles-para-the-expendables-y-scott-pilgrim-vs-the-world-kane-lynch-willis-foxx-y-tim-burton-rodaraacu","status":"publish","type":"post","link":"https:\/\/www.uruloki.org\/felipeblog\/cine-de-comics\/1d2-el-inicio-de-the-hobbit-no-se-aclara-matices-para-los-pitufos-fabulosos-carteles-para-the-expendables-y-scott-pilgrim-vs-the-world-kane-lynch-willis-foxx-y-tim-burton-rodaraacu","title":{"rendered":"1D2: El inicio de The Hobbit no se aclara, matices para Los Pitufos, fabulosos carteles para The Expendables y Scott Pilgrim vs. The World, Kane &amp; Lynch = Willis &amp; Foxx y Tim Burton rodar&aacute; The Addams Family en 3-D y stop-motion&#8230;"},"content":{"rendered":"<p>Si bien hoy ser&iacute;a el d&iacute;a habitual para pasarse por el cine para ver <a href=\"http:\/\/www.imdb.es\/title\/tt1037705\/\" target=\"_blank\">El libro de Eli<\/a> (<em>The Book of Eli<\/em>, 2010), el factor trabajar por la tarde implica que la visita al cine se demore, por lo menos, a ma&ntilde;ana viernes. Esto no significa sin embargo el abandono del riguroso post noticiero  de hoy jueves. Para arrancar con buen pie lo mejor es matizar una par de las noticias de ayer. Primero vale la pena comentar, aunque sigo pensando que todo es mera especulaci&oacute;n, que la web oficial de <a href=\"http:\/\/www.imdb.es\/name\/nm0005212\/\" target=\"_blank\">Ian McKellen<\/a>, <a href=\"http:\/\/www.mckellen.com\/cinema\/index1.htm\" target=\"_blank\">mckellen.com<\/a>, matiza lo largado ayer y por arte de magia donde pon&iacute;a  junio ahora aparece julio. En fin, lo dicho. Esperemos anuncios oficiales y verdaderos. Si hasta el 2012 no vamos a ver <a href=\"http:\/\/www.imdb.es\/title\/tt0903624\/\" target=\"_blank\">The Hobbit<\/a> (2012) de <a href=\"http:\/\/www.imdb.es\/name\/nm0868219\/\" target=\"_blank\">Guillermo del Toro<\/a>&#8230; &iquest;es realmente necesario iniciar el rodaje este mismo verano? Segundo matiz. <a href=\"https:\/\/uruloki.org\/felipeblog\/cine-de-terror\/el-rodaje-de-the-hobbit-arranca-en-junio-o-en-octubre-y-3-d-conan-arranca-con-rose-mcgowan-como-mediana-sorpresa-fright-night-oficializa-su-director-salaak-estar-en-green-lantern\">Ayer indic&oacute; Entertainment Weekly<\/a> que <a href=\"http:\/\/www.imdb.es\/name\/nm0000279\/\" target=\"_blank\">Hank Azaria<\/a> iba a poner la voz a <strong>Gargamel<\/strong> en <a href=\"http:\/\/www.imdb.es\/title\/tt0472181\/\" target=\"_blank\">Los Pitufos<\/a> (<em>The Smurfs<\/em>, 2011) de  <a href=\"http:\/\/www.imdb.es\/name\/nm0331532\/\" target=\"_blank\">Raja Gosnell<\/a>. Pues nada, hoy el bueno de <a href=\"http:\/\/www.imdb.es\/name\/nm0000439\/\" target=\"_blank\">Neil Patrick Harris<\/a> nos informa, <a href=\"http:\/\/twitter.com\/ActuallyNPH\/status\/10659579486\" target=\"_blank\">en su cuenta de twitter<\/a>, que es verdad, pero que no pondr&aacute; la voz&#8230; si no que lo pondr&aacute; todo. Por lo tanto, las dudas surgidas al respecto desaparecen. <strong>Gargamel<\/strong> ser&aacute; un actor de carne y hueso y no un personaje digital como se dej&oacute; intuir <strong>EW<\/strong>.<\/p>\n<p class=\"centrado\"><img loading=\"lazy\" decoding=\"async\" src=\"https:\/\/uruloki.org\/felipeblog\/images2010\/20100318-the-expendables.jpg\" alt=\"Nuevo cartel mol&oacute;n de The Expendables\" width=\"338\" height=\"500\" border=\"1\" \/><br \/>\n<em>Nuevo cartel mol&oacute;n de The Expendables<\/em><\/p>\n<p>Es hora de ponernos con las noticias de hoy jueves y que mejor que empezar con novedades frescas de la <strong>ShoWest<\/strong> de <strong>Las Vegas<\/strong>. As&iacute; de sopet&oacute;n os dejo con el nuevo cartel de <a href=\"http:\/\/www.imdb.es\/title\/tt1320253\/\" target=\"_blank\">The Expendables<\/a> (2010) de <a href=\"http:\/\/www.imdb.es\/name\/nm0000230\/\" target=\"_blank\">Sylvester Stallone<\/a> que se ha sacado de la manga <strong>IGN.com<\/strong>. Os recomiendo <a href=\"http:\/\/movies.ign.com\/articles\/107\/1078203p1.html\" target=\"_blank\">pasar por el portal para verlo en mayor tama&ntilde;o<\/a>, no mucho, y mejor calidad&#8230; pena de marca de agua. Es sencillamente mol&oacute;n, salvaje y espectacular. <a href=\"https:\/\/uruloki.org\/felipeblog\/cine-de-ciencia-ficcin\/jackson-y-del-toro-apuran-la-pentaloga-de-la-obra-de-tolkien-el-remake-de-los-crazies-adelante-ya-tenemos-director-para-a-nightmare-on-elm-street-cosillas-de-daybreakers-x-men-ori\">Me recuerda mucho a uno<\/a> de los que se sacaron para <a href=\"http:\/\/www.imdb.es\/title\/tt0450314\/\" target=\"_blank\">Punisher: War Zone<\/a> (2008) de <a href=\"http:\/\/www.imdb.es\/name\/nm0591994\/\" target=\"_blank\">Lexi Alexander<\/a>. Y ojo, junto a este tenemos otro de los que veremos dentro de algunas horas por la red. Esta vez se trata de uno de los carteles que hay por los pasillos de la feria con un <strong>Sly<\/strong> impreso sobre la espalda tatuada del primer cartel que vimos del film. <a href=\"http:\/\/www.collider.com\/2010\/03\/17\/the-expendables-showest-standee-poster-and-another-new-expendables-poster\/\" target=\"_blank\">Para verlo pasaros por Collider.com<\/a>, vale la pena echarle un vistazo. Junto a este detalle decorativo, hoy el post se viste de rojo, tenemos el cartel oficial de <a href=\"http:\/\/www.imdb.es\/title\/tt0446029\/\" target=\"_blank\">Scott Pilgrim vs. The World<\/a> (2010) de <a href=\"http:\/\/www.imdb.es\/name\/nm0942367\/\" target=\"_blank\">Edgar Wright<\/a> en buena calidad y junto a un fondo de pantalla que pretende decorar nuestros escritorios virtuales. Gracias a <a href=\"http:\/\/www.ruinainevitable.com\/\" target=\"_blank\">Alucard<\/a> por el aviso, el p&oacute;ster puede ser visto en resoluci&oacute;n bastante notable en la web oficial del film: <a href=\"http:\/\/www.scottpilgrimthemovie.com\/2010\/03\/17\/scott-pilgrim-vs-the-world-official-teaser-poster\/\" target=\"_blank\">scottpilgrimthemovie.com<\/a>.<\/p>\n<p class=\"centrado\"><img loading=\"lazy\" decoding=\"async\" src=\"https:\/\/uruloki.org\/felipeblog\/images2010\/20100318-scott-pilgrim-vs-the-world.jpg\" alt=\"Primer p&oacute;ster oficial de Scott Pilgrim vs. The World\" width=\"338\" height=\"500\" border=\"1\" \/><br \/>\n<em>Primer p&oacute;ster oficial de Scott Pilgrim vs. The World<\/em><\/p>\n<p>Vayamos ahora con las noticias menos visuales de la jornada, pero no por ello carentes de inter&eacute;s. Comencemos, <a href=\"http:\/\/www.heatvisionblog.com\/2010\/03\/jamie-foxx-to-star-in-kane-and-lynch.html\" target=\"_blank\">v&iacute;a Heat Vision Blog de THR.com<\/a>, con el agradable fichaje que <a href=\"http:\/\/www.imdb.es\/name\/nm0004937\/\" target=\"_blank\">Jamie Foxx<\/a> para ser <strong>Lynch<\/strong> en <a href=\"http:\/\/www.imdb.es\/title\/tt0968747\/\" target=\"_blank\">Kane &amp; Lynch<\/a> (2011) de <a href=\"http:\/\/www.imdb.es\/name\/nm0186426\/\" target=\"_blank\">Simon Crane<\/a>, la adaptaci&oacute;n del conocido videojuego que <strong>Nu Image<\/strong> \/ <strong>Millenium Films<\/strong> pretenden financiar  con <strong>Lionsgate<\/strong> como compa&ntilde;era de distribuci&oacute;n. <strong>Foxx<\/strong> se unir&iacute;a por lo tanto a <a href=\"http:\/\/www.imdb.es\/name\/nm0000246\/\" target=\"_blank\">Bruce Willis<\/a>, confirmado hace eones. No estar&iacute;a nada mal. Sigamos con <a href=\"http:\/\/www.deadline.com\/2010\/03\/tim-burton-next-3d-animated-film-da-da-da-snap-snap-the-addams-family\/\" target=\"_blank\">la sorpresa aparecida en Deadline New York<\/a> por la cual se nos informa que <a href=\"http:\/\/www.imdb.es\/name\/nm0000318\/\" target=\"_blank\">Tim Burton<\/a> tiene ya entre manos una nueva pel&iacute;cula  en 3-D&#8230; y en <strong>stop motion<\/strong>!!! <strong>Burton<\/strong> dirigir&aacute; una pel&iacute;cula basada en los dibujos de <strong>&quot;La Familia Addams&quot;<\/strong> que <strong>Charles Addams<\/strong> originalmente creo para la serie de animaci&oacute;n de los a&ntilde;os 60. <strong>Burton<\/strong> dirigir&aacute; aportando mucho de su estilo visual, esperemos que no deje en segundo plano el excelso trabajo del <strong>Addams<\/strong>, y <strong>Illumination Entertainment<\/strong> de <strong>Universal Pictures<\/strong> ser&aacute; la encargada de producir el film. Ojo, por ahora es un proyecto futuro, debe ser por lo tanto sumado a <a href=\"http:\/\/www.imdb.es\/title\/tt1142977\/\" target=\"_blank\">Frankenweenie 3-D<\/a> (&iquest;?), <a href=\"http:\/\/www.imdb.es\/title\/tt1077368\/\" target=\"_blank\">Dark Shadows<\/a> (&iquest;?) y quien sabe si algo m&aacute;s. <\/p>\n<p>En un rato el resto&#8230; y viene la cosa cargada!<\/p>\n","protected":false},"excerpt":{"rendered":"<p>Si bien hoy ser&iacute;a el d&iacute;a habitual para pasarse por el cine para ver El libro de Eli (The Book of Eli, 2010), el factor trabajar por la tarde implica que la visita al cine se demore, por lo menos, a ma&ntilde;ana viernes. Esto no significa sin embargo el abandono del riguroso post noticiero de [&hellip;]<\/p>\n","protected":false},"author":28,"featured_media":0,"comment_status":"open","ping_status":"open","sticky":false,"template":"","format":"standard","meta":{"footnotes":""},"categories":[10,12,26,22],"tags":[1099,300,1256,701,123,947,1236],"class_list":["post-3758","post","type-post","status-publish","format-standard","hentry","category-cine-de-comics","category-cine-de-fantasia","category-gdt","category-grindhouse","tag-kane-lynch","tag-scott-pilgrim-vs-the-world","tag-the-addams-family","tag-the-expendables","tag-the-hobbit","tag-the-hobbit-2","tag-the-smurfs"],"yoast_head":"<!-- This site is optimized with the Yoast SEO plugin v24.3 - https:\/\/yoast.com\/wordpress\/plugins\/seo\/ -->\n<title>1D2: El inicio de The Hobbit no se aclara, matices para Los Pitufos, fabulosos carteles para The Expendables y Scott Pilgrim vs. The World, Kane &amp; Lynch = Willis &amp; Foxx y Tim Burton rodar&aacute; The Addams Family en 3-D y stop-motion... - Uruloki :: Blog<\/title>\n<meta name=\"robots\" content=\"index, follow, max-snippet:-1, max-image-preview:large, max-video-preview:-1\" \/>\n<link rel=\"canonical\" href=\"https:\/\/www.uruloki.org\/felipeblog\/cine-de-comics\/1d2-el-inicio-de-the-hobbit-no-se-aclara-matices-para-los-pitufos-fabulosos-carteles-para-the-expendables-y-scott-pilgrim-vs-the-world-kane-lynch-willis-foxx-y-tim-burton-rodaraacu\" \/>\n<meta property=\"og:locale\" content=\"es_ES\" \/>\n<meta property=\"og:type\" content=\"article\" \/>\n<meta property=\"og:title\" content=\"1D2: El inicio de The Hobbit no se aclara, matices para Los Pitufos, fabulosos carteles para The Expendables y Scott Pilgrim vs. The World, Kane &amp; Lynch = Willis &amp; Foxx y Tim Burton rodar&aacute; The Addams Family en 3-D y stop-motion... - Uruloki :: Blog\" \/>\n<meta property=\"og:description\" content=\"Si bien hoy ser&iacute;a el d&iacute;a habitual para pasarse por el cine para ver El libro de Eli (The Book of Eli, 2010), el factor trabajar por la tarde implica que la visita al cine se demore, por lo menos, a ma&ntilde;ana viernes. Esto no significa sin embargo el abandono del riguroso post noticiero de [&hellip;]\" \/>\n<meta property=\"og:url\" content=\"https:\/\/www.uruloki.org\/felipeblog\/cine-de-comics\/1d2-el-inicio-de-the-hobbit-no-se-aclara-matices-para-los-pitufos-fabulosos-carteles-para-the-expendables-y-scott-pilgrim-vs-the-world-kane-lynch-willis-foxx-y-tim-burton-rodaraacu\" \/>\n<meta property=\"og:site_name\" content=\"Uruloki :: Blog\" \/>\n<meta property=\"article:publisher\" content=\"https:\/\/www.facebook.com\/uruloki.org\" \/>\n<meta property=\"article:published_time\" content=\"2010-03-18T21:17:20+00:00\" \/>\n<meta property=\"og:image\" content=\"https:\/\/uruloki.org\/felipeblog\/images2010\/20100318-the-expendables.jpg\" \/>\n<meta name=\"author\" content=\"Uruloki\" \/>\n<meta name=\"twitter:card\" content=\"summary_large_image\" \/>\n<meta name=\"twitter:creator\" content=\"@uruloki\" \/>\n<meta name=\"twitter:site\" content=\"@uruloki\" \/>\n<meta name=\"twitter:label1\" content=\"Escrito por\" \/>\n\t<meta name=\"twitter:data1\" content=\"Uruloki\" \/>\n\t<meta name=\"twitter:label2\" content=\"Tiempo de lectura\" \/>\n\t<meta name=\"twitter:data2\" content=\"4 minutos\" \/>\n<script type=\"application\/ld+json\" class=\"yoast-schema-graph\">{\"@context\":\"https:\/\/schema.org\",\"@graph\":[{\"@type\":\"WebPage\",\"@id\":\"https:\/\/www.uruloki.org\/felipeblog\/cine-de-comics\/1d2-el-inicio-de-the-hobbit-no-se-aclara-matices-para-los-pitufos-fabulosos-carteles-para-the-expendables-y-scott-pilgrim-vs-the-world-kane-lynch-willis-foxx-y-tim-burton-rodaraacu\",\"url\":\"https:\/\/www.uruloki.org\/felipeblog\/cine-de-comics\/1d2-el-inicio-de-the-hobbit-no-se-aclara-matices-para-los-pitufos-fabulosos-carteles-para-the-expendables-y-scott-pilgrim-vs-the-world-kane-lynch-willis-foxx-y-tim-burton-rodaraacu\",\"name\":\"1D2: El inicio de The Hobbit no se aclara, matices para Los Pitufos, fabulosos carteles para The Expendables y Scott Pilgrim vs. The World, Kane &amp; Lynch = Willis &amp; Foxx y Tim Burton rodar&aacute; The Addams Family en 3-D y stop-motion... - Uruloki :: Blog\",\"isPartOf\":{\"@id\":\"https:\/\/www.uruloki.org\/felipeblog\/#website\"},\"primaryImageOfPage\":{\"@id\":\"https:\/\/www.uruloki.org\/felipeblog\/cine-de-comics\/1d2-el-inicio-de-the-hobbit-no-se-aclara-matices-para-los-pitufos-fabulosos-carteles-para-the-expendables-y-scott-pilgrim-vs-the-world-kane-lynch-willis-foxx-y-tim-burton-rodaraacu#primaryimage\"},\"image\":{\"@id\":\"https:\/\/www.uruloki.org\/felipeblog\/cine-de-comics\/1d2-el-inicio-de-the-hobbit-no-se-aclara-matices-para-los-pitufos-fabulosos-carteles-para-the-expendables-y-scott-pilgrim-vs-the-world-kane-lynch-willis-foxx-y-tim-burton-rodaraacu#primaryimage\"},\"thumbnailUrl\":\"https:\/\/uruloki.org\/felipeblog\/images2010\/20100318-the-expendables.jpg\",\"datePublished\":\"2010-03-18T21:17:20+00:00\",\"dateModified\":\"2010-03-18T21:17:20+00:00\",\"author\":{\"@id\":\"https:\/\/www.uruloki.org\/felipeblog\/#\/schema\/person\/ddba06ddaa27edf0c370460d05c51bb3\"},\"breadcrumb\":{\"@id\":\"https:\/\/www.uruloki.org\/felipeblog\/cine-de-comics\/1d2-el-inicio-de-the-hobbit-no-se-aclara-matices-para-los-pitufos-fabulosos-carteles-para-the-expendables-y-scott-pilgrim-vs-the-world-kane-lynch-willis-foxx-y-tim-burton-rodaraacu#breadcrumb\"},\"inLanguage\":\"es\",\"potentialAction\":[{\"@type\":\"ReadAction\",\"target\":[\"https:\/\/www.uruloki.org\/felipeblog\/cine-de-comics\/1d2-el-inicio-de-the-hobbit-no-se-aclara-matices-para-los-pitufos-fabulosos-carteles-para-the-expendables-y-scott-pilgrim-vs-the-world-kane-lynch-willis-foxx-y-tim-burton-rodaraacu\"]}]},{\"@type\":\"ImageObject\",\"inLanguage\":\"es\",\"@id\":\"https:\/\/www.uruloki.org\/felipeblog\/cine-de-comics\/1d2-el-inicio-de-the-hobbit-no-se-aclara-matices-para-los-pitufos-fabulosos-carteles-para-the-expendables-y-scott-pilgrim-vs-the-world-kane-lynch-willis-foxx-y-tim-burton-rodaraacu#primaryimage\",\"url\":\"https:\/\/uruloki.org\/felipeblog\/images2010\/20100318-the-expendables.jpg\",\"contentUrl\":\"https:\/\/uruloki.org\/felipeblog\/images2010\/20100318-the-expendables.jpg\"},{\"@type\":\"BreadcrumbList\",\"@id\":\"https:\/\/www.uruloki.org\/felipeblog\/cine-de-comics\/1d2-el-inicio-de-the-hobbit-no-se-aclara-matices-para-los-pitufos-fabulosos-carteles-para-the-expendables-y-scott-pilgrim-vs-the-world-kane-lynch-willis-foxx-y-tim-burton-rodaraacu#breadcrumb\",\"itemListElement\":[{\"@type\":\"ListItem\",\"position\":1,\"name\":\"Portada\",\"item\":\"https:\/\/www.uruloki.org\/felipeblog\"},{\"@type\":\"ListItem\",\"position\":2,\"name\":\"1D2: El inicio de The Hobbit no se aclara, matices para Los Pitufos, fabulosos carteles para The Expendables y Scott Pilgrim vs. The World, Kane &amp; Lynch = Willis &amp; Foxx y Tim Burton rodar&aacute; The Addams Family en 3-D y stop-motion&#8230;\"}]},{\"@type\":\"WebSite\",\"@id\":\"https:\/\/www.uruloki.org\/felipeblog\/#website\",\"url\":\"https:\/\/www.uruloki.org\/felipeblog\/\",\"name\":\"Uruloki :: Blog\",\"description\":\"Blog de cine, terror, ciencia ficci\u00f3n, fantas\u00eda y c\u00f3mics\",\"potentialAction\":[{\"@type\":\"SearchAction\",\"target\":{\"@type\":\"EntryPoint\",\"urlTemplate\":\"https:\/\/www.uruloki.org\/felipeblog\/?s={search_term_string}\"},\"query-input\":{\"@type\":\"PropertyValueSpecification\",\"valueRequired\":true,\"valueName\":\"search_term_string\"}}],\"inLanguage\":\"es\"},{\"@type\":\"Person\",\"@id\":\"https:\/\/www.uruloki.org\/felipeblog\/#\/schema\/person\/ddba06ddaa27edf0c370460d05c51bb3\",\"name\":\"Uruloki\",\"image\":{\"@type\":\"ImageObject\",\"inLanguage\":\"es\",\"@id\":\"https:\/\/www.uruloki.org\/felipeblog\/#\/schema\/person\/image\/\",\"url\":\"https:\/\/secure.gravatar.com\/avatar\/68d5301c5f52ba88fd63f02c75b8c4d1b3c3fc4b21e2998a1e98c4b3a54d9f7c?s=96&d=mm&r=g\",\"contentUrl\":\"https:\/\/secure.gravatar.com\/avatar\/68d5301c5f52ba88fd63f02c75b8c4d1b3c3fc4b21e2998a1e98c4b3a54d9f7c?s=96&d=mm&r=g\",\"caption\":\"Uruloki\"},\"sameAs\":[\"https:\/\/uruloki.org\"],\"url\":\"https:\/\/www.uruloki.org\/felipeblog\/author\/admin-2-2-2\"}]}<\/script>\n<!-- \/ Yoast SEO plugin. -->","yoast_head_json":{"title":"1D2: El inicio de The Hobbit no se aclara, matices para Los Pitufos, fabulosos carteles para The Expendables y Scott Pilgrim vs. The World, Kane &amp; Lynch = Willis &amp; Foxx y Tim Burton rodar&aacute; The Addams Family en 3-D y stop-motion... - Uruloki :: Blog","robots":{"index":"index","follow":"follow","max-snippet":"max-snippet:-1","max-image-preview":"max-image-preview:large","max-video-preview":"max-video-preview:-1"},"canonical":"https:\/\/www.uruloki.org\/felipeblog\/cine-de-comics\/1d2-el-inicio-de-the-hobbit-no-se-aclara-matices-para-los-pitufos-fabulosos-carteles-para-the-expendables-y-scott-pilgrim-vs-the-world-kane-lynch-willis-foxx-y-tim-burton-rodaraacu","og_locale":"es_ES","og_type":"article","og_title":"1D2: El inicio de The Hobbit no se aclara, matices para Los Pitufos, fabulosos carteles para The Expendables y Scott Pilgrim vs. The World, Kane &amp; Lynch = Willis &amp; Foxx y Tim Burton rodar&aacute; The Addams Family en 3-D y stop-motion... - Uruloki :: Blog","og_description":"Si bien hoy ser&iacute;a el d&iacute;a habitual para pasarse por el cine para ver El libro de Eli (The Book of Eli, 2010), el factor trabajar por la tarde implica que la visita al cine se demore, por lo menos, a ma&ntilde;ana viernes. Esto no significa sin embargo el abandono del riguroso post noticiero de [&hellip;]","og_url":"https:\/\/www.uruloki.org\/felipeblog\/cine-de-comics\/1d2-el-inicio-de-the-hobbit-no-se-aclara-matices-para-los-pitufos-fabulosos-carteles-para-the-expendables-y-scott-pilgrim-vs-the-world-kane-lynch-willis-foxx-y-tim-burton-rodaraacu","og_site_name":"Uruloki :: Blog","article_publisher":"https:\/\/www.facebook.com\/uruloki.org","article_published_time":"2010-03-18T21:17:20+00:00","og_image":[{"url":"https:\/\/uruloki.org\/felipeblog\/images2010\/20100318-the-expendables.jpg","type":"","width":"","height":""}],"author":"Uruloki","twitter_card":"summary_large_image","twitter_creator":"@uruloki","twitter_site":"@uruloki","twitter_misc":{"Escrito por":"Uruloki","Tiempo de lectura":"4 minutos"},"schema":{"@context":"https:\/\/schema.org","@graph":[{"@type":"WebPage","@id":"https:\/\/www.uruloki.org\/felipeblog\/cine-de-comics\/1d2-el-inicio-de-the-hobbit-no-se-aclara-matices-para-los-pitufos-fabulosos-carteles-para-the-expendables-y-scott-pilgrim-vs-the-world-kane-lynch-willis-foxx-y-tim-burton-rodaraacu","url":"https:\/\/www.uruloki.org\/felipeblog\/cine-de-comics\/1d2-el-inicio-de-the-hobbit-no-se-aclara-matices-para-los-pitufos-fabulosos-carteles-para-the-expendables-y-scott-pilgrim-vs-the-world-kane-lynch-willis-foxx-y-tim-burton-rodaraacu","name":"1D2: El inicio de The Hobbit no se aclara, matices para Los Pitufos, fabulosos carteles para The Expendables y Scott Pilgrim vs. The World, Kane &amp; Lynch = Willis &amp; Foxx y Tim Burton rodar&aacute; The Addams Family en 3-D y stop-motion... - Uruloki :: Blog","isPartOf":{"@id":"https:\/\/www.uruloki.org\/felipeblog\/#website"},"primaryImageOfPage":{"@id":"https:\/\/www.uruloki.org\/felipeblog\/cine-de-comics\/1d2-el-inicio-de-the-hobbit-no-se-aclara-matices-para-los-pitufos-fabulosos-carteles-para-the-expendables-y-scott-pilgrim-vs-the-world-kane-lynch-willis-foxx-y-tim-burton-rodaraacu#primaryimage"},"image":{"@id":"https:\/\/www.uruloki.org\/felipeblog\/cine-de-comics\/1d2-el-inicio-de-the-hobbit-no-se-aclara-matices-para-los-pitufos-fabulosos-carteles-para-the-expendables-y-scott-pilgrim-vs-the-world-kane-lynch-willis-foxx-y-tim-burton-rodaraacu#primaryimage"},"thumbnailUrl":"https:\/\/uruloki.org\/felipeblog\/images2010\/20100318-the-expendables.jpg","datePublished":"2010-03-18T21:17:20+00:00","dateModified":"2010-03-18T21:17:20+00:00","author":{"@id":"https:\/\/www.uruloki.org\/felipeblog\/#\/schema\/person\/ddba06ddaa27edf0c370460d05c51bb3"},"breadcrumb":{"@id":"https:\/\/www.uruloki.org\/felipeblog\/cine-de-comics\/1d2-el-inicio-de-the-hobbit-no-se-aclara-matices-para-los-pitufos-fabulosos-carteles-para-the-expendables-y-scott-pilgrim-vs-the-world-kane-lynch-willis-foxx-y-tim-burton-rodaraacu#breadcrumb"},"inLanguage":"es","potentialAction":[{"@type":"ReadAction","target":["https:\/\/www.uruloki.org\/felipeblog\/cine-de-comics\/1d2-el-inicio-de-the-hobbit-no-se-aclara-matices-para-los-pitufos-fabulosos-carteles-para-the-expendables-y-scott-pilgrim-vs-the-world-kane-lynch-willis-foxx-y-tim-burton-rodaraacu"]}]},{"@type":"ImageObject","inLanguage":"es","@id":"https:\/\/www.uruloki.org\/felipeblog\/cine-de-comics\/1d2-el-inicio-de-the-hobbit-no-se-aclara-matices-para-los-pitufos-fabulosos-carteles-para-the-expendables-y-scott-pilgrim-vs-the-world-kane-lynch-willis-foxx-y-tim-burton-rodaraacu#primaryimage","url":"https:\/\/uruloki.org\/felipeblog\/images2010\/20100318-the-expendables.jpg","contentUrl":"https:\/\/uruloki.org\/felipeblog\/images2010\/20100318-the-expendables.jpg"},{"@type":"BreadcrumbList","@id":"https:\/\/www.uruloki.org\/felipeblog\/cine-de-comics\/1d2-el-inicio-de-the-hobbit-no-se-aclara-matices-para-los-pitufos-fabulosos-carteles-para-the-expendables-y-scott-pilgrim-vs-the-world-kane-lynch-willis-foxx-y-tim-burton-rodaraacu#breadcrumb","itemListElement":[{"@type":"ListItem","position":1,"name":"Portada","item":"https:\/\/www.uruloki.org\/felipeblog"},{"@type":"ListItem","position":2,"name":"1D2: El inicio de The Hobbit no se aclara, matices para Los Pitufos, fabulosos carteles para The Expendables y Scott Pilgrim vs. The World, Kane &amp; Lynch = Willis &amp; Foxx y Tim Burton rodar&aacute; The Addams Family en 3-D y stop-motion&#8230;"}]},{"@type":"WebSite","@id":"https:\/\/www.uruloki.org\/felipeblog\/#website","url":"https:\/\/www.uruloki.org\/felipeblog\/","name":"Uruloki :: Blog","description":"Blog de cine, terror, ciencia ficci\u00f3n, fantas\u00eda y c\u00f3mics","potentialAction":[{"@type":"SearchAction","target":{"@type":"EntryPoint","urlTemplate":"https:\/\/www.uruloki.org\/felipeblog\/?s={search_term_string}"},"query-input":{"@type":"PropertyValueSpecification","valueRequired":true,"valueName":"search_term_string"}}],"inLanguage":"es"},{"@type":"Person","@id":"https:\/\/www.uruloki.org\/felipeblog\/#\/schema\/person\/ddba06ddaa27edf0c370460d05c51bb3","name":"Uruloki","image":{"@type":"ImageObject","inLanguage":"es","@id":"https:\/\/www.uruloki.org\/felipeblog\/#\/schema\/person\/image\/","url":"https:\/\/secure.gravatar.com\/avatar\/68d5301c5f52ba88fd63f02c75b8c4d1b3c3fc4b21e2998a1e98c4b3a54d9f7c?s=96&d=mm&r=g","contentUrl":"https:\/\/secure.gravatar.com\/avatar\/68d5301c5f52ba88fd63f02c75b8c4d1b3c3fc4b21e2998a1e98c4b3a54d9f7c?s=96&d=mm&r=g","caption":"Uruloki"},"sameAs":["https:\/\/uruloki.org"],"url":"https:\/\/www.uruloki.org\/felipeblog\/author\/admin-2-2-2"}]}},"_links":{"self":[{"href":"https:\/\/www.uruloki.org\/felipeblog\/wp-json\/wp\/v2\/posts\/3758","targetHints":{"allow":["GET"]}}],"collection":[{"href":"https:\/\/www.uruloki.org\/felipeblog\/wp-json\/wp\/v2\/posts"}],"about":[{"href":"https:\/\/www.uruloki.org\/felipeblog\/wp-json\/wp\/v2\/types\/post"}],"author":[{"embeddable":true,"href":"https:\/\/www.uruloki.org\/felipeblog\/wp-json\/wp\/v2\/users\/28"}],"replies":[{"embeddable":true,"href":"https:\/\/www.uruloki.org\/felipeblog\/wp-json\/wp\/v2\/comments?post=3758"}],"version-history":[{"count":1,"href":"https:\/\/www.uruloki.org\/felipeblog\/wp-json\/wp\/v2\/posts\/3758\/revisions"}],"predecessor-version":[{"id":3759,"href":"https:\/\/www.uruloki.org\/felipeblog\/wp-json\/wp\/v2\/posts\/3758\/revisions\/3759"}],"wp:attachment":[{"href":"https:\/\/www.uruloki.org\/felipeblog\/wp-json\/wp\/v2\/media?parent=3758"}],"wp:term":[{"taxonomy":"category","embeddable":true,"href":"https:\/\/www.uruloki.org\/felipeblog\/wp-json\/wp\/v2\/categories?post=3758"},{"taxonomy":"post_tag","embeddable":true,"href":"https:\/\/www.uruloki.org\/felipeblog\/wp-json\/wp\/v2\/tags?post=3758"}],"curies":[{"name":"wp","href":"https:\/\/api.w.org\/{rel}","templated":true}]}}