{"id":3234,"date":"2009-10-10T17:13:29","date_gmt":"2009-10-10T16:13:29","guid":{"rendered":"https:\/\/uruloki.org\/felipeblog\/?p=3234"},"modified":"2009-10-10T17:13:29","modified_gmt":"2009-10-10T16:13:29","slug":"neil-marshall-dirigir-burst-en-3d-el-rodaje-de-spider-man-4-arrancar-en-marzo-del-2010-mgm-retrasa-el-estreno-de-the-cabin-in-the-woods-casi-un-ao-roland-emmerich-habla-de","status":"publish","type":"post","link":"https:\/\/www.uruloki.org\/felipeblog\/cine-de-ciencia-ficcion\/neil-marshall-dirigir-burst-en-3d-el-rodaje-de-spider-man-4-arrancar-en-marzo-del-2010-mgm-retrasa-el-estreno-de-the-cabin-in-the-woods-casi-un-ao-roland-emmerich-habla-de","title":{"rendered":"Neil Marshall dirigir&aacute; Burst en 3D, el rodaje de Spider-Man 4 arrancar&aacute; en marzo del 2010, MGM retrasa el estreno de The Cabin in the Woods casi un a&ntilde;o!, Roland Emmerich habla de The Foundation pero antes har&aacute; Anonymous, este es Tom Savini en Machete, Lars Von Trier se apunta a las cat&aacute;strofes  mundiales y otras noticias&#8230;"},"content":{"rendered":"<p>S&aacute;bado sabadete. Este largo fin de semana toca ver <a href=\"http:\/\/www.imdb.es\/title\/tt1182345\/\" target=\"_blank\">Moon<\/a> (2009) de <a href=\"http:\/\/www.imdb.es\/name\/nm1512910\/\" target=\"_blank\">Duncan Jones<\/a>. Sea como fuere ir&eacute; a verla tras visionar ayer la bastante normalita <a href=\"http:\/\/www.imdb.es\/title\/tt1186830\/\" target=\"_blank\">Agora<\/a> (2009) de <a href=\"http:\/\/www.imdb.es\/name\/nm0024622\/\" target=\"_blank\">Alejandro Amenabar<\/a>. Antes de nada indicar dos nuevos cambios de fecha en estrenos futuros en <strong>Espa&ntilde;a<\/strong>. <a href=\"http:\/\/www.aullidos.com\/leer_noticias.asp?id_noticia=7282\" target=\"_blank\">Aullidos.com<\/a>, <a href=\"http:\/\/www.aullidos.com\/leer_noticias.asp?id_noticia=7281\" target=\"_blank\">por partida doble<\/a>, nos informa que <a href=\"http:\/\/www.imdb.es\/title\/tt0800320\/\" target=\"_blank\">Clash of the Titans<\/a> (2010) de <a href=\"http:\/\/www.imdb.es\/name\/nm0504642\/\" target=\"_blank\">Louis Leterrier<\/a> ver&aacute; la luz por ahora el <strong>31 de marzo de 2010<\/strong>, 5 d&iacute;as despu&eacute;s de su estreno en USA, y que <a href=\"http:\/\/www.imdb.es\/title\/tt0365929\/\" target=\"_blank\">Whiteout<\/a> (2009) de <a href=\"http:\/\/www.imdb.es\/name\/nm0784061\/\" target=\"_blank\">Dominc Sena<\/a> se retrasa tristemente <em>sine die<\/em>. Iba a estrenarse el <strong>13 de noviembre<\/strong> y ahora nada de nada, no se sabe cuando llegar&aacute; a las salas de cine. Una pena. Habr&aacute; que estar atento de todas formas a lo que decide finalmente <strong>Warner Bros.<\/strong>, <a href=\"http:\/\/wwws.warnerbros.es\/whiteout\/\" target=\"_blank\">la web oficial del film<\/a> sigue indicando el 13 de noviembre. Gracias <strong>Roberto<\/strong> por el aviso!<\/p>\n<p>En fin, es hora de recuperar unos temitas de ayer y lo gordo de hoy. <a href=\"http:\/\/weblogs.variety.com\/bfdealmemo\/2009\/10\/marshall-gets-burst-of-3d-inspiration-.html\" target=\"_blank\">Variety anunci&oacute; ayer<\/a> que <a href=\"http:\/\/www.imdb.es\/name\/nm0551076\/\" target=\"_blank\">Neil Marshall<\/a>, uno de los gur&uacute;s de la <em>serie B<\/em> moderna, ha fichado por la <strong>Ghost House Pictures<\/strong> de <a href=\"http:\/\/www.imdb.es\/name\/nm0000600\/\" target=\"_blank\">Sam Raimi<\/a> para hacerse cargo de la direcci&oacute;n de <a href=\"http:\/\/www.imdb.es\/title\/tt1169136\/\" target=\"_blank\">Burst 3-D<\/a> (&iquest;?). El film, que ser&aacute; distribuido por todo el mundo por <strong>Lionsgate<\/strong>, ser&aacute; producido por el propio <strong>Raimi<\/strong> y su socio <a href=\"http:\/\/www.imdb.es\/name\/nm0849964\/\" target=\"_blank\">Robert G. Tapert<\/a> y est&aacute; siendo escrito por <a href=\"http:\/\/www.imdb.es\/name\/nm2477891\/\" target=\"_blank\">Gary Dauberman<\/a>. El argumento de la pel&iacute;cula pinta interesante &quot;<em>un grupo de pasajeros bloqueados durante una tormenta de nieve decido unirse para hacer frente a una fuerza diab&oacute;lica que hace que la gente sufra de definitivos ataques de combusti&oacute;n espont&aacute;nea<\/em>&quot;. Es curioso que esta sea la primera colaboraci&oacute;n entre <strong>Ghost House Pictures<\/strong> y <strong>Lionsgate<\/strong>, m&aacute;s teniendo en cuenta que <a href=\"http:\/\/www.imdb.es\/name\/nm0236944\/\" target=\"_blank\">Joe Drake<\/a>, uno de los jefes de producci&oacute;n de la <strong>Lionsgate<\/strong> es adem&aacute;s uno de los socios fundadores de <strong>Ghost House Pictures<\/strong>. Os dejo ahora con la primera imagen de <a href=\"http:\/\/www.imdb.es\/name\/nm0767741\/\" target=\"_blank\">Tom Savini<\/a> en <a href=\"http:\/\/www.imdb.es\/title\/tt0985694\/\" target=\"_blank\">Machete<\/a> (2010) de <a href=\"http:\/\/www.imdb.es\/name\/nm0001675\/\" target=\"_blank\">Robert Rodriguez<\/a> y <a href=\"http:\/\/www.imdb.es\/name\/nm0542450\/\" target=\"_blank\">Ethan Maniquis<\/a>. <a href=\"http:\/\/www.bloody-disgusting.com\/news\/17648\" target=\"_blank\">Bloody Disgusting nos trae unas cuantas fotograf&iacute;as<\/a> de varios momentos de rodaje del film donde <strong>Savini<\/strong>, otrora el rey del <em>splatter<\/em>, se lo pasa como un enano marcando m&uacute;sculo, su gran afici&oacute;n despu&eacute;s de los FX. Recuerda a <strong>Sex Machine<\/strong>.<\/p>\n<p class=\"centrado\"><img loading=\"lazy\" decoding=\"async\" src=\"https:\/\/uruloki.org\/felipeblog\/images1009\/20091010-tom-savini-machete.jpg\" alt=\"Tom Savini tendr&aacute; su momento de gloria en Machete\" width=\"375\" height=\"500\" border=\"1\" \/><br \/>\n<em>Tom Savini tendr&aacute; su momento de gloria en Machete<\/em><\/p>\n<p>Enlazando con uno de los protagonistas de la noticia anterior, <a href=\"http:\/\/splashpage.mtv.com\/2009\/10\/09\/exclusive-sam-raimi-hopes-to-start-shooting-spider-man-4-in-march-2010\/\" target=\"_blank\">Sam Raimi ha concedido una jugosa entrevista a Splash Page MTV<\/a> donde ha desvelado importantes detalles del actual estado de <a href=\"http:\/\/www.imdb.es\/title\/tt0948470\/\" target=\"_blank\">Spider-Man 4<\/a> (2011). Primero, <strong>Raimi<\/strong> indica que seg&uacute;n el ritmo marcado de preproducci&oacute;n, ya tiene al director art&iacute;stico dise&ntilde;ando los escenarios y ya cuenta con uno de los jefes de efectos especiales con los que trabaj&oacute; en las anteriores partes, esperan iniciar el rodaje de la pel&iacute;cula en marzo del a&ntilde;o que viene, curiosamente 4 meses antes de la <strong>Comic-Con de San Diego<\/strong>&#8230; &iquest;podr&aacute;n presentar algo? Luego habla de la reciente incorporaci&oacute;n de <a href=\"http:\/\/www.imdb.es\/name\/nm0002657\/\" target=\"_blank\">Gary Ross<\/a> como guionista del film y comenta que est&aacute; realizando una reescritura del gui&oacute;n basada en anotaciones que le ha dado &eacute;l. Bueno, pinta bien. Siguiendo los enlaces con el p&aacute;rrafo anterior, ahora el v&iacute;nculo es el mundo del terror, <a href=\"http:\/\/www.collider.com\/2009\/10\/09\/joss-whedons-cabin-in-the-woods-moved-to-january-14-2011-and-its-now-in-3d\/\" target=\"_blank\">MGM ha anunciado<\/a> que <a href=\"http:\/\/www.imdb.es\/title\/tt1259521\/\" target=\"_blank\">The Cabin in the Woods<\/a> (2011) de <a href=\"http:\/\/www.imdb.es\/name\/nm1206844\/\" target=\"_blank\">Drew Goddard<\/a> y <a href=\"http:\/\/www.imdb.es\/name\/nm0923736\/\" target=\"_blank\">Joss Whedon<\/a> sufrir&aacute; un ligero retraso de&#8230; casi un a&ntilde;o!!! Pues si, de estar previsto su estreno el  <strong>5 de febrero del 2010<\/strong> pasa ahora al <strong>4 de enero del 2011<\/strong>! La causa del impresionante retraso se debe a que <strong>MGM<\/strong> ha decidido sumar <strong>The Cabin in the Woods<\/strong> a la lista de proyectos que dar&aacute;n su salto a la gran pantalla en <strong>3-D<\/strong>. Parece ser que las primeras reacciones de los <em>test<\/em> de audiencia han sido incre&iacute;blemente positivas y por ello <strong>MGM<\/strong> quiere aprovechar la calidad del film y hacerla todav&iacute;a m&aacute;s llamativa. Personalmente, me parece un completo absurdo, un a&ntilde;o de retraso es algo desmesurado independientemente de lo que esperen lograr con ello. Dudo mucho que recauden una diferencia tan llamativa como para compensar el retraso y sobre todo la inversi&oacute;n del paso a <strong>3-D<\/strong>. Mi punto de vista, este tipo de movimiento me recuerda al mismo de <a href=\"http:\/\/www.imdb.es\/title\/tt0862856\/\" target=\"_blank\">Truco o trato: Terror en Halloween<\/a> (<em>Trick &#8216;r Treat<\/em>, 2008) de <a href=\"http:\/\/www.imdb.es\/name\/nm1002424\/\" target=\"_blank\">Michael Dougherty<\/a>.<\/p>\n<p>Sigamos con otros temas. Con motivo de la presentaci&oacute;n a la prensa de <a href=\"http:\/\/www.imdb.es\/title\/tt1190080\/\" target=\"_blank\">2012<\/a> (2009), <a href=\"http:\/\/www.imdb.es\/name\/nm0000386\/\" target=\"_blank\">Roland Emmerich<\/a> ha concedido una entrevista a diversos medios, <a href=\"http:\/\/www.collider.com\/2009\/10\/09\/director-roland-emmerich-talks-adaptation-of-isaac-asimov-foundation-trilogy-as-well-as-his-next-movie-about-william-shakespeare\/\" target=\"_blank\">Collider<\/a> o <a href=\"http:\/\/www.comingsoon.net\/news\/movienews.php?id=59905\" target=\"_blank\">Coming Soon<\/a> entre ellos, y estos han anotado sus comentarios en cuanto al futuro que le espera: el primer episodio de la compleja y densa obra <strong>&quot;La Fundaci&oacute;n&quot;<\/strong> de <strong>Isaac Asimov<\/strong> y un film titulado <a href=\"http:\/\/www.imdb.es\/title\/tt1521197\/\" target=\"_blank\">Anonymous<\/a> (&iquest;?) que es en este caso su pr&oacute;ximo proyecto. Sobre <a href=\"http:\/\/www.imdb.es\/title\/tt1064952\/\" target=\"_blank\">The Foundation<\/a> (&iquest;?), <strong>Emmerich<\/strong> comenta que originalmente ve&iacute;a la adaptaci&oacute;n en la vena marcada por <a href=\"http:\/\/www.imdb.es\/title\/tt0343818\/\" target=\"_blank\">Yo, robot<\/a> (<em>I, Robot<\/em>, 2004) de <a href=\"http:\/\/www.imdb.es\/name\/nm0001639\/\" target=\"_blank\">Alex Proyas<\/a> pero que la reacci&oacute;n del p&uacute;blico y los fans le hicieron entender que ese no deb&iacute;a ser el camino a seguir. Otro problema que se han encontrado es que <strong>&quot;La fundaci&oacute;n&quot;<\/strong> es un popurr&iacute; de historias sin un protagonista global y que por eso junto a <a href=\"http:\/\/www.imdb.es\/name\/nm0734441\/\" target=\"_blank\">Robert Rodat<\/a> ha trabajado duramente en la escritura del gui&oacute;n intentando consolidar los personajes para que se desenvuelvan a lo largo de las tres pel&iacute;culas planificadas. Sobre <strong>Anonymous<\/strong> la sorpresa es el espectacular cambio de registro de <strong>Emmerich<\/strong>. Se trata de una pel&iacute;cula de misterio en la que <strong>William Shakespeare<\/strong> digamos que no es el responsable de sus obras&#8230; curioso e imaginativo.<\/p>\n<p class=\"centrado\"><img loading=\"lazy\" decoding=\"async\" src=\"https:\/\/uruloki.org\/felipeblog\/imagesflickr6\/20090723-SDCC2009-cabin-in-the-woods-3.jpg\" alt=\"P&oacute;ster de Cabin in the Woods\" border=\"1\" height=\"600\" width=\"388\" \/><br \/>\nP&oacute;ster de Cabin in the Woods<\/p>\n<p>Y claro, si <strong>Roland Emmerich<\/strong> se atreve a abandonar el cine de cat&aacute;strofes, donde es el amo, &iquest;qui&eacute;n es el valiente que se anima a ocupar su lugar? Pues atenci&oacute;n, <a href=\"http:\/\/www.hollywoodreporter.com\/hr\/content_display\/film\/news\/e3i731d7f0f9e7e4ab10d241f78cc7d9ade\" target=\"_blank\">The Hollywood Reporter informa hoy<\/a> que <a href=\"http:\/\/www.imdb.es\/name\/nm0001885\/\" target=\"_blank\">Lars Von Trier<\/a>, director de la reciente y extremadamente pol&eacute;mica <a href=\"http:\/\/www.imdb.es\/title\/tt0870984\/\" target=\"_blank\">Anticristo<\/a> (<em>Antichrist<\/em>, 2009), da el salto a la ciencia ficci&oacute;n de desastres mundiales con una pel&iacute;cula de ciencia ficci&oacute;n titulada <strong>Planet Melancholia<\/strong> (&iquest;?). <strong>Von Trier<\/strong> dirigir&aacute; y escribir&aacute; el film, esta combinar&aacute; im&aacute;genes espectaculares (con <strong>5 millones de &euro;<\/strong> no se cuanto se podr&aacute; hacer) y rodaje c&aacute;mara en mano modo <em>dogma<\/em>&#8230; vamos, el  concepto de cine que pari&oacute; el director hace ya unos cuantos a&ntilde;os. Cierro este bloque con uno de esos rumores que nadie deber&iacute;a creer. <a href=\"http:\/\/www.hollyscoop.com\/movies\/megan-fox\/report-megan-fox-to-get-killed-off-in-transformers-3_1734.aspx\" target=\"_blank\">En la no se si cre&iacute;ble web Hollyscoop indican<\/a> que tanto los productores como <a href=\"http:\/\/www.imdb.es\/name\/nm0000881\/\" target=\"_blank\">Michael Bay<\/a> est&aacute;n pensando en eliminar a <a href=\"http:\/\/www.imdb.es\/name\/nm1083271\/\" target=\"_blank\">Megan Fox<\/a> en los primeros minutos de <a href=\"http:\/\/www.imdb.es\/title\/tt1399103\/\" target=\"_blank\">Transformers 3<\/a> (2011) y colocar a otro bellez&oacute;n de esos de poca enjundia para que haga echar espumarajos al simp&aacute;tico de <strong>Sam Witwicky<\/strong> (<a href=\"http:\/\/www.imdb.es\/name\/nm0479471\/\" target=\"_blank\">Shia LaBeouf<\/a>). Si no lo veo no lo creo&#8230;<\/p>\n<p><strong class=\"nota\">&nbsp;NOTA&nbsp;<\/strong> <a href=\"http:\/\/latimesblogs.latimes.com\/the_big_picture\/2009\/10\/are-you-kidding-is-adrien-brody-our-next-action-hero.html\" target=\"_blank\">Interesante art&iacute;culo de la columna The Big Picture de Los Angeles Times<\/a> donde ponen en seria duda que el fichaje de <a href=\"http:\/\/www.imdb.es\/name\/nm0004778\/\" target=\"_blank\">Adrien Brody<\/a> como h&eacute;roe de choque en <a href=\"http:\/\/www.imdb.es\/title\/tt1424381\/\" target=\"_blank\">Predators<\/a> (2010) de <a href=\"http:\/\/www.imdb.es\/name\/nm0030735\/\" target=\"_blank\">Nimr&oacute;d Antal<\/a> haya sido adecuado. En pocas palabras vienen a indicar que no ven para nada a un tirillas como <strong>Brody<\/strong>, acostumbrado a papeles siempre de bicho raro, como un tipo que tendr&aacute; que hacer frente a criaturas de fuerza desproporcionada y armadas hasta los dientes.<\/p>\n","protected":false},"excerpt":{"rendered":"<p>S&aacute;bado sabadete. Este largo fin de semana toca ver Moon (2009) de Duncan Jones. Sea como fuere ir&eacute; a verla tras visionar ayer la bastante normalita Agora (2009) de Alejandro Amenabar. Antes de nada indicar dos nuevos cambios de fecha en estrenos futuros en Espa&ntilde;a. Aullidos.com, por partida doble, nos informa que Clash of the [&hellip;]<\/p>\n","protected":false},"author":28,"featured_media":0,"comment_status":"open","ping_status":"open","sticky":false,"template":"","format":"standard","meta":{"footnotes":""},"categories":[10,8,9],"tags":[52,299,1087,867,913,517,752],"class_list":["post-3234","post","type-post","status-publish","format-standard","hentry","category-cine-de-comics","category-cine-de-ciencia-ficcion","category-cine-de-terror","tag-burst","tag-machete","tag-planet-melancholia","tag-predators","tag-spider-man-4","tag-the-cabin-in-the-woods","tag-the-foundation"],"yoast_head":"<!-- This site is optimized with the Yoast SEO plugin v24.3 - https:\/\/yoast.com\/wordpress\/plugins\/seo\/ -->\n<title>Neil Marshall dirigir&aacute; Burst en 3D, el rodaje de Spider-Man 4 arrancar&aacute; en marzo del 2010, MGM retrasa el estreno de The Cabin in the Woods casi un a&ntilde;o!, Roland Emmerich habla de The Foundation pero antes har&aacute; Anonymous, este es Tom Savini en Machete, Lars Von Trier se apunta a las cat&aacute;strofes mundiales y otras noticias... - Uruloki :: Blog<\/title>\n<meta name=\"robots\" content=\"index, follow, max-snippet:-1, max-image-preview:large, max-video-preview:-1\" \/>\n<link rel=\"canonical\" href=\"https:\/\/www.uruloki.org\/felipeblog\/cine-de-ciencia-ficcion\/neil-marshall-dirigir-burst-en-3d-el-rodaje-de-spider-man-4-arrancar-en-marzo-del-2010-mgm-retrasa-el-estreno-de-the-cabin-in-the-woods-casi-un-ao-roland-emmerich-habla-de\" \/>\n<meta property=\"og:locale\" content=\"es_ES\" \/>\n<meta property=\"og:type\" content=\"article\" \/>\n<meta property=\"og:title\" content=\"Neil Marshall dirigir&aacute; Burst en 3D, el rodaje de Spider-Man 4 arrancar&aacute; en marzo del 2010, MGM retrasa el estreno de The Cabin in the Woods casi un a&ntilde;o!, Roland Emmerich habla de The Foundation pero antes har&aacute; Anonymous, este es Tom Savini en Machete, Lars Von Trier se apunta a las cat&aacute;strofes mundiales y otras noticias... - Uruloki :: Blog\" \/>\n<meta property=\"og:description\" content=\"S&aacute;bado sabadete. Este largo fin de semana toca ver Moon (2009) de Duncan Jones. Sea como fuere ir&eacute; a verla tras visionar ayer la bastante normalita Agora (2009) de Alejandro Amenabar. Antes de nada indicar dos nuevos cambios de fecha en estrenos futuros en Espa&ntilde;a. Aullidos.com, por partida doble, nos informa que Clash of the [&hellip;]\" \/>\n<meta property=\"og:url\" content=\"https:\/\/www.uruloki.org\/felipeblog\/cine-de-ciencia-ficcion\/neil-marshall-dirigir-burst-en-3d-el-rodaje-de-spider-man-4-arrancar-en-marzo-del-2010-mgm-retrasa-el-estreno-de-the-cabin-in-the-woods-casi-un-ao-roland-emmerich-habla-de\" \/>\n<meta property=\"og:site_name\" content=\"Uruloki :: Blog\" \/>\n<meta property=\"article:publisher\" content=\"https:\/\/www.facebook.com\/uruloki.org\" \/>\n<meta property=\"article:published_time\" content=\"2009-10-10T16:13:29+00:00\" \/>\n<meta property=\"og:image\" content=\"https:\/\/uruloki.org\/felipeblog\/images1009\/20091010-tom-savini-machete.jpg\" \/>\n<meta name=\"author\" content=\"Uruloki\" \/>\n<meta name=\"twitter:card\" content=\"summary_large_image\" \/>\n<meta name=\"twitter:creator\" content=\"@uruloki\" \/>\n<meta name=\"twitter:site\" content=\"@uruloki\" \/>\n<meta name=\"twitter:label1\" content=\"Escrito por\" \/>\n\t<meta name=\"twitter:data1\" content=\"Uruloki\" \/>\n\t<meta name=\"twitter:label2\" content=\"Tiempo de lectura\" \/>\n\t<meta name=\"twitter:data2\" content=\"7 minutos\" \/>\n<script type=\"application\/ld+json\" class=\"yoast-schema-graph\">{\"@context\":\"https:\/\/schema.org\",\"@graph\":[{\"@type\":\"WebPage\",\"@id\":\"https:\/\/www.uruloki.org\/felipeblog\/cine-de-ciencia-ficcion\/neil-marshall-dirigir-burst-en-3d-el-rodaje-de-spider-man-4-arrancar-en-marzo-del-2010-mgm-retrasa-el-estreno-de-the-cabin-in-the-woods-casi-un-ao-roland-emmerich-habla-de\",\"url\":\"https:\/\/www.uruloki.org\/felipeblog\/cine-de-ciencia-ficcion\/neil-marshall-dirigir-burst-en-3d-el-rodaje-de-spider-man-4-arrancar-en-marzo-del-2010-mgm-retrasa-el-estreno-de-the-cabin-in-the-woods-casi-un-ao-roland-emmerich-habla-de\",\"name\":\"Neil Marshall dirigir&aacute; Burst en 3D, el rodaje de Spider-Man 4 arrancar&aacute; en marzo del 2010, MGM retrasa el estreno de The Cabin in the Woods casi un a&ntilde;o!, Roland Emmerich habla de The Foundation pero antes har&aacute; Anonymous, este es Tom Savini en Machete, Lars Von Trier se apunta a las cat&aacute;strofes mundiales y otras noticias... - Uruloki :: Blog\",\"isPartOf\":{\"@id\":\"https:\/\/www.uruloki.org\/felipeblog\/#website\"},\"primaryImageOfPage\":{\"@id\":\"https:\/\/www.uruloki.org\/felipeblog\/cine-de-ciencia-ficcion\/neil-marshall-dirigir-burst-en-3d-el-rodaje-de-spider-man-4-arrancar-en-marzo-del-2010-mgm-retrasa-el-estreno-de-the-cabin-in-the-woods-casi-un-ao-roland-emmerich-habla-de#primaryimage\"},\"image\":{\"@id\":\"https:\/\/www.uruloki.org\/felipeblog\/cine-de-ciencia-ficcion\/neil-marshall-dirigir-burst-en-3d-el-rodaje-de-spider-man-4-arrancar-en-marzo-del-2010-mgm-retrasa-el-estreno-de-the-cabin-in-the-woods-casi-un-ao-roland-emmerich-habla-de#primaryimage\"},\"thumbnailUrl\":\"https:\/\/uruloki.org\/felipeblog\/images1009\/20091010-tom-savini-machete.jpg\",\"datePublished\":\"2009-10-10T16:13:29+00:00\",\"dateModified\":\"2009-10-10T16:13:29+00:00\",\"author\":{\"@id\":\"https:\/\/www.uruloki.org\/felipeblog\/#\/schema\/person\/ddba06ddaa27edf0c370460d05c51bb3\"},\"breadcrumb\":{\"@id\":\"https:\/\/www.uruloki.org\/felipeblog\/cine-de-ciencia-ficcion\/neil-marshall-dirigir-burst-en-3d-el-rodaje-de-spider-man-4-arrancar-en-marzo-del-2010-mgm-retrasa-el-estreno-de-the-cabin-in-the-woods-casi-un-ao-roland-emmerich-habla-de#breadcrumb\"},\"inLanguage\":\"es\",\"potentialAction\":[{\"@type\":\"ReadAction\",\"target\":[\"https:\/\/www.uruloki.org\/felipeblog\/cine-de-ciencia-ficcion\/neil-marshall-dirigir-burst-en-3d-el-rodaje-de-spider-man-4-arrancar-en-marzo-del-2010-mgm-retrasa-el-estreno-de-the-cabin-in-the-woods-casi-un-ao-roland-emmerich-habla-de\"]}]},{\"@type\":\"ImageObject\",\"inLanguage\":\"es\",\"@id\":\"https:\/\/www.uruloki.org\/felipeblog\/cine-de-ciencia-ficcion\/neil-marshall-dirigir-burst-en-3d-el-rodaje-de-spider-man-4-arrancar-en-marzo-del-2010-mgm-retrasa-el-estreno-de-the-cabin-in-the-woods-casi-un-ao-roland-emmerich-habla-de#primaryimage\",\"url\":\"https:\/\/uruloki.org\/felipeblog\/images1009\/20091010-tom-savini-machete.jpg\",\"contentUrl\":\"https:\/\/uruloki.org\/felipeblog\/images1009\/20091010-tom-savini-machete.jpg\"},{\"@type\":\"BreadcrumbList\",\"@id\":\"https:\/\/www.uruloki.org\/felipeblog\/cine-de-ciencia-ficcion\/neil-marshall-dirigir-burst-en-3d-el-rodaje-de-spider-man-4-arrancar-en-marzo-del-2010-mgm-retrasa-el-estreno-de-the-cabin-in-the-woods-casi-un-ao-roland-emmerich-habla-de#breadcrumb\",\"itemListElement\":[{\"@type\":\"ListItem\",\"position\":1,\"name\":\"Portada\",\"item\":\"https:\/\/www.uruloki.org\/felipeblog\"},{\"@type\":\"ListItem\",\"position\":2,\"name\":\"Neil Marshall dirigir&aacute; Burst en 3D, el rodaje de Spider-Man 4 arrancar&aacute; en marzo del 2010, MGM retrasa el estreno de The Cabin in the Woods casi un a&ntilde;o!, Roland Emmerich habla de The Foundation pero antes har&aacute; Anonymous, este es Tom Savini en Machete, Lars Von Trier se apunta a las cat&aacute;strofes mundiales y otras noticias&#8230;\"}]},{\"@type\":\"WebSite\",\"@id\":\"https:\/\/www.uruloki.org\/felipeblog\/#website\",\"url\":\"https:\/\/www.uruloki.org\/felipeblog\/\",\"name\":\"Uruloki :: Blog\",\"description\":\"Blog de cine, terror, ciencia ficci\u00f3n, fantas\u00eda y c\u00f3mics\",\"potentialAction\":[{\"@type\":\"SearchAction\",\"target\":{\"@type\":\"EntryPoint\",\"urlTemplate\":\"https:\/\/www.uruloki.org\/felipeblog\/?s={search_term_string}\"},\"query-input\":{\"@type\":\"PropertyValueSpecification\",\"valueRequired\":true,\"valueName\":\"search_term_string\"}}],\"inLanguage\":\"es\"},{\"@type\":\"Person\",\"@id\":\"https:\/\/www.uruloki.org\/felipeblog\/#\/schema\/person\/ddba06ddaa27edf0c370460d05c51bb3\",\"name\":\"Uruloki\",\"image\":{\"@type\":\"ImageObject\",\"inLanguage\":\"es\",\"@id\":\"https:\/\/www.uruloki.org\/felipeblog\/#\/schema\/person\/image\/\",\"url\":\"https:\/\/secure.gravatar.com\/avatar\/68d5301c5f52ba88fd63f02c75b8c4d1b3c3fc4b21e2998a1e98c4b3a54d9f7c?s=96&d=mm&r=g\",\"contentUrl\":\"https:\/\/secure.gravatar.com\/avatar\/68d5301c5f52ba88fd63f02c75b8c4d1b3c3fc4b21e2998a1e98c4b3a54d9f7c?s=96&d=mm&r=g\",\"caption\":\"Uruloki\"},\"sameAs\":[\"https:\/\/uruloki.org\"],\"url\":\"https:\/\/www.uruloki.org\/felipeblog\/author\/admin-2-2-2\"}]}<\/script>\n<!-- \/ Yoast SEO plugin. -->","yoast_head_json":{"title":"Neil Marshall dirigir&aacute; Burst en 3D, el rodaje de Spider-Man 4 arrancar&aacute; en marzo del 2010, MGM retrasa el estreno de The Cabin in the Woods casi un a&ntilde;o!, Roland Emmerich habla de The Foundation pero antes har&aacute; Anonymous, este es Tom Savini en Machete, Lars Von Trier se apunta a las cat&aacute;strofes mundiales y otras noticias... - Uruloki :: Blog","robots":{"index":"index","follow":"follow","max-snippet":"max-snippet:-1","max-image-preview":"max-image-preview:large","max-video-preview":"max-video-preview:-1"},"canonical":"https:\/\/www.uruloki.org\/felipeblog\/cine-de-ciencia-ficcion\/neil-marshall-dirigir-burst-en-3d-el-rodaje-de-spider-man-4-arrancar-en-marzo-del-2010-mgm-retrasa-el-estreno-de-the-cabin-in-the-woods-casi-un-ao-roland-emmerich-habla-de","og_locale":"es_ES","og_type":"article","og_title":"Neil Marshall dirigir&aacute; Burst en 3D, el rodaje de Spider-Man 4 arrancar&aacute; en marzo del 2010, MGM retrasa el estreno de The Cabin in the Woods casi un a&ntilde;o!, Roland Emmerich habla de The Foundation pero antes har&aacute; Anonymous, este es Tom Savini en Machete, Lars Von Trier se apunta a las cat&aacute;strofes mundiales y otras noticias... - Uruloki :: Blog","og_description":"S&aacute;bado sabadete. Este largo fin de semana toca ver Moon (2009) de Duncan Jones. Sea como fuere ir&eacute; a verla tras visionar ayer la bastante normalita Agora (2009) de Alejandro Amenabar. Antes de nada indicar dos nuevos cambios de fecha en estrenos futuros en Espa&ntilde;a. Aullidos.com, por partida doble, nos informa que Clash of the [&hellip;]","og_url":"https:\/\/www.uruloki.org\/felipeblog\/cine-de-ciencia-ficcion\/neil-marshall-dirigir-burst-en-3d-el-rodaje-de-spider-man-4-arrancar-en-marzo-del-2010-mgm-retrasa-el-estreno-de-the-cabin-in-the-woods-casi-un-ao-roland-emmerich-habla-de","og_site_name":"Uruloki :: Blog","article_publisher":"https:\/\/www.facebook.com\/uruloki.org","article_published_time":"2009-10-10T16:13:29+00:00","og_image":[{"url":"https:\/\/uruloki.org\/felipeblog\/images1009\/20091010-tom-savini-machete.jpg","type":"","width":"","height":""}],"author":"Uruloki","twitter_card":"summary_large_image","twitter_creator":"@uruloki","twitter_site":"@uruloki","twitter_misc":{"Escrito por":"Uruloki","Tiempo de lectura":"7 minutos"},"schema":{"@context":"https:\/\/schema.org","@graph":[{"@type":"WebPage","@id":"https:\/\/www.uruloki.org\/felipeblog\/cine-de-ciencia-ficcion\/neil-marshall-dirigir-burst-en-3d-el-rodaje-de-spider-man-4-arrancar-en-marzo-del-2010-mgm-retrasa-el-estreno-de-the-cabin-in-the-woods-casi-un-ao-roland-emmerich-habla-de","url":"https:\/\/www.uruloki.org\/felipeblog\/cine-de-ciencia-ficcion\/neil-marshall-dirigir-burst-en-3d-el-rodaje-de-spider-man-4-arrancar-en-marzo-del-2010-mgm-retrasa-el-estreno-de-the-cabin-in-the-woods-casi-un-ao-roland-emmerich-habla-de","name":"Neil Marshall dirigir&aacute; Burst en 3D, el rodaje de Spider-Man 4 arrancar&aacute; en marzo del 2010, MGM retrasa el estreno de The Cabin in the Woods casi un a&ntilde;o!, Roland Emmerich habla de The Foundation pero antes har&aacute; Anonymous, este es Tom Savini en Machete, Lars Von Trier se apunta a las cat&aacute;strofes mundiales y otras noticias... - Uruloki :: Blog","isPartOf":{"@id":"https:\/\/www.uruloki.org\/felipeblog\/#website"},"primaryImageOfPage":{"@id":"https:\/\/www.uruloki.org\/felipeblog\/cine-de-ciencia-ficcion\/neil-marshall-dirigir-burst-en-3d-el-rodaje-de-spider-man-4-arrancar-en-marzo-del-2010-mgm-retrasa-el-estreno-de-the-cabin-in-the-woods-casi-un-ao-roland-emmerich-habla-de#primaryimage"},"image":{"@id":"https:\/\/www.uruloki.org\/felipeblog\/cine-de-ciencia-ficcion\/neil-marshall-dirigir-burst-en-3d-el-rodaje-de-spider-man-4-arrancar-en-marzo-del-2010-mgm-retrasa-el-estreno-de-the-cabin-in-the-woods-casi-un-ao-roland-emmerich-habla-de#primaryimage"},"thumbnailUrl":"https:\/\/uruloki.org\/felipeblog\/images1009\/20091010-tom-savini-machete.jpg","datePublished":"2009-10-10T16:13:29+00:00","dateModified":"2009-10-10T16:13:29+00:00","author":{"@id":"https:\/\/www.uruloki.org\/felipeblog\/#\/schema\/person\/ddba06ddaa27edf0c370460d05c51bb3"},"breadcrumb":{"@id":"https:\/\/www.uruloki.org\/felipeblog\/cine-de-ciencia-ficcion\/neil-marshall-dirigir-burst-en-3d-el-rodaje-de-spider-man-4-arrancar-en-marzo-del-2010-mgm-retrasa-el-estreno-de-the-cabin-in-the-woods-casi-un-ao-roland-emmerich-habla-de#breadcrumb"},"inLanguage":"es","potentialAction":[{"@type":"ReadAction","target":["https:\/\/www.uruloki.org\/felipeblog\/cine-de-ciencia-ficcion\/neil-marshall-dirigir-burst-en-3d-el-rodaje-de-spider-man-4-arrancar-en-marzo-del-2010-mgm-retrasa-el-estreno-de-the-cabin-in-the-woods-casi-un-ao-roland-emmerich-habla-de"]}]},{"@type":"ImageObject","inLanguage":"es","@id":"https:\/\/www.uruloki.org\/felipeblog\/cine-de-ciencia-ficcion\/neil-marshall-dirigir-burst-en-3d-el-rodaje-de-spider-man-4-arrancar-en-marzo-del-2010-mgm-retrasa-el-estreno-de-the-cabin-in-the-woods-casi-un-ao-roland-emmerich-habla-de#primaryimage","url":"https:\/\/uruloki.org\/felipeblog\/images1009\/20091010-tom-savini-machete.jpg","contentUrl":"https:\/\/uruloki.org\/felipeblog\/images1009\/20091010-tom-savini-machete.jpg"},{"@type":"BreadcrumbList","@id":"https:\/\/www.uruloki.org\/felipeblog\/cine-de-ciencia-ficcion\/neil-marshall-dirigir-burst-en-3d-el-rodaje-de-spider-man-4-arrancar-en-marzo-del-2010-mgm-retrasa-el-estreno-de-the-cabin-in-the-woods-casi-un-ao-roland-emmerich-habla-de#breadcrumb","itemListElement":[{"@type":"ListItem","position":1,"name":"Portada","item":"https:\/\/www.uruloki.org\/felipeblog"},{"@type":"ListItem","position":2,"name":"Neil Marshall dirigir&aacute; Burst en 3D, el rodaje de Spider-Man 4 arrancar&aacute; en marzo del 2010, MGM retrasa el estreno de The Cabin in the Woods casi un a&ntilde;o!, Roland Emmerich habla de The Foundation pero antes har&aacute; Anonymous, este es Tom Savini en Machete, Lars Von Trier se apunta a las cat&aacute;strofes mundiales y otras noticias&#8230;"}]},{"@type":"WebSite","@id":"https:\/\/www.uruloki.org\/felipeblog\/#website","url":"https:\/\/www.uruloki.org\/felipeblog\/","name":"Uruloki :: Blog","description":"Blog de cine, terror, ciencia ficci\u00f3n, fantas\u00eda y c\u00f3mics","potentialAction":[{"@type":"SearchAction","target":{"@type":"EntryPoint","urlTemplate":"https:\/\/www.uruloki.org\/felipeblog\/?s={search_term_string}"},"query-input":{"@type":"PropertyValueSpecification","valueRequired":true,"valueName":"search_term_string"}}],"inLanguage":"es"},{"@type":"Person","@id":"https:\/\/www.uruloki.org\/felipeblog\/#\/schema\/person\/ddba06ddaa27edf0c370460d05c51bb3","name":"Uruloki","image":{"@type":"ImageObject","inLanguage":"es","@id":"https:\/\/www.uruloki.org\/felipeblog\/#\/schema\/person\/image\/","url":"https:\/\/secure.gravatar.com\/avatar\/68d5301c5f52ba88fd63f02c75b8c4d1b3c3fc4b21e2998a1e98c4b3a54d9f7c?s=96&d=mm&r=g","contentUrl":"https:\/\/secure.gravatar.com\/avatar\/68d5301c5f52ba88fd63f02c75b8c4d1b3c3fc4b21e2998a1e98c4b3a54d9f7c?s=96&d=mm&r=g","caption":"Uruloki"},"sameAs":["https:\/\/uruloki.org"],"url":"https:\/\/www.uruloki.org\/felipeblog\/author\/admin-2-2-2"}]}},"_links":{"self":[{"href":"https:\/\/www.uruloki.org\/felipeblog\/wp-json\/wp\/v2\/posts\/3234","targetHints":{"allow":["GET"]}}],"collection":[{"href":"https:\/\/www.uruloki.org\/felipeblog\/wp-json\/wp\/v2\/posts"}],"about":[{"href":"https:\/\/www.uruloki.org\/felipeblog\/wp-json\/wp\/v2\/types\/post"}],"author":[{"embeddable":true,"href":"https:\/\/www.uruloki.org\/felipeblog\/wp-json\/wp\/v2\/users\/28"}],"replies":[{"embeddable":true,"href":"https:\/\/www.uruloki.org\/felipeblog\/wp-json\/wp\/v2\/comments?post=3234"}],"version-history":[{"count":1,"href":"https:\/\/www.uruloki.org\/felipeblog\/wp-json\/wp\/v2\/posts\/3234\/revisions"}],"predecessor-version":[{"id":3235,"href":"https:\/\/www.uruloki.org\/felipeblog\/wp-json\/wp\/v2\/posts\/3234\/revisions\/3235"}],"wp:attachment":[{"href":"https:\/\/www.uruloki.org\/felipeblog\/wp-json\/wp\/v2\/media?parent=3234"}],"wp:term":[{"taxonomy":"category","embeddable":true,"href":"https:\/\/www.uruloki.org\/felipeblog\/wp-json\/wp\/v2\/categories?post=3234"},{"taxonomy":"post_tag","embeddable":true,"href":"https:\/\/www.uruloki.org\/felipeblog\/wp-json\/wp\/v2\/tags?post=3234"}],"curies":[{"name":"wp","href":"https:\/\/api.w.org\/{rel}","templated":true}]}}