{"id":319,"date":"2005-03-22T18:12:08","date_gmt":"2005-03-23T02:12:08","guid":{"rendered":"https:\/\/uruloki.org\/felipeblog\/?p=319"},"modified":"2005-03-22T18:12:08","modified_gmt":"2005-03-23T02:12:08","slug":"spiderman-3-y-x-men-3","status":"publish","type":"post","link":"https:\/\/www.uruloki.org\/felipeblog\/cine-de-comics\/spiderman-3-y-x-men-3","title":{"rendered":"Spiderman 3 y X-Men 3&#8230;"},"content":{"rendered":"<p><a href=\"https:\/\/uruloki.org\/felipeblog\/imagenes\/estaraBlackCatEnSpiderma3.html\" onclick=\"window.open('https:\/\/uruloki.org\/felipeblog\/imagenes\/estaraBlackCatEnSpiderma3.html','popup','width=325,height=500,scrollbars=no,resizable=no,toolbar=no,directories=no,location=no,menubar=no,status=no,left=0,top=0'); return false\" title=\"&iquest;estar&aacute; Black Cat en Spiderman 3?\"><img loading=\"lazy\" decoding=\"async\" alt=\"&iquest;estar&aacute; Black Cat en Spiderman 3?\" src=\"https:\/\/uruloki.org\/felipeblog\/imagenes\/tn_estaraBlackCatEnSpiderma3.jpg\" width=\"150\" height=\"231\" border=\"1\" style=\"float:right; margin-bottom:0.5em; margin-left:0.5em;\" \/><\/a>Buenas, nuevas noticias del mundo del cine-c&oacute;mic mundial! <\/p>\n<p>La primera es real y confirmada por <strong>Sam Raimi<\/strong> y los productores Laura Ziskin y <a href=\"https:\/\/uruloki.org\/felipeblog\/archives\/000108.html#000108\">Avi Arad<\/a> (Marvel Studios), han comentado en una rueda de prensa que <a href=\"http:\/\/us.imdb.com\/name\/nm0002006\/\" target=\"_blank\" title=\"Filmograf&iacute;a de Thomas Haden Church\">Thomas Haden Church<\/a> (Entre Copas o George de la Jungla) ha sido fichado para interpretar al villano protagonista, digo villano protagonista porque <a href=\"http:\/\/us.imdb.com\/name\/nm0001721\/\" title=\"Filmograf&iacute;a de Chlo&euml; Sevigny\" target=\"_blank\">Chlo&euml; Sevigny<\/a> (American Psycho) ha hablado, en una entrevista ofrecida al New York Daily News, de que est&aacute; muy interesada en hacerse con el papel de una villana rubia y exuberante del tercer film&#8230; digamos que de estas palabras se saca la conclusi&oacute;n de que podr&iacute;a interpretar a la <strong>Gata Negra<\/strong> (Black Cat). <\/p>\n<p>Personalmente lo de <strong>Chlo&euml; Sevigny<\/strong> no me lo creo, ya que estar&iacute;a desvelando un personaje cuando no se ha comenzado el rodaje y con lo cuidadosos que son la gente de marvel&#8230; pues eso, que no me lo creo.<\/p>\n<p>La otra peli de marvel que tiene noticias nuevas es <a href=\"http:\/\/us.imdb.com\/title\/tt0376994\/\" title=\"Info de la peli X-Men 3\" target=\"_blank\">X-Men 3<\/a>, en donde <a href=\"http:\/\/filmforce.ign.com\/x-men\/articles\/596\/596852p1.html?fromint=1\" target=\"_blank\" title=\"Noticia original\">se ha confirmado la aparici&oacute;n de tres nuevos personajes<\/a>: <strong>La Bestia<\/strong>, <strong>Gambito<\/strong> y el <strong>&Aacute;ngel<\/strong>. Adem&aacute;s esta noticia viene a desmentir los rumores de que el &Aacute;ngel pod&iacute;a ser un personaje femenino! <strong>Warren Worthington III<\/strong> una tipa!!!<\/p>\n<p>En fin, hasta aqu&iacute; las noticias del mundo cine \/ c&oacute;mic en donde no paran de sacar ideas nuevas&#8230;<\/p>\n<p>Chao!<\/p>\n","protected":false},"excerpt":{"rendered":"<p>Buenas, nuevas noticias del mundo del cine-c&oacute;mic mundial! La primera es real y confirmada por Sam Raimi y los productores Laura Ziskin y Avi Arad (Marvel Studios), han comentado en una rueda de prensa que Thomas Haden Church (Entre Copas o George de la Jungla) ha sido fichado para interpretar al villano protagonista, digo villano [&hellip;]<\/p>\n","protected":false},"author":28,"featured_media":0,"comment_status":"closed","ping_status":"closed","sticky":false,"template":"","format":"standard","meta":{"footnotes":""},"categories":[10],"tags":[],"class_list":["post-319","post","type-post","status-publish","format-standard","hentry","category-cine-de-comics"],"yoast_head":"<!-- This site is optimized with the Yoast SEO plugin v24.3 - https:\/\/yoast.com\/wordpress\/plugins\/seo\/ -->\n<title>Spiderman 3 y X-Men 3... - Uruloki :: Blog<\/title>\n<meta name=\"robots\" content=\"index, follow, max-snippet:-1, max-image-preview:large, max-video-preview:-1\" \/>\n<link rel=\"canonical\" href=\"https:\/\/www.uruloki.org\/felipeblog\/cine-de-comics\/spiderman-3-y-x-men-3\" \/>\n<meta property=\"og:locale\" content=\"es_ES\" \/>\n<meta property=\"og:type\" content=\"article\" \/>\n<meta property=\"og:title\" content=\"Spiderman 3 y X-Men 3... - Uruloki :: Blog\" \/>\n<meta property=\"og:description\" content=\"Buenas, nuevas noticias del mundo del cine-c&oacute;mic mundial! La primera es real y confirmada por Sam Raimi y los productores Laura Ziskin y Avi Arad (Marvel Studios), han comentado en una rueda de prensa que Thomas Haden Church (Entre Copas o George de la Jungla) ha sido fichado para interpretar al villano protagonista, digo villano [&hellip;]\" \/>\n<meta property=\"og:url\" content=\"https:\/\/www.uruloki.org\/felipeblog\/cine-de-comics\/spiderman-3-y-x-men-3\" \/>\n<meta property=\"og:site_name\" content=\"Uruloki :: Blog\" \/>\n<meta property=\"article:publisher\" content=\"https:\/\/www.facebook.com\/uruloki.org\" \/>\n<meta property=\"article:published_time\" content=\"2005-03-23T02:12:08+00:00\" \/>\n<meta property=\"og:image\" content=\"https:\/\/uruloki.org\/felipeblog\/imagenes\/tn_estaraBlackCatEnSpiderma3.jpg\" \/>\n<meta name=\"author\" content=\"Uruloki\" \/>\n<meta name=\"twitter:card\" content=\"summary_large_image\" \/>\n<meta name=\"twitter:creator\" content=\"@uruloki\" \/>\n<meta name=\"twitter:site\" content=\"@uruloki\" \/>\n<meta name=\"twitter:label1\" content=\"Escrito por\" \/>\n\t<meta name=\"twitter:data1\" content=\"Uruloki\" \/>\n\t<meta name=\"twitter:label2\" content=\"Tiempo de lectura\" \/>\n\t<meta name=\"twitter:data2\" content=\"1 minuto\" \/>\n<script type=\"application\/ld+json\" class=\"yoast-schema-graph\">{\"@context\":\"https:\/\/schema.org\",\"@graph\":[{\"@type\":\"WebPage\",\"@id\":\"https:\/\/www.uruloki.org\/felipeblog\/cine-de-comics\/spiderman-3-y-x-men-3\",\"url\":\"https:\/\/www.uruloki.org\/felipeblog\/cine-de-comics\/spiderman-3-y-x-men-3\",\"name\":\"Spiderman 3 y X-Men 3... - Uruloki :: Blog\",\"isPartOf\":{\"@id\":\"https:\/\/www.uruloki.org\/felipeblog\/#website\"},\"primaryImageOfPage\":{\"@id\":\"https:\/\/www.uruloki.org\/felipeblog\/cine-de-comics\/spiderman-3-y-x-men-3#primaryimage\"},\"image\":{\"@id\":\"https:\/\/www.uruloki.org\/felipeblog\/cine-de-comics\/spiderman-3-y-x-men-3#primaryimage\"},\"thumbnailUrl\":\"https:\/\/uruloki.org\/felipeblog\/imagenes\/tn_estaraBlackCatEnSpiderma3.jpg\",\"datePublished\":\"2005-03-23T02:12:08+00:00\",\"dateModified\":\"2005-03-23T02:12:08+00:00\",\"author\":{\"@id\":\"https:\/\/www.uruloki.org\/felipeblog\/#\/schema\/person\/ddba06ddaa27edf0c370460d05c51bb3\"},\"breadcrumb\":{\"@id\":\"https:\/\/www.uruloki.org\/felipeblog\/cine-de-comics\/spiderman-3-y-x-men-3#breadcrumb\"},\"inLanguage\":\"es\",\"potentialAction\":[{\"@type\":\"ReadAction\",\"target\":[\"https:\/\/www.uruloki.org\/felipeblog\/cine-de-comics\/spiderman-3-y-x-men-3\"]}]},{\"@type\":\"ImageObject\",\"inLanguage\":\"es\",\"@id\":\"https:\/\/www.uruloki.org\/felipeblog\/cine-de-comics\/spiderman-3-y-x-men-3#primaryimage\",\"url\":\"https:\/\/uruloki.org\/felipeblog\/imagenes\/tn_estaraBlackCatEnSpiderma3.jpg\",\"contentUrl\":\"https:\/\/uruloki.org\/felipeblog\/imagenes\/tn_estaraBlackCatEnSpiderma3.jpg\"},{\"@type\":\"BreadcrumbList\",\"@id\":\"https:\/\/www.uruloki.org\/felipeblog\/cine-de-comics\/spiderman-3-y-x-men-3#breadcrumb\",\"itemListElement\":[{\"@type\":\"ListItem\",\"position\":1,\"name\":\"Portada\",\"item\":\"https:\/\/www.uruloki.org\/felipeblog\"},{\"@type\":\"ListItem\",\"position\":2,\"name\":\"Spiderman 3 y X-Men 3&#8230;\"}]},{\"@type\":\"WebSite\",\"@id\":\"https:\/\/www.uruloki.org\/felipeblog\/#website\",\"url\":\"https:\/\/www.uruloki.org\/felipeblog\/\",\"name\":\"Uruloki :: Blog\",\"description\":\"Blog de cine, terror, ciencia ficci\u00f3n, fantas\u00eda y c\u00f3mics\",\"potentialAction\":[{\"@type\":\"SearchAction\",\"target\":{\"@type\":\"EntryPoint\",\"urlTemplate\":\"https:\/\/www.uruloki.org\/felipeblog\/?s={search_term_string}\"},\"query-input\":{\"@type\":\"PropertyValueSpecification\",\"valueRequired\":true,\"valueName\":\"search_term_string\"}}],\"inLanguage\":\"es\"},{\"@type\":\"Person\",\"@id\":\"https:\/\/www.uruloki.org\/felipeblog\/#\/schema\/person\/ddba06ddaa27edf0c370460d05c51bb3\",\"name\":\"Uruloki\",\"image\":{\"@type\":\"ImageObject\",\"inLanguage\":\"es\",\"@id\":\"https:\/\/www.uruloki.org\/felipeblog\/#\/schema\/person\/image\/\",\"url\":\"https:\/\/secure.gravatar.com\/avatar\/68d5301c5f52ba88fd63f02c75b8c4d1b3c3fc4b21e2998a1e98c4b3a54d9f7c?s=96&d=mm&r=g\",\"contentUrl\":\"https:\/\/secure.gravatar.com\/avatar\/68d5301c5f52ba88fd63f02c75b8c4d1b3c3fc4b21e2998a1e98c4b3a54d9f7c?s=96&d=mm&r=g\",\"caption\":\"Uruloki\"},\"sameAs\":[\"https:\/\/uruloki.org\"],\"url\":\"https:\/\/www.uruloki.org\/felipeblog\/author\/admin-2-2-2\"}]}<\/script>\n<!-- \/ Yoast SEO plugin. -->","yoast_head_json":{"title":"Spiderman 3 y X-Men 3... - Uruloki :: Blog","robots":{"index":"index","follow":"follow","max-snippet":"max-snippet:-1","max-image-preview":"max-image-preview:large","max-video-preview":"max-video-preview:-1"},"canonical":"https:\/\/www.uruloki.org\/felipeblog\/cine-de-comics\/spiderman-3-y-x-men-3","og_locale":"es_ES","og_type":"article","og_title":"Spiderman 3 y X-Men 3... - Uruloki :: Blog","og_description":"Buenas, nuevas noticias del mundo del cine-c&oacute;mic mundial! La primera es real y confirmada por Sam Raimi y los productores Laura Ziskin y Avi Arad (Marvel Studios), han comentado en una rueda de prensa que Thomas Haden Church (Entre Copas o George de la Jungla) ha sido fichado para interpretar al villano protagonista, digo villano [&hellip;]","og_url":"https:\/\/www.uruloki.org\/felipeblog\/cine-de-comics\/spiderman-3-y-x-men-3","og_site_name":"Uruloki :: Blog","article_publisher":"https:\/\/www.facebook.com\/uruloki.org","article_published_time":"2005-03-23T02:12:08+00:00","og_image":[{"url":"https:\/\/uruloki.org\/felipeblog\/imagenes\/tn_estaraBlackCatEnSpiderma3.jpg","type":"","width":"","height":""}],"author":"Uruloki","twitter_card":"summary_large_image","twitter_creator":"@uruloki","twitter_site":"@uruloki","twitter_misc":{"Escrito por":"Uruloki","Tiempo de lectura":"1 minuto"},"schema":{"@context":"https:\/\/schema.org","@graph":[{"@type":"WebPage","@id":"https:\/\/www.uruloki.org\/felipeblog\/cine-de-comics\/spiderman-3-y-x-men-3","url":"https:\/\/www.uruloki.org\/felipeblog\/cine-de-comics\/spiderman-3-y-x-men-3","name":"Spiderman 3 y X-Men 3... - Uruloki :: Blog","isPartOf":{"@id":"https:\/\/www.uruloki.org\/felipeblog\/#website"},"primaryImageOfPage":{"@id":"https:\/\/www.uruloki.org\/felipeblog\/cine-de-comics\/spiderman-3-y-x-men-3#primaryimage"},"image":{"@id":"https:\/\/www.uruloki.org\/felipeblog\/cine-de-comics\/spiderman-3-y-x-men-3#primaryimage"},"thumbnailUrl":"https:\/\/uruloki.org\/felipeblog\/imagenes\/tn_estaraBlackCatEnSpiderma3.jpg","datePublished":"2005-03-23T02:12:08+00:00","dateModified":"2005-03-23T02:12:08+00:00","author":{"@id":"https:\/\/www.uruloki.org\/felipeblog\/#\/schema\/person\/ddba06ddaa27edf0c370460d05c51bb3"},"breadcrumb":{"@id":"https:\/\/www.uruloki.org\/felipeblog\/cine-de-comics\/spiderman-3-y-x-men-3#breadcrumb"},"inLanguage":"es","potentialAction":[{"@type":"ReadAction","target":["https:\/\/www.uruloki.org\/felipeblog\/cine-de-comics\/spiderman-3-y-x-men-3"]}]},{"@type":"ImageObject","inLanguage":"es","@id":"https:\/\/www.uruloki.org\/felipeblog\/cine-de-comics\/spiderman-3-y-x-men-3#primaryimage","url":"https:\/\/uruloki.org\/felipeblog\/imagenes\/tn_estaraBlackCatEnSpiderma3.jpg","contentUrl":"https:\/\/uruloki.org\/felipeblog\/imagenes\/tn_estaraBlackCatEnSpiderma3.jpg"},{"@type":"BreadcrumbList","@id":"https:\/\/www.uruloki.org\/felipeblog\/cine-de-comics\/spiderman-3-y-x-men-3#breadcrumb","itemListElement":[{"@type":"ListItem","position":1,"name":"Portada","item":"https:\/\/www.uruloki.org\/felipeblog"},{"@type":"ListItem","position":2,"name":"Spiderman 3 y X-Men 3&#8230;"}]},{"@type":"WebSite","@id":"https:\/\/www.uruloki.org\/felipeblog\/#website","url":"https:\/\/www.uruloki.org\/felipeblog\/","name":"Uruloki :: Blog","description":"Blog de cine, terror, ciencia ficci\u00f3n, fantas\u00eda y c\u00f3mics","potentialAction":[{"@type":"SearchAction","target":{"@type":"EntryPoint","urlTemplate":"https:\/\/www.uruloki.org\/felipeblog\/?s={search_term_string}"},"query-input":{"@type":"PropertyValueSpecification","valueRequired":true,"valueName":"search_term_string"}}],"inLanguage":"es"},{"@type":"Person","@id":"https:\/\/www.uruloki.org\/felipeblog\/#\/schema\/person\/ddba06ddaa27edf0c370460d05c51bb3","name":"Uruloki","image":{"@type":"ImageObject","inLanguage":"es","@id":"https:\/\/www.uruloki.org\/felipeblog\/#\/schema\/person\/image\/","url":"https:\/\/secure.gravatar.com\/avatar\/68d5301c5f52ba88fd63f02c75b8c4d1b3c3fc4b21e2998a1e98c4b3a54d9f7c?s=96&d=mm&r=g","contentUrl":"https:\/\/secure.gravatar.com\/avatar\/68d5301c5f52ba88fd63f02c75b8c4d1b3c3fc4b21e2998a1e98c4b3a54d9f7c?s=96&d=mm&r=g","caption":"Uruloki"},"sameAs":["https:\/\/uruloki.org"],"url":"https:\/\/www.uruloki.org\/felipeblog\/author\/admin-2-2-2"}]}},"_links":{"self":[{"href":"https:\/\/www.uruloki.org\/felipeblog\/wp-json\/wp\/v2\/posts\/319","targetHints":{"allow":["GET"]}}],"collection":[{"href":"https:\/\/www.uruloki.org\/felipeblog\/wp-json\/wp\/v2\/posts"}],"about":[{"href":"https:\/\/www.uruloki.org\/felipeblog\/wp-json\/wp\/v2\/types\/post"}],"author":[{"embeddable":true,"href":"https:\/\/www.uruloki.org\/felipeblog\/wp-json\/wp\/v2\/users\/28"}],"replies":[{"embeddable":true,"href":"https:\/\/www.uruloki.org\/felipeblog\/wp-json\/wp\/v2\/comments?post=319"}],"version-history":[{"count":0,"href":"https:\/\/www.uruloki.org\/felipeblog\/wp-json\/wp\/v2\/posts\/319\/revisions"}],"wp:attachment":[{"href":"https:\/\/www.uruloki.org\/felipeblog\/wp-json\/wp\/v2\/media?parent=319"}],"wp:term":[{"taxonomy":"category","embeddable":true,"href":"https:\/\/www.uruloki.org\/felipeblog\/wp-json\/wp\/v2\/categories?post=319"},{"taxonomy":"post_tag","embeddable":true,"href":"https:\/\/www.uruloki.org\/felipeblog\/wp-json\/wp\/v2\/tags?post=319"}],"curies":[{"name":"wp","href":"https:\/\/api.w.org\/{rel}","templated":true}]}}