{"id":3141,"date":"2009-09-16T13:39:18","date_gmt":"2009-09-16T12:39:18","guid":{"rendered":"https:\/\/uruloki.org\/felipeblog\/?p=3141"},"modified":"2009-09-18T12:39:01","modified_gmt":"2009-09-18T11:39:01","slug":"fechas-de-estreno-actualizadas-a-16-de-septiembre-de-2009","status":"publish","type":"post","link":"https:\/\/www.uruloki.org\/felipeblog\/cine\/fechas-de-estreno-actualizadas-a-16-de-septiembre-de-2009","title":{"rendered":"Fechas de estreno actualizadas a 16 de Septiembre de 2009&#8230;"},"content":{"rendered":"<p>Como son varios los que lo demandaban me he animado. Ojo, las fechas que indico aqu&iacute;, en formato d&iacute;a \/ mes \/ a&ntilde;o, son fechas de estreno solamente para <strong>Espa&ntilde;a<\/strong> y pueden variar en cualquier momento. Lo siento, pero para el resto de pa&iacute;ses  se me hace incontrolable dar tanto soporte, os recomiendo de todas formas visitar los enlaces y buscar en el apartado denominado <em>&quot;Fecha de estreno&quot;<\/em>. Las fuentes usadas para recopilar esto son varias, webs amigas como <a href=\"http:\/\/www.aullidos.com\/\" target=\"_blank\">Aullidos.com<\/a>, y recursos propios de las distribuidoras en <strong>Espa&ntilde;a<\/strong> as&iacute; como <strong>IMDB<\/strong>. Ir&eacute; actualizando la lista conforme se sepan m&aacute;s fechas de films que encajen en los g&eacute;neros del blog.<\/p>\n<ul>\n<li>18\/09\/09\n<ul>\n<li><a href=\"http:\/\/spanish.imdb.com\/title\/tt0361748\/\" target=\"_blank\">Malditos bastardos (Inglourious Basterds)<\/a> de <a href=\"http:\/\/spanish.imdb.com\/name\/nm0000233\/\" target=\"_blank\">Quentin Tarantino<\/a><\/li>\n<\/ul>\n<\/li>\n<li>25\/09\/09\n<ul>\n<li><a href=\"http:\/\/spanish.imdb.com\/title\/tt1131734\/\" target=\"_blank\">Jennifer&#8217;s Body<\/a> de <a href=\"http:\/\/spanish.imdb.com\/name\/nm0476201\/\" target=\"_blank\">Karyn Kusama<\/a><\/li>\n<li><a href=\"http:\/\/spanish.imdb.com\/title\/tt0986263\/\" target=\"_blank\">Los sustitutos (Surrogates)<\/a> de <a href=\"http:\/\/spanish.imdb.com\/name\/nm0609236\/\" target=\"_blank\">Jonathan Mostow<\/a><\/li>\n<\/ul>\n<\/li>\n<li>02\/10\/09\n<ul>\n<li><a href=\"http:\/\/spanish.imdb.com\/title\/tt1245112\/\" target=\"_blank\">[REC]2<\/a> de <a href=\"http:\/\/spanish.imdb.com\/name\/nm0049371\/\" target=\"_blank\">Jaume Balaguer&oacute;<\/a> y <a href=\"http:\/\/spanish.imdb.com\/name\/nm0687042\/\" target=\"_blank\">Paco Plaza<\/a><\/li>\n<\/ul>\n<\/li>\n<li>09\/10\/09\n<ul>\n<li><a href=\"http:\/\/spanish.imdb.com\/title\/tt1182345\/\" target=\"_blank\">Moon<\/a> de <a href=\"http:\/\/spanish.imdb.com\/name\/nm1512910\/\" target=\"_blank\">Duncan Jones<\/a><\/li>\n<\/ul>\n<\/li>\n<li>16\/10\/09\n<ul>\n<li><a href=\"http:\/\/spanish.imdb.com\/title\/tt0806203\/\" target=\"_blank\">Infectados (Carriers)<\/a> de <a href=\"http:\/\/spanish.imdb.com\/name\/nm1883612\/\" target=\"_blank\">&Aacute;lex Pastor<\/a> y <a href=\"http:\/\/spanish.imdb.com\/name\/nm0665041\/\" target=\"_blank\">David Pastor<\/a><\/li>\n<li><a href=\"http:\/\/spanish.imdb.com\/title\/tt1148204\/\" target=\"_blank\">La hu&eacute;rfana (Orphan)<\/a> de <a href=\"http:\/\/spanish.imdb.com\/name\/nm1429471\/\" target=\"_blank\">Jaume Collet-Serra<\/a><\/li>\n<\/ul>\n<\/li>\n<li>23\/10\/09\n<ul>\n<li><a href=\"http:\/\/spanish.imdb.com\/title\/tt1054606\/\" target=\"_blank\">El imaginario del Doctor Parnassus (The Imaginarium of Doctor Parnassus)<\/a> de <a href=\"http:\/\/spanish.imdb.com\/title\/tt1054606\/\" target=\"_blank\">Terry Gilliam<\/a><\/li>\n<li><a href=\"http:\/\/spanish.imdb.com\/title\/tt1233227\/\" target=\"_blank\">Saw VI<\/a> de <a href=\"http:\/\/spanish.imdb.com\/name\/nm0340436\/\" target=\"_blank\">Kevin Greuter<\/a><\/li>\n<\/ul>\n<\/li>\n<li>30\/10\/09\n<ul>\n<li><a href=\"http:\/\/spanish.imdb.com\/title\/tt1144884\/\" target=\"_blank\">Destino Final 4<\/a> de <a href=\"http:\/\/spanish.imdb.com\/name\/nm0254786\/\" target=\"_blank\">David R. Ellis<\/a><\/li>\n<\/ul>\n<\/li>\n<li>06\/11\/09\n<ul>\n<li><a href=\"http:\/\/spanish.imdb.com\/title\/tt1188729\/\" target=\"_blank\">Pandorum<\/a> de <a href=\"http:\/\/spanish.imdb.com\/name\/nm0023355\/\" target=\"_blank\">Christian Alvart<\/a><\/li>\n<li><a href=\"http:\/\/spanish.imdb.com\/title\/tt0362478\/\" target=\"_blank\">The Box<\/a> de <a href=\"http:\/\/spanish.imdb.com\/name\/nm0446819\/\" target=\"_blank\">Richard Kelly<\/a><\/li>\n<li><a href=\"http:\/\/spanish.imdb.com\/title\/tt0898367\/\" target=\"_blank\">The Road<\/a> de <a href=\"http:\/\/spanish.imdb.com\/name\/nm0384825\/\" target=\"_blank\">John Hillcoat<\/a><\/li>\n<\/ul>\n<\/li>\n<li>13\/11\/09\n<ul>\n<li><a href=\"http:\/\/spanish.imdb.com\/title\/tt1190080\/\" target=\"_blank\">2012<\/a> de <a href=\"http:\/\/spanish.imdb.com\/name\/nm0000386\/\" target=\"_blank\">Roland Emmerich<\/a><\/li>\n<li><a href=\"http:\/\/spanish.imdb.com\/title\/tt1067106\/\" target=\"_blank\">Cuento de navidad (A Christmas Carol)<\/a> de <a href=\"http:\/\/spanish.imdb.com\/name\/nm0000709\/\" target=\"_blank\">Robert Zemeckis<\/a><\/li>\n<li><a href=\"http:\/\/spanish.imdb.com\/title\/tt0365929\/\" target=\"_blank\">Whiteout<\/a> de <a href=\"http:\/\/spanish.imdb.com\/name\/nm0784061\/\" target=\"_blank\">Dominic Sena<\/a><\/li>\n<\/ul>\n<\/li>\n<li>27\/11\/09\n<ul>\n<li><a href=\"http:\/\/spanish.imdb.com\/title\/tt0762125\/\" target=\"_blank\">Planet 51<\/a> de <a href=\"http:\/\/spanish.imdb.com\/name\/nm3360961\/\" target=\"_blank\">Jorge Blanco<\/a>, <a href=\"http:\/\/spanish.imdb.com\/name\/nm3371961\/\" target=\"_blank\">Javier Abad<\/a> y <a href=\"http:\/\/spanish.imdb.com\/name\/nm3483756\/\" target=\"_blank\">Marcos Martinez<\/a><\/li>\n<li><a href=\"http:\/\/spanish.imdb.com\/title\/tt1156398\/\" target=\"_blank\">Zombieland<\/a> de <a href=\"http:\/\/spanish.imdb.com\/name\/nm0281508\/\" target=\"_blank\">Ruben Fleischer<\/a><\/li>\n<\/ul>\n<\/li>\n<li>11\/12\/09\n<ul>\n<li><a href=\"http:\/\/spanish.imdb.com\/title\/tt0814335\/\" target=\"_blank\">The Stepfather<\/a> de <a href=\"http:\/\/spanish.imdb.com\/name\/nm1879589\/\" target=\"_blank\">Nelson McCormick<\/a><\/li>\n<\/ul>\n<\/li>\n<li>18\/12\/09\n<ul>\n<li><a href=\"http:\/\/spanish.imdb.com\/title\/tt0499549\/\" target=\"_blank\">Avatar<\/a> de <a href=\"http:\/\/spanish.imdb.com\/name\/nm0000116\/\" target=\"_blank\">James Cameron<\/a><\/li>\n<li><a href=\"http:\/\/spanish.imdb.com\/title\/tt0386117\/\" target=\"_blank\">Donde viven los monstruos (Where the Wild Things Are)<\/a> de <a href=\"http:\/\/spanish.imdb.com\/name\/nm0005069\/\" target=\"_blank\">Spike Jonze<\/a><\/li>\n<\/ul>\n<\/li>\n<li>25\/12\/09\n<ul>\n<li><a href=\"http:\/\/spanish.imdb.com\/title\/tt1186367\/\" target=\"_blank\">Ninja Assassin<\/a> de <a href=\"http:\/\/spanish.imdb.com\/name\/nm0574625\/\" target=\"_blank\">James McTeigue<\/a><\/li>\n<\/ul>\n<\/li>\n<li>01\/01\/10\n<ul>\n<li><a href=\"http:\/\/spanish.imdb.com\/title\/tt0472033\/\" target=\"_blank\">N&uacute;mero 9 (9)<\/a> de <a href=\"http:\/\/spanish.imdb.com\/name\/nm0009942\/\" target=\"_blank\">Shane Acker<\/a><\/li>\n<\/ul>\n<\/li>\n<li>15\/01\/10\n<ul>\n<li><a href=\"http:\/\/spanish.imdb.com\/title\/tt0988045\/\" target=\"_blank\">Sherlock Holmes<\/a> de <a href=\"http:\/\/spanish.imdb.com\/name\/nm0005363\/\" target=\"_blank\">Guy Ritchie<\/a><\/li>\n<\/ul>\n<\/li>\n<li>29\/01\/10\n<ul>\n<li><a href=\"http:\/\/spanish.imdb.com\/title\/tt0380510\/\" target=\"_blank\">The Lovely Bones<\/a> de <a href=\"http:\/\/spanish.imdb.com\/name\/nm0001392\/\" target=\"_blank\">Peter Jackson<\/a><\/li>\n<\/ul>\n<\/li>\n<li>12\/02\/10\n<ul>\n<li><a href=\"http:\/\/spanish.imdb.com\/title\/tt0780653\/\" target=\"_blank\">El hombre lobo (The Wolfman)<\/a> de <a href=\"http:\/\/spanish.imdb.com\/name\/nm0002653\/\" target=\"_blank\">Joe Joshton<\/a><\/li>\n<\/ul>\n<\/li>\n<li>26\/02\/10\n<ul>\n<li><a href=\"http:\/\/spanish.imdb.com\/title\/tt0450405\/\" target=\"_blank\">El circo de los extra&ntilde;os (Cirque du Freak: The Vampire&#8217;s Assistant)<\/a> de <a href=\"http:\/\/spanish.imdb.com\/name\/nm0919369\/\" target=\"_blank\">Paul Weitz<\/a><\/li>\n<\/ul>\n<\/li>\n<li>05\/03\/10\n<ul>\n<li><a href=\"http:\/\/spanish.imdb.com\/title\/tt1038686\/\" target=\"_blank\">Legion<\/a> de <a href=\"http:\/\/spanish.imdb.com\/name\/nm0829820\/\" target=\"_blank\">Scott Stewart<\/a><\/li>\n<\/ul>\n<\/li>\n<li>07\/05\/10\n<ul>\n<li><a href=\"http:\/\/spanish.imdb.com\/title\/tt1228705\/\" target=\"_blank\">Iron Man 2<\/a> de <a href=\"http:\/\/spanish.imdb.com\/name\/nm0269463\/\" target=\"_blank\">Jon Favreau<\/a><\/li>\n<\/ul>\n<\/li>\n<li>07\/07\/10\n<ul>\n<li><a href=\"http:\/\/spanish.imdb.com\/title\/tt1424381\/\" target=\"_blank\">Predators<\/a> de <a href=\"http:\/\/spanish.imdb.com\/name\/nm0030735\/\" target=\"_blank\">Nimr&oacute;d Antal<\/a><\/li>\n<\/ul>\n<\/li>\n<li>06\/08\/10\n<ul>\n<li><a href=\"http:\/\/spanish.imdb.com\/title\/tt0938283\/\" target=\"_blank\">Airbender: el &uacute;ltimo guerrero (The Last Airbender)<\/a> de <a href=\"http:\/\/spanish.imdb.com\/name\/nm0796117\/\" target=\"_blank\">M. Night Shyamalan<\/a><\/li>\n<\/ul>\n<\/li>\n<li>17\/12\/10\n<ul>\n<li><a href=\"http:\/\/spanish.imdb.com\/title\/tt1104001\/\" target=\"_blank\">Tron Legacy<\/a> de <a href=\"http:\/\/spanish.imdb.com\/name\/nm2676052\/\" target=\"_blank\">Joseph Kosinski<\/a><\/li>\n<\/ul>\n<\/li>\n<\/ul>\n<p>Este post lo publicar&eacute; actualizado cada domingo&#8230; m&aacute;s o menos.<\/p>\n","protected":false},"excerpt":{"rendered":"<p>Como son varios los que lo demandaban me he animado. Ojo, las fechas que indico aqu&iacute;, en formato d&iacute;a \/ mes \/ a&ntilde;o, son fechas de estreno solamente para Espa&ntilde;a y pueden variar en cualquier momento. Lo siento, pero para el resto de pa&iacute;ses se me hace incontrolable dar tanto soporte, os recomiendo de todas [&hellip;]<\/p>\n","protected":false},"author":28,"featured_media":0,"comment_status":"open","ping_status":"open","sticky":false,"template":"","format":"standard","meta":{"footnotes":""},"categories":[6,10,8,12,9,19],"tags":[],"class_list":["post-3141","post","type-post","status-publish","format-standard","hentry","category-cine","category-cine-de-comics","category-cine-de-ciencia-ficcion","category-cine-de-fantasia","category-cine-de-terror","category-cine-inclasificable"],"yoast_head":"<!-- This site is optimized with the Yoast SEO plugin v24.3 - https:\/\/yoast.com\/wordpress\/plugins\/seo\/ -->\n<title>Fechas de estreno actualizadas a 16 de Septiembre de 2009... - Uruloki :: Blog<\/title>\n<meta name=\"robots\" content=\"index, follow, max-snippet:-1, max-image-preview:large, max-video-preview:-1\" \/>\n<link rel=\"canonical\" href=\"https:\/\/www.uruloki.org\/felipeblog\/cine\/fechas-de-estreno-actualizadas-a-16-de-septiembre-de-2009\" \/>\n<meta property=\"og:locale\" content=\"es_ES\" \/>\n<meta property=\"og:type\" content=\"article\" \/>\n<meta property=\"og:title\" content=\"Fechas de estreno actualizadas a 16 de Septiembre de 2009... - Uruloki :: Blog\" \/>\n<meta property=\"og:description\" content=\"Como son varios los que lo demandaban me he animado. Ojo, las fechas que indico aqu&iacute;, en formato d&iacute;a \/ mes \/ a&ntilde;o, son fechas de estreno solamente para Espa&ntilde;a y pueden variar en cualquier momento. Lo siento, pero para el resto de pa&iacute;ses se me hace incontrolable dar tanto soporte, os recomiendo de todas [&hellip;]\" \/>\n<meta property=\"og:url\" content=\"https:\/\/www.uruloki.org\/felipeblog\/cine\/fechas-de-estreno-actualizadas-a-16-de-septiembre-de-2009\" \/>\n<meta property=\"og:site_name\" content=\"Uruloki :: Blog\" \/>\n<meta property=\"article:publisher\" content=\"https:\/\/www.facebook.com\/uruloki.org\" \/>\n<meta property=\"article:published_time\" content=\"2009-09-16T12:39:18+00:00\" \/>\n<meta property=\"article:modified_time\" content=\"2009-09-18T11:39:01+00:00\" \/>\n<meta name=\"author\" content=\"Uruloki\" \/>\n<meta name=\"twitter:card\" content=\"summary_large_image\" \/>\n<meta name=\"twitter:creator\" content=\"@uruloki\" \/>\n<meta name=\"twitter:site\" content=\"@uruloki\" \/>\n<meta name=\"twitter:label1\" content=\"Escrito por\" \/>\n\t<meta name=\"twitter:data1\" content=\"Uruloki\" \/>\n\t<meta name=\"twitter:label2\" content=\"Tiempo de lectura\" \/>\n\t<meta name=\"twitter:data2\" content=\"2 minutos\" \/>\n<script type=\"application\/ld+json\" class=\"yoast-schema-graph\">{\"@context\":\"https:\/\/schema.org\",\"@graph\":[{\"@type\":\"WebPage\",\"@id\":\"https:\/\/www.uruloki.org\/felipeblog\/cine\/fechas-de-estreno-actualizadas-a-16-de-septiembre-de-2009\",\"url\":\"https:\/\/www.uruloki.org\/felipeblog\/cine\/fechas-de-estreno-actualizadas-a-16-de-septiembre-de-2009\",\"name\":\"Fechas de estreno actualizadas a 16 de Septiembre de 2009... - Uruloki :: Blog\",\"isPartOf\":{\"@id\":\"https:\/\/www.uruloki.org\/felipeblog\/#website\"},\"datePublished\":\"2009-09-16T12:39:18+00:00\",\"dateModified\":\"2009-09-18T11:39:01+00:00\",\"author\":{\"@id\":\"https:\/\/www.uruloki.org\/felipeblog\/#\/schema\/person\/ddba06ddaa27edf0c370460d05c51bb3\"},\"breadcrumb\":{\"@id\":\"https:\/\/www.uruloki.org\/felipeblog\/cine\/fechas-de-estreno-actualizadas-a-16-de-septiembre-de-2009#breadcrumb\"},\"inLanguage\":\"es\",\"potentialAction\":[{\"@type\":\"ReadAction\",\"target\":[\"https:\/\/www.uruloki.org\/felipeblog\/cine\/fechas-de-estreno-actualizadas-a-16-de-septiembre-de-2009\"]}]},{\"@type\":\"BreadcrumbList\",\"@id\":\"https:\/\/www.uruloki.org\/felipeblog\/cine\/fechas-de-estreno-actualizadas-a-16-de-septiembre-de-2009#breadcrumb\",\"itemListElement\":[{\"@type\":\"ListItem\",\"position\":1,\"name\":\"Portada\",\"item\":\"https:\/\/www.uruloki.org\/felipeblog\"},{\"@type\":\"ListItem\",\"position\":2,\"name\":\"Fechas de estreno actualizadas a 16 de Septiembre de 2009&#8230;\"}]},{\"@type\":\"WebSite\",\"@id\":\"https:\/\/www.uruloki.org\/felipeblog\/#website\",\"url\":\"https:\/\/www.uruloki.org\/felipeblog\/\",\"name\":\"Uruloki :: Blog\",\"description\":\"Blog de cine, terror, ciencia ficci\u00f3n, fantas\u00eda y c\u00f3mics\",\"potentialAction\":[{\"@type\":\"SearchAction\",\"target\":{\"@type\":\"EntryPoint\",\"urlTemplate\":\"https:\/\/www.uruloki.org\/felipeblog\/?s={search_term_string}\"},\"query-input\":{\"@type\":\"PropertyValueSpecification\",\"valueRequired\":true,\"valueName\":\"search_term_string\"}}],\"inLanguage\":\"es\"},{\"@type\":\"Person\",\"@id\":\"https:\/\/www.uruloki.org\/felipeblog\/#\/schema\/person\/ddba06ddaa27edf0c370460d05c51bb3\",\"name\":\"Uruloki\",\"image\":{\"@type\":\"ImageObject\",\"inLanguage\":\"es\",\"@id\":\"https:\/\/www.uruloki.org\/felipeblog\/#\/schema\/person\/image\/\",\"url\":\"https:\/\/secure.gravatar.com\/avatar\/68d5301c5f52ba88fd63f02c75b8c4d1b3c3fc4b21e2998a1e98c4b3a54d9f7c?s=96&d=mm&r=g\",\"contentUrl\":\"https:\/\/secure.gravatar.com\/avatar\/68d5301c5f52ba88fd63f02c75b8c4d1b3c3fc4b21e2998a1e98c4b3a54d9f7c?s=96&d=mm&r=g\",\"caption\":\"Uruloki\"},\"sameAs\":[\"https:\/\/uruloki.org\"],\"url\":\"https:\/\/www.uruloki.org\/felipeblog\/author\/admin-2-2-2\"}]}<\/script>\n<!-- \/ Yoast SEO plugin. -->","yoast_head_json":{"title":"Fechas de estreno actualizadas a 16 de Septiembre de 2009... - Uruloki :: Blog","robots":{"index":"index","follow":"follow","max-snippet":"max-snippet:-1","max-image-preview":"max-image-preview:large","max-video-preview":"max-video-preview:-1"},"canonical":"https:\/\/www.uruloki.org\/felipeblog\/cine\/fechas-de-estreno-actualizadas-a-16-de-septiembre-de-2009","og_locale":"es_ES","og_type":"article","og_title":"Fechas de estreno actualizadas a 16 de Septiembre de 2009... - Uruloki :: Blog","og_description":"Como son varios los que lo demandaban me he animado. Ojo, las fechas que indico aqu&iacute;, en formato d&iacute;a \/ mes \/ a&ntilde;o, son fechas de estreno solamente para Espa&ntilde;a y pueden variar en cualquier momento. Lo siento, pero para el resto de pa&iacute;ses se me hace incontrolable dar tanto soporte, os recomiendo de todas [&hellip;]","og_url":"https:\/\/www.uruloki.org\/felipeblog\/cine\/fechas-de-estreno-actualizadas-a-16-de-septiembre-de-2009","og_site_name":"Uruloki :: Blog","article_publisher":"https:\/\/www.facebook.com\/uruloki.org","article_published_time":"2009-09-16T12:39:18+00:00","article_modified_time":"2009-09-18T11:39:01+00:00","author":"Uruloki","twitter_card":"summary_large_image","twitter_creator":"@uruloki","twitter_site":"@uruloki","twitter_misc":{"Escrito por":"Uruloki","Tiempo de lectura":"2 minutos"},"schema":{"@context":"https:\/\/schema.org","@graph":[{"@type":"WebPage","@id":"https:\/\/www.uruloki.org\/felipeblog\/cine\/fechas-de-estreno-actualizadas-a-16-de-septiembre-de-2009","url":"https:\/\/www.uruloki.org\/felipeblog\/cine\/fechas-de-estreno-actualizadas-a-16-de-septiembre-de-2009","name":"Fechas de estreno actualizadas a 16 de Septiembre de 2009... - Uruloki :: Blog","isPartOf":{"@id":"https:\/\/www.uruloki.org\/felipeblog\/#website"},"datePublished":"2009-09-16T12:39:18+00:00","dateModified":"2009-09-18T11:39:01+00:00","author":{"@id":"https:\/\/www.uruloki.org\/felipeblog\/#\/schema\/person\/ddba06ddaa27edf0c370460d05c51bb3"},"breadcrumb":{"@id":"https:\/\/www.uruloki.org\/felipeblog\/cine\/fechas-de-estreno-actualizadas-a-16-de-septiembre-de-2009#breadcrumb"},"inLanguage":"es","potentialAction":[{"@type":"ReadAction","target":["https:\/\/www.uruloki.org\/felipeblog\/cine\/fechas-de-estreno-actualizadas-a-16-de-septiembre-de-2009"]}]},{"@type":"BreadcrumbList","@id":"https:\/\/www.uruloki.org\/felipeblog\/cine\/fechas-de-estreno-actualizadas-a-16-de-septiembre-de-2009#breadcrumb","itemListElement":[{"@type":"ListItem","position":1,"name":"Portada","item":"https:\/\/www.uruloki.org\/felipeblog"},{"@type":"ListItem","position":2,"name":"Fechas de estreno actualizadas a 16 de Septiembre de 2009&#8230;"}]},{"@type":"WebSite","@id":"https:\/\/www.uruloki.org\/felipeblog\/#website","url":"https:\/\/www.uruloki.org\/felipeblog\/","name":"Uruloki :: Blog","description":"Blog de cine, terror, ciencia ficci\u00f3n, fantas\u00eda y c\u00f3mics","potentialAction":[{"@type":"SearchAction","target":{"@type":"EntryPoint","urlTemplate":"https:\/\/www.uruloki.org\/felipeblog\/?s={search_term_string}"},"query-input":{"@type":"PropertyValueSpecification","valueRequired":true,"valueName":"search_term_string"}}],"inLanguage":"es"},{"@type":"Person","@id":"https:\/\/www.uruloki.org\/felipeblog\/#\/schema\/person\/ddba06ddaa27edf0c370460d05c51bb3","name":"Uruloki","image":{"@type":"ImageObject","inLanguage":"es","@id":"https:\/\/www.uruloki.org\/felipeblog\/#\/schema\/person\/image\/","url":"https:\/\/secure.gravatar.com\/avatar\/68d5301c5f52ba88fd63f02c75b8c4d1b3c3fc4b21e2998a1e98c4b3a54d9f7c?s=96&d=mm&r=g","contentUrl":"https:\/\/secure.gravatar.com\/avatar\/68d5301c5f52ba88fd63f02c75b8c4d1b3c3fc4b21e2998a1e98c4b3a54d9f7c?s=96&d=mm&r=g","caption":"Uruloki"},"sameAs":["https:\/\/uruloki.org"],"url":"https:\/\/www.uruloki.org\/felipeblog\/author\/admin-2-2-2"}]}},"_links":{"self":[{"href":"https:\/\/www.uruloki.org\/felipeblog\/wp-json\/wp\/v2\/posts\/3141","targetHints":{"allow":["GET"]}}],"collection":[{"href":"https:\/\/www.uruloki.org\/felipeblog\/wp-json\/wp\/v2\/posts"}],"about":[{"href":"https:\/\/www.uruloki.org\/felipeblog\/wp-json\/wp\/v2\/types\/post"}],"author":[{"embeddable":true,"href":"https:\/\/www.uruloki.org\/felipeblog\/wp-json\/wp\/v2\/users\/28"}],"replies":[{"embeddable":true,"href":"https:\/\/www.uruloki.org\/felipeblog\/wp-json\/wp\/v2\/comments?post=3141"}],"version-history":[{"count":8,"href":"https:\/\/www.uruloki.org\/felipeblog\/wp-json\/wp\/v2\/posts\/3141\/revisions"}],"predecessor-version":[{"id":3143,"href":"https:\/\/www.uruloki.org\/felipeblog\/wp-json\/wp\/v2\/posts\/3141\/revisions\/3143"}],"wp:attachment":[{"href":"https:\/\/www.uruloki.org\/felipeblog\/wp-json\/wp\/v2\/media?parent=3141"}],"wp:term":[{"taxonomy":"category","embeddable":true,"href":"https:\/\/www.uruloki.org\/felipeblog\/wp-json\/wp\/v2\/categories?post=3141"},{"taxonomy":"post_tag","embeddable":true,"href":"https:\/\/www.uruloki.org\/felipeblog\/wp-json\/wp\/v2\/tags?post=3141"}],"curies":[{"name":"wp","href":"https:\/\/api.w.org\/{rel}","templated":true}]}}