{"id":3050,"date":"2009-08-23T23:42:16","date_gmt":"2009-08-23T22:42:16","guid":{"rendered":"https:\/\/uruloki.org\/felipeblog\/?p=3050"},"modified":"2009-08-23T23:42:16","modified_gmt":"2009-08-23T22:42:16","slug":"un-domingo-curioso-kevin-feige-habla-de-thor-iron-man-2-the-first-avenger-captain-america-y-hulk-en-the-avengers-ian-mckellen-casi-tiene-el-guin-de-the-hobbit-y-dice-saber-quiea","status":"publish","type":"post","link":"https:\/\/www.uruloki.org\/felipeblog\/cine-de-terror\/un-domingo-curioso-kevin-feige-habla-de-thor-iron-man-2-the-first-avenger-captain-america-y-hulk-en-the-avengers-ian-mckellen-casi-tiene-el-guin-de-the-hobbit-y-dice-saber-quiea","title":{"rendered":"Un domingo curioso: Kevin Feige habla de Thor, Iron Man 2, The First Avenger: Captain America y &iquest;Hulk en The Avengers?, Ian McKellen casi tiene el gui&oacute;n de The Hobbit y dice saber qui&eacute;n es Bilbo Bols&oacute;n, Todd McFarlane habla de Spawn y Oz y poco m&aacute;s&#8230;"},"content":{"rendered":"<p>Bueno, finalmente he podido recopilar unas cuantas interesantes noticias para el cierre de este fin de semana marcado claramente por todo lo que ha rodeado a <a href=\"http:\/\/spanish.imdb.com\/title\/tt0499549\/\" target=\"_blank\">Avatar<\/a> (2009) de <a href=\"http:\/\/spanish.imdb.com\/name\/nm0000116\/\" target=\"_blank\">James Cameron<\/a>. Primero <a href=\"https:\/\/uruloki.org\/felipeblog\/cine-de-ciencia-ficcin\/teaser-trailer-de-avatar-de-james-cameron\">el trailer con todas las opiniones<\/a> y segundo <a href=\"https:\/\/uruloki.org\/felipeblog\/cine-de-ciencia-ficcin\/avatar-day-vuestras-impresiones-a-los-15-minutos-de-metraje-del-film-de-james-cameron\">vuestras interesantes impresiones acerca de los 15 minutos<\/a> que muchos hab&eacute;is podido ver en salas <strong>3-D<\/strong> de todo el mundo. En fin, momento de las noticias del d&iacute;a recuperadas a la velocidad del rayo. Para comenzar con buen pie hay que recuperar <a href=\"http:\/\/www.comicbookresources.com\/?page=article&amp;id=22635\" target=\"_blank\">una entrevista concedida por Kevin Feige<\/a>, presidente de producci&oacute;n de <strong>Marvel Studios<\/strong>, a <strong>Comic Book Resources<\/strong>. <strong>Feige<\/strong> no lo duda y adelanta, o m&aacute;s bien renueva, el estado de los actuales proyectos que <strong>Marvel Studios<\/strong> tiene entre manos: <a href=\"http:\/\/spanish.imdb.com\/title\/tt1228705\/\" target=\"_blank\">Iron Man 2<\/a> (2010), <a href=\"http:\/\/spanish.imdb.com\/title\/tt0800369\/\" target=\"_blank\">Thor<\/a> (2011), <a href=\"http:\/\/spanish.imdb.com\/title\/tt0458339\/\" target=\"_blank\">The First Avenger: Captain America<\/a> (2011) y <a href=\"http:\/\/spanish.imdb.com\/title\/tt0848228\/\" target=\"_blank\">The Avengers<\/a> (2012). La charla sobre <strong>Iron Man 2<\/strong> es larga y completa, algo de manido debate <a href=\"http:\/\/spanish.imdb.com\/name\/nm0005024\/\" target=\"_blank\">Terrence Howard<\/a> vs. <a href=\"http:\/\/spanish.imdb.com\/name\/nm0000332\/\" target=\"_blank\">Don Cheadle<\/a>, importancia de <a href=\"http:\/\/spanish.imdb.com\/name\/nm0424060\/\" target=\"_blank\">Scarlett Johansson<\/a> que ha firmado para otro buen pu&ntilde;ado de films, se habla de <strong>The Avengers<\/strong> y un <em>spin-off<\/em> de la <strong>Viuda Negra<\/strong>, la espectacularidad del nuevo film y toda la pesca. Luego cambia el tema de la charla y <strong>Feige<\/strong> vuelve a indicar que <a href=\"http:\/\/spanish.imdb.com\/name\/nm0000168\/\" target=\"_blank\">Samuel L. Jackson<\/a>, <strong>Nick Furia<\/strong>, estar&aacute; presente en nueve pel&iacute;culas de la factor&iacute;a. Por ahora ha salido en <a href=\"http:\/\/spanish.imdb.com\/title\/tt0371746\/\" target=\"_blank\">Iron Man<\/a> (2008) y es el personaje conductor que llevar&aacute; a todos lo superh&eacute;roes a converger en el mejunje heroico que resultar&aacute; ser <strong>The Avengers<\/strong>. Sobre cuanto estar&aacute; presente en el film, pues m&aacute;s escaqueo por parte del jefazo de <strong>Marvel Studios<\/strong>. Sin embargo es curioso ver como al plantearse si <strong>Hulk<\/strong> estar&aacute; presente en <strong>The Avengers<\/strong>, <strong>Feige<\/strong> no se corta un pelo y responde &quot;<em>Eso creo. En los c&oacute;mics lo est&aacute;<\/em>&quot;. Para terminar indica que la preproducci&oacute;n de <strong>The First Avenger: Captain America<\/strong> comienza en octubre, ya hay dise&ntilde;adores trabajando en el proyecto y <a href=\"http:\/\/spanish.imdb.com\/name\/nm0002653\/\" target=\"_blank\">Joe Johnston<\/a> se incorporar&aacute; cuando termine con <a href=\"http:\/\/spanish.imdb.com\/title\/tt0780653\/\" target=\"_blank\">The Wolfman<\/a> (2010). Los primeros datos de reparto para esta pel&iacute;cula se comenzar&aacute;n a anunciar dentro de unos cuantos meses&#8230; sabe dios. El rodaje de <strong>Thor<\/strong> se iniciar&aacute; en enero y en la pr&oacute;xima <strong>Comic-Con<\/strong> estar&aacute;n presentes <a href=\"http:\/\/spanish.imdb.com\/name\/nm1089991\/\" target=\"_blank\">Tom Hiddleston<\/a>, <a href=\"http:\/\/spanish.imdb.com\/name\/nm1165110\/\" target=\"_blank\">Chris Hemsworth<\/a> y  <a href=\"http:\/\/spanish.imdb.com\/name\/nm0000204\/\" target=\"_blank\">Natalie Portman<\/a>.<\/p>\n<p class=\"centrado\"><img loading=\"lazy\" decoding=\"async\" src=\"https:\/\/uruloki.org\/felipeblog\/imagesflickr6\/20090823-michael-myers-halloween-2.jpg\" alt=\"Vistazo cristalino de Michael Myers en Halloween 2\" width=\"320\" height=\"535\" border=\"1\" \/><br \/>\n  <em>Vistazo cristalino de Michael Myers en Halloween 2<\/em>\n<\/p>\n<p>Tras este compendio marvelita hay que hablar de <a href=\"http:\/\/spanish.imdb.com\/name\/nm0005212\/\" target=\"_blank\">Ian McKellen<\/a> y <a href=\"http:\/\/www.theonering.net\/torwp\/2009\/08\/23\/33236-hobbit-script-finished-and-at-the-studio\/\" target=\"_blank\">una llena de novedades micro entrevista<\/a> realizada en un pase especial de <strong>El Se&ntilde;or de los Anillos<\/strong> realizado en <strong>Londres<\/strong> la pasada noche. Por lo que se lee en <strong>TheOneRing.net<\/strong>, <strong>McKellen<\/strong> ha confirmado que el gui&oacute;n de <a href=\"http:\/\/spanish.imdb.com\/title\/tt0903624\/\" target=\"_blank\">The Hobbit<\/a> (2011) de <a href=\"http:\/\/spanish.imdb.com\/name\/nm0868219\/\" target=\"_blank\">Guillermo del Toro<\/a> del que habl&oacute; <a href=\"http:\/\/spanish.imdb.com\/name\/nm0001392\/\" target=\"_blank\">Peter Jackson<\/a> en la <strong>Comic-Con<\/strong> como cercano a su finalizaci&oacute;n ya ha sido enviado a los estudios productores. La sorpresa es que el actor indica que le han confirmado que le enviar&aacute;n el primer borrador del gui&oacute;n la semana que viene, que el rodaje se inicia si o si en marzo en <strong>Nueva Zelanda<\/strong> y que, alucinante, ya sabe quien es el elegido para interpretar a <strong>Bilbo Bols&oacute;n<\/strong>. <strong>TheOneRing.net<\/strong> aprovecha la noticia para justificar por qu&eacute; <a href=\"http:\/\/spanish.imdb.com\/name\/nm0564215\/\" target=\"_blank\">James McAvoy<\/a> no ser&aacute; <strong>Bilbo<\/strong>. Arguyen que su pr&oacute;xima participaci&oacute;n en <a href=\"http:\/\/spanish.imdb.com\/title\/tt1306980\/\" target=\"_blank\">I Am With Cancer<\/a> (2010), inicia su rodaje en enero, har&aacute; imposible que est&eacute; preparando el papel del protagonista del libro de <strong>J.R.R. Tolkien<\/strong> con idea de iniciar el rodaje en marzo. &iquest;No <strong>McAvoy<\/strong>? Pues parece ser que no, est&aacute; tambi&eacute;n a punto de cerrar el acuerdo para protagonizar <a href=\"http:\/\/spanish.imdb.com\/title\/tt0968264\/\" target=\"_blank\">The Conspirator<\/a> (2010) de <a href=\"http:\/\/spanish.imdb.com\/name\/nm0000602\/\" target=\"_blank\">Robert Redford<\/a> sobre el asesinato de <strong>Abraham Lincoln<\/strong>.<\/p>\n<p><a href=\"http:\/\/www.dreadcentral.com\/news\/33151\/exclusive-john-landis-and-simon-pegg-to-bring-us-burke-and-hare\" target=\"_blank\">El hasta ma&ntilde;ana lo pone primero DreadCentra.com<\/a> y un comentario de <a href=\"http:\/\/spanish.imdb.com\/name\/nm0000484\/\" target=\"_blank\">John Landis<\/a>. Parece ser que <a href=\"http:\/\/spanish.imdb.com\/name\/nm0670408\/\" target=\"_blank\">Simon Pegg<\/a> ha firmado para protagonizar su pr&oacute;xima pel&iacute;cula, <a href=\"http:\/\/spanish.imdb.com\/title\/tt1320239\/\" target=\"_blank\">Burke and Hare<\/a> (&iquest;?). Basado en un hecho real, <strong>Burke and Hare<\/strong> contar&aacute; la historia <strong>William Burke<\/strong> y <strong>William Hare<\/strong>, dos inmigrantes  irlandeses que fueron acusados de asesinar a 17 personas en <strong>Edimburgo<\/strong> entre los a&ntilde;os 1827 y 1828. La an&eacute;cdota de estos <em>serial killers<\/em> era que vend&iacute;an los cuerpos de sus v&iacute;ctimas a la Facultad de Medicina para poder hacer sus pr&aacute;cticas. <a href=\"http:\/\/www.comingsoon.net\/news\/movienews.php?id=58290\" target=\"_blank\">Segundo y final tenemos a Coming Soon<\/a> indicando que <a href=\"http:\/\/spanish.imdb.com\/name\/nm0568825\/\" target=\"_blank\">Todd McFarlane<\/a> ha confirmado que oficialmente se ha puesto a escribir el gui&oacute;n del nuevo film de <a href=\"http:\/\/spanish.imdb.com\/title\/tt1206546\/\" target=\"_blank\">Spawn<\/a> (&iquest;?) que prepara. <strong>McFarlane<\/strong> promete una pel&iacute;cula dura, <em>R-Rated<\/em> y orientada a un p&uacute;blico adulto. Puede estar bien. <a href=\"http:\/\/www.slashfilm.com\/2009\/08\/23\/dakota-fanning-off-to-oz-as-todd-mcfarlanes-dorothy\/\" target=\"_blank\">Y hablando de Todd McFarlane<\/a>, parece ser que la versi&oacute;n cinematogr&aacute;fica que prepara <strong>Warner Bros.<\/strong> de las grotescas figuras del mundo de <a href=\"http:\/\/spanish.imdb.com\/title\/tt1091233\/\" target=\"_blank\">Oz<\/a> (&iquest;?) creadas por el artista comiquero y empresario sigue viva.<\/p>\n<p><strong class=\"nota\">&nbsp;NOTA&nbsp;<\/strong> La imagen de <strong>Michael Myers<\/strong> sale de <a href=\"http:\/\/blogs.myspace.com\/index.cfm?fuseaction=blog.viewcustom&amp;friendId=28735418&amp;blogId=506800331&amp;swapped=true\" target=\"_blank\">la web de MySpace del se&ntilde;or Rob Zombie<\/a>.<\/p>\n","protected":false},"excerpt":{"rendered":"<p>Bueno, finalmente he podido recopilar unas cuantas interesantes noticias para el cierre de este fin de semana marcado claramente por todo lo que ha rodeado a Avatar (2009) de James Cameron. Primero el trailer con todas las opiniones y segundo vuestras interesantes impresiones acerca de los 15 minutos que muchos hab&eacute;is podido ver en salas [&hellip;]<\/p>\n","protected":false},"author":28,"featured_media":0,"comment_status":"open","ping_status":"open","sticky":false,"template":"","format":"standard","meta":{"footnotes":""},"categories":[10,9,26],"tags":[1024,896,367,1023,880,93,372,123,232],"class_list":["post-3050","post","type-post","status-publish","format-standard","hentry","category-cine-de-comics","category-cine-de-terror","category-gdt","tag-burke-and-hare","tag-halloween-2","tag-iron-man-2","tag-oz","tag-spawn","tag-the-avengers","tag-the-first-avenger-captain-america","tag-the-hobbit","tag-thor"],"yoast_head":"<!-- This site is optimized with the Yoast SEO plugin v24.3 - https:\/\/yoast.com\/wordpress\/plugins\/seo\/ -->\n<title>Un domingo curioso: Kevin Feige habla de Thor, Iron Man 2, The First Avenger: Captain America y &iquest;Hulk en The Avengers?, Ian McKellen casi tiene el gui&oacute;n de The Hobbit y dice saber qui&eacute;n es Bilbo Bols&oacute;n, Todd McFarlane habla de Spawn y Oz y poco m&aacute;s... - Uruloki :: Blog<\/title>\n<meta name=\"robots\" content=\"index, follow, max-snippet:-1, max-image-preview:large, max-video-preview:-1\" \/>\n<link rel=\"canonical\" href=\"https:\/\/www.uruloki.org\/felipeblog\/cine-de-terror\/un-domingo-curioso-kevin-feige-habla-de-thor-iron-man-2-the-first-avenger-captain-america-y-hulk-en-the-avengers-ian-mckellen-casi-tiene-el-guin-de-the-hobbit-y-dice-saber-quiea\" \/>\n<meta property=\"og:locale\" content=\"es_ES\" \/>\n<meta property=\"og:type\" content=\"article\" \/>\n<meta property=\"og:title\" content=\"Un domingo curioso: Kevin Feige habla de Thor, Iron Man 2, The First Avenger: Captain America y &iquest;Hulk en The Avengers?, Ian McKellen casi tiene el gui&oacute;n de The Hobbit y dice saber qui&eacute;n es Bilbo Bols&oacute;n, Todd McFarlane habla de Spawn y Oz y poco m&aacute;s... - Uruloki :: Blog\" \/>\n<meta property=\"og:description\" content=\"Bueno, finalmente he podido recopilar unas cuantas interesantes noticias para el cierre de este fin de semana marcado claramente por todo lo que ha rodeado a Avatar (2009) de James Cameron. Primero el trailer con todas las opiniones y segundo vuestras interesantes impresiones acerca de los 15 minutos que muchos hab&eacute;is podido ver en salas [&hellip;]\" \/>\n<meta property=\"og:url\" content=\"https:\/\/www.uruloki.org\/felipeblog\/cine-de-terror\/un-domingo-curioso-kevin-feige-habla-de-thor-iron-man-2-the-first-avenger-captain-america-y-hulk-en-the-avengers-ian-mckellen-casi-tiene-el-guin-de-the-hobbit-y-dice-saber-quiea\" \/>\n<meta property=\"og:site_name\" content=\"Uruloki :: Blog\" \/>\n<meta property=\"article:publisher\" content=\"https:\/\/www.facebook.com\/uruloki.org\" \/>\n<meta property=\"article:published_time\" content=\"2009-08-23T22:42:16+00:00\" \/>\n<meta property=\"og:image\" content=\"https:\/\/uruloki.org\/felipeblog\/imagesflickr6\/20090823-michael-myers-halloween-2.jpg\" \/>\n<meta name=\"author\" content=\"Uruloki\" \/>\n<meta name=\"twitter:card\" content=\"summary_large_image\" \/>\n<meta name=\"twitter:creator\" content=\"@uruloki\" \/>\n<meta name=\"twitter:site\" content=\"@uruloki\" \/>\n<meta name=\"twitter:label1\" content=\"Escrito por\" \/>\n\t<meta name=\"twitter:data1\" content=\"Uruloki\" \/>\n\t<meta name=\"twitter:label2\" content=\"Tiempo de lectura\" \/>\n\t<meta name=\"twitter:data2\" content=\"4 minutos\" \/>\n<script type=\"application\/ld+json\" class=\"yoast-schema-graph\">{\"@context\":\"https:\/\/schema.org\",\"@graph\":[{\"@type\":\"WebPage\",\"@id\":\"https:\/\/www.uruloki.org\/felipeblog\/cine-de-terror\/un-domingo-curioso-kevin-feige-habla-de-thor-iron-man-2-the-first-avenger-captain-america-y-hulk-en-the-avengers-ian-mckellen-casi-tiene-el-guin-de-the-hobbit-y-dice-saber-quiea\",\"url\":\"https:\/\/www.uruloki.org\/felipeblog\/cine-de-terror\/un-domingo-curioso-kevin-feige-habla-de-thor-iron-man-2-the-first-avenger-captain-america-y-hulk-en-the-avengers-ian-mckellen-casi-tiene-el-guin-de-the-hobbit-y-dice-saber-quiea\",\"name\":\"Un domingo curioso: Kevin Feige habla de Thor, Iron Man 2, The First Avenger: Captain America y &iquest;Hulk en The Avengers?, Ian McKellen casi tiene el gui&oacute;n de The Hobbit y dice saber qui&eacute;n es Bilbo Bols&oacute;n, Todd McFarlane habla de Spawn y Oz y poco m&aacute;s... - Uruloki :: Blog\",\"isPartOf\":{\"@id\":\"https:\/\/www.uruloki.org\/felipeblog\/#website\"},\"primaryImageOfPage\":{\"@id\":\"https:\/\/www.uruloki.org\/felipeblog\/cine-de-terror\/un-domingo-curioso-kevin-feige-habla-de-thor-iron-man-2-the-first-avenger-captain-america-y-hulk-en-the-avengers-ian-mckellen-casi-tiene-el-guin-de-the-hobbit-y-dice-saber-quiea#primaryimage\"},\"image\":{\"@id\":\"https:\/\/www.uruloki.org\/felipeblog\/cine-de-terror\/un-domingo-curioso-kevin-feige-habla-de-thor-iron-man-2-the-first-avenger-captain-america-y-hulk-en-the-avengers-ian-mckellen-casi-tiene-el-guin-de-the-hobbit-y-dice-saber-quiea#primaryimage\"},\"thumbnailUrl\":\"https:\/\/uruloki.org\/felipeblog\/imagesflickr6\/20090823-michael-myers-halloween-2.jpg\",\"datePublished\":\"2009-08-23T22:42:16+00:00\",\"dateModified\":\"2009-08-23T22:42:16+00:00\",\"author\":{\"@id\":\"https:\/\/www.uruloki.org\/felipeblog\/#\/schema\/person\/ddba06ddaa27edf0c370460d05c51bb3\"},\"breadcrumb\":{\"@id\":\"https:\/\/www.uruloki.org\/felipeblog\/cine-de-terror\/un-domingo-curioso-kevin-feige-habla-de-thor-iron-man-2-the-first-avenger-captain-america-y-hulk-en-the-avengers-ian-mckellen-casi-tiene-el-guin-de-the-hobbit-y-dice-saber-quiea#breadcrumb\"},\"inLanguage\":\"es\",\"potentialAction\":[{\"@type\":\"ReadAction\",\"target\":[\"https:\/\/www.uruloki.org\/felipeblog\/cine-de-terror\/un-domingo-curioso-kevin-feige-habla-de-thor-iron-man-2-the-first-avenger-captain-america-y-hulk-en-the-avengers-ian-mckellen-casi-tiene-el-guin-de-the-hobbit-y-dice-saber-quiea\"]}]},{\"@type\":\"ImageObject\",\"inLanguage\":\"es\",\"@id\":\"https:\/\/www.uruloki.org\/felipeblog\/cine-de-terror\/un-domingo-curioso-kevin-feige-habla-de-thor-iron-man-2-the-first-avenger-captain-america-y-hulk-en-the-avengers-ian-mckellen-casi-tiene-el-guin-de-the-hobbit-y-dice-saber-quiea#primaryimage\",\"url\":\"https:\/\/uruloki.org\/felipeblog\/imagesflickr6\/20090823-michael-myers-halloween-2.jpg\",\"contentUrl\":\"https:\/\/uruloki.org\/felipeblog\/imagesflickr6\/20090823-michael-myers-halloween-2.jpg\"},{\"@type\":\"BreadcrumbList\",\"@id\":\"https:\/\/www.uruloki.org\/felipeblog\/cine-de-terror\/un-domingo-curioso-kevin-feige-habla-de-thor-iron-man-2-the-first-avenger-captain-america-y-hulk-en-the-avengers-ian-mckellen-casi-tiene-el-guin-de-the-hobbit-y-dice-saber-quiea#breadcrumb\",\"itemListElement\":[{\"@type\":\"ListItem\",\"position\":1,\"name\":\"Portada\",\"item\":\"https:\/\/www.uruloki.org\/felipeblog\"},{\"@type\":\"ListItem\",\"position\":2,\"name\":\"Un domingo curioso: Kevin Feige habla de Thor, Iron Man 2, The First Avenger: Captain America y &iquest;Hulk en The Avengers?, Ian McKellen casi tiene el gui&oacute;n de The Hobbit y dice saber qui&eacute;n es Bilbo Bols&oacute;n, Todd McFarlane habla de Spawn y Oz y poco m&aacute;s&#8230;\"}]},{\"@type\":\"WebSite\",\"@id\":\"https:\/\/www.uruloki.org\/felipeblog\/#website\",\"url\":\"https:\/\/www.uruloki.org\/felipeblog\/\",\"name\":\"Uruloki :: Blog\",\"description\":\"Blog de cine, terror, ciencia ficci\u00f3n, fantas\u00eda y c\u00f3mics\",\"potentialAction\":[{\"@type\":\"SearchAction\",\"target\":{\"@type\":\"EntryPoint\",\"urlTemplate\":\"https:\/\/www.uruloki.org\/felipeblog\/?s={search_term_string}\"},\"query-input\":{\"@type\":\"PropertyValueSpecification\",\"valueRequired\":true,\"valueName\":\"search_term_string\"}}],\"inLanguage\":\"es\"},{\"@type\":\"Person\",\"@id\":\"https:\/\/www.uruloki.org\/felipeblog\/#\/schema\/person\/ddba06ddaa27edf0c370460d05c51bb3\",\"name\":\"Uruloki\",\"image\":{\"@type\":\"ImageObject\",\"inLanguage\":\"es\",\"@id\":\"https:\/\/www.uruloki.org\/felipeblog\/#\/schema\/person\/image\/\",\"url\":\"https:\/\/secure.gravatar.com\/avatar\/68d5301c5f52ba88fd63f02c75b8c4d1b3c3fc4b21e2998a1e98c4b3a54d9f7c?s=96&d=mm&r=g\",\"contentUrl\":\"https:\/\/secure.gravatar.com\/avatar\/68d5301c5f52ba88fd63f02c75b8c4d1b3c3fc4b21e2998a1e98c4b3a54d9f7c?s=96&d=mm&r=g\",\"caption\":\"Uruloki\"},\"sameAs\":[\"https:\/\/uruloki.org\"],\"url\":\"https:\/\/www.uruloki.org\/felipeblog\/author\/admin-2-2-2\"}]}<\/script>\n<!-- \/ Yoast SEO plugin. -->","yoast_head_json":{"title":"Un domingo curioso: Kevin Feige habla de Thor, Iron Man 2, The First Avenger: Captain America y &iquest;Hulk en The Avengers?, Ian McKellen casi tiene el gui&oacute;n de The Hobbit y dice saber qui&eacute;n es Bilbo Bols&oacute;n, Todd McFarlane habla de Spawn y Oz y poco m&aacute;s... - Uruloki :: Blog","robots":{"index":"index","follow":"follow","max-snippet":"max-snippet:-1","max-image-preview":"max-image-preview:large","max-video-preview":"max-video-preview:-1"},"canonical":"https:\/\/www.uruloki.org\/felipeblog\/cine-de-terror\/un-domingo-curioso-kevin-feige-habla-de-thor-iron-man-2-the-first-avenger-captain-america-y-hulk-en-the-avengers-ian-mckellen-casi-tiene-el-guin-de-the-hobbit-y-dice-saber-quiea","og_locale":"es_ES","og_type":"article","og_title":"Un domingo curioso: Kevin Feige habla de Thor, Iron Man 2, The First Avenger: Captain America y &iquest;Hulk en The Avengers?, Ian McKellen casi tiene el gui&oacute;n de The Hobbit y dice saber qui&eacute;n es Bilbo Bols&oacute;n, Todd McFarlane habla de Spawn y Oz y poco m&aacute;s... - Uruloki :: Blog","og_description":"Bueno, finalmente he podido recopilar unas cuantas interesantes noticias para el cierre de este fin de semana marcado claramente por todo lo que ha rodeado a Avatar (2009) de James Cameron. Primero el trailer con todas las opiniones y segundo vuestras interesantes impresiones acerca de los 15 minutos que muchos hab&eacute;is podido ver en salas [&hellip;]","og_url":"https:\/\/www.uruloki.org\/felipeblog\/cine-de-terror\/un-domingo-curioso-kevin-feige-habla-de-thor-iron-man-2-the-first-avenger-captain-america-y-hulk-en-the-avengers-ian-mckellen-casi-tiene-el-guin-de-the-hobbit-y-dice-saber-quiea","og_site_name":"Uruloki :: Blog","article_publisher":"https:\/\/www.facebook.com\/uruloki.org","article_published_time":"2009-08-23T22:42:16+00:00","og_image":[{"url":"https:\/\/uruloki.org\/felipeblog\/imagesflickr6\/20090823-michael-myers-halloween-2.jpg","type":"","width":"","height":""}],"author":"Uruloki","twitter_card":"summary_large_image","twitter_creator":"@uruloki","twitter_site":"@uruloki","twitter_misc":{"Escrito por":"Uruloki","Tiempo de lectura":"4 minutos"},"schema":{"@context":"https:\/\/schema.org","@graph":[{"@type":"WebPage","@id":"https:\/\/www.uruloki.org\/felipeblog\/cine-de-terror\/un-domingo-curioso-kevin-feige-habla-de-thor-iron-man-2-the-first-avenger-captain-america-y-hulk-en-the-avengers-ian-mckellen-casi-tiene-el-guin-de-the-hobbit-y-dice-saber-quiea","url":"https:\/\/www.uruloki.org\/felipeblog\/cine-de-terror\/un-domingo-curioso-kevin-feige-habla-de-thor-iron-man-2-the-first-avenger-captain-america-y-hulk-en-the-avengers-ian-mckellen-casi-tiene-el-guin-de-the-hobbit-y-dice-saber-quiea","name":"Un domingo curioso: Kevin Feige habla de Thor, Iron Man 2, The First Avenger: Captain America y &iquest;Hulk en The Avengers?, Ian McKellen casi tiene el gui&oacute;n de The Hobbit y dice saber qui&eacute;n es Bilbo Bols&oacute;n, Todd McFarlane habla de Spawn y Oz y poco m&aacute;s... - Uruloki :: Blog","isPartOf":{"@id":"https:\/\/www.uruloki.org\/felipeblog\/#website"},"primaryImageOfPage":{"@id":"https:\/\/www.uruloki.org\/felipeblog\/cine-de-terror\/un-domingo-curioso-kevin-feige-habla-de-thor-iron-man-2-the-first-avenger-captain-america-y-hulk-en-the-avengers-ian-mckellen-casi-tiene-el-guin-de-the-hobbit-y-dice-saber-quiea#primaryimage"},"image":{"@id":"https:\/\/www.uruloki.org\/felipeblog\/cine-de-terror\/un-domingo-curioso-kevin-feige-habla-de-thor-iron-man-2-the-first-avenger-captain-america-y-hulk-en-the-avengers-ian-mckellen-casi-tiene-el-guin-de-the-hobbit-y-dice-saber-quiea#primaryimage"},"thumbnailUrl":"https:\/\/uruloki.org\/felipeblog\/imagesflickr6\/20090823-michael-myers-halloween-2.jpg","datePublished":"2009-08-23T22:42:16+00:00","dateModified":"2009-08-23T22:42:16+00:00","author":{"@id":"https:\/\/www.uruloki.org\/felipeblog\/#\/schema\/person\/ddba06ddaa27edf0c370460d05c51bb3"},"breadcrumb":{"@id":"https:\/\/www.uruloki.org\/felipeblog\/cine-de-terror\/un-domingo-curioso-kevin-feige-habla-de-thor-iron-man-2-the-first-avenger-captain-america-y-hulk-en-the-avengers-ian-mckellen-casi-tiene-el-guin-de-the-hobbit-y-dice-saber-quiea#breadcrumb"},"inLanguage":"es","potentialAction":[{"@type":"ReadAction","target":["https:\/\/www.uruloki.org\/felipeblog\/cine-de-terror\/un-domingo-curioso-kevin-feige-habla-de-thor-iron-man-2-the-first-avenger-captain-america-y-hulk-en-the-avengers-ian-mckellen-casi-tiene-el-guin-de-the-hobbit-y-dice-saber-quiea"]}]},{"@type":"ImageObject","inLanguage":"es","@id":"https:\/\/www.uruloki.org\/felipeblog\/cine-de-terror\/un-domingo-curioso-kevin-feige-habla-de-thor-iron-man-2-the-first-avenger-captain-america-y-hulk-en-the-avengers-ian-mckellen-casi-tiene-el-guin-de-the-hobbit-y-dice-saber-quiea#primaryimage","url":"https:\/\/uruloki.org\/felipeblog\/imagesflickr6\/20090823-michael-myers-halloween-2.jpg","contentUrl":"https:\/\/uruloki.org\/felipeblog\/imagesflickr6\/20090823-michael-myers-halloween-2.jpg"},{"@type":"BreadcrumbList","@id":"https:\/\/www.uruloki.org\/felipeblog\/cine-de-terror\/un-domingo-curioso-kevin-feige-habla-de-thor-iron-man-2-the-first-avenger-captain-america-y-hulk-en-the-avengers-ian-mckellen-casi-tiene-el-guin-de-the-hobbit-y-dice-saber-quiea#breadcrumb","itemListElement":[{"@type":"ListItem","position":1,"name":"Portada","item":"https:\/\/www.uruloki.org\/felipeblog"},{"@type":"ListItem","position":2,"name":"Un domingo curioso: Kevin Feige habla de Thor, Iron Man 2, The First Avenger: Captain America y &iquest;Hulk en The Avengers?, Ian McKellen casi tiene el gui&oacute;n de The Hobbit y dice saber qui&eacute;n es Bilbo Bols&oacute;n, Todd McFarlane habla de Spawn y Oz y poco m&aacute;s&#8230;"}]},{"@type":"WebSite","@id":"https:\/\/www.uruloki.org\/felipeblog\/#website","url":"https:\/\/www.uruloki.org\/felipeblog\/","name":"Uruloki :: Blog","description":"Blog de cine, terror, ciencia ficci\u00f3n, fantas\u00eda y c\u00f3mics","potentialAction":[{"@type":"SearchAction","target":{"@type":"EntryPoint","urlTemplate":"https:\/\/www.uruloki.org\/felipeblog\/?s={search_term_string}"},"query-input":{"@type":"PropertyValueSpecification","valueRequired":true,"valueName":"search_term_string"}}],"inLanguage":"es"},{"@type":"Person","@id":"https:\/\/www.uruloki.org\/felipeblog\/#\/schema\/person\/ddba06ddaa27edf0c370460d05c51bb3","name":"Uruloki","image":{"@type":"ImageObject","inLanguage":"es","@id":"https:\/\/www.uruloki.org\/felipeblog\/#\/schema\/person\/image\/","url":"https:\/\/secure.gravatar.com\/avatar\/68d5301c5f52ba88fd63f02c75b8c4d1b3c3fc4b21e2998a1e98c4b3a54d9f7c?s=96&d=mm&r=g","contentUrl":"https:\/\/secure.gravatar.com\/avatar\/68d5301c5f52ba88fd63f02c75b8c4d1b3c3fc4b21e2998a1e98c4b3a54d9f7c?s=96&d=mm&r=g","caption":"Uruloki"},"sameAs":["https:\/\/uruloki.org"],"url":"https:\/\/www.uruloki.org\/felipeblog\/author\/admin-2-2-2"}]}},"_links":{"self":[{"href":"https:\/\/www.uruloki.org\/felipeblog\/wp-json\/wp\/v2\/posts\/3050","targetHints":{"allow":["GET"]}}],"collection":[{"href":"https:\/\/www.uruloki.org\/felipeblog\/wp-json\/wp\/v2\/posts"}],"about":[{"href":"https:\/\/www.uruloki.org\/felipeblog\/wp-json\/wp\/v2\/types\/post"}],"author":[{"embeddable":true,"href":"https:\/\/www.uruloki.org\/felipeblog\/wp-json\/wp\/v2\/users\/28"}],"replies":[{"embeddable":true,"href":"https:\/\/www.uruloki.org\/felipeblog\/wp-json\/wp\/v2\/comments?post=3050"}],"version-history":[{"count":1,"href":"https:\/\/www.uruloki.org\/felipeblog\/wp-json\/wp\/v2\/posts\/3050\/revisions"}],"predecessor-version":[{"id":3051,"href":"https:\/\/www.uruloki.org\/felipeblog\/wp-json\/wp\/v2\/posts\/3050\/revisions\/3051"}],"wp:attachment":[{"href":"https:\/\/www.uruloki.org\/felipeblog\/wp-json\/wp\/v2\/media?parent=3050"}],"wp:term":[{"taxonomy":"category","embeddable":true,"href":"https:\/\/www.uruloki.org\/felipeblog\/wp-json\/wp\/v2\/categories?post=3050"},{"taxonomy":"post_tag","embeddable":true,"href":"https:\/\/www.uruloki.org\/felipeblog\/wp-json\/wp\/v2\/tags?post=3050"}],"curies":[{"name":"wp","href":"https:\/\/api.w.org\/{rel}","templated":true}]}}