{"id":2997,"date":"2009-08-14T08:46:57","date_gmt":"2009-08-14T07:46:57","guid":{"rendered":"https:\/\/uruloki.org\/felipeblog\/?p=2997"},"modified":"2009-08-14T09:10:27","modified_gmt":"2009-08-14T08:10:27","slug":"lista-de-cines-donde-se-celebrar-el-avatar-day-en-espaa","status":"publish","type":"post","link":"https:\/\/www.uruloki.org\/felipeblog\/cine-de-ciencia-ficcion\/lista-de-cines-donde-se-celebrar-el-avatar-day-en-espaa","title":{"rendered":"Lista de cines donde se celebrar&aacute; el Avatar Day en Espa&ntilde;a&#8230;"},"content":{"rendered":"<p>Gracias al &uacute;ltimo comentario de <a href=\"http:\/\/www.ExpedientesX.es\" target=\"_blank\">xMeNux<\/a> nos enteramos de los cines de <strong>Espa&ntilde;a<\/strong> donde se celebrar&aacute; el ansiado y anunciado a bombo y platillo <strong>Avatar Day<\/strong>&#8230; el d&iacute;a donde algunos afortunados podr&aacute;n ver <strong>15 minutos<\/strong> de <a href=\"http:\/\/spanish.imdb.com\/title\/tt0499549\/\" target=\"_blank\">Avatar<\/a> (2009) de <a href=\"http:\/\/spanish.imdb.com\/name\/nm0000116\/\" target=\"_blank\">James Cameron<\/a> haciendo uso de salas <strong>3-D<\/strong> de &uacute;ltima generaci&oacute;n. Recordad que este d&iacute;a es el pr&oacute;ximo <strong>21 de agosto<\/strong>.<\/p>\n<p class=\"centrado\"><img loading=\"lazy\" decoding=\"async\" src=\"https:\/\/uruloki.org\/felipeblog\/imagesflickr6\/20090814-avatar-logo.jpg\" alt=\"Logo de Avatar de James Cameron\" width=\"484\" height=\"123\" \/><br \/>\n<em>Logo de Avatar de James Cameron<\/em><\/p>\n<p>Las webs oficiales de <a href=\"http:\/\/www.yelmocines.es\/node\/6013\" target=\"_blank\">Yelmon Cineplex<\/a> y <a href=\"http:\/\/www.cinesa.es\/cartelera\/cartelera_ficha.aspx?id=6689\" target=\"_blank\">Cinesa<\/a> nos indican los cines y condiciones previas al magno d&iacute;a. Los cines donde se proyectar&aacute;n los 15 minutos de <strong>Avatar<\/strong> son:<\/p>\n<ul>\n<li><strong>Cinesa<\/strong>: <span id=\"ctl00_ContenidoHolder_FichaPelicula_SpanSinopsis\">CINESA Diagonal (Barcelona), CINESA Proyecciones (Madrid), CINESA Festival Park (Palma de Mallorca) y CINESA Artea (Bizkaia) <\/span>.<\/li>\n<li><strong>Yelmo Cineplex<\/strong>:   Plaza Mayor (M&aacute;laga),  Plaza Imperial (Zaragoza)  y Vigo (Vigo).<\/li>\n<\/ul>\n<p><strong>Cinesa<\/strong> tambi&eacute;n nos avisa que <span id=\"ctl00_ContenidoHolder_FichaPelicula_SpanSinopsis2\">debemos recoger las entradas <strong>gratuitas<\/strong> en taquilla <strong>a partir del 18 de agosto<\/strong>, martes, y que como m&aacute;ximo podremos adquirir <strong>2 entradas por persona<\/strong><\/span>. <strong>Yelmo<\/strong> no dice nada pero es de suponer que las condiciones ser&aacute;n las mismas. Tampoco se indican el n&uacute;mero de plazas disponibles, as&iacute; que podemos estar ante una batalla campal con interminables colas de aficionados que quieran ver el metraje. Lo bueno, que algunos podr&aacute;n verlo, lo malo, muy pocos cines y mucha menos informaci&oacute;n&#8230; &iquest;a que hora se emitir&aacute; el metraje? No es lo mismo a las 16:00 que a las 22:00. Adem&aacute;s, parece no haber posibilidad de reserva de las entradas por internet, para los que trabajan se pone la cosa m&aacute;s complicada teniendo en cuenta la &eacute;poca estival y el tiempo libre que tendr&aacute; mucha gente para hacer cola.<\/p>\n<p>A todos los que pod&aacute;is ver los 15 minutos os deseo el mayor de los disfrutes. A todos aquellos que les apetezca y que tengan la oportunidad de ver el metraje  os invito a que me cont&eacute;is v&iacute;a email vuestra experiencia. Creo que un par de frases, aquello que os haya llamado la atenci&oacute;n, etc., ser&iacute;a lo idea para comentar. Si me lo mand&aacute;is por email podr&eacute; publicar un post con vuestras opiniones. Si os anim&aacute;is enviad un correo a <strong>uruloki punto org arroba gmail punto com<\/strong> indicando en asunto <strong>Avatar Day<\/strong> e indicando nombre \/ nick, web si ten&eacute;is y vuestro comentario &#8211; 140 caracteres ser&iacute;a lo ideal. El domingo 23 podr&iacute;a ser un buen d&iacute;a para publicarlo y que todo el mundo lea las reacciones del p&uacute;blico!<\/p>\n","protected":false},"excerpt":{"rendered":"<p>Gracias al &uacute;ltimo comentario de xMeNux nos enteramos de los cines de Espa&ntilde;a donde se celebrar&aacute; el ansiado y anunciado a bombo y platillo Avatar Day&#8230; el d&iacute;a donde algunos afortunados podr&aacute;n ver 15 minutos de Avatar (2009) de James Cameron haciendo uso de salas 3-D de &uacute;ltima generaci&oacute;n. Recordad que este d&iacute;a es el [&hellip;]<\/p>\n","protected":false},"author":28,"featured_media":0,"comment_status":"open","ping_status":"open","sticky":false,"template":"","format":"standard","meta":{"footnotes":""},"categories":[8],"tags":[405],"class_list":["post-2997","post","type-post","status-publish","format-standard","hentry","category-cine-de-ciencia-ficcion","tag-avatar"],"yoast_head":"<!-- This site is optimized with the Yoast SEO plugin v24.3 - https:\/\/yoast.com\/wordpress\/plugins\/seo\/ -->\n<title>Lista de cines donde se celebrar&aacute; el Avatar Day en Espa&ntilde;a... - Uruloki :: Blog<\/title>\n<meta name=\"robots\" content=\"index, follow, max-snippet:-1, max-image-preview:large, max-video-preview:-1\" \/>\n<link rel=\"canonical\" href=\"https:\/\/www.uruloki.org\/felipeblog\/cine-de-ciencia-ficcion\/lista-de-cines-donde-se-celebrar-el-avatar-day-en-espaa\" \/>\n<meta property=\"og:locale\" content=\"es_ES\" \/>\n<meta property=\"og:type\" content=\"article\" \/>\n<meta property=\"og:title\" content=\"Lista de cines donde se celebrar&aacute; el Avatar Day en Espa&ntilde;a... - Uruloki :: Blog\" \/>\n<meta property=\"og:description\" content=\"Gracias al &uacute;ltimo comentario de xMeNux nos enteramos de los cines de Espa&ntilde;a donde se celebrar&aacute; el ansiado y anunciado a bombo y platillo Avatar Day&#8230; el d&iacute;a donde algunos afortunados podr&aacute;n ver 15 minutos de Avatar (2009) de James Cameron haciendo uso de salas 3-D de &uacute;ltima generaci&oacute;n. Recordad que este d&iacute;a es el [&hellip;]\" \/>\n<meta property=\"og:url\" content=\"https:\/\/www.uruloki.org\/felipeblog\/cine-de-ciencia-ficcion\/lista-de-cines-donde-se-celebrar-el-avatar-day-en-espaa\" \/>\n<meta property=\"og:site_name\" content=\"Uruloki :: Blog\" \/>\n<meta property=\"article:publisher\" content=\"https:\/\/www.facebook.com\/uruloki.org\" \/>\n<meta property=\"article:published_time\" content=\"2009-08-14T07:46:57+00:00\" \/>\n<meta property=\"article:modified_time\" content=\"2009-08-14T08:10:27+00:00\" \/>\n<meta property=\"og:image\" content=\"https:\/\/uruloki.org\/felipeblog\/imagesflickr6\/20090814-avatar-logo.jpg\" \/>\n<meta name=\"author\" content=\"Uruloki\" \/>\n<meta name=\"twitter:card\" content=\"summary_large_image\" \/>\n<meta name=\"twitter:creator\" content=\"@uruloki\" \/>\n<meta name=\"twitter:site\" content=\"@uruloki\" \/>\n<meta name=\"twitter:label1\" content=\"Escrito por\" \/>\n\t<meta name=\"twitter:data1\" content=\"Uruloki\" \/>\n\t<meta name=\"twitter:label2\" content=\"Tiempo de lectura\" \/>\n\t<meta name=\"twitter:data2\" content=\"2 minutos\" \/>\n<script type=\"application\/ld+json\" class=\"yoast-schema-graph\">{\"@context\":\"https:\/\/schema.org\",\"@graph\":[{\"@type\":\"WebPage\",\"@id\":\"https:\/\/www.uruloki.org\/felipeblog\/cine-de-ciencia-ficcion\/lista-de-cines-donde-se-celebrar-el-avatar-day-en-espaa\",\"url\":\"https:\/\/www.uruloki.org\/felipeblog\/cine-de-ciencia-ficcion\/lista-de-cines-donde-se-celebrar-el-avatar-day-en-espaa\",\"name\":\"Lista de cines donde se celebrar&aacute; el Avatar Day en Espa&ntilde;a... - Uruloki :: Blog\",\"isPartOf\":{\"@id\":\"https:\/\/www.uruloki.org\/felipeblog\/#website\"},\"primaryImageOfPage\":{\"@id\":\"https:\/\/www.uruloki.org\/felipeblog\/cine-de-ciencia-ficcion\/lista-de-cines-donde-se-celebrar-el-avatar-day-en-espaa#primaryimage\"},\"image\":{\"@id\":\"https:\/\/www.uruloki.org\/felipeblog\/cine-de-ciencia-ficcion\/lista-de-cines-donde-se-celebrar-el-avatar-day-en-espaa#primaryimage\"},\"thumbnailUrl\":\"https:\/\/uruloki.org\/felipeblog\/imagesflickr6\/20090814-avatar-logo.jpg\",\"datePublished\":\"2009-08-14T07:46:57+00:00\",\"dateModified\":\"2009-08-14T08:10:27+00:00\",\"author\":{\"@id\":\"https:\/\/www.uruloki.org\/felipeblog\/#\/schema\/person\/ddba06ddaa27edf0c370460d05c51bb3\"},\"breadcrumb\":{\"@id\":\"https:\/\/www.uruloki.org\/felipeblog\/cine-de-ciencia-ficcion\/lista-de-cines-donde-se-celebrar-el-avatar-day-en-espaa#breadcrumb\"},\"inLanguage\":\"es\",\"potentialAction\":[{\"@type\":\"ReadAction\",\"target\":[\"https:\/\/www.uruloki.org\/felipeblog\/cine-de-ciencia-ficcion\/lista-de-cines-donde-se-celebrar-el-avatar-day-en-espaa\"]}]},{\"@type\":\"ImageObject\",\"inLanguage\":\"es\",\"@id\":\"https:\/\/www.uruloki.org\/felipeblog\/cine-de-ciencia-ficcion\/lista-de-cines-donde-se-celebrar-el-avatar-day-en-espaa#primaryimage\",\"url\":\"https:\/\/uruloki.org\/felipeblog\/imagesflickr6\/20090814-avatar-logo.jpg\",\"contentUrl\":\"https:\/\/uruloki.org\/felipeblog\/imagesflickr6\/20090814-avatar-logo.jpg\"},{\"@type\":\"BreadcrumbList\",\"@id\":\"https:\/\/www.uruloki.org\/felipeblog\/cine-de-ciencia-ficcion\/lista-de-cines-donde-se-celebrar-el-avatar-day-en-espaa#breadcrumb\",\"itemListElement\":[{\"@type\":\"ListItem\",\"position\":1,\"name\":\"Portada\",\"item\":\"https:\/\/www.uruloki.org\/felipeblog\"},{\"@type\":\"ListItem\",\"position\":2,\"name\":\"Lista de cines donde se celebrar&aacute; el Avatar Day en Espa&ntilde;a&#8230;\"}]},{\"@type\":\"WebSite\",\"@id\":\"https:\/\/www.uruloki.org\/felipeblog\/#website\",\"url\":\"https:\/\/www.uruloki.org\/felipeblog\/\",\"name\":\"Uruloki :: Blog\",\"description\":\"Blog de cine, terror, ciencia ficci\u00f3n, fantas\u00eda y c\u00f3mics\",\"potentialAction\":[{\"@type\":\"SearchAction\",\"target\":{\"@type\":\"EntryPoint\",\"urlTemplate\":\"https:\/\/www.uruloki.org\/felipeblog\/?s={search_term_string}\"},\"query-input\":{\"@type\":\"PropertyValueSpecification\",\"valueRequired\":true,\"valueName\":\"search_term_string\"}}],\"inLanguage\":\"es\"},{\"@type\":\"Person\",\"@id\":\"https:\/\/www.uruloki.org\/felipeblog\/#\/schema\/person\/ddba06ddaa27edf0c370460d05c51bb3\",\"name\":\"Uruloki\",\"image\":{\"@type\":\"ImageObject\",\"inLanguage\":\"es\",\"@id\":\"https:\/\/www.uruloki.org\/felipeblog\/#\/schema\/person\/image\/\",\"url\":\"https:\/\/secure.gravatar.com\/avatar\/68d5301c5f52ba88fd63f02c75b8c4d1b3c3fc4b21e2998a1e98c4b3a54d9f7c?s=96&d=mm&r=g\",\"contentUrl\":\"https:\/\/secure.gravatar.com\/avatar\/68d5301c5f52ba88fd63f02c75b8c4d1b3c3fc4b21e2998a1e98c4b3a54d9f7c?s=96&d=mm&r=g\",\"caption\":\"Uruloki\"},\"sameAs\":[\"https:\/\/uruloki.org\"],\"url\":\"https:\/\/www.uruloki.org\/felipeblog\/author\/admin-2-2-2\"}]}<\/script>\n<!-- \/ Yoast SEO plugin. -->","yoast_head_json":{"title":"Lista de cines donde se celebrar&aacute; el Avatar Day en Espa&ntilde;a... - Uruloki :: Blog","robots":{"index":"index","follow":"follow","max-snippet":"max-snippet:-1","max-image-preview":"max-image-preview:large","max-video-preview":"max-video-preview:-1"},"canonical":"https:\/\/www.uruloki.org\/felipeblog\/cine-de-ciencia-ficcion\/lista-de-cines-donde-se-celebrar-el-avatar-day-en-espaa","og_locale":"es_ES","og_type":"article","og_title":"Lista de cines donde se celebrar&aacute; el Avatar Day en Espa&ntilde;a... - Uruloki :: Blog","og_description":"Gracias al &uacute;ltimo comentario de xMeNux nos enteramos de los cines de Espa&ntilde;a donde se celebrar&aacute; el ansiado y anunciado a bombo y platillo Avatar Day&#8230; el d&iacute;a donde algunos afortunados podr&aacute;n ver 15 minutos de Avatar (2009) de James Cameron haciendo uso de salas 3-D de &uacute;ltima generaci&oacute;n. Recordad que este d&iacute;a es el [&hellip;]","og_url":"https:\/\/www.uruloki.org\/felipeblog\/cine-de-ciencia-ficcion\/lista-de-cines-donde-se-celebrar-el-avatar-day-en-espaa","og_site_name":"Uruloki :: Blog","article_publisher":"https:\/\/www.facebook.com\/uruloki.org","article_published_time":"2009-08-14T07:46:57+00:00","article_modified_time":"2009-08-14T08:10:27+00:00","og_image":[{"url":"https:\/\/uruloki.org\/felipeblog\/imagesflickr6\/20090814-avatar-logo.jpg","type":"","width":"","height":""}],"author":"Uruloki","twitter_card":"summary_large_image","twitter_creator":"@uruloki","twitter_site":"@uruloki","twitter_misc":{"Escrito por":"Uruloki","Tiempo de lectura":"2 minutos"},"schema":{"@context":"https:\/\/schema.org","@graph":[{"@type":"WebPage","@id":"https:\/\/www.uruloki.org\/felipeblog\/cine-de-ciencia-ficcion\/lista-de-cines-donde-se-celebrar-el-avatar-day-en-espaa","url":"https:\/\/www.uruloki.org\/felipeblog\/cine-de-ciencia-ficcion\/lista-de-cines-donde-se-celebrar-el-avatar-day-en-espaa","name":"Lista de cines donde se celebrar&aacute; el Avatar Day en Espa&ntilde;a... - Uruloki :: Blog","isPartOf":{"@id":"https:\/\/www.uruloki.org\/felipeblog\/#website"},"primaryImageOfPage":{"@id":"https:\/\/www.uruloki.org\/felipeblog\/cine-de-ciencia-ficcion\/lista-de-cines-donde-se-celebrar-el-avatar-day-en-espaa#primaryimage"},"image":{"@id":"https:\/\/www.uruloki.org\/felipeblog\/cine-de-ciencia-ficcion\/lista-de-cines-donde-se-celebrar-el-avatar-day-en-espaa#primaryimage"},"thumbnailUrl":"https:\/\/uruloki.org\/felipeblog\/imagesflickr6\/20090814-avatar-logo.jpg","datePublished":"2009-08-14T07:46:57+00:00","dateModified":"2009-08-14T08:10:27+00:00","author":{"@id":"https:\/\/www.uruloki.org\/felipeblog\/#\/schema\/person\/ddba06ddaa27edf0c370460d05c51bb3"},"breadcrumb":{"@id":"https:\/\/www.uruloki.org\/felipeblog\/cine-de-ciencia-ficcion\/lista-de-cines-donde-se-celebrar-el-avatar-day-en-espaa#breadcrumb"},"inLanguage":"es","potentialAction":[{"@type":"ReadAction","target":["https:\/\/www.uruloki.org\/felipeblog\/cine-de-ciencia-ficcion\/lista-de-cines-donde-se-celebrar-el-avatar-day-en-espaa"]}]},{"@type":"ImageObject","inLanguage":"es","@id":"https:\/\/www.uruloki.org\/felipeblog\/cine-de-ciencia-ficcion\/lista-de-cines-donde-se-celebrar-el-avatar-day-en-espaa#primaryimage","url":"https:\/\/uruloki.org\/felipeblog\/imagesflickr6\/20090814-avatar-logo.jpg","contentUrl":"https:\/\/uruloki.org\/felipeblog\/imagesflickr6\/20090814-avatar-logo.jpg"},{"@type":"BreadcrumbList","@id":"https:\/\/www.uruloki.org\/felipeblog\/cine-de-ciencia-ficcion\/lista-de-cines-donde-se-celebrar-el-avatar-day-en-espaa#breadcrumb","itemListElement":[{"@type":"ListItem","position":1,"name":"Portada","item":"https:\/\/www.uruloki.org\/felipeblog"},{"@type":"ListItem","position":2,"name":"Lista de cines donde se celebrar&aacute; el Avatar Day en Espa&ntilde;a&#8230;"}]},{"@type":"WebSite","@id":"https:\/\/www.uruloki.org\/felipeblog\/#website","url":"https:\/\/www.uruloki.org\/felipeblog\/","name":"Uruloki :: Blog","description":"Blog de cine, terror, ciencia ficci\u00f3n, fantas\u00eda y c\u00f3mics","potentialAction":[{"@type":"SearchAction","target":{"@type":"EntryPoint","urlTemplate":"https:\/\/www.uruloki.org\/felipeblog\/?s={search_term_string}"},"query-input":{"@type":"PropertyValueSpecification","valueRequired":true,"valueName":"search_term_string"}}],"inLanguage":"es"},{"@type":"Person","@id":"https:\/\/www.uruloki.org\/felipeblog\/#\/schema\/person\/ddba06ddaa27edf0c370460d05c51bb3","name":"Uruloki","image":{"@type":"ImageObject","inLanguage":"es","@id":"https:\/\/www.uruloki.org\/felipeblog\/#\/schema\/person\/image\/","url":"https:\/\/secure.gravatar.com\/avatar\/68d5301c5f52ba88fd63f02c75b8c4d1b3c3fc4b21e2998a1e98c4b3a54d9f7c?s=96&d=mm&r=g","contentUrl":"https:\/\/secure.gravatar.com\/avatar\/68d5301c5f52ba88fd63f02c75b8c4d1b3c3fc4b21e2998a1e98c4b3a54d9f7c?s=96&d=mm&r=g","caption":"Uruloki"},"sameAs":["https:\/\/uruloki.org"],"url":"https:\/\/www.uruloki.org\/felipeblog\/author\/admin-2-2-2"}]}},"_links":{"self":[{"href":"https:\/\/www.uruloki.org\/felipeblog\/wp-json\/wp\/v2\/posts\/2997","targetHints":{"allow":["GET"]}}],"collection":[{"href":"https:\/\/www.uruloki.org\/felipeblog\/wp-json\/wp\/v2\/posts"}],"about":[{"href":"https:\/\/www.uruloki.org\/felipeblog\/wp-json\/wp\/v2\/types\/post"}],"author":[{"embeddable":true,"href":"https:\/\/www.uruloki.org\/felipeblog\/wp-json\/wp\/v2\/users\/28"}],"replies":[{"embeddable":true,"href":"https:\/\/www.uruloki.org\/felipeblog\/wp-json\/wp\/v2\/comments?post=2997"}],"version-history":[{"count":2,"href":"https:\/\/www.uruloki.org\/felipeblog\/wp-json\/wp\/v2\/posts\/2997\/revisions"}],"predecessor-version":[{"id":2999,"href":"https:\/\/www.uruloki.org\/felipeblog\/wp-json\/wp\/v2\/posts\/2997\/revisions\/2999"}],"wp:attachment":[{"href":"https:\/\/www.uruloki.org\/felipeblog\/wp-json\/wp\/v2\/media?parent=2997"}],"wp:term":[{"taxonomy":"category","embeddable":true,"href":"https:\/\/www.uruloki.org\/felipeblog\/wp-json\/wp\/v2\/categories?post=2997"},{"taxonomy":"post_tag","embeddable":true,"href":"https:\/\/www.uruloki.org\/felipeblog\/wp-json\/wp\/v2\/tags?post=2997"}],"curies":[{"name":"wp","href":"https:\/\/api.w.org\/{rel}","templated":true}]}}