{"id":2826,"date":"2009-07-12T08:17:03","date_gmt":"2009-07-12T07:17:03","guid":{"rendered":"https:\/\/uruloki.org\/felipeblog\/?p=2826"},"modified":"2010-10-25T09:32:32","modified_gmt":"2010-10-25T07:32:32","slug":"exclusiva-uruloki-entrevista-a-guillermo-del-toro-en-tres-actos-charlando-sobre-the-strain-nocturna","status":"publish","type":"post","link":"https:\/\/www.uruloki.org\/felipeblog\/personalisimo\/exclusiva-uruloki-entrevista-a-guillermo-del-toro-en-tres-actos-charlando-sobre-the-strain-nocturna","title":{"rendered":"Exclusiva: Uruloki entrevista a Guillermo del Toro en tres actos. Charlando sobre &quot;The Strain&quot; \/ &quot;Nocturna&quot;&#8230;"},"content":{"rendered":"<p>No me pregunt&eacute;is el c&oacute;mo, el cu&aacute;ndo y el por qu&eacute;. He tenido la gran suerte de poder hacer una entrevista al fabuloso <a href=\"http:\/\/spanish.imdb.com\/name\/nm0868219\/\">Guillermo del Toro<\/a> y es algo por lo que me encuentro tremendamente feliz. Leyendo esta entrevista en tres actos descubrir&eacute;is nuevamente  que <strong>Del Toro<\/strong> es un tipo corriente, abierto como no os pod&eacute;is imaginar, de un car&aacute;cter  jovial, con las ideas muy claras y profundamente meditadas, adem&aacute;s de ser muy pero que muy fan&aacute;tico de las cosas que le gustan. Espero que disfrut&eacute;is de la lectura tanto como lo he hecho yo.<\/p>\n<p><strong>Uruloki:<\/strong> Primero hablemos algo de &quot;The Strain&quot; \/ &quot;Nocturna&quot;, el libro que has escrito junto a Chuck Hogan y que he podido terminar de leer hace unos d&iacute;as. En primer lugar y antes de centrarnos en la obra en si, &iquest;por qu&eacute; has escrito este libro junto a Chuck Hogan y no en solitario como aquella opera prima sobre Alfred Hitchcock de tus a&ntilde;os mozos \/ universitarios? (la tengo por casa y la leer&eacute; en vacaciones para ver la evoluci&oacute;n literaria que hay entre ambas obras)<\/p>\n<blockquote>\n<p>Son dos empresas muy diferentes y emprendidas en &eacute;pocas muy diferentes. EL Hitchcock lo escrib&iacute; cuando tenia unos veintitantos y el estilo es completamente ad-hoc a lo que ese libro necesitaba. Era una antolog&iacute;a critica en la que yo hab&iacute;a de guiar al lector con discusiones y tesis breves sobre la obra de Hitchcock a quien yo admiraba &#8211; y admiro &#8211; con locura.<\/p>\n<p>Al co-escribir MIMIC investigue bastante sobre la CDC (Centros de Control de las Enfermedades) en USA y me resultaba muy &aacute;spero y aburrido escribir las secciones &quot;t&eacute;cnicas&quot; del libro as&iacute; que inicialmente busque a Chuck por ser un t&iacute;o muy ameno e inmersivo en todo este rollete. Conforme avanz&oacute; la colaboraci&oacute;n se volvi&oacute; m&aacute;s compleja y acabo siendo una co-escritura deliciosa y promiscua.<\/p>\n<p>Te recomiendo mucho PRINCE OF THIEVES de Hogan.<\/p>\n<p>Para mi es muy normal co-escribir algo, lo he hecho a &quot;cuatro Manos&quot; con Matthew Robbins, a &quot;seis manos&quot; con David Mu&ntilde;oz y Antonio Trashorras y a &quot;ocho manos&quot; con Peter Jackson, Phillipa Boyens y Fran Walsh. Yo soy muy disciplinado y cargo mi parte del trabajo. Con Chuck nos mand&aacute;bamos emails uno al otro con cap&iacute;tulos enteros escritos por separado as&iacute; uno correg&iacute;a y editaba al otro hasta lograr un estilo mas uniforme.<\/p>\n<p>De NOCTURNA me cabrea bastante la traducci&oacute;n al Castellano &quot;neutro&quot; que se llena de expresiones que son regionales en diferentes partes de Latinoam&eacute;rica y las hace incomprensibles en otra. Como Mexicano recuerdo los grandes libros traducidos por Torres Oliver o por Sol&eacute; o por Rafael Llopis. Los &quot;idiomas&quot; eran diferentes a los usados en M&eacute;xico pero me acostumbraba a ellos porque el ritmo o la fluidez estaban perfectamente conseguidos, pero en NOCTURNA hay momentos en que la prosa se siente disconexa en la traducci&oacute;n. Como primer novelista la editorial impuso ese criterio. Ahora, gracias a las ventas alcanzadas, la segunda novela tendr&aacute; una traducci&oacute;n regional estrictamente para M&eacute;xico y Espa&ntilde;a.\n<\/p>\n<\/blockquote>\n<p class=\"centrado\"><img loading=\"lazy\" decoding=\"async\" src=\"https:\/\/uruloki.org\/felipeblog\/imagesflickr5\/20090525_guillermo-del-toro.jpg\" alt=\"Guillermo del Toro en la casa de LA que tiene dedicada a sus colecciones\" height=\"458\" width=\"498\" \/><br \/>\n<em>Guillermo del Toro<\/em><\/p>\n<p><strong>Uruloki:<\/strong> Quiero preguntarte si has querido ofrecer alg&uacute;n tipo de homenaje al cl&aacute;sico del horror de Bram Stoker y a toda la mitolog&iacute;a literaria del vampiro. Encuentro ciertos paralelismos entre el vuelo 735 y el viaje del Demeter a las costas brit&aacute;nicas o entre personajes como Setrakian &ndash; un azote similar al del conde transilvano que fue siempre el Dr. Van Helsing &ndash; o Palmer &ndash; algo as&iacute; como un Redfield moderno.<\/p>\n<blockquote>\n<p>Absolutamente acertado en todo. Hay homenajes a otros vampiros menos conocidos- por ejemplo el Vampiro Varney y en especial un capitulo de este (el capitulo mas popular) llamado &quot;Un visitante en la tormenta&quot;. Fuimos bastante expl&iacute;citos. Parcialmente la idea era hacer de NOCTURNA algo tan &quot;actual&quot; como lo fue el DRACULA de Stoker en su momento o el m&iacute;tico  e inigualable SOY LEYENDA.<\/p>\n<\/blockquote>\n<p><strong>Uruloki:<\/strong> La estructura de la novela es muy cinematogr&aacute;fica. La narraci&oacute;n que has o hab&eacute;is usado sigue la estructura propia de la secuencia, mostr&aacute;is una situaci&oacute;n, la resolv&eacute;is o dej&aacute;is pendiente para crear tensi&oacute;n, y acto seguido os enfoc&aacute;is en otro tema para ir ampliando los puntos de la trama sobre los que estar pendientes. &iquest;Hay alguna raz&oacute;n por la que hay&aacute;is hecho uso de este estilo narrativo?<\/p>\n<blockquote>\n<p>As&iacute; lo propuse desde la estructura que ya estaba delineada cuando Chuck se me uni&oacute; en 2005-06 o as&iacute;. Usamos adem&aacute;s un recurso peligroso en la literatura: poca introspecci&oacute;n y mucha acci&oacute;n. Esto es una caracter&iacute;stica de genero (Thriller) pero tambi&eacute;n algo que hace que las acciones sean mas inmediatas y mas cinematogr&aacute;ficas. Tratamos de usar descripci&oacute;n visual y sensorial muy detallada para poner al lector en el &quot;aqu&iacute;&quot; y el &quot;ahora&quot; del personaje.<\/p>\n<\/blockquote>\n<p><strong>Uruloki:<\/strong> Aunque hay un cierto, o gran, paralelismo a la visi&oacute;n vamp&iacute;rica que mostraste en Blade II, hay varios cambios radicales y que aportan novedad al concepto de la criatura como tal. Conservas detalles fat&iacute;dicos como la luz solar o en cierto modo la plata, pero has cambiado sin embargo ciertos rasgos caracter&iacute;sticos de la mitolog&iacute;a. &iquest;Sigues concibiendo el vampirismo m&aacute;s como un mito o m&aacute;s como una enfermedad?<\/p>\n<blockquote>\n<p>Objetivamente no creo en los vampiros, pero tengo cerca de 35 a&ntilde;os obseso con la anatom&iacute;a vamp&iacute;rica . Compre mi primer libro &quot;factual&quot; sobre folklore Vamp&iacute;rico a los 7 a&ntilde;os de edad y coincidi&oacute; con que mi padre hab&iacute;a comprado una enciclopedia de medicina familiar. Me volv&iacute; hipocondr&iacute;aco y obseso con el cuerpo y la biolog&iacute;a. En BLADE II, Goyer originalmente describ&iacute;a a los REAPERS como &quot;Shape-shifters&quot; capaces de transformaciones al mas puro estilo Rob Bottin en LA COSA. Yo tenia anotaciones vamp&iacute;ricas y dibujos hechos sobre Vampiros que defin&iacute;an a los Reapers de manera diferente. Traje muchas de estas ideas a BLADE II. Curiosamente esas ideas las hab&iacute;a usado para SOY LEYENDA cuando hable con WARNER BROTHERS sobre esa pel&iacute;cula una d&eacute;cada antes de Will Smith. Ahora si ves SOY LEYENDA, los vampiros son un poco &quot;Reapers&quot; y MUY distintos a los que Matheson describe.<\/p>\n<p>En fin, que en BLADE II, siendo una peli de acci&oacute;n, se me quedaron much&iacute;simas ideas en el tintero y con el correr del tiempo se me ocurri&oacute; NOCTURNA como una trilog&iacute;a en que trataremos de reinventar or&iacute;genes oblicuos para: Libro 1: Anatom&iacute;a, Libro 2: Or&iacute;genes, Libro 3: Mitolog&iacute;a.  Complicado pero muy interesante.<\/p>\n<p>F&iacute;jate tu que en literatura Vamp&iacute;rica (y en cine) nunca, o rara vez, se toca la biolog&iacute;a o anatom&iacute;a  Vampirica, En BLADE lo hicimos porque insist&iacute; y escrib&iacute;  algunas de esas escenillas con Goyer, pero si no tampoco.<\/p>\n<\/blockquote>\n<p><strong>Uruloki:<\/strong> &iquest;Nos puedes adelantar algo acerca del segundo episodio de The Strain \/ Nocturna? Saber si lo est&aacute;is escribiendo, si ya hay fecha para su publicaci&oacute;n, cosas de esas&hellip;<\/p>\n<blockquote>\n<p>Bueno, hay much&iacute;simos giros inesperados en la plaga Vamp&iacute;rica y vamos a empezar a plantear los or&iacute;genes  de los Vampiros como especie. Mueren algunos de los personajes y otros son conducidos a lugares insospechados. Creo que es aun mas vertiginosa que la primera parte y el final es bastante brutal.<\/p>\n<\/blockquote>\n<p>Aqu&iacute; termina el primer post dedicado a la larga entrevista que he podido realizar a <strong>Guillermo del Toro<\/strong>. El pr&oacute;ximo cap&iacute;tulo, si nada lo impide, ver&aacute; la luz el pr&oacute;ximo mi&eacute;rcoles. Os emplazo para ese d&iacute;a a primera hora.<\/p>\n","protected":false},"excerpt":{"rendered":"<p>No me pregunt&eacute;is el c&oacute;mo, el cu&aacute;ndo y el por qu&eacute;. He tenido la gran suerte de poder hacer una entrevista al fabuloso Guillermo del Toro y es algo por lo que me encuentro tremendamente feliz. Leyendo esta entrevista en tres actos descubrir&eacute;is nuevamente que Del Toro es un tipo corriente, abierto como no os [&hellip;]<\/p>\n","protected":false},"author":28,"featured_media":0,"comment_status":"open","ping_status":"open","sticky":false,"template":"","format":"standard","meta":{"footnotes":""},"categories":[1510,26,4],"tags":[868],"class_list":["post-2826","post","type-post","status-publish","format-standard","hentry","category-entrevistas","category-gdt","category-personalisimo","tag-the-strain"],"yoast_head":"<!-- This site is optimized with the Yoast SEO plugin v24.3 - https:\/\/yoast.com\/wordpress\/plugins\/seo\/ -->\n<title>Exclusiva: Uruloki entrevista a Guillermo del Toro en tres actos. Charlando sobre &quot;The Strain&quot; \/ &quot;Nocturna&quot;... - Uruloki :: Blog<\/title>\n<meta name=\"robots\" content=\"index, follow, max-snippet:-1, max-image-preview:large, max-video-preview:-1\" \/>\n<link rel=\"canonical\" href=\"https:\/\/www.uruloki.org\/felipeblog\/personalisimo\/exclusiva-uruloki-entrevista-a-guillermo-del-toro-en-tres-actos-charlando-sobre-the-strain-nocturna\" \/>\n<meta property=\"og:locale\" content=\"es_ES\" \/>\n<meta property=\"og:type\" content=\"article\" \/>\n<meta property=\"og:title\" content=\"Exclusiva: Uruloki entrevista a Guillermo del Toro en tres actos. Charlando sobre &quot;The Strain&quot; \/ &quot;Nocturna&quot;... - Uruloki :: Blog\" \/>\n<meta property=\"og:description\" content=\"No me pregunt&eacute;is el c&oacute;mo, el cu&aacute;ndo y el por qu&eacute;. He tenido la gran suerte de poder hacer una entrevista al fabuloso Guillermo del Toro y es algo por lo que me encuentro tremendamente feliz. Leyendo esta entrevista en tres actos descubrir&eacute;is nuevamente que Del Toro es un tipo corriente, abierto como no os [&hellip;]\" \/>\n<meta property=\"og:url\" content=\"https:\/\/www.uruloki.org\/felipeblog\/personalisimo\/exclusiva-uruloki-entrevista-a-guillermo-del-toro-en-tres-actos-charlando-sobre-the-strain-nocturna\" \/>\n<meta property=\"og:site_name\" content=\"Uruloki :: Blog\" \/>\n<meta property=\"article:publisher\" content=\"https:\/\/www.facebook.com\/uruloki.org\" \/>\n<meta property=\"article:published_time\" content=\"2009-07-12T07:17:03+00:00\" \/>\n<meta property=\"article:modified_time\" content=\"2010-10-25T07:32:32+00:00\" \/>\n<meta property=\"og:image\" content=\"https:\/\/uruloki.org\/felipeblog\/imagesflickr5\/20090525_guillermo-del-toro.jpg\" \/>\n<meta name=\"author\" content=\"Uruloki\" \/>\n<meta name=\"twitter:card\" content=\"summary_large_image\" \/>\n<meta name=\"twitter:creator\" content=\"@uruloki\" \/>\n<meta name=\"twitter:site\" content=\"@uruloki\" \/>\n<meta name=\"twitter:label1\" content=\"Escrito por\" \/>\n\t<meta name=\"twitter:data1\" content=\"Uruloki\" \/>\n\t<meta name=\"twitter:label2\" content=\"Tiempo de lectura\" \/>\n\t<meta name=\"twitter:data2\" content=\"7 minutos\" \/>\n<script type=\"application\/ld+json\" class=\"yoast-schema-graph\">{\"@context\":\"https:\/\/schema.org\",\"@graph\":[{\"@type\":\"WebPage\",\"@id\":\"https:\/\/www.uruloki.org\/felipeblog\/personalisimo\/exclusiva-uruloki-entrevista-a-guillermo-del-toro-en-tres-actos-charlando-sobre-the-strain-nocturna\",\"url\":\"https:\/\/www.uruloki.org\/felipeblog\/personalisimo\/exclusiva-uruloki-entrevista-a-guillermo-del-toro-en-tres-actos-charlando-sobre-the-strain-nocturna\",\"name\":\"Exclusiva: Uruloki entrevista a Guillermo del Toro en tres actos. Charlando sobre &quot;The Strain&quot; \/ &quot;Nocturna&quot;... - Uruloki :: Blog\",\"isPartOf\":{\"@id\":\"https:\/\/www.uruloki.org\/felipeblog\/#website\"},\"primaryImageOfPage\":{\"@id\":\"https:\/\/www.uruloki.org\/felipeblog\/personalisimo\/exclusiva-uruloki-entrevista-a-guillermo-del-toro-en-tres-actos-charlando-sobre-the-strain-nocturna#primaryimage\"},\"image\":{\"@id\":\"https:\/\/www.uruloki.org\/felipeblog\/personalisimo\/exclusiva-uruloki-entrevista-a-guillermo-del-toro-en-tres-actos-charlando-sobre-the-strain-nocturna#primaryimage\"},\"thumbnailUrl\":\"https:\/\/uruloki.org\/felipeblog\/imagesflickr5\/20090525_guillermo-del-toro.jpg\",\"datePublished\":\"2009-07-12T07:17:03+00:00\",\"dateModified\":\"2010-10-25T07:32:32+00:00\",\"author\":{\"@id\":\"https:\/\/www.uruloki.org\/felipeblog\/#\/schema\/person\/ddba06ddaa27edf0c370460d05c51bb3\"},\"breadcrumb\":{\"@id\":\"https:\/\/www.uruloki.org\/felipeblog\/personalisimo\/exclusiva-uruloki-entrevista-a-guillermo-del-toro-en-tres-actos-charlando-sobre-the-strain-nocturna#breadcrumb\"},\"inLanguage\":\"es\",\"potentialAction\":[{\"@type\":\"ReadAction\",\"target\":[\"https:\/\/www.uruloki.org\/felipeblog\/personalisimo\/exclusiva-uruloki-entrevista-a-guillermo-del-toro-en-tres-actos-charlando-sobre-the-strain-nocturna\"]}]},{\"@type\":\"ImageObject\",\"inLanguage\":\"es\",\"@id\":\"https:\/\/www.uruloki.org\/felipeblog\/personalisimo\/exclusiva-uruloki-entrevista-a-guillermo-del-toro-en-tres-actos-charlando-sobre-the-strain-nocturna#primaryimage\",\"url\":\"https:\/\/uruloki.org\/felipeblog\/imagesflickr5\/20090525_guillermo-del-toro.jpg\",\"contentUrl\":\"https:\/\/uruloki.org\/felipeblog\/imagesflickr5\/20090525_guillermo-del-toro.jpg\"},{\"@type\":\"BreadcrumbList\",\"@id\":\"https:\/\/www.uruloki.org\/felipeblog\/personalisimo\/exclusiva-uruloki-entrevista-a-guillermo-del-toro-en-tres-actos-charlando-sobre-the-strain-nocturna#breadcrumb\",\"itemListElement\":[{\"@type\":\"ListItem\",\"position\":1,\"name\":\"Portada\",\"item\":\"https:\/\/www.uruloki.org\/felipeblog\"},{\"@type\":\"ListItem\",\"position\":2,\"name\":\"Exclusiva: Uruloki entrevista a Guillermo del Toro en tres actos. Charlando sobre &quot;The Strain&quot; \/ &quot;Nocturna&quot;&#8230;\"}]},{\"@type\":\"WebSite\",\"@id\":\"https:\/\/www.uruloki.org\/felipeblog\/#website\",\"url\":\"https:\/\/www.uruloki.org\/felipeblog\/\",\"name\":\"Uruloki :: Blog\",\"description\":\"Blog de cine, terror, ciencia ficci\u00f3n, fantas\u00eda y c\u00f3mics\",\"potentialAction\":[{\"@type\":\"SearchAction\",\"target\":{\"@type\":\"EntryPoint\",\"urlTemplate\":\"https:\/\/www.uruloki.org\/felipeblog\/?s={search_term_string}\"},\"query-input\":{\"@type\":\"PropertyValueSpecification\",\"valueRequired\":true,\"valueName\":\"search_term_string\"}}],\"inLanguage\":\"es\"},{\"@type\":\"Person\",\"@id\":\"https:\/\/www.uruloki.org\/felipeblog\/#\/schema\/person\/ddba06ddaa27edf0c370460d05c51bb3\",\"name\":\"Uruloki\",\"image\":{\"@type\":\"ImageObject\",\"inLanguage\":\"es\",\"@id\":\"https:\/\/www.uruloki.org\/felipeblog\/#\/schema\/person\/image\/\",\"url\":\"https:\/\/secure.gravatar.com\/avatar\/68d5301c5f52ba88fd63f02c75b8c4d1b3c3fc4b21e2998a1e98c4b3a54d9f7c?s=96&d=mm&r=g\",\"contentUrl\":\"https:\/\/secure.gravatar.com\/avatar\/68d5301c5f52ba88fd63f02c75b8c4d1b3c3fc4b21e2998a1e98c4b3a54d9f7c?s=96&d=mm&r=g\",\"caption\":\"Uruloki\"},\"sameAs\":[\"https:\/\/uruloki.org\"],\"url\":\"https:\/\/www.uruloki.org\/felipeblog\/author\/admin-2-2-2\"}]}<\/script>\n<!-- \/ Yoast SEO plugin. -->","yoast_head_json":{"title":"Exclusiva: Uruloki entrevista a Guillermo del Toro en tres actos. Charlando sobre &quot;The Strain&quot; \/ &quot;Nocturna&quot;... - Uruloki :: Blog","robots":{"index":"index","follow":"follow","max-snippet":"max-snippet:-1","max-image-preview":"max-image-preview:large","max-video-preview":"max-video-preview:-1"},"canonical":"https:\/\/www.uruloki.org\/felipeblog\/personalisimo\/exclusiva-uruloki-entrevista-a-guillermo-del-toro-en-tres-actos-charlando-sobre-the-strain-nocturna","og_locale":"es_ES","og_type":"article","og_title":"Exclusiva: Uruloki entrevista a Guillermo del Toro en tres actos. Charlando sobre &quot;The Strain&quot; \/ &quot;Nocturna&quot;... - Uruloki :: Blog","og_description":"No me pregunt&eacute;is el c&oacute;mo, el cu&aacute;ndo y el por qu&eacute;. He tenido la gran suerte de poder hacer una entrevista al fabuloso Guillermo del Toro y es algo por lo que me encuentro tremendamente feliz. Leyendo esta entrevista en tres actos descubrir&eacute;is nuevamente que Del Toro es un tipo corriente, abierto como no os [&hellip;]","og_url":"https:\/\/www.uruloki.org\/felipeblog\/personalisimo\/exclusiva-uruloki-entrevista-a-guillermo-del-toro-en-tres-actos-charlando-sobre-the-strain-nocturna","og_site_name":"Uruloki :: Blog","article_publisher":"https:\/\/www.facebook.com\/uruloki.org","article_published_time":"2009-07-12T07:17:03+00:00","article_modified_time":"2010-10-25T07:32:32+00:00","og_image":[{"url":"https:\/\/uruloki.org\/felipeblog\/imagesflickr5\/20090525_guillermo-del-toro.jpg","type":"","width":"","height":""}],"author":"Uruloki","twitter_card":"summary_large_image","twitter_creator":"@uruloki","twitter_site":"@uruloki","twitter_misc":{"Escrito por":"Uruloki","Tiempo de lectura":"7 minutos"},"schema":{"@context":"https:\/\/schema.org","@graph":[{"@type":"WebPage","@id":"https:\/\/www.uruloki.org\/felipeblog\/personalisimo\/exclusiva-uruloki-entrevista-a-guillermo-del-toro-en-tres-actos-charlando-sobre-the-strain-nocturna","url":"https:\/\/www.uruloki.org\/felipeblog\/personalisimo\/exclusiva-uruloki-entrevista-a-guillermo-del-toro-en-tres-actos-charlando-sobre-the-strain-nocturna","name":"Exclusiva: Uruloki entrevista a Guillermo del Toro en tres actos. Charlando sobre &quot;The Strain&quot; \/ &quot;Nocturna&quot;... - Uruloki :: Blog","isPartOf":{"@id":"https:\/\/www.uruloki.org\/felipeblog\/#website"},"primaryImageOfPage":{"@id":"https:\/\/www.uruloki.org\/felipeblog\/personalisimo\/exclusiva-uruloki-entrevista-a-guillermo-del-toro-en-tres-actos-charlando-sobre-the-strain-nocturna#primaryimage"},"image":{"@id":"https:\/\/www.uruloki.org\/felipeblog\/personalisimo\/exclusiva-uruloki-entrevista-a-guillermo-del-toro-en-tres-actos-charlando-sobre-the-strain-nocturna#primaryimage"},"thumbnailUrl":"https:\/\/uruloki.org\/felipeblog\/imagesflickr5\/20090525_guillermo-del-toro.jpg","datePublished":"2009-07-12T07:17:03+00:00","dateModified":"2010-10-25T07:32:32+00:00","author":{"@id":"https:\/\/www.uruloki.org\/felipeblog\/#\/schema\/person\/ddba06ddaa27edf0c370460d05c51bb3"},"breadcrumb":{"@id":"https:\/\/www.uruloki.org\/felipeblog\/personalisimo\/exclusiva-uruloki-entrevista-a-guillermo-del-toro-en-tres-actos-charlando-sobre-the-strain-nocturna#breadcrumb"},"inLanguage":"es","potentialAction":[{"@type":"ReadAction","target":["https:\/\/www.uruloki.org\/felipeblog\/personalisimo\/exclusiva-uruloki-entrevista-a-guillermo-del-toro-en-tres-actos-charlando-sobre-the-strain-nocturna"]}]},{"@type":"ImageObject","inLanguage":"es","@id":"https:\/\/www.uruloki.org\/felipeblog\/personalisimo\/exclusiva-uruloki-entrevista-a-guillermo-del-toro-en-tres-actos-charlando-sobre-the-strain-nocturna#primaryimage","url":"https:\/\/uruloki.org\/felipeblog\/imagesflickr5\/20090525_guillermo-del-toro.jpg","contentUrl":"https:\/\/uruloki.org\/felipeblog\/imagesflickr5\/20090525_guillermo-del-toro.jpg"},{"@type":"BreadcrumbList","@id":"https:\/\/www.uruloki.org\/felipeblog\/personalisimo\/exclusiva-uruloki-entrevista-a-guillermo-del-toro-en-tres-actos-charlando-sobre-the-strain-nocturna#breadcrumb","itemListElement":[{"@type":"ListItem","position":1,"name":"Portada","item":"https:\/\/www.uruloki.org\/felipeblog"},{"@type":"ListItem","position":2,"name":"Exclusiva: Uruloki entrevista a Guillermo del Toro en tres actos. Charlando sobre &quot;The Strain&quot; \/ &quot;Nocturna&quot;&#8230;"}]},{"@type":"WebSite","@id":"https:\/\/www.uruloki.org\/felipeblog\/#website","url":"https:\/\/www.uruloki.org\/felipeblog\/","name":"Uruloki :: Blog","description":"Blog de cine, terror, ciencia ficci\u00f3n, fantas\u00eda y c\u00f3mics","potentialAction":[{"@type":"SearchAction","target":{"@type":"EntryPoint","urlTemplate":"https:\/\/www.uruloki.org\/felipeblog\/?s={search_term_string}"},"query-input":{"@type":"PropertyValueSpecification","valueRequired":true,"valueName":"search_term_string"}}],"inLanguage":"es"},{"@type":"Person","@id":"https:\/\/www.uruloki.org\/felipeblog\/#\/schema\/person\/ddba06ddaa27edf0c370460d05c51bb3","name":"Uruloki","image":{"@type":"ImageObject","inLanguage":"es","@id":"https:\/\/www.uruloki.org\/felipeblog\/#\/schema\/person\/image\/","url":"https:\/\/secure.gravatar.com\/avatar\/68d5301c5f52ba88fd63f02c75b8c4d1b3c3fc4b21e2998a1e98c4b3a54d9f7c?s=96&d=mm&r=g","contentUrl":"https:\/\/secure.gravatar.com\/avatar\/68d5301c5f52ba88fd63f02c75b8c4d1b3c3fc4b21e2998a1e98c4b3a54d9f7c?s=96&d=mm&r=g","caption":"Uruloki"},"sameAs":["https:\/\/uruloki.org"],"url":"https:\/\/www.uruloki.org\/felipeblog\/author\/admin-2-2-2"}]}},"_links":{"self":[{"href":"https:\/\/www.uruloki.org\/felipeblog\/wp-json\/wp\/v2\/posts\/2826","targetHints":{"allow":["GET"]}}],"collection":[{"href":"https:\/\/www.uruloki.org\/felipeblog\/wp-json\/wp\/v2\/posts"}],"about":[{"href":"https:\/\/www.uruloki.org\/felipeblog\/wp-json\/wp\/v2\/types\/post"}],"author":[{"embeddable":true,"href":"https:\/\/www.uruloki.org\/felipeblog\/wp-json\/wp\/v2\/users\/28"}],"replies":[{"embeddable":true,"href":"https:\/\/www.uruloki.org\/felipeblog\/wp-json\/wp\/v2\/comments?post=2826"}],"version-history":[{"count":3,"href":"https:\/\/www.uruloki.org\/felipeblog\/wp-json\/wp\/v2\/posts\/2826\/revisions"}],"predecessor-version":[{"id":4770,"href":"https:\/\/www.uruloki.org\/felipeblog\/wp-json\/wp\/v2\/posts\/2826\/revisions\/4770"}],"wp:attachment":[{"href":"https:\/\/www.uruloki.org\/felipeblog\/wp-json\/wp\/v2\/media?parent=2826"}],"wp:term":[{"taxonomy":"category","embeddable":true,"href":"https:\/\/www.uruloki.org\/felipeblog\/wp-json\/wp\/v2\/categories?post=2826"},{"taxonomy":"post_tag","embeddable":true,"href":"https:\/\/www.uruloki.org\/felipeblog\/wp-json\/wp\/v2\/tags?post=2826"}],"curies":[{"name":"wp","href":"https:\/\/api.w.org\/{rel}","templated":true}]}}