{"id":20190,"date":"2020-09-15T18:05:17","date_gmt":"2020-09-15T16:05:17","guid":{"rendered":"https:\/\/www.uruloki.org\/felipeblog\/?p=20190"},"modified":"2020-09-15T21:53:31","modified_gmt":"2020-09-15T19:53:31","slug":"trailer-de-la-segunda-temporada-de-the-mandalorian-mola-y-ya-esta","status":"publish","type":"post","link":"https:\/\/www.uruloki.org\/felipeblog\/star-wars\/trailer-de-la-segunda-temporada-de-the-mandalorian-mola-y-ya-esta","title":{"rendered":"Trailer de la segunda temporada de \u00abThe Mandalorian\u00bb, mola y ya est\u00e1&#8230;"},"content":{"rendered":"<p>Pues sigue el western en tiempos de <strong>Star Wars<\/strong>. Hoy ha salido a la luz el trailer de la segunda temporada de <strong>&quot;The Mandalorian&quot;<\/strong>. Los ingredientes los mismos, cambios de cromo en la silla de direcci&oacute;n, y m&aacute;s aventuras al modo saga <strong>Kozure &Ocirc;kami<\/strong> o <strong>El asesino del Shogun<\/strong> (<em>Shogun Assassin<\/em>).<\/p>\n<div class=\"video\"><iframe loading=\"lazy\" width=\"100%\" height=\"360\" src=\"https:\/\/www.youtube.com\/embed\/eW7Twd85m2g\" allowfullscreen=\"true\"><\/iframe><\/div>\n<p class=\"centrado\"><img decoding=\"async\" src=\"\/felipeblog\/imagenes2020\/20200915-the-mandalorian.jpg\" alt=\"Regresa &quot;The Mandalorian&quot;\"><br \/><em>Regresa &quot;The Mandalorian&quot;<\/em><\/p>\n<p><strong class=\"nota\">&nbsp;Actualizaci&oacute;n!&nbsp;<\/strong> Ha aparecido el cartel de esta segunda temporada de <strong>&quot;The Mandalorian&quot;<\/strong>&#8230; padre e hijo.<\/p>\n<p class=\"centrado\"><img decoding=\"async\" src=\"\/felipeblog\/imagenes2020\/20200915-the-mandalorian-poster.jpg\" alt=\"Y de regalo el cartel de esta segunda temporada de 'The Mandalorian'\"><br \/><em>Y de regalo el cartel de esta segunda temporada de &quot;The Mandalorian&quot;<\/em><\/p>\n","protected":false},"excerpt":{"rendered":"<p>Pues sigue el western en tiempos de Star Wars. Hoy ha salido a la luz el trailer de la segunda temporada de &quot;The Mandalorian&quot;. Los ingredientes los mismos, cambios de cromo en la silla de direcci&oacute;n, y m&aacute;s aventuras al modo saga Kozure &Ocirc;kami o El asesino del Shogun (Shogun Assassin). Regresa &quot;The Mandalorian&quot; &nbsp;Actualizaci&oacute;n!&nbsp; [&hellip;]<\/p>\n","protected":false},"author":28,"featured_media":0,"comment_status":"open","ping_status":"open","sticky":false,"template":"","format":"standard","meta":{"footnotes":""},"categories":[8,15],"tags":[4127],"class_list":["post-20190","post","type-post","status-publish","format-standard","hentry","category-cine-de-ciencia-ficcion","category-star-wars","tag-the-mandalorian"],"yoast_head":"<!-- This site is optimized with the Yoast SEO plugin v24.3 - https:\/\/yoast.com\/wordpress\/plugins\/seo\/ -->\n<title>Trailer de la segunda temporada de &quot;The Mandalorian&quot;<\/title>\n<meta name=\"description\" content=\"Pues sigue el western en tiempos de Star Wars. Hoy ha salido a la luz el trailer de la segunda temporada de &quot;The Mandalorian&quot;.\" \/>\n<meta name=\"robots\" content=\"index, follow, max-snippet:-1, max-image-preview:large, max-video-preview:-1\" \/>\n<link rel=\"canonical\" href=\"https:\/\/www.uruloki.org\/felipeblog\/star-wars\/trailer-de-la-segunda-temporada-de-the-mandalorian-mola-y-ya-esta\" \/>\n<meta property=\"og:locale\" content=\"es_ES\" \/>\n<meta property=\"og:type\" content=\"article\" \/>\n<meta property=\"og:title\" content=\"Trailer de la segunda temporada de &quot;The Mandalorian&quot;\" \/>\n<meta property=\"og:description\" content=\"Pues sigue el western en tiempos de Star Wars. Hoy ha salido a la luz el trailer de la segunda temporada de &quot;The Mandalorian&quot;.\" \/>\n<meta property=\"og:url\" content=\"https:\/\/www.uruloki.org\/felipeblog\/star-wars\/trailer-de-la-segunda-temporada-de-the-mandalorian-mola-y-ya-esta\" \/>\n<meta property=\"og:site_name\" content=\"Uruloki :: Blog\" \/>\n<meta property=\"article:publisher\" content=\"https:\/\/www.facebook.com\/uruloki.org\" \/>\n<meta property=\"article:published_time\" content=\"2020-09-15T16:05:17+00:00\" \/>\n<meta property=\"article:modified_time\" content=\"2020-09-15T19:53:31+00:00\" \/>\n<meta property=\"og:image\" content=\"https:\/\/www.uruloki.org\/felipeblog\/wp-content\/uploads\/2020\/09\/20200915-the-mandalorian.jpg\" \/>\n\t<meta property=\"og:image:width\" content=\"625\" \/>\n\t<meta property=\"og:image:height\" content=\"417\" \/>\n\t<meta property=\"og:image:type\" content=\"image\/jpeg\" \/>\n<meta name=\"author\" content=\"Uruloki\" \/>\n<meta name=\"twitter:card\" content=\"summary_large_image\" \/>\n<meta name=\"twitter:creator\" content=\"@uruloki\" \/>\n<meta name=\"twitter:site\" content=\"@uruloki\" \/>\n<meta name=\"twitter:label1\" content=\"Escrito por\" \/>\n\t<meta name=\"twitter:data1\" content=\"Uruloki\" \/>\n<script type=\"application\/ld+json\" class=\"yoast-schema-graph\">{\"@context\":\"https:\/\/schema.org\",\"@graph\":[{\"@type\":\"WebPage\",\"@id\":\"https:\/\/www.uruloki.org\/felipeblog\/star-wars\/trailer-de-la-segunda-temporada-de-the-mandalorian-mola-y-ya-esta\",\"url\":\"https:\/\/www.uruloki.org\/felipeblog\/star-wars\/trailer-de-la-segunda-temporada-de-the-mandalorian-mola-y-ya-esta\",\"name\":\"Trailer de la segunda temporada de \\\"The Mandalorian\\\"\",\"isPartOf\":{\"@id\":\"https:\/\/www.uruloki.org\/felipeblog\/#website\"},\"datePublished\":\"2020-09-15T16:05:17+00:00\",\"dateModified\":\"2020-09-15T19:53:31+00:00\",\"author\":{\"@id\":\"https:\/\/www.uruloki.org\/felipeblog\/#\/schema\/person\/ddba06ddaa27edf0c370460d05c51bb3\"},\"description\":\"Pues sigue el western en tiempos de Star Wars. Hoy ha salido a la luz el trailer de la segunda temporada de \\\"The Mandalorian\\\".\",\"breadcrumb\":{\"@id\":\"https:\/\/www.uruloki.org\/felipeblog\/star-wars\/trailer-de-la-segunda-temporada-de-the-mandalorian-mola-y-ya-esta#breadcrumb\"},\"inLanguage\":\"es\",\"potentialAction\":[{\"@type\":\"ReadAction\",\"target\":[\"https:\/\/www.uruloki.org\/felipeblog\/star-wars\/trailer-de-la-segunda-temporada-de-the-mandalorian-mola-y-ya-esta\"]}]},{\"@type\":\"BreadcrumbList\",\"@id\":\"https:\/\/www.uruloki.org\/felipeblog\/star-wars\/trailer-de-la-segunda-temporada-de-the-mandalorian-mola-y-ya-esta#breadcrumb\",\"itemListElement\":[{\"@type\":\"ListItem\",\"position\":1,\"name\":\"Portada\",\"item\":\"https:\/\/www.uruloki.org\/felipeblog\"},{\"@type\":\"ListItem\",\"position\":2,\"name\":\"Trailer de la segunda temporada de \u00abThe Mandalorian\u00bb, mola y ya est\u00e1&#8230;\"}]},{\"@type\":\"WebSite\",\"@id\":\"https:\/\/www.uruloki.org\/felipeblog\/#website\",\"url\":\"https:\/\/www.uruloki.org\/felipeblog\/\",\"name\":\"Uruloki :: Blog\",\"description\":\"Blog de cine, terror, ciencia ficci\u00f3n, fantas\u00eda y c\u00f3mics\",\"potentialAction\":[{\"@type\":\"SearchAction\",\"target\":{\"@type\":\"EntryPoint\",\"urlTemplate\":\"https:\/\/www.uruloki.org\/felipeblog\/?s={search_term_string}\"},\"query-input\":{\"@type\":\"PropertyValueSpecification\",\"valueRequired\":true,\"valueName\":\"search_term_string\"}}],\"inLanguage\":\"es\"},{\"@type\":\"Person\",\"@id\":\"https:\/\/www.uruloki.org\/felipeblog\/#\/schema\/person\/ddba06ddaa27edf0c370460d05c51bb3\",\"name\":\"Uruloki\",\"image\":{\"@type\":\"ImageObject\",\"inLanguage\":\"es\",\"@id\":\"https:\/\/www.uruloki.org\/felipeblog\/#\/schema\/person\/image\/\",\"url\":\"https:\/\/secure.gravatar.com\/avatar\/68d5301c5f52ba88fd63f02c75b8c4d1b3c3fc4b21e2998a1e98c4b3a54d9f7c?s=96&d=mm&r=g\",\"contentUrl\":\"https:\/\/secure.gravatar.com\/avatar\/68d5301c5f52ba88fd63f02c75b8c4d1b3c3fc4b21e2998a1e98c4b3a54d9f7c?s=96&d=mm&r=g\",\"caption\":\"Uruloki\"},\"sameAs\":[\"https:\/\/uruloki.org\"],\"url\":\"https:\/\/www.uruloki.org\/felipeblog\/author\/admin-2-2-2\"}]}<\/script>\n<!-- \/ Yoast SEO plugin. -->","yoast_head_json":{"title":"Trailer de la segunda temporada de \"The Mandalorian\"","description":"Pues sigue el western en tiempos de Star Wars. Hoy ha salido a la luz el trailer de la segunda temporada de \"The Mandalorian\".","robots":{"index":"index","follow":"follow","max-snippet":"max-snippet:-1","max-image-preview":"max-image-preview:large","max-video-preview":"max-video-preview:-1"},"canonical":"https:\/\/www.uruloki.org\/felipeblog\/star-wars\/trailer-de-la-segunda-temporada-de-the-mandalorian-mola-y-ya-esta","og_locale":"es_ES","og_type":"article","og_title":"Trailer de la segunda temporada de \"The Mandalorian\"","og_description":"Pues sigue el western en tiempos de Star Wars. Hoy ha salido a la luz el trailer de la segunda temporada de \"The Mandalorian\".","og_url":"https:\/\/www.uruloki.org\/felipeblog\/star-wars\/trailer-de-la-segunda-temporada-de-the-mandalorian-mola-y-ya-esta","og_site_name":"Uruloki :: Blog","article_publisher":"https:\/\/www.facebook.com\/uruloki.org","article_published_time":"2020-09-15T16:05:17+00:00","article_modified_time":"2020-09-15T19:53:31+00:00","og_image":[{"width":625,"height":417,"url":"https:\/\/www.uruloki.org\/felipeblog\/wp-content\/uploads\/2020\/09\/20200915-the-mandalorian.jpg","type":"image\/jpeg"}],"author":"Uruloki","twitter_card":"summary_large_image","twitter_creator":"@uruloki","twitter_site":"@uruloki","twitter_misc":{"Escrito por":"Uruloki"},"schema":{"@context":"https:\/\/schema.org","@graph":[{"@type":"WebPage","@id":"https:\/\/www.uruloki.org\/felipeblog\/star-wars\/trailer-de-la-segunda-temporada-de-the-mandalorian-mola-y-ya-esta","url":"https:\/\/www.uruloki.org\/felipeblog\/star-wars\/trailer-de-la-segunda-temporada-de-the-mandalorian-mola-y-ya-esta","name":"Trailer de la segunda temporada de \"The Mandalorian\"","isPartOf":{"@id":"https:\/\/www.uruloki.org\/felipeblog\/#website"},"datePublished":"2020-09-15T16:05:17+00:00","dateModified":"2020-09-15T19:53:31+00:00","author":{"@id":"https:\/\/www.uruloki.org\/felipeblog\/#\/schema\/person\/ddba06ddaa27edf0c370460d05c51bb3"},"description":"Pues sigue el western en tiempos de Star Wars. Hoy ha salido a la luz el trailer de la segunda temporada de \"The Mandalorian\".","breadcrumb":{"@id":"https:\/\/www.uruloki.org\/felipeblog\/star-wars\/trailer-de-la-segunda-temporada-de-the-mandalorian-mola-y-ya-esta#breadcrumb"},"inLanguage":"es","potentialAction":[{"@type":"ReadAction","target":["https:\/\/www.uruloki.org\/felipeblog\/star-wars\/trailer-de-la-segunda-temporada-de-the-mandalorian-mola-y-ya-esta"]}]},{"@type":"BreadcrumbList","@id":"https:\/\/www.uruloki.org\/felipeblog\/star-wars\/trailer-de-la-segunda-temporada-de-the-mandalorian-mola-y-ya-esta#breadcrumb","itemListElement":[{"@type":"ListItem","position":1,"name":"Portada","item":"https:\/\/www.uruloki.org\/felipeblog"},{"@type":"ListItem","position":2,"name":"Trailer de la segunda temporada de \u00abThe Mandalorian\u00bb, mola y ya est\u00e1&#8230;"}]},{"@type":"WebSite","@id":"https:\/\/www.uruloki.org\/felipeblog\/#website","url":"https:\/\/www.uruloki.org\/felipeblog\/","name":"Uruloki :: Blog","description":"Blog de cine, terror, ciencia ficci\u00f3n, fantas\u00eda y c\u00f3mics","potentialAction":[{"@type":"SearchAction","target":{"@type":"EntryPoint","urlTemplate":"https:\/\/www.uruloki.org\/felipeblog\/?s={search_term_string}"},"query-input":{"@type":"PropertyValueSpecification","valueRequired":true,"valueName":"search_term_string"}}],"inLanguage":"es"},{"@type":"Person","@id":"https:\/\/www.uruloki.org\/felipeblog\/#\/schema\/person\/ddba06ddaa27edf0c370460d05c51bb3","name":"Uruloki","image":{"@type":"ImageObject","inLanguage":"es","@id":"https:\/\/www.uruloki.org\/felipeblog\/#\/schema\/person\/image\/","url":"https:\/\/secure.gravatar.com\/avatar\/68d5301c5f52ba88fd63f02c75b8c4d1b3c3fc4b21e2998a1e98c4b3a54d9f7c?s=96&d=mm&r=g","contentUrl":"https:\/\/secure.gravatar.com\/avatar\/68d5301c5f52ba88fd63f02c75b8c4d1b3c3fc4b21e2998a1e98c4b3a54d9f7c?s=96&d=mm&r=g","caption":"Uruloki"},"sameAs":["https:\/\/uruloki.org"],"url":"https:\/\/www.uruloki.org\/felipeblog\/author\/admin-2-2-2"}]}},"_links":{"self":[{"href":"https:\/\/www.uruloki.org\/felipeblog\/wp-json\/wp\/v2\/posts\/20190","targetHints":{"allow":["GET"]}}],"collection":[{"href":"https:\/\/www.uruloki.org\/felipeblog\/wp-json\/wp\/v2\/posts"}],"about":[{"href":"https:\/\/www.uruloki.org\/felipeblog\/wp-json\/wp\/v2\/types\/post"}],"author":[{"embeddable":true,"href":"https:\/\/www.uruloki.org\/felipeblog\/wp-json\/wp\/v2\/users\/28"}],"replies":[{"embeddable":true,"href":"https:\/\/www.uruloki.org\/felipeblog\/wp-json\/wp\/v2\/comments?post=20190"}],"version-history":[{"count":3,"href":"https:\/\/www.uruloki.org\/felipeblog\/wp-json\/wp\/v2\/posts\/20190\/revisions"}],"predecessor-version":[{"id":20194,"href":"https:\/\/www.uruloki.org\/felipeblog\/wp-json\/wp\/v2\/posts\/20190\/revisions\/20194"}],"wp:attachment":[{"href":"https:\/\/www.uruloki.org\/felipeblog\/wp-json\/wp\/v2\/media?parent=20190"}],"wp:term":[{"taxonomy":"category","embeddable":true,"href":"https:\/\/www.uruloki.org\/felipeblog\/wp-json\/wp\/v2\/categories?post=20190"},{"taxonomy":"post_tag","embeddable":true,"href":"https:\/\/www.uruloki.org\/felipeblog\/wp-json\/wp\/v2\/tags?post=20190"}],"curies":[{"name":"wp","href":"https:\/\/api.w.org\/{rel}","templated":true}]}}