{"id":20126,"date":"2020-08-24T20:05:26","date_gmt":"2020-08-24T18:05:26","guid":{"rendered":"https:\/\/www.uruloki.org\/felipeblog\/?p=20126"},"modified":"2020-08-24T20:06:19","modified_gmt":"2020-08-24T18:06:19","slug":"dc-fandome-resaca-y-barry-keoghan-sera-el-agente-stanley-merkel-en-the-batman-el-ciento-y-la-madre-de-carteles-de-the-suicide-squad-de-james-gunn-ya-sabemos-que-la-secuela-de-shazam-se-titul","status":"publish","type":"post","link":"https:\/\/www.uruloki.org\/felipeblog\/cine-de-comics\/dc-fandome-resaca-y-barry-keoghan-sera-el-agente-stanley-merkel-en-the-batman-el-ciento-y-la-madre-de-carteles-de-the-suicide-squad-de-james-gunn-ya-sabemos-que-la-secuela-de-shazam-se-titul","title":{"rendered":"DC Fandome: resaca y Barry Keoghan ser\u00e1 el agente Stanley Merkel en The Batman, el ciento y la madre de carteles de The Suicide Squad de James Gunn, ya sabemos que la secuela de \u00a1Shazam! se titular\u00e1 Shazam! Fury of the Gods, el primer cartel de Black Adam es (sobre todo) negro, y as\u00ed suena el tema \u00abThemiscyra\u00bb de Hans Zimmer para Wonder Woman 1984&#8230;"},"content":{"rendered":"<p>Bueno, &iquest;qu&eacute; tal la resaca? La DC Fandome ha terminado y es momento de echar la vista atr&aacute;s&#8230; pero tambi&eacute;n hacia adelante. Ah&iacute; han quedado la <a href=\"https:\/\/www.uruloki.org\/felipeblog\/cine-de-comics\/el-nuevo-trailer-de-wonder-woman-1984-vo-y-doblado-ha-llegado-acompanado-por-un-par-de-carteles\">presentaci&oacute;n del nuevo trailer de <strong>Wonder Woman 1984<\/strong><\/a> con el primer vistazo a <em>Cheetah<\/em>, el descubrimiento  de las <a href=\"https:\/\/www.uruloki.org\/felipeblog\/cine-de-comics\/primeras-imagenes-cartel-magistral-y-asi-se-esta-haciendo-the-suicide-squad-de-james-gunn-de-las-que-van-a-molar-un-huevo-y-medio-del-otro\">primeras im&aacute;genes del rodaje de <strong>The Suicide Squad<\/strong> de <strong>James Gunn<\/strong><\/a> (apunta a delicia), sin olvidar el <a href=\"https:\/\/www.uruloki.org\/felipeblog\/cine-de-comics\/teaser-trailer-de-zack-snyders-justice-league-para-cagarse\">teaser trailer de Zack Snyder&#8217;s Justice League<\/a> (o la odias o la adoras), los acercamientos a <a href=\"https:\/\/www.uruloki.org\/felipeblog\/cine-de-comics\/black-adam-hace-acto-de-presencia-en-un-teaser-animado-y-ademas-ya-sabemos-que-miembros-de-la-jsa-estaran-en-el-film\"><strong>Black Adam<\/strong> (con un <strong>Dwayne Johnson<\/strong> director de orquesta presentando a la <em>JSA<\/em>)<\/a> y <a href=\"https:\/\/www.uruloki.org\/felipeblog\/cine-de-comics\/andy-muschietti-y-ezra-miller-nos-presentan-un-poco-de-concept-art-the-the-flash-y-aparece-el-batman-de-michael-keaton\"><strong>The Flash<\/strong> (<em>concept art<\/em> mol&oacute;n con el <em>Batman<\/em> de <strong>Tim Burton<\/strong> y el <em>Flash<\/em> del DCEU)<\/a>, terminando un s&aacute;bado apote&oacute;sico con <a href=\"https:\/\/www.uruloki.org\/felipeblog\/cine-de-comics\/lo-que-muchos-estabamos-esperando-el-teaser-trailer-de-the-batman\">el tambi&eacute;n teaser de <strong>The Batman<\/strong><\/a>&#8230; m&aacute;s de uno se tendr&aacute; que retractar de sus palabras. Lo dicho, ha sido un s&aacute;bado \/ madrugada del domingo de madre del amor hermoso.<\/p>\n<p>Pero claro, esto no ha terminado aqu&iacute;, llegan retazos finales de la DC Fandome que nos indica por ejemplo que <a href=\"https:\/\/www.comingsoon.net\/movies\/news\/1146459-barry-keoghan-joins-the-batman\" target=\"_blank\" rel=\"noopener noreferrer\"><strong>Barry Keoghan<\/strong> (<em>El sacrificio de un ciervo sagrado<\/em> o <em>Dunkerque<\/em>) se suma a <strong>The Batman<\/strong><\/a> para ser el oficial <em>Stanley Merkel<\/em>. <em>Merkel<\/em> fue presentado por <strong>Frank Miller<\/strong> como el primer compa&ntilde;ero del <em>Comisario  Gordon<\/em> (<strong>Jeffrey Wright<\/strong>); un personaje que apareci&oacute; por primera vez en n&uacute;mero 405 de la l&iacute;nea regular de <em>Batman<\/em>, a&ntilde;o 1987, y que por ejemplo muri&oacute;  a manos de <em>Sofia Falcone<\/em> en la serie limitada <strong>&quot;Batman: Dark Victory&quot;<\/strong> de <strong>Jeph Loeb<\/strong> y <strong>Tim Sale<\/strong> de finales de los 90 \/ principios del 2000. Ala, os dejo ahora con el otro cartel de <strong>The Suicide Squad<\/strong>, compuesto por los tropecientos presentados por el propio James Gunn en las redes durante la DC Fandome.<\/p>\n<p class=\"centrado\"><img decoding=\"async\" src=\"\/felipeblog\/imagenes2020\/20200824-the-suicide-squad.jpg\" alt=\"P&oacute;ster especial DC Fandome de &quot;The Suicide Squad&quot;\"><br \/><em>P&oacute;ster especial DC Fandome de &quot;The Suicide Squad&quot;<\/em><\/p>\n<p>Los tropencientos aqu&iacute;:<\/p>\n<div class=\"twittercentrado\">\n<blockquote class=\"twitter-tweet\">\n<p lang=\"en\" dir=\"ltr\"><a href=\"https:\/\/twitter.com\/hashtag\/TheSuicideSquad?src=hash&amp;ref_src=twsrc%5Etfw\" target=\"_blank\" rel=\"noopener noreferrer\">#TheSuicideSquad<\/a> Who&#39;s Who, Pt 1:<a href=\"https:\/\/twitter.com\/idriselba?ref_src=twsrc%5Etfw\" target=\"_blank\" rel=\"noopener noreferrer\">@idriselba<\/a> is <a href=\"https:\/\/twitter.com\/hashtag\/Bloodsport?src=hash&amp;ref_src=twsrc%5Etfw\" target=\"_blank\" rel=\"noopener noreferrer\">#Bloodsport<\/a><a href=\"https:\/\/twitter.com\/hashtag\/MargotRobbie?src=hash&amp;ref_src=twsrc%5Etfw\" target=\"_blank\" rel=\"noopener noreferrer\">#MargotRobbie<\/a> is <a href=\"https:\/\/twitter.com\/hashtag\/HarleyQuinn?src=hash&amp;ref_src=twsrc%5Etfw\" target=\"_blank\" rel=\"noopener noreferrer\">#HarleyQuinn<\/a><a href=\"https:\/\/twitter.com\/seangunn?ref_src=twsrc%5Etfw\" target=\"_blank\" rel=\"noopener noreferrer\">@seangunn<\/a> is <a href=\"https:\/\/twitter.com\/hashtag\/Weasel?src=hash&amp;ref_src=twsrc%5Etfw\" target=\"_blank\" rel=\"noopener noreferrer\">#Weasel<\/a><a href=\"https:\/\/twitter.com\/hashtag\/PeteDavidson?src=hash&amp;ref_src=twsrc%5Etfw\" target=\"_blank\" rel=\"noopener noreferrer\">#PeteDavidson<\/a> is <a href=\"https:\/\/twitter.com\/hashtag\/Blackguard?src=hash&amp;ref_src=twsrc%5Etfw\" target=\"_blank\" rel=\"noopener noreferrer\">#Blackguard<\/a> <a href=\"https:\/\/t.co\/Pea9PYoxql\" target=\"_blank\" rel=\"noopener noreferrer\">pic.twitter.com\/Pea9PYoxql<\/a><\/p>\n<p>&mdash; James Gunn (@JamesGunn) <a href=\"https:\/\/twitter.com\/JamesGunn\/status\/1297250118207340544?ref_src=twsrc%5Etfw\" target=\"_blank\" rel=\"noopener noreferrer\">August 22, 2020<\/a><\/p><\/blockquote>\n<p> <script async src=\"https:\/\/platform.twitter.com\/widgets.js\" charset=\"utf-8\"><\/script><\/div>\n<div class=\"twittercentrado\">\n<blockquote class=\"twitter-tweet\" data-conversation=\"none\">\n<p lang=\"en\" dir=\"ltr\"><a href=\"https:\/\/twitter.com\/hashtag\/TheSuicideSquad?src=hash&amp;ref_src=twsrc%5Etfw\" target=\"_blank\" rel=\"noopener noreferrer\">#TheSuicideSquad<\/a> Who&#39;s Who, Pt 2:<a href=\"https:\/\/twitter.com\/MelchiorDaniela?ref_src=twsrc%5Etfw\" target=\"_blank\" rel=\"noopener noreferrer\">@MelchiorDaniela<\/a> is <a href=\"https:\/\/twitter.com\/hashtag\/Ratcatcher2?src=hash&amp;ref_src=twsrc%5Etfw\" target=\"_blank\" rel=\"noopener noreferrer\">#Ratcatcher2<\/a><a href=\"https:\/\/twitter.com\/hashtag\/JoelKinnaman?src=hash&amp;ref_src=twsrc%5Etfw\" target=\"_blank\" rel=\"noopener noreferrer\">#JoelKinnaman<\/a> is <a href=\"https:\/\/twitter.com\/hashtag\/RickFlag?src=hash&amp;ref_src=twsrc%5Etfw\" target=\"_blank\" rel=\"noopener noreferrer\">#RickFlag<\/a> <a href=\"https:\/\/twitter.com\/NathanFillion?ref_src=twsrc%5Etfw\" target=\"_blank\" rel=\"noopener noreferrer\">@NathanFillion<\/a> is <a href=\"https:\/\/twitter.com\/hashtag\/TDK?src=hash&amp;ref_src=twsrc%5Etfw\" target=\"_blank\" rel=\"noopener noreferrer\">#TDK<\/a><a href=\"https:\/\/twitter.com\/hashtag\/JaiCourtney?src=hash&amp;ref_src=twsrc%5Etfw\" target=\"_blank\" rel=\"noopener noreferrer\">#JaiCourtney<\/a> is <a href=\"https:\/\/twitter.com\/hashtag\/CaptainBoomerang?src=hash&amp;ref_src=twsrc%5Etfw\" target=\"_blank\" rel=\"noopener noreferrer\">#CaptainBoomerang<\/a> <a href=\"https:\/\/t.co\/FESRsYIqCh\" target=\"_blank\" rel=\"noopener noreferrer\">pic.twitter.com\/FESRsYIqCh<\/a><\/p>\n<p>&mdash; James Gunn (@JamesGunn) <a href=\"https:\/\/twitter.com\/JamesGunn\/status\/1297250119998300160?ref_src=twsrc%5Etfw\" target=\"_blank\" rel=\"noopener noreferrer\">August 22, 2020<\/a><\/p><\/blockquote>\n<p> <script async src=\"https:\/\/platform.twitter.com\/widgets.js\" charset=\"utf-8\"><\/script><\/div>\n<div class=\"twittercentrado\">\n<blockquote class=\"twitter-tweet\" data-conversation=\"none\">\n<p lang=\"en\" dir=\"ltr\"><a href=\"https:\/\/twitter.com\/hashtag\/TheSuicideSquad?src=hash&amp;ref_src=twsrc%5Etfw\" target=\"_blank\" rel=\"noopener noreferrer\">#TheSuicideSquad<\/a> Who&#39;s Who, Pt 3:<a href=\"https:\/\/twitter.com\/steveagee?ref_src=twsrc%5Etfw\" target=\"_blank\" rel=\"noopener noreferrer\">@steveagee<\/a> is the on-set <a href=\"https:\/\/twitter.com\/hashtag\/KingShark?src=hash&amp;ref_src=twsrc%5Etfw\" target=\"_blank\" rel=\"noopener noreferrer\">#KingShark<\/a> AND <a href=\"https:\/\/twitter.com\/hashtag\/JohnEconomos?src=hash&amp;ref_src=twsrc%5Etfw\" target=\"_blank\" rel=\"noopener noreferrer\">#JohnEconomos<\/a> <a href=\"https:\/\/twitter.com\/MissNgInAction?ref_src=twsrc%5Etfw\" target=\"_blank\" rel=\"noopener noreferrer\">@MissNgInAction<\/a> is <a href=\"https:\/\/twitter.com\/hashtag\/Mongal?src=hash&amp;ref_src=twsrc%5Etfw\" target=\"_blank\" rel=\"noopener noreferrer\">#Mongal<\/a><a href=\"https:\/\/twitter.com\/Dastmalchian?ref_src=twsrc%5Etfw\" target=\"_blank\" rel=\"noopener noreferrer\">@Dastmalchian<\/a> is <a href=\"https:\/\/twitter.com\/hashtag\/PolkaDotMan?src=hash&amp;ref_src=twsrc%5Etfw\" target=\"_blank\" rel=\"noopener noreferrer\">#PolkaDotMan<\/a> <a href=\"https:\/\/twitter.com\/hashtag\/AliceBraga?src=hash&amp;ref_src=twsrc%5Etfw\" target=\"_blank\" rel=\"noopener noreferrer\">#AliceBraga<\/a> is <a href=\"https:\/\/twitter.com\/hashtag\/SolSoria?src=hash&amp;ref_src=twsrc%5Etfw\" target=\"_blank\" rel=\"noopener noreferrer\">#SolSoria<\/a> <a href=\"https:\/\/t.co\/hUFMRFU8RW\" target=\"_blank\" rel=\"noopener noreferrer\">pic.twitter.com\/hUFMRFU8RW<\/a><\/p>\n<p>&mdash; James Gunn (@JamesGunn) <a href=\"https:\/\/twitter.com\/JamesGunn\/status\/1297250121755762688?ref_src=twsrc%5Etfw\" target=\"_blank\" rel=\"noopener noreferrer\">August 22, 2020<\/a><\/p><\/blockquote>\n<p> <script async src=\"https:\/\/platform.twitter.com\/widgets.js\" charset=\"utf-8\"><\/script><\/div>\n<div class=\"twittercentrado\">\n<blockquote class=\"twitter-tweet\" data-conversation=\"none\">\n<p lang=\"en\" dir=\"ltr\"><a href=\"https:\/\/twitter.com\/hashtag\/TheSuicideSquad?src=hash&amp;ref_src=twsrc%5Etfw\" target=\"_blank\" rel=\"noopener noreferrer\">#TheSuicideSquad<\/a> Who&#39;s Who, Pt 4:<a href=\"https:\/\/twitter.com\/JohnCena?ref_src=twsrc%5Etfw\" target=\"_blank\" rel=\"noopener noreferrer\">@JohnCena<\/a> is <a href=\"https:\/\/twitter.com\/hashtag\/Peacemaker?src=hash&amp;ref_src=twsrc%5Etfw\" target=\"_blank\" rel=\"noopener noreferrer\">#Peacemaker<\/a> <a href=\"https:\/\/twitter.com\/JuanDiegoBotto?ref_src=twsrc%5Etfw\" target=\"_blank\" rel=\"noopener noreferrer\">@JuanDiegoBotto<\/a> is <a href=\"https:\/\/twitter.com\/hashtag\/PresidenteGeneralSilvioLuna?src=hash&amp;ref_src=twsrc%5Etfw\" target=\"_blank\" rel=\"noopener noreferrer\">#PresidenteGeneralSilvioLuna<\/a> <a href=\"https:\/\/twitter.com\/hashtag\/PeterCapaldi?src=hash&amp;ref_src=twsrc%5Etfw\" target=\"_blank\" rel=\"noopener noreferrer\">#PeterCapaldi<\/a> is <a href=\"https:\/\/twitter.com\/hashtag\/TheThinker?src=hash&amp;ref_src=twsrc%5Etfw\" target=\"_blank\" rel=\"noopener noreferrer\">#TheThinker<\/a> <a href=\"https:\/\/t.co\/ZCvziNdbZi\" target=\"_blank\" rel=\"noopener noreferrer\">pic.twitter.com\/ZCvziNdbZi<\/a><\/p>\n<p>&mdash; James Gunn (@JamesGunn) <a href=\"https:\/\/twitter.com\/JamesGunn\/status\/1297250123517325312?ref_src=twsrc%5Etfw\" target=\"_blank\" rel=\"noopener noreferrer\">August 22, 2020<\/a><\/p><\/blockquote>\n<p> <script async src=\"https:\/\/platform.twitter.com\/widgets.js\" charset=\"utf-8\"><\/script><\/div>\n<div class=\"twittercentrado\">\n<blockquote class=\"twitter-tweet\" data-conversation=\"none\">\n<p lang=\"en\" dir=\"ltr\"><a href=\"https:\/\/twitter.com\/hashtag\/TheSuicideSquad?src=hash&amp;ref_src=twsrc%5Etfw\" target=\"_blank\" rel=\"noopener noreferrer\">#TheSuicideSquad<\/a> Who&#39;s Who, Pt 4<a href=\"https:\/\/twitter.com\/hashtag\/MichaelRooker?src=hash&amp;ref_src=twsrc%5Etfw\" target=\"_blank\" rel=\"noopener noreferrer\">#MichaelRooker<\/a> is <a href=\"https:\/\/twitter.com\/hashtag\/Savant?src=hash&amp;ref_src=twsrc%5Etfw\" target=\"_blank\" rel=\"noopener noreferrer\">#Savant<\/a> <a href=\"https:\/\/twitter.com\/flula?ref_src=twsrc%5Etfw\" target=\"_blank\" rel=\"noopener noreferrer\">@Flula<\/a> is <a href=\"https:\/\/twitter.com\/hashtag\/Javelin?src=hash&amp;ref_src=twsrc%5Etfw\" target=\"_blank\" rel=\"noopener noreferrer\">#Javelin<\/a> <a href=\"https:\/\/twitter.com\/cosio_joaquin?ref_src=twsrc%5Etfw\" target=\"_blank\" rel=\"noopener noreferrer\">@cosio_joaquin<\/a> is <a href=\"https:\/\/twitter.com\/hashtag\/MayorGeneralMateoSuarez?src=hash&amp;ref_src=twsrc%5Etfw\" target=\"_blank\" rel=\"noopener noreferrer\">#MayorGeneralMateoSuarez<\/a> <a href=\"https:\/\/twitter.com\/jennlholland?ref_src=twsrc%5Etfw\" target=\"_blank\" rel=\"noopener noreferrer\">@jennlholland<\/a> is <a href=\"https:\/\/twitter.com\/hashtag\/EmiliaHarcourt?src=hash&amp;ref_src=twsrc%5Etfw\" target=\"_blank\" rel=\"noopener noreferrer\">#EmiliaHarcourt<\/a> <br \/>and the great <a href=\"https:\/\/twitter.com\/stormreid?ref_src=twsrc%5Etfw\" target=\"_blank\" rel=\"noopener noreferrer\">@stormreid<\/a> is <a href=\"https:\/\/twitter.com\/hashtag\/Tyla?src=hash&amp;ref_src=twsrc%5Etfw\" target=\"_blank\" rel=\"noopener noreferrer\">#Tyla<\/a>. <a href=\"https:\/\/t.co\/Q9N1fgYHo2\" target=\"_blank\" rel=\"noopener noreferrer\">pic.twitter.com\/Q9N1fgYHo2<\/a><\/p>\n<p>&mdash; James Gunn (@JamesGunn) <a href=\"https:\/\/twitter.com\/JamesGunn\/status\/1297250125287325696?ref_src=twsrc%5Etfw\" target=\"_blank\" rel=\"noopener noreferrer\">August 22, 2020<\/a><\/p><\/blockquote>\n<p> <script async src=\"https:\/\/platform.twitter.com\/widgets.js\" charset=\"utf-8\"><\/script><\/div>\n<p>Por otro lado <strong>David F. Sandberg<\/strong>, que se ha re&iacute;do largo y tendido de los fans a lo largo de las &uacute;ltimas semanas de cara a su paso por el DC Fandome, ha descubierto el t&iacute;tulo de la secuela de <strong>&iexcl;Shazam!<\/strong> (<em>Shazam!<\/em>). El nuevo film se titular&aacute; <strong>Shazam! Fury of the Gods<\/strong>, y nada mejor que presentar en la distancia un cartel que no se ha llegado a ver en buena calidad. La gran duda que ahora surge, y que <strong>Sandberg<\/strong> plantea es&#8230; &iquest;qui&eacute;nes son los dioses que se han enfadado? Tardaremos en saberlo, pero se sabr&aacute;.<\/p>\n<div class=\"twittercentrado\">\n<blockquote class=\"twitter-tweet\">\n<p lang=\"en\" dir=\"ltr\">We have a title! <a href=\"https:\/\/twitter.com\/hashtag\/Shazam?src=hash&amp;ref_src=twsrc%5Etfw\" target=\"_blank\" rel=\"noopener noreferrer\">#Shazam<\/a>! Fury of the Gods<br \/>What gods? Why are they upset? Yes! <a href=\"https:\/\/t.co\/QPGJwjghUx\" target=\"_blank\" rel=\"noopener noreferrer\">pic.twitter.com\/QPGJwjghUx<\/a><\/p>\n<p>&mdash; David F. Sandberg (@ponysmasher) <a href=\"https:\/\/twitter.com\/ponysmasher\/status\/1297321883461812224?ref_src=twsrc%5Etfw\" target=\"_blank\" rel=\"noopener noreferrer\">August 22, 2020<\/a><\/p><\/blockquote>\n<p> <script async src=\"https:\/\/platform.twitter.com\/widgets.js\" charset=\"utf-8\"><\/script><\/div>\n<p>Y para contrarrestar a <em>Shazam<\/em>, nada mejor que el primer teaser p&oacute;ster de <strong>Black Adam<\/strong>&#8230;<\/p>\n<p class=\"centrado\"><img decoding=\"async\" src=\"\/felipeblog\/imagenes2020\/20200824-black-adam.jpg\" alt=\"Primer cartel de Black Adam\"><br \/><em>Primer cartel de Black Adam<\/em><\/p>\n<p>Pero esto no se queda as&iacute;, si os mola la m&uacute;sica el bueno de <strong>Hans Zimmer<\/strong>, hasta en la sopa este genio, nos presenta c&oacute;mo sonar&aacute; la banda sonora de <strong>Wonder Woman 1984<\/strong>&#8230; tema <strong>&quot;Themyscira&quot;<\/strong>&#8230; como siempre genial y dando un tono que te pone los pelos como escarpias.<\/p>\n<div class=\"video\"><iframe loading=\"lazy\" width=\"100%\" height=\"360\" src=\"https:\/\/www.youtube.com\/embed\/BlhLQzV1uPg\" allowfullscreen=\"true\"><\/iframe><\/div>\n","protected":false},"excerpt":{"rendered":"<p>Bueno, &iquest;qu&eacute; tal la resaca? La DC Fandome ha terminado y es momento de echar la vista atr&aacute;s&#8230; pero tambi&eacute;n hacia adelante. Ah&iacute; han quedado la presentaci&oacute;n del nuevo trailer de Wonder Woman 1984 con el primer vistazo a Cheetah, el descubrimiento de las primeras im&aacute;genes del rodaje de The Suicide Squad de James Gunn [&hellip;]<\/p>\n","protected":false},"author":28,"featured_media":0,"comment_status":"open","ping_status":"open","sticky":false,"template":"","format":"standard","meta":{"footnotes":""},"categories":[10],"tags":[3700,4611,3049,2163,4032],"class_list":["post-20126","post","type-post","status-publish","format-standard","hentry","category-cine-de-comics","tag-black-adam","tag-shazam-fury-of-the-gods","tag-the-batman","tag-the-suicide-squad","tag-wonder-woman-1984"],"yoast_head":"<!-- This site is optimized with the Yoast SEO plugin v24.3 - https:\/\/yoast.com\/wordpress\/plugins\/seo\/ -->\n<title>DC Fandome: resaca con The Batman, Black Adam, Suicide Squad, etc.<\/title>\n<meta name=\"description\" content=\"Bueno, \u00bfqu\u00e9 tal la resaca? La DC Fandome ha terminado y es momento de echar la vista atr\u00e1s... pero tambi\u00e9n hacia adelante.\" \/>\n<meta name=\"robots\" content=\"index, follow, max-snippet:-1, max-image-preview:large, max-video-preview:-1\" \/>\n<link rel=\"canonical\" href=\"https:\/\/www.uruloki.org\/felipeblog\/cine-de-comics\/dc-fandome-resaca-y-barry-keoghan-sera-el-agente-stanley-merkel-en-the-batman-el-ciento-y-la-madre-de-carteles-de-the-suicide-squad-de-james-gunn-ya-sabemos-que-la-secuela-de-shazam-se-titul\" \/>\n<meta property=\"og:locale\" content=\"es_ES\" \/>\n<meta property=\"og:type\" content=\"article\" \/>\n<meta property=\"og:title\" content=\"DC Fandome: resaca con The Batman, Black Adam, Suicide Squad, etc.\" \/>\n<meta property=\"og:description\" content=\"Bueno, \u00bfqu\u00e9 tal la resaca? La DC Fandome ha terminado y es momento de echar la vista atr\u00e1s... pero tambi\u00e9n hacia adelante.\" \/>\n<meta property=\"og:url\" content=\"https:\/\/www.uruloki.org\/felipeblog\/cine-de-comics\/dc-fandome-resaca-y-barry-keoghan-sera-el-agente-stanley-merkel-en-the-batman-el-ciento-y-la-madre-de-carteles-de-the-suicide-squad-de-james-gunn-ya-sabemos-que-la-secuela-de-shazam-se-titul\" \/>\n<meta property=\"og:site_name\" content=\"Uruloki :: Blog\" \/>\n<meta property=\"article:publisher\" content=\"https:\/\/www.facebook.com\/uruloki.org\" \/>\n<meta property=\"article:published_time\" content=\"2020-08-24T18:05:26+00:00\" \/>\n<meta property=\"article:modified_time\" content=\"2020-08-24T18:06:19+00:00\" \/>\n<meta property=\"og:image\" content=\"https:\/\/www.uruloki.org\/felipeblog\/wp-content\/uploads\/2020\/08\/DC-Fandome.jpg\" \/>\n\t<meta property=\"og:image:width\" content=\"800\" \/>\n\t<meta property=\"og:image:height\" content=\"450\" \/>\n\t<meta property=\"og:image:type\" content=\"image\/jpeg\" \/>\n<meta name=\"author\" content=\"Uruloki\" \/>\n<meta name=\"twitter:card\" content=\"summary_large_image\" \/>\n<meta name=\"twitter:creator\" content=\"@uruloki\" \/>\n<meta name=\"twitter:site\" content=\"@uruloki\" \/>\n<meta name=\"twitter:label1\" content=\"Escrito por\" \/>\n\t<meta name=\"twitter:data1\" content=\"Uruloki\" \/>\n\t<meta name=\"twitter:label2\" content=\"Tiempo de lectura\" \/>\n\t<meta name=\"twitter:data2\" content=\"3 minutos\" \/>\n<script type=\"application\/ld+json\" class=\"yoast-schema-graph\">{\"@context\":\"https:\/\/schema.org\",\"@graph\":[{\"@type\":\"WebPage\",\"@id\":\"https:\/\/www.uruloki.org\/felipeblog\/cine-de-comics\/dc-fandome-resaca-y-barry-keoghan-sera-el-agente-stanley-merkel-en-the-batman-el-ciento-y-la-madre-de-carteles-de-the-suicide-squad-de-james-gunn-ya-sabemos-que-la-secuela-de-shazam-se-titul\",\"url\":\"https:\/\/www.uruloki.org\/felipeblog\/cine-de-comics\/dc-fandome-resaca-y-barry-keoghan-sera-el-agente-stanley-merkel-en-the-batman-el-ciento-y-la-madre-de-carteles-de-the-suicide-squad-de-james-gunn-ya-sabemos-que-la-secuela-de-shazam-se-titul\",\"name\":\"DC Fandome: resaca con The Batman, Black Adam, Suicide Squad, etc.\",\"isPartOf\":{\"@id\":\"https:\/\/www.uruloki.org\/felipeblog\/#website\"},\"datePublished\":\"2020-08-24T18:05:26+00:00\",\"dateModified\":\"2020-08-24T18:06:19+00:00\",\"author\":{\"@id\":\"https:\/\/www.uruloki.org\/felipeblog\/#\/schema\/person\/ddba06ddaa27edf0c370460d05c51bb3\"},\"description\":\"Bueno, \u00bfqu\u00e9 tal la resaca? La DC Fandome ha terminado y es momento de echar la vista atr\u00e1s... pero tambi\u00e9n hacia adelante.\",\"breadcrumb\":{\"@id\":\"https:\/\/www.uruloki.org\/felipeblog\/cine-de-comics\/dc-fandome-resaca-y-barry-keoghan-sera-el-agente-stanley-merkel-en-the-batman-el-ciento-y-la-madre-de-carteles-de-the-suicide-squad-de-james-gunn-ya-sabemos-que-la-secuela-de-shazam-se-titul#breadcrumb\"},\"inLanguage\":\"es\",\"potentialAction\":[{\"@type\":\"ReadAction\",\"target\":[\"https:\/\/www.uruloki.org\/felipeblog\/cine-de-comics\/dc-fandome-resaca-y-barry-keoghan-sera-el-agente-stanley-merkel-en-the-batman-el-ciento-y-la-madre-de-carteles-de-the-suicide-squad-de-james-gunn-ya-sabemos-que-la-secuela-de-shazam-se-titul\"]}]},{\"@type\":\"BreadcrumbList\",\"@id\":\"https:\/\/www.uruloki.org\/felipeblog\/cine-de-comics\/dc-fandome-resaca-y-barry-keoghan-sera-el-agente-stanley-merkel-en-the-batman-el-ciento-y-la-madre-de-carteles-de-the-suicide-squad-de-james-gunn-ya-sabemos-que-la-secuela-de-shazam-se-titul#breadcrumb\",\"itemListElement\":[{\"@type\":\"ListItem\",\"position\":1,\"name\":\"Portada\",\"item\":\"https:\/\/www.uruloki.org\/felipeblog\"},{\"@type\":\"ListItem\",\"position\":2,\"name\":\"DC Fandome: resaca y Barry Keoghan ser\u00e1 el agente Stanley Merkel en The Batman, el ciento y la madre de carteles de The Suicide Squad de James Gunn, ya sabemos que la secuela de \u00a1Shazam! se titular\u00e1 Shazam! Fury of the Gods, el primer cartel de Black Adam es (sobre todo) negro, y as\u00ed suena el tema \u00abThemiscyra\u00bb de Hans Zimmer para Wonder Woman 1984&#8230;\"}]},{\"@type\":\"WebSite\",\"@id\":\"https:\/\/www.uruloki.org\/felipeblog\/#website\",\"url\":\"https:\/\/www.uruloki.org\/felipeblog\/\",\"name\":\"Uruloki :: Blog\",\"description\":\"Blog de cine, terror, ciencia ficci\u00f3n, fantas\u00eda y c\u00f3mics\",\"potentialAction\":[{\"@type\":\"SearchAction\",\"target\":{\"@type\":\"EntryPoint\",\"urlTemplate\":\"https:\/\/www.uruloki.org\/felipeblog\/?s={search_term_string}\"},\"query-input\":{\"@type\":\"PropertyValueSpecification\",\"valueRequired\":true,\"valueName\":\"search_term_string\"}}],\"inLanguage\":\"es\"},{\"@type\":\"Person\",\"@id\":\"https:\/\/www.uruloki.org\/felipeblog\/#\/schema\/person\/ddba06ddaa27edf0c370460d05c51bb3\",\"name\":\"Uruloki\",\"image\":{\"@type\":\"ImageObject\",\"inLanguage\":\"es\",\"@id\":\"https:\/\/www.uruloki.org\/felipeblog\/#\/schema\/person\/image\/\",\"url\":\"https:\/\/secure.gravatar.com\/avatar\/68d5301c5f52ba88fd63f02c75b8c4d1b3c3fc4b21e2998a1e98c4b3a54d9f7c?s=96&d=mm&r=g\",\"contentUrl\":\"https:\/\/secure.gravatar.com\/avatar\/68d5301c5f52ba88fd63f02c75b8c4d1b3c3fc4b21e2998a1e98c4b3a54d9f7c?s=96&d=mm&r=g\",\"caption\":\"Uruloki\"},\"sameAs\":[\"https:\/\/uruloki.org\"],\"url\":\"https:\/\/www.uruloki.org\/felipeblog\/author\/admin-2-2-2\"}]}<\/script>\n<!-- \/ Yoast SEO plugin. -->","yoast_head_json":{"title":"DC Fandome: resaca con The Batman, Black Adam, Suicide Squad, etc.","description":"Bueno, \u00bfqu\u00e9 tal la resaca? La DC Fandome ha terminado y es momento de echar la vista atr\u00e1s... pero tambi\u00e9n hacia adelante.","robots":{"index":"index","follow":"follow","max-snippet":"max-snippet:-1","max-image-preview":"max-image-preview:large","max-video-preview":"max-video-preview:-1"},"canonical":"https:\/\/www.uruloki.org\/felipeblog\/cine-de-comics\/dc-fandome-resaca-y-barry-keoghan-sera-el-agente-stanley-merkel-en-the-batman-el-ciento-y-la-madre-de-carteles-de-the-suicide-squad-de-james-gunn-ya-sabemos-que-la-secuela-de-shazam-se-titul","og_locale":"es_ES","og_type":"article","og_title":"DC Fandome: resaca con The Batman, Black Adam, Suicide Squad, etc.","og_description":"Bueno, \u00bfqu\u00e9 tal la resaca? La DC Fandome ha terminado y es momento de echar la vista atr\u00e1s... pero tambi\u00e9n hacia adelante.","og_url":"https:\/\/www.uruloki.org\/felipeblog\/cine-de-comics\/dc-fandome-resaca-y-barry-keoghan-sera-el-agente-stanley-merkel-en-the-batman-el-ciento-y-la-madre-de-carteles-de-the-suicide-squad-de-james-gunn-ya-sabemos-que-la-secuela-de-shazam-se-titul","og_site_name":"Uruloki :: Blog","article_publisher":"https:\/\/www.facebook.com\/uruloki.org","article_published_time":"2020-08-24T18:05:26+00:00","article_modified_time":"2020-08-24T18:06:19+00:00","og_image":[{"width":800,"height":450,"url":"https:\/\/www.uruloki.org\/felipeblog\/wp-content\/uploads\/2020\/08\/DC-Fandome.jpg","type":"image\/jpeg"}],"author":"Uruloki","twitter_card":"summary_large_image","twitter_creator":"@uruloki","twitter_site":"@uruloki","twitter_misc":{"Escrito por":"Uruloki","Tiempo de lectura":"3 minutos"},"schema":{"@context":"https:\/\/schema.org","@graph":[{"@type":"WebPage","@id":"https:\/\/www.uruloki.org\/felipeblog\/cine-de-comics\/dc-fandome-resaca-y-barry-keoghan-sera-el-agente-stanley-merkel-en-the-batman-el-ciento-y-la-madre-de-carteles-de-the-suicide-squad-de-james-gunn-ya-sabemos-que-la-secuela-de-shazam-se-titul","url":"https:\/\/www.uruloki.org\/felipeblog\/cine-de-comics\/dc-fandome-resaca-y-barry-keoghan-sera-el-agente-stanley-merkel-en-the-batman-el-ciento-y-la-madre-de-carteles-de-the-suicide-squad-de-james-gunn-ya-sabemos-que-la-secuela-de-shazam-se-titul","name":"DC Fandome: resaca con The Batman, Black Adam, Suicide Squad, etc.","isPartOf":{"@id":"https:\/\/www.uruloki.org\/felipeblog\/#website"},"datePublished":"2020-08-24T18:05:26+00:00","dateModified":"2020-08-24T18:06:19+00:00","author":{"@id":"https:\/\/www.uruloki.org\/felipeblog\/#\/schema\/person\/ddba06ddaa27edf0c370460d05c51bb3"},"description":"Bueno, \u00bfqu\u00e9 tal la resaca? La DC Fandome ha terminado y es momento de echar la vista atr\u00e1s... pero tambi\u00e9n hacia adelante.","breadcrumb":{"@id":"https:\/\/www.uruloki.org\/felipeblog\/cine-de-comics\/dc-fandome-resaca-y-barry-keoghan-sera-el-agente-stanley-merkel-en-the-batman-el-ciento-y-la-madre-de-carteles-de-the-suicide-squad-de-james-gunn-ya-sabemos-que-la-secuela-de-shazam-se-titul#breadcrumb"},"inLanguage":"es","potentialAction":[{"@type":"ReadAction","target":["https:\/\/www.uruloki.org\/felipeblog\/cine-de-comics\/dc-fandome-resaca-y-barry-keoghan-sera-el-agente-stanley-merkel-en-the-batman-el-ciento-y-la-madre-de-carteles-de-the-suicide-squad-de-james-gunn-ya-sabemos-que-la-secuela-de-shazam-se-titul"]}]},{"@type":"BreadcrumbList","@id":"https:\/\/www.uruloki.org\/felipeblog\/cine-de-comics\/dc-fandome-resaca-y-barry-keoghan-sera-el-agente-stanley-merkel-en-the-batman-el-ciento-y-la-madre-de-carteles-de-the-suicide-squad-de-james-gunn-ya-sabemos-que-la-secuela-de-shazam-se-titul#breadcrumb","itemListElement":[{"@type":"ListItem","position":1,"name":"Portada","item":"https:\/\/www.uruloki.org\/felipeblog"},{"@type":"ListItem","position":2,"name":"DC Fandome: resaca y Barry Keoghan ser\u00e1 el agente Stanley Merkel en The Batman, el ciento y la madre de carteles de The Suicide Squad de James Gunn, ya sabemos que la secuela de \u00a1Shazam! se titular\u00e1 Shazam! Fury of the Gods, el primer cartel de Black Adam es (sobre todo) negro, y as\u00ed suena el tema \u00abThemiscyra\u00bb de Hans Zimmer para Wonder Woman 1984&#8230;"}]},{"@type":"WebSite","@id":"https:\/\/www.uruloki.org\/felipeblog\/#website","url":"https:\/\/www.uruloki.org\/felipeblog\/","name":"Uruloki :: Blog","description":"Blog de cine, terror, ciencia ficci\u00f3n, fantas\u00eda y c\u00f3mics","potentialAction":[{"@type":"SearchAction","target":{"@type":"EntryPoint","urlTemplate":"https:\/\/www.uruloki.org\/felipeblog\/?s={search_term_string}"},"query-input":{"@type":"PropertyValueSpecification","valueRequired":true,"valueName":"search_term_string"}}],"inLanguage":"es"},{"@type":"Person","@id":"https:\/\/www.uruloki.org\/felipeblog\/#\/schema\/person\/ddba06ddaa27edf0c370460d05c51bb3","name":"Uruloki","image":{"@type":"ImageObject","inLanguage":"es","@id":"https:\/\/www.uruloki.org\/felipeblog\/#\/schema\/person\/image\/","url":"https:\/\/secure.gravatar.com\/avatar\/68d5301c5f52ba88fd63f02c75b8c4d1b3c3fc4b21e2998a1e98c4b3a54d9f7c?s=96&d=mm&r=g","contentUrl":"https:\/\/secure.gravatar.com\/avatar\/68d5301c5f52ba88fd63f02c75b8c4d1b3c3fc4b21e2998a1e98c4b3a54d9f7c?s=96&d=mm&r=g","caption":"Uruloki"},"sameAs":["https:\/\/uruloki.org"],"url":"https:\/\/www.uruloki.org\/felipeblog\/author\/admin-2-2-2"}]}},"_links":{"self":[{"href":"https:\/\/www.uruloki.org\/felipeblog\/wp-json\/wp\/v2\/posts\/20126","targetHints":{"allow":["GET"]}}],"collection":[{"href":"https:\/\/www.uruloki.org\/felipeblog\/wp-json\/wp\/v2\/posts"}],"about":[{"href":"https:\/\/www.uruloki.org\/felipeblog\/wp-json\/wp\/v2\/types\/post"}],"author":[{"embeddable":true,"href":"https:\/\/www.uruloki.org\/felipeblog\/wp-json\/wp\/v2\/users\/28"}],"replies":[{"embeddable":true,"href":"https:\/\/www.uruloki.org\/felipeblog\/wp-json\/wp\/v2\/comments?post=20126"}],"version-history":[{"count":2,"href":"https:\/\/www.uruloki.org\/felipeblog\/wp-json\/wp\/v2\/posts\/20126\/revisions"}],"predecessor-version":[{"id":20129,"href":"https:\/\/www.uruloki.org\/felipeblog\/wp-json\/wp\/v2\/posts\/20126\/revisions\/20129"}],"wp:attachment":[{"href":"https:\/\/www.uruloki.org\/felipeblog\/wp-json\/wp\/v2\/media?parent=20126"}],"wp:term":[{"taxonomy":"category","embeddable":true,"href":"https:\/\/www.uruloki.org\/felipeblog\/wp-json\/wp\/v2\/categories?post=20126"},{"taxonomy":"post_tag","embeddable":true,"href":"https:\/\/www.uruloki.org\/felipeblog\/wp-json\/wp\/v2\/tags?post=20126"}],"curies":[{"name":"wp","href":"https:\/\/api.w.org\/{rel}","templated":true}]}}