{"id":20114,"date":"2020-08-23T01:31:42","date_gmt":"2020-08-22T23:31:42","guid":{"rendered":"https:\/\/www.uruloki.org\/felipeblog\/?p=20114"},"modified":"2020-08-23T01:31:42","modified_gmt":"2020-08-22T23:31:42","slug":"andy-muschietti-y-ezra-miller-nos-presentan-un-poco-de-concept-art-the-the-flash-y-aparece-el-batman-de-michael-keaton","status":"publish","type":"post","link":"https:\/\/www.uruloki.org\/felipeblog\/cine-de-comics\/andy-muschietti-y-ezra-miller-nos-presentan-un-poco-de-concept-art-the-the-flash-y-aparece-el-batman-de-michael-keaton","title":{"rendered":"Andy Muschietti y Ezra Miller nos presentan un poco de concept art the The Flash y&#8230; aparece el Batman de Michael Keaton&#8230;"},"content":{"rendered":"<p>Uno de los detalles m&aacute;s flipantes de lo visto en la DC Fandome. De los tres detalles de <em>concept art<\/em> de <strong>The Flash<\/strong> presentados hay uno en el que el <em>Batman<\/em> encarnado por <strong>Michael Keaton<\/strong> lucha codo a codo con <em>The Flash<\/em> versi&oacute;n <strong>Ezra Miller<\/strong>. Vamos por un camino maravilloso&#8230;<\/p>\n<p class=\"centrado\"><img decoding=\"async\" src=\"\/felipeblog\/imagenes2020\/20200822-the-flash-0.jpg\" alt=\"Concept art de The Flash\" width=\"100%\"><\/p>\n<p class=\"centrado\"><img decoding=\"async\" src=\"\/felipeblog\/imagenes2020\/20200822-the-flash-1.jpg\" alt=\"Concept art de The Flash\" width=\"100%\"><\/p>\n<p class=\"centrado\"><img decoding=\"async\" src=\"\/felipeblog\/imagenes2020\/20200822-the-flash-2.jpg\" alt=\"Concept art de The Flash\"><\/p>\n","protected":false},"excerpt":{"rendered":"<p>Uno de los detalles m&aacute;s flipantes de lo visto en la DC Fandome. De los tres detalles de concept art de The Flash presentados hay uno en el que el Batman encarnado por Michael Keaton lucha codo a codo con The Flash versi&oacute;n Ezra Miller. Vamos por un camino maravilloso&#8230;<\/p>\n","protected":false},"author":28,"featured_media":0,"comment_status":"open","ping_status":"open","sticky":false,"template":"","format":"standard","meta":{"footnotes":""},"categories":[10],"tags":[107],"class_list":["post-20114","post","type-post","status-publish","format-standard","hentry","category-cine-de-comics","tag-the-flash"],"yoast_head":"<!-- This site is optimized with the Yoast SEO plugin v24.3 - https:\/\/yoast.com\/wordpress\/plugins\/seo\/ -->\n<title>Un poco de concept art the The Flash junto al Batman de Michael Keaton<\/title>\n<meta name=\"description\" content=\"De los tres detalles de concept art de The Flash presentados hay uno en el que el Batman encarnado por Michael Keaton\" \/>\n<meta name=\"robots\" content=\"index, follow, max-snippet:-1, max-image-preview:large, max-video-preview:-1\" \/>\n<link rel=\"canonical\" href=\"https:\/\/www.uruloki.org\/felipeblog\/cine-de-comics\/andy-muschietti-y-ezra-miller-nos-presentan-un-poco-de-concept-art-the-the-flash-y-aparece-el-batman-de-michael-keaton\" \/>\n<meta property=\"og:locale\" content=\"es_ES\" \/>\n<meta property=\"og:type\" content=\"article\" \/>\n<meta property=\"og:title\" content=\"Un poco de concept art the The Flash junto al Batman de Michael Keaton\" \/>\n<meta property=\"og:description\" content=\"De los tres detalles de concept art de The Flash presentados hay uno en el que el Batman encarnado por Michael Keaton\" \/>\n<meta property=\"og:url\" content=\"https:\/\/www.uruloki.org\/felipeblog\/cine-de-comics\/andy-muschietti-y-ezra-miller-nos-presentan-un-poco-de-concept-art-the-the-flash-y-aparece-el-batman-de-michael-keaton\" \/>\n<meta property=\"og:site_name\" content=\"Uruloki :: Blog\" \/>\n<meta property=\"article:publisher\" content=\"https:\/\/www.facebook.com\/uruloki.org\" \/>\n<meta property=\"article:published_time\" content=\"2020-08-22T23:31:42+00:00\" \/>\n<meta property=\"og:image\" content=\"https:\/\/www.uruloki.org\/felipeblog\/wp-content\/uploads\/2020\/08\/20200822-the-flash-0.jpg\" \/>\n\t<meta property=\"og:image:width\" content=\"800\" \/>\n\t<meta property=\"og:image:height\" content=\"459\" \/>\n\t<meta property=\"og:image:type\" content=\"image\/jpeg\" \/>\n<meta name=\"author\" content=\"Uruloki\" \/>\n<meta name=\"twitter:card\" content=\"summary_large_image\" \/>\n<meta name=\"twitter:creator\" content=\"@uruloki\" \/>\n<meta name=\"twitter:site\" content=\"@uruloki\" \/>\n<meta name=\"twitter:label1\" content=\"Escrito por\" \/>\n\t<meta name=\"twitter:data1\" content=\"Uruloki\" \/>\n<script type=\"application\/ld+json\" class=\"yoast-schema-graph\">{\"@context\":\"https:\/\/schema.org\",\"@graph\":[{\"@type\":\"WebPage\",\"@id\":\"https:\/\/www.uruloki.org\/felipeblog\/cine-de-comics\/andy-muschietti-y-ezra-miller-nos-presentan-un-poco-de-concept-art-the-the-flash-y-aparece-el-batman-de-michael-keaton\",\"url\":\"https:\/\/www.uruloki.org\/felipeblog\/cine-de-comics\/andy-muschietti-y-ezra-miller-nos-presentan-un-poco-de-concept-art-the-the-flash-y-aparece-el-batman-de-michael-keaton\",\"name\":\"Un poco de concept art the The Flash junto al Batman de Michael Keaton\",\"isPartOf\":{\"@id\":\"https:\/\/www.uruloki.org\/felipeblog\/#website\"},\"datePublished\":\"2020-08-22T23:31:42+00:00\",\"dateModified\":\"2020-08-22T23:31:42+00:00\",\"author\":{\"@id\":\"https:\/\/www.uruloki.org\/felipeblog\/#\/schema\/person\/ddba06ddaa27edf0c370460d05c51bb3\"},\"description\":\"De los tres detalles de concept art de The Flash presentados hay uno en el que el Batman encarnado por Michael Keaton\",\"breadcrumb\":{\"@id\":\"https:\/\/www.uruloki.org\/felipeblog\/cine-de-comics\/andy-muschietti-y-ezra-miller-nos-presentan-un-poco-de-concept-art-the-the-flash-y-aparece-el-batman-de-michael-keaton#breadcrumb\"},\"inLanguage\":\"es\",\"potentialAction\":[{\"@type\":\"ReadAction\",\"target\":[\"https:\/\/www.uruloki.org\/felipeblog\/cine-de-comics\/andy-muschietti-y-ezra-miller-nos-presentan-un-poco-de-concept-art-the-the-flash-y-aparece-el-batman-de-michael-keaton\"]}]},{\"@type\":\"BreadcrumbList\",\"@id\":\"https:\/\/www.uruloki.org\/felipeblog\/cine-de-comics\/andy-muschietti-y-ezra-miller-nos-presentan-un-poco-de-concept-art-the-the-flash-y-aparece-el-batman-de-michael-keaton#breadcrumb\",\"itemListElement\":[{\"@type\":\"ListItem\",\"position\":1,\"name\":\"Portada\",\"item\":\"https:\/\/www.uruloki.org\/felipeblog\"},{\"@type\":\"ListItem\",\"position\":2,\"name\":\"Andy Muschietti y Ezra Miller nos presentan un poco de concept art the The Flash y&#8230; aparece el Batman de Michael Keaton&#8230;\"}]},{\"@type\":\"WebSite\",\"@id\":\"https:\/\/www.uruloki.org\/felipeblog\/#website\",\"url\":\"https:\/\/www.uruloki.org\/felipeblog\/\",\"name\":\"Uruloki :: Blog\",\"description\":\"Blog de cine, terror, ciencia ficci\u00f3n, fantas\u00eda y c\u00f3mics\",\"potentialAction\":[{\"@type\":\"SearchAction\",\"target\":{\"@type\":\"EntryPoint\",\"urlTemplate\":\"https:\/\/www.uruloki.org\/felipeblog\/?s={search_term_string}\"},\"query-input\":{\"@type\":\"PropertyValueSpecification\",\"valueRequired\":true,\"valueName\":\"search_term_string\"}}],\"inLanguage\":\"es\"},{\"@type\":\"Person\",\"@id\":\"https:\/\/www.uruloki.org\/felipeblog\/#\/schema\/person\/ddba06ddaa27edf0c370460d05c51bb3\",\"name\":\"Uruloki\",\"image\":{\"@type\":\"ImageObject\",\"inLanguage\":\"es\",\"@id\":\"https:\/\/www.uruloki.org\/felipeblog\/#\/schema\/person\/image\/\",\"url\":\"https:\/\/secure.gravatar.com\/avatar\/68d5301c5f52ba88fd63f02c75b8c4d1b3c3fc4b21e2998a1e98c4b3a54d9f7c?s=96&d=mm&r=g\",\"contentUrl\":\"https:\/\/secure.gravatar.com\/avatar\/68d5301c5f52ba88fd63f02c75b8c4d1b3c3fc4b21e2998a1e98c4b3a54d9f7c?s=96&d=mm&r=g\",\"caption\":\"Uruloki\"},\"sameAs\":[\"https:\/\/uruloki.org\"],\"url\":\"https:\/\/www.uruloki.org\/felipeblog\/author\/admin-2-2-2\"}]}<\/script>\n<!-- \/ Yoast SEO plugin. -->","yoast_head_json":{"title":"Un poco de concept art the The Flash junto al Batman de Michael Keaton","description":"De los tres detalles de concept art de The Flash presentados hay uno en el que el Batman encarnado por Michael Keaton","robots":{"index":"index","follow":"follow","max-snippet":"max-snippet:-1","max-image-preview":"max-image-preview:large","max-video-preview":"max-video-preview:-1"},"canonical":"https:\/\/www.uruloki.org\/felipeblog\/cine-de-comics\/andy-muschietti-y-ezra-miller-nos-presentan-un-poco-de-concept-art-the-the-flash-y-aparece-el-batman-de-michael-keaton","og_locale":"es_ES","og_type":"article","og_title":"Un poco de concept art the The Flash junto al Batman de Michael Keaton","og_description":"De los tres detalles de concept art de The Flash presentados hay uno en el que el Batman encarnado por Michael Keaton","og_url":"https:\/\/www.uruloki.org\/felipeblog\/cine-de-comics\/andy-muschietti-y-ezra-miller-nos-presentan-un-poco-de-concept-art-the-the-flash-y-aparece-el-batman-de-michael-keaton","og_site_name":"Uruloki :: Blog","article_publisher":"https:\/\/www.facebook.com\/uruloki.org","article_published_time":"2020-08-22T23:31:42+00:00","og_image":[{"width":800,"height":459,"url":"https:\/\/www.uruloki.org\/felipeblog\/wp-content\/uploads\/2020\/08\/20200822-the-flash-0.jpg","type":"image\/jpeg"}],"author":"Uruloki","twitter_card":"summary_large_image","twitter_creator":"@uruloki","twitter_site":"@uruloki","twitter_misc":{"Escrito por":"Uruloki"},"schema":{"@context":"https:\/\/schema.org","@graph":[{"@type":"WebPage","@id":"https:\/\/www.uruloki.org\/felipeblog\/cine-de-comics\/andy-muschietti-y-ezra-miller-nos-presentan-un-poco-de-concept-art-the-the-flash-y-aparece-el-batman-de-michael-keaton","url":"https:\/\/www.uruloki.org\/felipeblog\/cine-de-comics\/andy-muschietti-y-ezra-miller-nos-presentan-un-poco-de-concept-art-the-the-flash-y-aparece-el-batman-de-michael-keaton","name":"Un poco de concept art the The Flash junto al Batman de Michael Keaton","isPartOf":{"@id":"https:\/\/www.uruloki.org\/felipeblog\/#website"},"datePublished":"2020-08-22T23:31:42+00:00","dateModified":"2020-08-22T23:31:42+00:00","author":{"@id":"https:\/\/www.uruloki.org\/felipeblog\/#\/schema\/person\/ddba06ddaa27edf0c370460d05c51bb3"},"description":"De los tres detalles de concept art de The Flash presentados hay uno en el que el Batman encarnado por Michael Keaton","breadcrumb":{"@id":"https:\/\/www.uruloki.org\/felipeblog\/cine-de-comics\/andy-muschietti-y-ezra-miller-nos-presentan-un-poco-de-concept-art-the-the-flash-y-aparece-el-batman-de-michael-keaton#breadcrumb"},"inLanguage":"es","potentialAction":[{"@type":"ReadAction","target":["https:\/\/www.uruloki.org\/felipeblog\/cine-de-comics\/andy-muschietti-y-ezra-miller-nos-presentan-un-poco-de-concept-art-the-the-flash-y-aparece-el-batman-de-michael-keaton"]}]},{"@type":"BreadcrumbList","@id":"https:\/\/www.uruloki.org\/felipeblog\/cine-de-comics\/andy-muschietti-y-ezra-miller-nos-presentan-un-poco-de-concept-art-the-the-flash-y-aparece-el-batman-de-michael-keaton#breadcrumb","itemListElement":[{"@type":"ListItem","position":1,"name":"Portada","item":"https:\/\/www.uruloki.org\/felipeblog"},{"@type":"ListItem","position":2,"name":"Andy Muschietti y Ezra Miller nos presentan un poco de concept art the The Flash y&#8230; aparece el Batman de Michael Keaton&#8230;"}]},{"@type":"WebSite","@id":"https:\/\/www.uruloki.org\/felipeblog\/#website","url":"https:\/\/www.uruloki.org\/felipeblog\/","name":"Uruloki :: Blog","description":"Blog de cine, terror, ciencia ficci\u00f3n, fantas\u00eda y c\u00f3mics","potentialAction":[{"@type":"SearchAction","target":{"@type":"EntryPoint","urlTemplate":"https:\/\/www.uruloki.org\/felipeblog\/?s={search_term_string}"},"query-input":{"@type":"PropertyValueSpecification","valueRequired":true,"valueName":"search_term_string"}}],"inLanguage":"es"},{"@type":"Person","@id":"https:\/\/www.uruloki.org\/felipeblog\/#\/schema\/person\/ddba06ddaa27edf0c370460d05c51bb3","name":"Uruloki","image":{"@type":"ImageObject","inLanguage":"es","@id":"https:\/\/www.uruloki.org\/felipeblog\/#\/schema\/person\/image\/","url":"https:\/\/secure.gravatar.com\/avatar\/68d5301c5f52ba88fd63f02c75b8c4d1b3c3fc4b21e2998a1e98c4b3a54d9f7c?s=96&d=mm&r=g","contentUrl":"https:\/\/secure.gravatar.com\/avatar\/68d5301c5f52ba88fd63f02c75b8c4d1b3c3fc4b21e2998a1e98c4b3a54d9f7c?s=96&d=mm&r=g","caption":"Uruloki"},"sameAs":["https:\/\/uruloki.org"],"url":"https:\/\/www.uruloki.org\/felipeblog\/author\/admin-2-2-2"}]}},"_links":{"self":[{"href":"https:\/\/www.uruloki.org\/felipeblog\/wp-json\/wp\/v2\/posts\/20114","targetHints":{"allow":["GET"]}}],"collection":[{"href":"https:\/\/www.uruloki.org\/felipeblog\/wp-json\/wp\/v2\/posts"}],"about":[{"href":"https:\/\/www.uruloki.org\/felipeblog\/wp-json\/wp\/v2\/types\/post"}],"author":[{"embeddable":true,"href":"https:\/\/www.uruloki.org\/felipeblog\/wp-json\/wp\/v2\/users\/28"}],"replies":[{"embeddable":true,"href":"https:\/\/www.uruloki.org\/felipeblog\/wp-json\/wp\/v2\/comments?post=20114"}],"version-history":[{"count":1,"href":"https:\/\/www.uruloki.org\/felipeblog\/wp-json\/wp\/v2\/posts\/20114\/revisions"}],"predecessor-version":[{"id":20115,"href":"https:\/\/www.uruloki.org\/felipeblog\/wp-json\/wp\/v2\/posts\/20114\/revisions\/20115"}],"wp:attachment":[{"href":"https:\/\/www.uruloki.org\/felipeblog\/wp-json\/wp\/v2\/media?parent=20114"}],"wp:term":[{"taxonomy":"category","embeddable":true,"href":"https:\/\/www.uruloki.org\/felipeblog\/wp-json\/wp\/v2\/categories?post=20114"},{"taxonomy":"post_tag","embeddable":true,"href":"https:\/\/www.uruloki.org\/felipeblog\/wp-json\/wp\/v2\/tags?post=20114"}],"curies":[{"name":"wp","href":"https:\/\/api.w.org\/{rel}","templated":true}]}}