{"id":20055,"date":"2020-08-04T23:19:50","date_gmt":"2020-08-04T21:19:50","guid":{"rendered":"https:\/\/www.uruloki.org\/felipeblog\/?p=20055"},"modified":"2020-08-04T23:20:31","modified_gmt":"2020-08-04T21:20:31","slug":"el-trailer-final-de-the-boys-4-de-septiembre-estreno-salpica-mucho-y-el-de-ratched-con-sarah-paulson-apunta-a-joya-macabra-paranoica","status":"publish","type":"post","link":"https:\/\/www.uruloki.org\/felipeblog\/cine-de-comics\/el-trailer-final-de-the-boys-4-de-septiembre-estreno-salpica-mucho-y-el-de-ratched-con-sarah-paulson-apunta-a-joya-macabra-paranoica","title":{"rendered":"El trailer final de \u00abThe Boys\u00bb (4 de septiembre estreno) salpica mucho, y el de \u00abRatched\u00bb con Sarah Paulson apunta a joya macabra paranoica&#8230;"},"content":{"rendered":"<p>El pr&oacute;ximo 4 de septiembre <strong>Amazon Prime<\/strong> estrenar&aacute; la segunda temporada de <strong>&quot;The Boys&quot;<\/strong>. El punto de partida ser&aacute;n 3 episodios, para luego extenderse hasta su &eacute;pico cierre a principios de octubre, concretamente el d&iacute;a 9. Todo sigue igual, con <em>The Boys<\/em> huyendo de la ley y siendo perseguidos por los <em>Supers<\/em>. El enemigo a batir  <em>Vought<\/em>, la empresa que gestiona las acciones de los <em>Supers<\/em>. Regresan <em>Hughie<\/em> (<strong>Jack Quaid<\/strong>), <em>Mother&#8217;s Milk<\/em> (<strong>Laz Alonso<\/strong>), <em>El Franc&eacute;s<\/em> (<strong>Tomer Capon<\/strong>) y <em>La Hembra<\/em> (<strong>Karen Fukuhara<\/strong>) intentan adaptarse a una nueva normalidad sin poder encontrar a <em>Butcher<\/em> (<strong>Karl Urban<\/strong>). Mientras tanto, <em>Luz Estelar<\/em> (<strong>Erin Moriarty<\/strong>) debe encontrar su lugar en <em>Los Siete<\/em> y <em>Patriota<\/em> (<strong>Antony Starr<\/strong>) se fija como objetivo tomar el control total. Su poder se ve amenazado con la llegada de <em>Stormfront<\/em> (<strong>Aya Cash<\/strong>), una nueva <em>S&uacute;per<\/em> experta en redes sociales, que sin embargo tiene su propia misi&oacute;n. Ala, el trailer y unos carteles molones&#8230;<\/p>\n<div class=\"video\"><iframe loading=\"lazy\" width=\"100%\" height=\"360\" src=\"https:\/\/www.youtube.com\/embed\/MN8fFM1ZdWo\" allowfullscreen=\"true\"><\/iframe><\/div>\n<p class=\"centrado\"><img decoding=\"async\" src=\"\/felipeblog\/imagenes2020\/20200804-the-boys-butcher-1.jpg\" onmouseover=\"this.src='\/felipeblog\/imagenes2020\/20200804-the-boys-butcher-2.jpg';\" alt=\"Uno de los p&oacute;sters de la nueva temporada de &quot;The Boys&quot;... &iquest;d&oacute;nde est&aacute; el otro?\"><\/p>\n<p class=\"centrado\"><img decoding=\"async\" src=\"\/felipeblog\/imagenes2020\/20200804-the-boys-homelander-1.jpg\" onmouseover=\"this.src='\/felipeblog\/imagenes2020\/20200804-the-boys-homelander-2.jpg';\"alt=\"Uno de los p&oacute;sters de la nueva temporada de &quot;The Boys&quot;... &iquest;d&oacute;nde est&aacute; el otro?\"><br \/><em>Otro de los p&oacute;sters de la nueva temporada de &quot;The Boys&quot;<\/em><\/p>\n<p>Y como no todo en este mundo es <strong>&quot;The Boys&quot;<\/strong>, <strong>Netflix<\/strong> nos presenta <strong>&quot;Ratched&quot;<\/strong>, nueva serie producida <strong>Ryan Murphy<\/strong>, el recreado de entre otras<strong> &quot;American Horror Story&quot;<\/strong>, <strong>&quot;American Crime Story&quot;<\/strong> o <strong>&quot;Scream Queens&quot;<\/strong>. Resulta que <strong>&quot;Ratched&quot;<\/strong> es una precuela de la obra maestra <strong>Alguien vol&oacute; sobre el nido del cuco<\/strong> (<em>One Flew Over the Cuckoo&#8217;s Nest<\/em>) del gran <strong>Milos Forman<\/strong>&#8230; o m&aacute;s concretamente una precuela centrada en la enfermera <em>Mildred Ratched<\/em>, encarnada en su momento por <strong>Louise Fletcher<\/strong> y ahora con la cara de <strong>Sarah Paulson<\/strong>. Lo que veremos es la llegada   de la enfermera en 1947 al terrible hospital  psiqui&aacute;trico en el que m&aacute;s adelante estuvieron encerrados <em> McMurphy<\/em>, el &quot;Jefe&quot; <em>Bromden<\/em>, <em>Martini<\/em>, <em>Billy Bibbit<\/em> o <em>Max Taber<\/em> entre otros. Junto a la Paulson, que seguro llegar&aacute; para ir introduciendo sus &quot;m&eacute;todos&quot; en el hospital, estar&aacute;n <strong>Cynthia Nixon<\/strong>, <strong>Judy Davis<\/strong>, <strong>Sharon Stone<\/strong>, <strong>Finn Wittrock<\/strong>, <strong>Charlie Carver<\/strong>, <strong>Amanda Plummer<\/strong>, <strong>Corey Stoll<\/strong>, <strong>Sophie Okonedo<\/strong> o <strong>Vincent D&rsquo;Onofrio<\/strong>.<\/p>\n<div class=\"video\"><iframe loading=\"lazy\" width=\"100%\" height=\"360\" src=\"https:\/\/www.youtube.com\/embed\/ZVNKNj6FEOE\" allowfullscreen=\"true\"><\/iframe><\/div>\n<p class=\"centrado\"><img decoding=\"async\" src=\"\/felipeblog\/imagenes2020\/20200804-ratched.jpg\" alt=\"Sarah Paulson es Rartched... telita\"><br \/><em>Sarah Paulson es Rartched&#8230; telita<\/em><\/p>\n","protected":false},"excerpt":{"rendered":"<p>El pr&oacute;ximo 4 de septiembre Amazon Prime estrenar&aacute; la segunda temporada de &quot;The Boys&quot;. El punto de partida ser&aacute;n 3 episodios, para luego extenderse hasta su &eacute;pico cierre a principios de octubre, concretamente el d&iacute;a 9. Todo sigue igual, con The Boys huyendo de la ley y siendo perseguidos por los Supers. El enemigo a [&hellip;]<\/p>\n","protected":false},"author":28,"featured_media":0,"comment_status":"open","ping_status":"open","sticky":false,"template":"","format":"standard","meta":{"footnotes":""},"categories":[10,19],"tags":[4595,184],"class_list":["post-20055","post","type-post","status-publish","format-standard","hentry","category-cine-de-comics","category-cine-inclasificable","tag-ratched","tag-the-boys"],"yoast_head":"<!-- This site is optimized with the Yoast SEO plugin v24.3 - https:\/\/yoast.com\/wordpress\/plugins\/seo\/ -->\n<title>El trailer final de &quot;The Boys&quot; (4 de septiembre estreno) salpica mucho<\/title>\n<meta name=\"description\" content=\"El pr\u00f3ximo 4 de septiembre Amazon Prime estrenar\u00e1 la segunda temporada de &quot;The Boys&quot;. El trailer final no escatima y salpicar\u00e1.\" \/>\n<meta name=\"robots\" content=\"index, follow, max-snippet:-1, max-image-preview:large, max-video-preview:-1\" \/>\n<link rel=\"canonical\" href=\"https:\/\/www.uruloki.org\/felipeblog\/cine-de-comics\/el-trailer-final-de-the-boys-4-de-septiembre-estreno-salpica-mucho-y-el-de-ratched-con-sarah-paulson-apunta-a-joya-macabra-paranoica\" \/>\n<meta property=\"og:locale\" content=\"es_ES\" \/>\n<meta property=\"og:type\" content=\"article\" \/>\n<meta property=\"og:title\" content=\"El trailer final de &quot;The Boys&quot; (4 de septiembre estreno) salpica mucho\" \/>\n<meta property=\"og:description\" content=\"El pr\u00f3ximo 4 de septiembre Amazon Prime estrenar\u00e1 la segunda temporada de &quot;The Boys&quot;. El trailer final no escatima y salpicar\u00e1.\" \/>\n<meta property=\"og:url\" content=\"https:\/\/www.uruloki.org\/felipeblog\/cine-de-comics\/el-trailer-final-de-the-boys-4-de-septiembre-estreno-salpica-mucho-y-el-de-ratched-con-sarah-paulson-apunta-a-joya-macabra-paranoica\" \/>\n<meta property=\"og:site_name\" content=\"Uruloki :: Blog\" \/>\n<meta property=\"article:publisher\" content=\"https:\/\/www.facebook.com\/uruloki.org\" \/>\n<meta property=\"article:published_time\" content=\"2020-08-04T21:19:50+00:00\" \/>\n<meta property=\"article:modified_time\" content=\"2020-08-04T21:20:31+00:00\" \/>\n<meta property=\"og:image\" content=\"https:\/\/www.uruloki.org\/felipeblog\/wp-content\/uploads\/2020\/08\/theboys.jpg\" \/>\n\t<meta property=\"og:image:width\" content=\"625\" \/>\n\t<meta property=\"og:image:height\" content=\"397\" \/>\n\t<meta property=\"og:image:type\" content=\"image\/jpeg\" \/>\n<meta name=\"author\" content=\"Uruloki\" \/>\n<meta name=\"twitter:card\" content=\"summary_large_image\" \/>\n<meta name=\"twitter:creator\" content=\"@uruloki\" \/>\n<meta name=\"twitter:site\" content=\"@uruloki\" \/>\n<meta name=\"twitter:label1\" content=\"Escrito por\" \/>\n\t<meta name=\"twitter:data1\" content=\"Uruloki\" \/>\n\t<meta name=\"twitter:label2\" content=\"Tiempo de lectura\" \/>\n\t<meta name=\"twitter:data2\" content=\"2 minutos\" \/>\n<script type=\"application\/ld+json\" class=\"yoast-schema-graph\">{\"@context\":\"https:\/\/schema.org\",\"@graph\":[{\"@type\":\"WebPage\",\"@id\":\"https:\/\/www.uruloki.org\/felipeblog\/cine-de-comics\/el-trailer-final-de-the-boys-4-de-septiembre-estreno-salpica-mucho-y-el-de-ratched-con-sarah-paulson-apunta-a-joya-macabra-paranoica\",\"url\":\"https:\/\/www.uruloki.org\/felipeblog\/cine-de-comics\/el-trailer-final-de-the-boys-4-de-septiembre-estreno-salpica-mucho-y-el-de-ratched-con-sarah-paulson-apunta-a-joya-macabra-paranoica\",\"name\":\"El trailer final de \\\"The Boys\\\" (4 de septiembre estreno) salpica mucho\",\"isPartOf\":{\"@id\":\"https:\/\/www.uruloki.org\/felipeblog\/#website\"},\"datePublished\":\"2020-08-04T21:19:50+00:00\",\"dateModified\":\"2020-08-04T21:20:31+00:00\",\"author\":{\"@id\":\"https:\/\/www.uruloki.org\/felipeblog\/#\/schema\/person\/ddba06ddaa27edf0c370460d05c51bb3\"},\"description\":\"El pr\u00f3ximo 4 de septiembre Amazon Prime estrenar\u00e1 la segunda temporada de \\\"The Boys\\\". El trailer final no escatima y salpicar\u00e1.\",\"breadcrumb\":{\"@id\":\"https:\/\/www.uruloki.org\/felipeblog\/cine-de-comics\/el-trailer-final-de-the-boys-4-de-septiembre-estreno-salpica-mucho-y-el-de-ratched-con-sarah-paulson-apunta-a-joya-macabra-paranoica#breadcrumb\"},\"inLanguage\":\"es\",\"potentialAction\":[{\"@type\":\"ReadAction\",\"target\":[\"https:\/\/www.uruloki.org\/felipeblog\/cine-de-comics\/el-trailer-final-de-the-boys-4-de-septiembre-estreno-salpica-mucho-y-el-de-ratched-con-sarah-paulson-apunta-a-joya-macabra-paranoica\"]}]},{\"@type\":\"BreadcrumbList\",\"@id\":\"https:\/\/www.uruloki.org\/felipeblog\/cine-de-comics\/el-trailer-final-de-the-boys-4-de-septiembre-estreno-salpica-mucho-y-el-de-ratched-con-sarah-paulson-apunta-a-joya-macabra-paranoica#breadcrumb\",\"itemListElement\":[{\"@type\":\"ListItem\",\"position\":1,\"name\":\"Portada\",\"item\":\"https:\/\/www.uruloki.org\/felipeblog\"},{\"@type\":\"ListItem\",\"position\":2,\"name\":\"El trailer final de \u00abThe Boys\u00bb (4 de septiembre estreno) salpica mucho, y el de \u00abRatched\u00bb con Sarah Paulson apunta a joya macabra paranoica&#8230;\"}]},{\"@type\":\"WebSite\",\"@id\":\"https:\/\/www.uruloki.org\/felipeblog\/#website\",\"url\":\"https:\/\/www.uruloki.org\/felipeblog\/\",\"name\":\"Uruloki :: Blog\",\"description\":\"Blog de cine, terror, ciencia ficci\u00f3n, fantas\u00eda y c\u00f3mics\",\"potentialAction\":[{\"@type\":\"SearchAction\",\"target\":{\"@type\":\"EntryPoint\",\"urlTemplate\":\"https:\/\/www.uruloki.org\/felipeblog\/?s={search_term_string}\"},\"query-input\":{\"@type\":\"PropertyValueSpecification\",\"valueRequired\":true,\"valueName\":\"search_term_string\"}}],\"inLanguage\":\"es\"},{\"@type\":\"Person\",\"@id\":\"https:\/\/www.uruloki.org\/felipeblog\/#\/schema\/person\/ddba06ddaa27edf0c370460d05c51bb3\",\"name\":\"Uruloki\",\"image\":{\"@type\":\"ImageObject\",\"inLanguage\":\"es\",\"@id\":\"https:\/\/www.uruloki.org\/felipeblog\/#\/schema\/person\/image\/\",\"url\":\"https:\/\/secure.gravatar.com\/avatar\/68d5301c5f52ba88fd63f02c75b8c4d1b3c3fc4b21e2998a1e98c4b3a54d9f7c?s=96&d=mm&r=g\",\"contentUrl\":\"https:\/\/secure.gravatar.com\/avatar\/68d5301c5f52ba88fd63f02c75b8c4d1b3c3fc4b21e2998a1e98c4b3a54d9f7c?s=96&d=mm&r=g\",\"caption\":\"Uruloki\"},\"sameAs\":[\"https:\/\/uruloki.org\"],\"url\":\"https:\/\/www.uruloki.org\/felipeblog\/author\/admin-2-2-2\"}]}<\/script>\n<!-- \/ Yoast SEO plugin. -->","yoast_head_json":{"title":"El trailer final de \"The Boys\" (4 de septiembre estreno) salpica mucho","description":"El pr\u00f3ximo 4 de septiembre Amazon Prime estrenar\u00e1 la segunda temporada de \"The Boys\". El trailer final no escatima y salpicar\u00e1.","robots":{"index":"index","follow":"follow","max-snippet":"max-snippet:-1","max-image-preview":"max-image-preview:large","max-video-preview":"max-video-preview:-1"},"canonical":"https:\/\/www.uruloki.org\/felipeblog\/cine-de-comics\/el-trailer-final-de-the-boys-4-de-septiembre-estreno-salpica-mucho-y-el-de-ratched-con-sarah-paulson-apunta-a-joya-macabra-paranoica","og_locale":"es_ES","og_type":"article","og_title":"El trailer final de \"The Boys\" (4 de septiembre estreno) salpica mucho","og_description":"El pr\u00f3ximo 4 de septiembre Amazon Prime estrenar\u00e1 la segunda temporada de \"The Boys\". El trailer final no escatima y salpicar\u00e1.","og_url":"https:\/\/www.uruloki.org\/felipeblog\/cine-de-comics\/el-trailer-final-de-the-boys-4-de-septiembre-estreno-salpica-mucho-y-el-de-ratched-con-sarah-paulson-apunta-a-joya-macabra-paranoica","og_site_name":"Uruloki :: Blog","article_publisher":"https:\/\/www.facebook.com\/uruloki.org","article_published_time":"2020-08-04T21:19:50+00:00","article_modified_time":"2020-08-04T21:20:31+00:00","og_image":[{"width":625,"height":397,"url":"https:\/\/www.uruloki.org\/felipeblog\/wp-content\/uploads\/2020\/08\/theboys.jpg","type":"image\/jpeg"}],"author":"Uruloki","twitter_card":"summary_large_image","twitter_creator":"@uruloki","twitter_site":"@uruloki","twitter_misc":{"Escrito por":"Uruloki","Tiempo de lectura":"2 minutos"},"schema":{"@context":"https:\/\/schema.org","@graph":[{"@type":"WebPage","@id":"https:\/\/www.uruloki.org\/felipeblog\/cine-de-comics\/el-trailer-final-de-the-boys-4-de-septiembre-estreno-salpica-mucho-y-el-de-ratched-con-sarah-paulson-apunta-a-joya-macabra-paranoica","url":"https:\/\/www.uruloki.org\/felipeblog\/cine-de-comics\/el-trailer-final-de-the-boys-4-de-septiembre-estreno-salpica-mucho-y-el-de-ratched-con-sarah-paulson-apunta-a-joya-macabra-paranoica","name":"El trailer final de \"The Boys\" (4 de septiembre estreno) salpica mucho","isPartOf":{"@id":"https:\/\/www.uruloki.org\/felipeblog\/#website"},"datePublished":"2020-08-04T21:19:50+00:00","dateModified":"2020-08-04T21:20:31+00:00","author":{"@id":"https:\/\/www.uruloki.org\/felipeblog\/#\/schema\/person\/ddba06ddaa27edf0c370460d05c51bb3"},"description":"El pr\u00f3ximo 4 de septiembre Amazon Prime estrenar\u00e1 la segunda temporada de \"The Boys\". El trailer final no escatima y salpicar\u00e1.","breadcrumb":{"@id":"https:\/\/www.uruloki.org\/felipeblog\/cine-de-comics\/el-trailer-final-de-the-boys-4-de-septiembre-estreno-salpica-mucho-y-el-de-ratched-con-sarah-paulson-apunta-a-joya-macabra-paranoica#breadcrumb"},"inLanguage":"es","potentialAction":[{"@type":"ReadAction","target":["https:\/\/www.uruloki.org\/felipeblog\/cine-de-comics\/el-trailer-final-de-the-boys-4-de-septiembre-estreno-salpica-mucho-y-el-de-ratched-con-sarah-paulson-apunta-a-joya-macabra-paranoica"]}]},{"@type":"BreadcrumbList","@id":"https:\/\/www.uruloki.org\/felipeblog\/cine-de-comics\/el-trailer-final-de-the-boys-4-de-septiembre-estreno-salpica-mucho-y-el-de-ratched-con-sarah-paulson-apunta-a-joya-macabra-paranoica#breadcrumb","itemListElement":[{"@type":"ListItem","position":1,"name":"Portada","item":"https:\/\/www.uruloki.org\/felipeblog"},{"@type":"ListItem","position":2,"name":"El trailer final de \u00abThe Boys\u00bb (4 de septiembre estreno) salpica mucho, y el de \u00abRatched\u00bb con Sarah Paulson apunta a joya macabra paranoica&#8230;"}]},{"@type":"WebSite","@id":"https:\/\/www.uruloki.org\/felipeblog\/#website","url":"https:\/\/www.uruloki.org\/felipeblog\/","name":"Uruloki :: Blog","description":"Blog de cine, terror, ciencia ficci\u00f3n, fantas\u00eda y c\u00f3mics","potentialAction":[{"@type":"SearchAction","target":{"@type":"EntryPoint","urlTemplate":"https:\/\/www.uruloki.org\/felipeblog\/?s={search_term_string}"},"query-input":{"@type":"PropertyValueSpecification","valueRequired":true,"valueName":"search_term_string"}}],"inLanguage":"es"},{"@type":"Person","@id":"https:\/\/www.uruloki.org\/felipeblog\/#\/schema\/person\/ddba06ddaa27edf0c370460d05c51bb3","name":"Uruloki","image":{"@type":"ImageObject","inLanguage":"es","@id":"https:\/\/www.uruloki.org\/felipeblog\/#\/schema\/person\/image\/","url":"https:\/\/secure.gravatar.com\/avatar\/68d5301c5f52ba88fd63f02c75b8c4d1b3c3fc4b21e2998a1e98c4b3a54d9f7c?s=96&d=mm&r=g","contentUrl":"https:\/\/secure.gravatar.com\/avatar\/68d5301c5f52ba88fd63f02c75b8c4d1b3c3fc4b21e2998a1e98c4b3a54d9f7c?s=96&d=mm&r=g","caption":"Uruloki"},"sameAs":["https:\/\/uruloki.org"],"url":"https:\/\/www.uruloki.org\/felipeblog\/author\/admin-2-2-2"}]}},"_links":{"self":[{"href":"https:\/\/www.uruloki.org\/felipeblog\/wp-json\/wp\/v2\/posts\/20055","targetHints":{"allow":["GET"]}}],"collection":[{"href":"https:\/\/www.uruloki.org\/felipeblog\/wp-json\/wp\/v2\/posts"}],"about":[{"href":"https:\/\/www.uruloki.org\/felipeblog\/wp-json\/wp\/v2\/types\/post"}],"author":[{"embeddable":true,"href":"https:\/\/www.uruloki.org\/felipeblog\/wp-json\/wp\/v2\/users\/28"}],"replies":[{"embeddable":true,"href":"https:\/\/www.uruloki.org\/felipeblog\/wp-json\/wp\/v2\/comments?post=20055"}],"version-history":[{"count":2,"href":"https:\/\/www.uruloki.org\/felipeblog\/wp-json\/wp\/v2\/posts\/20055\/revisions"}],"predecessor-version":[{"id":20058,"href":"https:\/\/www.uruloki.org\/felipeblog\/wp-json\/wp\/v2\/posts\/20055\/revisions\/20058"}],"wp:attachment":[{"href":"https:\/\/www.uruloki.org\/felipeblog\/wp-json\/wp\/v2\/media?parent=20055"}],"wp:term":[{"taxonomy":"category","embeddable":true,"href":"https:\/\/www.uruloki.org\/felipeblog\/wp-json\/wp\/v2\/categories?post=20055"},{"taxonomy":"post_tag","embeddable":true,"href":"https:\/\/www.uruloki.org\/felipeblog\/wp-json\/wp\/v2\/tags?post=20055"}],"curies":[{"name":"wp","href":"https:\/\/api.w.org\/{rel}","templated":true}]}}