{"id":19884,"date":"2020-05-28T18:29:06","date_gmt":"2020-05-28T16:29:06","guid":{"rendered":"https:\/\/www.uruloki.org\/felipeblog\/?p=19884"},"modified":"2020-05-28T18:31:56","modified_gmt":"2020-05-28T16:31:56","slug":"todos-gritan-que-henry-cavill-volvera-a-vestir-el-traje-de-superman-para-warner-bros-en-lo-que-queda-del-dceu-zack-snyder-decide-introducir-la-presencia-de-ese-deseado-personaje-de-su-liga-de-la-jus","status":"publish","type":"post","link":"https:\/\/www.uruloki.org\/felipeblog\/cine-de-comics\/todos-gritan-que-henry-cavill-volvera-a-vestir-el-traje-de-superman-para-warner-bros-en-lo-que-queda-del-dceu-zack-snyder-decide-introducir-la-presencia-de-ese-deseado-personaje-de-su-liga-de-la-jus","title":{"rendered":"Todos gritan que Henry Cavill volver\u00e1 a vestir el traje de Superman para Warner Bros. en lo que queda del DCEU, Zack Snyder decide introducir la presencia de ese deseado personaje de su Liga de la Justicia, Amazon Studios se hace con el terror Run Sweetheart Run de Blumhouse, y Doug Liman y Tom Cruise al espacio juntos&#8230;"},"content":{"rendered":"<p>La verdad, este 2020 est&aacute; siendo de todo menos normal. Esta madrugada por arte de birlibirloque Deadline ha anunciado lo impensable&#8230; <a href=\"https:\/\/deadline.com\/2020\/05\/man-of-steel-henry-cavill-superman-warner-bros-1202945025\/\" target=\"_blank\" rel=\"noopener noreferrer\">parece ser que <strong>Henry Cavill<\/strong> volver&aacute; a vestir el traje que mejor le queda, el de <em>Superman<\/em><\/a>. Est&aacute;is leyendo bien, no es broma, el portal cuenta que <strong>Cavill<\/strong> se ha sentado con <strong>Warner Bros.<\/strong> para volver a encarnar al <em>Clark Kent<\/em> tras <strong>El Hombre de Acero<\/strong> (<em>Man of Steel<\/em>), <strong>Batman v Superman: El Amanecer de la Justicia<\/strong> (<em>Batman v Superman: Dawn of Justice<\/em>) y <strong>Liga de la Justicia<\/strong> (<em>Justice League<\/em>). Ojo, no est&aacute; prevista aparici&oacute;n en un film en solitario, <a href=\"https:\/\/www.uruloki.org\/felipeblog\/cine\/manana-tendremos-trailer-completo-hoy-teaser-cartel-tomb-raider-alicia-vikander-primera-singular-imagen-david-tennant-michael-sheen-la-adaptacion-buenos-presagios-matthew\">la secuela de <strong>El Hombre de Acero <\/strong>est&aacute; muerta<\/a>, por lo que se dice que las posibilidades de reaparici&oacute;n son contadas y en formato complemento, cameo o personaje secundario&#8230; &iquest;<strong>Shazam 2<\/strong>? &iquest;<strong>Black Adam<\/strong>? &iquest;<strong>Aquaman 2<\/strong>? Ah&iacute; queda eso, un equivalente en el <em>DCEU<\/em> al decidido para <em>Hulk<\/em> o <em>Nick Fury<\/em> en el <em>MCU<\/em>. Dios dir&aacute;, pero ser&iacute;a&#8230; y perd&oacute;n, LA HOSTIA. Igual esta foto de hace ya cuatro a&ntilde;os se cumple.<\/p>\n<div class=\"twittercentrado\">\n<blockquote class=\"instagram-media\" data-instgrm-permalink=\"https:\/\/www.instagram.com\/p\/BOc6cm-jYpV\/?utm_source=ig_embed&amp;utm_campaign=loading\" data-instgrm-version=\"12\" style=\" background:#FFF; border:0; border-radius:3px; box-shadow:0 0 1px 0 rgba(0,0,0,0.5),0 1px 10px 0 rgba(0,0,0,0.15); margin: 1px; max-width:540px; min-width:326px; padding:0; width:99.375%; width:-webkit-calc(100% - 2px); width:calc(100% - 2px);\">\n<div style=\"padding:16px;\"> <a href=\"https:\/\/www.instagram.com\/p\/BOc6cm-jYpV\/?utm_source=ig_embed&amp;utm_campaign=loading\" style=\" background:#FFFFFF; line-height:0; padding:0 0; text-align:center; text-decoration:none; width:100%;\" target=\"_blank\" rel=\"noopener noreferrer\"> <\/p>\n<div style=\" display: flex; flex-direction: row; align-items: center;\">\n<div style=\"background-color: #F4F4F4; border-radius: 50%; flex-grow: 0; height: 40px; margin-right: 14px; width: 40px;\"><\/div>\n<div style=\"display: flex; flex-direction: column; flex-grow: 1; justify-content: center;\">\n<div style=\" background-color: #F4F4F4; border-radius: 4px; flex-grow: 0; height: 14px; margin-bottom: 6px; width: 100px;\"><\/div>\n<div style=\" background-color: #F4F4F4; border-radius: 4px; flex-grow: 0; height: 14px; width: 60px;\"><\/div>\n<\/div>\n<\/div>\n<div style=\"padding: 19% 0;\"><\/div>\n<div style=\"display:block; height:50px; margin:0 auto 12px; width:50px;\"><svg width=\"50px\" height=\"50px\" viewBox=\"0 0 60 60\" version=\"1.1\" xmlns=\"https:\/\/www.w3.org\/2000\/svg\" xmlns:xlink=\"https:\/\/www.w3.org\/1999\/xlink\"><g stroke=\"none\" stroke-width=\"1\" fill=\"none\" fill-rule=\"evenodd\"><g transform=\"translate(-511.000000, -20.000000)\" fill=\"#000000\"><g><path d=\"M556.869,30.41 C554.814,30.41 553.148,32.076 553.148,34.131 C553.148,36.186 554.814,37.852 556.869,37.852 C558.924,37.852 560.59,36.186 560.59,34.131 C560.59,32.076 558.924,30.41 556.869,30.41 M541,60.657 C535.114,60.657 530.342,55.887 530.342,50 C530.342,44.114 535.114,39.342 541,39.342 C546.887,39.342 551.658,44.114 551.658,50 C551.658,55.887 546.887,60.657 541,60.657 M541,33.886 C532.1,33.886 524.886,41.1 524.886,50 C524.886,58.899 532.1,66.113 541,66.113 C549.9,66.113 557.115,58.899 557.115,50 C557.115,41.1 549.9,33.886 541,33.886 M565.378,62.101 C565.244,65.022 564.756,66.606 564.346,67.663 C563.803,69.06 563.154,70.057 562.106,71.106 C561.058,72.155 560.06,72.803 558.662,73.347 C557.607,73.757 556.021,74.244 553.102,74.378 C549.944,74.521 548.997,74.552 541,74.552 C533.003,74.552 532.056,74.521 528.898,74.378 C525.979,74.244 524.393,73.757 523.338,73.347 C521.94,72.803 520.942,72.155 519.894,71.106 C518.846,70.057 518.197,69.06 517.654,67.663 C517.244,66.606 516.755,65.022 516.623,62.101 C516.479,58.943 516.448,57.996 516.448,50 C516.448,42.003 516.479,41.056 516.623,37.899 C516.755,34.978 517.244,33.391 517.654,32.338 C518.197,30.938 518.846,29.942 519.894,28.894 C520.942,27.846 521.94,27.196 523.338,26.654 C524.393,26.244 525.979,25.756 528.898,25.623 C532.057,25.479 533.004,25.448 541,25.448 C548.997,25.448 549.943,25.479 553.102,25.623 C556.021,25.756 557.607,26.244 558.662,26.654 C560.06,27.196 561.058,27.846 562.106,28.894 C563.154,29.942 563.803,30.938 564.346,32.338 C564.756,33.391 565.244,34.978 565.378,37.899 C565.522,41.056 565.552,42.003 565.552,50 C565.552,57.996 565.522,58.943 565.378,62.101 M570.82,37.631 C570.674,34.438 570.167,32.258 569.425,30.349 C568.659,28.377 567.633,26.702 565.965,25.035 C564.297,23.368 562.623,22.342 560.652,21.575 C558.743,20.834 556.562,20.326 553.369,20.18 C550.169,20.033 549.148,20 541,20 C532.853,20 531.831,20.033 528.631,20.18 C525.438,20.326 523.257,20.834 521.349,21.575 C519.376,22.342 517.703,23.368 516.035,25.035 C514.368,26.702 513.342,28.377 512.574,30.349 C511.834,32.258 511.326,34.438 511.181,37.631 C511.035,40.831 511,41.851 511,50 C511,58.147 511.035,59.17 511.181,62.369 C511.326,65.562 511.834,67.743 512.574,69.651 C513.342,71.625 514.368,73.296 516.035,74.965 C517.703,76.634 519.376,77.658 521.349,78.425 C523.257,79.167 525.438,79.673 528.631,79.82 C531.831,79.965 532.853,80.001 541,80.001 C549.148,80.001 550.169,79.965 553.369,79.82 C556.562,79.673 558.743,79.167 560.652,78.425 C562.623,77.658 564.297,76.634 565.965,74.965 C567.633,73.296 568.659,71.625 569.425,69.651 C570.167,67.743 570.674,65.562 570.82,62.369 C570.966,59.17 571,58.147 571,50 C571,41.851 570.966,40.831 570.82,37.631\"><\/path><\/g><\/g><\/g><\/svg><\/div>\n<div style=\"padding-top: 8px;\">\n<div style=\" color:#3897f0; font-family:Arial,sans-serif; font-size:14px; font-style:normal; font-weight:550; line-height:18px;\"> Ver esta publicaci\u00f3n en Instagram<\/div>\n<\/div>\n<div style=\"padding: 12.5% 0;\"><\/div>\n<div style=\"display: flex; flex-direction: row; margin-bottom: 14px; align-items: center;\">\n<div>\n<div style=\"background-color: #F4F4F4; border-radius: 50%; height: 12.5px; width: 12.5px; transform: translateX(0px) translateY(7px);\"><\/div>\n<div style=\"background-color: #F4F4F4; height: 12.5px; transform: rotate(-45deg) translateX(3px) translateY(1px); width: 12.5px; flex-grow: 0; margin-right: 14px; margin-left: 2px;\"><\/div>\n<div style=\"background-color: #F4F4F4; border-radius: 50%; height: 12.5px; width: 12.5px; transform: translateX(9px) translateY(-18px);\"><\/div>\n<\/div>\n<div style=\"margin-left: 8px;\">\n<div style=\" background-color: #F4F4F4; border-radius: 50%; flex-grow: 0; height: 20px; width: 20px;\"><\/div>\n<div style=\" width: 0; height: 0; border-top: 2px solid transparent; border-left: 6px solid #f4f4f4; border-bottom: 2px solid transparent; transform: translateX(16px) translateY(-4px) rotate(30deg)\"><\/div>\n<\/div>\n<div style=\"margin-left: auto;\">\n<div style=\" width: 0px; border-top: 8px solid #F4F4F4; border-right: 8px solid transparent; transform: translateY(16px);\"><\/div>\n<div style=\" background-color: #F4F4F4; flex-grow: 0; height: 12px; width: 16px; transform: translateY(-4px);\"><\/div>\n<div style=\" width: 0; height: 0; border-top: 8px solid #F4F4F4; border-left: 8px solid transparent; transform: translateY(-4px) translateX(8px);\"><\/div>\n<\/div>\n<\/div>\n<div style=\"display: flex; flex-direction: column; flex-grow: 1; justify-content: center; margin-bottom: 24px;\">\n<div style=\" background-color: #F4F4F4; border-radius: 4px; flex-grow: 0; height: 14px; margin-bottom: 6px; width: 224px;\"><\/div>\n<div style=\" background-color: #F4F4F4; border-radius: 4px; flex-grow: 0; height: 14px; width: 144px;\"><\/div>\n<\/div>\n<p><\/a><\/p>\n<p style=\" color:#c9c8cd; font-family:Arial,sans-serif; font-size:14px; line-height:17px; margin-bottom:0; margin-top:8px; overflow:hidden; padding:8px 0 7px; text-align:center; text-overflow:ellipsis; white-space:nowrap;\"><a href=\"https:\/\/www.instagram.com\/p\/BOc6cm-jYpV\/?utm_source=ig_embed&amp;utm_campaign=loading\" style=\" color:#c9c8cd; font-family:Arial,sans-serif; font-size:14px; font-style:normal; font-weight:normal; line-height:17px; text-decoration:none;\" target=\"_blank\" rel=\"noopener noreferrer\">Una publicaci\u00f3n compartida de therock (@therock)<\/a> el <time style=\" font-family:Arial,sans-serif; font-size:14px; line-height:17px;\" datetime=\"2016-12-25T19:25:13+00:00\">25 Dic, 2016 a las 11:25 PST<\/time><\/p>\n<\/div>\n<\/blockquote>\n<p> <script async src=\"\/\/www.instagram.com\/embed.js\"><\/script><\/div>\n<p>Y como no cuenta para lo de arriba, <strong>Zack Snyder<\/strong> ha decidido animar las redes presentando al villano que veremos en <strong>Zack Snyder&#8217;s Justice League<\/strong>, el que viene a ser <em>Uxas \/ Darkseid<\/em>. Es una imagen que ya hab&iacute;amos visto en blanco y negro hace un tiempo, ahora <strong>Snyder<\/strong> nos la muestra en color (aunque baja calidad). Poco a poco debe estar pensando, que infartan&#8230;<\/p>\n<div class=\"twittercentrado\">\n<blockquote class=\"twitter-tweet\">\n<p lang=\"en\" dir=\"ltr\">He&#39;s coming&#8230; to HBO Max <a href=\"https:\/\/t.co\/tthWwAqzWp\" target=\"_blank\" rel=\"noopener noreferrer\">pic.twitter.com\/tthWwAqzWp<\/a><\/p>\n<p>&mdash; Zack Snyder (@ZackSnyder) <a href=\"https:\/\/twitter.com\/ZackSnyder\/status\/1265631646159564800?ref_src=twsrc%5Etfw\" target=\"_blank\" rel=\"noopener noreferrer\">May 27, 2020<\/a><\/p><\/blockquote>\n<p> <script async src=\"https:\/\/platform.twitter.com\/widgets.js\" charset=\"utf-8\"><\/script><\/div>\n<p>Pues si no os llega con esto, m&aacute;s madera. <a href=\"https:\/\/bloody-disgusting.com\/movie\/3611565\/run-sweetheart-run-chased-may-release\/\" target=\"_blank\" rel=\"noopener noreferrer\"><strong>Amazon Studios<\/strong> ha llegado a un acuerdo con <strong>Blumhouse<\/strong> para estrenar una de sus propuestas m&aacute;s molonas<\/a> de la compa&ntilde;&iacute;a especializada en terror y que fue presentada en el pasado Festival de Sundance. Para el que no lo sepa <strong>Run Sweetheart Run<\/strong> es un thriller de terror independiente escrito y dirigido por <strong>Shana Feste<\/strong> (<em>El mejor<\/em>) y protagonizado por <strong>Ella Balinska<\/strong> (<em>Los &aacute;ngeles de Charlie<\/em>) y <strong>Pilou Asb&aelig;k<\/strong> (<em>Overlord<\/em> o <em>&quot;Juego de Tronos&quot;<\/em>). El film cuenta como la t&iacute;mida y trabajadora madre soltera <em>Shari<\/em> (<strong>Balinska<\/strong>) decide dar un paso adelante y probar de nuevo suerte. Incitada por sus compa&ntilde;eros de trabajo acepta que su jefe le organice una cita a ciegas con <em>Ethan<\/em> (<strong>Asb&aelig;k<\/strong>), hombre encantador y con magnetismo. Pero la cita dar&aacute; un giro inesperado y <em>Ethan<\/em> dejar&aacute;, pronto, de ocultar su verdadera naturaleza&#8230; y contra la que <em>Shari<\/em> deber&aacute; sobrevivir. La noche de la cita las calles de Los Angeles ser&aacute;n la v&iacute;a de escape y supervivencia de la joven, al tiempo que sirven para dejar claro que <em>Ethan<\/em> es mucho m&aacute;s violento de lo que nunca imagin&oacute;. Todav&iacute;a <a href=\"https:\/\/www.youtube.com\/watch?v=2T2n0-dl434\" target=\"_blank\" rel=\"noopener noreferrer\">no hay trailer oficial, s&oacute;lo pirateado<\/a>, pero alguna foto si que se puede ver. Ojo, curioso&#8230; <strong>Run Sweetheart Run<\/strong> y <strong>Sweetheart<\/strong>, ambas de <strong>Blumhouse<\/strong> y la vez protagonizadas por una actriz de color, <strong>Balinska<\/strong> y <strong>Kiersey Clemmons<\/strong> respectivamente, que se encuentra con una situaci&oacute;n a vida o muerte y con un fondo sobrenatural o de <em>monster movie<\/em>.<\/p>\n<p class=\"centrado\"><img decoding=\"async\" src=\"\/felipeblog\/imagenes2020\/20200527-run-sweetheart-run-1.jpg\" alt=\"Run Sweetheart Run, de esas de Blumhouse que acaban molando, como la simp\u00e1tica Sweetheart\"><br \/><em>Run Sweetheart Run, de esas de Blumhouse que acaban molando, como <a href=\"https:\/\/www.uruloki.org\/felipeblog\/cine-de-terror\/sorpresas-que-te-llevas-sweetheart-de-blumhouse-y-trailer-y-cartel-de-documental-scream-queen-my-nightmare-on-elm-street\">la simp&aacute;tica Sweetheart<\/a><\/em><\/p>\n<p>Luego tenemos a <a href=\"https:\/\/deadline.com\/2020\/05\/doug-liman-tom-cruise-outer-space-movie-elon-musk-nasa-1202943591\/\" target=\"_blank\" rel=\"noopener noreferrer\"><strong>Doug Liman<\/strong> haciendo migas otra vez con <strong>Tom Cruise<\/strong><\/a>, su colaboraci&oacute;n m&aacute;s reciente fue la fant&aacute;stica <strong>Al filo del ma&ntilde;ana<\/strong> (<em>Edge of Tomorrow<\/em>). Pues resulta que se cuenta que director y actor rodar&aacute;n un nuevo film con la ayuda de las compa&ntilde;&iacute;as <strong>Space X<\/strong> de <strong>Elon Musk<\/strong> y la <strong>NASA<\/strong> en&#8230; el espacio exterior. No se sabe nada m&aacute;s, madre m&iacute;a lo que puede ser esto. <strong>Cruise<\/strong> es el no va m&aacute;s.<\/p>\n","protected":false},"excerpt":{"rendered":"<p>La verdad, este 2020 est&aacute; siendo de todo menos normal. Esta madrugada por arte de birlibirloque Deadline ha anunciado lo impensable&#8230; parece ser que Henry Cavill volver&aacute; a vestir el traje que mejor le queda, el de Superman. Est&aacute;is leyendo bien, no es broma, el portal cuenta que Cavill se ha sentado con Warner Bros. [&hellip;]<\/p>\n","protected":false},"author":28,"featured_media":0,"comment_status":"open","ping_status":"open","sticky":false,"template":"","format":"standard","meta":{"footnotes":""},"categories":[10],"tags":[2248,4534],"class_list":["post-19884","post","type-post","status-publish","format-standard","hentry","category-cine-de-comics","tag-justice-league","tag-run-sweetheart-run"],"yoast_head":"<!-- This site is optimized with the Yoast SEO plugin v24.3 - https:\/\/yoast.com\/wordpress\/plugins\/seo\/ -->\n<title>Todos gritan que Henry Cavill volver\u00e1 a vestir el traje de Superman<\/title>\n<meta name=\"description\" content=\"Deadline ha anunciado lo impensable... parece ser que Henry Cavill volver\u00e1 a vestir el traje que mejor le queda, el de Superman.\" \/>\n<meta name=\"robots\" content=\"index, follow, max-snippet:-1, max-image-preview:large, max-video-preview:-1\" \/>\n<link rel=\"canonical\" href=\"https:\/\/www.uruloki.org\/felipeblog\/cine-de-comics\/todos-gritan-que-henry-cavill-volvera-a-vestir-el-traje-de-superman-para-warner-bros-en-lo-que-queda-del-dceu-zack-snyder-decide-introducir-la-presencia-de-ese-deseado-personaje-de-su-liga-de-la-jus\" \/>\n<meta property=\"og:locale\" content=\"es_ES\" \/>\n<meta property=\"og:type\" content=\"article\" \/>\n<meta property=\"og:title\" content=\"Todos gritan que Henry Cavill volver\u00e1 a vestir el traje de Superman\" \/>\n<meta property=\"og:description\" content=\"Deadline ha anunciado lo impensable... parece ser que Henry Cavill volver\u00e1 a vestir el traje que mejor le queda, el de Superman.\" \/>\n<meta property=\"og:url\" content=\"https:\/\/www.uruloki.org\/felipeblog\/cine-de-comics\/todos-gritan-que-henry-cavill-volvera-a-vestir-el-traje-de-superman-para-warner-bros-en-lo-que-queda-del-dceu-zack-snyder-decide-introducir-la-presencia-de-ese-deseado-personaje-de-su-liga-de-la-jus\" \/>\n<meta property=\"og:site_name\" content=\"Uruloki :: Blog\" \/>\n<meta property=\"article:publisher\" content=\"https:\/\/www.facebook.com\/uruloki.org\" \/>\n<meta property=\"article:published_time\" content=\"2020-05-28T16:29:06+00:00\" \/>\n<meta property=\"article:modified_time\" content=\"2020-05-28T16:31:56+00:00\" \/>\n<meta property=\"og:image\" content=\"https:\/\/www.uruloki.org\/felipeblog\/wp-content\/uploads\/2020\/05\/superman.jpg\" \/>\n\t<meta property=\"og:image:width\" content=\"900\" \/>\n\t<meta property=\"og:image:height\" content=\"600\" \/>\n\t<meta property=\"og:image:type\" content=\"image\/jpeg\" \/>\n<meta name=\"author\" content=\"Uruloki\" \/>\n<meta name=\"twitter:card\" content=\"summary_large_image\" \/>\n<meta name=\"twitter:creator\" content=\"@uruloki\" \/>\n<meta name=\"twitter:site\" content=\"@uruloki\" \/>\n<meta name=\"twitter:label1\" content=\"Escrito por\" \/>\n\t<meta name=\"twitter:data1\" content=\"Uruloki\" \/>\n\t<meta name=\"twitter:label2\" content=\"Tiempo de lectura\" \/>\n\t<meta name=\"twitter:data2\" content=\"3 minutos\" \/>\n<script type=\"application\/ld+json\" class=\"yoast-schema-graph\">{\"@context\":\"https:\/\/schema.org\",\"@graph\":[{\"@type\":\"WebPage\",\"@id\":\"https:\/\/www.uruloki.org\/felipeblog\/cine-de-comics\/todos-gritan-que-henry-cavill-volvera-a-vestir-el-traje-de-superman-para-warner-bros-en-lo-que-queda-del-dceu-zack-snyder-decide-introducir-la-presencia-de-ese-deseado-personaje-de-su-liga-de-la-jus\",\"url\":\"https:\/\/www.uruloki.org\/felipeblog\/cine-de-comics\/todos-gritan-que-henry-cavill-volvera-a-vestir-el-traje-de-superman-para-warner-bros-en-lo-que-queda-del-dceu-zack-snyder-decide-introducir-la-presencia-de-ese-deseado-personaje-de-su-liga-de-la-jus\",\"name\":\"Todos gritan que Henry Cavill volver\u00e1 a vestir el traje de Superman\",\"isPartOf\":{\"@id\":\"https:\/\/www.uruloki.org\/felipeblog\/#website\"},\"datePublished\":\"2020-05-28T16:29:06+00:00\",\"dateModified\":\"2020-05-28T16:31:56+00:00\",\"author\":{\"@id\":\"https:\/\/www.uruloki.org\/felipeblog\/#\/schema\/person\/ddba06ddaa27edf0c370460d05c51bb3\"},\"description\":\"Deadline ha anunciado lo impensable... parece ser que Henry Cavill volver\u00e1 a vestir el traje que mejor le queda, el de Superman.\",\"breadcrumb\":{\"@id\":\"https:\/\/www.uruloki.org\/felipeblog\/cine-de-comics\/todos-gritan-que-henry-cavill-volvera-a-vestir-el-traje-de-superman-para-warner-bros-en-lo-que-queda-del-dceu-zack-snyder-decide-introducir-la-presencia-de-ese-deseado-personaje-de-su-liga-de-la-jus#breadcrumb\"},\"inLanguage\":\"es\",\"potentialAction\":[{\"@type\":\"ReadAction\",\"target\":[\"https:\/\/www.uruloki.org\/felipeblog\/cine-de-comics\/todos-gritan-que-henry-cavill-volvera-a-vestir-el-traje-de-superman-para-warner-bros-en-lo-que-queda-del-dceu-zack-snyder-decide-introducir-la-presencia-de-ese-deseado-personaje-de-su-liga-de-la-jus\"]}]},{\"@type\":\"BreadcrumbList\",\"@id\":\"https:\/\/www.uruloki.org\/felipeblog\/cine-de-comics\/todos-gritan-que-henry-cavill-volvera-a-vestir-el-traje-de-superman-para-warner-bros-en-lo-que-queda-del-dceu-zack-snyder-decide-introducir-la-presencia-de-ese-deseado-personaje-de-su-liga-de-la-jus#breadcrumb\",\"itemListElement\":[{\"@type\":\"ListItem\",\"position\":1,\"name\":\"Portada\",\"item\":\"https:\/\/www.uruloki.org\/felipeblog\"},{\"@type\":\"ListItem\",\"position\":2,\"name\":\"Todos gritan que Henry Cavill volver\u00e1 a vestir el traje de Superman para Warner Bros. en lo que queda del DCEU, Zack Snyder decide introducir la presencia de ese deseado personaje de su Liga de la Justicia, Amazon Studios se hace con el terror Run Sweetheart Run de Blumhouse, y Doug Liman y Tom Cruise al espacio juntos&#8230;\"}]},{\"@type\":\"WebSite\",\"@id\":\"https:\/\/www.uruloki.org\/felipeblog\/#website\",\"url\":\"https:\/\/www.uruloki.org\/felipeblog\/\",\"name\":\"Uruloki :: Blog\",\"description\":\"Blog de cine, terror, ciencia ficci\u00f3n, fantas\u00eda y c\u00f3mics\",\"potentialAction\":[{\"@type\":\"SearchAction\",\"target\":{\"@type\":\"EntryPoint\",\"urlTemplate\":\"https:\/\/www.uruloki.org\/felipeblog\/?s={search_term_string}\"},\"query-input\":{\"@type\":\"PropertyValueSpecification\",\"valueRequired\":true,\"valueName\":\"search_term_string\"}}],\"inLanguage\":\"es\"},{\"@type\":\"Person\",\"@id\":\"https:\/\/www.uruloki.org\/felipeblog\/#\/schema\/person\/ddba06ddaa27edf0c370460d05c51bb3\",\"name\":\"Uruloki\",\"image\":{\"@type\":\"ImageObject\",\"inLanguage\":\"es\",\"@id\":\"https:\/\/www.uruloki.org\/felipeblog\/#\/schema\/person\/image\/\",\"url\":\"https:\/\/secure.gravatar.com\/avatar\/68d5301c5f52ba88fd63f02c75b8c4d1b3c3fc4b21e2998a1e98c4b3a54d9f7c?s=96&d=mm&r=g\",\"contentUrl\":\"https:\/\/secure.gravatar.com\/avatar\/68d5301c5f52ba88fd63f02c75b8c4d1b3c3fc4b21e2998a1e98c4b3a54d9f7c?s=96&d=mm&r=g\",\"caption\":\"Uruloki\"},\"sameAs\":[\"https:\/\/uruloki.org\"],\"url\":\"https:\/\/www.uruloki.org\/felipeblog\/author\/admin-2-2-2\"}]}<\/script>\n<!-- \/ Yoast SEO plugin. -->","yoast_head_json":{"title":"Todos gritan que Henry Cavill volver\u00e1 a vestir el traje de Superman","description":"Deadline ha anunciado lo impensable... parece ser que Henry Cavill volver\u00e1 a vestir el traje que mejor le queda, el de Superman.","robots":{"index":"index","follow":"follow","max-snippet":"max-snippet:-1","max-image-preview":"max-image-preview:large","max-video-preview":"max-video-preview:-1"},"canonical":"https:\/\/www.uruloki.org\/felipeblog\/cine-de-comics\/todos-gritan-que-henry-cavill-volvera-a-vestir-el-traje-de-superman-para-warner-bros-en-lo-que-queda-del-dceu-zack-snyder-decide-introducir-la-presencia-de-ese-deseado-personaje-de-su-liga-de-la-jus","og_locale":"es_ES","og_type":"article","og_title":"Todos gritan que Henry Cavill volver\u00e1 a vestir el traje de Superman","og_description":"Deadline ha anunciado lo impensable... parece ser que Henry Cavill volver\u00e1 a vestir el traje que mejor le queda, el de Superman.","og_url":"https:\/\/www.uruloki.org\/felipeblog\/cine-de-comics\/todos-gritan-que-henry-cavill-volvera-a-vestir-el-traje-de-superman-para-warner-bros-en-lo-que-queda-del-dceu-zack-snyder-decide-introducir-la-presencia-de-ese-deseado-personaje-de-su-liga-de-la-jus","og_site_name":"Uruloki :: Blog","article_publisher":"https:\/\/www.facebook.com\/uruloki.org","article_published_time":"2020-05-28T16:29:06+00:00","article_modified_time":"2020-05-28T16:31:56+00:00","og_image":[{"width":900,"height":600,"url":"https:\/\/www.uruloki.org\/felipeblog\/wp-content\/uploads\/2020\/05\/superman.jpg","type":"image\/jpeg"}],"author":"Uruloki","twitter_card":"summary_large_image","twitter_creator":"@uruloki","twitter_site":"@uruloki","twitter_misc":{"Escrito por":"Uruloki","Tiempo de lectura":"3 minutos"},"schema":{"@context":"https:\/\/schema.org","@graph":[{"@type":"WebPage","@id":"https:\/\/www.uruloki.org\/felipeblog\/cine-de-comics\/todos-gritan-que-henry-cavill-volvera-a-vestir-el-traje-de-superman-para-warner-bros-en-lo-que-queda-del-dceu-zack-snyder-decide-introducir-la-presencia-de-ese-deseado-personaje-de-su-liga-de-la-jus","url":"https:\/\/www.uruloki.org\/felipeblog\/cine-de-comics\/todos-gritan-que-henry-cavill-volvera-a-vestir-el-traje-de-superman-para-warner-bros-en-lo-que-queda-del-dceu-zack-snyder-decide-introducir-la-presencia-de-ese-deseado-personaje-de-su-liga-de-la-jus","name":"Todos gritan que Henry Cavill volver\u00e1 a vestir el traje de Superman","isPartOf":{"@id":"https:\/\/www.uruloki.org\/felipeblog\/#website"},"datePublished":"2020-05-28T16:29:06+00:00","dateModified":"2020-05-28T16:31:56+00:00","author":{"@id":"https:\/\/www.uruloki.org\/felipeblog\/#\/schema\/person\/ddba06ddaa27edf0c370460d05c51bb3"},"description":"Deadline ha anunciado lo impensable... parece ser que Henry Cavill volver\u00e1 a vestir el traje que mejor le queda, el de Superman.","breadcrumb":{"@id":"https:\/\/www.uruloki.org\/felipeblog\/cine-de-comics\/todos-gritan-que-henry-cavill-volvera-a-vestir-el-traje-de-superman-para-warner-bros-en-lo-que-queda-del-dceu-zack-snyder-decide-introducir-la-presencia-de-ese-deseado-personaje-de-su-liga-de-la-jus#breadcrumb"},"inLanguage":"es","potentialAction":[{"@type":"ReadAction","target":["https:\/\/www.uruloki.org\/felipeblog\/cine-de-comics\/todos-gritan-que-henry-cavill-volvera-a-vestir-el-traje-de-superman-para-warner-bros-en-lo-que-queda-del-dceu-zack-snyder-decide-introducir-la-presencia-de-ese-deseado-personaje-de-su-liga-de-la-jus"]}]},{"@type":"BreadcrumbList","@id":"https:\/\/www.uruloki.org\/felipeblog\/cine-de-comics\/todos-gritan-que-henry-cavill-volvera-a-vestir-el-traje-de-superman-para-warner-bros-en-lo-que-queda-del-dceu-zack-snyder-decide-introducir-la-presencia-de-ese-deseado-personaje-de-su-liga-de-la-jus#breadcrumb","itemListElement":[{"@type":"ListItem","position":1,"name":"Portada","item":"https:\/\/www.uruloki.org\/felipeblog"},{"@type":"ListItem","position":2,"name":"Todos gritan que Henry Cavill volver\u00e1 a vestir el traje de Superman para Warner Bros. en lo que queda del DCEU, Zack Snyder decide introducir la presencia de ese deseado personaje de su Liga de la Justicia, Amazon Studios se hace con el terror Run Sweetheart Run de Blumhouse, y Doug Liman y Tom Cruise al espacio juntos&#8230;"}]},{"@type":"WebSite","@id":"https:\/\/www.uruloki.org\/felipeblog\/#website","url":"https:\/\/www.uruloki.org\/felipeblog\/","name":"Uruloki :: Blog","description":"Blog de cine, terror, ciencia ficci\u00f3n, fantas\u00eda y c\u00f3mics","potentialAction":[{"@type":"SearchAction","target":{"@type":"EntryPoint","urlTemplate":"https:\/\/www.uruloki.org\/felipeblog\/?s={search_term_string}"},"query-input":{"@type":"PropertyValueSpecification","valueRequired":true,"valueName":"search_term_string"}}],"inLanguage":"es"},{"@type":"Person","@id":"https:\/\/www.uruloki.org\/felipeblog\/#\/schema\/person\/ddba06ddaa27edf0c370460d05c51bb3","name":"Uruloki","image":{"@type":"ImageObject","inLanguage":"es","@id":"https:\/\/www.uruloki.org\/felipeblog\/#\/schema\/person\/image\/","url":"https:\/\/secure.gravatar.com\/avatar\/68d5301c5f52ba88fd63f02c75b8c4d1b3c3fc4b21e2998a1e98c4b3a54d9f7c?s=96&d=mm&r=g","contentUrl":"https:\/\/secure.gravatar.com\/avatar\/68d5301c5f52ba88fd63f02c75b8c4d1b3c3fc4b21e2998a1e98c4b3a54d9f7c?s=96&d=mm&r=g","caption":"Uruloki"},"sameAs":["https:\/\/uruloki.org"],"url":"https:\/\/www.uruloki.org\/felipeblog\/author\/admin-2-2-2"}]}},"_links":{"self":[{"href":"https:\/\/www.uruloki.org\/felipeblog\/wp-json\/wp\/v2\/posts\/19884","targetHints":{"allow":["GET"]}}],"collection":[{"href":"https:\/\/www.uruloki.org\/felipeblog\/wp-json\/wp\/v2\/posts"}],"about":[{"href":"https:\/\/www.uruloki.org\/felipeblog\/wp-json\/wp\/v2\/types\/post"}],"author":[{"embeddable":true,"href":"https:\/\/www.uruloki.org\/felipeblog\/wp-json\/wp\/v2\/users\/28"}],"replies":[{"embeddable":true,"href":"https:\/\/www.uruloki.org\/felipeblog\/wp-json\/wp\/v2\/comments?post=19884"}],"version-history":[{"count":2,"href":"https:\/\/www.uruloki.org\/felipeblog\/wp-json\/wp\/v2\/posts\/19884\/revisions"}],"predecessor-version":[{"id":19887,"href":"https:\/\/www.uruloki.org\/felipeblog\/wp-json\/wp\/v2\/posts\/19884\/revisions\/19887"}],"wp:attachment":[{"href":"https:\/\/www.uruloki.org\/felipeblog\/wp-json\/wp\/v2\/media?parent=19884"}],"wp:term":[{"taxonomy":"category","embeddable":true,"href":"https:\/\/www.uruloki.org\/felipeblog\/wp-json\/wp\/v2\/categories?post=19884"},{"taxonomy":"post_tag","embeddable":true,"href":"https:\/\/www.uruloki.org\/felipeblog\/wp-json\/wp\/v2\/tags?post=19884"}],"curies":[{"name":"wp","href":"https:\/\/api.w.org\/{rel}","templated":true}]}}